{"id":56232,"date":"2021-11-14T10:07:08","date_gmt":"2021-11-14T13:07:08","guid":{"rendered":"https:\/\/regiaonews.net.br\/2022\/?p=56232"},"modified":"2021-11-14T10:07:08","modified_gmt":"2021-11-14T13:07:08","slug":"bottas-largara-da-pole-no-gp-de-sao-paulo-verstappen-amplia-lideran","status":"publish","type":"post","link":"https:\/\/regiaonews.net.br\/2022\/2021\/11\/14\/bottas-largara-da-pole-no-gp-de-sao-paulo-verstappen-amplia-lideran\/","title":{"rendered":"Bottas largar\u00e1 da pole no GP de S\u00e3o Paulo; Verstappen amplia lideran"},"content":{"rendered":"<p><a href=\"https:\/\/regiaonews.net.br\/2022\/wp-content\/uploads\/2021\/11\/valtteri_bottas_mercedes_gp_de_sp.jpg\"><img loading=\"lazy\" decoding=\"async\" class=\"alignnone size-medium wp-image-56233\" src=\"https:\/\/regiaonews.net.br\/2022\/wp-content\/uploads\/2021\/11\/valtteri_bottas_mercedes_gp_de_sp-300x179.jpg\" alt=\"\" width=\"300\" height=\"179\" \/><\/a><\/p>\n<p>Amanda Perobelli &#8211; Reuters<\/p>\n<div class=\"col-lg-12 mb-3\">\n<div class=\"row\">\n<p class=\"col-10 offset-1 animated fadeInDown dealy-750 display-6 display-md-4 display-lg-5 font-weight-bold alt-font text-center my-1\"><span style=\"font-size: 16px;\">Valtteri Bottas, da Mercedes, venceu a corrida classificat\u00f3ria neste s\u00e1bado (13) e vai largar da pole position no Grande Pr\u00eamio de S\u00e3o Paulo, enquanto Max Verstappen, da Red Bull, ampliou sua lideran\u00e7a no campeonato para 21 pontos.<\/span><img decoding=\"async\" style=\"font-size: 16px;\" src=\"https:\/\/agenciabrasil.ebc.com.br\/ebc.png?id=1427545&amp;o=node\" \/><img decoding=\"async\" style=\"font-size: 16px;\" src=\"https:\/\/agenciabrasil.ebc.com.br\/ebc.gif?id=1427545&amp;o=node\" \/><\/p>\n<\/div>\n<\/div>\n<div class=\"col-xl-7 offset-xl-1 col-lg-8 offset-lg-0 col-md-10 offset-md-1 mb-3\">\n<div class=\"post-item alt-font\">\n<div class=\"post-item-wrap\">\n<p>O heptacampe\u00e3o mundial Lewis Hamilton largou em \u00faltimo lugar depois de seu carro ter falhado em uma inspe\u00e7\u00e3o t\u00e9cnica na sexta-feira, e terminou em quinto, mas vai largar em d\u00e9cimo no domingo (14) depois de uma penalidade de cinco posi\u00e7\u00f5es por trocar o motor.<\/p>\n<p>&#8220;Ainda n\u00e3o acabou&#8221;, disse Hamilton \u00e0 equipe Mercedes no r\u00e1dio do carro depois de uma corrida agressiva em que ganhou 15 posi\u00e7\u00f5es em 24 voltas.\u00a0&#8220;Eu realmente n\u00e3o tinha ideia do que era poss\u00edvel. N\u00e3o determinei um limite ou um m\u00e1ximo&#8221;, disse Hamilton. &#8220;N\u00e3o d\u00e1 pra desistir, \u00e9 preciso continuar.&#8221;<\/p>\n<p>Bottas somou tr\u00eas pontos por vencer a corrida classificat\u00f3ria, ampliando a lideran\u00e7a da Mercedes sobre a Red Bull na classifica\u00e7\u00e3o de construtores para dois pontos.<\/p>\n<p>Verstappen, que saiu na frente, perdeu para Bottas na largada e teve que se conformar com o segundo lugar e dois pontos.<\/p>\n<p>&#8220;A largada foi decisiva para mim&#8221;, disse Bottas. &#8220;N\u00f3s apostamos um pouco com o pneu macio, sab\u00edamos que seria um benef\u00edcio na largada e funcionou.&#8221;<\/p>\n<p>Carlos Sainz ficou em terceiro com a Ferrari e levou o \u00faltimo ponto em disputa.<\/p>\n<p>A corrida de domingo ser\u00e1 tr\u00eas vezes mais longa e Hamilton, com um motor mais novo do que aqueles \u00e0 sua frente, buscar\u00e1 o p\u00f3dio.<\/p>\n<p>&#8220;Brilhante. Redu\u00e7\u00e3o dos danos&#8221;, disse o chefe da Mercedes, Toto Wolff.<\/p>\n<\/div>\n<\/div>\n<\/div>\n","protected":false},"excerpt":{"rendered":"<p>Amanda Perobelli &#8211; Reuters Valtteri Bottas, da Mercedes, venceu a<\/p>\n","protected":false},"author":2,"featured_media":56233,"comment_status":"open","ping_status":"open","sticky":false,"template":"","format":"standard","meta":{"footnotes":""},"categories":[21,29],"tags":[],"class_list":["post-56232","post","type-post","status-publish","format-standard","has-post-thumbnail","hentry","category-esporte","category-sao-paulo"],"yoast_head":"<!-- This site is optimized with the Yoast SEO plugin v27.4 - https:\/\/yoast.com\/product\/yoast-seo-wordpress\/ -->\n<title>Bottas largar\u00e1 da pole no GP de S\u00e3o Paulo; Verstappen amplia lideran - Regi\u00e3o News<\/title>\n<meta name=\"robots\" content=\"index, follow, max-snippet:-1, max-image-preview:large, max-video-preview:-1\" \/>\n<link rel=\"canonical\" href=\"https:\/\/regiaonews.net.br\/2022\/2021\/11\/14\/bottas-largara-da-pole-no-gp-de-sao-paulo-verstappen-amplia-lideran\/\" \/>\n<meta property=\"og:locale\" content=\"pt_BR\" \/>\n<meta property=\"og:type\" content=\"article\" \/>\n<meta property=\"og:title\" content=\"Bottas largar\u00e1 da pole no GP de S\u00e3o Paulo; Verstappen amplia lideran - Regi\u00e3o News\" \/>\n<meta property=\"og:description\" content=\"Amanda Perobelli &#8211; Reuters Valtteri Bottas, da Mercedes, venceu a\" \/>\n<meta property=\"og:url\" content=\"https:\/\/regiaonews.net.br\/2022\/2021\/11\/14\/bottas-largara-da-pole-no-gp-de-sao-paulo-verstappen-amplia-lideran\/\" \/>\n<meta property=\"og:site_name\" content=\"Regi\u00e3o News\" \/>\n<meta property=\"article:published_time\" content=\"2021-11-14T13:07:08+00:00\" \/>\n<meta property=\"og:image\" content=\"https:\/\/regiaonews.net.br\/2022\/wp-content\/uploads\/2021\/11\/valtteri_bottas_mercedes_gp_de_sp.jpg\" \/>\n\t<meta property=\"og:image:width\" content=\"1170\" \/>\n\t<meta property=\"og:image:height\" content=\"700\" \/>\n\t<meta property=\"og:image:type\" content=\"image\/jpeg\" \/>\n<meta name=\"author\" content=\"Roberto\" \/>\n<meta name=\"twitter:card\" content=\"summary_large_image\" \/>\n<meta name=\"twitter:label1\" content=\"Escrito por\" \/>\n\t<meta name=\"twitter:data1\" content=\"Roberto\" \/>\n\t<meta name=\"twitter:label2\" content=\"Est. tempo de leitura\" \/>\n\t<meta name=\"twitter:data2\" content=\"1 minuto\" \/>\n<script type=\"application\/ld+json\" class=\"yoast-schema-graph\">{\"@context\":\"https:\\\/\\\/schema.org\",\"@graph\":[{\"@type\":\"Article\",\"@id\":\"https:\\\/\\\/regiaonews.net.br\\\/2022\\\/2021\\\/11\\\/14\\\/bottas-largara-da-pole-no-gp-de-sao-paulo-verstappen-amplia-lideran\\\/#article\",\"isPartOf\":{\"@id\":\"https:\\\/\\\/regiaonews.net.br\\\/2022\\\/2021\\\/11\\\/14\\\/bottas-largara-da-pole-no-gp-de-sao-paulo-verstappen-amplia-lideran\\\/\"},\"author\":{\"name\":\"Roberto\",\"@id\":\"https:\\\/\\\/regiaonews.net.br\\\/2022\\\/#\\\/schema\\\/person\\\/2d205a608a5aa97ac279d7a5e6d89ad8\"},\"headline\":\"Bottas largar\u00e1 da pole no GP de S\u00e3o Paulo; Verstappen amplia lideran\",\"datePublished\":\"2021-11-14T13:07:08+00:00\",\"mainEntityOfPage\":{\"@id\":\"https:\\\/\\\/regiaonews.net.br\\\/2022\\\/2021\\\/11\\\/14\\\/bottas-largara-da-pole-no-gp-de-sao-paulo-verstappen-amplia-lideran\\\/\"},\"wordCount\":291,\"commentCount\":0,\"publisher\":{\"@id\":\"https:\\\/\\\/regiaonews.net.br\\\/2022\\\/#organization\"},\"image\":{\"@id\":\"https:\\\/\\\/regiaonews.net.br\\\/2022\\\/2021\\\/11\\\/14\\\/bottas-largara-da-pole-no-gp-de-sao-paulo-verstappen-amplia-lideran\\\/#primaryimage\"},\"thumbnailUrl\":\"https:\\\/\\\/regiaonews.net.br\\\/2022\\\/wp-content\\\/uploads\\\/2021\\\/11\\\/valtteri_bottas_mercedes_gp_de_sp.jpg\",\"articleSection\":[\"Esporte\",\"S\u00e3o Paulo\"],\"inLanguage\":\"pt-BR\",\"potentialAction\":[{\"@type\":\"CommentAction\",\"name\":\"Comment\",\"target\":[\"https:\\\/\\\/regiaonews.net.br\\\/2022\\\/2021\\\/11\\\/14\\\/bottas-largara-da-pole-no-gp-de-sao-paulo-verstappen-amplia-lideran\\\/#respond\"]}]},{\"@type\":\"WebPage\",\"@id\":\"https:\\\/\\\/regiaonews.net.br\\\/2022\\\/2021\\\/11\\\/14\\\/bottas-largara-da-pole-no-gp-de-sao-paulo-verstappen-amplia-lideran\\\/\",\"url\":\"https:\\\/\\\/regiaonews.net.br\\\/2022\\\/2021\\\/11\\\/14\\\/bottas-largara-da-pole-no-gp-de-sao-paulo-verstappen-amplia-lideran\\\/\",\"name\":\"Bottas largar\u00e1 da pole no GP de S\u00e3o Paulo; Verstappen amplia lideran - Regi\u00e3o News\",\"isPartOf\":{\"@id\":\"https:\\\/\\\/regiaonews.net.br\\\/2022\\\/#website\"},\"primaryImageOfPage\":{\"@id\":\"https:\\\/\\\/regiaonews.net.br\\\/2022\\\/2021\\\/11\\\/14\\\/bottas-largara-da-pole-no-gp-de-sao-paulo-verstappen-amplia-lideran\\\/#primaryimage\"},\"image\":{\"@id\":\"https:\\\/\\\/regiaonews.net.br\\\/2022\\\/2021\\\/11\\\/14\\\/bottas-largara-da-pole-no-gp-de-sao-paulo-verstappen-amplia-lideran\\\/#primaryimage\"},\"thumbnailUrl\":\"https:\\\/\\\/regiaonews.net.br\\\/2022\\\/wp-content\\\/uploads\\\/2021\\\/11\\\/valtteri_bottas_mercedes_gp_de_sp.jpg\",\"datePublished\":\"2021-11-14T13:07:08+00:00\",\"breadcrumb\":{\"@id\":\"https:\\\/\\\/regiaonews.net.br\\\/2022\\\/2021\\\/11\\\/14\\\/bottas-largara-da-pole-no-gp-de-sao-paulo-verstappen-amplia-lideran\\\/#breadcrumb\"},\"inLanguage\":\"pt-BR\",\"potentialAction\":[{\"@type\":\"ReadAction\",\"target\":[\"https:\\\/\\\/regiaonews.net.br\\\/2022\\\/2021\\\/11\\\/14\\\/bottas-largara-da-pole-no-gp-de-sao-paulo-verstappen-amplia-lideran\\\/\"]}]},{\"@type\":\"ImageObject\",\"inLanguage\":\"pt-BR\",\"@id\":\"https:\\\/\\\/regiaonews.net.br\\\/2022\\\/2021\\\/11\\\/14\\\/bottas-largara-da-pole-no-gp-de-sao-paulo-verstappen-amplia-lideran\\\/#primaryimage\",\"url\":\"https:\\\/\\\/regiaonews.net.br\\\/2022\\\/wp-content\\\/uploads\\\/2021\\\/11\\\/valtteri_bottas_mercedes_gp_de_sp.jpg\",\"contentUrl\":\"https:\\\/\\\/regiaonews.net.br\\\/2022\\\/wp-content\\\/uploads\\\/2021\\\/11\\\/valtteri_bottas_mercedes_gp_de_sp.jpg\",\"width\":1170,\"height\":700},{\"@type\":\"BreadcrumbList\",\"@id\":\"https:\\\/\\\/regiaonews.net.br\\\/2022\\\/2021\\\/11\\\/14\\\/bottas-largara-da-pole-no-gp-de-sao-paulo-verstappen-amplia-lideran\\\/#breadcrumb\",\"itemListElement\":[{\"@type\":\"ListItem\",\"position\":1,\"name\":\"In\u00edcio\",\"item\":\"https:\\\/\\\/regiaonews.net.br\\\/2022\\\/\"},{\"@type\":\"ListItem\",\"position\":2,\"name\":\"Bottas largar\u00e1 da pole no GP de S\u00e3o Paulo; Verstappen amplia lideran\"}]},{\"@type\":\"WebSite\",\"@id\":\"https:\\\/\\\/regiaonews.net.br\\\/2022\\\/#website\",\"url\":\"https:\\\/\\\/regiaonews.net.br\\\/2022\\\/\",\"name\":\"Regi\u00e3o News\",\"description\":\"Site de Not\u00edcias de Barretos e regi\u00e3o\",\"publisher\":{\"@id\":\"https:\\\/\\\/regiaonews.net.br\\\/2022\\\/#organization\"},\"potentialAction\":[{\"@type\":\"SearchAction\",\"target\":{\"@type\":\"EntryPoint\",\"urlTemplate\":\"https:\\\/\\\/regiaonews.net.br\\\/2022\\\/?s={search_term_string}\"},\"query-input\":{\"@type\":\"PropertyValueSpecification\",\"valueRequired\":true,\"valueName\":\"search_term_string\"}}],\"inLanguage\":\"pt-BR\"},{\"@type\":\"Organization\",\"@id\":\"https:\\\/\\\/regiaonews.net.br\\\/2022\\\/#organization\",\"name\":\"Regi\u00e3o News\",\"url\":\"https:\\\/\\\/regiaonews.net.br\\\/2022\\\/\",\"logo\":{\"@type\":\"ImageObject\",\"inLanguage\":\"pt-BR\",\"@id\":\"https:\\\/\\\/regiaonews.net.br\\\/2022\\\/#\\\/schema\\\/logo\\\/image\\\/\",\"url\":\"https:\\\/\\\/regiaonews.net.br\\\/2022\\\/wp-content\\\/uploads\\\/2026\\\/03\\\/regiao-13-anos-scaled.jpg\",\"contentUrl\":\"https:\\\/\\\/regiaonews.net.br\\\/2022\\\/wp-content\\\/uploads\\\/2026\\\/03\\\/regiao-13-anos-scaled.jpg\",\"width\":2560,\"height\":635,\"caption\":\"Regi\u00e3o News\"},\"image\":{\"@id\":\"https:\\\/\\\/regiaonews.net.br\\\/2022\\\/#\\\/schema\\\/logo\\\/image\\\/\"}},{\"@type\":\"Person\",\"@id\":\"https:\\\/\\\/regiaonews.net.br\\\/2022\\\/#\\\/schema\\\/person\\\/2d205a608a5aa97ac279d7a5e6d89ad8\",\"name\":\"Roberto\",\"image\":{\"@type\":\"ImageObject\",\"inLanguage\":\"pt-BR\",\"@id\":\"https:\\\/\\\/secure.gravatar.com\\\/avatar\\\/42749d8b712ff9d59ca93dc150494e5b55a44134482993f5baeb97e61b7ecc89?s=96&d=mm&r=g\",\"url\":\"https:\\\/\\\/secure.gravatar.com\\\/avatar\\\/42749d8b712ff9d59ca93dc150494e5b55a44134482993f5baeb97e61b7ecc89?s=96&d=mm&r=g\",\"contentUrl\":\"https:\\\/\\\/secure.gravatar.com\\\/avatar\\\/42749d8b712ff9d59ca93dc150494e5b55a44134482993f5baeb97e61b7ecc89?s=96&d=mm&r=g\",\"caption\":\"Roberto\"},\"url\":\"https:\\\/\\\/regiaonews.net.br\\\/2022\\\/author\\\/roberto\\\/\"}]}<\/script>\n<!-- \/ Yoast SEO plugin. -->","yoast_head_json":{"title":"Bottas largar\u00e1 da pole no GP de S\u00e3o Paulo; Verstappen amplia lideran - Regi\u00e3o News","robots":{"index":"index","follow":"follow","max-snippet":"max-snippet:-1","max-image-preview":"max-image-preview:large","max-video-preview":"max-video-preview:-1"},"canonical":"https:\/\/regiaonews.net.br\/2022\/2021\/11\/14\/bottas-largara-da-pole-no-gp-de-sao-paulo-verstappen-amplia-lideran\/","og_locale":"pt_BR","og_type":"article","og_title":"Bottas largar\u00e1 da pole no GP de S\u00e3o Paulo; Verstappen amplia lideran - Regi\u00e3o News","og_description":"Amanda Perobelli &#8211; Reuters Valtteri Bottas, da Mercedes, venceu a","og_url":"https:\/\/regiaonews.net.br\/2022\/2021\/11\/14\/bottas-largara-da-pole-no-gp-de-sao-paulo-verstappen-amplia-lideran\/","og_site_name":"Regi\u00e3o News","article_published_time":"2021-11-14T13:07:08+00:00","og_image":[{"width":1170,"height":700,"url":"https:\/\/regiaonews.net.br\/2022\/wp-content\/uploads\/2021\/11\/valtteri_bottas_mercedes_gp_de_sp.jpg","type":"image\/jpeg"}],"author":"Roberto","twitter_card":"summary_large_image","twitter_misc":{"Escrito por":"Roberto","Est. tempo de leitura":"1 minuto"},"schema":{"@context":"https:\/\/schema.org","@graph":[{"@type":"Article","@id":"https:\/\/regiaonews.net.br\/2022\/2021\/11\/14\/bottas-largara-da-pole-no-gp-de-sao-paulo-verstappen-amplia-lideran\/#article","isPartOf":{"@id":"https:\/\/regiaonews.net.br\/2022\/2021\/11\/14\/bottas-largara-da-pole-no-gp-de-sao-paulo-verstappen-amplia-lideran\/"},"author":{"name":"Roberto","@id":"https:\/\/regiaonews.net.br\/2022\/#\/schema\/person\/2d205a608a5aa97ac279d7a5e6d89ad8"},"headline":"Bottas largar\u00e1 da pole no GP de S\u00e3o Paulo; Verstappen amplia lideran","datePublished":"2021-11-14T13:07:08+00:00","mainEntityOfPage":{"@id":"https:\/\/regiaonews.net.br\/2022\/2021\/11\/14\/bottas-largara-da-pole-no-gp-de-sao-paulo-verstappen-amplia-lideran\/"},"wordCount":291,"commentCount":0,"publisher":{"@id":"https:\/\/regiaonews.net.br\/2022\/#organization"},"image":{"@id":"https:\/\/regiaonews.net.br\/2022\/2021\/11\/14\/bottas-largara-da-pole-no-gp-de-sao-paulo-verstappen-amplia-lideran\/#primaryimage"},"thumbnailUrl":"https:\/\/regiaonews.net.br\/2022\/wp-content\/uploads\/2021\/11\/valtteri_bottas_mercedes_gp_de_sp.jpg","articleSection":["Esporte","S\u00e3o Paulo"],"inLanguage":"pt-BR","potentialAction":[{"@type":"CommentAction","name":"Comment","target":["https:\/\/regiaonews.net.br\/2022\/2021\/11\/14\/bottas-largara-da-pole-no-gp-de-sao-paulo-verstappen-amplia-lideran\/#respond"]}]},{"@type":"WebPage","@id":"https:\/\/regiaonews.net.br\/2022\/2021\/11\/14\/bottas-largara-da-pole-no-gp-de-sao-paulo-verstappen-amplia-lideran\/","url":"https:\/\/regiaonews.net.br\/2022\/2021\/11\/14\/bottas-largara-da-pole-no-gp-de-sao-paulo-verstappen-amplia-lideran\/","name":"Bottas largar\u00e1 da pole no GP de S\u00e3o Paulo; Verstappen amplia lideran - Regi\u00e3o News","isPartOf":{"@id":"https:\/\/regiaonews.net.br\/2022\/#website"},"primaryImageOfPage":{"@id":"https:\/\/regiaonews.net.br\/2022\/2021\/11\/14\/bottas-largara-da-pole-no-gp-de-sao-paulo-verstappen-amplia-lideran\/#primaryimage"},"image":{"@id":"https:\/\/regiaonews.net.br\/2022\/2021\/11\/14\/bottas-largara-da-pole-no-gp-de-sao-paulo-verstappen-amplia-lideran\/#primaryimage"},"thumbnailUrl":"https:\/\/regiaonews.net.br\/2022\/wp-content\/uploads\/2021\/11\/valtteri_bottas_mercedes_gp_de_sp.jpg","datePublished":"2021-11-14T13:07:08+00:00","breadcrumb":{"@id":"https:\/\/regiaonews.net.br\/2022\/2021\/11\/14\/bottas-largara-da-pole-no-gp-de-sao-paulo-verstappen-amplia-lideran\/#breadcrumb"},"inLanguage":"pt-BR","potentialAction":[{"@type":"ReadAction","target":["https:\/\/regiaonews.net.br\/2022\/2021\/11\/14\/bottas-largara-da-pole-no-gp-de-sao-paulo-verstappen-amplia-lideran\/"]}]},{"@type":"ImageObject","inLanguage":"pt-BR","@id":"https:\/\/regiaonews.net.br\/2022\/2021\/11\/14\/bottas-largara-da-pole-no-gp-de-sao-paulo-verstappen-amplia-lideran\/#primaryimage","url":"https:\/\/regiaonews.net.br\/2022\/wp-content\/uploads\/2021\/11\/valtteri_bottas_mercedes_gp_de_sp.jpg","contentUrl":"https:\/\/regiaonews.net.br\/2022\/wp-content\/uploads\/2021\/11\/valtteri_bottas_mercedes_gp_de_sp.jpg","width":1170,"height":700},{"@type":"BreadcrumbList","@id":"https:\/\/regiaonews.net.br\/2022\/2021\/11\/14\/bottas-largara-da-pole-no-gp-de-sao-paulo-verstappen-amplia-lideran\/#breadcrumb","itemListElement":[{"@type":"ListItem","position":1,"name":"In\u00edcio","item":"https:\/\/regiaonews.net.br\/2022\/"},{"@type":"ListItem","position":2,"name":"Bottas largar\u00e1 da pole no GP de S\u00e3o Paulo; Verstappen amplia lideran"}]},{"@type":"WebSite","@id":"https:\/\/regiaonews.net.br\/2022\/#website","url":"https:\/\/regiaonews.net.br\/2022\/","name":"Regi\u00e3o News","description":"Site de Not\u00edcias de Barretos e regi\u00e3o","publisher":{"@id":"https:\/\/regiaonews.net.br\/2022\/#organization"},"potentialAction":[{"@type":"SearchAction","target":{"@type":"EntryPoint","urlTemplate":"https:\/\/regiaonews.net.br\/2022\/?s={search_term_string}"},"query-input":{"@type":"PropertyValueSpecification","valueRequired":true,"valueName":"search_term_string"}}],"inLanguage":"pt-BR"},{"@type":"Organization","@id":"https:\/\/regiaonews.net.br\/2022\/#organization","name":"Regi\u00e3o News","url":"https:\/\/regiaonews.net.br\/2022\/","logo":{"@type":"ImageObject","inLanguage":"pt-BR","@id":"https:\/\/regiaonews.net.br\/2022\/#\/schema\/logo\/image\/","url":"https:\/\/regiaonews.net.br\/2022\/wp-content\/uploads\/2026\/03\/regiao-13-anos-scaled.jpg","contentUrl":"https:\/\/regiaonews.net.br\/2022\/wp-content\/uploads\/2026\/03\/regiao-13-anos-scaled.jpg","width":2560,"height":635,"caption":"Regi\u00e3o News"},"image":{"@id":"https:\/\/regiaonews.net.br\/2022\/#\/schema\/logo\/image\/"}},{"@type":"Person","@id":"https:\/\/regiaonews.net.br\/2022\/#\/schema\/person\/2d205a608a5aa97ac279d7a5e6d89ad8","name":"Roberto","image":{"@type":"ImageObject","inLanguage":"pt-BR","@id":"https:\/\/secure.gravatar.com\/avatar\/42749d8b712ff9d59ca93dc150494e5b55a44134482993f5baeb97e61b7ecc89?s=96&d=mm&r=g","url":"https:\/\/secure.gravatar.com\/avatar\/42749d8b712ff9d59ca93dc150494e5b55a44134482993f5baeb97e61b7ecc89?s=96&d=mm&r=g","contentUrl":"https:\/\/secure.gravatar.com\/avatar\/42749d8b712ff9d59ca93dc150494e5b55a44134482993f5baeb97e61b7ecc89?s=96&d=mm&r=g","caption":"Roberto"},"url":"https:\/\/regiaonews.net.br\/2022\/author\/roberto\/"}]}},"publishpress_future_action":{"enabled":false,"date":"2026-05-04 03:17:36","action":"change-status","newStatus":"draft","terms":[],"taxonomy":"category","extraData":[]},"publishpress_future_workflow_manual_trigger":{"enabledWorkflows":[]},"_links":{"self":[{"href":"https:\/\/regiaonews.net.br\/2022\/wp-json\/wp\/v2\/posts\/56232","targetHints":{"allow":["GET"]}}],"collection":[{"href":"https:\/\/regiaonews.net.br\/2022\/wp-json\/wp\/v2\/posts"}],"about":[{"href":"https:\/\/regiaonews.net.br\/2022\/wp-json\/wp\/v2\/types\/post"}],"author":[{"embeddable":true,"href":"https:\/\/regiaonews.net.br\/2022\/wp-json\/wp\/v2\/users\/2"}],"replies":[{"embeddable":true,"href":"https:\/\/regiaonews.net.br\/2022\/wp-json\/wp\/v2\/comments?post=56232"}],"version-history":[{"count":0,"href":"https:\/\/regiaonews.net.br\/2022\/wp-json\/wp\/v2\/posts\/56232\/revisions"}],"wp:featuredmedia":[{"embeddable":true,"href":"https:\/\/regiaonews.net.br\/2022\/wp-json\/wp\/v2\/media\/56233"}],"wp:attachment":[{"href":"https:\/\/regiaonews.net.br\/2022\/wp-json\/wp\/v2\/media?parent=56232"}],"wp:term":[{"taxonomy":"category","embeddable":true,"href":"https:\/\/regiaonews.net.br\/2022\/wp-json\/wp\/v2\/categories?post=56232"},{"taxonomy":"post_tag","embeddable":true,"href":"https:\/\/regiaonews.net.br\/2022\/wp-json\/wp\/v2\/tags?post=56232"}],"curies":[{"name":"wp","href":"https:\/\/api.w.org\/{rel}","templated":true}]}}