{"id":56223,"date":"2021-11-14T09:45:42","date_gmt":"2021-11-14T12:45:42","guid":{"rendered":"https:\/\/regiaonews.net.br\/2022\/?p=56223"},"modified":"2021-11-14T09:47:12","modified_gmt":"2021-11-14T12:47:12","slug":"nova-onda-de-violencia-em-prisao-no-equador-deixa-58-mortos","status":"publish","type":"post","link":"https:\/\/regiaonews.net.br\/2022\/2021\/11\/14\/nova-onda-de-violencia-em-prisao-no-equador-deixa-58-mortos\/","title":{"rendered":"Nova onda de viol\u00eancia em pris\u00e3o no Equador deixa 58 mortos"},"content":{"rendered":"<p><a href=\"https:\/\/regiaonews.net.br\/2022\/wp-content\/uploads\/2021\/11\/Quito.jpg\"><img loading=\"lazy\" decoding=\"async\" class=\"alignnone size-full wp-image-56224\" src=\"https:\/\/regiaonews.net.br\/2022\/wp-content\/uploads\/2021\/11\/Quito.jpg\" alt=\"\" width=\"264\" height=\"191\" \/><\/a><\/p>\n<div class=\"col-lg-12 mb-3\">\n<div class=\"row\">\n<h3 class=\"col-10 offset-1 animated fadeInDown dealy-900 display-8 display-md-8 alt-font font-italic my-1 text-center\">Rebeli\u00e3o foi caracterizada\u00a0como disputa entre gangues<\/h3>\n<\/div>\n<ul class=\"divider social-icons si-border round si-colored-bg-on-hover my-3\">\n<li class=\"social-icons-item social-whatsapp\"><a class=\"social-icons-link click-share\" title=\"Share on WhatsApp\" href=\"https:\/\/api.whatsapp.com\/send?text=Nova+onda+de+viol%C3%AAncia+em+pris%C3%A3o+no+Equador+deixa+58+mortos+%7C+Ag%C3%AAncia+Brasil+%7C+Ag%C3%AAncia+Brasil+%7C+https%3A%2F%2Fagenciabrasil.ebc.com.br%2Finternacional%2Fnoticia%2F2021-11%2Fnova-onda-de-violencia-em-prisao-no-equador-deixa-58-mortos\"><i class=\"fab fa-whatsapp\"><\/i><span class=\"sr-only\">Share on WhatsApp<\/span><\/a><\/li>\n<li class=\"social-icons-item social-facebook\"><a class=\"social-icons-link click-share\" title=\"Share on Facebook\" href=\"https:\/\/facebook.com\/sharer.php?u=https%3A%2F%2Fagenciabrasil.ebc.com.br%2Finternacional%2Fnoticia%2F2021-11%2Fnova-onda-de-violencia-em-prisao-no-equador-deixa-58-mortos&amp;t=Nova+onda+de+viol%C3%AAncia+em+pris%C3%A3o+no+Equador+deixa+58+mortos+%7C+Ag%C3%AAncia+Brasil\"><i class=\"fab fa-facebook-f\"><\/i><span class=\"sr-only\">Share on Facebook<\/span><\/a><\/li>\n<li class=\"social-icons-item social-twitter\"><a class=\"social-icons-link click-share\" title=\"Share on Twitter\" href=\"https:\/\/twitter.com\/intent\/tweet?url=https%3A%2F%2Fagenciabrasil.ebc.com.br%2Finternacional%2Fnoticia%2F2021-11%2Fnova-onda-de-violencia-em-prisao-no-equador-deixa-58-mortos&amp;text=Nova+onda+de+viol%C3%AAncia+em+pris%C3%A3o+no+Equador+deixa+58+mortos+%7C+Ag%C3%AAncia+Brasil\"><i class=\"fab fa-twitter\"><\/i><span class=\"sr-only\">Share on Twitter<\/span><\/a><\/li>\n<li class=\"social-icons-item social-linkedin\"><a class=\"social-icons-link click-share\" title=\"Share on Linkedin\" href=\"http:\/\/www.linkedin.com\/shareArticle?url=https%3A%2F%2Fagenciabrasil.ebc.com.br%2Finternacional%2Fnoticia%2F2021-11%2Fnova-onda-de-violencia-em-prisao-no-equador-deixa-58-mortos&amp;summary=Nova+onda+de+viol%C3%AAncia+em+pris%C3%A3o+no+Equador+deixa+58+mortos+%7C+Ag%C3%AAncia+Brasil\"><i class=\"fab fa-linkedin\"><\/i><span class=\"sr-only\">Share on Linkedin<\/span><\/a><\/li>\n<\/ul>\n<div class=\"row\">\n<h4 class=\"col-10 offset-1 animated fadeInDown dealy-1100 alt-font font-italic my-2 small text-info text-center\">Publicado em 13\/11\/2021 &#8211; 17:56 Por Alexandra Valencia &#8211; Rep\u00f3rter da Reuters &#8211; Quito<\/h4>\n<\/div>\n<div class=\"row\">\n<div class=\"col-4 offset-1 mx-auto logo-emissora-parceira animated\"><a title=\"Reuters\" href=\"https:\/\/br.reuters.com\/\" target=\"_blank\" rel=\"noopener\"><img decoding=\"async\" src=\"https:\/\/agenciabrasil.ebc.com.br\/sites\/default\/files\/styles\/269x0\/public\/logo_parceiros\/logo_reuters.jpg?itok=1pP189Lc\" alt=\"Reuters\" \/><\/a><\/div>\n<\/div>\n<\/div>\n<div class=\"col-xl-7 offset-xl-1 col-lg-8 offset-lg-0 col-md-10 offset-md-1 mb-3\">\n<div class=\"post-item alt-font\">\n<div class=\"post-item-wrap\">\n<p>Pelo menos 58 detentos morreram e 12 ficaram feridos em um novo conflito na mesma pris\u00e3o no Equador onde ocorreu\u00a0um violento motim em setembro, informou\u00a0o governo neste s\u00e1bado (13).\u00a0A rebeli\u00e3o foi caracterizada\u00a0como uma disputa entre gangues.<img decoding=\"async\" src=\"https:\/\/agenciabrasil.ebc.com.br\/ebc.png?id=1427539&amp;o=node\" \/><img decoding=\"async\" src=\"https:\/\/agenciabrasil.ebc.com.br\/ebc.gif?id=1427539&amp;o=node\" \/><\/p>\n<p>A Penitenci\u00e1ria do Litoral, em Guayaquil, transformou-se na pris\u00e3o mais violenta depois que 119 detentos foram assassinados no fim de setembro, o pior incidente carcer\u00e1rio\u00a0na hist\u00f3ria do pa\u00eds.<\/p>\n<p>O governo culpou disputas entre gangues de traficantes por lideran\u00e7a e controle de territ\u00f3rio pela viol\u00eancia nas pris\u00f5es.<\/p>\n<p>O dist\u00farbio, na noite dessa sexta-feira (12) foi provocado por um v\u00e1cuo de poder, ap\u00f3s a libera\u00e7\u00e3o do\u00a0\u00a0l\u00edder de uma das gangues, disse o governador da prov\u00edncia de Guayas, Pablo Arosemena, em entrevista coletiva.<\/p>\n<p>\u201cO contexto dessa situa\u00e7\u00e3o \u00e9 que n\u00e3o havia um l\u00edder da gangue que tem presen\u00e7a naquele pavilh\u00e3o. Dias\u00a0atr\u00e1s, esse PPL (pessoa privada de\u00a0liberdade) havia sido colocado em liberdade porque, de acordo com um juiz, ele foi solto ao cumprir 60% da senten\u00e7a\u201d, explicou.<\/p>\n<p>\u201cOutros pavilh\u00f5es com gangues tentaram subjug\u00e1-los, entrar, fazer um massacre total\u201d, acrescentou Arosemena.<\/p>\n<p>A viol\u00eancia marcou a mais recente onda de dist\u00farbios em pris\u00f5es no pa\u00eds sul-americano, que abrigam cerca de 39 mil\u00a0detentos. Os incidentes de fevereiro e julho deste ano em v\u00e1rias penitenci\u00e1rias\u00a0causaram a morte de 79 e 22 pessoas, respectivamente.<\/p>\n<\/div>\n<\/div>\n<\/div>\n","protected":false},"excerpt":{"rendered":"<p>Rebeli\u00e3o foi caracterizada\u00a0como disputa entre gangues Share on WhatsApp Share<\/p>\n","protected":false},"author":2,"featured_media":56226,"comment_status":"open","ping_status":"open","sticky":false,"template":"","format":"standard","meta":{"footnotes":""},"categories":[25,39],"tags":[],"class_list":["post-56223","post","type-post","status-publish","format-standard","has-post-thumbnail","hentry","category-cidades","category-mundo"],"yoast_head":"<!-- This site is optimized with the Yoast SEO plugin v27.4 - https:\/\/yoast.com\/product\/yoast-seo-wordpress\/ -->\n<title>Nova onda de viol\u00eancia em pris\u00e3o no Equador deixa 58 mortos - Regi\u00e3o News<\/title>\n<meta name=\"robots\" content=\"index, follow, max-snippet:-1, max-image-preview:large, max-video-preview:-1\" \/>\n<link rel=\"canonical\" href=\"https:\/\/regiaonews.net.br\/2022\/2021\/11\/14\/nova-onda-de-violencia-em-prisao-no-equador-deixa-58-mortos\/\" \/>\n<meta property=\"og:locale\" content=\"pt_BR\" \/>\n<meta property=\"og:type\" content=\"article\" \/>\n<meta property=\"og:title\" content=\"Nova onda de viol\u00eancia em pris\u00e3o no Equador deixa 58 mortos - Regi\u00e3o News\" \/>\n<meta property=\"og:description\" content=\"Rebeli\u00e3o foi caracterizada\u00a0como disputa entre gangues Share on WhatsApp Share\" \/>\n<meta property=\"og:url\" content=\"https:\/\/regiaonews.net.br\/2022\/2021\/11\/14\/nova-onda-de-violencia-em-prisao-no-equador-deixa-58-mortos\/\" \/>\n<meta property=\"og:site_name\" content=\"Regi\u00e3o News\" \/>\n<meta property=\"article:published_time\" content=\"2021-11-14T12:45:42+00:00\" \/>\n<meta property=\"article:modified_time\" content=\"2021-11-14T12:47:12+00:00\" \/>\n<meta property=\"og:image\" content=\"https:\/\/regiaonews.net.br\/2022\/wp-content\/uploads\/2021\/11\/Quito-Equador.jpg\" \/>\n\t<meta property=\"og:image:width\" content=\"620\" \/>\n\t<meta property=\"og:image:height\" content=\"448\" \/>\n\t<meta property=\"og:image:type\" content=\"image\/jpeg\" \/>\n<meta name=\"author\" content=\"Roberto\" \/>\n<meta name=\"twitter:card\" content=\"summary_large_image\" \/>\n<meta name=\"twitter:label1\" content=\"Escrito por\" \/>\n\t<meta name=\"twitter:data1\" content=\"Roberto\" \/>\n\t<meta name=\"twitter:label2\" content=\"Est. tempo de leitura\" \/>\n\t<meta name=\"twitter:data2\" content=\"1 minuto\" \/>\n<script type=\"application\/ld+json\" class=\"yoast-schema-graph\">{\"@context\":\"https:\\\/\\\/schema.org\",\"@graph\":[{\"@type\":\"Article\",\"@id\":\"https:\\\/\\\/regiaonews.net.br\\\/2022\\\/2021\\\/11\\\/14\\\/nova-onda-de-violencia-em-prisao-no-equador-deixa-58-mortos\\\/#article\",\"isPartOf\":{\"@id\":\"https:\\\/\\\/regiaonews.net.br\\\/2022\\\/2021\\\/11\\\/14\\\/nova-onda-de-violencia-em-prisao-no-equador-deixa-58-mortos\\\/\"},\"author\":{\"name\":\"Roberto\",\"@id\":\"https:\\\/\\\/regiaonews.net.br\\\/2022\\\/#\\\/schema\\\/person\\\/2d205a608a5aa97ac279d7a5e6d89ad8\"},\"headline\":\"Nova onda de viol\u00eancia em pris\u00e3o no Equador deixa 58 mortos\",\"datePublished\":\"2021-11-14T12:45:42+00:00\",\"dateModified\":\"2021-11-14T12:47:12+00:00\",\"mainEntityOfPage\":{\"@id\":\"https:\\\/\\\/regiaonews.net.br\\\/2022\\\/2021\\\/11\\\/14\\\/nova-onda-de-violencia-em-prisao-no-equador-deixa-58-mortos\\\/\"},\"wordCount\":289,\"commentCount\":0,\"publisher\":{\"@id\":\"https:\\\/\\\/regiaonews.net.br\\\/2022\\\/#organization\"},\"image\":{\"@id\":\"https:\\\/\\\/regiaonews.net.br\\\/2022\\\/2021\\\/11\\\/14\\\/nova-onda-de-violencia-em-prisao-no-equador-deixa-58-mortos\\\/#primaryimage\"},\"thumbnailUrl\":\"https:\\\/\\\/regiaonews.net.br\\\/2022\\\/wp-content\\\/uploads\\\/2021\\\/11\\\/Quito-Equador.jpg\",\"articleSection\":[\"Cidades\",\"Mundo\"],\"inLanguage\":\"pt-BR\",\"potentialAction\":[{\"@type\":\"CommentAction\",\"name\":\"Comment\",\"target\":[\"https:\\\/\\\/regiaonews.net.br\\\/2022\\\/2021\\\/11\\\/14\\\/nova-onda-de-violencia-em-prisao-no-equador-deixa-58-mortos\\\/#respond\"]}]},{\"@type\":\"WebPage\",\"@id\":\"https:\\\/\\\/regiaonews.net.br\\\/2022\\\/2021\\\/11\\\/14\\\/nova-onda-de-violencia-em-prisao-no-equador-deixa-58-mortos\\\/\",\"url\":\"https:\\\/\\\/regiaonews.net.br\\\/2022\\\/2021\\\/11\\\/14\\\/nova-onda-de-violencia-em-prisao-no-equador-deixa-58-mortos\\\/\",\"name\":\"Nova onda de viol\u00eancia em pris\u00e3o no Equador deixa 58 mortos - Regi\u00e3o News\",\"isPartOf\":{\"@id\":\"https:\\\/\\\/regiaonews.net.br\\\/2022\\\/#website\"},\"primaryImageOfPage\":{\"@id\":\"https:\\\/\\\/regiaonews.net.br\\\/2022\\\/2021\\\/11\\\/14\\\/nova-onda-de-violencia-em-prisao-no-equador-deixa-58-mortos\\\/#primaryimage\"},\"image\":{\"@id\":\"https:\\\/\\\/regiaonews.net.br\\\/2022\\\/2021\\\/11\\\/14\\\/nova-onda-de-violencia-em-prisao-no-equador-deixa-58-mortos\\\/#primaryimage\"},\"thumbnailUrl\":\"https:\\\/\\\/regiaonews.net.br\\\/2022\\\/wp-content\\\/uploads\\\/2021\\\/11\\\/Quito-Equador.jpg\",\"datePublished\":\"2021-11-14T12:45:42+00:00\",\"dateModified\":\"2021-11-14T12:47:12+00:00\",\"breadcrumb\":{\"@id\":\"https:\\\/\\\/regiaonews.net.br\\\/2022\\\/2021\\\/11\\\/14\\\/nova-onda-de-violencia-em-prisao-no-equador-deixa-58-mortos\\\/#breadcrumb\"},\"inLanguage\":\"pt-BR\",\"potentialAction\":[{\"@type\":\"ReadAction\",\"target\":[\"https:\\\/\\\/regiaonews.net.br\\\/2022\\\/2021\\\/11\\\/14\\\/nova-onda-de-violencia-em-prisao-no-equador-deixa-58-mortos\\\/\"]}]},{\"@type\":\"ImageObject\",\"inLanguage\":\"pt-BR\",\"@id\":\"https:\\\/\\\/regiaonews.net.br\\\/2022\\\/2021\\\/11\\\/14\\\/nova-onda-de-violencia-em-prisao-no-equador-deixa-58-mortos\\\/#primaryimage\",\"url\":\"https:\\\/\\\/regiaonews.net.br\\\/2022\\\/wp-content\\\/uploads\\\/2021\\\/11\\\/Quito-Equador.jpg\",\"contentUrl\":\"https:\\\/\\\/regiaonews.net.br\\\/2022\\\/wp-content\\\/uploads\\\/2021\\\/11\\\/Quito-Equador.jpg\",\"width\":620,\"height\":448},{\"@type\":\"BreadcrumbList\",\"@id\":\"https:\\\/\\\/regiaonews.net.br\\\/2022\\\/2021\\\/11\\\/14\\\/nova-onda-de-violencia-em-prisao-no-equador-deixa-58-mortos\\\/#breadcrumb\",\"itemListElement\":[{\"@type\":\"ListItem\",\"position\":1,\"name\":\"In\u00edcio\",\"item\":\"https:\\\/\\\/regiaonews.net.br\\\/2022\\\/\"},{\"@type\":\"ListItem\",\"position\":2,\"name\":\"Nova onda de viol\u00eancia em pris\u00e3o no Equador deixa 58 mortos\"}]},{\"@type\":\"WebSite\",\"@id\":\"https:\\\/\\\/regiaonews.net.br\\\/2022\\\/#website\",\"url\":\"https:\\\/\\\/regiaonews.net.br\\\/2022\\\/\",\"name\":\"Regi\u00e3o News\",\"description\":\"Site de Not\u00edcias de Barretos e regi\u00e3o\",\"publisher\":{\"@id\":\"https:\\\/\\\/regiaonews.net.br\\\/2022\\\/#organization\"},\"potentialAction\":[{\"@type\":\"SearchAction\",\"target\":{\"@type\":\"EntryPoint\",\"urlTemplate\":\"https:\\\/\\\/regiaonews.net.br\\\/2022\\\/?s={search_term_string}\"},\"query-input\":{\"@type\":\"PropertyValueSpecification\",\"valueRequired\":true,\"valueName\":\"search_term_string\"}}],\"inLanguage\":\"pt-BR\"},{\"@type\":\"Organization\",\"@id\":\"https:\\\/\\\/regiaonews.net.br\\\/2022\\\/#organization\",\"name\":\"Regi\u00e3o News\",\"url\":\"https:\\\/\\\/regiaonews.net.br\\\/2022\\\/\",\"logo\":{\"@type\":\"ImageObject\",\"inLanguage\":\"pt-BR\",\"@id\":\"https:\\\/\\\/regiaonews.net.br\\\/2022\\\/#\\\/schema\\\/logo\\\/image\\\/\",\"url\":\"https:\\\/\\\/regiaonews.net.br\\\/2022\\\/wp-content\\\/uploads\\\/2026\\\/03\\\/regiao-13-anos-scaled.jpg\",\"contentUrl\":\"https:\\\/\\\/regiaonews.net.br\\\/2022\\\/wp-content\\\/uploads\\\/2026\\\/03\\\/regiao-13-anos-scaled.jpg\",\"width\":2560,\"height\":635,\"caption\":\"Regi\u00e3o News\"},\"image\":{\"@id\":\"https:\\\/\\\/regiaonews.net.br\\\/2022\\\/#\\\/schema\\\/logo\\\/image\\\/\"}},{\"@type\":\"Person\",\"@id\":\"https:\\\/\\\/regiaonews.net.br\\\/2022\\\/#\\\/schema\\\/person\\\/2d205a608a5aa97ac279d7a5e6d89ad8\",\"name\":\"Roberto\",\"image\":{\"@type\":\"ImageObject\",\"inLanguage\":\"pt-BR\",\"@id\":\"https:\\\/\\\/secure.gravatar.com\\\/avatar\\\/42749d8b712ff9d59ca93dc150494e5b55a44134482993f5baeb97e61b7ecc89?s=96&d=mm&r=g\",\"url\":\"https:\\\/\\\/secure.gravatar.com\\\/avatar\\\/42749d8b712ff9d59ca93dc150494e5b55a44134482993f5baeb97e61b7ecc89?s=96&d=mm&r=g\",\"contentUrl\":\"https:\\\/\\\/secure.gravatar.com\\\/avatar\\\/42749d8b712ff9d59ca93dc150494e5b55a44134482993f5baeb97e61b7ecc89?s=96&d=mm&r=g\",\"caption\":\"Roberto\"},\"url\":\"https:\\\/\\\/regiaonews.net.br\\\/2022\\\/author\\\/roberto\\\/\"}]}<\/script>\n<!-- \/ Yoast SEO plugin. -->","yoast_head_json":{"title":"Nova onda de viol\u00eancia em pris\u00e3o no Equador deixa 58 mortos - Regi\u00e3o News","robots":{"index":"index","follow":"follow","max-snippet":"max-snippet:-1","max-image-preview":"max-image-preview:large","max-video-preview":"max-video-preview:-1"},"canonical":"https:\/\/regiaonews.net.br\/2022\/2021\/11\/14\/nova-onda-de-violencia-em-prisao-no-equador-deixa-58-mortos\/","og_locale":"pt_BR","og_type":"article","og_title":"Nova onda de viol\u00eancia em pris\u00e3o no Equador deixa 58 mortos - Regi\u00e3o News","og_description":"Rebeli\u00e3o foi caracterizada\u00a0como disputa entre gangues Share on WhatsApp Share","og_url":"https:\/\/regiaonews.net.br\/2022\/2021\/11\/14\/nova-onda-de-violencia-em-prisao-no-equador-deixa-58-mortos\/","og_site_name":"Regi\u00e3o News","article_published_time":"2021-11-14T12:45:42+00:00","article_modified_time":"2021-11-14T12:47:12+00:00","og_image":[{"width":620,"height":448,"url":"https:\/\/regiaonews.net.br\/2022\/wp-content\/uploads\/2021\/11\/Quito-Equador.jpg","type":"image\/jpeg"}],"author":"Roberto","twitter_card":"summary_large_image","twitter_misc":{"Escrito por":"Roberto","Est. tempo de leitura":"1 minuto"},"schema":{"@context":"https:\/\/schema.org","@graph":[{"@type":"Article","@id":"https:\/\/regiaonews.net.br\/2022\/2021\/11\/14\/nova-onda-de-violencia-em-prisao-no-equador-deixa-58-mortos\/#article","isPartOf":{"@id":"https:\/\/regiaonews.net.br\/2022\/2021\/11\/14\/nova-onda-de-violencia-em-prisao-no-equador-deixa-58-mortos\/"},"author":{"name":"Roberto","@id":"https:\/\/regiaonews.net.br\/2022\/#\/schema\/person\/2d205a608a5aa97ac279d7a5e6d89ad8"},"headline":"Nova onda de viol\u00eancia em pris\u00e3o no Equador deixa 58 mortos","datePublished":"2021-11-14T12:45:42+00:00","dateModified":"2021-11-14T12:47:12+00:00","mainEntityOfPage":{"@id":"https:\/\/regiaonews.net.br\/2022\/2021\/11\/14\/nova-onda-de-violencia-em-prisao-no-equador-deixa-58-mortos\/"},"wordCount":289,"commentCount":0,"publisher":{"@id":"https:\/\/regiaonews.net.br\/2022\/#organization"},"image":{"@id":"https:\/\/regiaonews.net.br\/2022\/2021\/11\/14\/nova-onda-de-violencia-em-prisao-no-equador-deixa-58-mortos\/#primaryimage"},"thumbnailUrl":"https:\/\/regiaonews.net.br\/2022\/wp-content\/uploads\/2021\/11\/Quito-Equador.jpg","articleSection":["Cidades","Mundo"],"inLanguage":"pt-BR","potentialAction":[{"@type":"CommentAction","name":"Comment","target":["https:\/\/regiaonews.net.br\/2022\/2021\/11\/14\/nova-onda-de-violencia-em-prisao-no-equador-deixa-58-mortos\/#respond"]}]},{"@type":"WebPage","@id":"https:\/\/regiaonews.net.br\/2022\/2021\/11\/14\/nova-onda-de-violencia-em-prisao-no-equador-deixa-58-mortos\/","url":"https:\/\/regiaonews.net.br\/2022\/2021\/11\/14\/nova-onda-de-violencia-em-prisao-no-equador-deixa-58-mortos\/","name":"Nova onda de viol\u00eancia em pris\u00e3o no Equador deixa 58 mortos - Regi\u00e3o News","isPartOf":{"@id":"https:\/\/regiaonews.net.br\/2022\/#website"},"primaryImageOfPage":{"@id":"https:\/\/regiaonews.net.br\/2022\/2021\/11\/14\/nova-onda-de-violencia-em-prisao-no-equador-deixa-58-mortos\/#primaryimage"},"image":{"@id":"https:\/\/regiaonews.net.br\/2022\/2021\/11\/14\/nova-onda-de-violencia-em-prisao-no-equador-deixa-58-mortos\/#primaryimage"},"thumbnailUrl":"https:\/\/regiaonews.net.br\/2022\/wp-content\/uploads\/2021\/11\/Quito-Equador.jpg","datePublished":"2021-11-14T12:45:42+00:00","dateModified":"2021-11-14T12:47:12+00:00","breadcrumb":{"@id":"https:\/\/regiaonews.net.br\/2022\/2021\/11\/14\/nova-onda-de-violencia-em-prisao-no-equador-deixa-58-mortos\/#breadcrumb"},"inLanguage":"pt-BR","potentialAction":[{"@type":"ReadAction","target":["https:\/\/regiaonews.net.br\/2022\/2021\/11\/14\/nova-onda-de-violencia-em-prisao-no-equador-deixa-58-mortos\/"]}]},{"@type":"ImageObject","inLanguage":"pt-BR","@id":"https:\/\/regiaonews.net.br\/2022\/2021\/11\/14\/nova-onda-de-violencia-em-prisao-no-equador-deixa-58-mortos\/#primaryimage","url":"https:\/\/regiaonews.net.br\/2022\/wp-content\/uploads\/2021\/11\/Quito-Equador.jpg","contentUrl":"https:\/\/regiaonews.net.br\/2022\/wp-content\/uploads\/2021\/11\/Quito-Equador.jpg","width":620,"height":448},{"@type":"BreadcrumbList","@id":"https:\/\/regiaonews.net.br\/2022\/2021\/11\/14\/nova-onda-de-violencia-em-prisao-no-equador-deixa-58-mortos\/#breadcrumb","itemListElement":[{"@type":"ListItem","position":1,"name":"In\u00edcio","item":"https:\/\/regiaonews.net.br\/2022\/"},{"@type":"ListItem","position":2,"name":"Nova onda de viol\u00eancia em pris\u00e3o no Equador deixa 58 mortos"}]},{"@type":"WebSite","@id":"https:\/\/regiaonews.net.br\/2022\/#website","url":"https:\/\/regiaonews.net.br\/2022\/","name":"Regi\u00e3o News","description":"Site de Not\u00edcias de Barretos e regi\u00e3o","publisher":{"@id":"https:\/\/regiaonews.net.br\/2022\/#organization"},"potentialAction":[{"@type":"SearchAction","target":{"@type":"EntryPoint","urlTemplate":"https:\/\/regiaonews.net.br\/2022\/?s={search_term_string}"},"query-input":{"@type":"PropertyValueSpecification","valueRequired":true,"valueName":"search_term_string"}}],"inLanguage":"pt-BR"},{"@type":"Organization","@id":"https:\/\/regiaonews.net.br\/2022\/#organization","name":"Regi\u00e3o News","url":"https:\/\/regiaonews.net.br\/2022\/","logo":{"@type":"ImageObject","inLanguage":"pt-BR","@id":"https:\/\/regiaonews.net.br\/2022\/#\/schema\/logo\/image\/","url":"https:\/\/regiaonews.net.br\/2022\/wp-content\/uploads\/2026\/03\/regiao-13-anos-scaled.jpg","contentUrl":"https:\/\/regiaonews.net.br\/2022\/wp-content\/uploads\/2026\/03\/regiao-13-anos-scaled.jpg","width":2560,"height":635,"caption":"Regi\u00e3o News"},"image":{"@id":"https:\/\/regiaonews.net.br\/2022\/#\/schema\/logo\/image\/"}},{"@type":"Person","@id":"https:\/\/regiaonews.net.br\/2022\/#\/schema\/person\/2d205a608a5aa97ac279d7a5e6d89ad8","name":"Roberto","image":{"@type":"ImageObject","inLanguage":"pt-BR","@id":"https:\/\/secure.gravatar.com\/avatar\/42749d8b712ff9d59ca93dc150494e5b55a44134482993f5baeb97e61b7ecc89?s=96&d=mm&r=g","url":"https:\/\/secure.gravatar.com\/avatar\/42749d8b712ff9d59ca93dc150494e5b55a44134482993f5baeb97e61b7ecc89?s=96&d=mm&r=g","contentUrl":"https:\/\/secure.gravatar.com\/avatar\/42749d8b712ff9d59ca93dc150494e5b55a44134482993f5baeb97e61b7ecc89?s=96&d=mm&r=g","caption":"Roberto"},"url":"https:\/\/regiaonews.net.br\/2022\/author\/roberto\/"}]}},"publishpress_future_action":{"enabled":false,"date":"2026-05-04 05:05:02","action":"change-status","newStatus":"draft","terms":[],"taxonomy":"category","extraData":[]},"publishpress_future_workflow_manual_trigger":{"enabledWorkflows":[]},"_links":{"self":[{"href":"https:\/\/regiaonews.net.br\/2022\/wp-json\/wp\/v2\/posts\/56223","targetHints":{"allow":["GET"]}}],"collection":[{"href":"https:\/\/regiaonews.net.br\/2022\/wp-json\/wp\/v2\/posts"}],"about":[{"href":"https:\/\/regiaonews.net.br\/2022\/wp-json\/wp\/v2\/types\/post"}],"author":[{"embeddable":true,"href":"https:\/\/regiaonews.net.br\/2022\/wp-json\/wp\/v2\/users\/2"}],"replies":[{"embeddable":true,"href":"https:\/\/regiaonews.net.br\/2022\/wp-json\/wp\/v2\/comments?post=56223"}],"version-history":[{"count":0,"href":"https:\/\/regiaonews.net.br\/2022\/wp-json\/wp\/v2\/posts\/56223\/revisions"}],"wp:featuredmedia":[{"embeddable":true,"href":"https:\/\/regiaonews.net.br\/2022\/wp-json\/wp\/v2\/media\/56226"}],"wp:attachment":[{"href":"https:\/\/regiaonews.net.br\/2022\/wp-json\/wp\/v2\/media?parent=56223"}],"wp:term":[{"taxonomy":"category","embeddable":true,"href":"https:\/\/regiaonews.net.br\/2022\/wp-json\/wp\/v2\/categories?post=56223"},{"taxonomy":"post_tag","embeddable":true,"href":"https:\/\/regiaonews.net.br\/2022\/wp-json\/wp\/v2\/tags?post=56223"}],"curies":[{"name":"wp","href":"https:\/\/api.w.org\/{rel}","templated":true}]}}