{"id":56219,"date":"2021-11-14T09:38:11","date_gmt":"2021-11-14T12:38:11","guid":{"rendered":"https:\/\/regiaonews.net.br\/2022\/?p=56219"},"modified":"2021-11-14T09:38:52","modified_gmt":"2021-11-14T12:38:52","slug":"dia-mundial-do-diabetes-campanha-alerta-sobre-riscos-do-diabetes-para-a-saude-dos-olhos","status":"publish","type":"post","link":"https:\/\/regiaonews.net.br\/2022\/2021\/11\/14\/dia-mundial-do-diabetes-campanha-alerta-sobre-riscos-do-diabetes-para-a-saude-dos-olhos\/","title":{"rendered":"Dia Mundial do Diabetes &#8211; Campanha alerta sobre riscos do diabetes para a sa\u00fade dos olhos"},"content":{"rendered":"<figure id=\"attachment_56220\" aria-describedby=\"caption-attachment-56220\" style=\"width: 300px\" class=\"wp-caption alignnone\"><a href=\"https:\/\/regiaonews.net.br\/2022\/wp-content\/uploads\/2021\/11\/insulina_teste_05082110277.jpg\"><img loading=\"lazy\" decoding=\"async\" class=\"size-medium wp-image-56220\" src=\"https:\/\/regiaonews.net.br\/2022\/wp-content\/uploads\/2021\/11\/insulina_teste_05082110277-300x179.jpg\" alt=\"\" width=\"300\" height=\"179\" \/><\/a><figcaption id=\"caption-attachment-56220\" class=\"wp-caption-text\">Exame da curva glic\u00eamica; insulina,monitor de glicemia<\/figcaption><\/figure>\n<div class=\"col-xl-7 offset-xl-1 col-lg-8 offset-lg-0 col-md-10 offset-md-1 mb-3\">\n<div class=\"post-item alt-font\">\n<div class=\"post-item-wrap\">\n<p>As sociedades brasileiras de Diabetes (SBD) e de Retina e V\u00edtreo (SBRV) se uniram \u00e0 Allergan, da empresa biofarmac\u00eautica global AbbVie, na campanha nacional \u201cAbra os Olhos: o Diabetes pode levar \u00e0 cegueira. Consulte um especialista. Voc\u00ea pode mudar esta hist\u00f3ria\u201d. O objetivo \u00e9 alertar a popula\u00e7\u00e3o sobre os riscos do diabetes para a sa\u00fade dos olhos. A campanha ganha maior visibilidade hoje (14), quando se comemora o Dia Mundial do Diabetes.<img decoding=\"async\" src=\"https:\/\/agenciabrasil.ebc.com.br\/ebc.png?id=1427257&amp;o=node\" \/><img decoding=\"async\" src=\"https:\/\/agenciabrasil.ebc.com.br\/ebc.gif?id=1427257&amp;o=node\" \/><\/p>\n<p>Segundo disse \u00e0\u00a0<strong>Ag\u00eancia Brasil<\/strong>\u00a0o m\u00e9dico oftalmologista especialista em retina Fernando Malerbi, membro da Comiss\u00e3o de Telemedicina e Terceiro Setor da SBRV e do Departamento de Doen\u00e7as Oculares da SBD, no diabetes, o tempo de doen\u00e7a e a falta de um bom controle cl\u00ednico, levam \u00e0 possibilidade de diversas complica\u00e7\u00f5es em alguns \u00f3rg\u00e3os alvo. \u201cE o olho \u00e9 um desses \u00f3rg\u00e3os alvo, assim como os rins e os nervos\u201d.<\/p>\n<p>A doen\u00e7a principal e mais temida que ocorre no olho em decorr\u00eancia do diabetes \u00e9 a retinopatia diab\u00e9tica. Essa doen\u00e7a pode levar \u00e0 cegueira total. Fernando Malerbi esclareceu que a retina \u201c\u00e9 a membrana que cobre o fundo do olho por dentro e \u00e9 a parte mais sens\u00edvel do olho, a parte respons\u00e1vel por traduzir as imagens em impulsos el\u00e9tricos e levar para o c\u00e9rebro para que a gente forme a vis\u00e3o\u201d.<\/p>\n<h2>Altera\u00e7\u00f5es<\/h2>\n<p>Segundo explicou Malerbi, a doen\u00e7a ocular diab\u00e9tica n\u00e3o se restringe \u00e0 retinopatia. Existem altera\u00e7\u00f5es na c\u00f3rnea, que \u00e9 a parte transparente do olho, tamb\u00e9m relacionadas ao diabetes; altera\u00e7\u00f5es ligadas \u00e0 catarata; e, inclusive, altera\u00e7\u00f5es de grau de \u00f3culos vinculadas \u00e0 flutua\u00e7\u00e3o glic\u00eamica (a\u00e7\u00facar no sangue). Mas a retinopatia \u00e9 a que mais gera preocupa\u00e7\u00e3o porque \u00e9 a causa que mais pode levar \u00e0 cegueira, que \u00e9 a perda irrevers\u00edvel da vis\u00e3o na fase tardia. \u201cSe ela for detectada e tratada a tempo, n\u00e3o necessariamente leva a essa perda visual\u201d, destacou o oftalmologista.<\/p>\n<p>Informou que existe uma fase do diabetes em que a pessoa n\u00e3o tem nenhuma altera\u00e7\u00e3o no fundo de olho. Mas se ela continuar um tempo com a doen\u00e7a fora de controle, a retinopatia diab\u00e9tica vai come\u00e7ar a aparecer no fundo de olho. No in\u00edcio, pode n\u00e3o causar nenhum sintoma ou apenas sintomas leves e pode ser revertida com controle cl\u00ednico do diabetes ou at\u00e9 com alguns controles pr\u00f3prios do olho, como laser e alguns medicamentos. Malerbi advertiu, por\u00e9m, que com o passar do tempo, se o controle for ruim ou houver falta de aten\u00e7\u00e3o adequada \u00e0 retina, a doen\u00e7a vai se instalando progressivamente, de maneira mais grave, at\u00e9 chegar a um ponto em que o dano \u00e9 irrevers\u00edvel. \u201cA pessoa perde a vis\u00e3o\u201d.<\/p>\n<p>Dados da Organiza\u00e7\u00e3o Mundial da Sa\u00fade (OMS) revelam que cerca de 146 milh\u00f5es de pessoas no mundo t\u00eam algum grau de retinopatia diab\u00e9tica. O diabetes \u00e9 uma das principais causas de cegueira em pessoas em idade produtiva, entre 20 aos 60 anos de idade, em pa\u00edses desenvolvidos em que essa quest\u00e3o \u00e9 bem mapeada. De acordo com o Minist\u00e9rio da Sa\u00fade, o Brasil tem cerca de 7,4% da popula\u00e7\u00e3o com diabetes, em pessoas em idade produtiva. Segundo a SBD, cerca de 90% dos casos poderiam ser evitados, com diagn\u00f3stico precoce e tratamento adequado. Levantamento da Ag\u00eancia Internacional de Preven\u00e7\u00e3o da Cegueira (IAPB, do nome em ingl\u00eas) de 2020 indicava a exist\u00eancia no Brasil de quase 30 milh\u00f5es de pessoas com algum tipo de perda de vis\u00e3o, dos quais 1,8 milh\u00e3o s\u00e3o cegos.<\/p>\n<p>Segundo Fernando Malerbi, o que define o risco da pessoa desenvolver uma retinopatia diab\u00e9tica \u00e9 o tempo de dura\u00e7\u00e3o da doen\u00e7a. \u201cA partir do momento que a doen\u00e7a come\u00e7a, come\u00e7a a contar como se fosse um cron\u00f4metro. O tempo da doen\u00e7a fora de controle \u00e9 que constitui o principal fator de risco\u201d. Afirmou que o indiv\u00edduo pode ter d\u00e9cadas de diabetes e n\u00e3o necessariamente ter les\u00e3o na retina, se tiver um bom controle cl\u00ednico, \u201cque \u00e9 o que a gente espera e recomenda\u201d.<\/p>\n<h2>Cegueira evit\u00e1vel<\/h2>\n<p>O oftalmologista sustentou que a retinopatia diab\u00e9tica \u00e9 a principal causa de cegueira evit\u00e1vel. \u201cOu seja, aquela cegueira que, tomadas medidas adequadas, n\u00e3o precisa ocorrer. Se voc\u00ea tem um sistema de sa\u00fade que permite ao paciente ter um bom controle e conhecimento da doen\u00e7a, ele conhecer os fatores que promovem um melhor controle, e acesso ao exame do olho, ao diagn\u00f3stico\u201d. Deixou claro que se o indiv\u00edduo fizer esse exame precoce, no come\u00e7o, na fase silenciosa da doen\u00e7a, pode ser que j\u00e1 sejam detectadas altera\u00e7\u00f5es no fundo de olho que indiquem necessidade de tratamento. Nessa fase, ele pode reverter ou estacionar a doen\u00e7a, \u201cse isso for feito a tempo\u201d. Advertiu que na fase mais avan\u00e7ada da doen\u00e7a, nem mesmo cirurgias oculares conseguem devolver a vis\u00e3o.<\/p>\n<p>Fernando Malerbi informou que as sociedades m\u00e9dicas t\u00eam entre suas diretrizes a quest\u00e3o do exame nos pacientes com diabetes, que deve ser feito, pelo menos uma vez por ano, de maneira geral. Com a pandemia do novo coronav\u00edrus e as restri\u00e7\u00f5es de mobilidade, muitos pacientes deixaram de fazer exames peri\u00f3dicos com medo de contrair a covid-19. \u201cMuitos pacientes, no Brasil, n\u00e3o sabem que t\u00eam diabetes. Estima-se que a cada dois pacientes, um n\u00e3o sabe que tem diabetes\u201d. O segundo problema \u00e9 que, mesmo aqueles que t\u00eam a doen\u00e7a desconhecem que \u00e9 preciso fazer exame oftalmol\u00f3gico anual. Com a retomada das atividades, percebe-se que muitos pacientes deterioraram a situa\u00e7\u00e3o da retina, informou o especialista.<\/p>\n<p>No Brasil e em outros pa\u00edses, outro problema se soma a esses, que \u00e9 o acesso limitado a esse tipo de a\u00e7\u00e3o diagn\u00f3stica e ao tratamento. Malerbi disse, ainda, que o exame diagn\u00f3stico pode ser feito com o m\u00e9dico oftalmologista e, na aus\u00eancia desse especialista, com algumas alternativas, entre as quais fotografia da retina ou retinografia. \u201cEssas fotos s\u00e3o uma boa maneira de detectar a doen\u00e7a\u201d, indicou.<\/p>\n<p>\u201cA retinografia \u00e9 capaz de determinar se a pessoa tem uma altera\u00e7\u00e3o significativa ou n\u00e3o. Aqueles que n\u00e3o t\u00eam j\u00e1 deixam de fazer parte da fila de agendamentos, especialmente no Sistema \u00danico de Sa\u00fade (SUS), de maneira que ele consiga priorizar aqueles que t\u00eam uma altera\u00e7\u00e3o que j\u00e1 \u00e9 detectada ou suspeitada pela fotografia, no sentido de que cheguem com mais agilidade no especialista e, se for o caso, consigam tratar de maneira mais \u00e1gil\u201d. Fernando Malerbi afirmou que se esses pacientes chegarem muito tarde, \u201cn\u00e3o adianta detectar l\u00e1 na frente porque o tratamento n\u00e3o ser\u00e1 mais eficaz\u201d.<\/p>\n<\/div>\n<\/div>\n<\/div>\n","protected":false},"excerpt":{"rendered":"<p>As sociedades brasileiras de Diabetes (SBD) e de Retina e<\/p>\n","protected":false},"author":2,"featured_media":56220,"comment_status":"open","ping_status":"open","sticky":false,"template":"","format":"standard","meta":{"footnotes":""},"categories":[24,25],"tags":[],"class_list":["post-56219","post","type-post","status-publish","format-standard","has-post-thumbnail","hentry","category-brasil","category-cidades"],"yoast_head":"<!-- This site is optimized with the Yoast SEO plugin v27.4 - https:\/\/yoast.com\/product\/yoast-seo-wordpress\/ -->\n<title>Dia Mundial do Diabetes - Campanha alerta sobre riscos do diabetes para a sa\u00fade dos olhos - Regi\u00e3o News<\/title>\n<meta name=\"robots\" content=\"index, follow, max-snippet:-1, max-image-preview:large, max-video-preview:-1\" \/>\n<link rel=\"canonical\" href=\"https:\/\/regiaonews.net.br\/2022\/2021\/11\/14\/dia-mundial-do-diabetes-campanha-alerta-sobre-riscos-do-diabetes-para-a-saude-dos-olhos\/\" \/>\n<meta property=\"og:locale\" content=\"pt_BR\" \/>\n<meta property=\"og:type\" content=\"article\" \/>\n<meta property=\"og:title\" content=\"Dia Mundial do Diabetes - Campanha alerta sobre riscos do diabetes para a sa\u00fade dos olhos - Regi\u00e3o News\" \/>\n<meta property=\"og:description\" content=\"As sociedades brasileiras de Diabetes (SBD) e de Retina e\" \/>\n<meta property=\"og:url\" content=\"https:\/\/regiaonews.net.br\/2022\/2021\/11\/14\/dia-mundial-do-diabetes-campanha-alerta-sobre-riscos-do-diabetes-para-a-saude-dos-olhos\/\" \/>\n<meta property=\"og:site_name\" content=\"Regi\u00e3o News\" \/>\n<meta property=\"article:published_time\" content=\"2021-11-14T12:38:11+00:00\" \/>\n<meta property=\"article:modified_time\" content=\"2021-11-14T12:38:52+00:00\" \/>\n<meta property=\"og:image\" content=\"https:\/\/regiaonews.net.br\/2022\/wp-content\/uploads\/2021\/11\/insulina_teste_05082110277.jpg\" \/>\n\t<meta property=\"og:image:width\" content=\"1170\" \/>\n\t<meta property=\"og:image:height\" content=\"700\" \/>\n\t<meta property=\"og:image:type\" content=\"image\/jpeg\" \/>\n<meta name=\"author\" content=\"Roberto\" \/>\n<meta name=\"twitter:card\" content=\"summary_large_image\" \/>\n<meta name=\"twitter:label1\" content=\"Escrito por\" \/>\n\t<meta name=\"twitter:data1\" content=\"Roberto\" \/>\n\t<meta name=\"twitter:label2\" content=\"Est. tempo de leitura\" \/>\n\t<meta name=\"twitter:data2\" content=\"6 minutos\" \/>\n<script type=\"application\/ld+json\" class=\"yoast-schema-graph\">{\"@context\":\"https:\\\/\\\/schema.org\",\"@graph\":[{\"@type\":\"Article\",\"@id\":\"https:\\\/\\\/regiaonews.net.br\\\/2022\\\/2021\\\/11\\\/14\\\/dia-mundial-do-diabetes-campanha-alerta-sobre-riscos-do-diabetes-para-a-saude-dos-olhos\\\/#article\",\"isPartOf\":{\"@id\":\"https:\\\/\\\/regiaonews.net.br\\\/2022\\\/2021\\\/11\\\/14\\\/dia-mundial-do-diabetes-campanha-alerta-sobre-riscos-do-diabetes-para-a-saude-dos-olhos\\\/\"},\"author\":{\"name\":\"Roberto\",\"@id\":\"https:\\\/\\\/regiaonews.net.br\\\/2022\\\/#\\\/schema\\\/person\\\/2d205a608a5aa97ac279d7a5e6d89ad8\"},\"headline\":\"Dia Mundial do Diabetes &#8211; Campanha alerta sobre riscos do diabetes para a sa\u00fade dos olhos\",\"datePublished\":\"2021-11-14T12:38:11+00:00\",\"dateModified\":\"2021-11-14T12:38:52+00:00\",\"mainEntityOfPage\":{\"@id\":\"https:\\\/\\\/regiaonews.net.br\\\/2022\\\/2021\\\/11\\\/14\\\/dia-mundial-do-diabetes-campanha-alerta-sobre-riscos-do-diabetes-para-a-saude-dos-olhos\\\/\"},\"wordCount\":1173,\"commentCount\":0,\"publisher\":{\"@id\":\"https:\\\/\\\/regiaonews.net.br\\\/2022\\\/#organization\"},\"image\":{\"@id\":\"https:\\\/\\\/regiaonews.net.br\\\/2022\\\/2021\\\/11\\\/14\\\/dia-mundial-do-diabetes-campanha-alerta-sobre-riscos-do-diabetes-para-a-saude-dos-olhos\\\/#primaryimage\"},\"thumbnailUrl\":\"https:\\\/\\\/regiaonews.net.br\\\/2022\\\/wp-content\\\/uploads\\\/2021\\\/11\\\/insulina_teste_05082110277.jpg\",\"articleSection\":[\"Brasil\",\"Cidades\"],\"inLanguage\":\"pt-BR\",\"potentialAction\":[{\"@type\":\"CommentAction\",\"name\":\"Comment\",\"target\":[\"https:\\\/\\\/regiaonews.net.br\\\/2022\\\/2021\\\/11\\\/14\\\/dia-mundial-do-diabetes-campanha-alerta-sobre-riscos-do-diabetes-para-a-saude-dos-olhos\\\/#respond\"]}]},{\"@type\":\"WebPage\",\"@id\":\"https:\\\/\\\/regiaonews.net.br\\\/2022\\\/2021\\\/11\\\/14\\\/dia-mundial-do-diabetes-campanha-alerta-sobre-riscos-do-diabetes-para-a-saude-dos-olhos\\\/\",\"url\":\"https:\\\/\\\/regiaonews.net.br\\\/2022\\\/2021\\\/11\\\/14\\\/dia-mundial-do-diabetes-campanha-alerta-sobre-riscos-do-diabetes-para-a-saude-dos-olhos\\\/\",\"name\":\"Dia Mundial do Diabetes - Campanha alerta sobre riscos do diabetes para a sa\u00fade dos olhos - Regi\u00e3o News\",\"isPartOf\":{\"@id\":\"https:\\\/\\\/regiaonews.net.br\\\/2022\\\/#website\"},\"primaryImageOfPage\":{\"@id\":\"https:\\\/\\\/regiaonews.net.br\\\/2022\\\/2021\\\/11\\\/14\\\/dia-mundial-do-diabetes-campanha-alerta-sobre-riscos-do-diabetes-para-a-saude-dos-olhos\\\/#primaryimage\"},\"image\":{\"@id\":\"https:\\\/\\\/regiaonews.net.br\\\/2022\\\/2021\\\/11\\\/14\\\/dia-mundial-do-diabetes-campanha-alerta-sobre-riscos-do-diabetes-para-a-saude-dos-olhos\\\/#primaryimage\"},\"thumbnailUrl\":\"https:\\\/\\\/regiaonews.net.br\\\/2022\\\/wp-content\\\/uploads\\\/2021\\\/11\\\/insulina_teste_05082110277.jpg\",\"datePublished\":\"2021-11-14T12:38:11+00:00\",\"dateModified\":\"2021-11-14T12:38:52+00:00\",\"breadcrumb\":{\"@id\":\"https:\\\/\\\/regiaonews.net.br\\\/2022\\\/2021\\\/11\\\/14\\\/dia-mundial-do-diabetes-campanha-alerta-sobre-riscos-do-diabetes-para-a-saude-dos-olhos\\\/#breadcrumb\"},\"inLanguage\":\"pt-BR\",\"potentialAction\":[{\"@type\":\"ReadAction\",\"target\":[\"https:\\\/\\\/regiaonews.net.br\\\/2022\\\/2021\\\/11\\\/14\\\/dia-mundial-do-diabetes-campanha-alerta-sobre-riscos-do-diabetes-para-a-saude-dos-olhos\\\/\"]}]},{\"@type\":\"ImageObject\",\"inLanguage\":\"pt-BR\",\"@id\":\"https:\\\/\\\/regiaonews.net.br\\\/2022\\\/2021\\\/11\\\/14\\\/dia-mundial-do-diabetes-campanha-alerta-sobre-riscos-do-diabetes-para-a-saude-dos-olhos\\\/#primaryimage\",\"url\":\"https:\\\/\\\/regiaonews.net.br\\\/2022\\\/wp-content\\\/uploads\\\/2021\\\/11\\\/insulina_teste_05082110277.jpg\",\"contentUrl\":\"https:\\\/\\\/regiaonews.net.br\\\/2022\\\/wp-content\\\/uploads\\\/2021\\\/11\\\/insulina_teste_05082110277.jpg\",\"width\":1170,\"height\":700,\"caption\":\"Exame da curva glic\u00eamica; insulina,monitor de glicemia\"},{\"@type\":\"BreadcrumbList\",\"@id\":\"https:\\\/\\\/regiaonews.net.br\\\/2022\\\/2021\\\/11\\\/14\\\/dia-mundial-do-diabetes-campanha-alerta-sobre-riscos-do-diabetes-para-a-saude-dos-olhos\\\/#breadcrumb\",\"itemListElement\":[{\"@type\":\"ListItem\",\"position\":1,\"name\":\"In\u00edcio\",\"item\":\"https:\\\/\\\/regiaonews.net.br\\\/2022\\\/\"},{\"@type\":\"ListItem\",\"position\":2,\"name\":\"Dia Mundial do Diabetes &#8211; Campanha alerta sobre riscos do diabetes para a sa\u00fade dos olhos\"}]},{\"@type\":\"WebSite\",\"@id\":\"https:\\\/\\\/regiaonews.net.br\\\/2022\\\/#website\",\"url\":\"https:\\\/\\\/regiaonews.net.br\\\/2022\\\/\",\"name\":\"Regi\u00e3o News\",\"description\":\"Site de Not\u00edcias de Barretos e regi\u00e3o\",\"publisher\":{\"@id\":\"https:\\\/\\\/regiaonews.net.br\\\/2022\\\/#organization\"},\"potentialAction\":[{\"@type\":\"SearchAction\",\"target\":{\"@type\":\"EntryPoint\",\"urlTemplate\":\"https:\\\/\\\/regiaonews.net.br\\\/2022\\\/?s={search_term_string}\"},\"query-input\":{\"@type\":\"PropertyValueSpecification\",\"valueRequired\":true,\"valueName\":\"search_term_string\"}}],\"inLanguage\":\"pt-BR\"},{\"@type\":\"Organization\",\"@id\":\"https:\\\/\\\/regiaonews.net.br\\\/2022\\\/#organization\",\"name\":\"Regi\u00e3o News\",\"url\":\"https:\\\/\\\/regiaonews.net.br\\\/2022\\\/\",\"logo\":{\"@type\":\"ImageObject\",\"inLanguage\":\"pt-BR\",\"@id\":\"https:\\\/\\\/regiaonews.net.br\\\/2022\\\/#\\\/schema\\\/logo\\\/image\\\/\",\"url\":\"https:\\\/\\\/regiaonews.net.br\\\/2022\\\/wp-content\\\/uploads\\\/2026\\\/03\\\/regiao-13-anos-scaled.jpg\",\"contentUrl\":\"https:\\\/\\\/regiaonews.net.br\\\/2022\\\/wp-content\\\/uploads\\\/2026\\\/03\\\/regiao-13-anos-scaled.jpg\",\"width\":2560,\"height\":635,\"caption\":\"Regi\u00e3o News\"},\"image\":{\"@id\":\"https:\\\/\\\/regiaonews.net.br\\\/2022\\\/#\\\/schema\\\/logo\\\/image\\\/\"}},{\"@type\":\"Person\",\"@id\":\"https:\\\/\\\/regiaonews.net.br\\\/2022\\\/#\\\/schema\\\/person\\\/2d205a608a5aa97ac279d7a5e6d89ad8\",\"name\":\"Roberto\",\"image\":{\"@type\":\"ImageObject\",\"inLanguage\":\"pt-BR\",\"@id\":\"https:\\\/\\\/secure.gravatar.com\\\/avatar\\\/42749d8b712ff9d59ca93dc150494e5b55a44134482993f5baeb97e61b7ecc89?s=96&d=mm&r=g\",\"url\":\"https:\\\/\\\/secure.gravatar.com\\\/avatar\\\/42749d8b712ff9d59ca93dc150494e5b55a44134482993f5baeb97e61b7ecc89?s=96&d=mm&r=g\",\"contentUrl\":\"https:\\\/\\\/secure.gravatar.com\\\/avatar\\\/42749d8b712ff9d59ca93dc150494e5b55a44134482993f5baeb97e61b7ecc89?s=96&d=mm&r=g\",\"caption\":\"Roberto\"},\"url\":\"https:\\\/\\\/regiaonews.net.br\\\/2022\\\/author\\\/roberto\\\/\"}]}<\/script>\n<!-- \/ Yoast SEO plugin. -->","yoast_head_json":{"title":"Dia Mundial do Diabetes - Campanha alerta sobre riscos do diabetes para a sa\u00fade dos olhos - Regi\u00e3o News","robots":{"index":"index","follow":"follow","max-snippet":"max-snippet:-1","max-image-preview":"max-image-preview:large","max-video-preview":"max-video-preview:-1"},"canonical":"https:\/\/regiaonews.net.br\/2022\/2021\/11\/14\/dia-mundial-do-diabetes-campanha-alerta-sobre-riscos-do-diabetes-para-a-saude-dos-olhos\/","og_locale":"pt_BR","og_type":"article","og_title":"Dia Mundial do Diabetes - Campanha alerta sobre riscos do diabetes para a sa\u00fade dos olhos - Regi\u00e3o News","og_description":"As sociedades brasileiras de Diabetes (SBD) e de Retina e","og_url":"https:\/\/regiaonews.net.br\/2022\/2021\/11\/14\/dia-mundial-do-diabetes-campanha-alerta-sobre-riscos-do-diabetes-para-a-saude-dos-olhos\/","og_site_name":"Regi\u00e3o News","article_published_time":"2021-11-14T12:38:11+00:00","article_modified_time":"2021-11-14T12:38:52+00:00","og_image":[{"width":1170,"height":700,"url":"https:\/\/regiaonews.net.br\/2022\/wp-content\/uploads\/2021\/11\/insulina_teste_05082110277.jpg","type":"image\/jpeg"}],"author":"Roberto","twitter_card":"summary_large_image","twitter_misc":{"Escrito por":"Roberto","Est. tempo de leitura":"6 minutos"},"schema":{"@context":"https:\/\/schema.org","@graph":[{"@type":"Article","@id":"https:\/\/regiaonews.net.br\/2022\/2021\/11\/14\/dia-mundial-do-diabetes-campanha-alerta-sobre-riscos-do-diabetes-para-a-saude-dos-olhos\/#article","isPartOf":{"@id":"https:\/\/regiaonews.net.br\/2022\/2021\/11\/14\/dia-mundial-do-diabetes-campanha-alerta-sobre-riscos-do-diabetes-para-a-saude-dos-olhos\/"},"author":{"name":"Roberto","@id":"https:\/\/regiaonews.net.br\/2022\/#\/schema\/person\/2d205a608a5aa97ac279d7a5e6d89ad8"},"headline":"Dia Mundial do Diabetes &#8211; Campanha alerta sobre riscos do diabetes para a sa\u00fade dos olhos","datePublished":"2021-11-14T12:38:11+00:00","dateModified":"2021-11-14T12:38:52+00:00","mainEntityOfPage":{"@id":"https:\/\/regiaonews.net.br\/2022\/2021\/11\/14\/dia-mundial-do-diabetes-campanha-alerta-sobre-riscos-do-diabetes-para-a-saude-dos-olhos\/"},"wordCount":1173,"commentCount":0,"publisher":{"@id":"https:\/\/regiaonews.net.br\/2022\/#organization"},"image":{"@id":"https:\/\/regiaonews.net.br\/2022\/2021\/11\/14\/dia-mundial-do-diabetes-campanha-alerta-sobre-riscos-do-diabetes-para-a-saude-dos-olhos\/#primaryimage"},"thumbnailUrl":"https:\/\/regiaonews.net.br\/2022\/wp-content\/uploads\/2021\/11\/insulina_teste_05082110277.jpg","articleSection":["Brasil","Cidades"],"inLanguage":"pt-BR","potentialAction":[{"@type":"CommentAction","name":"Comment","target":["https:\/\/regiaonews.net.br\/2022\/2021\/11\/14\/dia-mundial-do-diabetes-campanha-alerta-sobre-riscos-do-diabetes-para-a-saude-dos-olhos\/#respond"]}]},{"@type":"WebPage","@id":"https:\/\/regiaonews.net.br\/2022\/2021\/11\/14\/dia-mundial-do-diabetes-campanha-alerta-sobre-riscos-do-diabetes-para-a-saude-dos-olhos\/","url":"https:\/\/regiaonews.net.br\/2022\/2021\/11\/14\/dia-mundial-do-diabetes-campanha-alerta-sobre-riscos-do-diabetes-para-a-saude-dos-olhos\/","name":"Dia Mundial do Diabetes - Campanha alerta sobre riscos do diabetes para a sa\u00fade dos olhos - Regi\u00e3o News","isPartOf":{"@id":"https:\/\/regiaonews.net.br\/2022\/#website"},"primaryImageOfPage":{"@id":"https:\/\/regiaonews.net.br\/2022\/2021\/11\/14\/dia-mundial-do-diabetes-campanha-alerta-sobre-riscos-do-diabetes-para-a-saude-dos-olhos\/#primaryimage"},"image":{"@id":"https:\/\/regiaonews.net.br\/2022\/2021\/11\/14\/dia-mundial-do-diabetes-campanha-alerta-sobre-riscos-do-diabetes-para-a-saude-dos-olhos\/#primaryimage"},"thumbnailUrl":"https:\/\/regiaonews.net.br\/2022\/wp-content\/uploads\/2021\/11\/insulina_teste_05082110277.jpg","datePublished":"2021-11-14T12:38:11+00:00","dateModified":"2021-11-14T12:38:52+00:00","breadcrumb":{"@id":"https:\/\/regiaonews.net.br\/2022\/2021\/11\/14\/dia-mundial-do-diabetes-campanha-alerta-sobre-riscos-do-diabetes-para-a-saude-dos-olhos\/#breadcrumb"},"inLanguage":"pt-BR","potentialAction":[{"@type":"ReadAction","target":["https:\/\/regiaonews.net.br\/2022\/2021\/11\/14\/dia-mundial-do-diabetes-campanha-alerta-sobre-riscos-do-diabetes-para-a-saude-dos-olhos\/"]}]},{"@type":"ImageObject","inLanguage":"pt-BR","@id":"https:\/\/regiaonews.net.br\/2022\/2021\/11\/14\/dia-mundial-do-diabetes-campanha-alerta-sobre-riscos-do-diabetes-para-a-saude-dos-olhos\/#primaryimage","url":"https:\/\/regiaonews.net.br\/2022\/wp-content\/uploads\/2021\/11\/insulina_teste_05082110277.jpg","contentUrl":"https:\/\/regiaonews.net.br\/2022\/wp-content\/uploads\/2021\/11\/insulina_teste_05082110277.jpg","width":1170,"height":700,"caption":"Exame da curva glic\u00eamica; insulina,monitor de glicemia"},{"@type":"BreadcrumbList","@id":"https:\/\/regiaonews.net.br\/2022\/2021\/11\/14\/dia-mundial-do-diabetes-campanha-alerta-sobre-riscos-do-diabetes-para-a-saude-dos-olhos\/#breadcrumb","itemListElement":[{"@type":"ListItem","position":1,"name":"In\u00edcio","item":"https:\/\/regiaonews.net.br\/2022\/"},{"@type":"ListItem","position":2,"name":"Dia Mundial do Diabetes &#8211; Campanha alerta sobre riscos do diabetes para a sa\u00fade dos olhos"}]},{"@type":"WebSite","@id":"https:\/\/regiaonews.net.br\/2022\/#website","url":"https:\/\/regiaonews.net.br\/2022\/","name":"Regi\u00e3o News","description":"Site de Not\u00edcias de Barretos e regi\u00e3o","publisher":{"@id":"https:\/\/regiaonews.net.br\/2022\/#organization"},"potentialAction":[{"@type":"SearchAction","target":{"@type":"EntryPoint","urlTemplate":"https:\/\/regiaonews.net.br\/2022\/?s={search_term_string}"},"query-input":{"@type":"PropertyValueSpecification","valueRequired":true,"valueName":"search_term_string"}}],"inLanguage":"pt-BR"},{"@type":"Organization","@id":"https:\/\/regiaonews.net.br\/2022\/#organization","name":"Regi\u00e3o News","url":"https:\/\/regiaonews.net.br\/2022\/","logo":{"@type":"ImageObject","inLanguage":"pt-BR","@id":"https:\/\/regiaonews.net.br\/2022\/#\/schema\/logo\/image\/","url":"https:\/\/regiaonews.net.br\/2022\/wp-content\/uploads\/2026\/03\/regiao-13-anos-scaled.jpg","contentUrl":"https:\/\/regiaonews.net.br\/2022\/wp-content\/uploads\/2026\/03\/regiao-13-anos-scaled.jpg","width":2560,"height":635,"caption":"Regi\u00e3o News"},"image":{"@id":"https:\/\/regiaonews.net.br\/2022\/#\/schema\/logo\/image\/"}},{"@type":"Person","@id":"https:\/\/regiaonews.net.br\/2022\/#\/schema\/person\/2d205a608a5aa97ac279d7a5e6d89ad8","name":"Roberto","image":{"@type":"ImageObject","inLanguage":"pt-BR","@id":"https:\/\/secure.gravatar.com\/avatar\/42749d8b712ff9d59ca93dc150494e5b55a44134482993f5baeb97e61b7ecc89?s=96&d=mm&r=g","url":"https:\/\/secure.gravatar.com\/avatar\/42749d8b712ff9d59ca93dc150494e5b55a44134482993f5baeb97e61b7ecc89?s=96&d=mm&r=g","contentUrl":"https:\/\/secure.gravatar.com\/avatar\/42749d8b712ff9d59ca93dc150494e5b55a44134482993f5baeb97e61b7ecc89?s=96&d=mm&r=g","caption":"Roberto"},"url":"https:\/\/regiaonews.net.br\/2022\/author\/roberto\/"}]}},"publishpress_future_action":{"enabled":false,"date":"2026-05-04 08:06:39","action":"change-status","newStatus":"draft","terms":[],"taxonomy":"category","extraData":[]},"publishpress_future_workflow_manual_trigger":{"enabledWorkflows":[]},"_links":{"self":[{"href":"https:\/\/regiaonews.net.br\/2022\/wp-json\/wp\/v2\/posts\/56219","targetHints":{"allow":["GET"]}}],"collection":[{"href":"https:\/\/regiaonews.net.br\/2022\/wp-json\/wp\/v2\/posts"}],"about":[{"href":"https:\/\/regiaonews.net.br\/2022\/wp-json\/wp\/v2\/types\/post"}],"author":[{"embeddable":true,"href":"https:\/\/regiaonews.net.br\/2022\/wp-json\/wp\/v2\/users\/2"}],"replies":[{"embeddable":true,"href":"https:\/\/regiaonews.net.br\/2022\/wp-json\/wp\/v2\/comments?post=56219"}],"version-history":[{"count":0,"href":"https:\/\/regiaonews.net.br\/2022\/wp-json\/wp\/v2\/posts\/56219\/revisions"}],"wp:featuredmedia":[{"embeddable":true,"href":"https:\/\/regiaonews.net.br\/2022\/wp-json\/wp\/v2\/media\/56220"}],"wp:attachment":[{"href":"https:\/\/regiaonews.net.br\/2022\/wp-json\/wp\/v2\/media?parent=56219"}],"wp:term":[{"taxonomy":"category","embeddable":true,"href":"https:\/\/regiaonews.net.br\/2022\/wp-json\/wp\/v2\/categories?post=56219"},{"taxonomy":"post_tag","embeddable":true,"href":"https:\/\/regiaonews.net.br\/2022\/wp-json\/wp\/v2\/tags?post=56219"}],"curies":[{"name":"wp","href":"https:\/\/api.w.org\/{rel}","templated":true}]}}