{"id":56168,"date":"2021-11-12T20:57:46","date_gmt":"2021-11-12T23:57:46","guid":{"rendered":"https:\/\/regiaonews.net.br\/2022\/?p=56168"},"modified":"2021-11-12T20:57:46","modified_gmt":"2021-11-12T23:57:46","slug":"atleta-barretense-confirma-participacao-em-campeonato-de-crossfit-adaptado-em-janeiro","status":"publish","type":"post","link":"https:\/\/regiaonews.net.br\/2022\/2021\/11\/12\/atleta-barretense-confirma-participacao-em-campeonato-de-crossfit-adaptado-em-janeiro\/","title":{"rendered":"Atleta barretense confirma participa\u00e7\u00e3o em campeonato de crossfit adaptado em janeiro"},"content":{"rendered":"<p><a href=\"https:\/\/regiaonews.net.br\/2022\/wp-content\/uploads\/2021\/11\/TIN_2313.jpg\"><img loading=\"lazy\" decoding=\"async\" class=\"size-medium wp-image-56169\" src=\"https:\/\/regiaonews.net.br\/2022\/wp-content\/uploads\/2021\/11\/TIN_2313-300x200.jpg\" alt=\"\" width=\"300\" height=\"200\" \/><\/a><\/p>\n<p><a href=\"https:\/\/regiaonews.net.br\/2022\/wp-content\/uploads\/2021\/11\/TIN_2341-1.jpg\"><img loading=\"lazy\" decoding=\"async\" class=\"size-medium wp-image-56170\" src=\"https:\/\/regiaonews.net.br\/2022\/wp-content\/uploads\/2021\/11\/TIN_2341-1-200x300.jpg\" alt=\"\" width=\"200\" height=\"300\" \/><\/a><\/p>\n<p>Paratleta barretense Fabr\u00edcio Taveira, quinto colocado no ranking mundial na categoria Seated W Hip de Crossfit Adaptado \u2013 Whellwod, decidiu, junto \u00e0 sua equipe de apoio e treinamentos, viajar em janeiro para os Estados Unidos, e n\u00e3o em novembro, como estava previsto. O motivo, a demora na aprova\u00e7\u00e3o do visto que permite o acesso ao pa\u00eds, devido \u00e0 lentid\u00e3o na burocracia, provocada pela situa\u00e7\u00e3o imposta pela pandemia do Coronav\u00edrus, e a demora na confirma\u00e7\u00e3o de patrocinadores e apoiadores para levantar o valor integral dos custos da viagem.<br aria-hidden=\"true\" \/>Fabr\u00edcio diz que n\u00e3o est\u00e1 frustrado por n\u00e3o participar do Campeonato Mundial de Crossfit Adaptado, que est\u00e1 acontecendo em Raleigh, na Carolina do Norte, apenas pelo fato de que sua classifica\u00e7\u00e3o mundial permitir\u00e1 que ele participe, em janeiro, tamb\u00e9m nos Estados Unidos, do\u00a0Wodapalooza, em Miami, que \u00e9 o segundo maior campeonato de Crossfit do mundo. \u201cPela primeira vez na hist\u00f3ria o Wodapalooza abriu dez vagas para atletas adaptados e eu fiquei em 6 no mundo, conseguindo a vaga, ent\u00e3o irei representar o Brasil como o atleta mais bem ranqueado, ou seja, uma oportunidade t\u00e3o importante, ou maior, que a que perdi agora\u201d, explicou Fabr\u00edcio.<br aria-hidden=\"true\" \/>Quanto \u00e0s campanhas de arrecada\u00e7\u00e3o de fundos para a viagem de novembro, Fabr\u00edcio disse que o montante arrecadado at\u00e9 agora, de cerca de R$ 20mil, ser\u00e1 utilizado integralmente para a viagem em janeiro, mas ainda faltam outros R$ 10mil para pagar todas as despesas, em vista da alta do d\u00f3lar. O visto est\u00e1 finalmente aprovado e as malas come\u00e7am a ser arrumadas.<br aria-hidden=\"true\" \/>\u201cEu acredito no meu potencial, e se n\u00e3o pude mostr\u00e1-lo no Campeonato Mundial, tenho a certeza de que esses dois meses que ganho para treinar ainda mais, v\u00e3o fazer a diferen\u00e7a nas competi\u00e7\u00f5es do Wodapalooza. Eu n\u00e3o me deixo abater facilmente e espero que todas as pessoas e empresas que est\u00e3o me ajudando entendam isso e continuem acreditando em mim, sei que n\u00e3o vou decepcion\u00e1-los, acordo todos os dias \u00e0s cinco da manh\u00e3 com o prop\u00f3sito de conquistar um dia a mais para meus tratamentos, minha performance como atleta e minha qualidade de vida, cada dia importa, e \u00e9 essa mensagem que quero transmitir ao competir por meus sonhos\u201d, revela o resiliente atleta.<br aria-hidden=\"true\" \/>Wodapalooza \u00e9 uma competi\u00e7\u00e3o\u00a0licenciada da CrossFit, e acontece de 13 a 16 de janeiro de 2022 em Miami, Fl\u00f3rida.\u00a0O evento contar\u00e1 com muitos dos principais atletas de CrossFit do mundo competindo por uma super premia\u00e7\u00e3o de $500 mil d\u00f3lares no total.\u00a0A\u00a0competi\u00e7\u00e3o Wodapalooza de 2022 ter\u00e1 uma transmiss\u00e3o ao vivo gratuita pela primeira vez.<br aria-hidden=\"true\" \/><br aria-hidden=\"true\" \/><b><i>A hist\u00f3ria de Fabr\u00edcio<\/i><\/b><br aria-hidden=\"true\" \/><i>Formado em Educa\u00e7\u00e3o F\u00edsica, Fabr\u00edcio Taveira at\u00e9 o ano de 2019 tinha uma promissora carreira como personal trainning, com agenda disputada, quando no dia 8 de setembro de 2019 sofreu um grave acidente em um evento na cidade de Guaira, quando a estrutura que mantinha a cobertura do evento ruiu e um pilar com aproximadamente 450 quilos de peso caiu, literalmente, sobre sua cabe\u00e7a.<\/i><br aria-hidden=\"true\" \/><i>O acidente s\u00f3 n\u00e3o teve como consequ\u00eancia a morte de Fabr\u00edcio porque, segundo a equipe m\u00e9dica que o atendeu, a musculatura ao redor de sua coluna cervical era t\u00e3o forte que amorteceu o impacto do pilar contra seu corpo, minimizando os danos. Ap\u00f3s meses de interna\u00e7\u00e3o e incertezas, Fabr\u00edcio sobreviveu e recebeu do primeiro m\u00e9dico progn\u00f3stico de que, com muito esfor\u00e7o, talvez, conseguisse desenvolver for\u00e7as para sustentar o corpo sentado em uma cadeira de rodas, mas era improv\u00e1vel que isso acontecesse.<\/i><br aria-hidden=\"true\" \/><i>Gra\u00e7as a seu esfor\u00e7o e ajuda de muitos e diferentes profissionais especialistas em reabilita\u00e7\u00e3o, ele hoje mant\u00e9m uma vida de autonomia, dirigindo o pr\u00f3prio carro, fazendo da cadeira de rodas sua aliada na pr\u00e1tica esportiva e, de novo, com agenda de personal trainnig disputada, pois alia as aulas \u00e0 uma intensa rotina de treinos e inclus\u00e3o em pesquisas de recupera\u00e7\u00e3o da mobilidade no p\u00f3s trauma.<\/i><br aria-hidden=\"true\" \/><i>Aos 34 anos de idade o atleta tem uma hist\u00f3ria que inspira, cheia de perseveran\u00e7a e disciplina.<\/i><\/p>\n<p><i><strong>Fotos: Tininho J\u00fanior<\/strong><\/i><\/p>\n","protected":false},"excerpt":{"rendered":"<p>Paratleta barretense Fabr\u00edcio Taveira, quinto colocado no ranking mundial na<\/p>\n","protected":false},"author":2,"featured_media":56169,"comment_status":"open","ping_status":"open","sticky":false,"template":"","format":"standard","meta":{"footnotes":""},"categories":[14,25,21],"tags":[],"class_list":["post-56168","post","type-post","status-publish","format-standard","has-post-thumbnail","hentry","category-barretos","category-cidades","category-esporte"],"yoast_head":"<!-- This site is optimized with the Yoast SEO plugin v27.4 - https:\/\/yoast.com\/product\/yoast-seo-wordpress\/ -->\n<title>Atleta barretense confirma participa\u00e7\u00e3o em campeonato de crossfit adaptado em janeiro - Regi\u00e3o News<\/title>\n<meta name=\"robots\" content=\"index, follow, max-snippet:-1, max-image-preview:large, max-video-preview:-1\" \/>\n<link rel=\"canonical\" href=\"https:\/\/regiaonews.net.br\/2022\/2021\/11\/12\/atleta-barretense-confirma-participacao-em-campeonato-de-crossfit-adaptado-em-janeiro\/\" \/>\n<meta property=\"og:locale\" content=\"pt_BR\" \/>\n<meta property=\"og:type\" content=\"article\" \/>\n<meta property=\"og:title\" content=\"Atleta barretense confirma participa\u00e7\u00e3o em campeonato de crossfit adaptado em janeiro - Regi\u00e3o News\" \/>\n<meta property=\"og:description\" content=\"Paratleta barretense Fabr\u00edcio Taveira, quinto colocado no ranking mundial na\" \/>\n<meta property=\"og:url\" content=\"https:\/\/regiaonews.net.br\/2022\/2021\/11\/12\/atleta-barretense-confirma-participacao-em-campeonato-de-crossfit-adaptado-em-janeiro\/\" \/>\n<meta property=\"og:site_name\" content=\"Regi\u00e3o News\" \/>\n<meta property=\"article:published_time\" content=\"2021-11-12T23:57:46+00:00\" \/>\n<meta property=\"og:image\" content=\"https:\/\/regiaonews.net.br\/2022\/wp-content\/uploads\/2021\/11\/TIN_2313.jpg\" \/>\n\t<meta property=\"og:image:width\" content=\"1024\" \/>\n\t<meta property=\"og:image:height\" content=\"683\" \/>\n\t<meta property=\"og:image:type\" content=\"image\/jpeg\" \/>\n<meta name=\"author\" content=\"Roberto\" \/>\n<meta name=\"twitter:card\" content=\"summary_large_image\" \/>\n<meta name=\"twitter:label1\" content=\"Escrito por\" \/>\n\t<meta name=\"twitter:data1\" content=\"Roberto\" \/>\n\t<meta name=\"twitter:label2\" content=\"Est. tempo de leitura\" \/>\n\t<meta name=\"twitter:data2\" content=\"4 minutos\" \/>\n<script type=\"application\/ld+json\" class=\"yoast-schema-graph\">{\"@context\":\"https:\\\/\\\/schema.org\",\"@graph\":[{\"@type\":\"Article\",\"@id\":\"https:\\\/\\\/regiaonews.net.br\\\/2022\\\/2021\\\/11\\\/12\\\/atleta-barretense-confirma-participacao-em-campeonato-de-crossfit-adaptado-em-janeiro\\\/#article\",\"isPartOf\":{\"@id\":\"https:\\\/\\\/regiaonews.net.br\\\/2022\\\/2021\\\/11\\\/12\\\/atleta-barretense-confirma-participacao-em-campeonato-de-crossfit-adaptado-em-janeiro\\\/\"},\"author\":{\"name\":\"Roberto\",\"@id\":\"https:\\\/\\\/regiaonews.net.br\\\/2022\\\/#\\\/schema\\\/person\\\/2d205a608a5aa97ac279d7a5e6d89ad8\"},\"headline\":\"Atleta barretense confirma participa\u00e7\u00e3o em campeonato de crossfit adaptado em janeiro\",\"datePublished\":\"2021-11-12T23:57:46+00:00\",\"mainEntityOfPage\":{\"@id\":\"https:\\\/\\\/regiaonews.net.br\\\/2022\\\/2021\\\/11\\\/12\\\/atleta-barretense-confirma-participacao-em-campeonato-de-crossfit-adaptado-em-janeiro\\\/\"},\"wordCount\":720,\"commentCount\":0,\"publisher\":{\"@id\":\"https:\\\/\\\/regiaonews.net.br\\\/2022\\\/#organization\"},\"image\":{\"@id\":\"https:\\\/\\\/regiaonews.net.br\\\/2022\\\/2021\\\/11\\\/12\\\/atleta-barretense-confirma-participacao-em-campeonato-de-crossfit-adaptado-em-janeiro\\\/#primaryimage\"},\"thumbnailUrl\":\"https:\\\/\\\/regiaonews.net.br\\\/2022\\\/wp-content\\\/uploads\\\/2021\\\/11\\\/TIN_2313.jpg\",\"articleSection\":[\"Barretos\",\"Cidades\",\"Esporte\"],\"inLanguage\":\"pt-BR\",\"potentialAction\":[{\"@type\":\"CommentAction\",\"name\":\"Comment\",\"target\":[\"https:\\\/\\\/regiaonews.net.br\\\/2022\\\/2021\\\/11\\\/12\\\/atleta-barretense-confirma-participacao-em-campeonato-de-crossfit-adaptado-em-janeiro\\\/#respond\"]}]},{\"@type\":\"WebPage\",\"@id\":\"https:\\\/\\\/regiaonews.net.br\\\/2022\\\/2021\\\/11\\\/12\\\/atleta-barretense-confirma-participacao-em-campeonato-de-crossfit-adaptado-em-janeiro\\\/\",\"url\":\"https:\\\/\\\/regiaonews.net.br\\\/2022\\\/2021\\\/11\\\/12\\\/atleta-barretense-confirma-participacao-em-campeonato-de-crossfit-adaptado-em-janeiro\\\/\",\"name\":\"Atleta barretense confirma participa\u00e7\u00e3o em campeonato de crossfit adaptado em janeiro - Regi\u00e3o News\",\"isPartOf\":{\"@id\":\"https:\\\/\\\/regiaonews.net.br\\\/2022\\\/#website\"},\"primaryImageOfPage\":{\"@id\":\"https:\\\/\\\/regiaonews.net.br\\\/2022\\\/2021\\\/11\\\/12\\\/atleta-barretense-confirma-participacao-em-campeonato-de-crossfit-adaptado-em-janeiro\\\/#primaryimage\"},\"image\":{\"@id\":\"https:\\\/\\\/regiaonews.net.br\\\/2022\\\/2021\\\/11\\\/12\\\/atleta-barretense-confirma-participacao-em-campeonato-de-crossfit-adaptado-em-janeiro\\\/#primaryimage\"},\"thumbnailUrl\":\"https:\\\/\\\/regiaonews.net.br\\\/2022\\\/wp-content\\\/uploads\\\/2021\\\/11\\\/TIN_2313.jpg\",\"datePublished\":\"2021-11-12T23:57:46+00:00\",\"breadcrumb\":{\"@id\":\"https:\\\/\\\/regiaonews.net.br\\\/2022\\\/2021\\\/11\\\/12\\\/atleta-barretense-confirma-participacao-em-campeonato-de-crossfit-adaptado-em-janeiro\\\/#breadcrumb\"},\"inLanguage\":\"pt-BR\",\"potentialAction\":[{\"@type\":\"ReadAction\",\"target\":[\"https:\\\/\\\/regiaonews.net.br\\\/2022\\\/2021\\\/11\\\/12\\\/atleta-barretense-confirma-participacao-em-campeonato-de-crossfit-adaptado-em-janeiro\\\/\"]}]},{\"@type\":\"ImageObject\",\"inLanguage\":\"pt-BR\",\"@id\":\"https:\\\/\\\/regiaonews.net.br\\\/2022\\\/2021\\\/11\\\/12\\\/atleta-barretense-confirma-participacao-em-campeonato-de-crossfit-adaptado-em-janeiro\\\/#primaryimage\",\"url\":\"https:\\\/\\\/regiaonews.net.br\\\/2022\\\/wp-content\\\/uploads\\\/2021\\\/11\\\/TIN_2313.jpg\",\"contentUrl\":\"https:\\\/\\\/regiaonews.net.br\\\/2022\\\/wp-content\\\/uploads\\\/2021\\\/11\\\/TIN_2313.jpg\",\"width\":1024,\"height\":683,\"caption\":\"????????????????????????????????????\"},{\"@type\":\"BreadcrumbList\",\"@id\":\"https:\\\/\\\/regiaonews.net.br\\\/2022\\\/2021\\\/11\\\/12\\\/atleta-barretense-confirma-participacao-em-campeonato-de-crossfit-adaptado-em-janeiro\\\/#breadcrumb\",\"itemListElement\":[{\"@type\":\"ListItem\",\"position\":1,\"name\":\"In\u00edcio\",\"item\":\"https:\\\/\\\/regiaonews.net.br\\\/2022\\\/\"},{\"@type\":\"ListItem\",\"position\":2,\"name\":\"Atleta barretense confirma participa\u00e7\u00e3o em campeonato de crossfit adaptado em janeiro\"}]},{\"@type\":\"WebSite\",\"@id\":\"https:\\\/\\\/regiaonews.net.br\\\/2022\\\/#website\",\"url\":\"https:\\\/\\\/regiaonews.net.br\\\/2022\\\/\",\"name\":\"Regi\u00e3o News\",\"description\":\"Site de Not\u00edcias de Barretos e regi\u00e3o\",\"publisher\":{\"@id\":\"https:\\\/\\\/regiaonews.net.br\\\/2022\\\/#organization\"},\"potentialAction\":[{\"@type\":\"SearchAction\",\"target\":{\"@type\":\"EntryPoint\",\"urlTemplate\":\"https:\\\/\\\/regiaonews.net.br\\\/2022\\\/?s={search_term_string}\"},\"query-input\":{\"@type\":\"PropertyValueSpecification\",\"valueRequired\":true,\"valueName\":\"search_term_string\"}}],\"inLanguage\":\"pt-BR\"},{\"@type\":\"Organization\",\"@id\":\"https:\\\/\\\/regiaonews.net.br\\\/2022\\\/#organization\",\"name\":\"Regi\u00e3o News\",\"url\":\"https:\\\/\\\/regiaonews.net.br\\\/2022\\\/\",\"logo\":{\"@type\":\"ImageObject\",\"inLanguage\":\"pt-BR\",\"@id\":\"https:\\\/\\\/regiaonews.net.br\\\/2022\\\/#\\\/schema\\\/logo\\\/image\\\/\",\"url\":\"https:\\\/\\\/regiaonews.net.br\\\/2022\\\/wp-content\\\/uploads\\\/2026\\\/03\\\/regiao-13-anos-scaled.jpg\",\"contentUrl\":\"https:\\\/\\\/regiaonews.net.br\\\/2022\\\/wp-content\\\/uploads\\\/2026\\\/03\\\/regiao-13-anos-scaled.jpg\",\"width\":2560,\"height\":635,\"caption\":\"Regi\u00e3o News\"},\"image\":{\"@id\":\"https:\\\/\\\/regiaonews.net.br\\\/2022\\\/#\\\/schema\\\/logo\\\/image\\\/\"}},{\"@type\":\"Person\",\"@id\":\"https:\\\/\\\/regiaonews.net.br\\\/2022\\\/#\\\/schema\\\/person\\\/2d205a608a5aa97ac279d7a5e6d89ad8\",\"name\":\"Roberto\",\"image\":{\"@type\":\"ImageObject\",\"inLanguage\":\"pt-BR\",\"@id\":\"https:\\\/\\\/secure.gravatar.com\\\/avatar\\\/42749d8b712ff9d59ca93dc150494e5b55a44134482993f5baeb97e61b7ecc89?s=96&d=mm&r=g\",\"url\":\"https:\\\/\\\/secure.gravatar.com\\\/avatar\\\/42749d8b712ff9d59ca93dc150494e5b55a44134482993f5baeb97e61b7ecc89?s=96&d=mm&r=g\",\"contentUrl\":\"https:\\\/\\\/secure.gravatar.com\\\/avatar\\\/42749d8b712ff9d59ca93dc150494e5b55a44134482993f5baeb97e61b7ecc89?s=96&d=mm&r=g\",\"caption\":\"Roberto\"},\"url\":\"https:\\\/\\\/regiaonews.net.br\\\/2022\\\/author\\\/roberto\\\/\"}]}<\/script>\n<!-- \/ Yoast SEO plugin. -->","yoast_head_json":{"title":"Atleta barretense confirma participa\u00e7\u00e3o em campeonato de crossfit adaptado em janeiro - Regi\u00e3o News","robots":{"index":"index","follow":"follow","max-snippet":"max-snippet:-1","max-image-preview":"max-image-preview:large","max-video-preview":"max-video-preview:-1"},"canonical":"https:\/\/regiaonews.net.br\/2022\/2021\/11\/12\/atleta-barretense-confirma-participacao-em-campeonato-de-crossfit-adaptado-em-janeiro\/","og_locale":"pt_BR","og_type":"article","og_title":"Atleta barretense confirma participa\u00e7\u00e3o em campeonato de crossfit adaptado em janeiro - Regi\u00e3o News","og_description":"Paratleta barretense Fabr\u00edcio Taveira, quinto colocado no ranking mundial na","og_url":"https:\/\/regiaonews.net.br\/2022\/2021\/11\/12\/atleta-barretense-confirma-participacao-em-campeonato-de-crossfit-adaptado-em-janeiro\/","og_site_name":"Regi\u00e3o News","article_published_time":"2021-11-12T23:57:46+00:00","og_image":[{"width":1024,"height":683,"url":"https:\/\/regiaonews.net.br\/2022\/wp-content\/uploads\/2021\/11\/TIN_2313.jpg","type":"image\/jpeg"}],"author":"Roberto","twitter_card":"summary_large_image","twitter_misc":{"Escrito por":"Roberto","Est. tempo de leitura":"4 minutos"},"schema":{"@context":"https:\/\/schema.org","@graph":[{"@type":"Article","@id":"https:\/\/regiaonews.net.br\/2022\/2021\/11\/12\/atleta-barretense-confirma-participacao-em-campeonato-de-crossfit-adaptado-em-janeiro\/#article","isPartOf":{"@id":"https:\/\/regiaonews.net.br\/2022\/2021\/11\/12\/atleta-barretense-confirma-participacao-em-campeonato-de-crossfit-adaptado-em-janeiro\/"},"author":{"name":"Roberto","@id":"https:\/\/regiaonews.net.br\/2022\/#\/schema\/person\/2d205a608a5aa97ac279d7a5e6d89ad8"},"headline":"Atleta barretense confirma participa\u00e7\u00e3o em campeonato de crossfit adaptado em janeiro","datePublished":"2021-11-12T23:57:46+00:00","mainEntityOfPage":{"@id":"https:\/\/regiaonews.net.br\/2022\/2021\/11\/12\/atleta-barretense-confirma-participacao-em-campeonato-de-crossfit-adaptado-em-janeiro\/"},"wordCount":720,"commentCount":0,"publisher":{"@id":"https:\/\/regiaonews.net.br\/2022\/#organization"},"image":{"@id":"https:\/\/regiaonews.net.br\/2022\/2021\/11\/12\/atleta-barretense-confirma-participacao-em-campeonato-de-crossfit-adaptado-em-janeiro\/#primaryimage"},"thumbnailUrl":"https:\/\/regiaonews.net.br\/2022\/wp-content\/uploads\/2021\/11\/TIN_2313.jpg","articleSection":["Barretos","Cidades","Esporte"],"inLanguage":"pt-BR","potentialAction":[{"@type":"CommentAction","name":"Comment","target":["https:\/\/regiaonews.net.br\/2022\/2021\/11\/12\/atleta-barretense-confirma-participacao-em-campeonato-de-crossfit-adaptado-em-janeiro\/#respond"]}]},{"@type":"WebPage","@id":"https:\/\/regiaonews.net.br\/2022\/2021\/11\/12\/atleta-barretense-confirma-participacao-em-campeonato-de-crossfit-adaptado-em-janeiro\/","url":"https:\/\/regiaonews.net.br\/2022\/2021\/11\/12\/atleta-barretense-confirma-participacao-em-campeonato-de-crossfit-adaptado-em-janeiro\/","name":"Atleta barretense confirma participa\u00e7\u00e3o em campeonato de crossfit adaptado em janeiro - Regi\u00e3o News","isPartOf":{"@id":"https:\/\/regiaonews.net.br\/2022\/#website"},"primaryImageOfPage":{"@id":"https:\/\/regiaonews.net.br\/2022\/2021\/11\/12\/atleta-barretense-confirma-participacao-em-campeonato-de-crossfit-adaptado-em-janeiro\/#primaryimage"},"image":{"@id":"https:\/\/regiaonews.net.br\/2022\/2021\/11\/12\/atleta-barretense-confirma-participacao-em-campeonato-de-crossfit-adaptado-em-janeiro\/#primaryimage"},"thumbnailUrl":"https:\/\/regiaonews.net.br\/2022\/wp-content\/uploads\/2021\/11\/TIN_2313.jpg","datePublished":"2021-11-12T23:57:46+00:00","breadcrumb":{"@id":"https:\/\/regiaonews.net.br\/2022\/2021\/11\/12\/atleta-barretense-confirma-participacao-em-campeonato-de-crossfit-adaptado-em-janeiro\/#breadcrumb"},"inLanguage":"pt-BR","potentialAction":[{"@type":"ReadAction","target":["https:\/\/regiaonews.net.br\/2022\/2021\/11\/12\/atleta-barretense-confirma-participacao-em-campeonato-de-crossfit-adaptado-em-janeiro\/"]}]},{"@type":"ImageObject","inLanguage":"pt-BR","@id":"https:\/\/regiaonews.net.br\/2022\/2021\/11\/12\/atleta-barretense-confirma-participacao-em-campeonato-de-crossfit-adaptado-em-janeiro\/#primaryimage","url":"https:\/\/regiaonews.net.br\/2022\/wp-content\/uploads\/2021\/11\/TIN_2313.jpg","contentUrl":"https:\/\/regiaonews.net.br\/2022\/wp-content\/uploads\/2021\/11\/TIN_2313.jpg","width":1024,"height":683,"caption":"????????????????????????????????????"},{"@type":"BreadcrumbList","@id":"https:\/\/regiaonews.net.br\/2022\/2021\/11\/12\/atleta-barretense-confirma-participacao-em-campeonato-de-crossfit-adaptado-em-janeiro\/#breadcrumb","itemListElement":[{"@type":"ListItem","position":1,"name":"In\u00edcio","item":"https:\/\/regiaonews.net.br\/2022\/"},{"@type":"ListItem","position":2,"name":"Atleta barretense confirma participa\u00e7\u00e3o em campeonato de crossfit adaptado em janeiro"}]},{"@type":"WebSite","@id":"https:\/\/regiaonews.net.br\/2022\/#website","url":"https:\/\/regiaonews.net.br\/2022\/","name":"Regi\u00e3o News","description":"Site de Not\u00edcias de Barretos e regi\u00e3o","publisher":{"@id":"https:\/\/regiaonews.net.br\/2022\/#organization"},"potentialAction":[{"@type":"SearchAction","target":{"@type":"EntryPoint","urlTemplate":"https:\/\/regiaonews.net.br\/2022\/?s={search_term_string}"},"query-input":{"@type":"PropertyValueSpecification","valueRequired":true,"valueName":"search_term_string"}}],"inLanguage":"pt-BR"},{"@type":"Organization","@id":"https:\/\/regiaonews.net.br\/2022\/#organization","name":"Regi\u00e3o News","url":"https:\/\/regiaonews.net.br\/2022\/","logo":{"@type":"ImageObject","inLanguage":"pt-BR","@id":"https:\/\/regiaonews.net.br\/2022\/#\/schema\/logo\/image\/","url":"https:\/\/regiaonews.net.br\/2022\/wp-content\/uploads\/2026\/03\/regiao-13-anos-scaled.jpg","contentUrl":"https:\/\/regiaonews.net.br\/2022\/wp-content\/uploads\/2026\/03\/regiao-13-anos-scaled.jpg","width":2560,"height":635,"caption":"Regi\u00e3o News"},"image":{"@id":"https:\/\/regiaonews.net.br\/2022\/#\/schema\/logo\/image\/"}},{"@type":"Person","@id":"https:\/\/regiaonews.net.br\/2022\/#\/schema\/person\/2d205a608a5aa97ac279d7a5e6d89ad8","name":"Roberto","image":{"@type":"ImageObject","inLanguage":"pt-BR","@id":"https:\/\/secure.gravatar.com\/avatar\/42749d8b712ff9d59ca93dc150494e5b55a44134482993f5baeb97e61b7ecc89?s=96&d=mm&r=g","url":"https:\/\/secure.gravatar.com\/avatar\/42749d8b712ff9d59ca93dc150494e5b55a44134482993f5baeb97e61b7ecc89?s=96&d=mm&r=g","contentUrl":"https:\/\/secure.gravatar.com\/avatar\/42749d8b712ff9d59ca93dc150494e5b55a44134482993f5baeb97e61b7ecc89?s=96&d=mm&r=g","caption":"Roberto"},"url":"https:\/\/regiaonews.net.br\/2022\/author\/roberto\/"}]}},"publishpress_future_action":{"enabled":false,"date":"2026-05-05 01:22:26","action":"change-status","newStatus":"draft","terms":[],"taxonomy":"category","extraData":[]},"publishpress_future_workflow_manual_trigger":{"enabledWorkflows":[]},"_links":{"self":[{"href":"https:\/\/regiaonews.net.br\/2022\/wp-json\/wp\/v2\/posts\/56168","targetHints":{"allow":["GET"]}}],"collection":[{"href":"https:\/\/regiaonews.net.br\/2022\/wp-json\/wp\/v2\/posts"}],"about":[{"href":"https:\/\/regiaonews.net.br\/2022\/wp-json\/wp\/v2\/types\/post"}],"author":[{"embeddable":true,"href":"https:\/\/regiaonews.net.br\/2022\/wp-json\/wp\/v2\/users\/2"}],"replies":[{"embeddable":true,"href":"https:\/\/regiaonews.net.br\/2022\/wp-json\/wp\/v2\/comments?post=56168"}],"version-history":[{"count":0,"href":"https:\/\/regiaonews.net.br\/2022\/wp-json\/wp\/v2\/posts\/56168\/revisions"}],"wp:featuredmedia":[{"embeddable":true,"href":"https:\/\/regiaonews.net.br\/2022\/wp-json\/wp\/v2\/media\/56169"}],"wp:attachment":[{"href":"https:\/\/regiaonews.net.br\/2022\/wp-json\/wp\/v2\/media?parent=56168"}],"wp:term":[{"taxonomy":"category","embeddable":true,"href":"https:\/\/regiaonews.net.br\/2022\/wp-json\/wp\/v2\/categories?post=56168"},{"taxonomy":"post_tag","embeddable":true,"href":"https:\/\/regiaonews.net.br\/2022\/wp-json\/wp\/v2\/tags?post=56168"}],"curies":[{"name":"wp","href":"https:\/\/api.w.org\/{rel}","templated":true}]}}