{"id":56133,"date":"2021-11-12T13:32:50","date_gmt":"2021-11-12T16:32:50","guid":{"rendered":"https:\/\/regiaonews.net.br\/2022\/?p=56133"},"modified":"2021-11-12T13:44:54","modified_gmt":"2021-11-12T16:44:54","slug":"prefeitura-de-colina-instalou-faixas-elevadas-na-cidade","status":"publish","type":"post","link":"https:\/\/regiaonews.net.br\/2022\/2021\/11\/12\/prefeitura-de-colina-instalou-faixas-elevadas-na-cidade\/","title":{"rendered":"Prefeitura de Colina instalou faixas elevadas na  cidade"},"content":{"rendered":"<p>&nbsp;<\/p>\n<section data-font-size=\"\">\n<section class=\"page-content wrapper\">\n<div data-grid=\"spacing\">\n<div data-cell=\"3of4\">\n<section class=\"post\">\n<div class=\"post-image\"><img decoding=\"async\" src=\"https:\/\/ecrie.com.br\/sistema\/conteudos\/imagem\/m_62_0_1_11112021095557.jfif\" alt=\"Prefeitura de Colina instalou faixas elevadas em v\u00e1rios pontos da cidade\" \/><\/div>\n<div class=\"post-content\">\n<article class=\"post-text\">A Prefeitura Municipal de Colina, por meio da Secretaria Municipal de Tr\u00e2nsito e Transportes, instalou cerca de 27 faixas elevadas, conhecidas popularmente como lombofaixas, que atender\u00e3o v\u00e1rios bairros da cidade.Deste total de 27 lombofaixas, 18 foram constru\u00eddas pr\u00f3ximas \u00e0 escolas: estadual, municipais e particulares, para garantir a seguran\u00e7a do alunos, pais e funcion\u00e1rios das institui\u00e7\u00f5es de ensino. As demais foram instaladas pr\u00f3ximas \u00e0s Unidades de Sa\u00fade e em pontos considerados estrat\u00e9gicos, que apresentam maior volume de tr\u00e1fego, tais como: Av. Cel. Antenor Junqueira Franco esquina com a Rua 7 de Setembro; Av. Dr. Manoel Palomino Fernandes esquina com a Rua 7 de Setembro; Av. Rui Barbosa esquina com a Rua 7 de Setembro e na Av. Rui Barbosa, pr\u00f3ximo ao Ambulat\u00f3rio de Especialidades \u201cItacy de Andrade\u201d.As faixas elevadas atendem a resolu\u00e7\u00e3o n\u00ba 738\/2018, do Conselho Nacional de Tr\u00e2nsito \u2013 Contran, que estabelece normas e crit\u00e9rios para o dispositivo.<\/p>\n<p>Entre os principais benef\u00edcios est\u00e3o a melhoria da acessibilidade, conforto e travessia com mais seguran\u00e7a para os pedestres e pessoas com defici\u00eancia.<\/p>\n<p>Cada estrutura possui uma plataforma com 4 metros de comprimento, a altura acompanha a guia existente, com cerca de 15 cm, rampas de 1,5 metro de extens\u00e3o e a largura conforme a via a ser implantada.<\/p>\n<p>Os investimentos s\u00e3o provenientes de conv\u00eanio celebrado entre a Prefeitura e o DETRAN \u2013 Departamento Estadual de Tr\u00e2nsito. Trata-se da segunda etapa do conv\u00eanio. Na primeira, foram implantados os sem\u00e1foros no centro da cidade.<\/p>\n<p>O Prefeito Dieb Taha destacou que a constru\u00e7\u00e3o das faixas elevadas \u00e9 mais um investimento no tr\u00e2nsito e na seguran\u00e7a dos pedestres, ciclistas e motoristas. \u201cA a\u00e7\u00e3o, al\u00e9m de ampliar a visibilidade da travessia dos pedestres, ajuda a reduzir a velocidade dos autom\u00f3veis dentro da \u00e1rea urbana, conferindo mais seguran\u00e7a para motoristas e para pedestres. Favorecem tamb\u00e9m a acessibilidade para pessoas com defici\u00eancias, idosos e crian\u00e7as. Quero agradecer o Governador Jo\u00e3o Doria, o\u00a0Vice-governador e Secret\u00e1rio de Governo, Rodrigo Garcia, o \u00a0Secret\u00e1rio de Desenvolvimento Regional, Marco Vinholi e o Diretor-presidente do DETRAN, Ernesto Mascellani Neto, por mais este importante investimento no tr\u00e2nsito, para a seguran\u00e7a e prote\u00e7\u00e3o de todos\u201d.<\/p>\n<p>&nbsp;<\/p>\n<\/article>\n<\/div>\n<\/section>\n<\/div>\n<\/div>\n<\/section>\n<\/section>\n","protected":false},"excerpt":{"rendered":"<p>&nbsp; A Prefeitura Municipal de Colina, por meio da Secretaria<\/p>\n","protected":false},"author":2,"featured_media":56138,"comment_status":"open","ping_status":"open","sticky":false,"template":"","format":"standard","meta":{"footnotes":""},"categories":[25,5],"tags":[],"class_list":["post-56133","post","type-post","status-publish","format-standard","has-post-thumbnail","hentry","category-cidades","category-colina"],"yoast_head":"<!-- This site is optimized with the Yoast SEO plugin v27.4 - https:\/\/yoast.com\/product\/yoast-seo-wordpress\/ -->\n<title>Prefeitura de Colina instalou faixas elevadas na cidade - Regi\u00e3o News<\/title>\n<meta name=\"robots\" content=\"index, follow, max-snippet:-1, max-image-preview:large, max-video-preview:-1\" \/>\n<link rel=\"canonical\" href=\"https:\/\/regiaonews.net.br\/2022\/2021\/11\/12\/prefeitura-de-colina-instalou-faixas-elevadas-na-cidade\/\" \/>\n<meta property=\"og:locale\" content=\"pt_BR\" \/>\n<meta property=\"og:type\" content=\"article\" \/>\n<meta property=\"og:title\" content=\"Prefeitura de Colina instalou faixas elevadas na cidade - Regi\u00e3o News\" \/>\n<meta property=\"og:description\" content=\"&nbsp; A Prefeitura Municipal de Colina, por meio da Secretaria\" \/>\n<meta property=\"og:url\" content=\"https:\/\/regiaonews.net.br\/2022\/2021\/11\/12\/prefeitura-de-colina-instalou-faixas-elevadas-na-cidade\/\" \/>\n<meta property=\"og:site_name\" content=\"Regi\u00e3o News\" \/>\n<meta property=\"article:published_time\" content=\"2021-11-12T16:32:50+00:00\" \/>\n<meta property=\"article:modified_time\" content=\"2021-11-12T16:44:54+00:00\" \/>\n<meta property=\"og:image\" content=\"https:\/\/regiaonews.net.br\/2022\/wp-content\/uploads\/2021\/11\/20211112_133659.jpg\" \/>\n\t<meta property=\"og:image:width\" content=\"1080\" \/>\n\t<meta property=\"og:image:height\" content=\"756\" \/>\n\t<meta property=\"og:image:type\" content=\"image\/jpeg\" \/>\n<meta name=\"author\" content=\"Roberto\" \/>\n<meta name=\"twitter:card\" content=\"summary_large_image\" \/>\n<meta name=\"twitter:label1\" content=\"Escrito por\" \/>\n\t<meta name=\"twitter:data1\" content=\"Roberto\" \/>\n\t<meta name=\"twitter:label2\" content=\"Est. tempo de leitura\" \/>\n\t<meta name=\"twitter:data2\" content=\"2 minutos\" \/>\n<script type=\"application\/ld+json\" class=\"yoast-schema-graph\">{\"@context\":\"https:\\\/\\\/schema.org\",\"@graph\":[{\"@type\":\"Article\",\"@id\":\"https:\\\/\\\/regiaonews.net.br\\\/2022\\\/2021\\\/11\\\/12\\\/prefeitura-de-colina-instalou-faixas-elevadas-na-cidade\\\/#article\",\"isPartOf\":{\"@id\":\"https:\\\/\\\/regiaonews.net.br\\\/2022\\\/2021\\\/11\\\/12\\\/prefeitura-de-colina-instalou-faixas-elevadas-na-cidade\\\/\"},\"author\":{\"name\":\"Roberto\",\"@id\":\"https:\\\/\\\/regiaonews.net.br\\\/2022\\\/#\\\/schema\\\/person\\\/2d205a608a5aa97ac279d7a5e6d89ad8\"},\"headline\":\"Prefeitura de Colina instalou faixas elevadas na cidade\",\"datePublished\":\"2021-11-12T16:32:50+00:00\",\"dateModified\":\"2021-11-12T16:44:54+00:00\",\"mainEntityOfPage\":{\"@id\":\"https:\\\/\\\/regiaonews.net.br\\\/2022\\\/2021\\\/11\\\/12\\\/prefeitura-de-colina-instalou-faixas-elevadas-na-cidade\\\/\"},\"wordCount\":390,\"commentCount\":0,\"publisher\":{\"@id\":\"https:\\\/\\\/regiaonews.net.br\\\/2022\\\/#organization\"},\"image\":{\"@id\":\"https:\\\/\\\/regiaonews.net.br\\\/2022\\\/2021\\\/11\\\/12\\\/prefeitura-de-colina-instalou-faixas-elevadas-na-cidade\\\/#primaryimage\"},\"thumbnailUrl\":\"https:\\\/\\\/regiaonews.net.br\\\/2022\\\/wp-content\\\/uploads\\\/2021\\\/11\\\/20211112_133659.jpg\",\"articleSection\":[\"Cidades\",\"Colina\"],\"inLanguage\":\"pt-BR\",\"potentialAction\":[{\"@type\":\"CommentAction\",\"name\":\"Comment\",\"target\":[\"https:\\\/\\\/regiaonews.net.br\\\/2022\\\/2021\\\/11\\\/12\\\/prefeitura-de-colina-instalou-faixas-elevadas-na-cidade\\\/#respond\"]}]},{\"@type\":\"WebPage\",\"@id\":\"https:\\\/\\\/regiaonews.net.br\\\/2022\\\/2021\\\/11\\\/12\\\/prefeitura-de-colina-instalou-faixas-elevadas-na-cidade\\\/\",\"url\":\"https:\\\/\\\/regiaonews.net.br\\\/2022\\\/2021\\\/11\\\/12\\\/prefeitura-de-colina-instalou-faixas-elevadas-na-cidade\\\/\",\"name\":\"Prefeitura de Colina instalou faixas elevadas na cidade - Regi\u00e3o News\",\"isPartOf\":{\"@id\":\"https:\\\/\\\/regiaonews.net.br\\\/2022\\\/#website\"},\"primaryImageOfPage\":{\"@id\":\"https:\\\/\\\/regiaonews.net.br\\\/2022\\\/2021\\\/11\\\/12\\\/prefeitura-de-colina-instalou-faixas-elevadas-na-cidade\\\/#primaryimage\"},\"image\":{\"@id\":\"https:\\\/\\\/regiaonews.net.br\\\/2022\\\/2021\\\/11\\\/12\\\/prefeitura-de-colina-instalou-faixas-elevadas-na-cidade\\\/#primaryimage\"},\"thumbnailUrl\":\"https:\\\/\\\/regiaonews.net.br\\\/2022\\\/wp-content\\\/uploads\\\/2021\\\/11\\\/20211112_133659.jpg\",\"datePublished\":\"2021-11-12T16:32:50+00:00\",\"dateModified\":\"2021-11-12T16:44:54+00:00\",\"breadcrumb\":{\"@id\":\"https:\\\/\\\/regiaonews.net.br\\\/2022\\\/2021\\\/11\\\/12\\\/prefeitura-de-colina-instalou-faixas-elevadas-na-cidade\\\/#breadcrumb\"},\"inLanguage\":\"pt-BR\",\"potentialAction\":[{\"@type\":\"ReadAction\",\"target\":[\"https:\\\/\\\/regiaonews.net.br\\\/2022\\\/2021\\\/11\\\/12\\\/prefeitura-de-colina-instalou-faixas-elevadas-na-cidade\\\/\"]}]},{\"@type\":\"ImageObject\",\"inLanguage\":\"pt-BR\",\"@id\":\"https:\\\/\\\/regiaonews.net.br\\\/2022\\\/2021\\\/11\\\/12\\\/prefeitura-de-colina-instalou-faixas-elevadas-na-cidade\\\/#primaryimage\",\"url\":\"https:\\\/\\\/regiaonews.net.br\\\/2022\\\/wp-content\\\/uploads\\\/2021\\\/11\\\/20211112_133659.jpg\",\"contentUrl\":\"https:\\\/\\\/regiaonews.net.br\\\/2022\\\/wp-content\\\/uploads\\\/2021\\\/11\\\/20211112_133659.jpg\",\"width\":1080,\"height\":756},{\"@type\":\"BreadcrumbList\",\"@id\":\"https:\\\/\\\/regiaonews.net.br\\\/2022\\\/2021\\\/11\\\/12\\\/prefeitura-de-colina-instalou-faixas-elevadas-na-cidade\\\/#breadcrumb\",\"itemListElement\":[{\"@type\":\"ListItem\",\"position\":1,\"name\":\"In\u00edcio\",\"item\":\"https:\\\/\\\/regiaonews.net.br\\\/2022\\\/\"},{\"@type\":\"ListItem\",\"position\":2,\"name\":\"Prefeitura de Colina instalou faixas elevadas na cidade\"}]},{\"@type\":\"WebSite\",\"@id\":\"https:\\\/\\\/regiaonews.net.br\\\/2022\\\/#website\",\"url\":\"https:\\\/\\\/regiaonews.net.br\\\/2022\\\/\",\"name\":\"Regi\u00e3o News\",\"description\":\"Site de Not\u00edcias de Barretos e regi\u00e3o\",\"publisher\":{\"@id\":\"https:\\\/\\\/regiaonews.net.br\\\/2022\\\/#organization\"},\"potentialAction\":[{\"@type\":\"SearchAction\",\"target\":{\"@type\":\"EntryPoint\",\"urlTemplate\":\"https:\\\/\\\/regiaonews.net.br\\\/2022\\\/?s={search_term_string}\"},\"query-input\":{\"@type\":\"PropertyValueSpecification\",\"valueRequired\":true,\"valueName\":\"search_term_string\"}}],\"inLanguage\":\"pt-BR\"},{\"@type\":\"Organization\",\"@id\":\"https:\\\/\\\/regiaonews.net.br\\\/2022\\\/#organization\",\"name\":\"Regi\u00e3o News\",\"url\":\"https:\\\/\\\/regiaonews.net.br\\\/2022\\\/\",\"logo\":{\"@type\":\"ImageObject\",\"inLanguage\":\"pt-BR\",\"@id\":\"https:\\\/\\\/regiaonews.net.br\\\/2022\\\/#\\\/schema\\\/logo\\\/image\\\/\",\"url\":\"https:\\\/\\\/regiaonews.net.br\\\/2022\\\/wp-content\\\/uploads\\\/2026\\\/03\\\/regiao-13-anos-scaled.jpg\",\"contentUrl\":\"https:\\\/\\\/regiaonews.net.br\\\/2022\\\/wp-content\\\/uploads\\\/2026\\\/03\\\/regiao-13-anos-scaled.jpg\",\"width\":2560,\"height\":635,\"caption\":\"Regi\u00e3o News\"},\"image\":{\"@id\":\"https:\\\/\\\/regiaonews.net.br\\\/2022\\\/#\\\/schema\\\/logo\\\/image\\\/\"}},{\"@type\":\"Person\",\"@id\":\"https:\\\/\\\/regiaonews.net.br\\\/2022\\\/#\\\/schema\\\/person\\\/2d205a608a5aa97ac279d7a5e6d89ad8\",\"name\":\"Roberto\",\"image\":{\"@type\":\"ImageObject\",\"inLanguage\":\"pt-BR\",\"@id\":\"https:\\\/\\\/secure.gravatar.com\\\/avatar\\\/42749d8b712ff9d59ca93dc150494e5b55a44134482993f5baeb97e61b7ecc89?s=96&d=mm&r=g\",\"url\":\"https:\\\/\\\/secure.gravatar.com\\\/avatar\\\/42749d8b712ff9d59ca93dc150494e5b55a44134482993f5baeb97e61b7ecc89?s=96&d=mm&r=g\",\"contentUrl\":\"https:\\\/\\\/secure.gravatar.com\\\/avatar\\\/42749d8b712ff9d59ca93dc150494e5b55a44134482993f5baeb97e61b7ecc89?s=96&d=mm&r=g\",\"caption\":\"Roberto\"},\"url\":\"https:\\\/\\\/regiaonews.net.br\\\/2022\\\/author\\\/roberto\\\/\"}]}<\/script>\n<!-- \/ Yoast SEO plugin. -->","yoast_head_json":{"title":"Prefeitura de Colina instalou faixas elevadas na cidade - Regi\u00e3o News","robots":{"index":"index","follow":"follow","max-snippet":"max-snippet:-1","max-image-preview":"max-image-preview:large","max-video-preview":"max-video-preview:-1"},"canonical":"https:\/\/regiaonews.net.br\/2022\/2021\/11\/12\/prefeitura-de-colina-instalou-faixas-elevadas-na-cidade\/","og_locale":"pt_BR","og_type":"article","og_title":"Prefeitura de Colina instalou faixas elevadas na cidade - Regi\u00e3o News","og_description":"&nbsp; A Prefeitura Municipal de Colina, por meio da Secretaria","og_url":"https:\/\/regiaonews.net.br\/2022\/2021\/11\/12\/prefeitura-de-colina-instalou-faixas-elevadas-na-cidade\/","og_site_name":"Regi\u00e3o News","article_published_time":"2021-11-12T16:32:50+00:00","article_modified_time":"2021-11-12T16:44:54+00:00","og_image":[{"width":1080,"height":756,"url":"https:\/\/regiaonews.net.br\/2022\/wp-content\/uploads\/2021\/11\/20211112_133659.jpg","type":"image\/jpeg"}],"author":"Roberto","twitter_card":"summary_large_image","twitter_misc":{"Escrito por":"Roberto","Est. tempo de leitura":"2 minutos"},"schema":{"@context":"https:\/\/schema.org","@graph":[{"@type":"Article","@id":"https:\/\/regiaonews.net.br\/2022\/2021\/11\/12\/prefeitura-de-colina-instalou-faixas-elevadas-na-cidade\/#article","isPartOf":{"@id":"https:\/\/regiaonews.net.br\/2022\/2021\/11\/12\/prefeitura-de-colina-instalou-faixas-elevadas-na-cidade\/"},"author":{"name":"Roberto","@id":"https:\/\/regiaonews.net.br\/2022\/#\/schema\/person\/2d205a608a5aa97ac279d7a5e6d89ad8"},"headline":"Prefeitura de Colina instalou faixas elevadas na cidade","datePublished":"2021-11-12T16:32:50+00:00","dateModified":"2021-11-12T16:44:54+00:00","mainEntityOfPage":{"@id":"https:\/\/regiaonews.net.br\/2022\/2021\/11\/12\/prefeitura-de-colina-instalou-faixas-elevadas-na-cidade\/"},"wordCount":390,"commentCount":0,"publisher":{"@id":"https:\/\/regiaonews.net.br\/2022\/#organization"},"image":{"@id":"https:\/\/regiaonews.net.br\/2022\/2021\/11\/12\/prefeitura-de-colina-instalou-faixas-elevadas-na-cidade\/#primaryimage"},"thumbnailUrl":"https:\/\/regiaonews.net.br\/2022\/wp-content\/uploads\/2021\/11\/20211112_133659.jpg","articleSection":["Cidades","Colina"],"inLanguage":"pt-BR","potentialAction":[{"@type":"CommentAction","name":"Comment","target":["https:\/\/regiaonews.net.br\/2022\/2021\/11\/12\/prefeitura-de-colina-instalou-faixas-elevadas-na-cidade\/#respond"]}]},{"@type":"WebPage","@id":"https:\/\/regiaonews.net.br\/2022\/2021\/11\/12\/prefeitura-de-colina-instalou-faixas-elevadas-na-cidade\/","url":"https:\/\/regiaonews.net.br\/2022\/2021\/11\/12\/prefeitura-de-colina-instalou-faixas-elevadas-na-cidade\/","name":"Prefeitura de Colina instalou faixas elevadas na cidade - Regi\u00e3o News","isPartOf":{"@id":"https:\/\/regiaonews.net.br\/2022\/#website"},"primaryImageOfPage":{"@id":"https:\/\/regiaonews.net.br\/2022\/2021\/11\/12\/prefeitura-de-colina-instalou-faixas-elevadas-na-cidade\/#primaryimage"},"image":{"@id":"https:\/\/regiaonews.net.br\/2022\/2021\/11\/12\/prefeitura-de-colina-instalou-faixas-elevadas-na-cidade\/#primaryimage"},"thumbnailUrl":"https:\/\/regiaonews.net.br\/2022\/wp-content\/uploads\/2021\/11\/20211112_133659.jpg","datePublished":"2021-11-12T16:32:50+00:00","dateModified":"2021-11-12T16:44:54+00:00","breadcrumb":{"@id":"https:\/\/regiaonews.net.br\/2022\/2021\/11\/12\/prefeitura-de-colina-instalou-faixas-elevadas-na-cidade\/#breadcrumb"},"inLanguage":"pt-BR","potentialAction":[{"@type":"ReadAction","target":["https:\/\/regiaonews.net.br\/2022\/2021\/11\/12\/prefeitura-de-colina-instalou-faixas-elevadas-na-cidade\/"]}]},{"@type":"ImageObject","inLanguage":"pt-BR","@id":"https:\/\/regiaonews.net.br\/2022\/2021\/11\/12\/prefeitura-de-colina-instalou-faixas-elevadas-na-cidade\/#primaryimage","url":"https:\/\/regiaonews.net.br\/2022\/wp-content\/uploads\/2021\/11\/20211112_133659.jpg","contentUrl":"https:\/\/regiaonews.net.br\/2022\/wp-content\/uploads\/2021\/11\/20211112_133659.jpg","width":1080,"height":756},{"@type":"BreadcrumbList","@id":"https:\/\/regiaonews.net.br\/2022\/2021\/11\/12\/prefeitura-de-colina-instalou-faixas-elevadas-na-cidade\/#breadcrumb","itemListElement":[{"@type":"ListItem","position":1,"name":"In\u00edcio","item":"https:\/\/regiaonews.net.br\/2022\/"},{"@type":"ListItem","position":2,"name":"Prefeitura de Colina instalou faixas elevadas na cidade"}]},{"@type":"WebSite","@id":"https:\/\/regiaonews.net.br\/2022\/#website","url":"https:\/\/regiaonews.net.br\/2022\/","name":"Regi\u00e3o News","description":"Site de Not\u00edcias de Barretos e regi\u00e3o","publisher":{"@id":"https:\/\/regiaonews.net.br\/2022\/#organization"},"potentialAction":[{"@type":"SearchAction","target":{"@type":"EntryPoint","urlTemplate":"https:\/\/regiaonews.net.br\/2022\/?s={search_term_string}"},"query-input":{"@type":"PropertyValueSpecification","valueRequired":true,"valueName":"search_term_string"}}],"inLanguage":"pt-BR"},{"@type":"Organization","@id":"https:\/\/regiaonews.net.br\/2022\/#organization","name":"Regi\u00e3o News","url":"https:\/\/regiaonews.net.br\/2022\/","logo":{"@type":"ImageObject","inLanguage":"pt-BR","@id":"https:\/\/regiaonews.net.br\/2022\/#\/schema\/logo\/image\/","url":"https:\/\/regiaonews.net.br\/2022\/wp-content\/uploads\/2026\/03\/regiao-13-anos-scaled.jpg","contentUrl":"https:\/\/regiaonews.net.br\/2022\/wp-content\/uploads\/2026\/03\/regiao-13-anos-scaled.jpg","width":2560,"height":635,"caption":"Regi\u00e3o News"},"image":{"@id":"https:\/\/regiaonews.net.br\/2022\/#\/schema\/logo\/image\/"}},{"@type":"Person","@id":"https:\/\/regiaonews.net.br\/2022\/#\/schema\/person\/2d205a608a5aa97ac279d7a5e6d89ad8","name":"Roberto","image":{"@type":"ImageObject","inLanguage":"pt-BR","@id":"https:\/\/secure.gravatar.com\/avatar\/42749d8b712ff9d59ca93dc150494e5b55a44134482993f5baeb97e61b7ecc89?s=96&d=mm&r=g","url":"https:\/\/secure.gravatar.com\/avatar\/42749d8b712ff9d59ca93dc150494e5b55a44134482993f5baeb97e61b7ecc89?s=96&d=mm&r=g","contentUrl":"https:\/\/secure.gravatar.com\/avatar\/42749d8b712ff9d59ca93dc150494e5b55a44134482993f5baeb97e61b7ecc89?s=96&d=mm&r=g","caption":"Roberto"},"url":"https:\/\/regiaonews.net.br\/2022\/author\/roberto\/"}]}},"publishpress_future_action":{"enabled":false,"date":"2026-05-05 09:14:49","action":"change-status","newStatus":"draft","terms":[],"taxonomy":"category","extraData":[]},"publishpress_future_workflow_manual_trigger":{"enabledWorkflows":[]},"_links":{"self":[{"href":"https:\/\/regiaonews.net.br\/2022\/wp-json\/wp\/v2\/posts\/56133","targetHints":{"allow":["GET"]}}],"collection":[{"href":"https:\/\/regiaonews.net.br\/2022\/wp-json\/wp\/v2\/posts"}],"about":[{"href":"https:\/\/regiaonews.net.br\/2022\/wp-json\/wp\/v2\/types\/post"}],"author":[{"embeddable":true,"href":"https:\/\/regiaonews.net.br\/2022\/wp-json\/wp\/v2\/users\/2"}],"replies":[{"embeddable":true,"href":"https:\/\/regiaonews.net.br\/2022\/wp-json\/wp\/v2\/comments?post=56133"}],"version-history":[{"count":0,"href":"https:\/\/regiaonews.net.br\/2022\/wp-json\/wp\/v2\/posts\/56133\/revisions"}],"wp:featuredmedia":[{"embeddable":true,"href":"https:\/\/regiaonews.net.br\/2022\/wp-json\/wp\/v2\/media\/56138"}],"wp:attachment":[{"href":"https:\/\/regiaonews.net.br\/2022\/wp-json\/wp\/v2\/media?parent=56133"}],"wp:term":[{"taxonomy":"category","embeddable":true,"href":"https:\/\/regiaonews.net.br\/2022\/wp-json\/wp\/v2\/categories?post=56133"},{"taxonomy":"post_tag","embeddable":true,"href":"https:\/\/regiaonews.net.br\/2022\/wp-json\/wp\/v2\/tags?post=56133"}],"curies":[{"name":"wp","href":"https:\/\/api.w.org\/{rel}","templated":true}]}}