{"id":56129,"date":"2021-11-12T11:55:45","date_gmt":"2021-11-12T14:55:45","guid":{"rendered":"https:\/\/regiaonews.net.br\/2022\/?p=56129"},"modified":"2021-11-12T13:41:21","modified_gmt":"2021-11-12T16:41:21","slug":"cancer-de-prostata-e-a-segunda-causa-de-mortes-de-homens","status":"publish","type":"post","link":"https:\/\/regiaonews.net.br\/2022\/2021\/11\/12\/cancer-de-prostata-e-a-segunda-causa-de-mortes-de-homens\/","title":{"rendered":"C\u00e2ncer de pr\u00f3stata \u00e9 a segunda causa de mortes de homens"},"content":{"rendered":"<p><a href=\"https:\/\/regiaonews.net.br\/2022\/wp-content\/uploads\/2021\/11\/Dr.-Roberto.jpg\"><img loading=\"lazy\" decoding=\"async\" class=\"alignnone size-medium wp-image-56130\" src=\"https:\/\/regiaonews.net.br\/2022\/wp-content\/uploads\/2021\/11\/Dr.-Roberto-300x200.jpg\" alt=\"\" width=\"300\" height=\"200\" \/><\/a><\/p>\n<p>Neste m\u00eas de novembro, est\u00e1 em andamento a campanha Novembro Azul, em todo o pa\u00eds, chamando a aten\u00e7\u00e3o da popula\u00e7\u00e3o masculina, sobre o c\u00e2ncer de pr\u00f3stata. De acordo com o m\u00e9dico Dr. Roberto Dias Machado, que \u00e9 m\u00e9dico uro-oncologista e coordenador do departamento de urologia do Hospital de Amor, o c\u00e2ncer de pr\u00f3stata \u00e9 muito incidente na popula\u00e7\u00e3o masculino e principalmente nos idosos. \u201cAtualmente o c\u00e2ncer de pr\u00f3stata \u00e9 considerado a segunda causa de \u00f3bito de c\u00e2ncer entre homens. A estat\u00edstica da Sociedade Brasileira de Urologia aponta que a cada seis homens, um deles poder\u00e1 ter o c\u00e2ncer de pr\u00f3stata durante a sua vida\u201d, afirmou o urologista.<br \/>\nSegundo o m\u00e9dico, os homens a partir dos 50 anos, devem iniciar os exames e buscar atendimento para ser avaliados quanto a sua sa\u00fade masculina como um todo e a sa\u00fade prost\u00e1tica. Por\u00e9m, Dr. Roberto Machado, orienta os homens que tem hist\u00f3rico de c\u00e2ncer de pr\u00f3stata na fam\u00edlia, homens obesos e da ra\u00e7a negra. \u201cEsses homens tem que ter uma aten\u00e7\u00e3o maior, que o risco de c\u00e2ncer de pr\u00f3stata nesses grupos \u00e9 maior que na popula\u00e7\u00e3o em geral\u201d, afirmou.<br \/>\nO m\u00e9dico orientou a realiza\u00e7\u00e3o dos exames, relatando que nas fases iniciais da doen\u00e7a, o tratamento tem 90% de chances de cura, e em idosos, muitas vezes, n\u00e3o \u00e9 necess\u00e1rio realizar a cirurgia. \u201cOriento os homens que se antecipem e se previnam, porque \u00e9 muito importante que a gente assuma o comando da nossa sa\u00fade, n\u00e3o pensar s\u00f3 sobre o c\u00e2ncer de pr\u00f3stata, mas sobre as doen\u00e7as cr\u00f4nicas, como hipertens\u00e3o e diabetes, tentar controlar o peso, evitar o excessos de tabagismo e \u00e1lcool, e praticar atividades f\u00edsicas, que isso realmente pode salvar vidas\u201d, orientou o urologista Dr. Roberto.<\/p>\n","protected":false},"excerpt":{"rendered":"<p>Neste m\u00eas de novembro, est\u00e1 em andamento a campanha Novembro<\/p>\n","protected":false},"author":2,"featured_media":56130,"comment_status":"open","ping_status":"open","sticky":false,"template":"","format":"standard","meta":{"footnotes":""},"categories":[14],"tags":[],"class_list":["post-56129","post","type-post","status-publish","format-standard","has-post-thumbnail","hentry","category-barretos"],"yoast_head":"<!-- This site is optimized with the Yoast SEO plugin v27.4 - https:\/\/yoast.com\/product\/yoast-seo-wordpress\/ -->\n<title>C\u00e2ncer de pr\u00f3stata \u00e9 a segunda causa de mortes de homens - Regi\u00e3o News<\/title>\n<meta name=\"robots\" content=\"index, follow, max-snippet:-1, max-image-preview:large, max-video-preview:-1\" \/>\n<link rel=\"canonical\" href=\"https:\/\/regiaonews.net.br\/2022\/2021\/11\/12\/cancer-de-prostata-e-a-segunda-causa-de-mortes-de-homens\/\" \/>\n<meta property=\"og:locale\" content=\"pt_BR\" \/>\n<meta property=\"og:type\" content=\"article\" \/>\n<meta property=\"og:title\" content=\"C\u00e2ncer de pr\u00f3stata \u00e9 a segunda causa de mortes de homens - Regi\u00e3o News\" \/>\n<meta property=\"og:description\" content=\"Neste m\u00eas de novembro, est\u00e1 em andamento a campanha Novembro\" \/>\n<meta property=\"og:url\" content=\"https:\/\/regiaonews.net.br\/2022\/2021\/11\/12\/cancer-de-prostata-e-a-segunda-causa-de-mortes-de-homens\/\" \/>\n<meta property=\"og:site_name\" content=\"Regi\u00e3o News\" \/>\n<meta property=\"article:published_time\" content=\"2021-11-12T14:55:45+00:00\" \/>\n<meta property=\"article:modified_time\" content=\"2021-11-12T16:41:21+00:00\" \/>\n<meta property=\"og:image\" content=\"https:\/\/regiaonews.net.br\/2022\/wp-content\/uploads\/2021\/11\/Dr.-Roberto.jpg\" \/>\n\t<meta property=\"og:image:width\" content=\"1618\" \/>\n\t<meta property=\"og:image:height\" content=\"1080\" \/>\n\t<meta property=\"og:image:type\" content=\"image\/jpeg\" \/>\n<meta name=\"author\" content=\"Roberto\" \/>\n<meta name=\"twitter:card\" content=\"summary_large_image\" \/>\n<meta name=\"twitter:label1\" content=\"Escrito por\" \/>\n\t<meta name=\"twitter:data1\" content=\"Roberto\" \/>\n\t<meta name=\"twitter:label2\" content=\"Est. tempo de leitura\" \/>\n\t<meta name=\"twitter:data2\" content=\"2 minutos\" \/>\n<script type=\"application\/ld+json\" class=\"yoast-schema-graph\">{\"@context\":\"https:\\\/\\\/schema.org\",\"@graph\":[{\"@type\":\"Article\",\"@id\":\"https:\\\/\\\/regiaonews.net.br\\\/2022\\\/2021\\\/11\\\/12\\\/cancer-de-prostata-e-a-segunda-causa-de-mortes-de-homens\\\/#article\",\"isPartOf\":{\"@id\":\"https:\\\/\\\/regiaonews.net.br\\\/2022\\\/2021\\\/11\\\/12\\\/cancer-de-prostata-e-a-segunda-causa-de-mortes-de-homens\\\/\"},\"author\":{\"name\":\"Roberto\",\"@id\":\"https:\\\/\\\/regiaonews.net.br\\\/2022\\\/#\\\/schema\\\/person\\\/2d205a608a5aa97ac279d7a5e6d89ad8\"},\"headline\":\"C\u00e2ncer de pr\u00f3stata \u00e9 a segunda causa de mortes de homens\",\"datePublished\":\"2021-11-12T14:55:45+00:00\",\"dateModified\":\"2021-11-12T16:41:21+00:00\",\"mainEntityOfPage\":{\"@id\":\"https:\\\/\\\/regiaonews.net.br\\\/2022\\\/2021\\\/11\\\/12\\\/cancer-de-prostata-e-a-segunda-causa-de-mortes-de-homens\\\/\"},\"wordCount\":332,\"commentCount\":0,\"publisher\":{\"@id\":\"https:\\\/\\\/regiaonews.net.br\\\/2022\\\/#organization\"},\"image\":{\"@id\":\"https:\\\/\\\/regiaonews.net.br\\\/2022\\\/2021\\\/11\\\/12\\\/cancer-de-prostata-e-a-segunda-causa-de-mortes-de-homens\\\/#primaryimage\"},\"thumbnailUrl\":\"https:\\\/\\\/regiaonews.net.br\\\/2022\\\/wp-content\\\/uploads\\\/2021\\\/11\\\/Dr.-Roberto.jpg\",\"articleSection\":[\"Barretos\"],\"inLanguage\":\"pt-BR\",\"potentialAction\":[{\"@type\":\"CommentAction\",\"name\":\"Comment\",\"target\":[\"https:\\\/\\\/regiaonews.net.br\\\/2022\\\/2021\\\/11\\\/12\\\/cancer-de-prostata-e-a-segunda-causa-de-mortes-de-homens\\\/#respond\"]}]},{\"@type\":\"WebPage\",\"@id\":\"https:\\\/\\\/regiaonews.net.br\\\/2022\\\/2021\\\/11\\\/12\\\/cancer-de-prostata-e-a-segunda-causa-de-mortes-de-homens\\\/\",\"url\":\"https:\\\/\\\/regiaonews.net.br\\\/2022\\\/2021\\\/11\\\/12\\\/cancer-de-prostata-e-a-segunda-causa-de-mortes-de-homens\\\/\",\"name\":\"C\u00e2ncer de pr\u00f3stata \u00e9 a segunda causa de mortes de homens - Regi\u00e3o News\",\"isPartOf\":{\"@id\":\"https:\\\/\\\/regiaonews.net.br\\\/2022\\\/#website\"},\"primaryImageOfPage\":{\"@id\":\"https:\\\/\\\/regiaonews.net.br\\\/2022\\\/2021\\\/11\\\/12\\\/cancer-de-prostata-e-a-segunda-causa-de-mortes-de-homens\\\/#primaryimage\"},\"image\":{\"@id\":\"https:\\\/\\\/regiaonews.net.br\\\/2022\\\/2021\\\/11\\\/12\\\/cancer-de-prostata-e-a-segunda-causa-de-mortes-de-homens\\\/#primaryimage\"},\"thumbnailUrl\":\"https:\\\/\\\/regiaonews.net.br\\\/2022\\\/wp-content\\\/uploads\\\/2021\\\/11\\\/Dr.-Roberto.jpg\",\"datePublished\":\"2021-11-12T14:55:45+00:00\",\"dateModified\":\"2021-11-12T16:41:21+00:00\",\"breadcrumb\":{\"@id\":\"https:\\\/\\\/regiaonews.net.br\\\/2022\\\/2021\\\/11\\\/12\\\/cancer-de-prostata-e-a-segunda-causa-de-mortes-de-homens\\\/#breadcrumb\"},\"inLanguage\":\"pt-BR\",\"potentialAction\":[{\"@type\":\"ReadAction\",\"target\":[\"https:\\\/\\\/regiaonews.net.br\\\/2022\\\/2021\\\/11\\\/12\\\/cancer-de-prostata-e-a-segunda-causa-de-mortes-de-homens\\\/\"]}]},{\"@type\":\"ImageObject\",\"inLanguage\":\"pt-BR\",\"@id\":\"https:\\\/\\\/regiaonews.net.br\\\/2022\\\/2021\\\/11\\\/12\\\/cancer-de-prostata-e-a-segunda-causa-de-mortes-de-homens\\\/#primaryimage\",\"url\":\"https:\\\/\\\/regiaonews.net.br\\\/2022\\\/wp-content\\\/uploads\\\/2021\\\/11\\\/Dr.-Roberto.jpg\",\"contentUrl\":\"https:\\\/\\\/regiaonews.net.br\\\/2022\\\/wp-content\\\/uploads\\\/2021\\\/11\\\/Dr.-Roberto.jpg\",\"width\":1618,\"height\":1080},{\"@type\":\"BreadcrumbList\",\"@id\":\"https:\\\/\\\/regiaonews.net.br\\\/2022\\\/2021\\\/11\\\/12\\\/cancer-de-prostata-e-a-segunda-causa-de-mortes-de-homens\\\/#breadcrumb\",\"itemListElement\":[{\"@type\":\"ListItem\",\"position\":1,\"name\":\"In\u00edcio\",\"item\":\"https:\\\/\\\/regiaonews.net.br\\\/2022\\\/\"},{\"@type\":\"ListItem\",\"position\":2,\"name\":\"C\u00e2ncer de pr\u00f3stata \u00e9 a segunda causa de mortes de homens\"}]},{\"@type\":\"WebSite\",\"@id\":\"https:\\\/\\\/regiaonews.net.br\\\/2022\\\/#website\",\"url\":\"https:\\\/\\\/regiaonews.net.br\\\/2022\\\/\",\"name\":\"Regi\u00e3o News\",\"description\":\"Site de Not\u00edcias de Barretos e regi\u00e3o\",\"publisher\":{\"@id\":\"https:\\\/\\\/regiaonews.net.br\\\/2022\\\/#organization\"},\"potentialAction\":[{\"@type\":\"SearchAction\",\"target\":{\"@type\":\"EntryPoint\",\"urlTemplate\":\"https:\\\/\\\/regiaonews.net.br\\\/2022\\\/?s={search_term_string}\"},\"query-input\":{\"@type\":\"PropertyValueSpecification\",\"valueRequired\":true,\"valueName\":\"search_term_string\"}}],\"inLanguage\":\"pt-BR\"},{\"@type\":\"Organization\",\"@id\":\"https:\\\/\\\/regiaonews.net.br\\\/2022\\\/#organization\",\"name\":\"Regi\u00e3o News\",\"url\":\"https:\\\/\\\/regiaonews.net.br\\\/2022\\\/\",\"logo\":{\"@type\":\"ImageObject\",\"inLanguage\":\"pt-BR\",\"@id\":\"https:\\\/\\\/regiaonews.net.br\\\/2022\\\/#\\\/schema\\\/logo\\\/image\\\/\",\"url\":\"https:\\\/\\\/regiaonews.net.br\\\/2022\\\/wp-content\\\/uploads\\\/2026\\\/03\\\/regiao-13-anos-scaled.jpg\",\"contentUrl\":\"https:\\\/\\\/regiaonews.net.br\\\/2022\\\/wp-content\\\/uploads\\\/2026\\\/03\\\/regiao-13-anos-scaled.jpg\",\"width\":2560,\"height\":635,\"caption\":\"Regi\u00e3o News\"},\"image\":{\"@id\":\"https:\\\/\\\/regiaonews.net.br\\\/2022\\\/#\\\/schema\\\/logo\\\/image\\\/\"}},{\"@type\":\"Person\",\"@id\":\"https:\\\/\\\/regiaonews.net.br\\\/2022\\\/#\\\/schema\\\/person\\\/2d205a608a5aa97ac279d7a5e6d89ad8\",\"name\":\"Roberto\",\"image\":{\"@type\":\"ImageObject\",\"inLanguage\":\"pt-BR\",\"@id\":\"https:\\\/\\\/secure.gravatar.com\\\/avatar\\\/42749d8b712ff9d59ca93dc150494e5b55a44134482993f5baeb97e61b7ecc89?s=96&d=mm&r=g\",\"url\":\"https:\\\/\\\/secure.gravatar.com\\\/avatar\\\/42749d8b712ff9d59ca93dc150494e5b55a44134482993f5baeb97e61b7ecc89?s=96&d=mm&r=g\",\"contentUrl\":\"https:\\\/\\\/secure.gravatar.com\\\/avatar\\\/42749d8b712ff9d59ca93dc150494e5b55a44134482993f5baeb97e61b7ecc89?s=96&d=mm&r=g\",\"caption\":\"Roberto\"},\"url\":\"https:\\\/\\\/regiaonews.net.br\\\/2022\\\/author\\\/roberto\\\/\"}]}<\/script>\n<!-- \/ Yoast SEO plugin. -->","yoast_head_json":{"title":"C\u00e2ncer de pr\u00f3stata \u00e9 a segunda causa de mortes de homens - Regi\u00e3o News","robots":{"index":"index","follow":"follow","max-snippet":"max-snippet:-1","max-image-preview":"max-image-preview:large","max-video-preview":"max-video-preview:-1"},"canonical":"https:\/\/regiaonews.net.br\/2022\/2021\/11\/12\/cancer-de-prostata-e-a-segunda-causa-de-mortes-de-homens\/","og_locale":"pt_BR","og_type":"article","og_title":"C\u00e2ncer de pr\u00f3stata \u00e9 a segunda causa de mortes de homens - Regi\u00e3o News","og_description":"Neste m\u00eas de novembro, est\u00e1 em andamento a campanha Novembro","og_url":"https:\/\/regiaonews.net.br\/2022\/2021\/11\/12\/cancer-de-prostata-e-a-segunda-causa-de-mortes-de-homens\/","og_site_name":"Regi\u00e3o News","article_published_time":"2021-11-12T14:55:45+00:00","article_modified_time":"2021-11-12T16:41:21+00:00","og_image":[{"width":1618,"height":1080,"url":"https:\/\/regiaonews.net.br\/2022\/wp-content\/uploads\/2021\/11\/Dr.-Roberto.jpg","type":"image\/jpeg"}],"author":"Roberto","twitter_card":"summary_large_image","twitter_misc":{"Escrito por":"Roberto","Est. tempo de leitura":"2 minutos"},"schema":{"@context":"https:\/\/schema.org","@graph":[{"@type":"Article","@id":"https:\/\/regiaonews.net.br\/2022\/2021\/11\/12\/cancer-de-prostata-e-a-segunda-causa-de-mortes-de-homens\/#article","isPartOf":{"@id":"https:\/\/regiaonews.net.br\/2022\/2021\/11\/12\/cancer-de-prostata-e-a-segunda-causa-de-mortes-de-homens\/"},"author":{"name":"Roberto","@id":"https:\/\/regiaonews.net.br\/2022\/#\/schema\/person\/2d205a608a5aa97ac279d7a5e6d89ad8"},"headline":"C\u00e2ncer de pr\u00f3stata \u00e9 a segunda causa de mortes de homens","datePublished":"2021-11-12T14:55:45+00:00","dateModified":"2021-11-12T16:41:21+00:00","mainEntityOfPage":{"@id":"https:\/\/regiaonews.net.br\/2022\/2021\/11\/12\/cancer-de-prostata-e-a-segunda-causa-de-mortes-de-homens\/"},"wordCount":332,"commentCount":0,"publisher":{"@id":"https:\/\/regiaonews.net.br\/2022\/#organization"},"image":{"@id":"https:\/\/regiaonews.net.br\/2022\/2021\/11\/12\/cancer-de-prostata-e-a-segunda-causa-de-mortes-de-homens\/#primaryimage"},"thumbnailUrl":"https:\/\/regiaonews.net.br\/2022\/wp-content\/uploads\/2021\/11\/Dr.-Roberto.jpg","articleSection":["Barretos"],"inLanguage":"pt-BR","potentialAction":[{"@type":"CommentAction","name":"Comment","target":["https:\/\/regiaonews.net.br\/2022\/2021\/11\/12\/cancer-de-prostata-e-a-segunda-causa-de-mortes-de-homens\/#respond"]}]},{"@type":"WebPage","@id":"https:\/\/regiaonews.net.br\/2022\/2021\/11\/12\/cancer-de-prostata-e-a-segunda-causa-de-mortes-de-homens\/","url":"https:\/\/regiaonews.net.br\/2022\/2021\/11\/12\/cancer-de-prostata-e-a-segunda-causa-de-mortes-de-homens\/","name":"C\u00e2ncer de pr\u00f3stata \u00e9 a segunda causa de mortes de homens - Regi\u00e3o News","isPartOf":{"@id":"https:\/\/regiaonews.net.br\/2022\/#website"},"primaryImageOfPage":{"@id":"https:\/\/regiaonews.net.br\/2022\/2021\/11\/12\/cancer-de-prostata-e-a-segunda-causa-de-mortes-de-homens\/#primaryimage"},"image":{"@id":"https:\/\/regiaonews.net.br\/2022\/2021\/11\/12\/cancer-de-prostata-e-a-segunda-causa-de-mortes-de-homens\/#primaryimage"},"thumbnailUrl":"https:\/\/regiaonews.net.br\/2022\/wp-content\/uploads\/2021\/11\/Dr.-Roberto.jpg","datePublished":"2021-11-12T14:55:45+00:00","dateModified":"2021-11-12T16:41:21+00:00","breadcrumb":{"@id":"https:\/\/regiaonews.net.br\/2022\/2021\/11\/12\/cancer-de-prostata-e-a-segunda-causa-de-mortes-de-homens\/#breadcrumb"},"inLanguage":"pt-BR","potentialAction":[{"@type":"ReadAction","target":["https:\/\/regiaonews.net.br\/2022\/2021\/11\/12\/cancer-de-prostata-e-a-segunda-causa-de-mortes-de-homens\/"]}]},{"@type":"ImageObject","inLanguage":"pt-BR","@id":"https:\/\/regiaonews.net.br\/2022\/2021\/11\/12\/cancer-de-prostata-e-a-segunda-causa-de-mortes-de-homens\/#primaryimage","url":"https:\/\/regiaonews.net.br\/2022\/wp-content\/uploads\/2021\/11\/Dr.-Roberto.jpg","contentUrl":"https:\/\/regiaonews.net.br\/2022\/wp-content\/uploads\/2021\/11\/Dr.-Roberto.jpg","width":1618,"height":1080},{"@type":"BreadcrumbList","@id":"https:\/\/regiaonews.net.br\/2022\/2021\/11\/12\/cancer-de-prostata-e-a-segunda-causa-de-mortes-de-homens\/#breadcrumb","itemListElement":[{"@type":"ListItem","position":1,"name":"In\u00edcio","item":"https:\/\/regiaonews.net.br\/2022\/"},{"@type":"ListItem","position":2,"name":"C\u00e2ncer de pr\u00f3stata \u00e9 a segunda causa de mortes de homens"}]},{"@type":"WebSite","@id":"https:\/\/regiaonews.net.br\/2022\/#website","url":"https:\/\/regiaonews.net.br\/2022\/","name":"Regi\u00e3o News","description":"Site de Not\u00edcias de Barretos e regi\u00e3o","publisher":{"@id":"https:\/\/regiaonews.net.br\/2022\/#organization"},"potentialAction":[{"@type":"SearchAction","target":{"@type":"EntryPoint","urlTemplate":"https:\/\/regiaonews.net.br\/2022\/?s={search_term_string}"},"query-input":{"@type":"PropertyValueSpecification","valueRequired":true,"valueName":"search_term_string"}}],"inLanguage":"pt-BR"},{"@type":"Organization","@id":"https:\/\/regiaonews.net.br\/2022\/#organization","name":"Regi\u00e3o News","url":"https:\/\/regiaonews.net.br\/2022\/","logo":{"@type":"ImageObject","inLanguage":"pt-BR","@id":"https:\/\/regiaonews.net.br\/2022\/#\/schema\/logo\/image\/","url":"https:\/\/regiaonews.net.br\/2022\/wp-content\/uploads\/2026\/03\/regiao-13-anos-scaled.jpg","contentUrl":"https:\/\/regiaonews.net.br\/2022\/wp-content\/uploads\/2026\/03\/regiao-13-anos-scaled.jpg","width":2560,"height":635,"caption":"Regi\u00e3o News"},"image":{"@id":"https:\/\/regiaonews.net.br\/2022\/#\/schema\/logo\/image\/"}},{"@type":"Person","@id":"https:\/\/regiaonews.net.br\/2022\/#\/schema\/person\/2d205a608a5aa97ac279d7a5e6d89ad8","name":"Roberto","image":{"@type":"ImageObject","inLanguage":"pt-BR","@id":"https:\/\/secure.gravatar.com\/avatar\/42749d8b712ff9d59ca93dc150494e5b55a44134482993f5baeb97e61b7ecc89?s=96&d=mm&r=g","url":"https:\/\/secure.gravatar.com\/avatar\/42749d8b712ff9d59ca93dc150494e5b55a44134482993f5baeb97e61b7ecc89?s=96&d=mm&r=g","contentUrl":"https:\/\/secure.gravatar.com\/avatar\/42749d8b712ff9d59ca93dc150494e5b55a44134482993f5baeb97e61b7ecc89?s=96&d=mm&r=g","caption":"Roberto"},"url":"https:\/\/regiaonews.net.br\/2022\/author\/roberto\/"}]}},"publishpress_future_action":{"enabled":false,"date":"2026-05-05 10:52:16","action":"change-status","newStatus":"draft","terms":[],"taxonomy":"category","extraData":[]},"publishpress_future_workflow_manual_trigger":{"enabledWorkflows":[]},"_links":{"self":[{"href":"https:\/\/regiaonews.net.br\/2022\/wp-json\/wp\/v2\/posts\/56129","targetHints":{"allow":["GET"]}}],"collection":[{"href":"https:\/\/regiaonews.net.br\/2022\/wp-json\/wp\/v2\/posts"}],"about":[{"href":"https:\/\/regiaonews.net.br\/2022\/wp-json\/wp\/v2\/types\/post"}],"author":[{"embeddable":true,"href":"https:\/\/regiaonews.net.br\/2022\/wp-json\/wp\/v2\/users\/2"}],"replies":[{"embeddable":true,"href":"https:\/\/regiaonews.net.br\/2022\/wp-json\/wp\/v2\/comments?post=56129"}],"version-history":[{"count":0,"href":"https:\/\/regiaonews.net.br\/2022\/wp-json\/wp\/v2\/posts\/56129\/revisions"}],"wp:featuredmedia":[{"embeddable":true,"href":"https:\/\/regiaonews.net.br\/2022\/wp-json\/wp\/v2\/media\/56130"}],"wp:attachment":[{"href":"https:\/\/regiaonews.net.br\/2022\/wp-json\/wp\/v2\/media?parent=56129"}],"wp:term":[{"taxonomy":"category","embeddable":true,"href":"https:\/\/regiaonews.net.br\/2022\/wp-json\/wp\/v2\/categories?post=56129"},{"taxonomy":"post_tag","embeddable":true,"href":"https:\/\/regiaonews.net.br\/2022\/wp-json\/wp\/v2\/tags?post=56129"}],"curies":[{"name":"wp","href":"https:\/\/api.w.org\/{rel}","templated":true}]}}