{"id":56057,"date":"2021-11-10T20:05:20","date_gmt":"2021-11-10T23:05:20","guid":{"rendered":"https:\/\/regiaonews.net.br\/2022\/?p=56057"},"modified":"2021-11-10T20:06:01","modified_gmt":"2021-11-10T23:06:01","slug":"impera-promove-a-semana-global-do-empreendedorismo-com-varias-atividades-em-franca","status":"publish","type":"post","link":"https:\/\/regiaonews.net.br\/2022\/2021\/11\/10\/impera-promove-a-semana-global-do-empreendedorismo-com-varias-atividades-em-franca\/","title":{"rendered":"IMPERA promove a \u2018Semana Global do Empreendedorismo\u2019 com v\u00e1rias atividades em Franca"},"content":{"rendered":"<div><em>De 15 a 19 de novembro est\u00e3o programadas palestras, oficinas e mesas-redondas sobre temas diversos para empreendedores, na sede da Incubadora de Empresas de Base Tecnol\u00f3gica<\/em><\/div>\n<div style=\"text-align: center;\"><a href=\"https:\/\/regiaonews.net.br\/2022\/wp-content\/uploads\/2021\/11\/WhatsApp-Image-2021-11-10-at-17.18.43.jpeg\"><img loading=\"lazy\" decoding=\"async\" class=\"alignnone size-medium wp-image-56049\" src=\"https:\/\/regiaonews.net.br\/2022\/wp-content\/uploads\/2021\/11\/WhatsApp-Image-2021-11-10-at-17.18.43-300x200.jpeg\" alt=\"\" width=\"300\" height=\"200\" \/><\/a><\/div>\n<p>&nbsp;<\/p>\n<div>\n<p>Capacitar, inspirar e conectar. Esses s\u00e3o os principais objetivos da \u201cSemana Global do Empreendedorismo\u201d (SGE) que acontece em mais de 130 pa\u00edses neste m\u00eas de novembro. E a IMPERA (Incubadora de Empresas de Base Tecnol\u00f3gica de Franca) coloca Franca no calend\u00e1rio nacional com um evento presencial que acontece de 15 a 19 de novembro, com programa\u00e7\u00e3o de palestras, oficinas e mesas-redondas para empreendedores de diversos segmentos, com entrada gratuita. S\u00e3o 30 vagas para cada atividade e as inscri\u00e7\u00f5es devem ser feitas no link:\u00a0<a href=\"https:\/\/linktr.ee\/impera.franca\">linktr.ee\/impera.franca<\/a>.<\/p>\n<p>\u201cA SGE \u00e9 um movimento global, que busca fortalecer a cultura empreendedora por meio da conex\u00e3o e capacita\u00e7\u00e3o, inspirando as pessoas a empreender. Este movimento, repleto de atividades com diferentes p\u00fablicos e tem\u00e1ticas, re\u00fane milhares de organiza\u00e7\u00f5es e milh\u00f5es de pessoas em todo o mundo. E, neste ano, a IMPERA participa inserindo Franca neste calend\u00e1rio do empreendedorismo\u201d, diz Jean Dunkl, gestor da Incubadora.<\/p>\n<p>A \u201cSemana Global do Empreendedorismo\u201d na IMPERA vai reunir empreendedores e profissionais de diversos segmentos como advogados, psic\u00f3logos, gestores, designers, engenheiros, publicit\u00e1rios, administradores, entre outros, que v\u00e3o compartilhar conhecimento e experi\u00eancias voluntariamente. As atividades acontecem durante toda a semana, em dois hor\u00e1rios: \u00e0s 10h, as palestras; \u00e0s 18h, as mesas-redondas. As oficinas acontecem somente na ter\u00e7a e na quarta, \u00e0s 16h\u00a0<em>(confira a programa\u00e7\u00e3o completa abaixo)<\/em>.<\/p>\n<p>Na abertura do evento, segunda-feira (15\/11), \u00e0s 10h, o advogado Carlos Eduardo Silva J\u00fanior fala sobre \u201cA import\u00e2ncia dos Contratos Sociais e dos Acordos de S\u00f3cios\u201d e \u00e0s 18h, o psic\u00f3logo Diego Alves e a profissional de RH Karina Passos discutem o tema \u201cGest\u00e3o de Pessoas: home office e modelo h\u00edbrido de trabalho\u201d.<\/p>\n<p>\u201cA SGE acontece com foco em tr\u00eas pilares: capacitar, ou seja, auxiliar os participantes por meio de oportunidades de qualifica\u00e7\u00e3o; inspirar, com hist\u00f3rias e li\u00e7\u00f5es aprendidas por empreendedores; e conectar institui\u00e7\u00f5es e pessoas que fomentem um ambiente empreendedor. S\u00e3o com esses prop\u00f3sitos que atuamos na IMPERA, a fim de despertar e gerar networking para o nosso ecossistema e de toda a regi\u00e3o de Franca\u201d, ressalta Jean.<\/p>\n<p>A &#8220;Semana Global do\u00a0Empreendedorismo&#8221; foi criada em 2007 pelo ex-primeiro ministro brit\u00e2nico Gordon Brown. No Brasil, foi institu\u00edda no calend\u00e1rio nacional pela Lei 14.135, de 2021, sancionada em abril pelo presidente Jair Bolsonaro. A norma prev\u00ea a realiza\u00e7\u00e3o de atividades sobre o tema na terceira semana de novembro de cada ano e tem como objetivo desenvolver palestras, debates, semin\u00e1rios e outros eventos para fortalecer e disseminar a cultura empreendedora no pa\u00eds. A Lei pretende ainda estimular pol\u00edticas p\u00fablicas para melhorar o ambiente empreendedor brasileiro e apoiar atividades desenvolvidas por organiza\u00e7\u00f5es da sociedade civil em prol de um Brasil mais empreendedor.<\/p>\n<p><strong>SERVI\u00c7O<\/strong><br \/>\n<strong>\u2018Semana Global do\u00a0Empreendedorismo\u2019 na IMPERA<\/strong><br \/>\n<strong>Data:\u00a0<\/strong>de segunda (15\/11) a sexta-feira (19\/11)<br \/>\n<strong>Hor\u00e1rio:\u00a0<\/strong>10h (palestra), 16h (oficina) e 18h (mesa-redonda)<br \/>\n<strong>Local:\u00a0<\/strong>IMPERA \u2013 Rua Major Mendon\u00e7a, 1659 \u2013 Cidade Nova \u2013 Franca\/SP<br \/>\n<strong>Inscri\u00e7\u00f5es gratuitas:<\/strong>\u00a0<a href=\"https:\/\/linktr.ee\/impera.franca\">linktr.ee\/impera.franca<\/a><br \/>\n<strong>Informa\u00e7\u00f5es:<\/strong>\u00a0(16) 99974-5209 \/\u00a0<a href=\"mailto:impera.franca@gmail.com\">impera.franca@gmail.com<\/a>\u00a0\u00a0\/ Instagram: @impera.franca<\/p>\n<p><strong>A IMPERA<\/strong><br \/>\nInaugurada em novembro de 2018, com apoio da Prefeitura de Franca, junto ao Instituto Cidade do Cal\u00e7ado, a IMPERA (Incubadora de Empresas de Base Tecnol\u00f3gica de Franca) tem como objetivo fomentar o empreendedorismo, atrav\u00e9s do suporte a projetos e empresas com prop\u00f3sitos inovadores que est\u00e3o em fase inicial ou de desenvolvimento, e consolidar seus produtos e servi\u00e7os no mercado.<br \/>\nAtualmente, a IMPERA atende 13 startups (ADSrock, Coffee Box, Go Cluster, Homea, Mercad\u00e3o do Fabricante, NFeAgro, OLO, Omink, Perfil Sertanejo, Personal Alternativo, Pluga Cuca, Profinanc e Sistema Metha) que apresentam como proposta a inova\u00e7\u00e3o, incremental ou disruptiva, e solu\u00e7\u00f5es tecnol\u00f3gicas para os diversos segmentos como ind\u00fastria, varejo, educa\u00e7\u00e3o, agroneg\u00f3cio, sa\u00fade, alimenta\u00e7\u00e3o, mercado automotivo, e-commerce, marketplace, entre outros.<br \/>\nA IMPERA atua na integra\u00e7\u00e3o dos projetos incubados com o mercado, universidades e institui\u00e7\u00f5es, fornecendo estrutura f\u00edsica, capacita\u00e7\u00e3o e mentorias, propiciando um ambiente favor\u00e1vel para o desenvolvimento do ecossistema empreendedor.<\/p>\n<p><strong>PROGRAMA\u00c7\u00c3O<\/strong><\/p>\n<p><strong>Segunda-feira (15\/11)<\/strong><\/p>\n<p><strong>10h \u2013 Palestra: \u201cA import\u00e2ncia dos Contratos Sociais e dos Acordos de S\u00f3cios\u201d<\/strong><br \/>\n<strong>Convidado: Carlos Eduardo Silva J\u00fanior<\/strong>\u00a0&#8211; advogado do escrit\u00f3rio Mois\u00e9s, Volpe e Del Bianco Advogados. Especialista em Direito das Empresas pela Universidade de Coimbra e p\u00f3s-graduando em LL.M. de Direito Corporativo pelo IBMEC.<\/p>\n<p><strong>18h \u2013 Mesa-Redonda: \u201cGest\u00e3o de Pessoas: home office e modelo h\u00edbrido de trabalho\u201d<\/strong><br \/>\n<strong>Convidados:<\/strong><br \/>\n<strong>Karina Passos<\/strong>\u00a0&#8211; profissional de Recursos Humanos h\u00e1 20 anos, formada em Administra\u00e7\u00e3o de Empresas, com p\u00f3s-gradua\u00e7\u00e3o em Psicologia pelo Mackenzie. Atua na Brasilseg (BB Seguros) como respons\u00e1vel pela \u00e1rea de Recrutamento e Sele\u00e7\u00e3o de Franca, com foco em melhorar a experi\u00eancia do candidato, colaborador e cliente interno, criando a\u00e7\u00f5es e projetos que contribuam para a sua jornada.<\/p>\n<p><strong>Diego Alves\u00a0<\/strong>&#8211; consultor empresarial de Recursos Humanos, Gest\u00e3o de Pessoas e Cultura Organizacional na CPD Consultoria e psic\u00f3logo cl\u00ednico.<\/p>\n<p><strong>Ter\u00e7a-feira (16\/11)<\/strong><\/p>\n<p><strong>10h \u2013 Palestra:<\/strong>\u00a0<strong>\u201c<\/strong><strong>Gest\u00e3o empresarial &#8211; m\u00e9todos de controle\u201d<\/strong><br \/>\n<strong>Convidado: Lucas Pit Ribeiro &#8211;\u00a0<\/strong>consultor em Gest\u00e3o Financeira na CPD Consultoria, formado em Administra\u00e7\u00e3o e Ci\u00eancias Cont\u00e1beis pelo Uni-Facef e p\u00f3s-graduando em Controladoria e Finan\u00e7as, Auditoria e Planejamento Tribut\u00e1rio. Empreendedor, atua com o prop\u00f3sito de ajudar as empresas no seu desenvolvimento sustent\u00e1vel e cont\u00ednuo.<\/p>\n<p><strong>16h \u2013 Oficina: \u201cMetaverso e Realidade Aumentada\u201d<\/strong><br \/>\n<strong>Convidado: F\u00e1bio Garcia<\/strong>\u00a0&#8211; fundador da AREA, est\u00fadio de Realidade Aumentada. Formado em Gest\u00e3o de Tecnologia pela FIAP e cursando MBA de Mobile Development pela mesma institui\u00e7\u00e3o. Com mais de 30 anos de experi\u00eancia em marketing criou campanhas nacionais e internacionais quando morou em Nova Iorque por quatro anos.<br \/>\n<em>Material necess\u00e1rio p\/ participar:<\/em>\u00a0notebook com o software Blender instalado (gratuito &#8211;\u00a0<a href=\"http:\/\/www.blender.org\/download\/\">www.blender.org\/download\/<\/a>).<\/p>\n<p><strong>18h \u2013 Mesa-Redonda: \u201cA import\u00e2ncia das redes sociais no e-commerce\u201d<\/strong><br \/>\n<strong>Convidados:\u00a0<\/strong><br \/>\n<strong>Lucas Kalango\u00a0<\/strong>&#8211; atua h\u00e1 mais de 10 anos com servi\u00e7os para Internet, cofundador da MementoWeb Marketing Digital, que desenvolve cursos\/treinamentos, consultorias e servi\u00e7os.<\/p>\n<p><strong>Rafael Lira<\/strong>\u00a0&#8211; especialista em gest\u00e3o de tr\u00e1fego pago e diretor da ag\u00eancia de Marketing Digital Liraweb.<\/p>\n<p><strong>William Israel<\/strong>\u00a0&#8211; atua no setor de e-commerce e marketing digital desde 2013, \u00e9 s\u00f3cio-fundador da Snow Digital e atual presidente do Comit\u00ea de L\u00edderes de E-commerce de Franca\/SP.<\/p>\n<p><strong>Quarta-feira (17\/11)<\/strong><\/p>\n<p><strong>10h \u2013 Palestra: \u201cInova\u00e7\u00e3o e empreendedorismo: como virar a chave\u201d<\/strong><br \/>\n<strong>Convidado:\u00a0Victor Barbieratto<\/strong>\u00a0\u2013 com amplo conhecimento em todo o processo de planejamento, cria\u00e7\u00e3o e desenvolvimento de produtos e marcas, est\u00e1 \u00e0 frente da ag\u00eancia Barbieratto, liderando os projetos executados pelo time. \u00c9 graduado em Design de Produtos pela Unesp, com MBA em Gerenciamento de Projetos pela FGV e curso de especializa\u00e7\u00e3o em Gerenciamento de Projetos na Universidade de Ohio (EUA).<\/p>\n<p><strong>16h &#8211; Oficina: \u201cDescomplicando a impress\u00e3o 3D\u201d<\/strong><br \/>\n<strong>Convidado:<\/strong>\u00a0<strong>Eduardo Borges<\/strong>\u00a0&#8211; designer de Produtos, s\u00f3cio-fundador do Studio Calenzano de Design, escrit\u00f3rio especializado em design de produtos, desenvolvimento de modelos digitais, prototipagem r\u00e1pida e impress\u00e3o 3D.<\/p>\n<p><strong>18h \u2013 Mesa-Redonda: \u201cRevolu\u00e7\u00e3o Digital &#8211; a Tecnologia 4.0 e seus servi\u00e7os\u201d<\/strong><br \/>\n<strong>Convidados:<\/strong><br \/>\n<strong>Guilherme Artiles<\/strong>\u00a0\u2013 graduado em Engenharia da Computa\u00e7\u00e3o, com MBA em Administra\u00e7\u00e3o de Organiza\u00e7\u00f5es. Experi\u00eancia com Gest\u00e3o de Log\u00edstica Reversa para E-commerce e fus\u00e3o\/integra\u00e7\u00e3o de empresas adquiridas do Magazine Luiza. Atuou como gerente de Planejamento e Processos no e-commerce Dafiti e foi respons\u00e1vel pela cria\u00e7\u00e3o da primeira loja virtual de varejo de alimentos do interior de S\u00e3o Paulo, a Savegnago Online. \u00c9 cofundador e diretor de opera\u00e7\u00f5es da Hubsales (adquirida pelo Magalu em 2020), que atua com foco em DTC (Direct To Consumer) e ajuda as ind\u00fastrias a se conectarem no mundo digital.<\/p>\n<p><strong>Robinson Idalgo\u00a0<\/strong>\u2013 atua na \u00e1rea de inform\u00e1tica h\u00e1 mais de 20 anos, p\u00f3s-graduado em Gest\u00e3o de Tecnologia (Uni-Facef), s\u00f3cio da SoftUp Sistemas, um dos fundadores do Polo Francano de TI (n\u00facleo de empreendedores da Acif \u2013 Associa\u00e7\u00e3o do Com\u00e9rcio e Ind\u00fastria de Franca), atua focado em software de Sistema de Gest\u00e3o Empresarial com clientes e parceiros em todo o Brasil.<\/p>\n<p><strong>Quinta-feira (18\/11)<\/strong><br \/>\n<strong>10h \u2013 Palestra: \u201cVoc\u00ea n\u00e3o \u00e9 empreendedor se&#8230;\u201d<\/strong><br \/>\n<strong>Convidado: Zanone Neto\u00a0<\/strong>&#8211;\u00a0empreende desde crian\u00e7a. Com 10 anos j\u00e1 vendia produtos da empresa do seu pai, como mandioca. Sempre ligado a vendas, gest\u00e3o e marketing, com 21 anos abriu o seu primeiro neg\u00f3cio em Franca, a Coxinetto, uma empresa de fast-food de coxinhas gourmet, que foi vendida dois anos depois. Hoje, aos 23 anos, empreende com seu pai na Elias Congelados, onde atua como gerente comercial, e comanda o e-commerce de bolsas ShopBag.<\/p>\n<p><strong>18h \u2013 Mesa-Redonda: \u201cEmpreendedorismo como prop\u00f3sito de vida\u201d<\/strong><br \/>\n<strong>Convidados:<\/strong><br \/>\n<strong>Mario Arias Martinez &#8211;\u00a0<\/strong>empres\u00e1rio dos ramos de Tecnologia, Constru\u00e7\u00e3o Civil e Agroneg\u00f3cio. Graduado em Tecnologia da Informa\u00e7\u00e3o e p\u00f3s-graduado em An\u00e1lise de Sistemas (Universidade de Franca) e Gest\u00e3o de Neg\u00f3cios pela Faculdade de Ci\u00eancias Econ\u00f4micas e Cont\u00e1beis de Franca. Diretor comercial da CHB Sistemas, presidente da Funda\u00e7\u00e3o Esp\u00edrita Allan Kardec e vice-presidente do Idefran (Instituto de Divulga\u00e7\u00e3o Esp\u00edrita de Franca).<\/p>\n<p><strong>Silvia Alonso y Alonso Bittar Cunha\u00a0<\/strong>&#8211; gestora Regional do Sabin Medicina Diagn\u00f3stica de Franca, s\u00f3cia da Emp\u00f3rio das Lixeiras e docente da disciplina de Empreendedorismo no Uni-Facef. Graduada em Administra\u00e7\u00e3o e mestre em Gest\u00e3o Empresarial pelo Uni-Facef. Presidente da Fipec (Funda\u00e7\u00e3o Instituto de Pesquisa, Ensino e Cultura de Franca), membro do Conselho Deliberativo da Acif (Associa\u00e7\u00e3o do Com\u00e9rcio e Ind\u00fastria de Franca), membro do Grupo Mulheres do Brasil.<\/p>\n<p><strong>Sexta-feira (19\/11)<\/strong><\/p>\n<p><strong>10h \u2013 Palestra: \u201cNegocia\u00e7\u00e3o e Vendas: os pilares para o sucesso comercial\u201d<\/strong><br \/>\n<strong>Convidado: Fabiano Torres<\/strong>\u00a0\u2013 empreendedor, especialista em Gest\u00e3o e Tecnologia, possui mais de 20 anos de experi\u00eancia desenvolvendo projetos de tecnologia para empresas como Microsoft, Vale, Citibank e Ita\u00fa BBA. \u00c9 s\u00f3cio-fundador da Profinanc, startup com o prop\u00f3sito de otimizar a pesquisa e contrata\u00e7\u00e3o de financiamento de ve\u00edculos nas concession\u00e1rias e revendas de autos.<\/p>\n<p><strong>18h \u2013 Mesa-Redonda: \u201cBranding &#8211; o poder da marca\u201d<\/strong><br \/>\n<strong>Convidados:<\/strong><br \/>\n<strong>Felipe Mart\u00ed &#8211;\u00a0<\/strong>comunicador especialista em muitas vertentes: escreve, dirige, fotografa e \u00e9 consultor. Com grande experi\u00eancia em diferentes setores, tem background para transitar por assuntos mercadol\u00f3gicos, administrativos e criativos. \u00c9 s\u00f3cio da Intelig\u00eancia Ventura &#8211; Consultoria de Marcas e Neg\u00f3cios, que atende players de alimentos, sa\u00fade e vestu\u00e1rio &#8211; e da EDC (Espacio de Color) &#8211; que figura entre as principais produtoras audiovisuais do interior paulista.<\/p>\n<p><strong>Vin\u00edcius Campos &#8211;\u00a0<\/strong>com 14 anos de experi\u00eancia no mercado de comunica\u00e7\u00e3o, \u00e9 um dos fundadores da Intelig\u00eancia Ventura &#8211; Consultoria de Marcas e Neg\u00f3cios. Respons\u00e1vel pelo reposicionamento da marca \u201cn\u00famero 1\u201d de botas de aventura do Brasil, a Macboot, e pela a digitaliza\u00e7\u00e3o da comunica\u00e7\u00e3o da quinta maior empresa de l\u00e1cteos do Brasil, a Jussara. Host do podcast \u201cL\u00edngua Presa\u201d, cofundador da marca Pedal Massa e, junto com outros grandes nomes, segue empreendendo com o lan\u00e7amento da Amplifica, uma empresa de comunica\u00e7\u00e3o em \u00e1udio, com foco em podcasts.<\/p>\n<\/div>\n<div><a href=\"https:\/\/regiaonews.net.br\/2022\/wp-content\/uploads\/2021\/11\/20c83116-5da2-f351-1e02-a261446bda4e.jpg\"><img loading=\"lazy\" decoding=\"async\" class=\"alignnone size-medium wp-image-56058\" src=\"https:\/\/regiaonews.net.br\/2022\/wp-content\/uploads\/2021\/11\/20c83116-5da2-f351-1e02-a261446bda4e-300x200.jpg\" alt=\"\" width=\"300\" height=\"200\" \/><\/a><\/div>\n","protected":false},"excerpt":{"rendered":"<p>De 15 a 19 de novembro est\u00e3o programadas palestras, oficinas<\/p>\n","protected":false},"author":2,"featured_media":56049,"comment_status":"open","ping_status":"open","sticky":false,"template":"","format":"standard","meta":{"footnotes":""},"categories":[25,72],"tags":[],"class_list":["post-56057","post","type-post","status-publish","format-standard","has-post-thumbnail","hentry","category-cidades","category-franca"],"yoast_head":"<!-- This site is optimized with the Yoast SEO plugin v27.4 - https:\/\/yoast.com\/product\/yoast-seo-wordpress\/ -->\n<title>IMPERA promove a \u2018Semana Global do Empreendedorismo\u2019 com v\u00e1rias atividades em Franca - Regi\u00e3o News<\/title>\n<meta name=\"robots\" content=\"index, follow, max-snippet:-1, max-image-preview:large, max-video-preview:-1\" \/>\n<link rel=\"canonical\" href=\"https:\/\/regiaonews.net.br\/2022\/2021\/11\/10\/impera-promove-a-semana-global-do-empreendedorismo-com-varias-atividades-em-franca\/\" \/>\n<meta property=\"og:locale\" content=\"pt_BR\" \/>\n<meta property=\"og:type\" content=\"article\" \/>\n<meta property=\"og:title\" content=\"IMPERA promove a \u2018Semana Global do Empreendedorismo\u2019 com v\u00e1rias atividades em Franca - Regi\u00e3o News\" \/>\n<meta property=\"og:description\" content=\"De 15 a 19 de novembro est\u00e3o programadas palestras, oficinas\" \/>\n<meta property=\"og:url\" content=\"https:\/\/regiaonews.net.br\/2022\/2021\/11\/10\/impera-promove-a-semana-global-do-empreendedorismo-com-varias-atividades-em-franca\/\" \/>\n<meta property=\"og:site_name\" content=\"Regi\u00e3o News\" \/>\n<meta property=\"article:published_time\" content=\"2021-11-10T23:05:20+00:00\" \/>\n<meta property=\"article:modified_time\" content=\"2021-11-10T23:06:01+00:00\" \/>\n<meta property=\"og:image\" content=\"https:\/\/regiaonews.net.br\/2022\/wp-content\/uploads\/2021\/11\/WhatsApp-Image-2021-11-10-at-17.18.43.jpeg\" \/>\n\t<meta property=\"og:image:width\" content=\"1280\" \/>\n\t<meta property=\"og:image:height\" content=\"853\" \/>\n\t<meta property=\"og:image:type\" content=\"image\/jpeg\" \/>\n<meta name=\"author\" content=\"Roberto\" \/>\n<meta name=\"twitter:card\" content=\"summary_large_image\" \/>\n<meta name=\"twitter:label1\" content=\"Escrito por\" \/>\n\t<meta name=\"twitter:data1\" content=\"Roberto\" \/>\n\t<meta name=\"twitter:label2\" content=\"Est. tempo de leitura\" \/>\n\t<meta name=\"twitter:data2\" content=\"9 minutos\" \/>\n<script type=\"application\/ld+json\" class=\"yoast-schema-graph\">{\"@context\":\"https:\\\/\\\/schema.org\",\"@graph\":[{\"@type\":\"Article\",\"@id\":\"https:\\\/\\\/regiaonews.net.br\\\/2022\\\/2021\\\/11\\\/10\\\/impera-promove-a-semana-global-do-empreendedorismo-com-varias-atividades-em-franca\\\/#article\",\"isPartOf\":{\"@id\":\"https:\\\/\\\/regiaonews.net.br\\\/2022\\\/2021\\\/11\\\/10\\\/impera-promove-a-semana-global-do-empreendedorismo-com-varias-atividades-em-franca\\\/\"},\"author\":{\"name\":\"Roberto\",\"@id\":\"https:\\\/\\\/regiaonews.net.br\\\/2022\\\/#\\\/schema\\\/person\\\/2d205a608a5aa97ac279d7a5e6d89ad8\"},\"headline\":\"IMPERA promove a \u2018Semana Global do Empreendedorismo\u2019 com v\u00e1rias atividades em Franca\",\"datePublished\":\"2021-11-10T23:05:20+00:00\",\"dateModified\":\"2021-11-10T23:06:01+00:00\",\"mainEntityOfPage\":{\"@id\":\"https:\\\/\\\/regiaonews.net.br\\\/2022\\\/2021\\\/11\\\/10\\\/impera-promove-a-semana-global-do-empreendedorismo-com-varias-atividades-em-franca\\\/\"},\"wordCount\":1908,\"commentCount\":0,\"publisher\":{\"@id\":\"https:\\\/\\\/regiaonews.net.br\\\/2022\\\/#organization\"},\"image\":{\"@id\":\"https:\\\/\\\/regiaonews.net.br\\\/2022\\\/2021\\\/11\\\/10\\\/impera-promove-a-semana-global-do-empreendedorismo-com-varias-atividades-em-franca\\\/#primaryimage\"},\"thumbnailUrl\":\"https:\\\/\\\/regiaonews.net.br\\\/2022\\\/wp-content\\\/uploads\\\/2021\\\/11\\\/WhatsApp-Image-2021-11-10-at-17.18.43.jpeg\",\"articleSection\":[\"Cidades\",\"Franca\"],\"inLanguage\":\"pt-BR\",\"potentialAction\":[{\"@type\":\"CommentAction\",\"name\":\"Comment\",\"target\":[\"https:\\\/\\\/regiaonews.net.br\\\/2022\\\/2021\\\/11\\\/10\\\/impera-promove-a-semana-global-do-empreendedorismo-com-varias-atividades-em-franca\\\/#respond\"]}]},{\"@type\":\"WebPage\",\"@id\":\"https:\\\/\\\/regiaonews.net.br\\\/2022\\\/2021\\\/11\\\/10\\\/impera-promove-a-semana-global-do-empreendedorismo-com-varias-atividades-em-franca\\\/\",\"url\":\"https:\\\/\\\/regiaonews.net.br\\\/2022\\\/2021\\\/11\\\/10\\\/impera-promove-a-semana-global-do-empreendedorismo-com-varias-atividades-em-franca\\\/\",\"name\":\"IMPERA promove a \u2018Semana Global do Empreendedorismo\u2019 com v\u00e1rias atividades em Franca - Regi\u00e3o News\",\"isPartOf\":{\"@id\":\"https:\\\/\\\/regiaonews.net.br\\\/2022\\\/#website\"},\"primaryImageOfPage\":{\"@id\":\"https:\\\/\\\/regiaonews.net.br\\\/2022\\\/2021\\\/11\\\/10\\\/impera-promove-a-semana-global-do-empreendedorismo-com-varias-atividades-em-franca\\\/#primaryimage\"},\"image\":{\"@id\":\"https:\\\/\\\/regiaonews.net.br\\\/2022\\\/2021\\\/11\\\/10\\\/impera-promove-a-semana-global-do-empreendedorismo-com-varias-atividades-em-franca\\\/#primaryimage\"},\"thumbnailUrl\":\"https:\\\/\\\/regiaonews.net.br\\\/2022\\\/wp-content\\\/uploads\\\/2021\\\/11\\\/WhatsApp-Image-2021-11-10-at-17.18.43.jpeg\",\"datePublished\":\"2021-11-10T23:05:20+00:00\",\"dateModified\":\"2021-11-10T23:06:01+00:00\",\"breadcrumb\":{\"@id\":\"https:\\\/\\\/regiaonews.net.br\\\/2022\\\/2021\\\/11\\\/10\\\/impera-promove-a-semana-global-do-empreendedorismo-com-varias-atividades-em-franca\\\/#breadcrumb\"},\"inLanguage\":\"pt-BR\",\"potentialAction\":[{\"@type\":\"ReadAction\",\"target\":[\"https:\\\/\\\/regiaonews.net.br\\\/2022\\\/2021\\\/11\\\/10\\\/impera-promove-a-semana-global-do-empreendedorismo-com-varias-atividades-em-franca\\\/\"]}]},{\"@type\":\"ImageObject\",\"inLanguage\":\"pt-BR\",\"@id\":\"https:\\\/\\\/regiaonews.net.br\\\/2022\\\/2021\\\/11\\\/10\\\/impera-promove-a-semana-global-do-empreendedorismo-com-varias-atividades-em-franca\\\/#primaryimage\",\"url\":\"https:\\\/\\\/regiaonews.net.br\\\/2022\\\/wp-content\\\/uploads\\\/2021\\\/11\\\/WhatsApp-Image-2021-11-10-at-17.18.43.jpeg\",\"contentUrl\":\"https:\\\/\\\/regiaonews.net.br\\\/2022\\\/wp-content\\\/uploads\\\/2021\\\/11\\\/WhatsApp-Image-2021-11-10-at-17.18.43.jpeg\",\"width\":1280,\"height\":853},{\"@type\":\"BreadcrumbList\",\"@id\":\"https:\\\/\\\/regiaonews.net.br\\\/2022\\\/2021\\\/11\\\/10\\\/impera-promove-a-semana-global-do-empreendedorismo-com-varias-atividades-em-franca\\\/#breadcrumb\",\"itemListElement\":[{\"@type\":\"ListItem\",\"position\":1,\"name\":\"In\u00edcio\",\"item\":\"https:\\\/\\\/regiaonews.net.br\\\/2022\\\/\"},{\"@type\":\"ListItem\",\"position\":2,\"name\":\"IMPERA promove a \u2018Semana Global do Empreendedorismo\u2019 com v\u00e1rias atividades em Franca\"}]},{\"@type\":\"WebSite\",\"@id\":\"https:\\\/\\\/regiaonews.net.br\\\/2022\\\/#website\",\"url\":\"https:\\\/\\\/regiaonews.net.br\\\/2022\\\/\",\"name\":\"Regi\u00e3o News\",\"description\":\"Site de Not\u00edcias de Barretos e regi\u00e3o\",\"publisher\":{\"@id\":\"https:\\\/\\\/regiaonews.net.br\\\/2022\\\/#organization\"},\"potentialAction\":[{\"@type\":\"SearchAction\",\"target\":{\"@type\":\"EntryPoint\",\"urlTemplate\":\"https:\\\/\\\/regiaonews.net.br\\\/2022\\\/?s={search_term_string}\"},\"query-input\":{\"@type\":\"PropertyValueSpecification\",\"valueRequired\":true,\"valueName\":\"search_term_string\"}}],\"inLanguage\":\"pt-BR\"},{\"@type\":\"Organization\",\"@id\":\"https:\\\/\\\/regiaonews.net.br\\\/2022\\\/#organization\",\"name\":\"Regi\u00e3o News\",\"url\":\"https:\\\/\\\/regiaonews.net.br\\\/2022\\\/\",\"logo\":{\"@type\":\"ImageObject\",\"inLanguage\":\"pt-BR\",\"@id\":\"https:\\\/\\\/regiaonews.net.br\\\/2022\\\/#\\\/schema\\\/logo\\\/image\\\/\",\"url\":\"https:\\\/\\\/regiaonews.net.br\\\/2022\\\/wp-content\\\/uploads\\\/2026\\\/03\\\/regiao-13-anos-scaled.jpg\",\"contentUrl\":\"https:\\\/\\\/regiaonews.net.br\\\/2022\\\/wp-content\\\/uploads\\\/2026\\\/03\\\/regiao-13-anos-scaled.jpg\",\"width\":2560,\"height\":635,\"caption\":\"Regi\u00e3o News\"},\"image\":{\"@id\":\"https:\\\/\\\/regiaonews.net.br\\\/2022\\\/#\\\/schema\\\/logo\\\/image\\\/\"}},{\"@type\":\"Person\",\"@id\":\"https:\\\/\\\/regiaonews.net.br\\\/2022\\\/#\\\/schema\\\/person\\\/2d205a608a5aa97ac279d7a5e6d89ad8\",\"name\":\"Roberto\",\"image\":{\"@type\":\"ImageObject\",\"inLanguage\":\"pt-BR\",\"@id\":\"https:\\\/\\\/secure.gravatar.com\\\/avatar\\\/42749d8b712ff9d59ca93dc150494e5b55a44134482993f5baeb97e61b7ecc89?s=96&d=mm&r=g\",\"url\":\"https:\\\/\\\/secure.gravatar.com\\\/avatar\\\/42749d8b712ff9d59ca93dc150494e5b55a44134482993f5baeb97e61b7ecc89?s=96&d=mm&r=g\",\"contentUrl\":\"https:\\\/\\\/secure.gravatar.com\\\/avatar\\\/42749d8b712ff9d59ca93dc150494e5b55a44134482993f5baeb97e61b7ecc89?s=96&d=mm&r=g\",\"caption\":\"Roberto\"},\"url\":\"https:\\\/\\\/regiaonews.net.br\\\/2022\\\/author\\\/roberto\\\/\"}]}<\/script>\n<!-- \/ Yoast SEO plugin. -->","yoast_head_json":{"title":"IMPERA promove a \u2018Semana Global do Empreendedorismo\u2019 com v\u00e1rias atividades em Franca - Regi\u00e3o News","robots":{"index":"index","follow":"follow","max-snippet":"max-snippet:-1","max-image-preview":"max-image-preview:large","max-video-preview":"max-video-preview:-1"},"canonical":"https:\/\/regiaonews.net.br\/2022\/2021\/11\/10\/impera-promove-a-semana-global-do-empreendedorismo-com-varias-atividades-em-franca\/","og_locale":"pt_BR","og_type":"article","og_title":"IMPERA promove a \u2018Semana Global do Empreendedorismo\u2019 com v\u00e1rias atividades em Franca - Regi\u00e3o News","og_description":"De 15 a 19 de novembro est\u00e3o programadas palestras, oficinas","og_url":"https:\/\/regiaonews.net.br\/2022\/2021\/11\/10\/impera-promove-a-semana-global-do-empreendedorismo-com-varias-atividades-em-franca\/","og_site_name":"Regi\u00e3o News","article_published_time":"2021-11-10T23:05:20+00:00","article_modified_time":"2021-11-10T23:06:01+00:00","og_image":[{"width":1280,"height":853,"url":"https:\/\/regiaonews.net.br\/2022\/wp-content\/uploads\/2021\/11\/WhatsApp-Image-2021-11-10-at-17.18.43.jpeg","type":"image\/jpeg"}],"author":"Roberto","twitter_card":"summary_large_image","twitter_misc":{"Escrito por":"Roberto","Est. tempo de leitura":"9 minutos"},"schema":{"@context":"https:\/\/schema.org","@graph":[{"@type":"Article","@id":"https:\/\/regiaonews.net.br\/2022\/2021\/11\/10\/impera-promove-a-semana-global-do-empreendedorismo-com-varias-atividades-em-franca\/#article","isPartOf":{"@id":"https:\/\/regiaonews.net.br\/2022\/2021\/11\/10\/impera-promove-a-semana-global-do-empreendedorismo-com-varias-atividades-em-franca\/"},"author":{"name":"Roberto","@id":"https:\/\/regiaonews.net.br\/2022\/#\/schema\/person\/2d205a608a5aa97ac279d7a5e6d89ad8"},"headline":"IMPERA promove a \u2018Semana Global do Empreendedorismo\u2019 com v\u00e1rias atividades em Franca","datePublished":"2021-11-10T23:05:20+00:00","dateModified":"2021-11-10T23:06:01+00:00","mainEntityOfPage":{"@id":"https:\/\/regiaonews.net.br\/2022\/2021\/11\/10\/impera-promove-a-semana-global-do-empreendedorismo-com-varias-atividades-em-franca\/"},"wordCount":1908,"commentCount":0,"publisher":{"@id":"https:\/\/regiaonews.net.br\/2022\/#organization"},"image":{"@id":"https:\/\/regiaonews.net.br\/2022\/2021\/11\/10\/impera-promove-a-semana-global-do-empreendedorismo-com-varias-atividades-em-franca\/#primaryimage"},"thumbnailUrl":"https:\/\/regiaonews.net.br\/2022\/wp-content\/uploads\/2021\/11\/WhatsApp-Image-2021-11-10-at-17.18.43.jpeg","articleSection":["Cidades","Franca"],"inLanguage":"pt-BR","potentialAction":[{"@type":"CommentAction","name":"Comment","target":["https:\/\/regiaonews.net.br\/2022\/2021\/11\/10\/impera-promove-a-semana-global-do-empreendedorismo-com-varias-atividades-em-franca\/#respond"]}]},{"@type":"WebPage","@id":"https:\/\/regiaonews.net.br\/2022\/2021\/11\/10\/impera-promove-a-semana-global-do-empreendedorismo-com-varias-atividades-em-franca\/","url":"https:\/\/regiaonews.net.br\/2022\/2021\/11\/10\/impera-promove-a-semana-global-do-empreendedorismo-com-varias-atividades-em-franca\/","name":"IMPERA promove a \u2018Semana Global do Empreendedorismo\u2019 com v\u00e1rias atividades em Franca - Regi\u00e3o News","isPartOf":{"@id":"https:\/\/regiaonews.net.br\/2022\/#website"},"primaryImageOfPage":{"@id":"https:\/\/regiaonews.net.br\/2022\/2021\/11\/10\/impera-promove-a-semana-global-do-empreendedorismo-com-varias-atividades-em-franca\/#primaryimage"},"image":{"@id":"https:\/\/regiaonews.net.br\/2022\/2021\/11\/10\/impera-promove-a-semana-global-do-empreendedorismo-com-varias-atividades-em-franca\/#primaryimage"},"thumbnailUrl":"https:\/\/regiaonews.net.br\/2022\/wp-content\/uploads\/2021\/11\/WhatsApp-Image-2021-11-10-at-17.18.43.jpeg","datePublished":"2021-11-10T23:05:20+00:00","dateModified":"2021-11-10T23:06:01+00:00","breadcrumb":{"@id":"https:\/\/regiaonews.net.br\/2022\/2021\/11\/10\/impera-promove-a-semana-global-do-empreendedorismo-com-varias-atividades-em-franca\/#breadcrumb"},"inLanguage":"pt-BR","potentialAction":[{"@type":"ReadAction","target":["https:\/\/regiaonews.net.br\/2022\/2021\/11\/10\/impera-promove-a-semana-global-do-empreendedorismo-com-varias-atividades-em-franca\/"]}]},{"@type":"ImageObject","inLanguage":"pt-BR","@id":"https:\/\/regiaonews.net.br\/2022\/2021\/11\/10\/impera-promove-a-semana-global-do-empreendedorismo-com-varias-atividades-em-franca\/#primaryimage","url":"https:\/\/regiaonews.net.br\/2022\/wp-content\/uploads\/2021\/11\/WhatsApp-Image-2021-11-10-at-17.18.43.jpeg","contentUrl":"https:\/\/regiaonews.net.br\/2022\/wp-content\/uploads\/2021\/11\/WhatsApp-Image-2021-11-10-at-17.18.43.jpeg","width":1280,"height":853},{"@type":"BreadcrumbList","@id":"https:\/\/regiaonews.net.br\/2022\/2021\/11\/10\/impera-promove-a-semana-global-do-empreendedorismo-com-varias-atividades-em-franca\/#breadcrumb","itemListElement":[{"@type":"ListItem","position":1,"name":"In\u00edcio","item":"https:\/\/regiaonews.net.br\/2022\/"},{"@type":"ListItem","position":2,"name":"IMPERA promove a \u2018Semana Global do Empreendedorismo\u2019 com v\u00e1rias atividades em Franca"}]},{"@type":"WebSite","@id":"https:\/\/regiaonews.net.br\/2022\/#website","url":"https:\/\/regiaonews.net.br\/2022\/","name":"Regi\u00e3o News","description":"Site de Not\u00edcias de Barretos e regi\u00e3o","publisher":{"@id":"https:\/\/regiaonews.net.br\/2022\/#organization"},"potentialAction":[{"@type":"SearchAction","target":{"@type":"EntryPoint","urlTemplate":"https:\/\/regiaonews.net.br\/2022\/?s={search_term_string}"},"query-input":{"@type":"PropertyValueSpecification","valueRequired":true,"valueName":"search_term_string"}}],"inLanguage":"pt-BR"},{"@type":"Organization","@id":"https:\/\/regiaonews.net.br\/2022\/#organization","name":"Regi\u00e3o News","url":"https:\/\/regiaonews.net.br\/2022\/","logo":{"@type":"ImageObject","inLanguage":"pt-BR","@id":"https:\/\/regiaonews.net.br\/2022\/#\/schema\/logo\/image\/","url":"https:\/\/regiaonews.net.br\/2022\/wp-content\/uploads\/2026\/03\/regiao-13-anos-scaled.jpg","contentUrl":"https:\/\/regiaonews.net.br\/2022\/wp-content\/uploads\/2026\/03\/regiao-13-anos-scaled.jpg","width":2560,"height":635,"caption":"Regi\u00e3o News"},"image":{"@id":"https:\/\/regiaonews.net.br\/2022\/#\/schema\/logo\/image\/"}},{"@type":"Person","@id":"https:\/\/regiaonews.net.br\/2022\/#\/schema\/person\/2d205a608a5aa97ac279d7a5e6d89ad8","name":"Roberto","image":{"@type":"ImageObject","inLanguage":"pt-BR","@id":"https:\/\/secure.gravatar.com\/avatar\/42749d8b712ff9d59ca93dc150494e5b55a44134482993f5baeb97e61b7ecc89?s=96&d=mm&r=g","url":"https:\/\/secure.gravatar.com\/avatar\/42749d8b712ff9d59ca93dc150494e5b55a44134482993f5baeb97e61b7ecc89?s=96&d=mm&r=g","contentUrl":"https:\/\/secure.gravatar.com\/avatar\/42749d8b712ff9d59ca93dc150494e5b55a44134482993f5baeb97e61b7ecc89?s=96&d=mm&r=g","caption":"Roberto"},"url":"https:\/\/regiaonews.net.br\/2022\/author\/roberto\/"}]}},"publishpress_future_action":{"enabled":false,"date":"2026-05-05 13:37:57","action":"change-status","newStatus":"draft","terms":[],"taxonomy":"category","extraData":[]},"publishpress_future_workflow_manual_trigger":{"enabledWorkflows":[]},"_links":{"self":[{"href":"https:\/\/regiaonews.net.br\/2022\/wp-json\/wp\/v2\/posts\/56057","targetHints":{"allow":["GET"]}}],"collection":[{"href":"https:\/\/regiaonews.net.br\/2022\/wp-json\/wp\/v2\/posts"}],"about":[{"href":"https:\/\/regiaonews.net.br\/2022\/wp-json\/wp\/v2\/types\/post"}],"author":[{"embeddable":true,"href":"https:\/\/regiaonews.net.br\/2022\/wp-json\/wp\/v2\/users\/2"}],"replies":[{"embeddable":true,"href":"https:\/\/regiaonews.net.br\/2022\/wp-json\/wp\/v2\/comments?post=56057"}],"version-history":[{"count":0,"href":"https:\/\/regiaonews.net.br\/2022\/wp-json\/wp\/v2\/posts\/56057\/revisions"}],"wp:featuredmedia":[{"embeddable":true,"href":"https:\/\/regiaonews.net.br\/2022\/wp-json\/wp\/v2\/media\/56049"}],"wp:attachment":[{"href":"https:\/\/regiaonews.net.br\/2022\/wp-json\/wp\/v2\/media?parent=56057"}],"wp:term":[{"taxonomy":"category","embeddable":true,"href":"https:\/\/regiaonews.net.br\/2022\/wp-json\/wp\/v2\/categories?post=56057"},{"taxonomy":"post_tag","embeddable":true,"href":"https:\/\/regiaonews.net.br\/2022\/wp-json\/wp\/v2\/tags?post=56057"}],"curies":[{"name":"wp","href":"https:\/\/api.w.org\/{rel}","templated":true}]}}