{"id":56026,"date":"2021-11-10T14:57:33","date_gmt":"2021-11-10T17:57:33","guid":{"rendered":"https:\/\/regiaonews.net.br\/2022\/?p=56026"},"modified":"2021-11-10T15:38:59","modified_gmt":"2021-11-10T18:38:59","slug":"barretense-registra-obras-do-cristo-protetor-em-construcao-na-cidade-de-encantado","status":"publish","type":"post","link":"https:\/\/regiaonews.net.br\/2022\/2021\/11\/10\/barretense-registra-obras-do-cristo-protetor-em-construcao-na-cidade-de-encantado\/","title":{"rendered":"Barretense registra obras do Cristo Protetor em constru\u00e7\u00e3o na cidade de Encantado"},"content":{"rendered":"<p><a href=\"https:\/\/regiaonews.net.br\/2022\/wp-content\/uploads\/2021\/11\/WhatsApp-Image-2021-11-10-at-13.31.18.jpeg\"><img loading=\"lazy\" decoding=\"async\" class=\"alignnone size-medium wp-image-56027\" src=\"https:\/\/regiaonews.net.br\/2022\/wp-content\/uploads\/2021\/11\/WhatsApp-Image-2021-11-10-at-13.31.18-300x169.jpeg\" alt=\"\" width=\"300\" height=\"169\" \/><\/a> <a href=\"https:\/\/regiaonews.net.br\/2022\/wp-content\/uploads\/2021\/11\/WhatsApp-Image-2021-11-10-at-13.31.19-1.jpeg\"><img loading=\"lazy\" decoding=\"async\" class=\"alignnone size-medium wp-image-56028\" src=\"https:\/\/regiaonews.net.br\/2022\/wp-content\/uploads\/2021\/11\/WhatsApp-Image-2021-11-10-at-13.31.19-1-224x300.jpeg\" alt=\"\" width=\"224\" height=\"300\" \/><\/a> <a href=\"https:\/\/regiaonews.net.br\/2022\/wp-content\/uploads\/2021\/11\/WhatsApp-Image-2021-11-10-at-13.31.19.jpeg\"><img loading=\"lazy\" decoding=\"async\" class=\"alignnone size-medium wp-image-56029\" src=\"https:\/\/regiaonews.net.br\/2022\/wp-content\/uploads\/2021\/11\/WhatsApp-Image-2021-11-10-at-13.31.19-300x169.jpeg\" alt=\"\" width=\"300\" height=\"169\" \/><\/a><a href=\"https:\/\/regiaonews.net.br\/2022\/wp-content\/uploads\/2021\/11\/WhatsApp-Image-2021-11-10-at-13.31.19-2.jpeg\"><img loading=\"lazy\" decoding=\"async\" class=\"alignnone size-medium wp-image-56030\" src=\"https:\/\/regiaonews.net.br\/2022\/wp-content\/uploads\/2021\/11\/WhatsApp-Image-2021-11-10-at-13.31.19-2-300x169.jpeg\" alt=\"\" width=\"300\" height=\"169\" \/><\/a><\/p>\n<p>O cinegrafista Leandro Campos, visitou nesta semana, a constru\u00e7\u00e3o do Cristo Protetor que est\u00e1 sendo constru\u00eddo na cidade de Encantado-RS, que tem 43 metros de altura. A obra est\u00e1 sendo constru\u00edda pelo engenheiro Artur Lopes de Souza e Markos Moura, que participou da constru\u00e7\u00e3o dos monumentos dedicados aos fundadores e ao berranteiro, em frente ao Recinto Paulo de Lima Correa. \u201cFiquei impressionado com o trabalho e a estrutura do projeto\u201d, afirmou o cinegrafista barretense.<\/p>\n","protected":false},"excerpt":{"rendered":"<p>O cinegrafista Leandro Campos, visitou nesta semana, a constru\u00e7\u00e3o do<\/p>\n","protected":false},"author":2,"featured_media":56029,"comment_status":"open","ping_status":"open","sticky":false,"template":"","format":"standard","meta":{"footnotes":""},"categories":[14,25],"tags":[],"class_list":["post-56026","post","type-post","status-publish","format-standard","has-post-thumbnail","hentry","category-barretos","category-cidades"],"yoast_head":"<!-- This site is optimized with the Yoast SEO plugin v27.4 - https:\/\/yoast.com\/product\/yoast-seo-wordpress\/ -->\n<title>Barretense registra obras do Cristo Protetor em constru\u00e7\u00e3o na cidade de Encantado - Regi\u00e3o News<\/title>\n<meta name=\"robots\" content=\"index, follow, max-snippet:-1, max-image-preview:large, max-video-preview:-1\" \/>\n<link rel=\"canonical\" href=\"https:\/\/regiaonews.net.br\/2022\/2021\/11\/10\/barretense-registra-obras-do-cristo-protetor-em-construcao-na-cidade-de-encantado\/\" \/>\n<meta property=\"og:locale\" content=\"pt_BR\" \/>\n<meta property=\"og:type\" content=\"article\" \/>\n<meta property=\"og:title\" content=\"Barretense registra obras do Cristo Protetor em constru\u00e7\u00e3o na cidade de Encantado - Regi\u00e3o News\" \/>\n<meta property=\"og:description\" content=\"O cinegrafista Leandro Campos, visitou nesta semana, a constru\u00e7\u00e3o do\" \/>\n<meta property=\"og:url\" content=\"https:\/\/regiaonews.net.br\/2022\/2021\/11\/10\/barretense-registra-obras-do-cristo-protetor-em-construcao-na-cidade-de-encantado\/\" \/>\n<meta property=\"og:site_name\" content=\"Regi\u00e3o News\" \/>\n<meta property=\"article:published_time\" content=\"2021-11-10T17:57:33+00:00\" \/>\n<meta property=\"article:modified_time\" content=\"2021-11-10T18:38:59+00:00\" \/>\n<meta property=\"og:image\" content=\"https:\/\/regiaonews.net.br\/2022\/wp-content\/uploads\/2021\/11\/WhatsApp-Image-2021-11-10-at-13.31.19.jpeg\" \/>\n\t<meta property=\"og:image:width\" content=\"1280\" \/>\n\t<meta property=\"og:image:height\" content=\"720\" \/>\n\t<meta property=\"og:image:type\" content=\"image\/jpeg\" \/>\n<meta name=\"author\" content=\"Roberto\" \/>\n<meta name=\"twitter:card\" content=\"summary_large_image\" \/>\n<meta name=\"twitter:label1\" content=\"Escrito por\" \/>\n\t<meta name=\"twitter:data1\" content=\"Roberto\" \/>\n<script type=\"application\/ld+json\" class=\"yoast-schema-graph\">{\"@context\":\"https:\\\/\\\/schema.org\",\"@graph\":[{\"@type\":\"Article\",\"@id\":\"https:\\\/\\\/regiaonews.net.br\\\/2022\\\/2021\\\/11\\\/10\\\/barretense-registra-obras-do-cristo-protetor-em-construcao-na-cidade-de-encantado\\\/#article\",\"isPartOf\":{\"@id\":\"https:\\\/\\\/regiaonews.net.br\\\/2022\\\/2021\\\/11\\\/10\\\/barretense-registra-obras-do-cristo-protetor-em-construcao-na-cidade-de-encantado\\\/\"},\"author\":{\"name\":\"Roberto\",\"@id\":\"https:\\\/\\\/regiaonews.net.br\\\/2022\\\/#\\\/schema\\\/person\\\/2d205a608a5aa97ac279d7a5e6d89ad8\"},\"headline\":\"Barretense registra obras do Cristo Protetor em constru\u00e7\u00e3o na cidade de Encantado\",\"datePublished\":\"2021-11-10T17:57:33+00:00\",\"dateModified\":\"2021-11-10T18:38:59+00:00\",\"mainEntityOfPage\":{\"@id\":\"https:\\\/\\\/regiaonews.net.br\\\/2022\\\/2021\\\/11\\\/10\\\/barretense-registra-obras-do-cristo-protetor-em-construcao-na-cidade-de-encantado\\\/\"},\"wordCount\":90,\"commentCount\":0,\"publisher\":{\"@id\":\"https:\\\/\\\/regiaonews.net.br\\\/2022\\\/#organization\"},\"image\":{\"@id\":\"https:\\\/\\\/regiaonews.net.br\\\/2022\\\/2021\\\/11\\\/10\\\/barretense-registra-obras-do-cristo-protetor-em-construcao-na-cidade-de-encantado\\\/#primaryimage\"},\"thumbnailUrl\":\"https:\\\/\\\/regiaonews.net.br\\\/2022\\\/wp-content\\\/uploads\\\/2021\\\/11\\\/WhatsApp-Image-2021-11-10-at-13.31.19.jpeg\",\"articleSection\":[\"Barretos\",\"Cidades\"],\"inLanguage\":\"pt-BR\",\"potentialAction\":[{\"@type\":\"CommentAction\",\"name\":\"Comment\",\"target\":[\"https:\\\/\\\/regiaonews.net.br\\\/2022\\\/2021\\\/11\\\/10\\\/barretense-registra-obras-do-cristo-protetor-em-construcao-na-cidade-de-encantado\\\/#respond\"]}]},{\"@type\":\"WebPage\",\"@id\":\"https:\\\/\\\/regiaonews.net.br\\\/2022\\\/2021\\\/11\\\/10\\\/barretense-registra-obras-do-cristo-protetor-em-construcao-na-cidade-de-encantado\\\/\",\"url\":\"https:\\\/\\\/regiaonews.net.br\\\/2022\\\/2021\\\/11\\\/10\\\/barretense-registra-obras-do-cristo-protetor-em-construcao-na-cidade-de-encantado\\\/\",\"name\":\"Barretense registra obras do Cristo Protetor em constru\u00e7\u00e3o na cidade de Encantado - Regi\u00e3o News\",\"isPartOf\":{\"@id\":\"https:\\\/\\\/regiaonews.net.br\\\/2022\\\/#website\"},\"primaryImageOfPage\":{\"@id\":\"https:\\\/\\\/regiaonews.net.br\\\/2022\\\/2021\\\/11\\\/10\\\/barretense-registra-obras-do-cristo-protetor-em-construcao-na-cidade-de-encantado\\\/#primaryimage\"},\"image\":{\"@id\":\"https:\\\/\\\/regiaonews.net.br\\\/2022\\\/2021\\\/11\\\/10\\\/barretense-registra-obras-do-cristo-protetor-em-construcao-na-cidade-de-encantado\\\/#primaryimage\"},\"thumbnailUrl\":\"https:\\\/\\\/regiaonews.net.br\\\/2022\\\/wp-content\\\/uploads\\\/2021\\\/11\\\/WhatsApp-Image-2021-11-10-at-13.31.19.jpeg\",\"datePublished\":\"2021-11-10T17:57:33+00:00\",\"dateModified\":\"2021-11-10T18:38:59+00:00\",\"breadcrumb\":{\"@id\":\"https:\\\/\\\/regiaonews.net.br\\\/2022\\\/2021\\\/11\\\/10\\\/barretense-registra-obras-do-cristo-protetor-em-construcao-na-cidade-de-encantado\\\/#breadcrumb\"},\"inLanguage\":\"pt-BR\",\"potentialAction\":[{\"@type\":\"ReadAction\",\"target\":[\"https:\\\/\\\/regiaonews.net.br\\\/2022\\\/2021\\\/11\\\/10\\\/barretense-registra-obras-do-cristo-protetor-em-construcao-na-cidade-de-encantado\\\/\"]}]},{\"@type\":\"ImageObject\",\"inLanguage\":\"pt-BR\",\"@id\":\"https:\\\/\\\/regiaonews.net.br\\\/2022\\\/2021\\\/11\\\/10\\\/barretense-registra-obras-do-cristo-protetor-em-construcao-na-cidade-de-encantado\\\/#primaryimage\",\"url\":\"https:\\\/\\\/regiaonews.net.br\\\/2022\\\/wp-content\\\/uploads\\\/2021\\\/11\\\/WhatsApp-Image-2021-11-10-at-13.31.19.jpeg\",\"contentUrl\":\"https:\\\/\\\/regiaonews.net.br\\\/2022\\\/wp-content\\\/uploads\\\/2021\\\/11\\\/WhatsApp-Image-2021-11-10-at-13.31.19.jpeg\",\"width\":1280,\"height\":720},{\"@type\":\"BreadcrumbList\",\"@id\":\"https:\\\/\\\/regiaonews.net.br\\\/2022\\\/2021\\\/11\\\/10\\\/barretense-registra-obras-do-cristo-protetor-em-construcao-na-cidade-de-encantado\\\/#breadcrumb\",\"itemListElement\":[{\"@type\":\"ListItem\",\"position\":1,\"name\":\"In\u00edcio\",\"item\":\"https:\\\/\\\/regiaonews.net.br\\\/2022\\\/\"},{\"@type\":\"ListItem\",\"position\":2,\"name\":\"Barretense registra obras do Cristo Protetor em constru\u00e7\u00e3o na cidade de Encantado\"}]},{\"@type\":\"WebSite\",\"@id\":\"https:\\\/\\\/regiaonews.net.br\\\/2022\\\/#website\",\"url\":\"https:\\\/\\\/regiaonews.net.br\\\/2022\\\/\",\"name\":\"Regi\u00e3o News\",\"description\":\"Site de Not\u00edcias de Barretos e regi\u00e3o\",\"publisher\":{\"@id\":\"https:\\\/\\\/regiaonews.net.br\\\/2022\\\/#organization\"},\"potentialAction\":[{\"@type\":\"SearchAction\",\"target\":{\"@type\":\"EntryPoint\",\"urlTemplate\":\"https:\\\/\\\/regiaonews.net.br\\\/2022\\\/?s={search_term_string}\"},\"query-input\":{\"@type\":\"PropertyValueSpecification\",\"valueRequired\":true,\"valueName\":\"search_term_string\"}}],\"inLanguage\":\"pt-BR\"},{\"@type\":\"Organization\",\"@id\":\"https:\\\/\\\/regiaonews.net.br\\\/2022\\\/#organization\",\"name\":\"Regi\u00e3o News\",\"url\":\"https:\\\/\\\/regiaonews.net.br\\\/2022\\\/\",\"logo\":{\"@type\":\"ImageObject\",\"inLanguage\":\"pt-BR\",\"@id\":\"https:\\\/\\\/regiaonews.net.br\\\/2022\\\/#\\\/schema\\\/logo\\\/image\\\/\",\"url\":\"https:\\\/\\\/regiaonews.net.br\\\/2022\\\/wp-content\\\/uploads\\\/2026\\\/03\\\/regiao-13-anos-scaled.jpg\",\"contentUrl\":\"https:\\\/\\\/regiaonews.net.br\\\/2022\\\/wp-content\\\/uploads\\\/2026\\\/03\\\/regiao-13-anos-scaled.jpg\",\"width\":2560,\"height\":635,\"caption\":\"Regi\u00e3o News\"},\"image\":{\"@id\":\"https:\\\/\\\/regiaonews.net.br\\\/2022\\\/#\\\/schema\\\/logo\\\/image\\\/\"}},{\"@type\":\"Person\",\"@id\":\"https:\\\/\\\/regiaonews.net.br\\\/2022\\\/#\\\/schema\\\/person\\\/2d205a608a5aa97ac279d7a5e6d89ad8\",\"name\":\"Roberto\",\"image\":{\"@type\":\"ImageObject\",\"inLanguage\":\"pt-BR\",\"@id\":\"https:\\\/\\\/secure.gravatar.com\\\/avatar\\\/42749d8b712ff9d59ca93dc150494e5b55a44134482993f5baeb97e61b7ecc89?s=96&d=mm&r=g\",\"url\":\"https:\\\/\\\/secure.gravatar.com\\\/avatar\\\/42749d8b712ff9d59ca93dc150494e5b55a44134482993f5baeb97e61b7ecc89?s=96&d=mm&r=g\",\"contentUrl\":\"https:\\\/\\\/secure.gravatar.com\\\/avatar\\\/42749d8b712ff9d59ca93dc150494e5b55a44134482993f5baeb97e61b7ecc89?s=96&d=mm&r=g\",\"caption\":\"Roberto\"},\"url\":\"https:\\\/\\\/regiaonews.net.br\\\/2022\\\/author\\\/roberto\\\/\"}]}<\/script>\n<!-- \/ Yoast SEO plugin. -->","yoast_head_json":{"title":"Barretense registra obras do Cristo Protetor em constru\u00e7\u00e3o na cidade de Encantado - Regi\u00e3o News","robots":{"index":"index","follow":"follow","max-snippet":"max-snippet:-1","max-image-preview":"max-image-preview:large","max-video-preview":"max-video-preview:-1"},"canonical":"https:\/\/regiaonews.net.br\/2022\/2021\/11\/10\/barretense-registra-obras-do-cristo-protetor-em-construcao-na-cidade-de-encantado\/","og_locale":"pt_BR","og_type":"article","og_title":"Barretense registra obras do Cristo Protetor em constru\u00e7\u00e3o na cidade de Encantado - Regi\u00e3o News","og_description":"O cinegrafista Leandro Campos, visitou nesta semana, a constru\u00e7\u00e3o do","og_url":"https:\/\/regiaonews.net.br\/2022\/2021\/11\/10\/barretense-registra-obras-do-cristo-protetor-em-construcao-na-cidade-de-encantado\/","og_site_name":"Regi\u00e3o News","article_published_time":"2021-11-10T17:57:33+00:00","article_modified_time":"2021-11-10T18:38:59+00:00","og_image":[{"width":1280,"height":720,"url":"https:\/\/regiaonews.net.br\/2022\/wp-content\/uploads\/2021\/11\/WhatsApp-Image-2021-11-10-at-13.31.19.jpeg","type":"image\/jpeg"}],"author":"Roberto","twitter_card":"summary_large_image","twitter_misc":{"Escrito por":"Roberto"},"schema":{"@context":"https:\/\/schema.org","@graph":[{"@type":"Article","@id":"https:\/\/regiaonews.net.br\/2022\/2021\/11\/10\/barretense-registra-obras-do-cristo-protetor-em-construcao-na-cidade-de-encantado\/#article","isPartOf":{"@id":"https:\/\/regiaonews.net.br\/2022\/2021\/11\/10\/barretense-registra-obras-do-cristo-protetor-em-construcao-na-cidade-de-encantado\/"},"author":{"name":"Roberto","@id":"https:\/\/regiaonews.net.br\/2022\/#\/schema\/person\/2d205a608a5aa97ac279d7a5e6d89ad8"},"headline":"Barretense registra obras do Cristo Protetor em constru\u00e7\u00e3o na cidade de Encantado","datePublished":"2021-11-10T17:57:33+00:00","dateModified":"2021-11-10T18:38:59+00:00","mainEntityOfPage":{"@id":"https:\/\/regiaonews.net.br\/2022\/2021\/11\/10\/barretense-registra-obras-do-cristo-protetor-em-construcao-na-cidade-de-encantado\/"},"wordCount":90,"commentCount":0,"publisher":{"@id":"https:\/\/regiaonews.net.br\/2022\/#organization"},"image":{"@id":"https:\/\/regiaonews.net.br\/2022\/2021\/11\/10\/barretense-registra-obras-do-cristo-protetor-em-construcao-na-cidade-de-encantado\/#primaryimage"},"thumbnailUrl":"https:\/\/regiaonews.net.br\/2022\/wp-content\/uploads\/2021\/11\/WhatsApp-Image-2021-11-10-at-13.31.19.jpeg","articleSection":["Barretos","Cidades"],"inLanguage":"pt-BR","potentialAction":[{"@type":"CommentAction","name":"Comment","target":["https:\/\/regiaonews.net.br\/2022\/2021\/11\/10\/barretense-registra-obras-do-cristo-protetor-em-construcao-na-cidade-de-encantado\/#respond"]}]},{"@type":"WebPage","@id":"https:\/\/regiaonews.net.br\/2022\/2021\/11\/10\/barretense-registra-obras-do-cristo-protetor-em-construcao-na-cidade-de-encantado\/","url":"https:\/\/regiaonews.net.br\/2022\/2021\/11\/10\/barretense-registra-obras-do-cristo-protetor-em-construcao-na-cidade-de-encantado\/","name":"Barretense registra obras do Cristo Protetor em constru\u00e7\u00e3o na cidade de Encantado - Regi\u00e3o News","isPartOf":{"@id":"https:\/\/regiaonews.net.br\/2022\/#website"},"primaryImageOfPage":{"@id":"https:\/\/regiaonews.net.br\/2022\/2021\/11\/10\/barretense-registra-obras-do-cristo-protetor-em-construcao-na-cidade-de-encantado\/#primaryimage"},"image":{"@id":"https:\/\/regiaonews.net.br\/2022\/2021\/11\/10\/barretense-registra-obras-do-cristo-protetor-em-construcao-na-cidade-de-encantado\/#primaryimage"},"thumbnailUrl":"https:\/\/regiaonews.net.br\/2022\/wp-content\/uploads\/2021\/11\/WhatsApp-Image-2021-11-10-at-13.31.19.jpeg","datePublished":"2021-11-10T17:57:33+00:00","dateModified":"2021-11-10T18:38:59+00:00","breadcrumb":{"@id":"https:\/\/regiaonews.net.br\/2022\/2021\/11\/10\/barretense-registra-obras-do-cristo-protetor-em-construcao-na-cidade-de-encantado\/#breadcrumb"},"inLanguage":"pt-BR","potentialAction":[{"@type":"ReadAction","target":["https:\/\/regiaonews.net.br\/2022\/2021\/11\/10\/barretense-registra-obras-do-cristo-protetor-em-construcao-na-cidade-de-encantado\/"]}]},{"@type":"ImageObject","inLanguage":"pt-BR","@id":"https:\/\/regiaonews.net.br\/2022\/2021\/11\/10\/barretense-registra-obras-do-cristo-protetor-em-construcao-na-cidade-de-encantado\/#primaryimage","url":"https:\/\/regiaonews.net.br\/2022\/wp-content\/uploads\/2021\/11\/WhatsApp-Image-2021-11-10-at-13.31.19.jpeg","contentUrl":"https:\/\/regiaonews.net.br\/2022\/wp-content\/uploads\/2021\/11\/WhatsApp-Image-2021-11-10-at-13.31.19.jpeg","width":1280,"height":720},{"@type":"BreadcrumbList","@id":"https:\/\/regiaonews.net.br\/2022\/2021\/11\/10\/barretense-registra-obras-do-cristo-protetor-em-construcao-na-cidade-de-encantado\/#breadcrumb","itemListElement":[{"@type":"ListItem","position":1,"name":"In\u00edcio","item":"https:\/\/regiaonews.net.br\/2022\/"},{"@type":"ListItem","position":2,"name":"Barretense registra obras do Cristo Protetor em constru\u00e7\u00e3o na cidade de Encantado"}]},{"@type":"WebSite","@id":"https:\/\/regiaonews.net.br\/2022\/#website","url":"https:\/\/regiaonews.net.br\/2022\/","name":"Regi\u00e3o News","description":"Site de Not\u00edcias de Barretos e regi\u00e3o","publisher":{"@id":"https:\/\/regiaonews.net.br\/2022\/#organization"},"potentialAction":[{"@type":"SearchAction","target":{"@type":"EntryPoint","urlTemplate":"https:\/\/regiaonews.net.br\/2022\/?s={search_term_string}"},"query-input":{"@type":"PropertyValueSpecification","valueRequired":true,"valueName":"search_term_string"}}],"inLanguage":"pt-BR"},{"@type":"Organization","@id":"https:\/\/regiaonews.net.br\/2022\/#organization","name":"Regi\u00e3o News","url":"https:\/\/regiaonews.net.br\/2022\/","logo":{"@type":"ImageObject","inLanguage":"pt-BR","@id":"https:\/\/regiaonews.net.br\/2022\/#\/schema\/logo\/image\/","url":"https:\/\/regiaonews.net.br\/2022\/wp-content\/uploads\/2026\/03\/regiao-13-anos-scaled.jpg","contentUrl":"https:\/\/regiaonews.net.br\/2022\/wp-content\/uploads\/2026\/03\/regiao-13-anos-scaled.jpg","width":2560,"height":635,"caption":"Regi\u00e3o News"},"image":{"@id":"https:\/\/regiaonews.net.br\/2022\/#\/schema\/logo\/image\/"}},{"@type":"Person","@id":"https:\/\/regiaonews.net.br\/2022\/#\/schema\/person\/2d205a608a5aa97ac279d7a5e6d89ad8","name":"Roberto","image":{"@type":"ImageObject","inLanguage":"pt-BR","@id":"https:\/\/secure.gravatar.com\/avatar\/42749d8b712ff9d59ca93dc150494e5b55a44134482993f5baeb97e61b7ecc89?s=96&d=mm&r=g","url":"https:\/\/secure.gravatar.com\/avatar\/42749d8b712ff9d59ca93dc150494e5b55a44134482993f5baeb97e61b7ecc89?s=96&d=mm&r=g","contentUrl":"https:\/\/secure.gravatar.com\/avatar\/42749d8b712ff9d59ca93dc150494e5b55a44134482993f5baeb97e61b7ecc89?s=96&d=mm&r=g","caption":"Roberto"},"url":"https:\/\/regiaonews.net.br\/2022\/author\/roberto\/"}]}},"publishpress_future_action":{"enabled":false,"date":"2026-05-05 10:09:09","action":"change-status","newStatus":"draft","terms":[],"taxonomy":"category","extraData":[]},"publishpress_future_workflow_manual_trigger":{"enabledWorkflows":[]},"_links":{"self":[{"href":"https:\/\/regiaonews.net.br\/2022\/wp-json\/wp\/v2\/posts\/56026","targetHints":{"allow":["GET"]}}],"collection":[{"href":"https:\/\/regiaonews.net.br\/2022\/wp-json\/wp\/v2\/posts"}],"about":[{"href":"https:\/\/regiaonews.net.br\/2022\/wp-json\/wp\/v2\/types\/post"}],"author":[{"embeddable":true,"href":"https:\/\/regiaonews.net.br\/2022\/wp-json\/wp\/v2\/users\/2"}],"replies":[{"embeddable":true,"href":"https:\/\/regiaonews.net.br\/2022\/wp-json\/wp\/v2\/comments?post=56026"}],"version-history":[{"count":0,"href":"https:\/\/regiaonews.net.br\/2022\/wp-json\/wp\/v2\/posts\/56026\/revisions"}],"wp:featuredmedia":[{"embeddable":true,"href":"https:\/\/regiaonews.net.br\/2022\/wp-json\/wp\/v2\/media\/56029"}],"wp:attachment":[{"href":"https:\/\/regiaonews.net.br\/2022\/wp-json\/wp\/v2\/media?parent=56026"}],"wp:term":[{"taxonomy":"category","embeddable":true,"href":"https:\/\/regiaonews.net.br\/2022\/wp-json\/wp\/v2\/categories?post=56026"},{"taxonomy":"post_tag","embeddable":true,"href":"https:\/\/regiaonews.net.br\/2022\/wp-json\/wp\/v2\/tags?post=56026"}],"curies":[{"name":"wp","href":"https:\/\/api.w.org\/{rel}","templated":true}]}}