{"id":55998,"date":"2021-11-09T19:41:16","date_gmt":"2021-11-09T22:41:16","guid":{"rendered":"https:\/\/regiaonews.net.br\/2022\/?p=55998"},"modified":"2021-11-09T19:42:19","modified_gmt":"2021-11-09T22:42:19","slug":"feirao-de-empregos-de-barretos-acontece-dia-16-de-novembro","status":"publish","type":"post","link":"https:\/\/regiaonews.net.br\/2022\/2021\/11\/09\/feirao-de-empregos-de-barretos-acontece-dia-16-de-novembro\/","title":{"rendered":"Feir\u00e3o de Empregos de Barretos acontece dia 16 de novembro"},"content":{"rendered":"<p><a href=\"https:\/\/regiaonews.net.br\/2022\/wp-content\/uploads\/2021\/11\/WhatsApp-Image-2021-11-04-at-13.52.13-2-1.jpeg\"><img loading=\"lazy\" decoding=\"async\" class=\"alignnone size-medium wp-image-55873\" src=\"https:\/\/regiaonews.net.br\/2022\/wp-content\/uploads\/2021\/11\/WhatsApp-Image-2021-11-04-at-13.52.13-2-1-300x300.jpeg\" alt=\"\" width=\"300\" height=\"300\" \/><\/a><\/p>\n<p><a href=\"https:\/\/regiaonews.net.br\/2022\/wp-content\/uploads\/2021\/11\/WhatsApp-Image-2021-11-06-at-19.03.04.jpeg\"><img loading=\"lazy\" decoding=\"async\" class=\"alignnone size-medium wp-image-55876\" src=\"https:\/\/regiaonews.net.br\/2022\/wp-content\/uploads\/2021\/11\/WhatsApp-Image-2021-11-06-at-19.03.04-300x300.jpeg\" alt=\"\" width=\"300\" height=\"300\" \/><\/a><\/p>\n<p><a href=\"https:\/\/regiaonews.net.br\/2022\/wp-content\/uploads\/2021\/11\/FEIRAOEMPREGOS.jpeg\"><img loading=\"lazy\" decoding=\"async\" class=\"alignnone size-medium wp-image-55999\" src=\"https:\/\/regiaonews.net.br\/2022\/wp-content\/uploads\/2021\/11\/FEIRAOEMPREGOS-300x300.jpeg\" alt=\"\" width=\"300\" height=\"300\" \/><\/a><\/p>\n<p>A Prefeitura de Barretos, por meio da Secretaria de Desenvolvimento Econ\u00f4mico, realiza no dia 16 de novembro\/21, das 8h \u00e0s 15h, o Feir\u00e3o de Empregos de Barretos com mais de centenas vagas dispon\u00edveis para contrata\u00e7\u00e3o, uma retomada ao mercado de trabalho neste momento em que a pandemia est\u00e1 controlada. O evento acontecer\u00e1 na \u00e1rea do cinema no North Shopping Barretos com todas as medidas de seguran\u00e7a, sendo obrigat\u00f3rio o uso de m\u00e1scara.<\/p>\n<p>O Feir\u00e3o ofertar\u00e1 empregos em diversas \u00e1reas, incluindo com\u00e9rcio e servi\u00e7os, ind\u00fastria, agroneg\u00f3cios, al\u00e9m de disponibilizar orienta\u00e7\u00e3o profissional e dicas de como se portar numa entrevista de emprego, com palestras conduzidas pelos parceiros do evento, Sebrae e Senac. A a\u00e7\u00e3o conta tamb\u00e9m com o apoio da Secretaria Municipal de Assist\u00eancia Social, Fundo Social de Solidariedade, Secretaria de Desenvolvimento Econ\u00f4mico do Estado, Centerplex Cinemas e North Shopping Barretos.\u00a0<br aria-hidden=\"true\" \/>Os interessados devem apresentar os documentos pessoais, RG e CPF e se poss\u00edvel levar curr\u00edculo j\u00e1 impresso, caso n\u00e3o consiga, no local haver\u00e1 uma equipe dispon\u00edvel para realizar a impress\u00e3o. Caso um concorrente se enquadre no perfil desejado por um empregador, ele ser\u00e1 imediatamente encaminhado para o processo seletivo. Os demais ser\u00e3o convocados \u00e0 medida que surgirem oportunidades com seus perfis profissionais. Na oportunidade tamb\u00e9m ser\u00e3o recebidos curr\u00edculos para vagas de estagi\u00e1rios de ensino m\u00e9dio e superior.\u00a0<br aria-hidden=\"true\" \/>De acordo com a secretaria de Desenvolvimento Econ\u00f4mico, Ad\u00e9lia Bueno, \u201co Feir\u00e3o \u00e9 mais uma a\u00e7\u00e3o da atual gest\u00e3o, que buscar ofertar mais oportunidades para aqueles que precisam. Em especial aquelas pessoas que acabaram perdendo o emprego durante a crise pand\u00eamica. Estamos trabalhando, dia a dia, para conter os efeitos da pandemia no desenvolvimento econ\u00f4mico, para manter Barretos no caminho do desenvolvimento, com gera\u00e7\u00e3o de renda para a nossa popula\u00e7\u00e3o\u201d, ressaltou.<br aria-hidden=\"true\" \/><br aria-hidden=\"true\" \/><strong>Servi\u00e7o:<\/strong>\u00a0Feir\u00e3o de Empregos de Barretos.<br aria-hidden=\"true\" \/><strong>Realiza\u00e7\u00e3o:<\/strong>\u00a0Prefeitura de Barretos.<br aria-hidden=\"true\" \/><strong>Data:<\/strong>\u00a016 de novembro.<br aria-hidden=\"true\" \/><strong>Hor\u00e1rio:<\/strong>\u00a08h \u00e0s 15h.<br aria-hidden=\"true\" \/><strong>Local:<\/strong>\u00a0Salas Cinema &#8211; Centerplex no North Shopping Barretos<\/p>\n","protected":false},"excerpt":{"rendered":"<p>A Prefeitura de Barretos, por meio da Secretaria de Desenvolvimento<\/p>\n","protected":false},"author":2,"featured_media":55999,"comment_status":"open","ping_status":"open","sticky":false,"template":"","format":"standard","meta":{"footnotes":""},"categories":[14,25,64],"tags":[],"class_list":["post-55998","post","type-post","status-publish","format-standard","has-post-thumbnail","hentry","category-barretos","category-cidades","category-emprego"],"yoast_head":"<!-- This site is optimized with the Yoast SEO plugin v27.5 - https:\/\/yoast.com\/product\/yoast-seo-wordpress\/ -->\n<title>Feir\u00e3o de Empregos de Barretos acontece dia 16 de novembro - Regi\u00e3o News<\/title>\n<meta name=\"robots\" content=\"index, follow, max-snippet:-1, max-image-preview:large, max-video-preview:-1\" \/>\n<link rel=\"canonical\" href=\"https:\/\/regiaonews.net.br\/2022\/2021\/11\/09\/feirao-de-empregos-de-barretos-acontece-dia-16-de-novembro\/\" \/>\n<meta property=\"og:locale\" content=\"pt_BR\" \/>\n<meta property=\"og:type\" content=\"article\" \/>\n<meta property=\"og:title\" content=\"Feir\u00e3o de Empregos de Barretos acontece dia 16 de novembro - Regi\u00e3o News\" \/>\n<meta property=\"og:description\" content=\"A Prefeitura de Barretos, por meio da Secretaria de Desenvolvimento\" \/>\n<meta property=\"og:url\" content=\"https:\/\/regiaonews.net.br\/2022\/2021\/11\/09\/feirao-de-empregos-de-barretos-acontece-dia-16-de-novembro\/\" \/>\n<meta property=\"og:site_name\" content=\"Regi\u00e3o News\" \/>\n<meta property=\"article:published_time\" content=\"2021-11-09T22:41:16+00:00\" \/>\n<meta property=\"article:modified_time\" content=\"2021-11-09T22:42:19+00:00\" \/>\n<meta property=\"og:image\" content=\"https:\/\/regiaonews.net.br\/2022\/wp-content\/uploads\/2021\/11\/FEIRAOEMPREGOS.jpeg\" \/>\n\t<meta property=\"og:image:width\" content=\"1182\" \/>\n\t<meta property=\"og:image:height\" content=\"1182\" \/>\n\t<meta property=\"og:image:type\" content=\"image\/jpeg\" \/>\n<meta name=\"author\" content=\"Roberto\" \/>\n<meta name=\"twitter:card\" content=\"summary_large_image\" \/>\n<meta name=\"twitter:label1\" content=\"Escrito por\" \/>\n\t<meta name=\"twitter:data1\" content=\"Roberto\" \/>\n\t<meta name=\"twitter:label2\" content=\"Est. tempo de leitura\" \/>\n\t<meta name=\"twitter:data2\" content=\"2 minutos\" \/>\n<script type=\"application\/ld+json\" class=\"yoast-schema-graph\">{\"@context\":\"https:\\\/\\\/schema.org\",\"@graph\":[{\"@type\":\"Article\",\"@id\":\"https:\\\/\\\/regiaonews.net.br\\\/2022\\\/2021\\\/11\\\/09\\\/feirao-de-empregos-de-barretos-acontece-dia-16-de-novembro\\\/#article\",\"isPartOf\":{\"@id\":\"https:\\\/\\\/regiaonews.net.br\\\/2022\\\/2021\\\/11\\\/09\\\/feirao-de-empregos-de-barretos-acontece-dia-16-de-novembro\\\/\"},\"author\":{\"name\":\"Roberto\",\"@id\":\"https:\\\/\\\/regiaonews.net.br\\\/2022\\\/#\\\/schema\\\/person\\\/2d205a608a5aa97ac279d7a5e6d89ad8\"},\"headline\":\"Feir\u00e3o de Empregos de Barretos acontece dia 16 de novembro\",\"datePublished\":\"2021-11-09T22:41:16+00:00\",\"dateModified\":\"2021-11-09T22:42:19+00:00\",\"mainEntityOfPage\":{\"@id\":\"https:\\\/\\\/regiaonews.net.br\\\/2022\\\/2021\\\/11\\\/09\\\/feirao-de-empregos-de-barretos-acontece-dia-16-de-novembro\\\/\"},\"wordCount\":362,\"commentCount\":0,\"publisher\":{\"@id\":\"https:\\\/\\\/regiaonews.net.br\\\/2022\\\/#organization\"},\"image\":{\"@id\":\"https:\\\/\\\/regiaonews.net.br\\\/2022\\\/2021\\\/11\\\/09\\\/feirao-de-empregos-de-barretos-acontece-dia-16-de-novembro\\\/#primaryimage\"},\"thumbnailUrl\":\"https:\\\/\\\/regiaonews.net.br\\\/2022\\\/wp-content\\\/uploads\\\/2021\\\/11\\\/FEIRAOEMPREGOS.jpeg\",\"articleSection\":[\"Barretos\",\"Cidades\",\"Emprego\"],\"inLanguage\":\"pt-BR\",\"potentialAction\":[{\"@type\":\"CommentAction\",\"name\":\"Comment\",\"target\":[\"https:\\\/\\\/regiaonews.net.br\\\/2022\\\/2021\\\/11\\\/09\\\/feirao-de-empregos-de-barretos-acontece-dia-16-de-novembro\\\/#respond\"]}]},{\"@type\":\"WebPage\",\"@id\":\"https:\\\/\\\/regiaonews.net.br\\\/2022\\\/2021\\\/11\\\/09\\\/feirao-de-empregos-de-barretos-acontece-dia-16-de-novembro\\\/\",\"url\":\"https:\\\/\\\/regiaonews.net.br\\\/2022\\\/2021\\\/11\\\/09\\\/feirao-de-empregos-de-barretos-acontece-dia-16-de-novembro\\\/\",\"name\":\"Feir\u00e3o de Empregos de Barretos acontece dia 16 de novembro - Regi\u00e3o News\",\"isPartOf\":{\"@id\":\"https:\\\/\\\/regiaonews.net.br\\\/2022\\\/#website\"},\"primaryImageOfPage\":{\"@id\":\"https:\\\/\\\/regiaonews.net.br\\\/2022\\\/2021\\\/11\\\/09\\\/feirao-de-empregos-de-barretos-acontece-dia-16-de-novembro\\\/#primaryimage\"},\"image\":{\"@id\":\"https:\\\/\\\/regiaonews.net.br\\\/2022\\\/2021\\\/11\\\/09\\\/feirao-de-empregos-de-barretos-acontece-dia-16-de-novembro\\\/#primaryimage\"},\"thumbnailUrl\":\"https:\\\/\\\/regiaonews.net.br\\\/2022\\\/wp-content\\\/uploads\\\/2021\\\/11\\\/FEIRAOEMPREGOS.jpeg\",\"datePublished\":\"2021-11-09T22:41:16+00:00\",\"dateModified\":\"2021-11-09T22:42:19+00:00\",\"breadcrumb\":{\"@id\":\"https:\\\/\\\/regiaonews.net.br\\\/2022\\\/2021\\\/11\\\/09\\\/feirao-de-empregos-de-barretos-acontece-dia-16-de-novembro\\\/#breadcrumb\"},\"inLanguage\":\"pt-BR\",\"potentialAction\":[{\"@type\":\"ReadAction\",\"target\":[\"https:\\\/\\\/regiaonews.net.br\\\/2022\\\/2021\\\/11\\\/09\\\/feirao-de-empregos-de-barretos-acontece-dia-16-de-novembro\\\/\"]}]},{\"@type\":\"ImageObject\",\"inLanguage\":\"pt-BR\",\"@id\":\"https:\\\/\\\/regiaonews.net.br\\\/2022\\\/2021\\\/11\\\/09\\\/feirao-de-empregos-de-barretos-acontece-dia-16-de-novembro\\\/#primaryimage\",\"url\":\"https:\\\/\\\/regiaonews.net.br\\\/2022\\\/wp-content\\\/uploads\\\/2021\\\/11\\\/FEIRAOEMPREGOS.jpeg\",\"contentUrl\":\"https:\\\/\\\/regiaonews.net.br\\\/2022\\\/wp-content\\\/uploads\\\/2021\\\/11\\\/FEIRAOEMPREGOS.jpeg\",\"width\":1182,\"height\":1182},{\"@type\":\"BreadcrumbList\",\"@id\":\"https:\\\/\\\/regiaonews.net.br\\\/2022\\\/2021\\\/11\\\/09\\\/feirao-de-empregos-de-barretos-acontece-dia-16-de-novembro\\\/#breadcrumb\",\"itemListElement\":[{\"@type\":\"ListItem\",\"position\":1,\"name\":\"In\u00edcio\",\"item\":\"https:\\\/\\\/regiaonews.net.br\\\/2022\\\/\"},{\"@type\":\"ListItem\",\"position\":2,\"name\":\"Feir\u00e3o de Empregos de Barretos acontece dia 16 de novembro\"}]},{\"@type\":\"WebSite\",\"@id\":\"https:\\\/\\\/regiaonews.net.br\\\/2022\\\/#website\",\"url\":\"https:\\\/\\\/regiaonews.net.br\\\/2022\\\/\",\"name\":\"Regi\u00e3o News\",\"description\":\"Site de Not\u00edcias de Barretos e regi\u00e3o\",\"publisher\":{\"@id\":\"https:\\\/\\\/regiaonews.net.br\\\/2022\\\/#organization\"},\"potentialAction\":[{\"@type\":\"SearchAction\",\"target\":{\"@type\":\"EntryPoint\",\"urlTemplate\":\"https:\\\/\\\/regiaonews.net.br\\\/2022\\\/?s={search_term_string}\"},\"query-input\":{\"@type\":\"PropertyValueSpecification\",\"valueRequired\":true,\"valueName\":\"search_term_string\"}}],\"inLanguage\":\"pt-BR\"},{\"@type\":\"Organization\",\"@id\":\"https:\\\/\\\/regiaonews.net.br\\\/2022\\\/#organization\",\"name\":\"Regi\u00e3o News\",\"url\":\"https:\\\/\\\/regiaonews.net.br\\\/2022\\\/\",\"logo\":{\"@type\":\"ImageObject\",\"inLanguage\":\"pt-BR\",\"@id\":\"https:\\\/\\\/regiaonews.net.br\\\/2022\\\/#\\\/schema\\\/logo\\\/image\\\/\",\"url\":\"https:\\\/\\\/regiaonews.net.br\\\/2022\\\/wp-content\\\/uploads\\\/2026\\\/03\\\/regiao-13-anos-scaled.jpg\",\"contentUrl\":\"https:\\\/\\\/regiaonews.net.br\\\/2022\\\/wp-content\\\/uploads\\\/2026\\\/03\\\/regiao-13-anos-scaled.jpg\",\"width\":2560,\"height\":635,\"caption\":\"Regi\u00e3o News\"},\"image\":{\"@id\":\"https:\\\/\\\/regiaonews.net.br\\\/2022\\\/#\\\/schema\\\/logo\\\/image\\\/\"}},{\"@type\":\"Person\",\"@id\":\"https:\\\/\\\/regiaonews.net.br\\\/2022\\\/#\\\/schema\\\/person\\\/2d205a608a5aa97ac279d7a5e6d89ad8\",\"name\":\"Roberto\",\"image\":{\"@type\":\"ImageObject\",\"inLanguage\":\"pt-BR\",\"@id\":\"https:\\\/\\\/secure.gravatar.com\\\/avatar\\\/42749d8b712ff9d59ca93dc150494e5b55a44134482993f5baeb97e61b7ecc89?s=96&d=mm&r=g\",\"url\":\"https:\\\/\\\/secure.gravatar.com\\\/avatar\\\/42749d8b712ff9d59ca93dc150494e5b55a44134482993f5baeb97e61b7ecc89?s=96&d=mm&r=g\",\"contentUrl\":\"https:\\\/\\\/secure.gravatar.com\\\/avatar\\\/42749d8b712ff9d59ca93dc150494e5b55a44134482993f5baeb97e61b7ecc89?s=96&d=mm&r=g\",\"caption\":\"Roberto\"},\"url\":\"https:\\\/\\\/regiaonews.net.br\\\/2022\\\/author\\\/roberto\\\/\"}]}<\/script>\n<!-- \/ Yoast SEO plugin. -->","yoast_head_json":{"title":"Feir\u00e3o de Empregos de Barretos acontece dia 16 de novembro - Regi\u00e3o News","robots":{"index":"index","follow":"follow","max-snippet":"max-snippet:-1","max-image-preview":"max-image-preview:large","max-video-preview":"max-video-preview:-1"},"canonical":"https:\/\/regiaonews.net.br\/2022\/2021\/11\/09\/feirao-de-empregos-de-barretos-acontece-dia-16-de-novembro\/","og_locale":"pt_BR","og_type":"article","og_title":"Feir\u00e3o de Empregos de Barretos acontece dia 16 de novembro - Regi\u00e3o News","og_description":"A Prefeitura de Barretos, por meio da Secretaria de Desenvolvimento","og_url":"https:\/\/regiaonews.net.br\/2022\/2021\/11\/09\/feirao-de-empregos-de-barretos-acontece-dia-16-de-novembro\/","og_site_name":"Regi\u00e3o News","article_published_time":"2021-11-09T22:41:16+00:00","article_modified_time":"2021-11-09T22:42:19+00:00","og_image":[{"width":1182,"height":1182,"url":"https:\/\/regiaonews.net.br\/2022\/wp-content\/uploads\/2021\/11\/FEIRAOEMPREGOS.jpeg","type":"image\/jpeg"}],"author":"Roberto","twitter_card":"summary_large_image","twitter_misc":{"Escrito por":"Roberto","Est. tempo de leitura":"2 minutos"},"schema":{"@context":"https:\/\/schema.org","@graph":[{"@type":"Article","@id":"https:\/\/regiaonews.net.br\/2022\/2021\/11\/09\/feirao-de-empregos-de-barretos-acontece-dia-16-de-novembro\/#article","isPartOf":{"@id":"https:\/\/regiaonews.net.br\/2022\/2021\/11\/09\/feirao-de-empregos-de-barretos-acontece-dia-16-de-novembro\/"},"author":{"name":"Roberto","@id":"https:\/\/regiaonews.net.br\/2022\/#\/schema\/person\/2d205a608a5aa97ac279d7a5e6d89ad8"},"headline":"Feir\u00e3o de Empregos de Barretos acontece dia 16 de novembro","datePublished":"2021-11-09T22:41:16+00:00","dateModified":"2021-11-09T22:42:19+00:00","mainEntityOfPage":{"@id":"https:\/\/regiaonews.net.br\/2022\/2021\/11\/09\/feirao-de-empregos-de-barretos-acontece-dia-16-de-novembro\/"},"wordCount":362,"commentCount":0,"publisher":{"@id":"https:\/\/regiaonews.net.br\/2022\/#organization"},"image":{"@id":"https:\/\/regiaonews.net.br\/2022\/2021\/11\/09\/feirao-de-empregos-de-barretos-acontece-dia-16-de-novembro\/#primaryimage"},"thumbnailUrl":"https:\/\/regiaonews.net.br\/2022\/wp-content\/uploads\/2021\/11\/FEIRAOEMPREGOS.jpeg","articleSection":["Barretos","Cidades","Emprego"],"inLanguage":"pt-BR","potentialAction":[{"@type":"CommentAction","name":"Comment","target":["https:\/\/regiaonews.net.br\/2022\/2021\/11\/09\/feirao-de-empregos-de-barretos-acontece-dia-16-de-novembro\/#respond"]}]},{"@type":"WebPage","@id":"https:\/\/regiaonews.net.br\/2022\/2021\/11\/09\/feirao-de-empregos-de-barretos-acontece-dia-16-de-novembro\/","url":"https:\/\/regiaonews.net.br\/2022\/2021\/11\/09\/feirao-de-empregos-de-barretos-acontece-dia-16-de-novembro\/","name":"Feir\u00e3o de Empregos de Barretos acontece dia 16 de novembro - Regi\u00e3o News","isPartOf":{"@id":"https:\/\/regiaonews.net.br\/2022\/#website"},"primaryImageOfPage":{"@id":"https:\/\/regiaonews.net.br\/2022\/2021\/11\/09\/feirao-de-empregos-de-barretos-acontece-dia-16-de-novembro\/#primaryimage"},"image":{"@id":"https:\/\/regiaonews.net.br\/2022\/2021\/11\/09\/feirao-de-empregos-de-barretos-acontece-dia-16-de-novembro\/#primaryimage"},"thumbnailUrl":"https:\/\/regiaonews.net.br\/2022\/wp-content\/uploads\/2021\/11\/FEIRAOEMPREGOS.jpeg","datePublished":"2021-11-09T22:41:16+00:00","dateModified":"2021-11-09T22:42:19+00:00","breadcrumb":{"@id":"https:\/\/regiaonews.net.br\/2022\/2021\/11\/09\/feirao-de-empregos-de-barretos-acontece-dia-16-de-novembro\/#breadcrumb"},"inLanguage":"pt-BR","potentialAction":[{"@type":"ReadAction","target":["https:\/\/regiaonews.net.br\/2022\/2021\/11\/09\/feirao-de-empregos-de-barretos-acontece-dia-16-de-novembro\/"]}]},{"@type":"ImageObject","inLanguage":"pt-BR","@id":"https:\/\/regiaonews.net.br\/2022\/2021\/11\/09\/feirao-de-empregos-de-barretos-acontece-dia-16-de-novembro\/#primaryimage","url":"https:\/\/regiaonews.net.br\/2022\/wp-content\/uploads\/2021\/11\/FEIRAOEMPREGOS.jpeg","contentUrl":"https:\/\/regiaonews.net.br\/2022\/wp-content\/uploads\/2021\/11\/FEIRAOEMPREGOS.jpeg","width":1182,"height":1182},{"@type":"BreadcrumbList","@id":"https:\/\/regiaonews.net.br\/2022\/2021\/11\/09\/feirao-de-empregos-de-barretos-acontece-dia-16-de-novembro\/#breadcrumb","itemListElement":[{"@type":"ListItem","position":1,"name":"In\u00edcio","item":"https:\/\/regiaonews.net.br\/2022\/"},{"@type":"ListItem","position":2,"name":"Feir\u00e3o de Empregos de Barretos acontece dia 16 de novembro"}]},{"@type":"WebSite","@id":"https:\/\/regiaonews.net.br\/2022\/#website","url":"https:\/\/regiaonews.net.br\/2022\/","name":"Regi\u00e3o News","description":"Site de Not\u00edcias de Barretos e regi\u00e3o","publisher":{"@id":"https:\/\/regiaonews.net.br\/2022\/#organization"},"potentialAction":[{"@type":"SearchAction","target":{"@type":"EntryPoint","urlTemplate":"https:\/\/regiaonews.net.br\/2022\/?s={search_term_string}"},"query-input":{"@type":"PropertyValueSpecification","valueRequired":true,"valueName":"search_term_string"}}],"inLanguage":"pt-BR"},{"@type":"Organization","@id":"https:\/\/regiaonews.net.br\/2022\/#organization","name":"Regi\u00e3o News","url":"https:\/\/regiaonews.net.br\/2022\/","logo":{"@type":"ImageObject","inLanguage":"pt-BR","@id":"https:\/\/regiaonews.net.br\/2022\/#\/schema\/logo\/image\/","url":"https:\/\/regiaonews.net.br\/2022\/wp-content\/uploads\/2026\/03\/regiao-13-anos-scaled.jpg","contentUrl":"https:\/\/regiaonews.net.br\/2022\/wp-content\/uploads\/2026\/03\/regiao-13-anos-scaled.jpg","width":2560,"height":635,"caption":"Regi\u00e3o News"},"image":{"@id":"https:\/\/regiaonews.net.br\/2022\/#\/schema\/logo\/image\/"}},{"@type":"Person","@id":"https:\/\/regiaonews.net.br\/2022\/#\/schema\/person\/2d205a608a5aa97ac279d7a5e6d89ad8","name":"Roberto","image":{"@type":"ImageObject","inLanguage":"pt-BR","@id":"https:\/\/secure.gravatar.com\/avatar\/42749d8b712ff9d59ca93dc150494e5b55a44134482993f5baeb97e61b7ecc89?s=96&d=mm&r=g","url":"https:\/\/secure.gravatar.com\/avatar\/42749d8b712ff9d59ca93dc150494e5b55a44134482993f5baeb97e61b7ecc89?s=96&d=mm&r=g","contentUrl":"https:\/\/secure.gravatar.com\/avatar\/42749d8b712ff9d59ca93dc150494e5b55a44134482993f5baeb97e61b7ecc89?s=96&d=mm&r=g","caption":"Roberto"},"url":"https:\/\/regiaonews.net.br\/2022\/author\/roberto\/"}]}},"publishpress_future_action":{"enabled":false,"date":"2026-05-05 16:20:18","action":"change-status","newStatus":"draft","terms":[],"taxonomy":"category","extraData":[]},"publishpress_future_workflow_manual_trigger":{"enabledWorkflows":[]},"_links":{"self":[{"href":"https:\/\/regiaonews.net.br\/2022\/wp-json\/wp\/v2\/posts\/55998","targetHints":{"allow":["GET"]}}],"collection":[{"href":"https:\/\/regiaonews.net.br\/2022\/wp-json\/wp\/v2\/posts"}],"about":[{"href":"https:\/\/regiaonews.net.br\/2022\/wp-json\/wp\/v2\/types\/post"}],"author":[{"embeddable":true,"href":"https:\/\/regiaonews.net.br\/2022\/wp-json\/wp\/v2\/users\/2"}],"replies":[{"embeddable":true,"href":"https:\/\/regiaonews.net.br\/2022\/wp-json\/wp\/v2\/comments?post=55998"}],"version-history":[{"count":0,"href":"https:\/\/regiaonews.net.br\/2022\/wp-json\/wp\/v2\/posts\/55998\/revisions"}],"wp:featuredmedia":[{"embeddable":true,"href":"https:\/\/regiaonews.net.br\/2022\/wp-json\/wp\/v2\/media\/55999"}],"wp:attachment":[{"href":"https:\/\/regiaonews.net.br\/2022\/wp-json\/wp\/v2\/media?parent=55998"}],"wp:term":[{"taxonomy":"category","embeddable":true,"href":"https:\/\/regiaonews.net.br\/2022\/wp-json\/wp\/v2\/categories?post=55998"},{"taxonomy":"post_tag","embeddable":true,"href":"https:\/\/regiaonews.net.br\/2022\/wp-json\/wp\/v2\/tags?post=55998"}],"curies":[{"name":"wp","href":"https:\/\/api.w.org\/{rel}","templated":true}]}}