{"id":55934,"date":"2021-11-08T14:49:54","date_gmt":"2021-11-08T17:49:54","guid":{"rendered":"https:\/\/regiaonews.net.br\/2022\/?p=55934"},"modified":"2021-11-10T21:49:41","modified_gmt":"2021-11-11T00:49:41","slug":"prefeita-paula-lemos-lanca-o-programa-sorrindo-pro-futuro","status":"publish","type":"post","link":"https:\/\/regiaonews.net.br\/2022\/2021\/11\/08\/prefeita-paula-lemos-lanca-o-programa-sorrindo-pro-futuro\/","title":{"rendered":"Prefeita Paula Lemos lan\u00e7a o programa &#8216;Sorrindo pro Futuro&#8217;"},"content":{"rendered":"<p><a href=\"https:\/\/regiaonews.net.br\/2022\/wp-content\/uploads\/2021\/11\/MON4057.jpg\"><img loading=\"lazy\" decoding=\"async\" class=\"alignnone size-medium wp-image-55935\" src=\"https:\/\/regiaonews.net.br\/2022\/wp-content\/uploads\/2021\/11\/MON4057-300x200.jpg\" alt=\"\" width=\"300\" height=\"200\" \/><\/a><\/p>\n<div><u><em>Durante visita ao CEMEI Orival Leite e Mattos, Paula anunciou que em 2022 o programa receber\u00e1 o refor\u00e7o do Odontom\u00f3vel<\/em><\/u><br aria-hidden=\"true\" \/><\/div>\n<div>Dentistas e estudantes de odontologia estiveram nesta quinta-feira, 4\/11, no CEMEI Orival Leite de Mattos, no bairro Christiano de Carvalho, ensinando higiene bucal \u00e0s crian\u00e7as. A a\u00e7\u00e3o contou com a presen\u00e7a da prefeita Paula Lemos que lan\u00e7ou o programa Sorrindo pro Futuro.\u00a0<br aria-hidden=\"true\" \/>Em cada unidade escolar, os profissionais ensinam aos alunos a maneira correta de fazer a higiene bucal e entregaram kits para escova\u00e7\u00e3o. At\u00e9 o momento, 13 escolas da rede municipal de ensino de Barretos receberam as a\u00e7\u00f5es que ter\u00e3o continuidade em 2022 com o refor\u00e7o do Odontom\u00f3vel, veiculo adaptado para atendimento odontol\u00f3gico.<br aria-hidden=\"true\" \/>Acompanhada dos secret\u00e1rios de Educa\u00e7\u00e3o, J\u00e9ssica Maria dos Santos, e da Sa\u00fade, Kleber Rosa, a prefeita Paula Lemos comentou que os h\u00e1bitos de higiene s\u00e3o adquiridos desde a primeira inf\u00e2ncia. \u201cA sa\u00fade bucal \u00e9 important\u00edssima no contexto de sa\u00fade integrativa, uma vez que os dentes s\u00e3o essenciais para mastiga\u00e7\u00e3o, fona\u00e7\u00e3o e autoestima&#8221;, afirmou.<br aria-hidden=\"true\" \/>Paula ressaltou tamb\u00e9m que o cuidado na primeira inf\u00e2ncia reflete no futuro. \u201cA escova\u00e7\u00e3o nos primeiros dentes \u00e9 essencial pra que os dentes permanentes cres\u00e7am saud\u00e1veis\u201d, disse.<br aria-hidden=\"true\" \/>As escolas que receberam os dentistas esse ano foram a E.M. Prof\u00ba Fausto Lex, a E.M.R. Zuleica In\u00e1cio Ferraz, EMEI Orival Leite de Matos, EM Prof. Luis Castanho Filho, EM Profa Olga Abi Rachid Moraes, al\u00e9m das Cemeis Robson Rosalino da Silveira, Izadora Bevilacqua, Orival Leite de Mattos, Ol\u00e1vio Lopes, Cleuza Pereira Barreto, Luis Paro Neto, Jos\u00e9 Pereira Neves e Ant\u00f4nio Dalla Costa.<br aria-hidden=\"true\" \/>Thaisa Theodoro de Oliveira, coordenadora odontol\u00f3gica do munic\u00edpio, afirmou que a \u201cgest\u00e3o Paula Lemos apoia e entende a import\u00e2ncia das a\u00e7\u00f5es integradas de promo\u00e7\u00e3o, prote\u00e7\u00e3o, preven\u00e7\u00e3o, recupera\u00e7\u00e3o e reabilita\u00e7\u00e3o no contexto geral de assist\u00eancia em sa\u00fade\u201d.<\/div>\n<div><br aria-hidden=\"true\" \/><\/div>\n","protected":false},"excerpt":{"rendered":"<p>Durante visita ao CEMEI Orival Leite e Mattos, Paula anunciou<\/p>\n","protected":false},"author":2,"featured_media":55935,"comment_status":"open","ping_status":"open","sticky":false,"template":"","format":"standard","meta":{"footnotes":""},"categories":[14,25,22],"tags":[],"class_list":["post-55934","post","type-post","status-publish","format-standard","has-post-thumbnail","hentry","category-barretos","category-cidades","category-politica"],"yoast_head":"<!-- This site is optimized with the Yoast SEO plugin v27.5 - https:\/\/yoast.com\/product\/yoast-seo-wordpress\/ -->\n<title>Prefeita Paula Lemos lan\u00e7a o programa &#039;Sorrindo pro Futuro&#039; - Regi\u00e3o News<\/title>\n<meta name=\"robots\" content=\"index, follow, max-snippet:-1, max-image-preview:large, max-video-preview:-1\" \/>\n<link rel=\"canonical\" href=\"https:\/\/regiaonews.net.br\/2022\/2021\/11\/08\/prefeita-paula-lemos-lanca-o-programa-sorrindo-pro-futuro\/\" \/>\n<meta property=\"og:locale\" content=\"pt_BR\" \/>\n<meta property=\"og:type\" content=\"article\" \/>\n<meta property=\"og:title\" content=\"Prefeita Paula Lemos lan\u00e7a o programa &#039;Sorrindo pro Futuro&#039; - Regi\u00e3o News\" \/>\n<meta property=\"og:description\" content=\"Durante visita ao CEMEI Orival Leite e Mattos, Paula anunciou\" \/>\n<meta property=\"og:url\" content=\"https:\/\/regiaonews.net.br\/2022\/2021\/11\/08\/prefeita-paula-lemos-lanca-o-programa-sorrindo-pro-futuro\/\" \/>\n<meta property=\"og:site_name\" content=\"Regi\u00e3o News\" \/>\n<meta property=\"article:published_time\" content=\"2021-11-08T17:49:54+00:00\" \/>\n<meta property=\"article:modified_time\" content=\"2021-11-11T00:49:41+00:00\" \/>\n<meta property=\"og:image\" content=\"https:\/\/regiaonews.net.br\/2022\/wp-content\/uploads\/2021\/11\/MON4057.jpg\" \/>\n\t<meta property=\"og:image:width\" content=\"2000\" \/>\n\t<meta property=\"og:image:height\" content=\"1335\" \/>\n\t<meta property=\"og:image:type\" content=\"image\/jpeg\" \/>\n<meta name=\"author\" content=\"Roberto\" \/>\n<meta name=\"twitter:card\" content=\"summary_large_image\" \/>\n<meta name=\"twitter:label1\" content=\"Escrito por\" \/>\n\t<meta name=\"twitter:data1\" content=\"Roberto\" \/>\n\t<meta name=\"twitter:label2\" content=\"Est. tempo de leitura\" \/>\n\t<meta name=\"twitter:data2\" content=\"2 minutos\" \/>\n<script type=\"application\/ld+json\" class=\"yoast-schema-graph\">{\"@context\":\"https:\\\/\\\/schema.org\",\"@graph\":[{\"@type\":\"Article\",\"@id\":\"https:\\\/\\\/regiaonews.net.br\\\/2022\\\/2021\\\/11\\\/08\\\/prefeita-paula-lemos-lanca-o-programa-sorrindo-pro-futuro\\\/#article\",\"isPartOf\":{\"@id\":\"https:\\\/\\\/regiaonews.net.br\\\/2022\\\/2021\\\/11\\\/08\\\/prefeita-paula-lemos-lanca-o-programa-sorrindo-pro-futuro\\\/\"},\"author\":{\"name\":\"Roberto\",\"@id\":\"https:\\\/\\\/regiaonews.net.br\\\/2022\\\/#\\\/schema\\\/person\\\/2d205a608a5aa97ac279d7a5e6d89ad8\"},\"headline\":\"Prefeita Paula Lemos lan\u00e7a o programa &#8216;Sorrindo pro Futuro&#8217;\",\"datePublished\":\"2021-11-08T17:49:54+00:00\",\"dateModified\":\"2021-11-11T00:49:41+00:00\",\"mainEntityOfPage\":{\"@id\":\"https:\\\/\\\/regiaonews.net.br\\\/2022\\\/2021\\\/11\\\/08\\\/prefeita-paula-lemos-lanca-o-programa-sorrindo-pro-futuro\\\/\"},\"wordCount\":346,\"commentCount\":0,\"publisher\":{\"@id\":\"https:\\\/\\\/regiaonews.net.br\\\/2022\\\/#organization\"},\"image\":{\"@id\":\"https:\\\/\\\/regiaonews.net.br\\\/2022\\\/2021\\\/11\\\/08\\\/prefeita-paula-lemos-lanca-o-programa-sorrindo-pro-futuro\\\/#primaryimage\"},\"thumbnailUrl\":\"https:\\\/\\\/regiaonews.net.br\\\/2022\\\/wp-content\\\/uploads\\\/2021\\\/11\\\/MON4057.jpg\",\"articleSection\":[\"Barretos\",\"Cidades\",\"Pol\u00edtica\"],\"inLanguage\":\"pt-BR\",\"potentialAction\":[{\"@type\":\"CommentAction\",\"name\":\"Comment\",\"target\":[\"https:\\\/\\\/regiaonews.net.br\\\/2022\\\/2021\\\/11\\\/08\\\/prefeita-paula-lemos-lanca-o-programa-sorrindo-pro-futuro\\\/#respond\"]}]},{\"@type\":\"WebPage\",\"@id\":\"https:\\\/\\\/regiaonews.net.br\\\/2022\\\/2021\\\/11\\\/08\\\/prefeita-paula-lemos-lanca-o-programa-sorrindo-pro-futuro\\\/\",\"url\":\"https:\\\/\\\/regiaonews.net.br\\\/2022\\\/2021\\\/11\\\/08\\\/prefeita-paula-lemos-lanca-o-programa-sorrindo-pro-futuro\\\/\",\"name\":\"Prefeita Paula Lemos lan\u00e7a o programa 'Sorrindo pro Futuro' - Regi\u00e3o News\",\"isPartOf\":{\"@id\":\"https:\\\/\\\/regiaonews.net.br\\\/2022\\\/#website\"},\"primaryImageOfPage\":{\"@id\":\"https:\\\/\\\/regiaonews.net.br\\\/2022\\\/2021\\\/11\\\/08\\\/prefeita-paula-lemos-lanca-o-programa-sorrindo-pro-futuro\\\/#primaryimage\"},\"image\":{\"@id\":\"https:\\\/\\\/regiaonews.net.br\\\/2022\\\/2021\\\/11\\\/08\\\/prefeita-paula-lemos-lanca-o-programa-sorrindo-pro-futuro\\\/#primaryimage\"},\"thumbnailUrl\":\"https:\\\/\\\/regiaonews.net.br\\\/2022\\\/wp-content\\\/uploads\\\/2021\\\/11\\\/MON4057.jpg\",\"datePublished\":\"2021-11-08T17:49:54+00:00\",\"dateModified\":\"2021-11-11T00:49:41+00:00\",\"breadcrumb\":{\"@id\":\"https:\\\/\\\/regiaonews.net.br\\\/2022\\\/2021\\\/11\\\/08\\\/prefeita-paula-lemos-lanca-o-programa-sorrindo-pro-futuro\\\/#breadcrumb\"},\"inLanguage\":\"pt-BR\",\"potentialAction\":[{\"@type\":\"ReadAction\",\"target\":[\"https:\\\/\\\/regiaonews.net.br\\\/2022\\\/2021\\\/11\\\/08\\\/prefeita-paula-lemos-lanca-o-programa-sorrindo-pro-futuro\\\/\"]}]},{\"@type\":\"ImageObject\",\"inLanguage\":\"pt-BR\",\"@id\":\"https:\\\/\\\/regiaonews.net.br\\\/2022\\\/2021\\\/11\\\/08\\\/prefeita-paula-lemos-lanca-o-programa-sorrindo-pro-futuro\\\/#primaryimage\",\"url\":\"https:\\\/\\\/regiaonews.net.br\\\/2022\\\/wp-content\\\/uploads\\\/2021\\\/11\\\/MON4057.jpg\",\"contentUrl\":\"https:\\\/\\\/regiaonews.net.br\\\/2022\\\/wp-content\\\/uploads\\\/2021\\\/11\\\/MON4057.jpg\",\"width\":2000,\"height\":1335},{\"@type\":\"BreadcrumbList\",\"@id\":\"https:\\\/\\\/regiaonews.net.br\\\/2022\\\/2021\\\/11\\\/08\\\/prefeita-paula-lemos-lanca-o-programa-sorrindo-pro-futuro\\\/#breadcrumb\",\"itemListElement\":[{\"@type\":\"ListItem\",\"position\":1,\"name\":\"In\u00edcio\",\"item\":\"https:\\\/\\\/regiaonews.net.br\\\/2022\\\/\"},{\"@type\":\"ListItem\",\"position\":2,\"name\":\"Prefeita Paula Lemos lan\u00e7a o programa &#8216;Sorrindo pro Futuro&#8217;\"}]},{\"@type\":\"WebSite\",\"@id\":\"https:\\\/\\\/regiaonews.net.br\\\/2022\\\/#website\",\"url\":\"https:\\\/\\\/regiaonews.net.br\\\/2022\\\/\",\"name\":\"Regi\u00e3o News\",\"description\":\"Site de Not\u00edcias de Barretos e regi\u00e3o\",\"publisher\":{\"@id\":\"https:\\\/\\\/regiaonews.net.br\\\/2022\\\/#organization\"},\"potentialAction\":[{\"@type\":\"SearchAction\",\"target\":{\"@type\":\"EntryPoint\",\"urlTemplate\":\"https:\\\/\\\/regiaonews.net.br\\\/2022\\\/?s={search_term_string}\"},\"query-input\":{\"@type\":\"PropertyValueSpecification\",\"valueRequired\":true,\"valueName\":\"search_term_string\"}}],\"inLanguage\":\"pt-BR\"},{\"@type\":\"Organization\",\"@id\":\"https:\\\/\\\/regiaonews.net.br\\\/2022\\\/#organization\",\"name\":\"Regi\u00e3o News\",\"url\":\"https:\\\/\\\/regiaonews.net.br\\\/2022\\\/\",\"logo\":{\"@type\":\"ImageObject\",\"inLanguage\":\"pt-BR\",\"@id\":\"https:\\\/\\\/regiaonews.net.br\\\/2022\\\/#\\\/schema\\\/logo\\\/image\\\/\",\"url\":\"https:\\\/\\\/regiaonews.net.br\\\/2022\\\/wp-content\\\/uploads\\\/2026\\\/03\\\/regiao-13-anos-scaled.jpg\",\"contentUrl\":\"https:\\\/\\\/regiaonews.net.br\\\/2022\\\/wp-content\\\/uploads\\\/2026\\\/03\\\/regiao-13-anos-scaled.jpg\",\"width\":2560,\"height\":635,\"caption\":\"Regi\u00e3o News\"},\"image\":{\"@id\":\"https:\\\/\\\/regiaonews.net.br\\\/2022\\\/#\\\/schema\\\/logo\\\/image\\\/\"}},{\"@type\":\"Person\",\"@id\":\"https:\\\/\\\/regiaonews.net.br\\\/2022\\\/#\\\/schema\\\/person\\\/2d205a608a5aa97ac279d7a5e6d89ad8\",\"name\":\"Roberto\",\"image\":{\"@type\":\"ImageObject\",\"inLanguage\":\"pt-BR\",\"@id\":\"https:\\\/\\\/secure.gravatar.com\\\/avatar\\\/42749d8b712ff9d59ca93dc150494e5b55a44134482993f5baeb97e61b7ecc89?s=96&d=mm&r=g\",\"url\":\"https:\\\/\\\/secure.gravatar.com\\\/avatar\\\/42749d8b712ff9d59ca93dc150494e5b55a44134482993f5baeb97e61b7ecc89?s=96&d=mm&r=g\",\"contentUrl\":\"https:\\\/\\\/secure.gravatar.com\\\/avatar\\\/42749d8b712ff9d59ca93dc150494e5b55a44134482993f5baeb97e61b7ecc89?s=96&d=mm&r=g\",\"caption\":\"Roberto\"},\"url\":\"https:\\\/\\\/regiaonews.net.br\\\/2022\\\/author\\\/roberto\\\/\"}]}<\/script>\n<!-- \/ Yoast SEO plugin. -->","yoast_head_json":{"title":"Prefeita Paula Lemos lan\u00e7a o programa 'Sorrindo pro Futuro' - Regi\u00e3o News","robots":{"index":"index","follow":"follow","max-snippet":"max-snippet:-1","max-image-preview":"max-image-preview:large","max-video-preview":"max-video-preview:-1"},"canonical":"https:\/\/regiaonews.net.br\/2022\/2021\/11\/08\/prefeita-paula-lemos-lanca-o-programa-sorrindo-pro-futuro\/","og_locale":"pt_BR","og_type":"article","og_title":"Prefeita Paula Lemos lan\u00e7a o programa 'Sorrindo pro Futuro' - Regi\u00e3o News","og_description":"Durante visita ao CEMEI Orival Leite e Mattos, Paula anunciou","og_url":"https:\/\/regiaonews.net.br\/2022\/2021\/11\/08\/prefeita-paula-lemos-lanca-o-programa-sorrindo-pro-futuro\/","og_site_name":"Regi\u00e3o News","article_published_time":"2021-11-08T17:49:54+00:00","article_modified_time":"2021-11-11T00:49:41+00:00","og_image":[{"width":2000,"height":1335,"url":"https:\/\/regiaonews.net.br\/2022\/wp-content\/uploads\/2021\/11\/MON4057.jpg","type":"image\/jpeg"}],"author":"Roberto","twitter_card":"summary_large_image","twitter_misc":{"Escrito por":"Roberto","Est. tempo de leitura":"2 minutos"},"schema":{"@context":"https:\/\/schema.org","@graph":[{"@type":"Article","@id":"https:\/\/regiaonews.net.br\/2022\/2021\/11\/08\/prefeita-paula-lemos-lanca-o-programa-sorrindo-pro-futuro\/#article","isPartOf":{"@id":"https:\/\/regiaonews.net.br\/2022\/2021\/11\/08\/prefeita-paula-lemos-lanca-o-programa-sorrindo-pro-futuro\/"},"author":{"name":"Roberto","@id":"https:\/\/regiaonews.net.br\/2022\/#\/schema\/person\/2d205a608a5aa97ac279d7a5e6d89ad8"},"headline":"Prefeita Paula Lemos lan\u00e7a o programa &#8216;Sorrindo pro Futuro&#8217;","datePublished":"2021-11-08T17:49:54+00:00","dateModified":"2021-11-11T00:49:41+00:00","mainEntityOfPage":{"@id":"https:\/\/regiaonews.net.br\/2022\/2021\/11\/08\/prefeita-paula-lemos-lanca-o-programa-sorrindo-pro-futuro\/"},"wordCount":346,"commentCount":0,"publisher":{"@id":"https:\/\/regiaonews.net.br\/2022\/#organization"},"image":{"@id":"https:\/\/regiaonews.net.br\/2022\/2021\/11\/08\/prefeita-paula-lemos-lanca-o-programa-sorrindo-pro-futuro\/#primaryimage"},"thumbnailUrl":"https:\/\/regiaonews.net.br\/2022\/wp-content\/uploads\/2021\/11\/MON4057.jpg","articleSection":["Barretos","Cidades","Pol\u00edtica"],"inLanguage":"pt-BR","potentialAction":[{"@type":"CommentAction","name":"Comment","target":["https:\/\/regiaonews.net.br\/2022\/2021\/11\/08\/prefeita-paula-lemos-lanca-o-programa-sorrindo-pro-futuro\/#respond"]}]},{"@type":"WebPage","@id":"https:\/\/regiaonews.net.br\/2022\/2021\/11\/08\/prefeita-paula-lemos-lanca-o-programa-sorrindo-pro-futuro\/","url":"https:\/\/regiaonews.net.br\/2022\/2021\/11\/08\/prefeita-paula-lemos-lanca-o-programa-sorrindo-pro-futuro\/","name":"Prefeita Paula Lemos lan\u00e7a o programa 'Sorrindo pro Futuro' - Regi\u00e3o News","isPartOf":{"@id":"https:\/\/regiaonews.net.br\/2022\/#website"},"primaryImageOfPage":{"@id":"https:\/\/regiaonews.net.br\/2022\/2021\/11\/08\/prefeita-paula-lemos-lanca-o-programa-sorrindo-pro-futuro\/#primaryimage"},"image":{"@id":"https:\/\/regiaonews.net.br\/2022\/2021\/11\/08\/prefeita-paula-lemos-lanca-o-programa-sorrindo-pro-futuro\/#primaryimage"},"thumbnailUrl":"https:\/\/regiaonews.net.br\/2022\/wp-content\/uploads\/2021\/11\/MON4057.jpg","datePublished":"2021-11-08T17:49:54+00:00","dateModified":"2021-11-11T00:49:41+00:00","breadcrumb":{"@id":"https:\/\/regiaonews.net.br\/2022\/2021\/11\/08\/prefeita-paula-lemos-lanca-o-programa-sorrindo-pro-futuro\/#breadcrumb"},"inLanguage":"pt-BR","potentialAction":[{"@type":"ReadAction","target":["https:\/\/regiaonews.net.br\/2022\/2021\/11\/08\/prefeita-paula-lemos-lanca-o-programa-sorrindo-pro-futuro\/"]}]},{"@type":"ImageObject","inLanguage":"pt-BR","@id":"https:\/\/regiaonews.net.br\/2022\/2021\/11\/08\/prefeita-paula-lemos-lanca-o-programa-sorrindo-pro-futuro\/#primaryimage","url":"https:\/\/regiaonews.net.br\/2022\/wp-content\/uploads\/2021\/11\/MON4057.jpg","contentUrl":"https:\/\/regiaonews.net.br\/2022\/wp-content\/uploads\/2021\/11\/MON4057.jpg","width":2000,"height":1335},{"@type":"BreadcrumbList","@id":"https:\/\/regiaonews.net.br\/2022\/2021\/11\/08\/prefeita-paula-lemos-lanca-o-programa-sorrindo-pro-futuro\/#breadcrumb","itemListElement":[{"@type":"ListItem","position":1,"name":"In\u00edcio","item":"https:\/\/regiaonews.net.br\/2022\/"},{"@type":"ListItem","position":2,"name":"Prefeita Paula Lemos lan\u00e7a o programa &#8216;Sorrindo pro Futuro&#8217;"}]},{"@type":"WebSite","@id":"https:\/\/regiaonews.net.br\/2022\/#website","url":"https:\/\/regiaonews.net.br\/2022\/","name":"Regi\u00e3o News","description":"Site de Not\u00edcias de Barretos e regi\u00e3o","publisher":{"@id":"https:\/\/regiaonews.net.br\/2022\/#organization"},"potentialAction":[{"@type":"SearchAction","target":{"@type":"EntryPoint","urlTemplate":"https:\/\/regiaonews.net.br\/2022\/?s={search_term_string}"},"query-input":{"@type":"PropertyValueSpecification","valueRequired":true,"valueName":"search_term_string"}}],"inLanguage":"pt-BR"},{"@type":"Organization","@id":"https:\/\/regiaonews.net.br\/2022\/#organization","name":"Regi\u00e3o News","url":"https:\/\/regiaonews.net.br\/2022\/","logo":{"@type":"ImageObject","inLanguage":"pt-BR","@id":"https:\/\/regiaonews.net.br\/2022\/#\/schema\/logo\/image\/","url":"https:\/\/regiaonews.net.br\/2022\/wp-content\/uploads\/2026\/03\/regiao-13-anos-scaled.jpg","contentUrl":"https:\/\/regiaonews.net.br\/2022\/wp-content\/uploads\/2026\/03\/regiao-13-anos-scaled.jpg","width":2560,"height":635,"caption":"Regi\u00e3o News"},"image":{"@id":"https:\/\/regiaonews.net.br\/2022\/#\/schema\/logo\/image\/"}},{"@type":"Person","@id":"https:\/\/regiaonews.net.br\/2022\/#\/schema\/person\/2d205a608a5aa97ac279d7a5e6d89ad8","name":"Roberto","image":{"@type":"ImageObject","inLanguage":"pt-BR","@id":"https:\/\/secure.gravatar.com\/avatar\/42749d8b712ff9d59ca93dc150494e5b55a44134482993f5baeb97e61b7ecc89?s=96&d=mm&r=g","url":"https:\/\/secure.gravatar.com\/avatar\/42749d8b712ff9d59ca93dc150494e5b55a44134482993f5baeb97e61b7ecc89?s=96&d=mm&r=g","contentUrl":"https:\/\/secure.gravatar.com\/avatar\/42749d8b712ff9d59ca93dc150494e5b55a44134482993f5baeb97e61b7ecc89?s=96&d=mm&r=g","caption":"Roberto"},"url":"https:\/\/regiaonews.net.br\/2022\/author\/roberto\/"}]}},"publishpress_future_action":{"enabled":false,"date":"2026-05-05 19:09:43","action":"change-status","newStatus":"draft","terms":[],"taxonomy":"category","extraData":[]},"publishpress_future_workflow_manual_trigger":{"enabledWorkflows":[]},"_links":{"self":[{"href":"https:\/\/regiaonews.net.br\/2022\/wp-json\/wp\/v2\/posts\/55934","targetHints":{"allow":["GET"]}}],"collection":[{"href":"https:\/\/regiaonews.net.br\/2022\/wp-json\/wp\/v2\/posts"}],"about":[{"href":"https:\/\/regiaonews.net.br\/2022\/wp-json\/wp\/v2\/types\/post"}],"author":[{"embeddable":true,"href":"https:\/\/regiaonews.net.br\/2022\/wp-json\/wp\/v2\/users\/2"}],"replies":[{"embeddable":true,"href":"https:\/\/regiaonews.net.br\/2022\/wp-json\/wp\/v2\/comments?post=55934"}],"version-history":[{"count":0,"href":"https:\/\/regiaonews.net.br\/2022\/wp-json\/wp\/v2\/posts\/55934\/revisions"}],"wp:featuredmedia":[{"embeddable":true,"href":"https:\/\/regiaonews.net.br\/2022\/wp-json\/wp\/v2\/media\/55935"}],"wp:attachment":[{"href":"https:\/\/regiaonews.net.br\/2022\/wp-json\/wp\/v2\/media?parent=55934"}],"wp:term":[{"taxonomy":"category","embeddable":true,"href":"https:\/\/regiaonews.net.br\/2022\/wp-json\/wp\/v2\/categories?post=55934"},{"taxonomy":"post_tag","embeddable":true,"href":"https:\/\/regiaonews.net.br\/2022\/wp-json\/wp\/v2\/tags?post=55934"}],"curies":[{"name":"wp","href":"https:\/\/api.w.org\/{rel}","templated":true}]}}