{"id":55928,"date":"2021-11-08T14:36:08","date_gmt":"2021-11-08T17:36:08","guid":{"rendered":"https:\/\/regiaonews.net.br\/2022\/?p=55928"},"modified":"2021-11-08T14:36:08","modified_gmt":"2021-11-08T17:36:08","slug":"cerimonia-de-posse-do-prefeito-junao-sera-nesta-terca-feira-as-19h","status":"publish","type":"post","link":"https:\/\/regiaonews.net.br\/2022\/2021\/11\/08\/cerimonia-de-posse-do-prefeito-junao-sera-nesta-terca-feira-as-19h\/","title":{"rendered":"Cerim\u00f4nia de posse do prefeito Jun\u00e3o ser\u00e1 nesta ter\u00e7a-feira \u00e0s 19h"},"content":{"rendered":"<p><a href=\"https:\/\/regiaonews.net.br\/2022\/wp-content\/uploads\/2021\/11\/posse-Guaira.jpg\"><img loading=\"lazy\" decoding=\"async\" class=\"alignnone size-medium wp-image-55929\" src=\"https:\/\/regiaonews.net.br\/2022\/wp-content\/uploads\/2021\/11\/posse-Guaira-300x253.jpg\" alt=\"\" width=\"300\" height=\"253\" \/><\/a><\/p>\n<p>Com lugares limitados na galeria da C\u00e2mara Municipal de Gua\u00edra, o p\u00fablico poder\u00e1 assistir em um tel\u00e3o \u00e0 posse do primeiro prefeito na hist\u00f3ria de Gua\u00edra a ser escolhido em uma elei\u00e7\u00e3o suplementar.<br \/>\nO prefeito Jun\u00e3o e o vice Jos\u00e9 Carlos Soares avistaram-se com o prefeito interino Edvaldo Doniseti Morais para definir a programa\u00e7\u00e3o da posse nesta ter\u00e7a-feira. O arranjo foi completado com a assessoria jur\u00eddica da C\u00e2mara, que se encarregar\u00e1 do cerimonial.<\/p>\n<p>ACESSO AO PLEN\u00c1RIO permitido at\u00e9 o limite da lota\u00e7\u00e3o, reservando-se a ala esquerda de quem entra para os familiares dos empossados, Jun\u00e3o e Soares.<\/p>\n<p>PERMISS\u00c3O DE ACESSO ocorrer\u00e1 para pessoas que apresentarem o cart\u00e3o de vacina\u00e7\u00e3o completa, atestando duas doses conforme o tipo de vacina; estas pessoas devem ocupar a ala direita da galeria at\u00e9 o limite da lota\u00e7\u00e3o, 120 lugares.<\/p>\n<p>A POSSE ser\u00e1 dada pelo presidente da C\u00e2mara Municipal, Edvaldo Doniseti Morais, que deixar\u00e1 a interinidade como prefeito \u00e0s 18h e automaticamente assumir\u00e1 sua cadeira de vereador. O livro de posse ser\u00e1 assinado nessa cerim\u00f4nia.<\/p>\n<p>A Guarda Civil Municipal vai controlar o acesso do p\u00fablico \u00e0s depend\u00eancias da C\u00e2mara Municipal e manter a ordem junto \u00e0 rampa de acesso ao Pa\u00e7o Municipal. O prefeito far\u00e1 a subida da rampa com os assessores e simpatizantes e se dirigir\u00e1 ao gabinete para uma perman\u00eancia n\u00e3o muito longa, assistir\u00e1 a apresenta\u00e7\u00f5es art\u00edstico-culturais do Coral da 3\u00aa Idade e de uma jovem cantora junto \u00e0 rampa e, depois, vai-se retirar.<br \/>\nA GCM vai colocar barreiras e cuidar para impedir o tr\u00e2nsito na Avenida Gabriel Garcia Leal entre as ruas 12 e 18; com o objetivo de impedir o tr\u00e1fego nas duas avenidas (a Marginal e a 25) no trecho pr\u00f3ximo \u00e0 Prefeitura como forma de evitar poss\u00edveis acidentes.<\/p>\n<p>TEL\u00c3O &#8211; Um tel\u00e3o para mostrar a cerim\u00f4nia no interior da C\u00e2mara ser\u00e1 instalado em frente ao pr\u00e9dio, voltado para a rua 16 onde o p\u00fablico dever\u00e1 encontrar condi\u00e7\u00f5es de acompanhar as imagens transmitidas do interior da C\u00e2mara.<br \/>\nTendas para o coral ser\u00e3o montadas na cal\u00e7ada nos dois lados da rampa como preven\u00e7\u00e3o no caso de chuva.<\/p>\n<p>HOR\u00c1RIO &#8211; A cerim\u00f4nia de posse est\u00e1 marcada para as 19h e seu in\u00edcio n\u00e3o poder\u00e1 atrasar porque haver\u00e1 sess\u00e3o ordin\u00e1ria da C\u00e2mara \u00e0s 20h.<\/p>\n","protected":false},"excerpt":{"rendered":"<p>Com lugares limitados na galeria da C\u00e2mara Municipal de Gua\u00edra,<\/p>\n","protected":false},"author":2,"featured_media":55929,"comment_status":"open","ping_status":"open","sticky":false,"template":"","format":"standard","meta":{"footnotes":""},"categories":[25,8,22],"tags":[],"class_list":["post-55928","post","type-post","status-publish","format-standard","has-post-thumbnail","hentry","category-cidades","category-guaira","category-politica"],"yoast_head":"<!-- This site is optimized with the Yoast SEO plugin v27.5 - https:\/\/yoast.com\/product\/yoast-seo-wordpress\/ -->\n<title>Cerim\u00f4nia de posse do prefeito Jun\u00e3o ser\u00e1 nesta ter\u00e7a-feira \u00e0s 19h - Regi\u00e3o News<\/title>\n<meta name=\"robots\" content=\"index, follow, max-snippet:-1, max-image-preview:large, max-video-preview:-1\" \/>\n<link rel=\"canonical\" href=\"https:\/\/regiaonews.net.br\/2022\/2021\/11\/08\/cerimonia-de-posse-do-prefeito-junao-sera-nesta-terca-feira-as-19h\/\" \/>\n<meta property=\"og:locale\" content=\"pt_BR\" \/>\n<meta property=\"og:type\" content=\"article\" \/>\n<meta property=\"og:title\" content=\"Cerim\u00f4nia de posse do prefeito Jun\u00e3o ser\u00e1 nesta ter\u00e7a-feira \u00e0s 19h - Regi\u00e3o News\" \/>\n<meta property=\"og:description\" content=\"Com lugares limitados na galeria da C\u00e2mara Municipal de Gua\u00edra,\" \/>\n<meta property=\"og:url\" content=\"https:\/\/regiaonews.net.br\/2022\/2021\/11\/08\/cerimonia-de-posse-do-prefeito-junao-sera-nesta-terca-feira-as-19h\/\" \/>\n<meta property=\"og:site_name\" content=\"Regi\u00e3o News\" \/>\n<meta property=\"article:published_time\" content=\"2021-11-08T17:36:08+00:00\" \/>\n<meta property=\"og:image\" content=\"https:\/\/regiaonews.net.br\/2022\/wp-content\/uploads\/2021\/11\/posse-Guaira.jpg\" \/>\n\t<meta property=\"og:image:width\" content=\"528\" \/>\n\t<meta property=\"og:image:height\" content=\"446\" \/>\n\t<meta property=\"og:image:type\" content=\"image\/jpeg\" \/>\n<meta name=\"author\" content=\"Roberto\" \/>\n<meta name=\"twitter:card\" content=\"summary_large_image\" \/>\n<meta name=\"twitter:label1\" content=\"Escrito por\" \/>\n\t<meta name=\"twitter:data1\" content=\"Roberto\" \/>\n\t<meta name=\"twitter:label2\" content=\"Est. tempo de leitura\" \/>\n\t<meta name=\"twitter:data2\" content=\"2 minutos\" \/>\n<script type=\"application\/ld+json\" class=\"yoast-schema-graph\">{\"@context\":\"https:\\\/\\\/schema.org\",\"@graph\":[{\"@type\":\"Article\",\"@id\":\"https:\\\/\\\/regiaonews.net.br\\\/2022\\\/2021\\\/11\\\/08\\\/cerimonia-de-posse-do-prefeito-junao-sera-nesta-terca-feira-as-19h\\\/#article\",\"isPartOf\":{\"@id\":\"https:\\\/\\\/regiaonews.net.br\\\/2022\\\/2021\\\/11\\\/08\\\/cerimonia-de-posse-do-prefeito-junao-sera-nesta-terca-feira-as-19h\\\/\"},\"author\":{\"name\":\"Roberto\",\"@id\":\"https:\\\/\\\/regiaonews.net.br\\\/2022\\\/#\\\/schema\\\/person\\\/2d205a608a5aa97ac279d7a5e6d89ad8\"},\"headline\":\"Cerim\u00f4nia de posse do prefeito Jun\u00e3o ser\u00e1 nesta ter\u00e7a-feira \u00e0s 19h\",\"datePublished\":\"2021-11-08T17:36:08+00:00\",\"mainEntityOfPage\":{\"@id\":\"https:\\\/\\\/regiaonews.net.br\\\/2022\\\/2021\\\/11\\\/08\\\/cerimonia-de-posse-do-prefeito-junao-sera-nesta-terca-feira-as-19h\\\/\"},\"wordCount\":425,\"commentCount\":0,\"publisher\":{\"@id\":\"https:\\\/\\\/regiaonews.net.br\\\/2022\\\/#organization\"},\"image\":{\"@id\":\"https:\\\/\\\/regiaonews.net.br\\\/2022\\\/2021\\\/11\\\/08\\\/cerimonia-de-posse-do-prefeito-junao-sera-nesta-terca-feira-as-19h\\\/#primaryimage\"},\"thumbnailUrl\":\"https:\\\/\\\/regiaonews.net.br\\\/2022\\\/wp-content\\\/uploads\\\/2021\\\/11\\\/posse-Guaira.jpg\",\"articleSection\":[\"Cidades\",\"Gua\u00edra\",\"Pol\u00edtica\"],\"inLanguage\":\"pt-BR\",\"potentialAction\":[{\"@type\":\"CommentAction\",\"name\":\"Comment\",\"target\":[\"https:\\\/\\\/regiaonews.net.br\\\/2022\\\/2021\\\/11\\\/08\\\/cerimonia-de-posse-do-prefeito-junao-sera-nesta-terca-feira-as-19h\\\/#respond\"]}]},{\"@type\":\"WebPage\",\"@id\":\"https:\\\/\\\/regiaonews.net.br\\\/2022\\\/2021\\\/11\\\/08\\\/cerimonia-de-posse-do-prefeito-junao-sera-nesta-terca-feira-as-19h\\\/\",\"url\":\"https:\\\/\\\/regiaonews.net.br\\\/2022\\\/2021\\\/11\\\/08\\\/cerimonia-de-posse-do-prefeito-junao-sera-nesta-terca-feira-as-19h\\\/\",\"name\":\"Cerim\u00f4nia de posse do prefeito Jun\u00e3o ser\u00e1 nesta ter\u00e7a-feira \u00e0s 19h - Regi\u00e3o News\",\"isPartOf\":{\"@id\":\"https:\\\/\\\/regiaonews.net.br\\\/2022\\\/#website\"},\"primaryImageOfPage\":{\"@id\":\"https:\\\/\\\/regiaonews.net.br\\\/2022\\\/2021\\\/11\\\/08\\\/cerimonia-de-posse-do-prefeito-junao-sera-nesta-terca-feira-as-19h\\\/#primaryimage\"},\"image\":{\"@id\":\"https:\\\/\\\/regiaonews.net.br\\\/2022\\\/2021\\\/11\\\/08\\\/cerimonia-de-posse-do-prefeito-junao-sera-nesta-terca-feira-as-19h\\\/#primaryimage\"},\"thumbnailUrl\":\"https:\\\/\\\/regiaonews.net.br\\\/2022\\\/wp-content\\\/uploads\\\/2021\\\/11\\\/posse-Guaira.jpg\",\"datePublished\":\"2021-11-08T17:36:08+00:00\",\"breadcrumb\":{\"@id\":\"https:\\\/\\\/regiaonews.net.br\\\/2022\\\/2021\\\/11\\\/08\\\/cerimonia-de-posse-do-prefeito-junao-sera-nesta-terca-feira-as-19h\\\/#breadcrumb\"},\"inLanguage\":\"pt-BR\",\"potentialAction\":[{\"@type\":\"ReadAction\",\"target\":[\"https:\\\/\\\/regiaonews.net.br\\\/2022\\\/2021\\\/11\\\/08\\\/cerimonia-de-posse-do-prefeito-junao-sera-nesta-terca-feira-as-19h\\\/\"]}]},{\"@type\":\"ImageObject\",\"inLanguage\":\"pt-BR\",\"@id\":\"https:\\\/\\\/regiaonews.net.br\\\/2022\\\/2021\\\/11\\\/08\\\/cerimonia-de-posse-do-prefeito-junao-sera-nesta-terca-feira-as-19h\\\/#primaryimage\",\"url\":\"https:\\\/\\\/regiaonews.net.br\\\/2022\\\/wp-content\\\/uploads\\\/2021\\\/11\\\/posse-Guaira.jpg\",\"contentUrl\":\"https:\\\/\\\/regiaonews.net.br\\\/2022\\\/wp-content\\\/uploads\\\/2021\\\/11\\\/posse-Guaira.jpg\",\"width\":528,\"height\":446},{\"@type\":\"BreadcrumbList\",\"@id\":\"https:\\\/\\\/regiaonews.net.br\\\/2022\\\/2021\\\/11\\\/08\\\/cerimonia-de-posse-do-prefeito-junao-sera-nesta-terca-feira-as-19h\\\/#breadcrumb\",\"itemListElement\":[{\"@type\":\"ListItem\",\"position\":1,\"name\":\"In\u00edcio\",\"item\":\"https:\\\/\\\/regiaonews.net.br\\\/2022\\\/\"},{\"@type\":\"ListItem\",\"position\":2,\"name\":\"Cerim\u00f4nia de posse do prefeito Jun\u00e3o ser\u00e1 nesta ter\u00e7a-feira \u00e0s 19h\"}]},{\"@type\":\"WebSite\",\"@id\":\"https:\\\/\\\/regiaonews.net.br\\\/2022\\\/#website\",\"url\":\"https:\\\/\\\/regiaonews.net.br\\\/2022\\\/\",\"name\":\"Regi\u00e3o News\",\"description\":\"Site de Not\u00edcias de Barretos e regi\u00e3o\",\"publisher\":{\"@id\":\"https:\\\/\\\/regiaonews.net.br\\\/2022\\\/#organization\"},\"potentialAction\":[{\"@type\":\"SearchAction\",\"target\":{\"@type\":\"EntryPoint\",\"urlTemplate\":\"https:\\\/\\\/regiaonews.net.br\\\/2022\\\/?s={search_term_string}\"},\"query-input\":{\"@type\":\"PropertyValueSpecification\",\"valueRequired\":true,\"valueName\":\"search_term_string\"}}],\"inLanguage\":\"pt-BR\"},{\"@type\":\"Organization\",\"@id\":\"https:\\\/\\\/regiaonews.net.br\\\/2022\\\/#organization\",\"name\":\"Regi\u00e3o News\",\"url\":\"https:\\\/\\\/regiaonews.net.br\\\/2022\\\/\",\"logo\":{\"@type\":\"ImageObject\",\"inLanguage\":\"pt-BR\",\"@id\":\"https:\\\/\\\/regiaonews.net.br\\\/2022\\\/#\\\/schema\\\/logo\\\/image\\\/\",\"url\":\"https:\\\/\\\/regiaonews.net.br\\\/2022\\\/wp-content\\\/uploads\\\/2026\\\/03\\\/regiao-13-anos-scaled.jpg\",\"contentUrl\":\"https:\\\/\\\/regiaonews.net.br\\\/2022\\\/wp-content\\\/uploads\\\/2026\\\/03\\\/regiao-13-anos-scaled.jpg\",\"width\":2560,\"height\":635,\"caption\":\"Regi\u00e3o News\"},\"image\":{\"@id\":\"https:\\\/\\\/regiaonews.net.br\\\/2022\\\/#\\\/schema\\\/logo\\\/image\\\/\"}},{\"@type\":\"Person\",\"@id\":\"https:\\\/\\\/regiaonews.net.br\\\/2022\\\/#\\\/schema\\\/person\\\/2d205a608a5aa97ac279d7a5e6d89ad8\",\"name\":\"Roberto\",\"image\":{\"@type\":\"ImageObject\",\"inLanguage\":\"pt-BR\",\"@id\":\"https:\\\/\\\/secure.gravatar.com\\\/avatar\\\/42749d8b712ff9d59ca93dc150494e5b55a44134482993f5baeb97e61b7ecc89?s=96&d=mm&r=g\",\"url\":\"https:\\\/\\\/secure.gravatar.com\\\/avatar\\\/42749d8b712ff9d59ca93dc150494e5b55a44134482993f5baeb97e61b7ecc89?s=96&d=mm&r=g\",\"contentUrl\":\"https:\\\/\\\/secure.gravatar.com\\\/avatar\\\/42749d8b712ff9d59ca93dc150494e5b55a44134482993f5baeb97e61b7ecc89?s=96&d=mm&r=g\",\"caption\":\"Roberto\"},\"url\":\"https:\\\/\\\/regiaonews.net.br\\\/2022\\\/author\\\/roberto\\\/\"}]}<\/script>\n<!-- \/ Yoast SEO plugin. -->","yoast_head_json":{"title":"Cerim\u00f4nia de posse do prefeito Jun\u00e3o ser\u00e1 nesta ter\u00e7a-feira \u00e0s 19h - Regi\u00e3o News","robots":{"index":"index","follow":"follow","max-snippet":"max-snippet:-1","max-image-preview":"max-image-preview:large","max-video-preview":"max-video-preview:-1"},"canonical":"https:\/\/regiaonews.net.br\/2022\/2021\/11\/08\/cerimonia-de-posse-do-prefeito-junao-sera-nesta-terca-feira-as-19h\/","og_locale":"pt_BR","og_type":"article","og_title":"Cerim\u00f4nia de posse do prefeito Jun\u00e3o ser\u00e1 nesta ter\u00e7a-feira \u00e0s 19h - Regi\u00e3o News","og_description":"Com lugares limitados na galeria da C\u00e2mara Municipal de Gua\u00edra,","og_url":"https:\/\/regiaonews.net.br\/2022\/2021\/11\/08\/cerimonia-de-posse-do-prefeito-junao-sera-nesta-terca-feira-as-19h\/","og_site_name":"Regi\u00e3o News","article_published_time":"2021-11-08T17:36:08+00:00","og_image":[{"width":528,"height":446,"url":"https:\/\/regiaonews.net.br\/2022\/wp-content\/uploads\/2021\/11\/posse-Guaira.jpg","type":"image\/jpeg"}],"author":"Roberto","twitter_card":"summary_large_image","twitter_misc":{"Escrito por":"Roberto","Est. tempo de leitura":"2 minutos"},"schema":{"@context":"https:\/\/schema.org","@graph":[{"@type":"Article","@id":"https:\/\/regiaonews.net.br\/2022\/2021\/11\/08\/cerimonia-de-posse-do-prefeito-junao-sera-nesta-terca-feira-as-19h\/#article","isPartOf":{"@id":"https:\/\/regiaonews.net.br\/2022\/2021\/11\/08\/cerimonia-de-posse-do-prefeito-junao-sera-nesta-terca-feira-as-19h\/"},"author":{"name":"Roberto","@id":"https:\/\/regiaonews.net.br\/2022\/#\/schema\/person\/2d205a608a5aa97ac279d7a5e6d89ad8"},"headline":"Cerim\u00f4nia de posse do prefeito Jun\u00e3o ser\u00e1 nesta ter\u00e7a-feira \u00e0s 19h","datePublished":"2021-11-08T17:36:08+00:00","mainEntityOfPage":{"@id":"https:\/\/regiaonews.net.br\/2022\/2021\/11\/08\/cerimonia-de-posse-do-prefeito-junao-sera-nesta-terca-feira-as-19h\/"},"wordCount":425,"commentCount":0,"publisher":{"@id":"https:\/\/regiaonews.net.br\/2022\/#organization"},"image":{"@id":"https:\/\/regiaonews.net.br\/2022\/2021\/11\/08\/cerimonia-de-posse-do-prefeito-junao-sera-nesta-terca-feira-as-19h\/#primaryimage"},"thumbnailUrl":"https:\/\/regiaonews.net.br\/2022\/wp-content\/uploads\/2021\/11\/posse-Guaira.jpg","articleSection":["Cidades","Gua\u00edra","Pol\u00edtica"],"inLanguage":"pt-BR","potentialAction":[{"@type":"CommentAction","name":"Comment","target":["https:\/\/regiaonews.net.br\/2022\/2021\/11\/08\/cerimonia-de-posse-do-prefeito-junao-sera-nesta-terca-feira-as-19h\/#respond"]}]},{"@type":"WebPage","@id":"https:\/\/regiaonews.net.br\/2022\/2021\/11\/08\/cerimonia-de-posse-do-prefeito-junao-sera-nesta-terca-feira-as-19h\/","url":"https:\/\/regiaonews.net.br\/2022\/2021\/11\/08\/cerimonia-de-posse-do-prefeito-junao-sera-nesta-terca-feira-as-19h\/","name":"Cerim\u00f4nia de posse do prefeito Jun\u00e3o ser\u00e1 nesta ter\u00e7a-feira \u00e0s 19h - Regi\u00e3o News","isPartOf":{"@id":"https:\/\/regiaonews.net.br\/2022\/#website"},"primaryImageOfPage":{"@id":"https:\/\/regiaonews.net.br\/2022\/2021\/11\/08\/cerimonia-de-posse-do-prefeito-junao-sera-nesta-terca-feira-as-19h\/#primaryimage"},"image":{"@id":"https:\/\/regiaonews.net.br\/2022\/2021\/11\/08\/cerimonia-de-posse-do-prefeito-junao-sera-nesta-terca-feira-as-19h\/#primaryimage"},"thumbnailUrl":"https:\/\/regiaonews.net.br\/2022\/wp-content\/uploads\/2021\/11\/posse-Guaira.jpg","datePublished":"2021-11-08T17:36:08+00:00","breadcrumb":{"@id":"https:\/\/regiaonews.net.br\/2022\/2021\/11\/08\/cerimonia-de-posse-do-prefeito-junao-sera-nesta-terca-feira-as-19h\/#breadcrumb"},"inLanguage":"pt-BR","potentialAction":[{"@type":"ReadAction","target":["https:\/\/regiaonews.net.br\/2022\/2021\/11\/08\/cerimonia-de-posse-do-prefeito-junao-sera-nesta-terca-feira-as-19h\/"]}]},{"@type":"ImageObject","inLanguage":"pt-BR","@id":"https:\/\/regiaonews.net.br\/2022\/2021\/11\/08\/cerimonia-de-posse-do-prefeito-junao-sera-nesta-terca-feira-as-19h\/#primaryimage","url":"https:\/\/regiaonews.net.br\/2022\/wp-content\/uploads\/2021\/11\/posse-Guaira.jpg","contentUrl":"https:\/\/regiaonews.net.br\/2022\/wp-content\/uploads\/2021\/11\/posse-Guaira.jpg","width":528,"height":446},{"@type":"BreadcrumbList","@id":"https:\/\/regiaonews.net.br\/2022\/2021\/11\/08\/cerimonia-de-posse-do-prefeito-junao-sera-nesta-terca-feira-as-19h\/#breadcrumb","itemListElement":[{"@type":"ListItem","position":1,"name":"In\u00edcio","item":"https:\/\/regiaonews.net.br\/2022\/"},{"@type":"ListItem","position":2,"name":"Cerim\u00f4nia de posse do prefeito Jun\u00e3o ser\u00e1 nesta ter\u00e7a-feira \u00e0s 19h"}]},{"@type":"WebSite","@id":"https:\/\/regiaonews.net.br\/2022\/#website","url":"https:\/\/regiaonews.net.br\/2022\/","name":"Regi\u00e3o News","description":"Site de Not\u00edcias de Barretos e regi\u00e3o","publisher":{"@id":"https:\/\/regiaonews.net.br\/2022\/#organization"},"potentialAction":[{"@type":"SearchAction","target":{"@type":"EntryPoint","urlTemplate":"https:\/\/regiaonews.net.br\/2022\/?s={search_term_string}"},"query-input":{"@type":"PropertyValueSpecification","valueRequired":true,"valueName":"search_term_string"}}],"inLanguage":"pt-BR"},{"@type":"Organization","@id":"https:\/\/regiaonews.net.br\/2022\/#organization","name":"Regi\u00e3o News","url":"https:\/\/regiaonews.net.br\/2022\/","logo":{"@type":"ImageObject","inLanguage":"pt-BR","@id":"https:\/\/regiaonews.net.br\/2022\/#\/schema\/logo\/image\/","url":"https:\/\/regiaonews.net.br\/2022\/wp-content\/uploads\/2026\/03\/regiao-13-anos-scaled.jpg","contentUrl":"https:\/\/regiaonews.net.br\/2022\/wp-content\/uploads\/2026\/03\/regiao-13-anos-scaled.jpg","width":2560,"height":635,"caption":"Regi\u00e3o News"},"image":{"@id":"https:\/\/regiaonews.net.br\/2022\/#\/schema\/logo\/image\/"}},{"@type":"Person","@id":"https:\/\/regiaonews.net.br\/2022\/#\/schema\/person\/2d205a608a5aa97ac279d7a5e6d89ad8","name":"Roberto","image":{"@type":"ImageObject","inLanguage":"pt-BR","@id":"https:\/\/secure.gravatar.com\/avatar\/42749d8b712ff9d59ca93dc150494e5b55a44134482993f5baeb97e61b7ecc89?s=96&d=mm&r=g","url":"https:\/\/secure.gravatar.com\/avatar\/42749d8b712ff9d59ca93dc150494e5b55a44134482993f5baeb97e61b7ecc89?s=96&d=mm&r=g","contentUrl":"https:\/\/secure.gravatar.com\/avatar\/42749d8b712ff9d59ca93dc150494e5b55a44134482993f5baeb97e61b7ecc89?s=96&d=mm&r=g","caption":"Roberto"},"url":"https:\/\/regiaonews.net.br\/2022\/author\/roberto\/"}]}},"publishpress_future_action":{"enabled":false,"date":"2026-05-05 15:54:14","action":"change-status","newStatus":"draft","terms":[],"taxonomy":"category","extraData":[]},"publishpress_future_workflow_manual_trigger":{"enabledWorkflows":[]},"_links":{"self":[{"href":"https:\/\/regiaonews.net.br\/2022\/wp-json\/wp\/v2\/posts\/55928","targetHints":{"allow":["GET"]}}],"collection":[{"href":"https:\/\/regiaonews.net.br\/2022\/wp-json\/wp\/v2\/posts"}],"about":[{"href":"https:\/\/regiaonews.net.br\/2022\/wp-json\/wp\/v2\/types\/post"}],"author":[{"embeddable":true,"href":"https:\/\/regiaonews.net.br\/2022\/wp-json\/wp\/v2\/users\/2"}],"replies":[{"embeddable":true,"href":"https:\/\/regiaonews.net.br\/2022\/wp-json\/wp\/v2\/comments?post=55928"}],"version-history":[{"count":0,"href":"https:\/\/regiaonews.net.br\/2022\/wp-json\/wp\/v2\/posts\/55928\/revisions"}],"wp:featuredmedia":[{"embeddable":true,"href":"https:\/\/regiaonews.net.br\/2022\/wp-json\/wp\/v2\/media\/55929"}],"wp:attachment":[{"href":"https:\/\/regiaonews.net.br\/2022\/wp-json\/wp\/v2\/media?parent=55928"}],"wp:term":[{"taxonomy":"category","embeddable":true,"href":"https:\/\/regiaonews.net.br\/2022\/wp-json\/wp\/v2\/categories?post=55928"},{"taxonomy":"post_tag","embeddable":true,"href":"https:\/\/regiaonews.net.br\/2022\/wp-json\/wp\/v2\/tags?post=55928"}],"curies":[{"name":"wp","href":"https:\/\/api.w.org\/{rel}","templated":true}]}}