{"id":55886,"date":"2021-11-06T20:16:46","date_gmt":"2021-11-06T23:16:46","guid":{"rendered":"https:\/\/regiaonews.net.br\/2022\/?p=55886"},"modified":"2021-11-06T20:22:06","modified_gmt":"2021-11-06T23:22:06","slug":"empresario-e-empresaria-do-ano-e-destaques-do-comercio-2020-sao-homenageados-dia-20","status":"publish","type":"post","link":"https:\/\/regiaonews.net.br\/2022\/2021\/11\/06\/empresario-e-empresaria-do-ano-e-destaques-do-comercio-2020-sao-homenageados-dia-20\/","title":{"rendered":"Empres\u00e1rio e Empres\u00e1ria do ano e Destaques do Com\u00e9rcio 2020 ser\u00e3o  homenageados dia 20"},"content":{"rendered":"<p align=\"center\"><i>\u00a0noite festiva vai premiar mais de 220 segmentos do com\u00e9rcio<\/i><\/p>\n<p>\u00a0\u00a0\u00a0\u00a0\u00a0\u00a0\u00a0\u00a0\u00a0Os empres\u00e1rios Vera Lucia Dini Pivotto Abe do King Studio\u00a0\u00a0e Giovani Barroti da ALL Plant e s\u00f3cio da Liberf\u00f3s, vencedores da pesquisa \u201cEmpres\u00e1rio e Empres\u00e1ria do Ano 2020\u201d ser\u00e3o homenageados\u00a0\u00a0durante o jantar marcado\u00a0\u00a0para o dia 20 de novembro\/ 2021 no Espa\u00e7o Berrant\u00e3o.\u00a0\u00a0Durante a noite tamb\u00e9m ser\u00e3o homenageadas as empresas que foram destaques em primeiro lugar na pesquisa de popularidade.<\/p>\n<p>A noite de homenagem contar\u00e1 com\u00a0\u00a0\u00a0buffet Danilo Borges e banda Doce Veneno. As ades\u00f5es para o jantar e demais destaques do com\u00e9rcio de Barretos continuam \u00e0 venda EXCLUSIVAMENTE na ACIB. Informa\u00e7\u00f5es sobre mesas e valores devem ser tratados com Magali pelo telefone: 17 3321 3200 de segunda a sexta das 8h \u00e0s 17h e aos s\u00e1bados das 9h \u00e0s 12h.<\/p>\n<p>&nbsp;<\/p>\n<p><b>Empres\u00e1rio e Empres\u00e1rio 2020<\/b><\/p>\n<p>Vera Lucia Dini Pivotto Abe \u00e9 barretense e formada em Pedagogia. A empres\u00e1ria \u00e9 casada com Edson Takashi Abe e m\u00e3e de Izabella, Izadora e Ihan. Come\u00e7ou a trabalhar no com\u00e9rcio assim que o marido assumiu o Foto King , e a partir de 1991 em tempo integral.<\/p>\n<p>Atualmente o King Estudio executa servi\u00e7os fotogr\u00e1ficos em geral: varejo e est\u00fadio profissional e, segundo Vera, com a miss\u00e3o de revelar e registrar os melhores momentos da vida, miss\u00e3o que encontrou desafios em 2020 \u201cPassamos por um per\u00edodo dif\u00edcil, tanto para o com\u00e9rcio, quanto para a ind\u00fastria. A pandemia fez com que aprend\u00eassemos novas formas de atender o cliente e conseguir sobreviver, isto \u00e9, manter-se abertos\u201d, fala.<\/p>\n<p>A empres\u00e1ria diz que sempre gostou de fotografia e que a paix\u00e3o veio, a princ\u00edpio, de fam\u00edlia, mas que foi aumentando durante a viv\u00eancia no est\u00fadio.\u00a0\u00a0\u201cA fotografia traz em si sentimento. \u00c9 atrav\u00e9s dela que mostraremos ao futuro as fases da nossa vida. E isso \u00e9 fant\u00e1stico!\u201d, conta.<\/p>\n<p>Receber o t\u00edtulo de empres\u00e1ria do Ano 2020, para Vera \u00e9 algo\u00a0\u00a0emocionante \u201c Realmente n\u00e3o esperava e agrade\u00e7o \u00e0s pessoas que confiaram a mim esse titulo. Sempre estive no balc\u00e3o, diariamente atendendo e acredito que \u00e9 assim que as pessoas me conhecem&#8230; E eu adoro fazer isso; atender, conversar, orientar, ouvir os clientes. Brinco sempre que sou a \u201cempres\u00e1ria do ano da pandemia\u201d Um ano inesquec\u00edvel para todos, um titulo inesquec\u00edvel para mim\u201d, fala.<\/p>\n<p>&nbsp;<\/p>\n<p>Giovane Barroti tem 52 anos. O barretense \u00e9 casado com\u00a0\u00a0Claudia Aparecida de Castro Barroti e pai de Lucas, Raphael e Clara.<\/p>\n<p>Giovane\u00a0\u00a0formou-se em bacharel em qu\u00edmica em 1994 na Funda\u00e7\u00e3o Educacional de Barretos, hoje UNIFEB e fez p\u00f3s-gradua\u00e7\u00e3o em Biotecnologia na Unesp de Araraquara<\/p>\n<p>O empres\u00e1rio propriet\u00e1rio da All Plant e s\u00f3cio da Liberf\u00f3s come\u00e7ou a trabalhar no setor de ind\u00fastria e com\u00e9rcio no in\u00edcio de 2000 no ramo de fabrica\u00e7\u00e3o de fertilizantes qu\u00edmicos, seguindo sua forma\u00e7\u00e3o em qu\u00edmica e agricultura.<\/p>\n<p>Segundo Giovani o segmento que escolheu para desenvolver seu trabalho representa a origem de sua forma\u00e7\u00e3o e vida, e ao mesmo tempo contribui para o desenvolvimento da cidade \u201cO setor agro foi onde constru\u00ed minhas ra\u00edzes e com ajuda da minha da fam\u00edlia, meus colaboradores e Deus, crescemos e continuamos a crescer, contribuindo n\u00e3o s\u00f3 para Agro, mas tamb\u00e9m para o desenvolvimento da nossa Barretos\u201d.<\/p>\n<p>Para Giovani, receber o t\u00edtulo de empres\u00e1rio do Ano 2020 \u00e9 um incentivo para continuar crescendo e investindo em Barretos, com foco em todo o pa\u00eds, \u201cO reconhecimento do meu trabalho pelos empres\u00e1rios de toda Barretos, \u00e9 mais um est\u00edmulo para continua e crescer neste ramo tanto importante para para agricultura e para o Brasil\u201d, fala.<\/p>\n<p><b>Empresas Destaques do Com\u00e9rcio 2020<\/b><\/p>\n<p>&nbsp;<\/p>\n<p><b>Alimenta\u00e7\u00e3o &#8211; Gastronomia &#8211; Hortifruti<\/b><\/p>\n<p>&nbsp;<\/p>\n<p>A\u00e7ougue\/Casa de Carnes \u2013 Minerva Beef Shop<\/p>\n<p>Bar -Raimundinho<\/p>\n<p>Casa de Frios e Latic\u00ednios -Frios e Cia<\/p>\n<p>Casa de Sucos-\u00a0\u00a0Ponto Do Suco<\/p>\n<p>Loja de Chocolates Cacau Show &#8211; Shopping<\/p>\n<p>Churrascaria- Estrela do Sul<\/p>\n<p>Comida Japonesa -Naka Naka<\/p>\n<p>Confeitaria -Dona Baunilha<\/p>\n<p>Doces e Similares- Sm Doces<\/p>\n<p>Lanchonete- Ranchos<\/p>\n<p>Loja de Conveni\u00eancia- Berrant\u00e3o<\/p>\n<p>Mercearia- Fran\u00e7a<\/p>\n<p>Mini Mercado -Eduardo<\/p>\n<p>Padaria- La Maison<\/p>\n<p>Pastelaria \u2013Tic\u00e3o<\/p>\n<p>Pizzaria- Fernando<\/p>\n<p>Quiosque de Lanches -Chicos<\/p>\n<p>Restaurante -Costela De Ouro<\/p>\n<p>Revenda de Bebida- Minar\u00e9<\/p>\n<p>Salgaderia \u2013Tit\u00f4<\/p>\n<p>Sorveteria- ChiTquinho<\/p>\n<p>Supermercado + de 1 Loja- Savegnago<\/p>\n<p>Supermercado \u00danica Loja- Passador<\/p>\n<p>Varej\u00e3o- Louzada<\/p>\n<p>&nbsp;<\/p>\n<p><b>Motos<\/b><\/p>\n<p>Lavador de Motos -Mam<\/p>\n<p>Loja de Pe\u00e7as \u2013Massa- Motos<\/p>\n<p>Oficina de Motos Durval -Motos<\/p>\n<p>Revenda de Motos Novas -Caioba<\/p>\n<p>Revenda de Motos Usadas- Caioba<\/p>\n<p><b>Autom\u00f3veis<\/b><\/p>\n<p>Lavador de Ve\u00edculos -North Wash<\/p>\n<p>Loca\u00e7\u00e3o de Veiculos -Localiza (Bavep)<\/p>\n<p>Loja de Acessorios -Furlan<\/p>\n<p>Loja de Equipamento de Som -Giba Som<\/p>\n<p>Loja de Escapamentos -Mauricinho Escapamentos<\/p>\n<p>Loja de Pe\u00e7as- Furlan<\/p>\n<p>Loja de Pneus Novos e Camaras- Lf Pneus<\/p>\n<p>Oficina Mec\u00e2nica -Paul\u00e3o Auto Center<\/p>\n<p>Recauchutadora De Pneus -Pc Pneus<\/p>\n<p>Revenda de Carros Novos &#8211; Concession\u00e1rias Bavep<\/p>\n<p>Revenda de Carros Usados (Garagens) -Mark\u00b4S Ve\u00edculos<\/p>\n<p>Vistoria de Veiculos- Top Vistorias<\/p>\n<p>&nbsp;<\/p>\n<p><b>Caminh\u00f5es<\/b><\/p>\n<p>Loja de Pe\u00e7as -Buthianga<\/p>\n<p>Oficina Mec\u00e2nica -Juli\u00e3o<\/p>\n<p>&nbsp;<\/p>\n<p><b>Combust\u00edvel, Reforma e Manuten\u00e7\u00e3o de Ve\u00edculos<\/b><\/p>\n<p>Alinhamento e Balanceamento- Pc Pneus<\/p>\n<p>Auto El\u00e9trica Sistema -Borracharia Bom Jesus<\/p>\n<p>Funilaria e Pintura -Jacar\u00e9 Auto Center<\/p>\n<p>Mec\u00e2nica Pesada, Carretas e Tratores -Pena<\/p>\n<p>Oficina e Venda de Radiadores -Barretos<\/p>\n<p>Posto Combust\u00edvel -Villa Sete<\/p>\n<p>Posto de Molas e Suspens\u00e3o- Juli\u00e3o<\/p>\n<p>Retifica de Motores -Rodeio<\/p>\n<p>Tape\u00e7aria Para Autos- Renatinho<\/p>\n<p>&nbsp;<\/p>\n<p><b>\u00a0Materiais De Constru\u00e7\u00e3o<\/b><\/p>\n<p>Ca\u00e7amba Para Entulhos -Luiz\u00e3o Ca\u00e7ambas<\/p>\n<p>Calhas e Galvanizados -Ja\u00fa Calhas<\/p>\n<p>Concreteira \/ Reboque -Panissi<\/p>\n<p>Empresa P\/ Loca\u00e7\u00e3o de Equipamentos P\/ Constru\u00e7\u00e3o e Rurais- Proterra<\/p>\n<p>Loja De Materiais de Constru\u00e7\u00e3o- Trev\u00e3o<\/p>\n<p>Loja De Materiais El\u00e9tricos- Eletro Frajan<\/p>\n<p>Loja De Tintas -Le\u00e3o Tintas<\/p>\n<p>Madeireira -Padroeira<\/p>\n<p>Marmoraria- Stilus<\/p>\n<p>Portas E Batentes -Belas Portas<\/p>\n<p>&nbsp;<\/p>\n<p><b>Casa, Utilidades Domesticas, Eletrodomestico<\/b><\/p>\n<p>Cortinas &#8211; Tapetes &#8211; Enfeites -Casa Bella<\/p>\n<p>Loja De Colch\u00f5es -Sr Colch\u00e3o<\/p>\n<p>Loja De Divis\u00f3rias Forro e Carpetes- Forro F\u00e1cil<\/p>\n<p>Loja De Eletrodom\u00e9sticos- Lojas Cem<\/p>\n<p>Loja De Equipamento Eletr\u00f4nico -Mil Koisas<\/p>\n<p>Loja De M\u00f3veis -Petrochi<\/p>\n<p>Loja De M\u00f3veis Espec\u00edficos E Decora\u00e7\u00e3o -Carol Casa<\/p>\n<p>Loja De M\u00f3veis Para Escrit\u00f3rio- Asteque<\/p>\n<p>Loja De M\u00f3veis Planejados -Sergio Planejados<\/p>\n<p>Loja De Produtos De Limpeza E Descart\u00e1vel -Multi Shine<\/p>\n<p>Loja De Utilidades Dom\u00e9sticas E Presentes -L\u00edder Comercial<\/p>\n<p>Loja De Plantas Ornamentais \/ Paisagismo \/Jardinagem -Botanica Jardinagem<\/p>\n<p>Loja De Vendas De Piscinas e Acess\u00f3rios- Gigante Agua E Sol<\/p>\n<p>Marcenaria -Portuguesa<\/p>\n<p><b>Serralheria- J B<\/b><\/p>\n<p>Vidra\u00e7aria \u2013Caiel<\/p>\n<p>&nbsp;<\/p>\n<p><b>Confec\u00e7\u00f5es, Cal\u00e7ados e Acess\u00f3rios<\/b><\/p>\n<p>Bazar e Armarinhos &#8211; Bubaloo<\/p>\n<p>Boutique -Arlete<\/p>\n<p>Loja De Aluguel de Roupas -Mari\u00ea<\/p>\n<p>Loja de Artesanatos -Gi Arts<\/p>\n<p>Loja de Artigos De Esporte- Mp Sports<\/p>\n<p>Loja de Bijuterias E Semi J\u00f3ias- Mix Bijoux<\/p>\n<p>Loja de Cal\u00e7ados Feminino- Arezzo<\/p>\n<p>Loja de Cal\u00e7ados Infantins -Ma\u00e7azinha Kids<\/p>\n<p>Loja de Cal\u00e7ados Masculino -Bibbo<\/p>\n<p>Loja de Cama, Mesa E Banho -Tecidos Joia<\/p>\n<p>Loja de Enxoval Para Rec\u00e9m Nascido- Kaka Kids<\/p>\n<p>Loja de Grife Feminina -Look<\/p>\n<p>Loja de Grife Masculina -Brookstore<\/p>\n<p>Loja de J\u00f3ias E Rel\u00f3gios -Oriente<\/p>\n<p>Loja de Lingerie -Cl\u00ea Lingerie<\/p>\n<p>Loja de Moda Feminina -Chavita<\/p>\n<p>A Loja de Moda Masculina -Luiggi<\/p>\n<p>Loja de Produtos Country- Barretes\u00e3o<\/p>\n<p>Loja de Roupas E Confec\u00e7\u00f5es Em Geral -Tecidos Joia<\/p>\n<p>Loja de Tecidos -Bom Pre\u00e7o Textil<\/p>\n<p>Loja de Vestu\u00e1rio Infantil -Bia Bela More<\/p>\n<p>Loja de Plus Size -Amore<\/p>\n<p>&nbsp;<\/p>\n<p><b>Sa\u00fade<\/b><\/p>\n<p>Clinica de Fisioterapia -Lupa<\/p>\n<p>Clinica de Odontologia -Odonto Company<\/p>\n<p>Clinica de Podologia- Mario Seabra<\/p>\n<p>Cl\u00ednica de Radiologia Odontol\u00f3gica- Dvi<\/p>\n<p>Clinica M\u00e9dica- Daher<\/p>\n<p>Cl\u00ednica Veterin\u00e1ria -Animed<\/p>\n<p>Farm\u00e1cia de Manipula\u00e7\u00e3o -Geranium<\/p>\n<p>Farm\u00e1cia e Drogaria- Drogadada<\/p>\n<p>Laborat\u00f3rio de An\u00e1lise- Clinica Suzuki<\/p>\n<p>Loja De Materiais Odontol\u00f3gicos- Dental Shop<\/p>\n<p>Loja De Produtos M\u00e9dicos e Hospitalares -Cirurgica Drogadada<\/p>\n<p>Medicina Do Trabalho &#8211; Exames Admissionais E Demissionais- Proseme<\/p>\n<p>Planos De Sa\u00fade -Unimed<\/p>\n<p>Planos Odontol\u00f3gicos- Odonto Company<\/p>\n<p>Um Hospital &#8211; S\u00e3o Jorge<\/p>\n<p>&nbsp;<\/p>\n<p><b>Educa\u00e7\u00e3o Escolar<\/b><\/p>\n<p>Escolas de Ensino De Idioma- Wizard<\/p>\n<p>Escola de Ensino Fundamental -Col\u00e9gio Barretos<\/p>\n<p>Escola de Ensino M\u00e9dio &#8211; Col\u00e9gio Nomelini<\/p>\n<p>Escola de Ensino Superior -Unifeb<\/p>\n<p>Escola de Inform\u00e1tica- D. Way<\/p>\n<p>Escolas T\u00e9cnica- Senac<\/p>\n<p>Escola de Ensino \u00e0 Distancia &#8211; Liceu Tec<\/p>\n<p>Pr\u00e9 Escola e Jardim de Inf\u00e2ncia -Doce Mel<\/p>\n<p>Um Professor -Danilo Nunes<\/p>\n<p><b>\u00a0<\/b><\/p>\n<p><b>Profissionais Liberais<\/b><\/p>\n<p>Advogado -Helio Navarro<\/p>\n<p>Arquiteto -Ivo Gambirazi<\/p>\n<p>Dentista- Rejane Pestana<\/p>\n<p>Engenheiro -Andr\u00e9 Ponciano<\/p>\n<p>Fisioterapeuta- Lupa<\/p>\n<p>M\u00e9dico -Jorge Rezeck<\/p>\n<p>Veterin\u00e1rio -Renato Boiani<\/p>\n<p>&nbsp;<\/p>\n<p><b>North Shopping<\/b><\/p>\n<p>Melhor Loja -Renner<\/p>\n<p>Melhor Loja Ancora- Americanas<\/p>\n<p>Melhor Loja de Alimenta\u00e7\u00e3o -Mc Donald<\/p>\n<p>Melhor Quiosque- Botequim Do Chopp<\/p>\n<p>Melhor Loja de Servi\u00e7os -Net Barretos<\/p>\n<p>Melhor Gerente North Shopping -Ricardo &#8211; N Shopping<\/p>\n<p>Melhor Vendedor (A) North Shopping- Ana Vit\u00f3ria &#8211; Cacau Show<\/p>\n<p><b>\u00a0<\/b><\/p>\n<p><b>Com\u00e9rcio \u2013 Servi\u00e7os Diversos<\/b><\/p>\n<p>Academia de Dan\u00e7a- Marcelo Benevides<\/p>\n<p>Academia de Gin\u00e1stica e Muscula\u00e7\u00e3o -Just Fit<\/p>\n<p>Agencia de Publicidade- Phabrica de Id\u00e9ias<\/p>\n<p>Agencia de Viagens e Turismo -Cvc<\/p>\n<p>Artefatos de Cimento e Concreto- Famix<\/p>\n<p>Auto Escola -Central<\/p>\n<p>Banco- Santander<\/p>\n<p>Banco Cooperativa -Sicred<\/p>\n<p>Banho e Tosa -F\u00e3 do Bicho<\/p>\n<p>Barbearia \/ Barbeiro- A Barbearia<\/p>\n<p>Bicicletaria \/ Oficina e Vendas &#8211; Casa Das Bicicletas<\/p>\n<p>Buffet- Danilo Borges<\/p>\n<p>Cabeleireiro \/ Cabeleireira -Marcos Paro<\/p>\n<p>Carro De Som E Trio El\u00e9trico -Turbina Som<\/p>\n<p>Cerimonialista -Neneia<\/p>\n<p>Ch\u00e1cara Para Festa -Novo Encantado<\/p>\n<p>Chaveiro -Bom Jesus<\/p>\n<p>Clinica de Est\u00e9tica -Nativa<\/p>\n<p>Clube Social -Rio das Pedras<\/p>\n<p>Comunica\u00e7\u00e3o Visual, Fachadas, Adesivos e Baners -Neon<\/p>\n<p>Construtora -Pacaembu<\/p>\n<p>Copiadora \/ Fotocopia-s Quality<\/p>\n<p>Corretora De Seguros -Ativa<\/p>\n<p>Decora\u00e7\u00e3o De Festas -Paulo Neto<\/p>\n<p>Decora\u00e7\u00e3o De Festas Infantis- Croc Kids<\/p>\n<p>Despachante Policial -Central<\/p>\n<p>Distribuidora De \u00c1gua -Marc\u00e3o<\/p>\n<p>Distribuidora De -G\u00e1s Marc\u00e3o<\/p>\n<p>Empresa de Irriga\u00e7\u00e3o- Irriga Sistem<\/p>\n<p>Empresa de Oxig\u00eanio- Oxigen Gases<\/p>\n<p>Empresa de Seguran\u00e7a E Monitoramento- Spya<\/p>\n<p>Empresa de Servi\u00e7o De Guincho -Frei Galv\u00e3o<\/p>\n<p>Empresa de Toldos -Barretos<\/p>\n<p>Empresa de Transporte De Turismo -Bontur<\/p>\n<p>Empresa Produtora De Brindes- Grafica E Brindes Barretos<\/p>\n<p>Escrit\u00f3rio de Contabilidade -Espasso<\/p>\n<p>Estacionamento -Fernando Borela<\/p>\n<p>Estamparia -Nova Ideia<\/p>\n<p>Financeira- Omni<\/p>\n<p>Floricultura B-em Florir<\/p>\n<p>Foto E Acess\u00f3rios- Foto King<\/p>\n<p>Funer\u00e1ria -Amas<\/p>\n<p>F\u00e1brica De Gelo -Gelo Mania<\/p>\n<p>Gr\u00e1fica- Barretos<\/p>\n<p>Hotel -Barretos Country Hotel<\/p>\n<p>Imobili\u00e1ria- Renato Peghim<\/p>\n<p>Lavanderia -5 A Sec<\/p>\n<p>Livraria Estudante<\/p>\n<p>Locadora De V\u00eddeo, Som E Games -Saitama<\/p>\n<p>Loja de Acess\u00f3rios E Suplemento Para Inform\u00e1tica -Micronet<\/p>\n<p>Loja de Adubos, Fertilizantes, Sementes E Defens\u00edvos Agr\u00edcola-s Embrafos<\/p>\n<p>Loja de Ar Condicionado E Refrigera\u00e7\u00e3o- Rocha<\/p>\n<p>Loja de Brinquedos -Lider Comercial<\/p>\n<p>Loja de Ca\u00e7a Pesca E Camping- Pintad\u00e3o<\/p>\n<p>Loja de Cartuchos Para Impressoras- Recartuchos<\/p>\n<p>Loja de Computadores- C\u00e9zar Inform\u00e1tica<\/p>\n<p>Loja de Cosm\u00e9ticos E Higiene Pessoal- Emy<\/p>\n<p>Loja de Equipamentos P\/ Seguran\u00e7a Do Trabalho -Proseguran\u00e7a<\/p>\n<p>Loja de Ferramentas E Ferragens- Casa 3 Irm\u00e3os<\/p>\n<p>Loja de Parafuso- Palacio Dos Parafusos<\/p>\n<p>Loja de Produtos Agropecu\u00e1rios- Agro Wilson<\/p>\n<p>Loja de Produtos Importados -Chim<\/p>\n<p>Loja de Ra\u00e7\u00e3o P\/ Animais- Puricampo<\/p>\n<p>Loja de Revenda de Aparelhos Celulares -Maxcell<\/p>\n<p>Lot\u00e9rica- Ivai<\/p>\n<p>Motel -Leblon<\/p>\n<p>Moto Taxi -Shopping<\/p>\n<p>Oficina De Eletro- Eletr\u00f4nico Capovilla<\/p>\n<p>Operadora De Celular Vivo<\/p>\n<p>\u00d3tica- Carol<\/p>\n<p>Papelaria -Asteque<\/p>\n<p>Perfumaria -O Botic\u00e1rio<\/p>\n<p>Pesqueiro- Minerva<\/p>\n<p>Pet Shop- Puricampo<\/p>\n<p>Pilates- Studio Equilibrio\/Manuela Bortolo<\/p>\n<p>Produtora de V\u00eddeo \/ Merchand \/ Marketing- Ramos Video<\/p>\n<p>Provedor de Internet Local- Net Barretos<\/p>\n<p>Sal\u00e3o de Beleza -Marcos Paro Hair<\/p>\n<p>Sal\u00e3o de Festas Infantis- Top Festa<\/p>\n<p>Sapataria -S\u00e3o Marcos<\/p>\n<p>Sex Shop -Brilho Proibido<\/p>\n<p>Sindicatos- Sind. Dos Comerciarios<\/p>\n<p>Tape\u00e7aria e Reforma De M\u00f3veis- Maur\u00e3o<\/p>\n<p>Tatuagens -Planet Tatoo<\/p>\n<p>Transportadora -Baroni<\/p>\n<p>Tratores e Implementos Agr\u00edcolas- Colorado\/John Deere<\/p>\n<p><b>Outros<\/b><\/p>\n<p>Empresa Revela\u00e7\u00e3o- Track&amp;Field<\/p>\n<p>Um Construtor -Ivo Gambirazi<\/p>\n<p>Um Gerente- Viviane &#8211; Emy<\/p>\n<p>Um Vendedor -Andrea &#8211; Ma\u00e7azinha<\/p>\n<p>Uma Autoridade -Guilherme \u00c1vila<\/p>\n<p>Uma Industria -Minerva<\/p>\n<p>&nbsp;<\/p>\n<div>Reda\u00e7\u00e3o: Glaucia Chiarelli MTB\/ SP 72458<\/div>\n<div dir=\"ltr\">Foto: Izabella Pivotto Abe<\/div>\n","protected":false},"excerpt":{"rendered":"<p>\u00a0noite festiva vai premiar mais de 220 segmentos do com\u00e9rcio<\/p>\n","protected":false},"author":2,"featured_media":55888,"comment_status":"open","ping_status":"open","sticky":false,"template":"","format":"standard","meta":{"footnotes":""},"categories":[14,25,48],"tags":[],"class_list":["post-55886","post","type-post","status-publish","format-standard","has-post-thumbnail","hentry","category-barretos","category-cidades","category-comercio"],"yoast_head":"<!-- This site is optimized with the Yoast SEO plugin v27.5 - https:\/\/yoast.com\/product\/yoast-seo-wordpress\/ -->\n<title>Empres\u00e1rio e Empres\u00e1ria do ano e Destaques do Com\u00e9rcio 2020 ser\u00e3o homenageados dia 20 - Regi\u00e3o News<\/title>\n<meta name=\"robots\" content=\"index, follow, max-snippet:-1, max-image-preview:large, max-video-preview:-1\" \/>\n<link rel=\"canonical\" href=\"https:\/\/regiaonews.net.br\/2022\/2021\/11\/06\/empresario-e-empresaria-do-ano-e-destaques-do-comercio-2020-sao-homenageados-dia-20\/\" \/>\n<meta property=\"og:locale\" content=\"pt_BR\" \/>\n<meta property=\"og:type\" content=\"article\" \/>\n<meta property=\"og:title\" content=\"Empres\u00e1rio e Empres\u00e1ria do ano e Destaques do Com\u00e9rcio 2020 ser\u00e3o homenageados dia 20 - Regi\u00e3o News\" \/>\n<meta property=\"og:description\" content=\"\u00a0noite festiva vai premiar mais de 220 segmentos do com\u00e9rcio\" \/>\n<meta property=\"og:url\" content=\"https:\/\/regiaonews.net.br\/2022\/2021\/11\/06\/empresario-e-empresaria-do-ano-e-destaques-do-comercio-2020-sao-homenageados-dia-20\/\" \/>\n<meta property=\"og:site_name\" content=\"Regi\u00e3o News\" \/>\n<meta property=\"article:published_time\" content=\"2021-11-06T23:16:46+00:00\" \/>\n<meta property=\"article:modified_time\" content=\"2021-11-06T23:22:06+00:00\" \/>\n<meta property=\"og:image\" content=\"https:\/\/regiaonews.net.br\/2022\/wp-content\/uploads\/2021\/11\/IZA_1670-1-scaled.jpg\" \/>\n\t<meta property=\"og:image:width\" content=\"7500\" \/>\n\t<meta property=\"og:image:height\" content=\"6000\" \/>\n\t<meta property=\"og:image:type\" content=\"image\/jpeg\" \/>\n<meta name=\"author\" content=\"Roberto\" \/>\n<meta name=\"twitter:card\" content=\"summary_large_image\" \/>\n<meta name=\"twitter:label1\" content=\"Escrito por\" \/>\n\t<meta name=\"twitter:data1\" content=\"Roberto\" \/>\n\t<meta name=\"twitter:label2\" content=\"Est. tempo de leitura\" \/>\n\t<meta name=\"twitter:data2\" content=\"10 minutos\" \/>\n<script type=\"application\/ld+json\" class=\"yoast-schema-graph\">{\"@context\":\"https:\\\/\\\/schema.org\",\"@graph\":[{\"@type\":\"Article\",\"@id\":\"https:\\\/\\\/regiaonews.net.br\\\/2022\\\/2021\\\/11\\\/06\\\/empresario-e-empresaria-do-ano-e-destaques-do-comercio-2020-sao-homenageados-dia-20\\\/#article\",\"isPartOf\":{\"@id\":\"https:\\\/\\\/regiaonews.net.br\\\/2022\\\/2021\\\/11\\\/06\\\/empresario-e-empresaria-do-ano-e-destaques-do-comercio-2020-sao-homenageados-dia-20\\\/\"},\"author\":{\"name\":\"Roberto\",\"@id\":\"https:\\\/\\\/regiaonews.net.br\\\/2022\\\/#\\\/schema\\\/person\\\/2d205a608a5aa97ac279d7a5e6d89ad8\"},\"headline\":\"Empres\u00e1rio e Empres\u00e1ria do ano e Destaques do Com\u00e9rcio 2020 ser\u00e3o homenageados dia 20\",\"datePublished\":\"2021-11-06T23:16:46+00:00\",\"dateModified\":\"2021-11-06T23:22:06+00:00\",\"mainEntityOfPage\":{\"@id\":\"https:\\\/\\\/regiaonews.net.br\\\/2022\\\/2021\\\/11\\\/06\\\/empresario-e-empresaria-do-ano-e-destaques-do-comercio-2020-sao-homenageados-dia-20\\\/\"},\"wordCount\":1992,\"commentCount\":0,\"publisher\":{\"@id\":\"https:\\\/\\\/regiaonews.net.br\\\/2022\\\/#organization\"},\"image\":{\"@id\":\"https:\\\/\\\/regiaonews.net.br\\\/2022\\\/2021\\\/11\\\/06\\\/empresario-e-empresaria-do-ano-e-destaques-do-comercio-2020-sao-homenageados-dia-20\\\/#primaryimage\"},\"thumbnailUrl\":\"https:\\\/\\\/regiaonews.net.br\\\/2022\\\/wp-content\\\/uploads\\\/2021\\\/11\\\/IZA_1670-1-scaled.jpg\",\"articleSection\":[\"Barretos\",\"Cidades\",\"Com\u00e9rcio\"],\"inLanguage\":\"pt-BR\",\"potentialAction\":[{\"@type\":\"CommentAction\",\"name\":\"Comment\",\"target\":[\"https:\\\/\\\/regiaonews.net.br\\\/2022\\\/2021\\\/11\\\/06\\\/empresario-e-empresaria-do-ano-e-destaques-do-comercio-2020-sao-homenageados-dia-20\\\/#respond\"]}]},{\"@type\":\"WebPage\",\"@id\":\"https:\\\/\\\/regiaonews.net.br\\\/2022\\\/2021\\\/11\\\/06\\\/empresario-e-empresaria-do-ano-e-destaques-do-comercio-2020-sao-homenageados-dia-20\\\/\",\"url\":\"https:\\\/\\\/regiaonews.net.br\\\/2022\\\/2021\\\/11\\\/06\\\/empresario-e-empresaria-do-ano-e-destaques-do-comercio-2020-sao-homenageados-dia-20\\\/\",\"name\":\"Empres\u00e1rio e Empres\u00e1ria do ano e Destaques do Com\u00e9rcio 2020 ser\u00e3o homenageados dia 20 - Regi\u00e3o News\",\"isPartOf\":{\"@id\":\"https:\\\/\\\/regiaonews.net.br\\\/2022\\\/#website\"},\"primaryImageOfPage\":{\"@id\":\"https:\\\/\\\/regiaonews.net.br\\\/2022\\\/2021\\\/11\\\/06\\\/empresario-e-empresaria-do-ano-e-destaques-do-comercio-2020-sao-homenageados-dia-20\\\/#primaryimage\"},\"image\":{\"@id\":\"https:\\\/\\\/regiaonews.net.br\\\/2022\\\/2021\\\/11\\\/06\\\/empresario-e-empresaria-do-ano-e-destaques-do-comercio-2020-sao-homenageados-dia-20\\\/#primaryimage\"},\"thumbnailUrl\":\"https:\\\/\\\/regiaonews.net.br\\\/2022\\\/wp-content\\\/uploads\\\/2021\\\/11\\\/IZA_1670-1-scaled.jpg\",\"datePublished\":\"2021-11-06T23:16:46+00:00\",\"dateModified\":\"2021-11-06T23:22:06+00:00\",\"breadcrumb\":{\"@id\":\"https:\\\/\\\/regiaonews.net.br\\\/2022\\\/2021\\\/11\\\/06\\\/empresario-e-empresaria-do-ano-e-destaques-do-comercio-2020-sao-homenageados-dia-20\\\/#breadcrumb\"},\"inLanguage\":\"pt-BR\",\"potentialAction\":[{\"@type\":\"ReadAction\",\"target\":[\"https:\\\/\\\/regiaonews.net.br\\\/2022\\\/2021\\\/11\\\/06\\\/empresario-e-empresaria-do-ano-e-destaques-do-comercio-2020-sao-homenageados-dia-20\\\/\"]}]},{\"@type\":\"ImageObject\",\"inLanguage\":\"pt-BR\",\"@id\":\"https:\\\/\\\/regiaonews.net.br\\\/2022\\\/2021\\\/11\\\/06\\\/empresario-e-empresaria-do-ano-e-destaques-do-comercio-2020-sao-homenageados-dia-20\\\/#primaryimage\",\"url\":\"https:\\\/\\\/regiaonews.net.br\\\/2022\\\/wp-content\\\/uploads\\\/2021\\\/11\\\/IZA_1670-1-scaled.jpg\",\"contentUrl\":\"https:\\\/\\\/regiaonews.net.br\\\/2022\\\/wp-content\\\/uploads\\\/2021\\\/11\\\/IZA_1670-1-scaled.jpg\",\"width\":7500,\"height\":6000},{\"@type\":\"BreadcrumbList\",\"@id\":\"https:\\\/\\\/regiaonews.net.br\\\/2022\\\/2021\\\/11\\\/06\\\/empresario-e-empresaria-do-ano-e-destaques-do-comercio-2020-sao-homenageados-dia-20\\\/#breadcrumb\",\"itemListElement\":[{\"@type\":\"ListItem\",\"position\":1,\"name\":\"In\u00edcio\",\"item\":\"https:\\\/\\\/regiaonews.net.br\\\/2022\\\/\"},{\"@type\":\"ListItem\",\"position\":2,\"name\":\"Empres\u00e1rio e Empres\u00e1ria do ano e Destaques do Com\u00e9rcio 2020 ser\u00e3o homenageados dia 20\"}]},{\"@type\":\"WebSite\",\"@id\":\"https:\\\/\\\/regiaonews.net.br\\\/2022\\\/#website\",\"url\":\"https:\\\/\\\/regiaonews.net.br\\\/2022\\\/\",\"name\":\"Regi\u00e3o News\",\"description\":\"Site de Not\u00edcias de Barretos e regi\u00e3o\",\"publisher\":{\"@id\":\"https:\\\/\\\/regiaonews.net.br\\\/2022\\\/#organization\"},\"potentialAction\":[{\"@type\":\"SearchAction\",\"target\":{\"@type\":\"EntryPoint\",\"urlTemplate\":\"https:\\\/\\\/regiaonews.net.br\\\/2022\\\/?s={search_term_string}\"},\"query-input\":{\"@type\":\"PropertyValueSpecification\",\"valueRequired\":true,\"valueName\":\"search_term_string\"}}],\"inLanguage\":\"pt-BR\"},{\"@type\":\"Organization\",\"@id\":\"https:\\\/\\\/regiaonews.net.br\\\/2022\\\/#organization\",\"name\":\"Regi\u00e3o News\",\"url\":\"https:\\\/\\\/regiaonews.net.br\\\/2022\\\/\",\"logo\":{\"@type\":\"ImageObject\",\"inLanguage\":\"pt-BR\",\"@id\":\"https:\\\/\\\/regiaonews.net.br\\\/2022\\\/#\\\/schema\\\/logo\\\/image\\\/\",\"url\":\"https:\\\/\\\/regiaonews.net.br\\\/2022\\\/wp-content\\\/uploads\\\/2026\\\/03\\\/regiao-13-anos-scaled.jpg\",\"contentUrl\":\"https:\\\/\\\/regiaonews.net.br\\\/2022\\\/wp-content\\\/uploads\\\/2026\\\/03\\\/regiao-13-anos-scaled.jpg\",\"width\":2560,\"height\":635,\"caption\":\"Regi\u00e3o News\"},\"image\":{\"@id\":\"https:\\\/\\\/regiaonews.net.br\\\/2022\\\/#\\\/schema\\\/logo\\\/image\\\/\"}},{\"@type\":\"Person\",\"@id\":\"https:\\\/\\\/regiaonews.net.br\\\/2022\\\/#\\\/schema\\\/person\\\/2d205a608a5aa97ac279d7a5e6d89ad8\",\"name\":\"Roberto\",\"image\":{\"@type\":\"ImageObject\",\"inLanguage\":\"pt-BR\",\"@id\":\"https:\\\/\\\/secure.gravatar.com\\\/avatar\\\/42749d8b712ff9d59ca93dc150494e5b55a44134482993f5baeb97e61b7ecc89?s=96&d=mm&r=g\",\"url\":\"https:\\\/\\\/secure.gravatar.com\\\/avatar\\\/42749d8b712ff9d59ca93dc150494e5b55a44134482993f5baeb97e61b7ecc89?s=96&d=mm&r=g\",\"contentUrl\":\"https:\\\/\\\/secure.gravatar.com\\\/avatar\\\/42749d8b712ff9d59ca93dc150494e5b55a44134482993f5baeb97e61b7ecc89?s=96&d=mm&r=g\",\"caption\":\"Roberto\"},\"url\":\"https:\\\/\\\/regiaonews.net.br\\\/2022\\\/author\\\/roberto\\\/\"}]}<\/script>\n<!-- \/ Yoast SEO plugin. -->","yoast_head_json":{"title":"Empres\u00e1rio e Empres\u00e1ria do ano e Destaques do Com\u00e9rcio 2020 ser\u00e3o homenageados dia 20 - Regi\u00e3o News","robots":{"index":"index","follow":"follow","max-snippet":"max-snippet:-1","max-image-preview":"max-image-preview:large","max-video-preview":"max-video-preview:-1"},"canonical":"https:\/\/regiaonews.net.br\/2022\/2021\/11\/06\/empresario-e-empresaria-do-ano-e-destaques-do-comercio-2020-sao-homenageados-dia-20\/","og_locale":"pt_BR","og_type":"article","og_title":"Empres\u00e1rio e Empres\u00e1ria do ano e Destaques do Com\u00e9rcio 2020 ser\u00e3o homenageados dia 20 - Regi\u00e3o News","og_description":"\u00a0noite festiva vai premiar mais de 220 segmentos do com\u00e9rcio","og_url":"https:\/\/regiaonews.net.br\/2022\/2021\/11\/06\/empresario-e-empresaria-do-ano-e-destaques-do-comercio-2020-sao-homenageados-dia-20\/","og_site_name":"Regi\u00e3o News","article_published_time":"2021-11-06T23:16:46+00:00","article_modified_time":"2021-11-06T23:22:06+00:00","og_image":[{"width":7500,"height":6000,"url":"https:\/\/regiaonews.net.br\/2022\/wp-content\/uploads\/2021\/11\/IZA_1670-1-scaled.jpg","type":"image\/jpeg"}],"author":"Roberto","twitter_card":"summary_large_image","twitter_misc":{"Escrito por":"Roberto","Est. tempo de leitura":"10 minutos"},"schema":{"@context":"https:\/\/schema.org","@graph":[{"@type":"Article","@id":"https:\/\/regiaonews.net.br\/2022\/2021\/11\/06\/empresario-e-empresaria-do-ano-e-destaques-do-comercio-2020-sao-homenageados-dia-20\/#article","isPartOf":{"@id":"https:\/\/regiaonews.net.br\/2022\/2021\/11\/06\/empresario-e-empresaria-do-ano-e-destaques-do-comercio-2020-sao-homenageados-dia-20\/"},"author":{"name":"Roberto","@id":"https:\/\/regiaonews.net.br\/2022\/#\/schema\/person\/2d205a608a5aa97ac279d7a5e6d89ad8"},"headline":"Empres\u00e1rio e Empres\u00e1ria do ano e Destaques do Com\u00e9rcio 2020 ser\u00e3o homenageados dia 20","datePublished":"2021-11-06T23:16:46+00:00","dateModified":"2021-11-06T23:22:06+00:00","mainEntityOfPage":{"@id":"https:\/\/regiaonews.net.br\/2022\/2021\/11\/06\/empresario-e-empresaria-do-ano-e-destaques-do-comercio-2020-sao-homenageados-dia-20\/"},"wordCount":1992,"commentCount":0,"publisher":{"@id":"https:\/\/regiaonews.net.br\/2022\/#organization"},"image":{"@id":"https:\/\/regiaonews.net.br\/2022\/2021\/11\/06\/empresario-e-empresaria-do-ano-e-destaques-do-comercio-2020-sao-homenageados-dia-20\/#primaryimage"},"thumbnailUrl":"https:\/\/regiaonews.net.br\/2022\/wp-content\/uploads\/2021\/11\/IZA_1670-1-scaled.jpg","articleSection":["Barretos","Cidades","Com\u00e9rcio"],"inLanguage":"pt-BR","potentialAction":[{"@type":"CommentAction","name":"Comment","target":["https:\/\/regiaonews.net.br\/2022\/2021\/11\/06\/empresario-e-empresaria-do-ano-e-destaques-do-comercio-2020-sao-homenageados-dia-20\/#respond"]}]},{"@type":"WebPage","@id":"https:\/\/regiaonews.net.br\/2022\/2021\/11\/06\/empresario-e-empresaria-do-ano-e-destaques-do-comercio-2020-sao-homenageados-dia-20\/","url":"https:\/\/regiaonews.net.br\/2022\/2021\/11\/06\/empresario-e-empresaria-do-ano-e-destaques-do-comercio-2020-sao-homenageados-dia-20\/","name":"Empres\u00e1rio e Empres\u00e1ria do ano e Destaques do Com\u00e9rcio 2020 ser\u00e3o homenageados dia 20 - Regi\u00e3o News","isPartOf":{"@id":"https:\/\/regiaonews.net.br\/2022\/#website"},"primaryImageOfPage":{"@id":"https:\/\/regiaonews.net.br\/2022\/2021\/11\/06\/empresario-e-empresaria-do-ano-e-destaques-do-comercio-2020-sao-homenageados-dia-20\/#primaryimage"},"image":{"@id":"https:\/\/regiaonews.net.br\/2022\/2021\/11\/06\/empresario-e-empresaria-do-ano-e-destaques-do-comercio-2020-sao-homenageados-dia-20\/#primaryimage"},"thumbnailUrl":"https:\/\/regiaonews.net.br\/2022\/wp-content\/uploads\/2021\/11\/IZA_1670-1-scaled.jpg","datePublished":"2021-11-06T23:16:46+00:00","dateModified":"2021-11-06T23:22:06+00:00","breadcrumb":{"@id":"https:\/\/regiaonews.net.br\/2022\/2021\/11\/06\/empresario-e-empresaria-do-ano-e-destaques-do-comercio-2020-sao-homenageados-dia-20\/#breadcrumb"},"inLanguage":"pt-BR","potentialAction":[{"@type":"ReadAction","target":["https:\/\/regiaonews.net.br\/2022\/2021\/11\/06\/empresario-e-empresaria-do-ano-e-destaques-do-comercio-2020-sao-homenageados-dia-20\/"]}]},{"@type":"ImageObject","inLanguage":"pt-BR","@id":"https:\/\/regiaonews.net.br\/2022\/2021\/11\/06\/empresario-e-empresaria-do-ano-e-destaques-do-comercio-2020-sao-homenageados-dia-20\/#primaryimage","url":"https:\/\/regiaonews.net.br\/2022\/wp-content\/uploads\/2021\/11\/IZA_1670-1-scaled.jpg","contentUrl":"https:\/\/regiaonews.net.br\/2022\/wp-content\/uploads\/2021\/11\/IZA_1670-1-scaled.jpg","width":7500,"height":6000},{"@type":"BreadcrumbList","@id":"https:\/\/regiaonews.net.br\/2022\/2021\/11\/06\/empresario-e-empresaria-do-ano-e-destaques-do-comercio-2020-sao-homenageados-dia-20\/#breadcrumb","itemListElement":[{"@type":"ListItem","position":1,"name":"In\u00edcio","item":"https:\/\/regiaonews.net.br\/2022\/"},{"@type":"ListItem","position":2,"name":"Empres\u00e1rio e Empres\u00e1ria do ano e Destaques do Com\u00e9rcio 2020 ser\u00e3o homenageados dia 20"}]},{"@type":"WebSite","@id":"https:\/\/regiaonews.net.br\/2022\/#website","url":"https:\/\/regiaonews.net.br\/2022\/","name":"Regi\u00e3o News","description":"Site de Not\u00edcias de Barretos e regi\u00e3o","publisher":{"@id":"https:\/\/regiaonews.net.br\/2022\/#organization"},"potentialAction":[{"@type":"SearchAction","target":{"@type":"EntryPoint","urlTemplate":"https:\/\/regiaonews.net.br\/2022\/?s={search_term_string}"},"query-input":{"@type":"PropertyValueSpecification","valueRequired":true,"valueName":"search_term_string"}}],"inLanguage":"pt-BR"},{"@type":"Organization","@id":"https:\/\/regiaonews.net.br\/2022\/#organization","name":"Regi\u00e3o News","url":"https:\/\/regiaonews.net.br\/2022\/","logo":{"@type":"ImageObject","inLanguage":"pt-BR","@id":"https:\/\/regiaonews.net.br\/2022\/#\/schema\/logo\/image\/","url":"https:\/\/regiaonews.net.br\/2022\/wp-content\/uploads\/2026\/03\/regiao-13-anos-scaled.jpg","contentUrl":"https:\/\/regiaonews.net.br\/2022\/wp-content\/uploads\/2026\/03\/regiao-13-anos-scaled.jpg","width":2560,"height":635,"caption":"Regi\u00e3o News"},"image":{"@id":"https:\/\/regiaonews.net.br\/2022\/#\/schema\/logo\/image\/"}},{"@type":"Person","@id":"https:\/\/regiaonews.net.br\/2022\/#\/schema\/person\/2d205a608a5aa97ac279d7a5e6d89ad8","name":"Roberto","image":{"@type":"ImageObject","inLanguage":"pt-BR","@id":"https:\/\/secure.gravatar.com\/avatar\/42749d8b712ff9d59ca93dc150494e5b55a44134482993f5baeb97e61b7ecc89?s=96&d=mm&r=g","url":"https:\/\/secure.gravatar.com\/avatar\/42749d8b712ff9d59ca93dc150494e5b55a44134482993f5baeb97e61b7ecc89?s=96&d=mm&r=g","contentUrl":"https:\/\/secure.gravatar.com\/avatar\/42749d8b712ff9d59ca93dc150494e5b55a44134482993f5baeb97e61b7ecc89?s=96&d=mm&r=g","caption":"Roberto"},"url":"https:\/\/regiaonews.net.br\/2022\/author\/roberto\/"}]}},"publishpress_future_action":{"enabled":false,"date":"2026-05-05 14:31:38","action":"change-status","newStatus":"draft","terms":[],"taxonomy":"category","extraData":[]},"publishpress_future_workflow_manual_trigger":{"enabledWorkflows":[]},"_links":{"self":[{"href":"https:\/\/regiaonews.net.br\/2022\/wp-json\/wp\/v2\/posts\/55886","targetHints":{"allow":["GET"]}}],"collection":[{"href":"https:\/\/regiaonews.net.br\/2022\/wp-json\/wp\/v2\/posts"}],"about":[{"href":"https:\/\/regiaonews.net.br\/2022\/wp-json\/wp\/v2\/types\/post"}],"author":[{"embeddable":true,"href":"https:\/\/regiaonews.net.br\/2022\/wp-json\/wp\/v2\/users\/2"}],"replies":[{"embeddable":true,"href":"https:\/\/regiaonews.net.br\/2022\/wp-json\/wp\/v2\/comments?post=55886"}],"version-history":[{"count":0,"href":"https:\/\/regiaonews.net.br\/2022\/wp-json\/wp\/v2\/posts\/55886\/revisions"}],"wp:featuredmedia":[{"embeddable":true,"href":"https:\/\/regiaonews.net.br\/2022\/wp-json\/wp\/v2\/media\/55888"}],"wp:attachment":[{"href":"https:\/\/regiaonews.net.br\/2022\/wp-json\/wp\/v2\/media?parent=55886"}],"wp:term":[{"taxonomy":"category","embeddable":true,"href":"https:\/\/regiaonews.net.br\/2022\/wp-json\/wp\/v2\/categories?post=55886"},{"taxonomy":"post_tag","embeddable":true,"href":"https:\/\/regiaonews.net.br\/2022\/wp-json\/wp\/v2\/tags?post=55886"}],"curies":[{"name":"wp","href":"https:\/\/api.w.org\/{rel}","templated":true}]}}