{"id":55872,"date":"2021-11-06T19:03:52","date_gmt":"2021-11-06T22:03:52","guid":{"rendered":"https:\/\/regiaonews.net.br\/2022\/?p=55872"},"modified":"2021-11-06T19:52:20","modified_gmt":"2021-11-06T22:52:20","slug":"prestes-a-comemorar-11-anos-north-shopping-anuncia-novas-lojas","status":"publish","type":"post","link":"https:\/\/regiaonews.net.br\/2022\/2021\/11\/06\/prestes-a-comemorar-11-anos-north-shopping-anuncia-novas-lojas\/","title":{"rendered":"Prestes a comemorar 11 anos, North Shopping anuncia novas lojas"},"content":{"rendered":"<p><a href=\"https:\/\/regiaonews.net.br\/2022\/wp-content\/uploads\/2021\/11\/WhatsApp-Image-2021-11-04-at-13.52.13-2-1.jpeg\"><img loading=\"lazy\" decoding=\"async\" class=\"alignnone size-medium wp-image-55873\" src=\"https:\/\/regiaonews.net.br\/2022\/wp-content\/uploads\/2021\/11\/WhatsApp-Image-2021-11-04-at-13.52.13-2-1-300x300.jpeg\" alt=\"\" width=\"300\" height=\"300\" \/><\/a><\/p>\n<p><a href=\"https:\/\/regiaonews.net.br\/2022\/wp-content\/uploads\/2021\/11\/WhatsApp-Image-2021-11-06-at-19.03.04.jpeg\"><img loading=\"lazy\" decoding=\"async\" class=\"alignnone size-medium wp-image-55876\" src=\"https:\/\/regiaonews.net.br\/2022\/wp-content\/uploads\/2021\/11\/WhatsApp-Image-2021-11-06-at-19.03.04-300x300.jpeg\" alt=\"\" width=\"300\" height=\"300\" \/><\/a><\/p>\n<p><a href=\"https:\/\/regiaonews.net.br\/2022\/wp-content\/uploads\/2021\/11\/NSB-AREA-FACHADA.jpg\"><img loading=\"lazy\" decoding=\"async\" class=\"alignnone size-medium wp-image-55874\" src=\"https:\/\/regiaonews.net.br\/2022\/wp-content\/uploads\/2021\/11\/NSB-AREA-FACHADA-300x169.jpg\" alt=\"\" width=\"300\" height=\"169\" \/><\/a><\/p>\n<p>No dia\u00a05 de dezembro de 2021\u00a0o North Shopping Barretos completa seus 11 anos de hist\u00f3ria. Consolidado como o mais importante centro de compras da regi\u00e3o, o North Shopping registrou \u00edndice positivo nos \u00faltimos quase 20 meses, per\u00edodo de pandemia do COVID-19.<\/p>\n<p><a href=\"https:\/\/regiaonews.net.br\/2022\/wp-content\/uploads\/2020\/08\/north-shopping-barretos.jpg\"><img loading=\"lazy\" decoding=\"async\" class=\"alignnone size-medium wp-image-36119\" src=\"https:\/\/regiaonews.net.br\/2022\/wp-content\/uploads\/2020\/08\/north-shopping-barretos-300x225.jpg\" alt=\"\" width=\"300\" height=\"225\" \/><\/a><\/p>\n<p>Foram 13 fechamentos de opera\u00e7\u00f5es contra 26 inaugura\u00e7\u00f5es, um saldo de 13 novas lojas juntando-se ao mix do shopping.\u00a0Saldo que deve crescer nas pr\u00f3ximas semanas com as inaugura\u00e7\u00f5es \u00a0da Vivo, operadora de telefonia m\u00f3vel; da Smart Beauty, opera\u00e7\u00e3o de venda de cosm\u00e9ticos variados, da Shangri-la L\u00f3tus, que deixa de ser quiosque para se tornar uma loja completa de aromatizantes, perfumes e sabonetes artesanais, al\u00e9m de itens de decora\u00e7\u00e3o esot\u00e9rica. H\u00e1 ainda a volta da franquia \u00a0Chef da Empada e a inaugura\u00e7\u00e3o do restaurante O Tropeiro, importante marca no cen\u00e1rio da gastronomia regional.<\/p>\n<p>O gerente geral do North Shopping, Ricardo Martins Marques, destacou que as novidades n\u00e3o se restringem \u00e0s pr\u00f3ximas inaugura\u00e7\u00f5es e contemplam tr\u00eas grandes projetos. Nos primeiros meses de 2022 o shopping passa a oferecer um espa\u00e7o de salas empresariais, no estilo \u201ccoworking\u201d, com escrit\u00f3rios privados ou compartilhados, e toda a estrutura de recepcionistas, copa, salas de reuni\u00f5es, entre outros benef\u00edcios inclu\u00eddos. Tamb\u00e9m ser\u00e1 inaugurada uma grande choperia, o Emp\u00f3rio Sereno \u00a0em uma elegante constru\u00e7\u00e3o de dois andares, no espa\u00e7o em frente a Avenida Professor Roberto Frade Monte, com acesso independente e funcionamento que ir\u00e1 al\u00e9m dos hor\u00e1rios de fechamento do shopping, se tornando mais uma atra\u00e7\u00e3o gastron\u00f4mica e de lazer. \u201cEst\u00e1vamos guardando a sete chaves uma grande negocia\u00e7\u00e3o com a nova \u00e2ncora de moda do shopping, mas agora, j\u00e1 podemos contar que a marca C&amp;A ter\u00e1 uma loja conceito no North Shopping Barretos, uma obra grandiosa que tem previs\u00e3o de inaugura\u00e7\u00e3o em novembro de 2022\u201d, revela o gerente Ricardo Martins Marques.<\/p>\n<p>No pr\u00f3ximo domingo, a partir das 16h, o Papai Noel marca presen\u00e7a no shopping, inaugurando \u00a0a decora\u00e7\u00e3o natalina e abrindo oficialmente a temporada festiva \u00a0na cidade.\u00a0A Campanha Natal North Shopping Barretos, um verdadeiro presente vai sortear 11 motos Honda Bis, zero quil\u00f4metro, uma para cada ano de funcionamento do shopping. Os clientes que, a partir do dia 19, consumirem R$ 150 em qualquer loja conforme regulamento, poder\u00e3o trocar os cupons\/notas \u00a0fiscais por cupons da campanha. O regulamento completo da promo\u00e7\u00e3o est\u00e1 em\u00a0<a id=\"LPlnk635971\" href=\"http:\/\/www.northshoppingbarretos.com.br\/\" target=\"_blank\" rel=\"noopener noreferrer\" data-auth=\"NotApplicable\" data-linkindex=\"0\">www.northshoppingbarretos.com.br<\/a>.<\/p>\n","protected":false},"excerpt":{"rendered":"<p>No dia\u00a05 de dezembro de 2021\u00a0o North Shopping Barretos completa<\/p>\n","protected":false},"author":2,"featured_media":55874,"comment_status":"open","ping_status":"open","sticky":false,"template":"","format":"standard","meta":{"footnotes":""},"categories":[14,25,48],"tags":[],"class_list":["post-55872","post","type-post","status-publish","format-standard","has-post-thumbnail","hentry","category-barretos","category-cidades","category-comercio"],"yoast_head":"<!-- This site is optimized with the Yoast SEO plugin v27.5 - https:\/\/yoast.com\/product\/yoast-seo-wordpress\/ -->\n<title>Prestes a comemorar 11 anos, North Shopping anuncia novas lojas - Regi\u00e3o News<\/title>\n<meta name=\"robots\" content=\"index, follow, max-snippet:-1, max-image-preview:large, max-video-preview:-1\" \/>\n<link rel=\"canonical\" href=\"https:\/\/regiaonews.net.br\/2022\/2021\/11\/06\/prestes-a-comemorar-11-anos-north-shopping-anuncia-novas-lojas\/\" \/>\n<meta property=\"og:locale\" content=\"pt_BR\" \/>\n<meta property=\"og:type\" content=\"article\" \/>\n<meta property=\"og:title\" content=\"Prestes a comemorar 11 anos, North Shopping anuncia novas lojas - Regi\u00e3o News\" \/>\n<meta property=\"og:description\" content=\"No dia\u00a05 de dezembro de 2021\u00a0o North Shopping Barretos completa\" \/>\n<meta property=\"og:url\" content=\"https:\/\/regiaonews.net.br\/2022\/2021\/11\/06\/prestes-a-comemorar-11-anos-north-shopping-anuncia-novas-lojas\/\" \/>\n<meta property=\"og:site_name\" content=\"Regi\u00e3o News\" \/>\n<meta property=\"article:published_time\" content=\"2021-11-06T22:03:52+00:00\" \/>\n<meta property=\"article:modified_time\" content=\"2021-11-06T22:52:20+00:00\" \/>\n<meta property=\"og:image\" content=\"https:\/\/regiaonews.net.br\/2022\/wp-content\/uploads\/2021\/11\/NSB-AREA-FACHADA.jpg\" \/>\n\t<meta property=\"og:image:width\" content=\"2560\" \/>\n\t<meta property=\"og:image:height\" content=\"1440\" \/>\n\t<meta property=\"og:image:type\" content=\"image\/jpeg\" \/>\n<meta name=\"author\" content=\"Roberto\" \/>\n<meta name=\"twitter:card\" content=\"summary_large_image\" \/>\n<meta name=\"twitter:label1\" content=\"Escrito por\" \/>\n\t<meta name=\"twitter:data1\" content=\"Roberto\" \/>\n\t<meta name=\"twitter:label2\" content=\"Est. tempo de leitura\" \/>\n\t<meta name=\"twitter:data2\" content=\"2 minutos\" \/>\n<script type=\"application\/ld+json\" class=\"yoast-schema-graph\">{\"@context\":\"https:\\\/\\\/schema.org\",\"@graph\":[{\"@type\":\"Article\",\"@id\":\"https:\\\/\\\/regiaonews.net.br\\\/2022\\\/2021\\\/11\\\/06\\\/prestes-a-comemorar-11-anos-north-shopping-anuncia-novas-lojas\\\/#article\",\"isPartOf\":{\"@id\":\"https:\\\/\\\/regiaonews.net.br\\\/2022\\\/2021\\\/11\\\/06\\\/prestes-a-comemorar-11-anos-north-shopping-anuncia-novas-lojas\\\/\"},\"author\":{\"name\":\"Roberto\",\"@id\":\"https:\\\/\\\/regiaonews.net.br\\\/2022\\\/#\\\/schema\\\/person\\\/2d205a608a5aa97ac279d7a5e6d89ad8\"},\"headline\":\"Prestes a comemorar 11 anos, North Shopping anuncia novas lojas\",\"datePublished\":\"2021-11-06T22:03:52+00:00\",\"dateModified\":\"2021-11-06T22:52:20+00:00\",\"mainEntityOfPage\":{\"@id\":\"https:\\\/\\\/regiaonews.net.br\\\/2022\\\/2021\\\/11\\\/06\\\/prestes-a-comemorar-11-anos-north-shopping-anuncia-novas-lojas\\\/\"},\"wordCount\":427,\"commentCount\":0,\"publisher\":{\"@id\":\"https:\\\/\\\/regiaonews.net.br\\\/2022\\\/#organization\"},\"image\":{\"@id\":\"https:\\\/\\\/regiaonews.net.br\\\/2022\\\/2021\\\/11\\\/06\\\/prestes-a-comemorar-11-anos-north-shopping-anuncia-novas-lojas\\\/#primaryimage\"},\"thumbnailUrl\":\"https:\\\/\\\/regiaonews.net.br\\\/2022\\\/wp-content\\\/uploads\\\/2021\\\/11\\\/NSB-AREA-FACHADA.jpg\",\"articleSection\":[\"Barretos\",\"Cidades\",\"Com\u00e9rcio\"],\"inLanguage\":\"pt-BR\",\"potentialAction\":[{\"@type\":\"CommentAction\",\"name\":\"Comment\",\"target\":[\"https:\\\/\\\/regiaonews.net.br\\\/2022\\\/2021\\\/11\\\/06\\\/prestes-a-comemorar-11-anos-north-shopping-anuncia-novas-lojas\\\/#respond\"]}]},{\"@type\":\"WebPage\",\"@id\":\"https:\\\/\\\/regiaonews.net.br\\\/2022\\\/2021\\\/11\\\/06\\\/prestes-a-comemorar-11-anos-north-shopping-anuncia-novas-lojas\\\/\",\"url\":\"https:\\\/\\\/regiaonews.net.br\\\/2022\\\/2021\\\/11\\\/06\\\/prestes-a-comemorar-11-anos-north-shopping-anuncia-novas-lojas\\\/\",\"name\":\"Prestes a comemorar 11 anos, North Shopping anuncia novas lojas - Regi\u00e3o News\",\"isPartOf\":{\"@id\":\"https:\\\/\\\/regiaonews.net.br\\\/2022\\\/#website\"},\"primaryImageOfPage\":{\"@id\":\"https:\\\/\\\/regiaonews.net.br\\\/2022\\\/2021\\\/11\\\/06\\\/prestes-a-comemorar-11-anos-north-shopping-anuncia-novas-lojas\\\/#primaryimage\"},\"image\":{\"@id\":\"https:\\\/\\\/regiaonews.net.br\\\/2022\\\/2021\\\/11\\\/06\\\/prestes-a-comemorar-11-anos-north-shopping-anuncia-novas-lojas\\\/#primaryimage\"},\"thumbnailUrl\":\"https:\\\/\\\/regiaonews.net.br\\\/2022\\\/wp-content\\\/uploads\\\/2021\\\/11\\\/NSB-AREA-FACHADA.jpg\",\"datePublished\":\"2021-11-06T22:03:52+00:00\",\"dateModified\":\"2021-11-06T22:52:20+00:00\",\"breadcrumb\":{\"@id\":\"https:\\\/\\\/regiaonews.net.br\\\/2022\\\/2021\\\/11\\\/06\\\/prestes-a-comemorar-11-anos-north-shopping-anuncia-novas-lojas\\\/#breadcrumb\"},\"inLanguage\":\"pt-BR\",\"potentialAction\":[{\"@type\":\"ReadAction\",\"target\":[\"https:\\\/\\\/regiaonews.net.br\\\/2022\\\/2021\\\/11\\\/06\\\/prestes-a-comemorar-11-anos-north-shopping-anuncia-novas-lojas\\\/\"]}]},{\"@type\":\"ImageObject\",\"inLanguage\":\"pt-BR\",\"@id\":\"https:\\\/\\\/regiaonews.net.br\\\/2022\\\/2021\\\/11\\\/06\\\/prestes-a-comemorar-11-anos-north-shopping-anuncia-novas-lojas\\\/#primaryimage\",\"url\":\"https:\\\/\\\/regiaonews.net.br\\\/2022\\\/wp-content\\\/uploads\\\/2021\\\/11\\\/NSB-AREA-FACHADA.jpg\",\"contentUrl\":\"https:\\\/\\\/regiaonews.net.br\\\/2022\\\/wp-content\\\/uploads\\\/2021\\\/11\\\/NSB-AREA-FACHADA.jpg\",\"width\":2560,\"height\":1440},{\"@type\":\"BreadcrumbList\",\"@id\":\"https:\\\/\\\/regiaonews.net.br\\\/2022\\\/2021\\\/11\\\/06\\\/prestes-a-comemorar-11-anos-north-shopping-anuncia-novas-lojas\\\/#breadcrumb\",\"itemListElement\":[{\"@type\":\"ListItem\",\"position\":1,\"name\":\"In\u00edcio\",\"item\":\"https:\\\/\\\/regiaonews.net.br\\\/2022\\\/\"},{\"@type\":\"ListItem\",\"position\":2,\"name\":\"Prestes a comemorar 11 anos, North Shopping anuncia novas lojas\"}]},{\"@type\":\"WebSite\",\"@id\":\"https:\\\/\\\/regiaonews.net.br\\\/2022\\\/#website\",\"url\":\"https:\\\/\\\/regiaonews.net.br\\\/2022\\\/\",\"name\":\"Regi\u00e3o News\",\"description\":\"Site de Not\u00edcias de Barretos e regi\u00e3o\",\"publisher\":{\"@id\":\"https:\\\/\\\/regiaonews.net.br\\\/2022\\\/#organization\"},\"potentialAction\":[{\"@type\":\"SearchAction\",\"target\":{\"@type\":\"EntryPoint\",\"urlTemplate\":\"https:\\\/\\\/regiaonews.net.br\\\/2022\\\/?s={search_term_string}\"},\"query-input\":{\"@type\":\"PropertyValueSpecification\",\"valueRequired\":true,\"valueName\":\"search_term_string\"}}],\"inLanguage\":\"pt-BR\"},{\"@type\":\"Organization\",\"@id\":\"https:\\\/\\\/regiaonews.net.br\\\/2022\\\/#organization\",\"name\":\"Regi\u00e3o News\",\"url\":\"https:\\\/\\\/regiaonews.net.br\\\/2022\\\/\",\"logo\":{\"@type\":\"ImageObject\",\"inLanguage\":\"pt-BR\",\"@id\":\"https:\\\/\\\/regiaonews.net.br\\\/2022\\\/#\\\/schema\\\/logo\\\/image\\\/\",\"url\":\"https:\\\/\\\/regiaonews.net.br\\\/2022\\\/wp-content\\\/uploads\\\/2026\\\/03\\\/regiao-13-anos-scaled.jpg\",\"contentUrl\":\"https:\\\/\\\/regiaonews.net.br\\\/2022\\\/wp-content\\\/uploads\\\/2026\\\/03\\\/regiao-13-anos-scaled.jpg\",\"width\":2560,\"height\":635,\"caption\":\"Regi\u00e3o News\"},\"image\":{\"@id\":\"https:\\\/\\\/regiaonews.net.br\\\/2022\\\/#\\\/schema\\\/logo\\\/image\\\/\"}},{\"@type\":\"Person\",\"@id\":\"https:\\\/\\\/regiaonews.net.br\\\/2022\\\/#\\\/schema\\\/person\\\/2d205a608a5aa97ac279d7a5e6d89ad8\",\"name\":\"Roberto\",\"image\":{\"@type\":\"ImageObject\",\"inLanguage\":\"pt-BR\",\"@id\":\"https:\\\/\\\/secure.gravatar.com\\\/avatar\\\/42749d8b712ff9d59ca93dc150494e5b55a44134482993f5baeb97e61b7ecc89?s=96&d=mm&r=g\",\"url\":\"https:\\\/\\\/secure.gravatar.com\\\/avatar\\\/42749d8b712ff9d59ca93dc150494e5b55a44134482993f5baeb97e61b7ecc89?s=96&d=mm&r=g\",\"contentUrl\":\"https:\\\/\\\/secure.gravatar.com\\\/avatar\\\/42749d8b712ff9d59ca93dc150494e5b55a44134482993f5baeb97e61b7ecc89?s=96&d=mm&r=g\",\"caption\":\"Roberto\"},\"url\":\"https:\\\/\\\/regiaonews.net.br\\\/2022\\\/author\\\/roberto\\\/\"}]}<\/script>\n<!-- \/ Yoast SEO plugin. -->","yoast_head_json":{"title":"Prestes a comemorar 11 anos, North Shopping anuncia novas lojas - Regi\u00e3o News","robots":{"index":"index","follow":"follow","max-snippet":"max-snippet:-1","max-image-preview":"max-image-preview:large","max-video-preview":"max-video-preview:-1"},"canonical":"https:\/\/regiaonews.net.br\/2022\/2021\/11\/06\/prestes-a-comemorar-11-anos-north-shopping-anuncia-novas-lojas\/","og_locale":"pt_BR","og_type":"article","og_title":"Prestes a comemorar 11 anos, North Shopping anuncia novas lojas - Regi\u00e3o News","og_description":"No dia\u00a05 de dezembro de 2021\u00a0o North Shopping Barretos completa","og_url":"https:\/\/regiaonews.net.br\/2022\/2021\/11\/06\/prestes-a-comemorar-11-anos-north-shopping-anuncia-novas-lojas\/","og_site_name":"Regi\u00e3o News","article_published_time":"2021-11-06T22:03:52+00:00","article_modified_time":"2021-11-06T22:52:20+00:00","og_image":[{"width":2560,"height":1440,"url":"https:\/\/regiaonews.net.br\/2022\/wp-content\/uploads\/2021\/11\/NSB-AREA-FACHADA.jpg","type":"image\/jpeg"}],"author":"Roberto","twitter_card":"summary_large_image","twitter_misc":{"Escrito por":"Roberto","Est. tempo de leitura":"2 minutos"},"schema":{"@context":"https:\/\/schema.org","@graph":[{"@type":"Article","@id":"https:\/\/regiaonews.net.br\/2022\/2021\/11\/06\/prestes-a-comemorar-11-anos-north-shopping-anuncia-novas-lojas\/#article","isPartOf":{"@id":"https:\/\/regiaonews.net.br\/2022\/2021\/11\/06\/prestes-a-comemorar-11-anos-north-shopping-anuncia-novas-lojas\/"},"author":{"name":"Roberto","@id":"https:\/\/regiaonews.net.br\/2022\/#\/schema\/person\/2d205a608a5aa97ac279d7a5e6d89ad8"},"headline":"Prestes a comemorar 11 anos, North Shopping anuncia novas lojas","datePublished":"2021-11-06T22:03:52+00:00","dateModified":"2021-11-06T22:52:20+00:00","mainEntityOfPage":{"@id":"https:\/\/regiaonews.net.br\/2022\/2021\/11\/06\/prestes-a-comemorar-11-anos-north-shopping-anuncia-novas-lojas\/"},"wordCount":427,"commentCount":0,"publisher":{"@id":"https:\/\/regiaonews.net.br\/2022\/#organization"},"image":{"@id":"https:\/\/regiaonews.net.br\/2022\/2021\/11\/06\/prestes-a-comemorar-11-anos-north-shopping-anuncia-novas-lojas\/#primaryimage"},"thumbnailUrl":"https:\/\/regiaonews.net.br\/2022\/wp-content\/uploads\/2021\/11\/NSB-AREA-FACHADA.jpg","articleSection":["Barretos","Cidades","Com\u00e9rcio"],"inLanguage":"pt-BR","potentialAction":[{"@type":"CommentAction","name":"Comment","target":["https:\/\/regiaonews.net.br\/2022\/2021\/11\/06\/prestes-a-comemorar-11-anos-north-shopping-anuncia-novas-lojas\/#respond"]}]},{"@type":"WebPage","@id":"https:\/\/regiaonews.net.br\/2022\/2021\/11\/06\/prestes-a-comemorar-11-anos-north-shopping-anuncia-novas-lojas\/","url":"https:\/\/regiaonews.net.br\/2022\/2021\/11\/06\/prestes-a-comemorar-11-anos-north-shopping-anuncia-novas-lojas\/","name":"Prestes a comemorar 11 anos, North Shopping anuncia novas lojas - Regi\u00e3o News","isPartOf":{"@id":"https:\/\/regiaonews.net.br\/2022\/#website"},"primaryImageOfPage":{"@id":"https:\/\/regiaonews.net.br\/2022\/2021\/11\/06\/prestes-a-comemorar-11-anos-north-shopping-anuncia-novas-lojas\/#primaryimage"},"image":{"@id":"https:\/\/regiaonews.net.br\/2022\/2021\/11\/06\/prestes-a-comemorar-11-anos-north-shopping-anuncia-novas-lojas\/#primaryimage"},"thumbnailUrl":"https:\/\/regiaonews.net.br\/2022\/wp-content\/uploads\/2021\/11\/NSB-AREA-FACHADA.jpg","datePublished":"2021-11-06T22:03:52+00:00","dateModified":"2021-11-06T22:52:20+00:00","breadcrumb":{"@id":"https:\/\/regiaonews.net.br\/2022\/2021\/11\/06\/prestes-a-comemorar-11-anos-north-shopping-anuncia-novas-lojas\/#breadcrumb"},"inLanguage":"pt-BR","potentialAction":[{"@type":"ReadAction","target":["https:\/\/regiaonews.net.br\/2022\/2021\/11\/06\/prestes-a-comemorar-11-anos-north-shopping-anuncia-novas-lojas\/"]}]},{"@type":"ImageObject","inLanguage":"pt-BR","@id":"https:\/\/regiaonews.net.br\/2022\/2021\/11\/06\/prestes-a-comemorar-11-anos-north-shopping-anuncia-novas-lojas\/#primaryimage","url":"https:\/\/regiaonews.net.br\/2022\/wp-content\/uploads\/2021\/11\/NSB-AREA-FACHADA.jpg","contentUrl":"https:\/\/regiaonews.net.br\/2022\/wp-content\/uploads\/2021\/11\/NSB-AREA-FACHADA.jpg","width":2560,"height":1440},{"@type":"BreadcrumbList","@id":"https:\/\/regiaonews.net.br\/2022\/2021\/11\/06\/prestes-a-comemorar-11-anos-north-shopping-anuncia-novas-lojas\/#breadcrumb","itemListElement":[{"@type":"ListItem","position":1,"name":"In\u00edcio","item":"https:\/\/regiaonews.net.br\/2022\/"},{"@type":"ListItem","position":2,"name":"Prestes a comemorar 11 anos, North Shopping anuncia novas lojas"}]},{"@type":"WebSite","@id":"https:\/\/regiaonews.net.br\/2022\/#website","url":"https:\/\/regiaonews.net.br\/2022\/","name":"Regi\u00e3o News","description":"Site de Not\u00edcias de Barretos e regi\u00e3o","publisher":{"@id":"https:\/\/regiaonews.net.br\/2022\/#organization"},"potentialAction":[{"@type":"SearchAction","target":{"@type":"EntryPoint","urlTemplate":"https:\/\/regiaonews.net.br\/2022\/?s={search_term_string}"},"query-input":{"@type":"PropertyValueSpecification","valueRequired":true,"valueName":"search_term_string"}}],"inLanguage":"pt-BR"},{"@type":"Organization","@id":"https:\/\/regiaonews.net.br\/2022\/#organization","name":"Regi\u00e3o News","url":"https:\/\/regiaonews.net.br\/2022\/","logo":{"@type":"ImageObject","inLanguage":"pt-BR","@id":"https:\/\/regiaonews.net.br\/2022\/#\/schema\/logo\/image\/","url":"https:\/\/regiaonews.net.br\/2022\/wp-content\/uploads\/2026\/03\/regiao-13-anos-scaled.jpg","contentUrl":"https:\/\/regiaonews.net.br\/2022\/wp-content\/uploads\/2026\/03\/regiao-13-anos-scaled.jpg","width":2560,"height":635,"caption":"Regi\u00e3o News"},"image":{"@id":"https:\/\/regiaonews.net.br\/2022\/#\/schema\/logo\/image\/"}},{"@type":"Person","@id":"https:\/\/regiaonews.net.br\/2022\/#\/schema\/person\/2d205a608a5aa97ac279d7a5e6d89ad8","name":"Roberto","image":{"@type":"ImageObject","inLanguage":"pt-BR","@id":"https:\/\/secure.gravatar.com\/avatar\/42749d8b712ff9d59ca93dc150494e5b55a44134482993f5baeb97e61b7ecc89?s=96&d=mm&r=g","url":"https:\/\/secure.gravatar.com\/avatar\/42749d8b712ff9d59ca93dc150494e5b55a44134482993f5baeb97e61b7ecc89?s=96&d=mm&r=g","contentUrl":"https:\/\/secure.gravatar.com\/avatar\/42749d8b712ff9d59ca93dc150494e5b55a44134482993f5baeb97e61b7ecc89?s=96&d=mm&r=g","caption":"Roberto"},"url":"https:\/\/regiaonews.net.br\/2022\/author\/roberto\/"}]}},"publishpress_future_action":{"enabled":false,"date":"2026-05-05 16:29:55","action":"change-status","newStatus":"draft","terms":[],"taxonomy":"category","extraData":[]},"publishpress_future_workflow_manual_trigger":{"enabledWorkflows":[]},"_links":{"self":[{"href":"https:\/\/regiaonews.net.br\/2022\/wp-json\/wp\/v2\/posts\/55872","targetHints":{"allow":["GET"]}}],"collection":[{"href":"https:\/\/regiaonews.net.br\/2022\/wp-json\/wp\/v2\/posts"}],"about":[{"href":"https:\/\/regiaonews.net.br\/2022\/wp-json\/wp\/v2\/types\/post"}],"author":[{"embeddable":true,"href":"https:\/\/regiaonews.net.br\/2022\/wp-json\/wp\/v2\/users\/2"}],"replies":[{"embeddable":true,"href":"https:\/\/regiaonews.net.br\/2022\/wp-json\/wp\/v2\/comments?post=55872"}],"version-history":[{"count":0,"href":"https:\/\/regiaonews.net.br\/2022\/wp-json\/wp\/v2\/posts\/55872\/revisions"}],"wp:featuredmedia":[{"embeddable":true,"href":"https:\/\/regiaonews.net.br\/2022\/wp-json\/wp\/v2\/media\/55874"}],"wp:attachment":[{"href":"https:\/\/regiaonews.net.br\/2022\/wp-json\/wp\/v2\/media?parent=55872"}],"wp:term":[{"taxonomy":"category","embeddable":true,"href":"https:\/\/regiaonews.net.br\/2022\/wp-json\/wp\/v2\/categories?post=55872"},{"taxonomy":"post_tag","embeddable":true,"href":"https:\/\/regiaonews.net.br\/2022\/wp-json\/wp\/v2\/tags?post=55872"}],"curies":[{"name":"wp","href":"https:\/\/api.w.org\/{rel}","templated":true}]}}