{"id":55864,"date":"2021-11-06T14:46:13","date_gmt":"2021-11-06T17:46:13","guid":{"rendered":"https:\/\/regiaonews.net.br\/2022\/?p=55864"},"modified":"2021-11-06T14:46:13","modified_gmt":"2021-11-06T17:46:13","slug":"frei-gilson-participou-de-show-no-recinto-e-do-santo-rosario-da-madrugada","status":"publish","type":"post","link":"https:\/\/regiaonews.net.br\/2022\/2021\/11\/06\/frei-gilson-participou-de-show-no-recinto-e-do-santo-rosario-da-madrugada\/","title":{"rendered":"Frei Gilson participou de show no Recinto e do Santo Ros\u00e1rio da Madrugada"},"content":{"rendered":"<p><a href=\"https:\/\/regiaonews.net.br\/2022\/wp-content\/uploads\/2021\/11\/Frei-Gilson-e-autoridades.jpg\"><img loading=\"lazy\" decoding=\"async\" class=\"alignnone size-medium wp-image-55865\" src=\"https:\/\/regiaonews.net.br\/2022\/wp-content\/uploads\/2021\/11\/Frei-Gilson-e-autoridades-300x222.jpg\" alt=\"\" width=\"300\" height=\"222\" \/><\/a><\/p>\n<p>Na noite de ontem, o o Frei Gilson, participou de missa e show no Recinto Paulo de Lima Correa, durante a Jornada Diocesana da Juventude. Com o tema \u201cEscolheis hoje a quem quereis servir\u201d (Josu\u00e9 24,15), o religioso realizou prega\u00e7\u00e3o e um show para um p\u00fablico de 4 mil pessoas que assistiram a atra\u00e7\u00e3o ap\u00f3s a apresenta\u00e7\u00e3o de comprovantes de vacina\u00e7\u00e3o.<br \/>\nDe acordo com o padre Carlos Araki, que \u00e9 assessor eclesi\u00e1stico do Setor Juventude, o Frei Gilson, tamb\u00e9m participar\u00e1 do Santo Ros\u00e1rio da Madrugada, a partir das 4h, no Santu\u00e1rio Nossa Senhora Ros\u00e1rio, tamb\u00e9m para um p\u00fablico restrito, devido as limita\u00e7\u00f5es de espa\u00e7o da Igreja.<br \/>\nA Jornada prossegue no domingo, nas regi\u00f5es pastorais, a partir das 14h com encerramento a noite com a Eucaristia.<\/p>\n","protected":false},"excerpt":{"rendered":"<p>Na noite de ontem, o o Frei Gilson, participou de<\/p>\n","protected":false},"author":2,"featured_media":55865,"comment_status":"open","ping_status":"open","sticky":false,"template":"","format":"standard","meta":{"footnotes":""},"categories":[14,25],"tags":[],"class_list":["post-55864","post","type-post","status-publish","format-standard","has-post-thumbnail","hentry","category-barretos","category-cidades"],"yoast_head":"<!-- This site is optimized with the Yoast SEO plugin v27.4 - https:\/\/yoast.com\/product\/yoast-seo-wordpress\/ -->\n<title>Frei Gilson participou de show no Recinto e do Santo Ros\u00e1rio da Madrugada - Regi\u00e3o News<\/title>\n<meta name=\"robots\" content=\"index, follow, max-snippet:-1, max-image-preview:large, max-video-preview:-1\" \/>\n<link rel=\"canonical\" href=\"https:\/\/regiaonews.net.br\/2022\/2021\/11\/06\/frei-gilson-participou-de-show-no-recinto-e-do-santo-rosario-da-madrugada\/\" \/>\n<meta property=\"og:locale\" content=\"pt_BR\" \/>\n<meta property=\"og:type\" content=\"article\" \/>\n<meta property=\"og:title\" content=\"Frei Gilson participou de show no Recinto e do Santo Ros\u00e1rio da Madrugada - Regi\u00e3o News\" \/>\n<meta property=\"og:description\" content=\"Na noite de ontem, o o Frei Gilson, participou de\" \/>\n<meta property=\"og:url\" content=\"https:\/\/regiaonews.net.br\/2022\/2021\/11\/06\/frei-gilson-participou-de-show-no-recinto-e-do-santo-rosario-da-madrugada\/\" \/>\n<meta property=\"og:site_name\" content=\"Regi\u00e3o News\" \/>\n<meta property=\"article:published_time\" content=\"2021-11-06T17:46:13+00:00\" \/>\n<meta property=\"og:image\" content=\"https:\/\/regiaonews.net.br\/2022\/wp-content\/uploads\/2021\/11\/Frei-Gilson-e-autoridades.jpg\" \/>\n\t<meta property=\"og:image:width\" content=\"966\" \/>\n\t<meta property=\"og:image:height\" content=\"714\" \/>\n\t<meta property=\"og:image:type\" content=\"image\/jpeg\" \/>\n<meta name=\"author\" content=\"Roberto\" \/>\n<meta name=\"twitter:card\" content=\"summary_large_image\" \/>\n<meta name=\"twitter:label1\" content=\"Escrito por\" \/>\n\t<meta name=\"twitter:data1\" content=\"Roberto\" \/>\n\t<meta name=\"twitter:label2\" content=\"Est. tempo de leitura\" \/>\n\t<meta name=\"twitter:data2\" content=\"1 minuto\" \/>\n<script type=\"application\/ld+json\" class=\"yoast-schema-graph\">{\"@context\":\"https:\\\/\\\/schema.org\",\"@graph\":[{\"@type\":\"Article\",\"@id\":\"https:\\\/\\\/regiaonews.net.br\\\/2022\\\/2021\\\/11\\\/06\\\/frei-gilson-participou-de-show-no-recinto-e-do-santo-rosario-da-madrugada\\\/#article\",\"isPartOf\":{\"@id\":\"https:\\\/\\\/regiaonews.net.br\\\/2022\\\/2021\\\/11\\\/06\\\/frei-gilson-participou-de-show-no-recinto-e-do-santo-rosario-da-madrugada\\\/\"},\"author\":{\"name\":\"Roberto\",\"@id\":\"https:\\\/\\\/regiaonews.net.br\\\/2022\\\/#\\\/schema\\\/person\\\/2d205a608a5aa97ac279d7a5e6d89ad8\"},\"headline\":\"Frei Gilson participou de show no Recinto e do Santo Ros\u00e1rio da Madrugada\",\"datePublished\":\"2021-11-06T17:46:13+00:00\",\"mainEntityOfPage\":{\"@id\":\"https:\\\/\\\/regiaonews.net.br\\\/2022\\\/2021\\\/11\\\/06\\\/frei-gilson-participou-de-show-no-recinto-e-do-santo-rosario-da-madrugada\\\/\"},\"wordCount\":152,\"commentCount\":0,\"publisher\":{\"@id\":\"https:\\\/\\\/regiaonews.net.br\\\/2022\\\/#organization\"},\"image\":{\"@id\":\"https:\\\/\\\/regiaonews.net.br\\\/2022\\\/2021\\\/11\\\/06\\\/frei-gilson-participou-de-show-no-recinto-e-do-santo-rosario-da-madrugada\\\/#primaryimage\"},\"thumbnailUrl\":\"https:\\\/\\\/regiaonews.net.br\\\/2022\\\/wp-content\\\/uploads\\\/2021\\\/11\\\/Frei-Gilson-e-autoridades.jpg\",\"articleSection\":[\"Barretos\",\"Cidades\"],\"inLanguage\":\"pt-BR\",\"potentialAction\":[{\"@type\":\"CommentAction\",\"name\":\"Comment\",\"target\":[\"https:\\\/\\\/regiaonews.net.br\\\/2022\\\/2021\\\/11\\\/06\\\/frei-gilson-participou-de-show-no-recinto-e-do-santo-rosario-da-madrugada\\\/#respond\"]}]},{\"@type\":\"WebPage\",\"@id\":\"https:\\\/\\\/regiaonews.net.br\\\/2022\\\/2021\\\/11\\\/06\\\/frei-gilson-participou-de-show-no-recinto-e-do-santo-rosario-da-madrugada\\\/\",\"url\":\"https:\\\/\\\/regiaonews.net.br\\\/2022\\\/2021\\\/11\\\/06\\\/frei-gilson-participou-de-show-no-recinto-e-do-santo-rosario-da-madrugada\\\/\",\"name\":\"Frei Gilson participou de show no Recinto e do Santo Ros\u00e1rio da Madrugada - Regi\u00e3o News\",\"isPartOf\":{\"@id\":\"https:\\\/\\\/regiaonews.net.br\\\/2022\\\/#website\"},\"primaryImageOfPage\":{\"@id\":\"https:\\\/\\\/regiaonews.net.br\\\/2022\\\/2021\\\/11\\\/06\\\/frei-gilson-participou-de-show-no-recinto-e-do-santo-rosario-da-madrugada\\\/#primaryimage\"},\"image\":{\"@id\":\"https:\\\/\\\/regiaonews.net.br\\\/2022\\\/2021\\\/11\\\/06\\\/frei-gilson-participou-de-show-no-recinto-e-do-santo-rosario-da-madrugada\\\/#primaryimage\"},\"thumbnailUrl\":\"https:\\\/\\\/regiaonews.net.br\\\/2022\\\/wp-content\\\/uploads\\\/2021\\\/11\\\/Frei-Gilson-e-autoridades.jpg\",\"datePublished\":\"2021-11-06T17:46:13+00:00\",\"breadcrumb\":{\"@id\":\"https:\\\/\\\/regiaonews.net.br\\\/2022\\\/2021\\\/11\\\/06\\\/frei-gilson-participou-de-show-no-recinto-e-do-santo-rosario-da-madrugada\\\/#breadcrumb\"},\"inLanguage\":\"pt-BR\",\"potentialAction\":[{\"@type\":\"ReadAction\",\"target\":[\"https:\\\/\\\/regiaonews.net.br\\\/2022\\\/2021\\\/11\\\/06\\\/frei-gilson-participou-de-show-no-recinto-e-do-santo-rosario-da-madrugada\\\/\"]}]},{\"@type\":\"ImageObject\",\"inLanguage\":\"pt-BR\",\"@id\":\"https:\\\/\\\/regiaonews.net.br\\\/2022\\\/2021\\\/11\\\/06\\\/frei-gilson-participou-de-show-no-recinto-e-do-santo-rosario-da-madrugada\\\/#primaryimage\",\"url\":\"https:\\\/\\\/regiaonews.net.br\\\/2022\\\/wp-content\\\/uploads\\\/2021\\\/11\\\/Frei-Gilson-e-autoridades.jpg\",\"contentUrl\":\"https:\\\/\\\/regiaonews.net.br\\\/2022\\\/wp-content\\\/uploads\\\/2021\\\/11\\\/Frei-Gilson-e-autoridades.jpg\",\"width\":966,\"height\":714},{\"@type\":\"BreadcrumbList\",\"@id\":\"https:\\\/\\\/regiaonews.net.br\\\/2022\\\/2021\\\/11\\\/06\\\/frei-gilson-participou-de-show-no-recinto-e-do-santo-rosario-da-madrugada\\\/#breadcrumb\",\"itemListElement\":[{\"@type\":\"ListItem\",\"position\":1,\"name\":\"In\u00edcio\",\"item\":\"https:\\\/\\\/regiaonews.net.br\\\/2022\\\/\"},{\"@type\":\"ListItem\",\"position\":2,\"name\":\"Frei Gilson participou de show no Recinto e do Santo Ros\u00e1rio da Madrugada\"}]},{\"@type\":\"WebSite\",\"@id\":\"https:\\\/\\\/regiaonews.net.br\\\/2022\\\/#website\",\"url\":\"https:\\\/\\\/regiaonews.net.br\\\/2022\\\/\",\"name\":\"Regi\u00e3o News\",\"description\":\"Site de Not\u00edcias de Barretos e regi\u00e3o\",\"publisher\":{\"@id\":\"https:\\\/\\\/regiaonews.net.br\\\/2022\\\/#organization\"},\"potentialAction\":[{\"@type\":\"SearchAction\",\"target\":{\"@type\":\"EntryPoint\",\"urlTemplate\":\"https:\\\/\\\/regiaonews.net.br\\\/2022\\\/?s={search_term_string}\"},\"query-input\":{\"@type\":\"PropertyValueSpecification\",\"valueRequired\":true,\"valueName\":\"search_term_string\"}}],\"inLanguage\":\"pt-BR\"},{\"@type\":\"Organization\",\"@id\":\"https:\\\/\\\/regiaonews.net.br\\\/2022\\\/#organization\",\"name\":\"Regi\u00e3o News\",\"url\":\"https:\\\/\\\/regiaonews.net.br\\\/2022\\\/\",\"logo\":{\"@type\":\"ImageObject\",\"inLanguage\":\"pt-BR\",\"@id\":\"https:\\\/\\\/regiaonews.net.br\\\/2022\\\/#\\\/schema\\\/logo\\\/image\\\/\",\"url\":\"https:\\\/\\\/regiaonews.net.br\\\/2022\\\/wp-content\\\/uploads\\\/2026\\\/03\\\/regiao-13-anos-scaled.jpg\",\"contentUrl\":\"https:\\\/\\\/regiaonews.net.br\\\/2022\\\/wp-content\\\/uploads\\\/2026\\\/03\\\/regiao-13-anos-scaled.jpg\",\"width\":2560,\"height\":635,\"caption\":\"Regi\u00e3o News\"},\"image\":{\"@id\":\"https:\\\/\\\/regiaonews.net.br\\\/2022\\\/#\\\/schema\\\/logo\\\/image\\\/\"}},{\"@type\":\"Person\",\"@id\":\"https:\\\/\\\/regiaonews.net.br\\\/2022\\\/#\\\/schema\\\/person\\\/2d205a608a5aa97ac279d7a5e6d89ad8\",\"name\":\"Roberto\",\"image\":{\"@type\":\"ImageObject\",\"inLanguage\":\"pt-BR\",\"@id\":\"https:\\\/\\\/secure.gravatar.com\\\/avatar\\\/42749d8b712ff9d59ca93dc150494e5b55a44134482993f5baeb97e61b7ecc89?s=96&d=mm&r=g\",\"url\":\"https:\\\/\\\/secure.gravatar.com\\\/avatar\\\/42749d8b712ff9d59ca93dc150494e5b55a44134482993f5baeb97e61b7ecc89?s=96&d=mm&r=g\",\"contentUrl\":\"https:\\\/\\\/secure.gravatar.com\\\/avatar\\\/42749d8b712ff9d59ca93dc150494e5b55a44134482993f5baeb97e61b7ecc89?s=96&d=mm&r=g\",\"caption\":\"Roberto\"},\"url\":\"https:\\\/\\\/regiaonews.net.br\\\/2022\\\/author\\\/roberto\\\/\"}]}<\/script>\n<!-- \/ Yoast SEO plugin. -->","yoast_head_json":{"title":"Frei Gilson participou de show no Recinto e do Santo Ros\u00e1rio da Madrugada - Regi\u00e3o News","robots":{"index":"index","follow":"follow","max-snippet":"max-snippet:-1","max-image-preview":"max-image-preview:large","max-video-preview":"max-video-preview:-1"},"canonical":"https:\/\/regiaonews.net.br\/2022\/2021\/11\/06\/frei-gilson-participou-de-show-no-recinto-e-do-santo-rosario-da-madrugada\/","og_locale":"pt_BR","og_type":"article","og_title":"Frei Gilson participou de show no Recinto e do Santo Ros\u00e1rio da Madrugada - Regi\u00e3o News","og_description":"Na noite de ontem, o o Frei Gilson, participou de","og_url":"https:\/\/regiaonews.net.br\/2022\/2021\/11\/06\/frei-gilson-participou-de-show-no-recinto-e-do-santo-rosario-da-madrugada\/","og_site_name":"Regi\u00e3o News","article_published_time":"2021-11-06T17:46:13+00:00","og_image":[{"width":966,"height":714,"url":"https:\/\/regiaonews.net.br\/2022\/wp-content\/uploads\/2021\/11\/Frei-Gilson-e-autoridades.jpg","type":"image\/jpeg"}],"author":"Roberto","twitter_card":"summary_large_image","twitter_misc":{"Escrito por":"Roberto","Est. tempo de leitura":"1 minuto"},"schema":{"@context":"https:\/\/schema.org","@graph":[{"@type":"Article","@id":"https:\/\/regiaonews.net.br\/2022\/2021\/11\/06\/frei-gilson-participou-de-show-no-recinto-e-do-santo-rosario-da-madrugada\/#article","isPartOf":{"@id":"https:\/\/regiaonews.net.br\/2022\/2021\/11\/06\/frei-gilson-participou-de-show-no-recinto-e-do-santo-rosario-da-madrugada\/"},"author":{"name":"Roberto","@id":"https:\/\/regiaonews.net.br\/2022\/#\/schema\/person\/2d205a608a5aa97ac279d7a5e6d89ad8"},"headline":"Frei Gilson participou de show no Recinto e do Santo Ros\u00e1rio da Madrugada","datePublished":"2021-11-06T17:46:13+00:00","mainEntityOfPage":{"@id":"https:\/\/regiaonews.net.br\/2022\/2021\/11\/06\/frei-gilson-participou-de-show-no-recinto-e-do-santo-rosario-da-madrugada\/"},"wordCount":152,"commentCount":0,"publisher":{"@id":"https:\/\/regiaonews.net.br\/2022\/#organization"},"image":{"@id":"https:\/\/regiaonews.net.br\/2022\/2021\/11\/06\/frei-gilson-participou-de-show-no-recinto-e-do-santo-rosario-da-madrugada\/#primaryimage"},"thumbnailUrl":"https:\/\/regiaonews.net.br\/2022\/wp-content\/uploads\/2021\/11\/Frei-Gilson-e-autoridades.jpg","articleSection":["Barretos","Cidades"],"inLanguage":"pt-BR","potentialAction":[{"@type":"CommentAction","name":"Comment","target":["https:\/\/regiaonews.net.br\/2022\/2021\/11\/06\/frei-gilson-participou-de-show-no-recinto-e-do-santo-rosario-da-madrugada\/#respond"]}]},{"@type":"WebPage","@id":"https:\/\/regiaonews.net.br\/2022\/2021\/11\/06\/frei-gilson-participou-de-show-no-recinto-e-do-santo-rosario-da-madrugada\/","url":"https:\/\/regiaonews.net.br\/2022\/2021\/11\/06\/frei-gilson-participou-de-show-no-recinto-e-do-santo-rosario-da-madrugada\/","name":"Frei Gilson participou de show no Recinto e do Santo Ros\u00e1rio da Madrugada - Regi\u00e3o News","isPartOf":{"@id":"https:\/\/regiaonews.net.br\/2022\/#website"},"primaryImageOfPage":{"@id":"https:\/\/regiaonews.net.br\/2022\/2021\/11\/06\/frei-gilson-participou-de-show-no-recinto-e-do-santo-rosario-da-madrugada\/#primaryimage"},"image":{"@id":"https:\/\/regiaonews.net.br\/2022\/2021\/11\/06\/frei-gilson-participou-de-show-no-recinto-e-do-santo-rosario-da-madrugada\/#primaryimage"},"thumbnailUrl":"https:\/\/regiaonews.net.br\/2022\/wp-content\/uploads\/2021\/11\/Frei-Gilson-e-autoridades.jpg","datePublished":"2021-11-06T17:46:13+00:00","breadcrumb":{"@id":"https:\/\/regiaonews.net.br\/2022\/2021\/11\/06\/frei-gilson-participou-de-show-no-recinto-e-do-santo-rosario-da-madrugada\/#breadcrumb"},"inLanguage":"pt-BR","potentialAction":[{"@type":"ReadAction","target":["https:\/\/regiaonews.net.br\/2022\/2021\/11\/06\/frei-gilson-participou-de-show-no-recinto-e-do-santo-rosario-da-madrugada\/"]}]},{"@type":"ImageObject","inLanguage":"pt-BR","@id":"https:\/\/regiaonews.net.br\/2022\/2021\/11\/06\/frei-gilson-participou-de-show-no-recinto-e-do-santo-rosario-da-madrugada\/#primaryimage","url":"https:\/\/regiaonews.net.br\/2022\/wp-content\/uploads\/2021\/11\/Frei-Gilson-e-autoridades.jpg","contentUrl":"https:\/\/regiaonews.net.br\/2022\/wp-content\/uploads\/2021\/11\/Frei-Gilson-e-autoridades.jpg","width":966,"height":714},{"@type":"BreadcrumbList","@id":"https:\/\/regiaonews.net.br\/2022\/2021\/11\/06\/frei-gilson-participou-de-show-no-recinto-e-do-santo-rosario-da-madrugada\/#breadcrumb","itemListElement":[{"@type":"ListItem","position":1,"name":"In\u00edcio","item":"https:\/\/regiaonews.net.br\/2022\/"},{"@type":"ListItem","position":2,"name":"Frei Gilson participou de show no Recinto e do Santo Ros\u00e1rio da Madrugada"}]},{"@type":"WebSite","@id":"https:\/\/regiaonews.net.br\/2022\/#website","url":"https:\/\/regiaonews.net.br\/2022\/","name":"Regi\u00e3o News","description":"Site de Not\u00edcias de Barretos e regi\u00e3o","publisher":{"@id":"https:\/\/regiaonews.net.br\/2022\/#organization"},"potentialAction":[{"@type":"SearchAction","target":{"@type":"EntryPoint","urlTemplate":"https:\/\/regiaonews.net.br\/2022\/?s={search_term_string}"},"query-input":{"@type":"PropertyValueSpecification","valueRequired":true,"valueName":"search_term_string"}}],"inLanguage":"pt-BR"},{"@type":"Organization","@id":"https:\/\/regiaonews.net.br\/2022\/#organization","name":"Regi\u00e3o News","url":"https:\/\/regiaonews.net.br\/2022\/","logo":{"@type":"ImageObject","inLanguage":"pt-BR","@id":"https:\/\/regiaonews.net.br\/2022\/#\/schema\/logo\/image\/","url":"https:\/\/regiaonews.net.br\/2022\/wp-content\/uploads\/2026\/03\/regiao-13-anos-scaled.jpg","contentUrl":"https:\/\/regiaonews.net.br\/2022\/wp-content\/uploads\/2026\/03\/regiao-13-anos-scaled.jpg","width":2560,"height":635,"caption":"Regi\u00e3o News"},"image":{"@id":"https:\/\/regiaonews.net.br\/2022\/#\/schema\/logo\/image\/"}},{"@type":"Person","@id":"https:\/\/regiaonews.net.br\/2022\/#\/schema\/person\/2d205a608a5aa97ac279d7a5e6d89ad8","name":"Roberto","image":{"@type":"ImageObject","inLanguage":"pt-BR","@id":"https:\/\/secure.gravatar.com\/avatar\/42749d8b712ff9d59ca93dc150494e5b55a44134482993f5baeb97e61b7ecc89?s=96&d=mm&r=g","url":"https:\/\/secure.gravatar.com\/avatar\/42749d8b712ff9d59ca93dc150494e5b55a44134482993f5baeb97e61b7ecc89?s=96&d=mm&r=g","contentUrl":"https:\/\/secure.gravatar.com\/avatar\/42749d8b712ff9d59ca93dc150494e5b55a44134482993f5baeb97e61b7ecc89?s=96&d=mm&r=g","caption":"Roberto"},"url":"https:\/\/regiaonews.net.br\/2022\/author\/roberto\/"}]}},"publishpress_future_action":{"enabled":false,"date":"2026-05-05 13:19:42","action":"change-status","newStatus":"draft","terms":[],"taxonomy":"category","extraData":[]},"publishpress_future_workflow_manual_trigger":{"enabledWorkflows":[]},"_links":{"self":[{"href":"https:\/\/regiaonews.net.br\/2022\/wp-json\/wp\/v2\/posts\/55864","targetHints":{"allow":["GET"]}}],"collection":[{"href":"https:\/\/regiaonews.net.br\/2022\/wp-json\/wp\/v2\/posts"}],"about":[{"href":"https:\/\/regiaonews.net.br\/2022\/wp-json\/wp\/v2\/types\/post"}],"author":[{"embeddable":true,"href":"https:\/\/regiaonews.net.br\/2022\/wp-json\/wp\/v2\/users\/2"}],"replies":[{"embeddable":true,"href":"https:\/\/regiaonews.net.br\/2022\/wp-json\/wp\/v2\/comments?post=55864"}],"version-history":[{"count":0,"href":"https:\/\/regiaonews.net.br\/2022\/wp-json\/wp\/v2\/posts\/55864\/revisions"}],"wp:featuredmedia":[{"embeddable":true,"href":"https:\/\/regiaonews.net.br\/2022\/wp-json\/wp\/v2\/media\/55865"}],"wp:attachment":[{"href":"https:\/\/regiaonews.net.br\/2022\/wp-json\/wp\/v2\/media?parent=55864"}],"wp:term":[{"taxonomy":"category","embeddable":true,"href":"https:\/\/regiaonews.net.br\/2022\/wp-json\/wp\/v2\/categories?post=55864"},{"taxonomy":"post_tag","embeddable":true,"href":"https:\/\/regiaonews.net.br\/2022\/wp-json\/wp\/v2\/tags?post=55864"}],"curies":[{"name":"wp","href":"https:\/\/api.w.org\/{rel}","templated":true}]}}