{"id":55854,"date":"2021-11-06T00:09:46","date_gmt":"2021-11-06T03:09:46","guid":{"rendered":"https:\/\/regiaonews.net.br\/2022\/?p=55854"},"modified":"2021-11-06T00:09:46","modified_gmt":"2021-11-06T03:09:46","slug":"associacao-os-independentes-lamenta-morte-de-marilia-mendonca","status":"publish","type":"post","link":"https:\/\/regiaonews.net.br\/2022\/2021\/11\/06\/associacao-os-independentes-lamenta-morte-de-marilia-mendonca\/","title":{"rendered":"Associa\u00e7\u00e3o Os Independentes lamenta morte de Mar\u00edlia Mendon\u00e7a"},"content":{"rendered":"<div class=\"texto\">\n<div class=\"imagem col-lg-4 col-md-6 col-12 float-md-right\">\n<p><a href=\"https:\/\/regiaonews.net.br\/2022\/wp-content\/uploads\/2021\/11\/20211106_000849.jpg\"><img loading=\"lazy\" decoding=\"async\" class=\"alignnone size-medium wp-image-55855\" src=\"https:\/\/regiaonews.net.br\/2022\/wp-content\/uploads\/2021\/11\/20211106_000849-300x215.jpg\" alt=\"\" width=\"300\" height=\"215\" \/><\/a><\/p>\n<\/div>\n<p>A Festa do Pe\u00e3o de Barretos lamenta profundamente a morte da cantora Mar\u00edlia Mendon\u00e7a, seu produtor Henrique Ribeiro, seu tio e assessor Abicieli Silveira Dias Filho e do piloto e co-piloto da aeronave em que viajava, nesta sexta-feira, dia 05 de novembro.<br \/>\nTalento imensur\u00e1vel e carisma inesquec\u00edvel, Mar\u00edlia Mendon\u00e7a permanecer\u00e1 pra sempre em nossos cora\u00e7\u00f5es. \u201cA not\u00edcia desta trag\u00e9dia abalou todo Pa\u00eds. Mar\u00edlia Mendon\u00e7a deixa um legado tanto pelo seu trabalho como artista como por sua pessoa\u201d, declarou a diretoria da Associa\u00e7\u00e3o Os Independentes, organizadora do evento.<br \/>\nA artista, que se apresentou pela primeira vez na Festa do Pe\u00e3o de Barretos em 2016, estava confirmada na programa\u00e7\u00e3o do evento em agosto de 2022.<\/p><\/div>\n","protected":false},"excerpt":{"rendered":"<p>A Festa do Pe\u00e3o de Barretos lamenta profundamente a morte<\/p>\n","protected":false},"author":2,"featured_media":55855,"comment_status":"open","ping_status":"open","sticky":false,"template":"","format":"standard","meta":{"footnotes":""},"categories":[14,25],"tags":[],"class_list":["post-55854","post","type-post","status-publish","format-standard","has-post-thumbnail","hentry","category-barretos","category-cidades"],"yoast_head":"<!-- This site is optimized with the Yoast SEO plugin v27.4 - https:\/\/yoast.com\/product\/yoast-seo-wordpress\/ -->\n<title>Associa\u00e7\u00e3o Os Independentes lamenta morte de Mar\u00edlia Mendon\u00e7a - Regi\u00e3o News<\/title>\n<meta name=\"robots\" content=\"index, follow, max-snippet:-1, max-image-preview:large, max-video-preview:-1\" \/>\n<link rel=\"canonical\" href=\"https:\/\/regiaonews.net.br\/2022\/2021\/11\/06\/associacao-os-independentes-lamenta-morte-de-marilia-mendonca\/\" \/>\n<meta property=\"og:locale\" content=\"pt_BR\" \/>\n<meta property=\"og:type\" content=\"article\" \/>\n<meta property=\"og:title\" content=\"Associa\u00e7\u00e3o Os Independentes lamenta morte de Mar\u00edlia Mendon\u00e7a - Regi\u00e3o News\" \/>\n<meta property=\"og:description\" content=\"A Festa do Pe\u00e3o de Barretos lamenta profundamente a morte\" \/>\n<meta property=\"og:url\" content=\"https:\/\/regiaonews.net.br\/2022\/2021\/11\/06\/associacao-os-independentes-lamenta-morte-de-marilia-mendonca\/\" \/>\n<meta property=\"og:site_name\" content=\"Regi\u00e3o News\" \/>\n<meta property=\"article:published_time\" content=\"2021-11-06T03:09:46+00:00\" \/>\n<meta property=\"og:image\" content=\"https:\/\/regiaonews.net.br\/2022\/wp-content\/uploads\/2021\/11\/20211106_000849.jpg\" \/>\n\t<meta property=\"og:image:width\" content=\"1018\" \/>\n\t<meta property=\"og:image:height\" content=\"730\" \/>\n\t<meta property=\"og:image:type\" content=\"image\/jpeg\" \/>\n<meta name=\"author\" content=\"Roberto\" \/>\n<meta name=\"twitter:card\" content=\"summary_large_image\" \/>\n<meta name=\"twitter:label1\" content=\"Escrito por\" \/>\n\t<meta name=\"twitter:data1\" content=\"Roberto\" \/>\n\t<meta name=\"twitter:label2\" content=\"Est. tempo de leitura\" \/>\n\t<meta name=\"twitter:data2\" content=\"1 minuto\" \/>\n<script type=\"application\/ld+json\" class=\"yoast-schema-graph\">{\"@context\":\"https:\\\/\\\/schema.org\",\"@graph\":[{\"@type\":\"Article\",\"@id\":\"https:\\\/\\\/regiaonews.net.br\\\/2022\\\/2021\\\/11\\\/06\\\/associacao-os-independentes-lamenta-morte-de-marilia-mendonca\\\/#article\",\"isPartOf\":{\"@id\":\"https:\\\/\\\/regiaonews.net.br\\\/2022\\\/2021\\\/11\\\/06\\\/associacao-os-independentes-lamenta-morte-de-marilia-mendonca\\\/\"},\"author\":{\"name\":\"Roberto\",\"@id\":\"https:\\\/\\\/regiaonews.net.br\\\/2022\\\/#\\\/schema\\\/person\\\/2d205a608a5aa97ac279d7a5e6d89ad8\"},\"headline\":\"Associa\u00e7\u00e3o Os Independentes lamenta morte de Mar\u00edlia Mendon\u00e7a\",\"datePublished\":\"2021-11-06T03:09:46+00:00\",\"mainEntityOfPage\":{\"@id\":\"https:\\\/\\\/regiaonews.net.br\\\/2022\\\/2021\\\/11\\\/06\\\/associacao-os-independentes-lamenta-morte-de-marilia-mendonca\\\/\"},\"wordCount\":137,\"commentCount\":0,\"publisher\":{\"@id\":\"https:\\\/\\\/regiaonews.net.br\\\/2022\\\/#organization\"},\"image\":{\"@id\":\"https:\\\/\\\/regiaonews.net.br\\\/2022\\\/2021\\\/11\\\/06\\\/associacao-os-independentes-lamenta-morte-de-marilia-mendonca\\\/#primaryimage\"},\"thumbnailUrl\":\"https:\\\/\\\/regiaonews.net.br\\\/2022\\\/wp-content\\\/uploads\\\/2021\\\/11\\\/20211106_000849.jpg\",\"articleSection\":[\"Barretos\",\"Cidades\"],\"inLanguage\":\"pt-BR\",\"potentialAction\":[{\"@type\":\"CommentAction\",\"name\":\"Comment\",\"target\":[\"https:\\\/\\\/regiaonews.net.br\\\/2022\\\/2021\\\/11\\\/06\\\/associacao-os-independentes-lamenta-morte-de-marilia-mendonca\\\/#respond\"]}]},{\"@type\":\"WebPage\",\"@id\":\"https:\\\/\\\/regiaonews.net.br\\\/2022\\\/2021\\\/11\\\/06\\\/associacao-os-independentes-lamenta-morte-de-marilia-mendonca\\\/\",\"url\":\"https:\\\/\\\/regiaonews.net.br\\\/2022\\\/2021\\\/11\\\/06\\\/associacao-os-independentes-lamenta-morte-de-marilia-mendonca\\\/\",\"name\":\"Associa\u00e7\u00e3o Os Independentes lamenta morte de Mar\u00edlia Mendon\u00e7a - Regi\u00e3o News\",\"isPartOf\":{\"@id\":\"https:\\\/\\\/regiaonews.net.br\\\/2022\\\/#website\"},\"primaryImageOfPage\":{\"@id\":\"https:\\\/\\\/regiaonews.net.br\\\/2022\\\/2021\\\/11\\\/06\\\/associacao-os-independentes-lamenta-morte-de-marilia-mendonca\\\/#primaryimage\"},\"image\":{\"@id\":\"https:\\\/\\\/regiaonews.net.br\\\/2022\\\/2021\\\/11\\\/06\\\/associacao-os-independentes-lamenta-morte-de-marilia-mendonca\\\/#primaryimage\"},\"thumbnailUrl\":\"https:\\\/\\\/regiaonews.net.br\\\/2022\\\/wp-content\\\/uploads\\\/2021\\\/11\\\/20211106_000849.jpg\",\"datePublished\":\"2021-11-06T03:09:46+00:00\",\"breadcrumb\":{\"@id\":\"https:\\\/\\\/regiaonews.net.br\\\/2022\\\/2021\\\/11\\\/06\\\/associacao-os-independentes-lamenta-morte-de-marilia-mendonca\\\/#breadcrumb\"},\"inLanguage\":\"pt-BR\",\"potentialAction\":[{\"@type\":\"ReadAction\",\"target\":[\"https:\\\/\\\/regiaonews.net.br\\\/2022\\\/2021\\\/11\\\/06\\\/associacao-os-independentes-lamenta-morte-de-marilia-mendonca\\\/\"]}]},{\"@type\":\"ImageObject\",\"inLanguage\":\"pt-BR\",\"@id\":\"https:\\\/\\\/regiaonews.net.br\\\/2022\\\/2021\\\/11\\\/06\\\/associacao-os-independentes-lamenta-morte-de-marilia-mendonca\\\/#primaryimage\",\"url\":\"https:\\\/\\\/regiaonews.net.br\\\/2022\\\/wp-content\\\/uploads\\\/2021\\\/11\\\/20211106_000849.jpg\",\"contentUrl\":\"https:\\\/\\\/regiaonews.net.br\\\/2022\\\/wp-content\\\/uploads\\\/2021\\\/11\\\/20211106_000849.jpg\",\"width\":1018,\"height\":730},{\"@type\":\"BreadcrumbList\",\"@id\":\"https:\\\/\\\/regiaonews.net.br\\\/2022\\\/2021\\\/11\\\/06\\\/associacao-os-independentes-lamenta-morte-de-marilia-mendonca\\\/#breadcrumb\",\"itemListElement\":[{\"@type\":\"ListItem\",\"position\":1,\"name\":\"In\u00edcio\",\"item\":\"https:\\\/\\\/regiaonews.net.br\\\/2022\\\/\"},{\"@type\":\"ListItem\",\"position\":2,\"name\":\"Associa\u00e7\u00e3o Os Independentes lamenta morte de Mar\u00edlia Mendon\u00e7a\"}]},{\"@type\":\"WebSite\",\"@id\":\"https:\\\/\\\/regiaonews.net.br\\\/2022\\\/#website\",\"url\":\"https:\\\/\\\/regiaonews.net.br\\\/2022\\\/\",\"name\":\"Regi\u00e3o News\",\"description\":\"Site de Not\u00edcias de Barretos e regi\u00e3o\",\"publisher\":{\"@id\":\"https:\\\/\\\/regiaonews.net.br\\\/2022\\\/#organization\"},\"potentialAction\":[{\"@type\":\"SearchAction\",\"target\":{\"@type\":\"EntryPoint\",\"urlTemplate\":\"https:\\\/\\\/regiaonews.net.br\\\/2022\\\/?s={search_term_string}\"},\"query-input\":{\"@type\":\"PropertyValueSpecification\",\"valueRequired\":true,\"valueName\":\"search_term_string\"}}],\"inLanguage\":\"pt-BR\"},{\"@type\":\"Organization\",\"@id\":\"https:\\\/\\\/regiaonews.net.br\\\/2022\\\/#organization\",\"name\":\"Regi\u00e3o News\",\"url\":\"https:\\\/\\\/regiaonews.net.br\\\/2022\\\/\",\"logo\":{\"@type\":\"ImageObject\",\"inLanguage\":\"pt-BR\",\"@id\":\"https:\\\/\\\/regiaonews.net.br\\\/2022\\\/#\\\/schema\\\/logo\\\/image\\\/\",\"url\":\"https:\\\/\\\/regiaonews.net.br\\\/2022\\\/wp-content\\\/uploads\\\/2026\\\/03\\\/regiao-13-anos-scaled.jpg\",\"contentUrl\":\"https:\\\/\\\/regiaonews.net.br\\\/2022\\\/wp-content\\\/uploads\\\/2026\\\/03\\\/regiao-13-anos-scaled.jpg\",\"width\":2560,\"height\":635,\"caption\":\"Regi\u00e3o News\"},\"image\":{\"@id\":\"https:\\\/\\\/regiaonews.net.br\\\/2022\\\/#\\\/schema\\\/logo\\\/image\\\/\"}},{\"@type\":\"Person\",\"@id\":\"https:\\\/\\\/regiaonews.net.br\\\/2022\\\/#\\\/schema\\\/person\\\/2d205a608a5aa97ac279d7a5e6d89ad8\",\"name\":\"Roberto\",\"image\":{\"@type\":\"ImageObject\",\"inLanguage\":\"pt-BR\",\"@id\":\"https:\\\/\\\/secure.gravatar.com\\\/avatar\\\/42749d8b712ff9d59ca93dc150494e5b55a44134482993f5baeb97e61b7ecc89?s=96&d=mm&r=g\",\"url\":\"https:\\\/\\\/secure.gravatar.com\\\/avatar\\\/42749d8b712ff9d59ca93dc150494e5b55a44134482993f5baeb97e61b7ecc89?s=96&d=mm&r=g\",\"contentUrl\":\"https:\\\/\\\/secure.gravatar.com\\\/avatar\\\/42749d8b712ff9d59ca93dc150494e5b55a44134482993f5baeb97e61b7ecc89?s=96&d=mm&r=g\",\"caption\":\"Roberto\"},\"url\":\"https:\\\/\\\/regiaonews.net.br\\\/2022\\\/author\\\/roberto\\\/\"}]}<\/script>\n<!-- \/ Yoast SEO plugin. -->","yoast_head_json":{"title":"Associa\u00e7\u00e3o Os Independentes lamenta morte de Mar\u00edlia Mendon\u00e7a - Regi\u00e3o News","robots":{"index":"index","follow":"follow","max-snippet":"max-snippet:-1","max-image-preview":"max-image-preview:large","max-video-preview":"max-video-preview:-1"},"canonical":"https:\/\/regiaonews.net.br\/2022\/2021\/11\/06\/associacao-os-independentes-lamenta-morte-de-marilia-mendonca\/","og_locale":"pt_BR","og_type":"article","og_title":"Associa\u00e7\u00e3o Os Independentes lamenta morte de Mar\u00edlia Mendon\u00e7a - Regi\u00e3o News","og_description":"A Festa do Pe\u00e3o de Barretos lamenta profundamente a morte","og_url":"https:\/\/regiaonews.net.br\/2022\/2021\/11\/06\/associacao-os-independentes-lamenta-morte-de-marilia-mendonca\/","og_site_name":"Regi\u00e3o News","article_published_time":"2021-11-06T03:09:46+00:00","og_image":[{"width":1018,"height":730,"url":"https:\/\/regiaonews.net.br\/2022\/wp-content\/uploads\/2021\/11\/20211106_000849.jpg","type":"image\/jpeg"}],"author":"Roberto","twitter_card":"summary_large_image","twitter_misc":{"Escrito por":"Roberto","Est. tempo de leitura":"1 minuto"},"schema":{"@context":"https:\/\/schema.org","@graph":[{"@type":"Article","@id":"https:\/\/regiaonews.net.br\/2022\/2021\/11\/06\/associacao-os-independentes-lamenta-morte-de-marilia-mendonca\/#article","isPartOf":{"@id":"https:\/\/regiaonews.net.br\/2022\/2021\/11\/06\/associacao-os-independentes-lamenta-morte-de-marilia-mendonca\/"},"author":{"name":"Roberto","@id":"https:\/\/regiaonews.net.br\/2022\/#\/schema\/person\/2d205a608a5aa97ac279d7a5e6d89ad8"},"headline":"Associa\u00e7\u00e3o Os Independentes lamenta morte de Mar\u00edlia Mendon\u00e7a","datePublished":"2021-11-06T03:09:46+00:00","mainEntityOfPage":{"@id":"https:\/\/regiaonews.net.br\/2022\/2021\/11\/06\/associacao-os-independentes-lamenta-morte-de-marilia-mendonca\/"},"wordCount":137,"commentCount":0,"publisher":{"@id":"https:\/\/regiaonews.net.br\/2022\/#organization"},"image":{"@id":"https:\/\/regiaonews.net.br\/2022\/2021\/11\/06\/associacao-os-independentes-lamenta-morte-de-marilia-mendonca\/#primaryimage"},"thumbnailUrl":"https:\/\/regiaonews.net.br\/2022\/wp-content\/uploads\/2021\/11\/20211106_000849.jpg","articleSection":["Barretos","Cidades"],"inLanguage":"pt-BR","potentialAction":[{"@type":"CommentAction","name":"Comment","target":["https:\/\/regiaonews.net.br\/2022\/2021\/11\/06\/associacao-os-independentes-lamenta-morte-de-marilia-mendonca\/#respond"]}]},{"@type":"WebPage","@id":"https:\/\/regiaonews.net.br\/2022\/2021\/11\/06\/associacao-os-independentes-lamenta-morte-de-marilia-mendonca\/","url":"https:\/\/regiaonews.net.br\/2022\/2021\/11\/06\/associacao-os-independentes-lamenta-morte-de-marilia-mendonca\/","name":"Associa\u00e7\u00e3o Os Independentes lamenta morte de Mar\u00edlia Mendon\u00e7a - Regi\u00e3o News","isPartOf":{"@id":"https:\/\/regiaonews.net.br\/2022\/#website"},"primaryImageOfPage":{"@id":"https:\/\/regiaonews.net.br\/2022\/2021\/11\/06\/associacao-os-independentes-lamenta-morte-de-marilia-mendonca\/#primaryimage"},"image":{"@id":"https:\/\/regiaonews.net.br\/2022\/2021\/11\/06\/associacao-os-independentes-lamenta-morte-de-marilia-mendonca\/#primaryimage"},"thumbnailUrl":"https:\/\/regiaonews.net.br\/2022\/wp-content\/uploads\/2021\/11\/20211106_000849.jpg","datePublished":"2021-11-06T03:09:46+00:00","breadcrumb":{"@id":"https:\/\/regiaonews.net.br\/2022\/2021\/11\/06\/associacao-os-independentes-lamenta-morte-de-marilia-mendonca\/#breadcrumb"},"inLanguage":"pt-BR","potentialAction":[{"@type":"ReadAction","target":["https:\/\/regiaonews.net.br\/2022\/2021\/11\/06\/associacao-os-independentes-lamenta-morte-de-marilia-mendonca\/"]}]},{"@type":"ImageObject","inLanguage":"pt-BR","@id":"https:\/\/regiaonews.net.br\/2022\/2021\/11\/06\/associacao-os-independentes-lamenta-morte-de-marilia-mendonca\/#primaryimage","url":"https:\/\/regiaonews.net.br\/2022\/wp-content\/uploads\/2021\/11\/20211106_000849.jpg","contentUrl":"https:\/\/regiaonews.net.br\/2022\/wp-content\/uploads\/2021\/11\/20211106_000849.jpg","width":1018,"height":730},{"@type":"BreadcrumbList","@id":"https:\/\/regiaonews.net.br\/2022\/2021\/11\/06\/associacao-os-independentes-lamenta-morte-de-marilia-mendonca\/#breadcrumb","itemListElement":[{"@type":"ListItem","position":1,"name":"In\u00edcio","item":"https:\/\/regiaonews.net.br\/2022\/"},{"@type":"ListItem","position":2,"name":"Associa\u00e7\u00e3o Os Independentes lamenta morte de Mar\u00edlia Mendon\u00e7a"}]},{"@type":"WebSite","@id":"https:\/\/regiaonews.net.br\/2022\/#website","url":"https:\/\/regiaonews.net.br\/2022\/","name":"Regi\u00e3o News","description":"Site de Not\u00edcias de Barretos e regi\u00e3o","publisher":{"@id":"https:\/\/regiaonews.net.br\/2022\/#organization"},"potentialAction":[{"@type":"SearchAction","target":{"@type":"EntryPoint","urlTemplate":"https:\/\/regiaonews.net.br\/2022\/?s={search_term_string}"},"query-input":{"@type":"PropertyValueSpecification","valueRequired":true,"valueName":"search_term_string"}}],"inLanguage":"pt-BR"},{"@type":"Organization","@id":"https:\/\/regiaonews.net.br\/2022\/#organization","name":"Regi\u00e3o News","url":"https:\/\/regiaonews.net.br\/2022\/","logo":{"@type":"ImageObject","inLanguage":"pt-BR","@id":"https:\/\/regiaonews.net.br\/2022\/#\/schema\/logo\/image\/","url":"https:\/\/regiaonews.net.br\/2022\/wp-content\/uploads\/2026\/03\/regiao-13-anos-scaled.jpg","contentUrl":"https:\/\/regiaonews.net.br\/2022\/wp-content\/uploads\/2026\/03\/regiao-13-anos-scaled.jpg","width":2560,"height":635,"caption":"Regi\u00e3o News"},"image":{"@id":"https:\/\/regiaonews.net.br\/2022\/#\/schema\/logo\/image\/"}},{"@type":"Person","@id":"https:\/\/regiaonews.net.br\/2022\/#\/schema\/person\/2d205a608a5aa97ac279d7a5e6d89ad8","name":"Roberto","image":{"@type":"ImageObject","inLanguage":"pt-BR","@id":"https:\/\/secure.gravatar.com\/avatar\/42749d8b712ff9d59ca93dc150494e5b55a44134482993f5baeb97e61b7ecc89?s=96&d=mm&r=g","url":"https:\/\/secure.gravatar.com\/avatar\/42749d8b712ff9d59ca93dc150494e5b55a44134482993f5baeb97e61b7ecc89?s=96&d=mm&r=g","contentUrl":"https:\/\/secure.gravatar.com\/avatar\/42749d8b712ff9d59ca93dc150494e5b55a44134482993f5baeb97e61b7ecc89?s=96&d=mm&r=g","caption":"Roberto"},"url":"https:\/\/regiaonews.net.br\/2022\/author\/roberto\/"}]}},"publishpress_future_action":{"enabled":false,"date":"2026-05-05 10:08:57","action":"change-status","newStatus":"draft","terms":[],"taxonomy":"category","extraData":[]},"publishpress_future_workflow_manual_trigger":{"enabledWorkflows":[]},"_links":{"self":[{"href":"https:\/\/regiaonews.net.br\/2022\/wp-json\/wp\/v2\/posts\/55854","targetHints":{"allow":["GET"]}}],"collection":[{"href":"https:\/\/regiaonews.net.br\/2022\/wp-json\/wp\/v2\/posts"}],"about":[{"href":"https:\/\/regiaonews.net.br\/2022\/wp-json\/wp\/v2\/types\/post"}],"author":[{"embeddable":true,"href":"https:\/\/regiaonews.net.br\/2022\/wp-json\/wp\/v2\/users\/2"}],"replies":[{"embeddable":true,"href":"https:\/\/regiaonews.net.br\/2022\/wp-json\/wp\/v2\/comments?post=55854"}],"version-history":[{"count":0,"href":"https:\/\/regiaonews.net.br\/2022\/wp-json\/wp\/v2\/posts\/55854\/revisions"}],"wp:featuredmedia":[{"embeddable":true,"href":"https:\/\/regiaonews.net.br\/2022\/wp-json\/wp\/v2\/media\/55855"}],"wp:attachment":[{"href":"https:\/\/regiaonews.net.br\/2022\/wp-json\/wp\/v2\/media?parent=55854"}],"wp:term":[{"taxonomy":"category","embeddable":true,"href":"https:\/\/regiaonews.net.br\/2022\/wp-json\/wp\/v2\/categories?post=55854"},{"taxonomy":"post_tag","embeddable":true,"href":"https:\/\/regiaonews.net.br\/2022\/wp-json\/wp\/v2\/tags?post=55854"}],"curies":[{"name":"wp","href":"https:\/\/api.w.org\/{rel}","templated":true}]}}