{"id":55831,"date":"2021-11-05T17:59:46","date_gmt":"2021-11-05T20:59:46","guid":{"rendered":"https:\/\/regiaonews.net.br\/2022\/?p=55831"},"modified":"2021-11-05T18:00:00","modified_gmt":"2021-11-05T21:00:00","slug":"marilia-mendonca-morre-em-queda-de-aviao-em-minas-gerais","status":"publish","type":"post","link":"https:\/\/regiaonews.net.br\/2022\/2021\/11\/05\/marilia-mendonca-morre-em-queda-de-aviao-em-minas-gerais\/","title":{"rendered":"Mar\u00edlia Mendon\u00e7a morre em queda de avi\u00e3o em Minas Gerais"},"content":{"rendered":"<p><a href=\"https:\/\/regiaonews.net.br\/2022\/wp-content\/uploads\/2021\/11\/Aviao.jpg\"><img loading=\"lazy\" decoding=\"async\" class=\"alignnone size-medium wp-image-55832\" src=\"https:\/\/regiaonews.net.br\/2022\/wp-content\/uploads\/2021\/11\/Aviao-300x287.jpg\" alt=\"\" width=\"300\" height=\"287\" \/><\/a><\/p>\n<p>Fonte &#8211; G1<\/p>\n<div class=\"mc-column content-text active-extra-styles \" data-block-type=\"unstyled\" data-block-weight=\"38\" data-block-id=\"2\">\n<p class=\"content-text__container \" data-track-category=\"Link no Texto\" data-track-links=\"\">A cantora Mar\u00edlia Mendon\u00e7a, de 26 anos, e mais quatro pessoas morreram na tarde nesta sexta-feira (5) ap\u00f3s a queda de um avi\u00e3o de pequeno porte perto de uma cachoeira na serra de Caratinga, interior de Minas Gerais.<\/p>\n<\/div>\n<div class=\"wall protected-content\">\n<div class=\"mc-column content-text active-extra-styles \" data-block-type=\"unstyled\" data-block-weight=\"68\" data-block-id=\"3\">\n<p class=\"content-text__container \" data-track-category=\"Link no Texto\" data-track-links=\"\">&#8220;Com imenso pesar, confirmamos a morte da cantora Mar\u00edlia Mendon\u00e7a, seu produtor Henrique Ribeiro, seu tio e assessor Abicieli Silveira Dias Filho, do piloto e co-pilto do avi\u00e3o, os quais iremos preservar os nomes neste momento. O avi\u00e3o decolou de Goi\u00e2nia com destino a Caratinga\/MG, onde Mar\u00edlia teria uma apresenta\u00e7\u00e3o esta noite. De momento, s\u00e3o estas as informa\u00e7\u00f5es que temos.&#8221;, informou em nota a assessoria da cantora.<\/p>\n<\/div>\n<div class=\"mc-column content-text active-extra-styles \" data-block-type=\"unstyled\" data-block-weight=\"61\" data-block-id=\"4\">\n<p class=\"content-text__container \" data-track-category=\"Link no Texto\" data-track-links=\"\">Os bombeiros tamb\u00e9m confirmaram a morte atrav\u00e9s da seguinte nota: &#8220;O Corpo de Bombeiros Militar de Minas Gerais informa que nesta sexta (5), ocorreu a queda de uma aeronave de pequeno porte, modelo Beech Aircraft, na zona rural de Piedade de Caratinga. O CBMMG confirma que a aeronave transportava a cantora Mar\u00edlia Mendon\u00e7a e que ela est\u00e1 entre as v\u00edtimas fatais.&#8221;<\/p>\n<\/div>\n<div class=\"mc-column content-text active-extra-styles \" data-block-type=\"unstyled\" data-block-weight=\"41\" data-block-id=\"6\">\n<p class=\"content-text__container \" data-track-category=\"Link no Texto\" data-track-links=\"\">A cantora nasceu em Cristian\u00f3polis (GO) em 22 de julho de 1995. Ela surgiu como \u00edcone do \u201cfeminejo\u201d em 2016, com sucessos como \u201cInfiel\u201d e \u201cEu sei de cor\u201d. Antes, ela j\u00e1 era compositora de sucessos do sertanejo.<\/p>\n<\/div>\n<div class=\"mc-column content-text active-extra-styles \" data-block-type=\"unstyled\" data-block-weight=\"36\" data-block-id=\"8\">\n<p class=\"content-text__container \" data-track-category=\"Link no Texto\" data-track-links=\"\">A aeronave era um bimotor Beech Aircraft, da PEC T\u00e1xi A\u00e9reo, de Goi\u00e1s, prefixo PT-ONJ, com capacidade para seis passageiros. Segundo a Anac, o avi\u00e3o est\u00e1 em situa\u00e7\u00e3o regular e tem autoriza\u00e7\u00e3o para fazer t\u00e1xi a\u00e9reo.<\/p>\n<\/div>\n<div class=\"mc-column content-text active-extra-styles \" data-block-type=\"unstyled\" data-block-weight=\"16\" data-block-id=\"9\">\n<p class=\"content-text__container \" data-track-category=\"Link no Texto\" data-track-links=\"\">Antes de embarcar fez um v\u00eddeo em que aparecia entrando no avi\u00e3o e publicou no Twitter.<\/p>\n<\/div>\n<\/div>\n","protected":false},"excerpt":{"rendered":"<p>Fonte &#8211; G1 A cantora Mar\u00edlia Mendon\u00e7a, de 26 anos,<\/p>\n","protected":false},"author":2,"featured_media":55833,"comment_status":"open","ping_status":"open","sticky":false,"template":"","format":"standard","meta":{"footnotes":""},"categories":[24,25,88],"tags":[],"class_list":["post-55831","post","type-post","status-publish","format-standard","has-post-thumbnail","hentry","category-brasil","category-cidades","category-falecimento"],"yoast_head":"<!-- This site is optimized with the Yoast SEO plugin v27.4 - https:\/\/yoast.com\/product\/yoast-seo-wordpress\/ -->\n<title>Mar\u00edlia Mendon\u00e7a morre em queda de avi\u00e3o em Minas Gerais - Regi\u00e3o News<\/title>\n<meta name=\"robots\" content=\"index, follow, max-snippet:-1, max-image-preview:large, max-video-preview:-1\" \/>\n<link rel=\"canonical\" href=\"https:\/\/regiaonews.net.br\/2022\/2021\/11\/05\/marilia-mendonca-morre-em-queda-de-aviao-em-minas-gerais\/\" \/>\n<meta property=\"og:locale\" content=\"pt_BR\" \/>\n<meta property=\"og:type\" content=\"article\" \/>\n<meta property=\"og:title\" content=\"Mar\u00edlia Mendon\u00e7a morre em queda de avi\u00e3o em Minas Gerais - Regi\u00e3o News\" \/>\n<meta property=\"og:description\" content=\"Fonte &#8211; G1 A cantora Mar\u00edlia Mendon\u00e7a, de 26 anos,\" \/>\n<meta property=\"og:url\" content=\"https:\/\/regiaonews.net.br\/2022\/2021\/11\/05\/marilia-mendonca-morre-em-queda-de-aviao-em-minas-gerais\/\" \/>\n<meta property=\"og:site_name\" content=\"Regi\u00e3o News\" \/>\n<meta property=\"article:published_time\" content=\"2021-11-05T20:59:46+00:00\" \/>\n<meta property=\"article:modified_time\" content=\"2021-11-05T21:00:00+00:00\" \/>\n<meta property=\"og:image\" content=\"https:\/\/regiaonews.net.br\/2022\/wp-content\/uploads\/2021\/11\/Marilia.jpg\" \/>\n\t<meta property=\"og:image:width\" content=\"970\" \/>\n\t<meta property=\"og:image:height\" content=\"683\" \/>\n\t<meta property=\"og:image:type\" content=\"image\/jpeg\" \/>\n<meta name=\"author\" content=\"Roberto\" \/>\n<meta name=\"twitter:card\" content=\"summary_large_image\" \/>\n<meta name=\"twitter:label1\" content=\"Escrito por\" \/>\n\t<meta name=\"twitter:data1\" content=\"Roberto\" \/>\n\t<meta name=\"twitter:label2\" content=\"Est. tempo de leitura\" \/>\n\t<meta name=\"twitter:data2\" content=\"1 minuto\" \/>\n<script type=\"application\/ld+json\" class=\"yoast-schema-graph\">{\"@context\":\"https:\\\/\\\/schema.org\",\"@graph\":[{\"@type\":\"Article\",\"@id\":\"https:\\\/\\\/regiaonews.net.br\\\/2022\\\/2021\\\/11\\\/05\\\/marilia-mendonca-morre-em-queda-de-aviao-em-minas-gerais\\\/#article\",\"isPartOf\":{\"@id\":\"https:\\\/\\\/regiaonews.net.br\\\/2022\\\/2021\\\/11\\\/05\\\/marilia-mendonca-morre-em-queda-de-aviao-em-minas-gerais\\\/\"},\"author\":{\"name\":\"Roberto\",\"@id\":\"https:\\\/\\\/regiaonews.net.br\\\/2022\\\/#\\\/schema\\\/person\\\/2d205a608a5aa97ac279d7a5e6d89ad8\"},\"headline\":\"Mar\u00edlia Mendon\u00e7a morre em queda de avi\u00e3o em Minas Gerais\",\"datePublished\":\"2021-11-05T20:59:46+00:00\",\"dateModified\":\"2021-11-05T21:00:00+00:00\",\"mainEntityOfPage\":{\"@id\":\"https:\\\/\\\/regiaonews.net.br\\\/2022\\\/2021\\\/11\\\/05\\\/marilia-mendonca-morre-em-queda-de-aviao-em-minas-gerais\\\/\"},\"wordCount\":296,\"commentCount\":0,\"publisher\":{\"@id\":\"https:\\\/\\\/regiaonews.net.br\\\/2022\\\/#organization\"},\"image\":{\"@id\":\"https:\\\/\\\/regiaonews.net.br\\\/2022\\\/2021\\\/11\\\/05\\\/marilia-mendonca-morre-em-queda-de-aviao-em-minas-gerais\\\/#primaryimage\"},\"thumbnailUrl\":\"https:\\\/\\\/regiaonews.net.br\\\/2022\\\/wp-content\\\/uploads\\\/2021\\\/11\\\/Marilia.jpg\",\"articleSection\":[\"Brasil\",\"Cidades\",\"Falecimento\"],\"inLanguage\":\"pt-BR\",\"potentialAction\":[{\"@type\":\"CommentAction\",\"name\":\"Comment\",\"target\":[\"https:\\\/\\\/regiaonews.net.br\\\/2022\\\/2021\\\/11\\\/05\\\/marilia-mendonca-morre-em-queda-de-aviao-em-minas-gerais\\\/#respond\"]}]},{\"@type\":\"WebPage\",\"@id\":\"https:\\\/\\\/regiaonews.net.br\\\/2022\\\/2021\\\/11\\\/05\\\/marilia-mendonca-morre-em-queda-de-aviao-em-minas-gerais\\\/\",\"url\":\"https:\\\/\\\/regiaonews.net.br\\\/2022\\\/2021\\\/11\\\/05\\\/marilia-mendonca-morre-em-queda-de-aviao-em-minas-gerais\\\/\",\"name\":\"Mar\u00edlia Mendon\u00e7a morre em queda de avi\u00e3o em Minas Gerais - Regi\u00e3o News\",\"isPartOf\":{\"@id\":\"https:\\\/\\\/regiaonews.net.br\\\/2022\\\/#website\"},\"primaryImageOfPage\":{\"@id\":\"https:\\\/\\\/regiaonews.net.br\\\/2022\\\/2021\\\/11\\\/05\\\/marilia-mendonca-morre-em-queda-de-aviao-em-minas-gerais\\\/#primaryimage\"},\"image\":{\"@id\":\"https:\\\/\\\/regiaonews.net.br\\\/2022\\\/2021\\\/11\\\/05\\\/marilia-mendonca-morre-em-queda-de-aviao-em-minas-gerais\\\/#primaryimage\"},\"thumbnailUrl\":\"https:\\\/\\\/regiaonews.net.br\\\/2022\\\/wp-content\\\/uploads\\\/2021\\\/11\\\/Marilia.jpg\",\"datePublished\":\"2021-11-05T20:59:46+00:00\",\"dateModified\":\"2021-11-05T21:00:00+00:00\",\"breadcrumb\":{\"@id\":\"https:\\\/\\\/regiaonews.net.br\\\/2022\\\/2021\\\/11\\\/05\\\/marilia-mendonca-morre-em-queda-de-aviao-em-minas-gerais\\\/#breadcrumb\"},\"inLanguage\":\"pt-BR\",\"potentialAction\":[{\"@type\":\"ReadAction\",\"target\":[\"https:\\\/\\\/regiaonews.net.br\\\/2022\\\/2021\\\/11\\\/05\\\/marilia-mendonca-morre-em-queda-de-aviao-em-minas-gerais\\\/\"]}]},{\"@type\":\"ImageObject\",\"inLanguage\":\"pt-BR\",\"@id\":\"https:\\\/\\\/regiaonews.net.br\\\/2022\\\/2021\\\/11\\\/05\\\/marilia-mendonca-morre-em-queda-de-aviao-em-minas-gerais\\\/#primaryimage\",\"url\":\"https:\\\/\\\/regiaonews.net.br\\\/2022\\\/wp-content\\\/uploads\\\/2021\\\/11\\\/Marilia.jpg\",\"contentUrl\":\"https:\\\/\\\/regiaonews.net.br\\\/2022\\\/wp-content\\\/uploads\\\/2021\\\/11\\\/Marilia.jpg\",\"width\":970,\"height\":683},{\"@type\":\"BreadcrumbList\",\"@id\":\"https:\\\/\\\/regiaonews.net.br\\\/2022\\\/2021\\\/11\\\/05\\\/marilia-mendonca-morre-em-queda-de-aviao-em-minas-gerais\\\/#breadcrumb\",\"itemListElement\":[{\"@type\":\"ListItem\",\"position\":1,\"name\":\"In\u00edcio\",\"item\":\"https:\\\/\\\/regiaonews.net.br\\\/2022\\\/\"},{\"@type\":\"ListItem\",\"position\":2,\"name\":\"Mar\u00edlia Mendon\u00e7a morre em queda de avi\u00e3o em Minas Gerais\"}]},{\"@type\":\"WebSite\",\"@id\":\"https:\\\/\\\/regiaonews.net.br\\\/2022\\\/#website\",\"url\":\"https:\\\/\\\/regiaonews.net.br\\\/2022\\\/\",\"name\":\"Regi\u00e3o News\",\"description\":\"Site de Not\u00edcias de Barretos e regi\u00e3o\",\"publisher\":{\"@id\":\"https:\\\/\\\/regiaonews.net.br\\\/2022\\\/#organization\"},\"potentialAction\":[{\"@type\":\"SearchAction\",\"target\":{\"@type\":\"EntryPoint\",\"urlTemplate\":\"https:\\\/\\\/regiaonews.net.br\\\/2022\\\/?s={search_term_string}\"},\"query-input\":{\"@type\":\"PropertyValueSpecification\",\"valueRequired\":true,\"valueName\":\"search_term_string\"}}],\"inLanguage\":\"pt-BR\"},{\"@type\":\"Organization\",\"@id\":\"https:\\\/\\\/regiaonews.net.br\\\/2022\\\/#organization\",\"name\":\"Regi\u00e3o News\",\"url\":\"https:\\\/\\\/regiaonews.net.br\\\/2022\\\/\",\"logo\":{\"@type\":\"ImageObject\",\"inLanguage\":\"pt-BR\",\"@id\":\"https:\\\/\\\/regiaonews.net.br\\\/2022\\\/#\\\/schema\\\/logo\\\/image\\\/\",\"url\":\"https:\\\/\\\/regiaonews.net.br\\\/2022\\\/wp-content\\\/uploads\\\/2026\\\/03\\\/regiao-13-anos-scaled.jpg\",\"contentUrl\":\"https:\\\/\\\/regiaonews.net.br\\\/2022\\\/wp-content\\\/uploads\\\/2026\\\/03\\\/regiao-13-anos-scaled.jpg\",\"width\":2560,\"height\":635,\"caption\":\"Regi\u00e3o News\"},\"image\":{\"@id\":\"https:\\\/\\\/regiaonews.net.br\\\/2022\\\/#\\\/schema\\\/logo\\\/image\\\/\"}},{\"@type\":\"Person\",\"@id\":\"https:\\\/\\\/regiaonews.net.br\\\/2022\\\/#\\\/schema\\\/person\\\/2d205a608a5aa97ac279d7a5e6d89ad8\",\"name\":\"Roberto\",\"image\":{\"@type\":\"ImageObject\",\"inLanguage\":\"pt-BR\",\"@id\":\"https:\\\/\\\/secure.gravatar.com\\\/avatar\\\/42749d8b712ff9d59ca93dc150494e5b55a44134482993f5baeb97e61b7ecc89?s=96&d=mm&r=g\",\"url\":\"https:\\\/\\\/secure.gravatar.com\\\/avatar\\\/42749d8b712ff9d59ca93dc150494e5b55a44134482993f5baeb97e61b7ecc89?s=96&d=mm&r=g\",\"contentUrl\":\"https:\\\/\\\/secure.gravatar.com\\\/avatar\\\/42749d8b712ff9d59ca93dc150494e5b55a44134482993f5baeb97e61b7ecc89?s=96&d=mm&r=g\",\"caption\":\"Roberto\"},\"url\":\"https:\\\/\\\/regiaonews.net.br\\\/2022\\\/author\\\/roberto\\\/\"}]}<\/script>\n<!-- \/ Yoast SEO plugin. -->","yoast_head_json":{"title":"Mar\u00edlia Mendon\u00e7a morre em queda de avi\u00e3o em Minas Gerais - Regi\u00e3o News","robots":{"index":"index","follow":"follow","max-snippet":"max-snippet:-1","max-image-preview":"max-image-preview:large","max-video-preview":"max-video-preview:-1"},"canonical":"https:\/\/regiaonews.net.br\/2022\/2021\/11\/05\/marilia-mendonca-morre-em-queda-de-aviao-em-minas-gerais\/","og_locale":"pt_BR","og_type":"article","og_title":"Mar\u00edlia Mendon\u00e7a morre em queda de avi\u00e3o em Minas Gerais - Regi\u00e3o News","og_description":"Fonte &#8211; G1 A cantora Mar\u00edlia Mendon\u00e7a, de 26 anos,","og_url":"https:\/\/regiaonews.net.br\/2022\/2021\/11\/05\/marilia-mendonca-morre-em-queda-de-aviao-em-minas-gerais\/","og_site_name":"Regi\u00e3o News","article_published_time":"2021-11-05T20:59:46+00:00","article_modified_time":"2021-11-05T21:00:00+00:00","og_image":[{"width":970,"height":683,"url":"https:\/\/regiaonews.net.br\/2022\/wp-content\/uploads\/2021\/11\/Marilia.jpg","type":"image\/jpeg"}],"author":"Roberto","twitter_card":"summary_large_image","twitter_misc":{"Escrito por":"Roberto","Est. tempo de leitura":"1 minuto"},"schema":{"@context":"https:\/\/schema.org","@graph":[{"@type":"Article","@id":"https:\/\/regiaonews.net.br\/2022\/2021\/11\/05\/marilia-mendonca-morre-em-queda-de-aviao-em-minas-gerais\/#article","isPartOf":{"@id":"https:\/\/regiaonews.net.br\/2022\/2021\/11\/05\/marilia-mendonca-morre-em-queda-de-aviao-em-minas-gerais\/"},"author":{"name":"Roberto","@id":"https:\/\/regiaonews.net.br\/2022\/#\/schema\/person\/2d205a608a5aa97ac279d7a5e6d89ad8"},"headline":"Mar\u00edlia Mendon\u00e7a morre em queda de avi\u00e3o em Minas Gerais","datePublished":"2021-11-05T20:59:46+00:00","dateModified":"2021-11-05T21:00:00+00:00","mainEntityOfPage":{"@id":"https:\/\/regiaonews.net.br\/2022\/2021\/11\/05\/marilia-mendonca-morre-em-queda-de-aviao-em-minas-gerais\/"},"wordCount":296,"commentCount":0,"publisher":{"@id":"https:\/\/regiaonews.net.br\/2022\/#organization"},"image":{"@id":"https:\/\/regiaonews.net.br\/2022\/2021\/11\/05\/marilia-mendonca-morre-em-queda-de-aviao-em-minas-gerais\/#primaryimage"},"thumbnailUrl":"https:\/\/regiaonews.net.br\/2022\/wp-content\/uploads\/2021\/11\/Marilia.jpg","articleSection":["Brasil","Cidades","Falecimento"],"inLanguage":"pt-BR","potentialAction":[{"@type":"CommentAction","name":"Comment","target":["https:\/\/regiaonews.net.br\/2022\/2021\/11\/05\/marilia-mendonca-morre-em-queda-de-aviao-em-minas-gerais\/#respond"]}]},{"@type":"WebPage","@id":"https:\/\/regiaonews.net.br\/2022\/2021\/11\/05\/marilia-mendonca-morre-em-queda-de-aviao-em-minas-gerais\/","url":"https:\/\/regiaonews.net.br\/2022\/2021\/11\/05\/marilia-mendonca-morre-em-queda-de-aviao-em-minas-gerais\/","name":"Mar\u00edlia Mendon\u00e7a morre em queda de avi\u00e3o em Minas Gerais - Regi\u00e3o News","isPartOf":{"@id":"https:\/\/regiaonews.net.br\/2022\/#website"},"primaryImageOfPage":{"@id":"https:\/\/regiaonews.net.br\/2022\/2021\/11\/05\/marilia-mendonca-morre-em-queda-de-aviao-em-minas-gerais\/#primaryimage"},"image":{"@id":"https:\/\/regiaonews.net.br\/2022\/2021\/11\/05\/marilia-mendonca-morre-em-queda-de-aviao-em-minas-gerais\/#primaryimage"},"thumbnailUrl":"https:\/\/regiaonews.net.br\/2022\/wp-content\/uploads\/2021\/11\/Marilia.jpg","datePublished":"2021-11-05T20:59:46+00:00","dateModified":"2021-11-05T21:00:00+00:00","breadcrumb":{"@id":"https:\/\/regiaonews.net.br\/2022\/2021\/11\/05\/marilia-mendonca-morre-em-queda-de-aviao-em-minas-gerais\/#breadcrumb"},"inLanguage":"pt-BR","potentialAction":[{"@type":"ReadAction","target":["https:\/\/regiaonews.net.br\/2022\/2021\/11\/05\/marilia-mendonca-morre-em-queda-de-aviao-em-minas-gerais\/"]}]},{"@type":"ImageObject","inLanguage":"pt-BR","@id":"https:\/\/regiaonews.net.br\/2022\/2021\/11\/05\/marilia-mendonca-morre-em-queda-de-aviao-em-minas-gerais\/#primaryimage","url":"https:\/\/regiaonews.net.br\/2022\/wp-content\/uploads\/2021\/11\/Marilia.jpg","contentUrl":"https:\/\/regiaonews.net.br\/2022\/wp-content\/uploads\/2021\/11\/Marilia.jpg","width":970,"height":683},{"@type":"BreadcrumbList","@id":"https:\/\/regiaonews.net.br\/2022\/2021\/11\/05\/marilia-mendonca-morre-em-queda-de-aviao-em-minas-gerais\/#breadcrumb","itemListElement":[{"@type":"ListItem","position":1,"name":"In\u00edcio","item":"https:\/\/regiaonews.net.br\/2022\/"},{"@type":"ListItem","position":2,"name":"Mar\u00edlia Mendon\u00e7a morre em queda de avi\u00e3o em Minas Gerais"}]},{"@type":"WebSite","@id":"https:\/\/regiaonews.net.br\/2022\/#website","url":"https:\/\/regiaonews.net.br\/2022\/","name":"Regi\u00e3o News","description":"Site de Not\u00edcias de Barretos e regi\u00e3o","publisher":{"@id":"https:\/\/regiaonews.net.br\/2022\/#organization"},"potentialAction":[{"@type":"SearchAction","target":{"@type":"EntryPoint","urlTemplate":"https:\/\/regiaonews.net.br\/2022\/?s={search_term_string}"},"query-input":{"@type":"PropertyValueSpecification","valueRequired":true,"valueName":"search_term_string"}}],"inLanguage":"pt-BR"},{"@type":"Organization","@id":"https:\/\/regiaonews.net.br\/2022\/#organization","name":"Regi\u00e3o News","url":"https:\/\/regiaonews.net.br\/2022\/","logo":{"@type":"ImageObject","inLanguage":"pt-BR","@id":"https:\/\/regiaonews.net.br\/2022\/#\/schema\/logo\/image\/","url":"https:\/\/regiaonews.net.br\/2022\/wp-content\/uploads\/2026\/03\/regiao-13-anos-scaled.jpg","contentUrl":"https:\/\/regiaonews.net.br\/2022\/wp-content\/uploads\/2026\/03\/regiao-13-anos-scaled.jpg","width":2560,"height":635,"caption":"Regi\u00e3o News"},"image":{"@id":"https:\/\/regiaonews.net.br\/2022\/#\/schema\/logo\/image\/"}},{"@type":"Person","@id":"https:\/\/regiaonews.net.br\/2022\/#\/schema\/person\/2d205a608a5aa97ac279d7a5e6d89ad8","name":"Roberto","image":{"@type":"ImageObject","inLanguage":"pt-BR","@id":"https:\/\/secure.gravatar.com\/avatar\/42749d8b712ff9d59ca93dc150494e5b55a44134482993f5baeb97e61b7ecc89?s=96&d=mm&r=g","url":"https:\/\/secure.gravatar.com\/avatar\/42749d8b712ff9d59ca93dc150494e5b55a44134482993f5baeb97e61b7ecc89?s=96&d=mm&r=g","contentUrl":"https:\/\/secure.gravatar.com\/avatar\/42749d8b712ff9d59ca93dc150494e5b55a44134482993f5baeb97e61b7ecc89?s=96&d=mm&r=g","caption":"Roberto"},"url":"https:\/\/regiaonews.net.br\/2022\/author\/roberto\/"}]}},"publishpress_future_action":{"enabled":false,"date":"2026-05-05 13:09:00","action":"change-status","newStatus":"draft","terms":[],"taxonomy":"category","extraData":[]},"publishpress_future_workflow_manual_trigger":{"enabledWorkflows":[]},"_links":{"self":[{"href":"https:\/\/regiaonews.net.br\/2022\/wp-json\/wp\/v2\/posts\/55831","targetHints":{"allow":["GET"]}}],"collection":[{"href":"https:\/\/regiaonews.net.br\/2022\/wp-json\/wp\/v2\/posts"}],"about":[{"href":"https:\/\/regiaonews.net.br\/2022\/wp-json\/wp\/v2\/types\/post"}],"author":[{"embeddable":true,"href":"https:\/\/regiaonews.net.br\/2022\/wp-json\/wp\/v2\/users\/2"}],"replies":[{"embeddable":true,"href":"https:\/\/regiaonews.net.br\/2022\/wp-json\/wp\/v2\/comments?post=55831"}],"version-history":[{"count":0,"href":"https:\/\/regiaonews.net.br\/2022\/wp-json\/wp\/v2\/posts\/55831\/revisions"}],"wp:featuredmedia":[{"embeddable":true,"href":"https:\/\/regiaonews.net.br\/2022\/wp-json\/wp\/v2\/media\/55833"}],"wp:attachment":[{"href":"https:\/\/regiaonews.net.br\/2022\/wp-json\/wp\/v2\/media?parent=55831"}],"wp:term":[{"taxonomy":"category","embeddable":true,"href":"https:\/\/regiaonews.net.br\/2022\/wp-json\/wp\/v2\/categories?post=55831"},{"taxonomy":"post_tag","embeddable":true,"href":"https:\/\/regiaonews.net.br\/2022\/wp-json\/wp\/v2\/tags?post=55831"}],"curies":[{"name":"wp","href":"https:\/\/api.w.org\/{rel}","templated":true}]}}