{"id":55802,"date":"2021-11-05T05:47:57","date_gmt":"2021-11-05T08:47:57","guid":{"rendered":"https:\/\/regiaonews.net.br\/2022\/?p=55802"},"modified":"2021-11-05T05:52:31","modified_gmt":"2021-11-05T08:52:31","slug":"dieb-entrega-veiculo-0km-e-equipamentos-para-apae","status":"publish","type":"post","link":"https:\/\/regiaonews.net.br\/2022\/2021\/11\/05\/dieb-entrega-veiculo-0km-e-equipamentos-para-apae\/","title":{"rendered":"Dieb entrega ve\u00edculo 0km e equipamentos para APAE"},"content":{"rendered":"<header class=\"site-header wrapper\" data-font-size=\"\">\n<div data-grid=\"row spacing center\"><a href=\"https:\/\/regiaonews.net.br\/2022\/wp-content\/uploads\/2021\/11\/20211105_055123.jpg\"><img loading=\"lazy\" decoding=\"async\" class=\"alignnone size-medium wp-image-55804\" src=\"https:\/\/regiaonews.net.br\/2022\/wp-content\/uploads\/2021\/11\/20211105_055123-300x207.jpg\" alt=\"\" width=\"300\" height=\"207\" \/><\/a><\/div>\n<\/header>\n<section data-font-size=\"\">\n<section class=\"page-content wrapper\">\n<div data-grid=\"spacing\">\n<div data-cell=\"3of4\">\n<section class=\"post\">\n<div class=\"post-content\">\n<article class=\"post-text\"><em>Bens foram repassados por meio de emenda parlamentar no valor de R$ 300 mil do Deputado Federal Marcio Alvino.<\/em>&nbsp;<\/p>\n<p>No \u00faltimo dia 22 de outubro, o Prefeito Municipal de Colina, Dieb Taha fez a entrega de um ve\u00edculo 0km e diversos equipamentos para a APAE \u2013 Associa\u00e7\u00e3o de Pais e Amigos dos Excepcionais de Colina.<\/p>\n<p>Esses bens foram adquiridos por meio de emenda parlamentar do Deputado Federal Marcio Alvino, que destinou recursos da ordem de R$ 300 mil reais para a APAE, atendendo ao pedido do Prefeito Dieb, sendo que metade do valor (R$ 150 mil) foi para custeio, um recurso garantido e reservado no Or\u00e7amento da institui\u00e7\u00e3o, a ser utilizado nos seus gastos com pessoal e\/ou manuten\u00e7\u00e3o; e a outra metade do recurso (R$ 150 mil) para investimento, que foi aplicado na compra de um carro 0km, Spin Premier\/Chevrolet\u00a0e diversos equipamentos.<\/p>\n<p>Entre alguns dos equipamento<em>s<\/em>\u00a0adquiridos, est\u00e3o: 04 aparelhos de ar condicionado; freezer horizontal e\u00a0 vertical; refrigerador; lavadoura; fog\u00e3o industrial; purificador de \u00e1gua; impressora; microcomputadores; v\u00eddeo game; mesa de pebolim; mesa de t\u00eanis; caixa de som; tela de proje\u00e7\u00e3o, entre outros.<\/p>\n<p>O Prefeito Dieb agradeceu o trabalho do Deputado Federal Marcio Alvino, parceiro de Colina, sempre pronto a atender \u00e0s suas reivindica\u00e7\u00f5es, tais como: Sa\u00fade, Infraestrutura Urbana, Desenvolvimento Social e entidades assistenciais. \u201cTrabalhamos em busca de parcerias com os Governos, como tamb\u00e9m emendas parlamentares e, ainda, as subven\u00e7\u00f5es sociais que a Prefeitura destina mensalmente, com recursos pr\u00f3prios, para a APAE e demais entidades, conforme suas necessidades\u201d<\/p>\n<\/article>\n<\/div>\n<\/section>\n<\/div>\n<\/div>\n<\/section>\n<\/section>\n","protected":false},"excerpt":{"rendered":"<p>Bens foram repassados por meio de emenda parlamentar no valor<\/p>\n","protected":false},"author":2,"featured_media":55804,"comment_status":"open","ping_status":"open","sticky":false,"template":"","format":"standard","meta":{"footnotes":""},"categories":[25,5,22],"tags":[],"class_list":["post-55802","post","type-post","status-publish","format-standard","has-post-thumbnail","hentry","category-cidades","category-colina","category-politica"],"yoast_head":"<!-- This site is optimized with the Yoast SEO plugin v27.4 - https:\/\/yoast.com\/product\/yoast-seo-wordpress\/ -->\n<title>Dieb entrega ve\u00edculo 0km e equipamentos para APAE - Regi\u00e3o News<\/title>\n<meta name=\"robots\" content=\"index, follow, max-snippet:-1, max-image-preview:large, max-video-preview:-1\" \/>\n<link rel=\"canonical\" href=\"https:\/\/regiaonews.net.br\/2022\/2021\/11\/05\/dieb-entrega-veiculo-0km-e-equipamentos-para-apae\/\" \/>\n<meta property=\"og:locale\" content=\"pt_BR\" \/>\n<meta property=\"og:type\" content=\"article\" \/>\n<meta property=\"og:title\" content=\"Dieb entrega ve\u00edculo 0km e equipamentos para APAE - Regi\u00e3o News\" \/>\n<meta property=\"og:description\" content=\"Bens foram repassados por meio de emenda parlamentar no valor\" \/>\n<meta property=\"og:url\" content=\"https:\/\/regiaonews.net.br\/2022\/2021\/11\/05\/dieb-entrega-veiculo-0km-e-equipamentos-para-apae\/\" \/>\n<meta property=\"og:site_name\" content=\"Regi\u00e3o News\" \/>\n<meta property=\"article:published_time\" content=\"2021-11-05T08:47:57+00:00\" \/>\n<meta property=\"article:modified_time\" content=\"2021-11-05T08:52:31+00:00\" \/>\n<meta property=\"og:image\" content=\"https:\/\/regiaonews.net.br\/2022\/wp-content\/uploads\/2021\/11\/20211105_055123.jpg\" \/>\n\t<meta property=\"og:image:width\" content=\"1048\" \/>\n\t<meta property=\"og:image:height\" content=\"722\" \/>\n\t<meta property=\"og:image:type\" content=\"image\/jpeg\" \/>\n<meta name=\"author\" content=\"Roberto\" \/>\n<meta name=\"twitter:card\" content=\"summary_large_image\" \/>\n<meta name=\"twitter:label1\" content=\"Escrito por\" \/>\n\t<meta name=\"twitter:data1\" content=\"Roberto\" \/>\n\t<meta name=\"twitter:label2\" content=\"Est. tempo de leitura\" \/>\n\t<meta name=\"twitter:data2\" content=\"1 minuto\" \/>\n<script type=\"application\/ld+json\" class=\"yoast-schema-graph\">{\"@context\":\"https:\\\/\\\/schema.org\",\"@graph\":[{\"@type\":\"Article\",\"@id\":\"https:\\\/\\\/regiaonews.net.br\\\/2022\\\/2021\\\/11\\\/05\\\/dieb-entrega-veiculo-0km-e-equipamentos-para-apae\\\/#article\",\"isPartOf\":{\"@id\":\"https:\\\/\\\/regiaonews.net.br\\\/2022\\\/2021\\\/11\\\/05\\\/dieb-entrega-veiculo-0km-e-equipamentos-para-apae\\\/\"},\"author\":{\"name\":\"Roberto\",\"@id\":\"https:\\\/\\\/regiaonews.net.br\\\/2022\\\/#\\\/schema\\\/person\\\/2d205a608a5aa97ac279d7a5e6d89ad8\"},\"headline\":\"Dieb entrega ve\u00edculo 0km e equipamentos para APAE\",\"datePublished\":\"2021-11-05T08:47:57+00:00\",\"dateModified\":\"2021-11-05T08:52:31+00:00\",\"mainEntityOfPage\":{\"@id\":\"https:\\\/\\\/regiaonews.net.br\\\/2022\\\/2021\\\/11\\\/05\\\/dieb-entrega-veiculo-0km-e-equipamentos-para-apae\\\/\"},\"wordCount\":268,\"commentCount\":0,\"publisher\":{\"@id\":\"https:\\\/\\\/regiaonews.net.br\\\/2022\\\/#organization\"},\"image\":{\"@id\":\"https:\\\/\\\/regiaonews.net.br\\\/2022\\\/2021\\\/11\\\/05\\\/dieb-entrega-veiculo-0km-e-equipamentos-para-apae\\\/#primaryimage\"},\"thumbnailUrl\":\"https:\\\/\\\/regiaonews.net.br\\\/2022\\\/wp-content\\\/uploads\\\/2021\\\/11\\\/20211105_055123.jpg\",\"articleSection\":[\"Cidades\",\"Colina\",\"Pol\u00edtica\"],\"inLanguage\":\"pt-BR\",\"potentialAction\":[{\"@type\":\"CommentAction\",\"name\":\"Comment\",\"target\":[\"https:\\\/\\\/regiaonews.net.br\\\/2022\\\/2021\\\/11\\\/05\\\/dieb-entrega-veiculo-0km-e-equipamentos-para-apae\\\/#respond\"]}]},{\"@type\":\"WebPage\",\"@id\":\"https:\\\/\\\/regiaonews.net.br\\\/2022\\\/2021\\\/11\\\/05\\\/dieb-entrega-veiculo-0km-e-equipamentos-para-apae\\\/\",\"url\":\"https:\\\/\\\/regiaonews.net.br\\\/2022\\\/2021\\\/11\\\/05\\\/dieb-entrega-veiculo-0km-e-equipamentos-para-apae\\\/\",\"name\":\"Dieb entrega ve\u00edculo 0km e equipamentos para APAE - Regi\u00e3o News\",\"isPartOf\":{\"@id\":\"https:\\\/\\\/regiaonews.net.br\\\/2022\\\/#website\"},\"primaryImageOfPage\":{\"@id\":\"https:\\\/\\\/regiaonews.net.br\\\/2022\\\/2021\\\/11\\\/05\\\/dieb-entrega-veiculo-0km-e-equipamentos-para-apae\\\/#primaryimage\"},\"image\":{\"@id\":\"https:\\\/\\\/regiaonews.net.br\\\/2022\\\/2021\\\/11\\\/05\\\/dieb-entrega-veiculo-0km-e-equipamentos-para-apae\\\/#primaryimage\"},\"thumbnailUrl\":\"https:\\\/\\\/regiaonews.net.br\\\/2022\\\/wp-content\\\/uploads\\\/2021\\\/11\\\/20211105_055123.jpg\",\"datePublished\":\"2021-11-05T08:47:57+00:00\",\"dateModified\":\"2021-11-05T08:52:31+00:00\",\"breadcrumb\":{\"@id\":\"https:\\\/\\\/regiaonews.net.br\\\/2022\\\/2021\\\/11\\\/05\\\/dieb-entrega-veiculo-0km-e-equipamentos-para-apae\\\/#breadcrumb\"},\"inLanguage\":\"pt-BR\",\"potentialAction\":[{\"@type\":\"ReadAction\",\"target\":[\"https:\\\/\\\/regiaonews.net.br\\\/2022\\\/2021\\\/11\\\/05\\\/dieb-entrega-veiculo-0km-e-equipamentos-para-apae\\\/\"]}]},{\"@type\":\"ImageObject\",\"inLanguage\":\"pt-BR\",\"@id\":\"https:\\\/\\\/regiaonews.net.br\\\/2022\\\/2021\\\/11\\\/05\\\/dieb-entrega-veiculo-0km-e-equipamentos-para-apae\\\/#primaryimage\",\"url\":\"https:\\\/\\\/regiaonews.net.br\\\/2022\\\/wp-content\\\/uploads\\\/2021\\\/11\\\/20211105_055123.jpg\",\"contentUrl\":\"https:\\\/\\\/regiaonews.net.br\\\/2022\\\/wp-content\\\/uploads\\\/2021\\\/11\\\/20211105_055123.jpg\",\"width\":1048,\"height\":722},{\"@type\":\"BreadcrumbList\",\"@id\":\"https:\\\/\\\/regiaonews.net.br\\\/2022\\\/2021\\\/11\\\/05\\\/dieb-entrega-veiculo-0km-e-equipamentos-para-apae\\\/#breadcrumb\",\"itemListElement\":[{\"@type\":\"ListItem\",\"position\":1,\"name\":\"In\u00edcio\",\"item\":\"https:\\\/\\\/regiaonews.net.br\\\/2022\\\/\"},{\"@type\":\"ListItem\",\"position\":2,\"name\":\"Dieb entrega ve\u00edculo 0km e equipamentos para APAE\"}]},{\"@type\":\"WebSite\",\"@id\":\"https:\\\/\\\/regiaonews.net.br\\\/2022\\\/#website\",\"url\":\"https:\\\/\\\/regiaonews.net.br\\\/2022\\\/\",\"name\":\"Regi\u00e3o News\",\"description\":\"Site de Not\u00edcias de Barretos e regi\u00e3o\",\"publisher\":{\"@id\":\"https:\\\/\\\/regiaonews.net.br\\\/2022\\\/#organization\"},\"potentialAction\":[{\"@type\":\"SearchAction\",\"target\":{\"@type\":\"EntryPoint\",\"urlTemplate\":\"https:\\\/\\\/regiaonews.net.br\\\/2022\\\/?s={search_term_string}\"},\"query-input\":{\"@type\":\"PropertyValueSpecification\",\"valueRequired\":true,\"valueName\":\"search_term_string\"}}],\"inLanguage\":\"pt-BR\"},{\"@type\":\"Organization\",\"@id\":\"https:\\\/\\\/regiaonews.net.br\\\/2022\\\/#organization\",\"name\":\"Regi\u00e3o News\",\"url\":\"https:\\\/\\\/regiaonews.net.br\\\/2022\\\/\",\"logo\":{\"@type\":\"ImageObject\",\"inLanguage\":\"pt-BR\",\"@id\":\"https:\\\/\\\/regiaonews.net.br\\\/2022\\\/#\\\/schema\\\/logo\\\/image\\\/\",\"url\":\"https:\\\/\\\/regiaonews.net.br\\\/2022\\\/wp-content\\\/uploads\\\/2026\\\/03\\\/regiao-13-anos-scaled.jpg\",\"contentUrl\":\"https:\\\/\\\/regiaonews.net.br\\\/2022\\\/wp-content\\\/uploads\\\/2026\\\/03\\\/regiao-13-anos-scaled.jpg\",\"width\":2560,\"height\":635,\"caption\":\"Regi\u00e3o News\"},\"image\":{\"@id\":\"https:\\\/\\\/regiaonews.net.br\\\/2022\\\/#\\\/schema\\\/logo\\\/image\\\/\"}},{\"@type\":\"Person\",\"@id\":\"https:\\\/\\\/regiaonews.net.br\\\/2022\\\/#\\\/schema\\\/person\\\/2d205a608a5aa97ac279d7a5e6d89ad8\",\"name\":\"Roberto\",\"image\":{\"@type\":\"ImageObject\",\"inLanguage\":\"pt-BR\",\"@id\":\"https:\\\/\\\/secure.gravatar.com\\\/avatar\\\/42749d8b712ff9d59ca93dc150494e5b55a44134482993f5baeb97e61b7ecc89?s=96&d=mm&r=g\",\"url\":\"https:\\\/\\\/secure.gravatar.com\\\/avatar\\\/42749d8b712ff9d59ca93dc150494e5b55a44134482993f5baeb97e61b7ecc89?s=96&d=mm&r=g\",\"contentUrl\":\"https:\\\/\\\/secure.gravatar.com\\\/avatar\\\/42749d8b712ff9d59ca93dc150494e5b55a44134482993f5baeb97e61b7ecc89?s=96&d=mm&r=g\",\"caption\":\"Roberto\"},\"url\":\"https:\\\/\\\/regiaonews.net.br\\\/2022\\\/author\\\/roberto\\\/\"}]}<\/script>\n<!-- \/ Yoast SEO plugin. -->","yoast_head_json":{"title":"Dieb entrega ve\u00edculo 0km e equipamentos para APAE - Regi\u00e3o News","robots":{"index":"index","follow":"follow","max-snippet":"max-snippet:-1","max-image-preview":"max-image-preview:large","max-video-preview":"max-video-preview:-1"},"canonical":"https:\/\/regiaonews.net.br\/2022\/2021\/11\/05\/dieb-entrega-veiculo-0km-e-equipamentos-para-apae\/","og_locale":"pt_BR","og_type":"article","og_title":"Dieb entrega ve\u00edculo 0km e equipamentos para APAE - Regi\u00e3o News","og_description":"Bens foram repassados por meio de emenda parlamentar no valor","og_url":"https:\/\/regiaonews.net.br\/2022\/2021\/11\/05\/dieb-entrega-veiculo-0km-e-equipamentos-para-apae\/","og_site_name":"Regi\u00e3o News","article_published_time":"2021-11-05T08:47:57+00:00","article_modified_time":"2021-11-05T08:52:31+00:00","og_image":[{"width":1048,"height":722,"url":"https:\/\/regiaonews.net.br\/2022\/wp-content\/uploads\/2021\/11\/20211105_055123.jpg","type":"image\/jpeg"}],"author":"Roberto","twitter_card":"summary_large_image","twitter_misc":{"Escrito por":"Roberto","Est. tempo de leitura":"1 minuto"},"schema":{"@context":"https:\/\/schema.org","@graph":[{"@type":"Article","@id":"https:\/\/regiaonews.net.br\/2022\/2021\/11\/05\/dieb-entrega-veiculo-0km-e-equipamentos-para-apae\/#article","isPartOf":{"@id":"https:\/\/regiaonews.net.br\/2022\/2021\/11\/05\/dieb-entrega-veiculo-0km-e-equipamentos-para-apae\/"},"author":{"name":"Roberto","@id":"https:\/\/regiaonews.net.br\/2022\/#\/schema\/person\/2d205a608a5aa97ac279d7a5e6d89ad8"},"headline":"Dieb entrega ve\u00edculo 0km e equipamentos para APAE","datePublished":"2021-11-05T08:47:57+00:00","dateModified":"2021-11-05T08:52:31+00:00","mainEntityOfPage":{"@id":"https:\/\/regiaonews.net.br\/2022\/2021\/11\/05\/dieb-entrega-veiculo-0km-e-equipamentos-para-apae\/"},"wordCount":268,"commentCount":0,"publisher":{"@id":"https:\/\/regiaonews.net.br\/2022\/#organization"},"image":{"@id":"https:\/\/regiaonews.net.br\/2022\/2021\/11\/05\/dieb-entrega-veiculo-0km-e-equipamentos-para-apae\/#primaryimage"},"thumbnailUrl":"https:\/\/regiaonews.net.br\/2022\/wp-content\/uploads\/2021\/11\/20211105_055123.jpg","articleSection":["Cidades","Colina","Pol\u00edtica"],"inLanguage":"pt-BR","potentialAction":[{"@type":"CommentAction","name":"Comment","target":["https:\/\/regiaonews.net.br\/2022\/2021\/11\/05\/dieb-entrega-veiculo-0km-e-equipamentos-para-apae\/#respond"]}]},{"@type":"WebPage","@id":"https:\/\/regiaonews.net.br\/2022\/2021\/11\/05\/dieb-entrega-veiculo-0km-e-equipamentos-para-apae\/","url":"https:\/\/regiaonews.net.br\/2022\/2021\/11\/05\/dieb-entrega-veiculo-0km-e-equipamentos-para-apae\/","name":"Dieb entrega ve\u00edculo 0km e equipamentos para APAE - Regi\u00e3o News","isPartOf":{"@id":"https:\/\/regiaonews.net.br\/2022\/#website"},"primaryImageOfPage":{"@id":"https:\/\/regiaonews.net.br\/2022\/2021\/11\/05\/dieb-entrega-veiculo-0km-e-equipamentos-para-apae\/#primaryimage"},"image":{"@id":"https:\/\/regiaonews.net.br\/2022\/2021\/11\/05\/dieb-entrega-veiculo-0km-e-equipamentos-para-apae\/#primaryimage"},"thumbnailUrl":"https:\/\/regiaonews.net.br\/2022\/wp-content\/uploads\/2021\/11\/20211105_055123.jpg","datePublished":"2021-11-05T08:47:57+00:00","dateModified":"2021-11-05T08:52:31+00:00","breadcrumb":{"@id":"https:\/\/regiaonews.net.br\/2022\/2021\/11\/05\/dieb-entrega-veiculo-0km-e-equipamentos-para-apae\/#breadcrumb"},"inLanguage":"pt-BR","potentialAction":[{"@type":"ReadAction","target":["https:\/\/regiaonews.net.br\/2022\/2021\/11\/05\/dieb-entrega-veiculo-0km-e-equipamentos-para-apae\/"]}]},{"@type":"ImageObject","inLanguage":"pt-BR","@id":"https:\/\/regiaonews.net.br\/2022\/2021\/11\/05\/dieb-entrega-veiculo-0km-e-equipamentos-para-apae\/#primaryimage","url":"https:\/\/regiaonews.net.br\/2022\/wp-content\/uploads\/2021\/11\/20211105_055123.jpg","contentUrl":"https:\/\/regiaonews.net.br\/2022\/wp-content\/uploads\/2021\/11\/20211105_055123.jpg","width":1048,"height":722},{"@type":"BreadcrumbList","@id":"https:\/\/regiaonews.net.br\/2022\/2021\/11\/05\/dieb-entrega-veiculo-0km-e-equipamentos-para-apae\/#breadcrumb","itemListElement":[{"@type":"ListItem","position":1,"name":"In\u00edcio","item":"https:\/\/regiaonews.net.br\/2022\/"},{"@type":"ListItem","position":2,"name":"Dieb entrega ve\u00edculo 0km e equipamentos para APAE"}]},{"@type":"WebSite","@id":"https:\/\/regiaonews.net.br\/2022\/#website","url":"https:\/\/regiaonews.net.br\/2022\/","name":"Regi\u00e3o News","description":"Site de Not\u00edcias de Barretos e regi\u00e3o","publisher":{"@id":"https:\/\/regiaonews.net.br\/2022\/#organization"},"potentialAction":[{"@type":"SearchAction","target":{"@type":"EntryPoint","urlTemplate":"https:\/\/regiaonews.net.br\/2022\/?s={search_term_string}"},"query-input":{"@type":"PropertyValueSpecification","valueRequired":true,"valueName":"search_term_string"}}],"inLanguage":"pt-BR"},{"@type":"Organization","@id":"https:\/\/regiaonews.net.br\/2022\/#organization","name":"Regi\u00e3o News","url":"https:\/\/regiaonews.net.br\/2022\/","logo":{"@type":"ImageObject","inLanguage":"pt-BR","@id":"https:\/\/regiaonews.net.br\/2022\/#\/schema\/logo\/image\/","url":"https:\/\/regiaonews.net.br\/2022\/wp-content\/uploads\/2026\/03\/regiao-13-anos-scaled.jpg","contentUrl":"https:\/\/regiaonews.net.br\/2022\/wp-content\/uploads\/2026\/03\/regiao-13-anos-scaled.jpg","width":2560,"height":635,"caption":"Regi\u00e3o News"},"image":{"@id":"https:\/\/regiaonews.net.br\/2022\/#\/schema\/logo\/image\/"}},{"@type":"Person","@id":"https:\/\/regiaonews.net.br\/2022\/#\/schema\/person\/2d205a608a5aa97ac279d7a5e6d89ad8","name":"Roberto","image":{"@type":"ImageObject","inLanguage":"pt-BR","@id":"https:\/\/secure.gravatar.com\/avatar\/42749d8b712ff9d59ca93dc150494e5b55a44134482993f5baeb97e61b7ecc89?s=96&d=mm&r=g","url":"https:\/\/secure.gravatar.com\/avatar\/42749d8b712ff9d59ca93dc150494e5b55a44134482993f5baeb97e61b7ecc89?s=96&d=mm&r=g","contentUrl":"https:\/\/secure.gravatar.com\/avatar\/42749d8b712ff9d59ca93dc150494e5b55a44134482993f5baeb97e61b7ecc89?s=96&d=mm&r=g","caption":"Roberto"},"url":"https:\/\/regiaonews.net.br\/2022\/author\/roberto\/"}]}},"publishpress_future_action":{"enabled":false,"date":"2026-05-05 10:00:41","action":"change-status","newStatus":"draft","terms":[],"taxonomy":"category","extraData":[]},"publishpress_future_workflow_manual_trigger":{"enabledWorkflows":[]},"_links":{"self":[{"href":"https:\/\/regiaonews.net.br\/2022\/wp-json\/wp\/v2\/posts\/55802","targetHints":{"allow":["GET"]}}],"collection":[{"href":"https:\/\/regiaonews.net.br\/2022\/wp-json\/wp\/v2\/posts"}],"about":[{"href":"https:\/\/regiaonews.net.br\/2022\/wp-json\/wp\/v2\/types\/post"}],"author":[{"embeddable":true,"href":"https:\/\/regiaonews.net.br\/2022\/wp-json\/wp\/v2\/users\/2"}],"replies":[{"embeddable":true,"href":"https:\/\/regiaonews.net.br\/2022\/wp-json\/wp\/v2\/comments?post=55802"}],"version-history":[{"count":0,"href":"https:\/\/regiaonews.net.br\/2022\/wp-json\/wp\/v2\/posts\/55802\/revisions"}],"wp:featuredmedia":[{"embeddable":true,"href":"https:\/\/regiaonews.net.br\/2022\/wp-json\/wp\/v2\/media\/55804"}],"wp:attachment":[{"href":"https:\/\/regiaonews.net.br\/2022\/wp-json\/wp\/v2\/media?parent=55802"}],"wp:term":[{"taxonomy":"category","embeddable":true,"href":"https:\/\/regiaonews.net.br\/2022\/wp-json\/wp\/v2\/categories?post=55802"},{"taxonomy":"post_tag","embeddable":true,"href":"https:\/\/regiaonews.net.br\/2022\/wp-json\/wp\/v2\/tags?post=55802"}],"curies":[{"name":"wp","href":"https:\/\/api.w.org\/{rel}","templated":true}]}}