{"id":55790,"date":"2021-11-04T23:32:22","date_gmt":"2021-11-05T02:32:22","guid":{"rendered":"https:\/\/regiaonews.net.br\/2022\/?p=55790"},"modified":"2021-11-04T23:32:36","modified_gmt":"2021-11-05T02:32:36","slug":"claro-vivo-e-tim-arrematam-faixa-de-35-ghz-do-leilao-do-5g","status":"publish","type":"post","link":"https:\/\/regiaonews.net.br\/2022\/2021\/11\/04\/claro-vivo-e-tim-arrematam-faixa-de-35-ghz-do-leilao-do-5g\/","title":{"rendered":"Claro, Vivo e TIM arrematam faixa de 3,5 GHz do leil\u00e3o do 5G"},"content":{"rendered":"<figure id=\"attachment_55791\" aria-describedby=\"caption-attachment-55791\" style=\"width: 300px\" class=\"wp-caption alignnone\"><a href=\"https:\/\/regiaonews.net.br\/2022\/wp-content\/uploads\/2021\/11\/5g_0411212740_0.jpg\"><img loading=\"lazy\" decoding=\"async\" class=\"size-medium wp-image-55791\" src=\"https:\/\/regiaonews.net.br\/2022\/wp-content\/uploads\/2021\/11\/5g_0411212740_0-300x179.jpg\" alt=\"\" width=\"300\" height=\"179\" \/><\/a><figcaption id=\"caption-attachment-55791\" class=\"wp-caption-text\">Foto &#8211; Jos\u00e9 Cruz<\/figcaption><\/figure>\n<div class=\"region region-content\">\n<article class=\"container\">\n<div class=\"row\">\n<div class=\"col-lg-12 mb-3\">\n<div class=\"row\"><\/div>\n<div class=\"row\">\n<h4 class=\"col-10 offset-1 animated fadeInDown dealy-1100 alt-font font-italic my-2 small text-info text-center\">Fonte Ag\u00eancia Brasil &#8211; Bras\u00edlia<\/h4>\n<\/div>\n<\/div>\n<div class=\"col-xl-7 offset-xl-1 col-lg-8 offset-lg-0 col-md-10 offset-md-1 mb-3\">\n<div class=\"post-item alt-font\">\n<div class=\"post-item-wrap\">\n<p>As operadoras Claro, Vivo e TIM arremataram tr\u00eas lotes na faixa de 3,5 GHz, o principal do leil\u00e3o da tecnologia m\u00f3vel 5G, realizado hoje (4) pela Ag\u00eancia Nacional de Telecomunica\u00e7\u00f5es (Anatel). A Winity II Telecom levou a frequ\u00eancia de 700 MHz, e como \u00e9 uma empresa ainda n\u00e3o detentora de faixa de radiofrequ\u00eancia, o Brasil ter\u00e1 uma nova operadora m\u00f3vel com abrang\u00eancia nacional.<img decoding=\"async\" src=\"https:\/\/agenciabrasil.ebc.com.br\/ebc.png?id=1426559&amp;o=node\" \/><img decoding=\"async\" src=\"https:\/\/agenciabrasil.ebc.com.br\/ebc.gif?id=1426559&amp;o=node\" \/><\/p>\n<p>O leil\u00e3o come\u00e7ou nesta quinta-feira e deve terminar s\u00f3 nesta sexta-feira (5). Ainda ser\u00e3o analisadas as propostas para as faixas de 2,3 GHz e de 26 GHz.<\/p>\n<p>As frequ\u00eancias t\u00eam finalidades espec\u00edficas e em cada faixa as empresas d\u00e3o os lances em lotes diferentes. Os lances vencedores na faixa de 3,5 GHz foram: R$ 338 milh\u00f5es (\u00e1gio de 5,18%, valor acima do m\u00ednimo previsto no edital) da operadora Claro para o lote B1; R$ 420 milh\u00f5es (\u00e1gio de 30,69%) da Vivo para o lote B2; e R$ 351 milh\u00f5es (\u00e1gio de 9,22%) da TIM para o lote B3.<\/p>\n<p>O edital previa ainda um quarto lote na faixa de 3,5 GHz, com abrang\u00eancia nacional, mas n\u00e3o houve lance. O direito de explora\u00e7\u00e3o das faixas ser\u00e1 de at\u00e9 20 anos.<\/p>\n<p>As empresas vencedoras t\u00eam compromissos de investimento definidos pelo Minist\u00e9rio das Comunica\u00e7\u00f5es e aprovadas pelo Tribunal de Contas da Uni\u00e3o (TCU) e pela Anatel. O objetivo das contrapartidas \u00e9 sanar as defici\u00eancias de infraestrutura, modernizar as tecnologias de redes e massificar o acesso a servi\u00e7os de telecomunica\u00e7\u00f5es do pa\u00eds.<\/p>\n<p>Entre os compromissos est\u00e3o migrar o sinal da TV parab\u00f3lica para liberar a faixa de 3,5GHz para o 5G, arcando com os custos; construir uma rede privativa de comunica\u00e7\u00e3o para a administra\u00e7\u00e3o federal; instalar rede de fibra \u00f3ptica, via fluvial, na Regi\u00e3o Amaz\u00f4nica; levar fibra \u00f3ptica para o interior do pa\u00eds; e disponibilizar o 5G em todos as capitais at\u00e9 julho de 2022.<\/p>\n<h2>Faixa de 700 MHz<\/h2>\n<p>A Winity II Telecom ofereceu o maior lance, R$ 1,427 bilh\u00e3o na primeira faixa a ser leiloada, de 700 MHz, de abrang\u00eancia nacional. O valor pago \u00e9 805% superior ao m\u00ednimo exigido.<\/p>\n<p>A operadora tem direito \u00e0 explora\u00e7\u00e3o do servi\u00e7o por 20 anos, que pode ser prorrogado, e prev\u00ea o cumprimento da obriga\u00e7\u00e3o de construir infraestrutura de cobertura 4G em 625 localidades do pa\u00eds que n\u00e3o t\u00eam acesso \u00e0 internet e em 31 mil quil\u00f4metros de rodovias federais.<\/p>\n<p>O 5G \u00e9 uma nova tecnologia que amplia a velocidade da conex\u00e3o m\u00f3vel e reduz a lat\u00eancia, permitindo novos servi\u00e7os com conex\u00e3o com seguran\u00e7a e estabilidade, que abrem espa\u00e7o para o uso de novos servi\u00e7os em diversas \u00e1reas, como ind\u00fastria, sa\u00fade, agricultura e na produ\u00e7\u00e3o e difus\u00e3o de conte\u00fados.<\/p>\n<p>O leil\u00e3o tem valor de arrecada\u00e7\u00e3o total previsto de cerca de R$ 50 bilh\u00f5es, caso todos os lotes sejam arrematados. Desse total, R$ 10 bilh\u00f5es ser\u00e3o em outorgas para o governo e os outros R$ 40 bilh\u00f5es ser\u00e3o utilizados pelas empresas nas obriga\u00e7\u00f5es estabelecidas<\/p>\n<\/div>\n<\/div>\n<\/div>\n<\/div>\n<\/article>\n<\/div>\n","protected":false},"excerpt":{"rendered":"<p>Fonte Ag\u00eancia Brasil &#8211; Bras\u00edlia As operadoras Claro, Vivo e<\/p>\n","protected":false},"author":2,"featured_media":55791,"comment_status":"open","ping_status":"open","sticky":false,"template":"","format":"standard","meta":{"footnotes":""},"categories":[24,25],"tags":[],"class_list":["post-55790","post","type-post","status-publish","format-standard","has-post-thumbnail","hentry","category-brasil","category-cidades"],"yoast_head":"<!-- This site is optimized with the Yoast SEO plugin v27.4 - https:\/\/yoast.com\/product\/yoast-seo-wordpress\/ -->\n<title>Claro, Vivo e TIM arrematam faixa de 3,5 GHz do leil\u00e3o do 5G - Regi\u00e3o News<\/title>\n<meta name=\"robots\" content=\"index, follow, max-snippet:-1, max-image-preview:large, max-video-preview:-1\" \/>\n<link rel=\"canonical\" href=\"https:\/\/regiaonews.net.br\/2022\/2021\/11\/04\/claro-vivo-e-tim-arrematam-faixa-de-35-ghz-do-leilao-do-5g\/\" \/>\n<meta property=\"og:locale\" content=\"pt_BR\" \/>\n<meta property=\"og:type\" content=\"article\" \/>\n<meta property=\"og:title\" content=\"Claro, Vivo e TIM arrematam faixa de 3,5 GHz do leil\u00e3o do 5G - Regi\u00e3o News\" \/>\n<meta property=\"og:description\" content=\"Fonte Ag\u00eancia Brasil &#8211; Bras\u00edlia As operadoras Claro, Vivo e\" \/>\n<meta property=\"og:url\" content=\"https:\/\/regiaonews.net.br\/2022\/2021\/11\/04\/claro-vivo-e-tim-arrematam-faixa-de-35-ghz-do-leilao-do-5g\/\" \/>\n<meta property=\"og:site_name\" content=\"Regi\u00e3o News\" \/>\n<meta property=\"article:published_time\" content=\"2021-11-05T02:32:22+00:00\" \/>\n<meta property=\"article:modified_time\" content=\"2021-11-05T02:32:36+00:00\" \/>\n<meta property=\"og:image\" content=\"https:\/\/regiaonews.net.br\/2022\/wp-content\/uploads\/2021\/11\/5g_0411212740_0.jpg\" \/>\n\t<meta property=\"og:image:width\" content=\"1170\" \/>\n\t<meta property=\"og:image:height\" content=\"700\" \/>\n\t<meta property=\"og:image:type\" content=\"image\/jpeg\" \/>\n<meta name=\"author\" content=\"Roberto\" \/>\n<meta name=\"twitter:card\" content=\"summary_large_image\" \/>\n<meta name=\"twitter:label1\" content=\"Escrito por\" \/>\n\t<meta name=\"twitter:data1\" content=\"Roberto\" \/>\n\t<meta name=\"twitter:label2\" content=\"Est. tempo de leitura\" \/>\n\t<meta name=\"twitter:data2\" content=\"3 minutos\" \/>\n<script type=\"application\/ld+json\" class=\"yoast-schema-graph\">{\"@context\":\"https:\\\/\\\/schema.org\",\"@graph\":[{\"@type\":\"Article\",\"@id\":\"https:\\\/\\\/regiaonews.net.br\\\/2022\\\/2021\\\/11\\\/04\\\/claro-vivo-e-tim-arrematam-faixa-de-35-ghz-do-leilao-do-5g\\\/#article\",\"isPartOf\":{\"@id\":\"https:\\\/\\\/regiaonews.net.br\\\/2022\\\/2021\\\/11\\\/04\\\/claro-vivo-e-tim-arrematam-faixa-de-35-ghz-do-leilao-do-5g\\\/\"},\"author\":{\"name\":\"Roberto\",\"@id\":\"https:\\\/\\\/regiaonews.net.br\\\/2022\\\/#\\\/schema\\\/person\\\/2d205a608a5aa97ac279d7a5e6d89ad8\"},\"headline\":\"Claro, Vivo e TIM arrematam faixa de 3,5 GHz do leil\u00e3o do 5G\",\"datePublished\":\"2021-11-05T02:32:22+00:00\",\"dateModified\":\"2021-11-05T02:32:36+00:00\",\"mainEntityOfPage\":{\"@id\":\"https:\\\/\\\/regiaonews.net.br\\\/2022\\\/2021\\\/11\\\/04\\\/claro-vivo-e-tim-arrematam-faixa-de-35-ghz-do-leilao-do-5g\\\/\"},\"wordCount\":547,\"commentCount\":0,\"publisher\":{\"@id\":\"https:\\\/\\\/regiaonews.net.br\\\/2022\\\/#organization\"},\"image\":{\"@id\":\"https:\\\/\\\/regiaonews.net.br\\\/2022\\\/2021\\\/11\\\/04\\\/claro-vivo-e-tim-arrematam-faixa-de-35-ghz-do-leilao-do-5g\\\/#primaryimage\"},\"thumbnailUrl\":\"https:\\\/\\\/regiaonews.net.br\\\/2022\\\/wp-content\\\/uploads\\\/2021\\\/11\\\/5g_0411212740_0.jpg\",\"articleSection\":[\"Brasil\",\"Cidades\"],\"inLanguage\":\"pt-BR\",\"potentialAction\":[{\"@type\":\"CommentAction\",\"name\":\"Comment\",\"target\":[\"https:\\\/\\\/regiaonews.net.br\\\/2022\\\/2021\\\/11\\\/04\\\/claro-vivo-e-tim-arrematam-faixa-de-35-ghz-do-leilao-do-5g\\\/#respond\"]}]},{\"@type\":\"WebPage\",\"@id\":\"https:\\\/\\\/regiaonews.net.br\\\/2022\\\/2021\\\/11\\\/04\\\/claro-vivo-e-tim-arrematam-faixa-de-35-ghz-do-leilao-do-5g\\\/\",\"url\":\"https:\\\/\\\/regiaonews.net.br\\\/2022\\\/2021\\\/11\\\/04\\\/claro-vivo-e-tim-arrematam-faixa-de-35-ghz-do-leilao-do-5g\\\/\",\"name\":\"Claro, Vivo e TIM arrematam faixa de 3,5 GHz do leil\u00e3o do 5G - Regi\u00e3o News\",\"isPartOf\":{\"@id\":\"https:\\\/\\\/regiaonews.net.br\\\/2022\\\/#website\"},\"primaryImageOfPage\":{\"@id\":\"https:\\\/\\\/regiaonews.net.br\\\/2022\\\/2021\\\/11\\\/04\\\/claro-vivo-e-tim-arrematam-faixa-de-35-ghz-do-leilao-do-5g\\\/#primaryimage\"},\"image\":{\"@id\":\"https:\\\/\\\/regiaonews.net.br\\\/2022\\\/2021\\\/11\\\/04\\\/claro-vivo-e-tim-arrematam-faixa-de-35-ghz-do-leilao-do-5g\\\/#primaryimage\"},\"thumbnailUrl\":\"https:\\\/\\\/regiaonews.net.br\\\/2022\\\/wp-content\\\/uploads\\\/2021\\\/11\\\/5g_0411212740_0.jpg\",\"datePublished\":\"2021-11-05T02:32:22+00:00\",\"dateModified\":\"2021-11-05T02:32:36+00:00\",\"breadcrumb\":{\"@id\":\"https:\\\/\\\/regiaonews.net.br\\\/2022\\\/2021\\\/11\\\/04\\\/claro-vivo-e-tim-arrematam-faixa-de-35-ghz-do-leilao-do-5g\\\/#breadcrumb\"},\"inLanguage\":\"pt-BR\",\"potentialAction\":[{\"@type\":\"ReadAction\",\"target\":[\"https:\\\/\\\/regiaonews.net.br\\\/2022\\\/2021\\\/11\\\/04\\\/claro-vivo-e-tim-arrematam-faixa-de-35-ghz-do-leilao-do-5g\\\/\"]}]},{\"@type\":\"ImageObject\",\"inLanguage\":\"pt-BR\",\"@id\":\"https:\\\/\\\/regiaonews.net.br\\\/2022\\\/2021\\\/11\\\/04\\\/claro-vivo-e-tim-arrematam-faixa-de-35-ghz-do-leilao-do-5g\\\/#primaryimage\",\"url\":\"https:\\\/\\\/regiaonews.net.br\\\/2022\\\/wp-content\\\/uploads\\\/2021\\\/11\\\/5g_0411212740_0.jpg\",\"contentUrl\":\"https:\\\/\\\/regiaonews.net.br\\\/2022\\\/wp-content\\\/uploads\\\/2021\\\/11\\\/5g_0411212740_0.jpg\",\"width\":1170,\"height\":700,\"caption\":\"Comiss\u00e3o Especial de Licita\u00e7\u00e3o da Ag\u00eancia faz \u00e0 abertura, an\u00e1lise e julgamento das propostas de pre\u00e7o das 15 empresas cadastradas do leil\u00e3o do espectro (banda) 5G, na sede da Ag\u00eancia Nacional de Telecomunica\u00e7\u00f5es (Anatel), em Bras\u00edlia\"},{\"@type\":\"BreadcrumbList\",\"@id\":\"https:\\\/\\\/regiaonews.net.br\\\/2022\\\/2021\\\/11\\\/04\\\/claro-vivo-e-tim-arrematam-faixa-de-35-ghz-do-leilao-do-5g\\\/#breadcrumb\",\"itemListElement\":[{\"@type\":\"ListItem\",\"position\":1,\"name\":\"In\u00edcio\",\"item\":\"https:\\\/\\\/regiaonews.net.br\\\/2022\\\/\"},{\"@type\":\"ListItem\",\"position\":2,\"name\":\"Claro, Vivo e TIM arrematam faixa de 3,5 GHz do leil\u00e3o do 5G\"}]},{\"@type\":\"WebSite\",\"@id\":\"https:\\\/\\\/regiaonews.net.br\\\/2022\\\/#website\",\"url\":\"https:\\\/\\\/regiaonews.net.br\\\/2022\\\/\",\"name\":\"Regi\u00e3o News\",\"description\":\"Site de Not\u00edcias de Barretos e regi\u00e3o\",\"publisher\":{\"@id\":\"https:\\\/\\\/regiaonews.net.br\\\/2022\\\/#organization\"},\"potentialAction\":[{\"@type\":\"SearchAction\",\"target\":{\"@type\":\"EntryPoint\",\"urlTemplate\":\"https:\\\/\\\/regiaonews.net.br\\\/2022\\\/?s={search_term_string}\"},\"query-input\":{\"@type\":\"PropertyValueSpecification\",\"valueRequired\":true,\"valueName\":\"search_term_string\"}}],\"inLanguage\":\"pt-BR\"},{\"@type\":\"Organization\",\"@id\":\"https:\\\/\\\/regiaonews.net.br\\\/2022\\\/#organization\",\"name\":\"Regi\u00e3o News\",\"url\":\"https:\\\/\\\/regiaonews.net.br\\\/2022\\\/\",\"logo\":{\"@type\":\"ImageObject\",\"inLanguage\":\"pt-BR\",\"@id\":\"https:\\\/\\\/regiaonews.net.br\\\/2022\\\/#\\\/schema\\\/logo\\\/image\\\/\",\"url\":\"https:\\\/\\\/regiaonews.net.br\\\/2022\\\/wp-content\\\/uploads\\\/2026\\\/03\\\/regiao-13-anos-scaled.jpg\",\"contentUrl\":\"https:\\\/\\\/regiaonews.net.br\\\/2022\\\/wp-content\\\/uploads\\\/2026\\\/03\\\/regiao-13-anos-scaled.jpg\",\"width\":2560,\"height\":635,\"caption\":\"Regi\u00e3o News\"},\"image\":{\"@id\":\"https:\\\/\\\/regiaonews.net.br\\\/2022\\\/#\\\/schema\\\/logo\\\/image\\\/\"}},{\"@type\":\"Person\",\"@id\":\"https:\\\/\\\/regiaonews.net.br\\\/2022\\\/#\\\/schema\\\/person\\\/2d205a608a5aa97ac279d7a5e6d89ad8\",\"name\":\"Roberto\",\"image\":{\"@type\":\"ImageObject\",\"inLanguage\":\"pt-BR\",\"@id\":\"https:\\\/\\\/secure.gravatar.com\\\/avatar\\\/42749d8b712ff9d59ca93dc150494e5b55a44134482993f5baeb97e61b7ecc89?s=96&d=mm&r=g\",\"url\":\"https:\\\/\\\/secure.gravatar.com\\\/avatar\\\/42749d8b712ff9d59ca93dc150494e5b55a44134482993f5baeb97e61b7ecc89?s=96&d=mm&r=g\",\"contentUrl\":\"https:\\\/\\\/secure.gravatar.com\\\/avatar\\\/42749d8b712ff9d59ca93dc150494e5b55a44134482993f5baeb97e61b7ecc89?s=96&d=mm&r=g\",\"caption\":\"Roberto\"},\"url\":\"https:\\\/\\\/regiaonews.net.br\\\/2022\\\/author\\\/roberto\\\/\"}]}<\/script>\n<!-- \/ Yoast SEO plugin. -->","yoast_head_json":{"title":"Claro, Vivo e TIM arrematam faixa de 3,5 GHz do leil\u00e3o do 5G - Regi\u00e3o News","robots":{"index":"index","follow":"follow","max-snippet":"max-snippet:-1","max-image-preview":"max-image-preview:large","max-video-preview":"max-video-preview:-1"},"canonical":"https:\/\/regiaonews.net.br\/2022\/2021\/11\/04\/claro-vivo-e-tim-arrematam-faixa-de-35-ghz-do-leilao-do-5g\/","og_locale":"pt_BR","og_type":"article","og_title":"Claro, Vivo e TIM arrematam faixa de 3,5 GHz do leil\u00e3o do 5G - Regi\u00e3o News","og_description":"Fonte Ag\u00eancia Brasil &#8211; Bras\u00edlia As operadoras Claro, Vivo e","og_url":"https:\/\/regiaonews.net.br\/2022\/2021\/11\/04\/claro-vivo-e-tim-arrematam-faixa-de-35-ghz-do-leilao-do-5g\/","og_site_name":"Regi\u00e3o News","article_published_time":"2021-11-05T02:32:22+00:00","article_modified_time":"2021-11-05T02:32:36+00:00","og_image":[{"width":1170,"height":700,"url":"https:\/\/regiaonews.net.br\/2022\/wp-content\/uploads\/2021\/11\/5g_0411212740_0.jpg","type":"image\/jpeg"}],"author":"Roberto","twitter_card":"summary_large_image","twitter_misc":{"Escrito por":"Roberto","Est. tempo de leitura":"3 minutos"},"schema":{"@context":"https:\/\/schema.org","@graph":[{"@type":"Article","@id":"https:\/\/regiaonews.net.br\/2022\/2021\/11\/04\/claro-vivo-e-tim-arrematam-faixa-de-35-ghz-do-leilao-do-5g\/#article","isPartOf":{"@id":"https:\/\/regiaonews.net.br\/2022\/2021\/11\/04\/claro-vivo-e-tim-arrematam-faixa-de-35-ghz-do-leilao-do-5g\/"},"author":{"name":"Roberto","@id":"https:\/\/regiaonews.net.br\/2022\/#\/schema\/person\/2d205a608a5aa97ac279d7a5e6d89ad8"},"headline":"Claro, Vivo e TIM arrematam faixa de 3,5 GHz do leil\u00e3o do 5G","datePublished":"2021-11-05T02:32:22+00:00","dateModified":"2021-11-05T02:32:36+00:00","mainEntityOfPage":{"@id":"https:\/\/regiaonews.net.br\/2022\/2021\/11\/04\/claro-vivo-e-tim-arrematam-faixa-de-35-ghz-do-leilao-do-5g\/"},"wordCount":547,"commentCount":0,"publisher":{"@id":"https:\/\/regiaonews.net.br\/2022\/#organization"},"image":{"@id":"https:\/\/regiaonews.net.br\/2022\/2021\/11\/04\/claro-vivo-e-tim-arrematam-faixa-de-35-ghz-do-leilao-do-5g\/#primaryimage"},"thumbnailUrl":"https:\/\/regiaonews.net.br\/2022\/wp-content\/uploads\/2021\/11\/5g_0411212740_0.jpg","articleSection":["Brasil","Cidades"],"inLanguage":"pt-BR","potentialAction":[{"@type":"CommentAction","name":"Comment","target":["https:\/\/regiaonews.net.br\/2022\/2021\/11\/04\/claro-vivo-e-tim-arrematam-faixa-de-35-ghz-do-leilao-do-5g\/#respond"]}]},{"@type":"WebPage","@id":"https:\/\/regiaonews.net.br\/2022\/2021\/11\/04\/claro-vivo-e-tim-arrematam-faixa-de-35-ghz-do-leilao-do-5g\/","url":"https:\/\/regiaonews.net.br\/2022\/2021\/11\/04\/claro-vivo-e-tim-arrematam-faixa-de-35-ghz-do-leilao-do-5g\/","name":"Claro, Vivo e TIM arrematam faixa de 3,5 GHz do leil\u00e3o do 5G - Regi\u00e3o News","isPartOf":{"@id":"https:\/\/regiaonews.net.br\/2022\/#website"},"primaryImageOfPage":{"@id":"https:\/\/regiaonews.net.br\/2022\/2021\/11\/04\/claro-vivo-e-tim-arrematam-faixa-de-35-ghz-do-leilao-do-5g\/#primaryimage"},"image":{"@id":"https:\/\/regiaonews.net.br\/2022\/2021\/11\/04\/claro-vivo-e-tim-arrematam-faixa-de-35-ghz-do-leilao-do-5g\/#primaryimage"},"thumbnailUrl":"https:\/\/regiaonews.net.br\/2022\/wp-content\/uploads\/2021\/11\/5g_0411212740_0.jpg","datePublished":"2021-11-05T02:32:22+00:00","dateModified":"2021-11-05T02:32:36+00:00","breadcrumb":{"@id":"https:\/\/regiaonews.net.br\/2022\/2021\/11\/04\/claro-vivo-e-tim-arrematam-faixa-de-35-ghz-do-leilao-do-5g\/#breadcrumb"},"inLanguage":"pt-BR","potentialAction":[{"@type":"ReadAction","target":["https:\/\/regiaonews.net.br\/2022\/2021\/11\/04\/claro-vivo-e-tim-arrematam-faixa-de-35-ghz-do-leilao-do-5g\/"]}]},{"@type":"ImageObject","inLanguage":"pt-BR","@id":"https:\/\/regiaonews.net.br\/2022\/2021\/11\/04\/claro-vivo-e-tim-arrematam-faixa-de-35-ghz-do-leilao-do-5g\/#primaryimage","url":"https:\/\/regiaonews.net.br\/2022\/wp-content\/uploads\/2021\/11\/5g_0411212740_0.jpg","contentUrl":"https:\/\/regiaonews.net.br\/2022\/wp-content\/uploads\/2021\/11\/5g_0411212740_0.jpg","width":1170,"height":700,"caption":"Comiss\u00e3o Especial de Licita\u00e7\u00e3o da Ag\u00eancia faz \u00e0 abertura, an\u00e1lise e julgamento das propostas de pre\u00e7o das 15 empresas cadastradas do leil\u00e3o do espectro (banda) 5G, na sede da Ag\u00eancia Nacional de Telecomunica\u00e7\u00f5es (Anatel), em Bras\u00edlia"},{"@type":"BreadcrumbList","@id":"https:\/\/regiaonews.net.br\/2022\/2021\/11\/04\/claro-vivo-e-tim-arrematam-faixa-de-35-ghz-do-leilao-do-5g\/#breadcrumb","itemListElement":[{"@type":"ListItem","position":1,"name":"In\u00edcio","item":"https:\/\/regiaonews.net.br\/2022\/"},{"@type":"ListItem","position":2,"name":"Claro, Vivo e TIM arrematam faixa de 3,5 GHz do leil\u00e3o do 5G"}]},{"@type":"WebSite","@id":"https:\/\/regiaonews.net.br\/2022\/#website","url":"https:\/\/regiaonews.net.br\/2022\/","name":"Regi\u00e3o News","description":"Site de Not\u00edcias de Barretos e regi\u00e3o","publisher":{"@id":"https:\/\/regiaonews.net.br\/2022\/#organization"},"potentialAction":[{"@type":"SearchAction","target":{"@type":"EntryPoint","urlTemplate":"https:\/\/regiaonews.net.br\/2022\/?s={search_term_string}"},"query-input":{"@type":"PropertyValueSpecification","valueRequired":true,"valueName":"search_term_string"}}],"inLanguage":"pt-BR"},{"@type":"Organization","@id":"https:\/\/regiaonews.net.br\/2022\/#organization","name":"Regi\u00e3o News","url":"https:\/\/regiaonews.net.br\/2022\/","logo":{"@type":"ImageObject","inLanguage":"pt-BR","@id":"https:\/\/regiaonews.net.br\/2022\/#\/schema\/logo\/image\/","url":"https:\/\/regiaonews.net.br\/2022\/wp-content\/uploads\/2026\/03\/regiao-13-anos-scaled.jpg","contentUrl":"https:\/\/regiaonews.net.br\/2022\/wp-content\/uploads\/2026\/03\/regiao-13-anos-scaled.jpg","width":2560,"height":635,"caption":"Regi\u00e3o News"},"image":{"@id":"https:\/\/regiaonews.net.br\/2022\/#\/schema\/logo\/image\/"}},{"@type":"Person","@id":"https:\/\/regiaonews.net.br\/2022\/#\/schema\/person\/2d205a608a5aa97ac279d7a5e6d89ad8","name":"Roberto","image":{"@type":"ImageObject","inLanguage":"pt-BR","@id":"https:\/\/secure.gravatar.com\/avatar\/42749d8b712ff9d59ca93dc150494e5b55a44134482993f5baeb97e61b7ecc89?s=96&d=mm&r=g","url":"https:\/\/secure.gravatar.com\/avatar\/42749d8b712ff9d59ca93dc150494e5b55a44134482993f5baeb97e61b7ecc89?s=96&d=mm&r=g","contentUrl":"https:\/\/secure.gravatar.com\/avatar\/42749d8b712ff9d59ca93dc150494e5b55a44134482993f5baeb97e61b7ecc89?s=96&d=mm&r=g","caption":"Roberto"},"url":"https:\/\/regiaonews.net.br\/2022\/author\/roberto\/"}]}},"publishpress_future_action":{"enabled":false,"date":"2026-05-05 13:01:23","action":"change-status","newStatus":"draft","terms":[],"taxonomy":"category","extraData":[]},"publishpress_future_workflow_manual_trigger":{"enabledWorkflows":[]},"_links":{"self":[{"href":"https:\/\/regiaonews.net.br\/2022\/wp-json\/wp\/v2\/posts\/55790","targetHints":{"allow":["GET"]}}],"collection":[{"href":"https:\/\/regiaonews.net.br\/2022\/wp-json\/wp\/v2\/posts"}],"about":[{"href":"https:\/\/regiaonews.net.br\/2022\/wp-json\/wp\/v2\/types\/post"}],"author":[{"embeddable":true,"href":"https:\/\/regiaonews.net.br\/2022\/wp-json\/wp\/v2\/users\/2"}],"replies":[{"embeddable":true,"href":"https:\/\/regiaonews.net.br\/2022\/wp-json\/wp\/v2\/comments?post=55790"}],"version-history":[{"count":0,"href":"https:\/\/regiaonews.net.br\/2022\/wp-json\/wp\/v2\/posts\/55790\/revisions"}],"wp:featuredmedia":[{"embeddable":true,"href":"https:\/\/regiaonews.net.br\/2022\/wp-json\/wp\/v2\/media\/55791"}],"wp:attachment":[{"href":"https:\/\/regiaonews.net.br\/2022\/wp-json\/wp\/v2\/media?parent=55790"}],"wp:term":[{"taxonomy":"category","embeddable":true,"href":"https:\/\/regiaonews.net.br\/2022\/wp-json\/wp\/v2\/categories?post=55790"},{"taxonomy":"post_tag","embeddable":true,"href":"https:\/\/regiaonews.net.br\/2022\/wp-json\/wp\/v2\/tags?post=55790"}],"curies":[{"name":"wp","href":"https:\/\/api.w.org\/{rel}","templated":true}]}}