{"id":55788,"date":"2021-11-04T21:35:51","date_gmt":"2021-11-05T00:35:51","guid":{"rendered":"https:\/\/regiaonews.net.br\/2022\/?p=55788"},"modified":"2021-11-04T21:35:51","modified_gmt":"2021-11-05T00:35:51","slug":"diretoria-divulga-nota-e-esclarece-que-chapa-2-esta-toda-prejudicada","status":"publish","type":"post","link":"https:\/\/regiaonews.net.br\/2022\/2021\/11\/04\/diretoria-divulga-nota-e-esclarece-que-chapa-2-esta-toda-prejudicada\/","title":{"rendered":"Diretoria divulga nota e esclarece que chapa 2 est\u00e1 toda prejudicada"},"content":{"rendered":"<p><a href=\"https:\/\/regiaonews.net.br\/2022\/wp-content\/uploads\/2019\/01\/jo\u00e3o-mulata.jpg\"><img loading=\"lazy\" decoding=\"async\" class=\"alignnone size-medium wp-image-17853\" src=\"https:\/\/regiaonews.net.br\/2022\/wp-content\/uploads\/2019\/01\/jo\u00e3o-mulata-300x262.jpg\" alt=\"\" width=\"300\" height=\"262\" \/><\/a><\/p>\n<p>Foto \u2013 Jo\u00e3o Roberto dos Santos, candidato da chapa 1<\/p>\n<p>&nbsp;<\/p>\n<p>Na tarde desta quinta (4), a diretoria administrativa do Sindicato dos Servidores P\u00fablicos Municipais, divulgou nota, confirmando que as elei\u00e7\u00f5es do Sindicato dos Servidores P\u00fablicos Municipais de Barretos acontecer\u00e3o no dia 24 de novembro, das 8h \u00e0s 17h. Segundo a nota, a\u00a0 ren\u00fancia da candidata a presidente da chapa 2, Sheyla Moreira prejudicou toda a chapa, em vista de que o estatuto informava que ela representava a todos, fazendo com que a chapa 2 fosse eliminada do pleito.<\/p>\n<p>Por outro lado, na nota \u00e9 esclarecido que em rela\u00e7\u00e3o \u00a0ao pedido de impugna\u00e7\u00e3o do atual presidente, o \u00a0candidato Jo\u00e3o Roberto dos Santos, foi feita a defesa por advogado legalmente constitu\u00eddo, sendo indeferido e arquivado pela Diretoria Administrativa a referida impugna\u00e7\u00e3o. \u201cA elei\u00e7\u00e3o continua, existindo apenas a chapa 1 \u00a0\u2013 Jo\u00e3o Roberto dos Santos (Jo\u00e3o Mulata) continua no pleito para as elei\u00e7\u00f5es\u201d, destaca a nota da diretoria.<\/p>\n<p>Chapa 2<\/p>\n<p>Procurada, a chapa 2, denominada Chapa Quente, a chapa da Renova\u00e7\u00e3o, atrav\u00e9s do candidato a presidente Jailton Rodrigues, esclareceu aos Servidores P\u00fablicos Municipais que as medidas judiciais j\u00e1 foram tomadas diante da arbitrariedade praticada pelo Candidato e Presidente do Sindicato. &#8220;Temos plena convic\u00e7\u00e3o que estaremos participando das elei\u00e7\u00f5es sindicais no pr\u00f3ximo dia 24&#8221;, afirmou Jailton.<\/p>\n<p>&nbsp;<\/p>\n","protected":false},"excerpt":{"rendered":"<p>Foto \u2013 Jo\u00e3o Roberto dos Santos, candidato da chapa 1<\/p>\n","protected":false},"author":2,"featured_media":17853,"comment_status":"open","ping_status":"open","sticky":false,"template":"","format":"standard","meta":{"footnotes":""},"categories":[14,25],"tags":[],"class_list":["post-55788","post","type-post","status-publish","format-standard","has-post-thumbnail","hentry","category-barretos","category-cidades"],"yoast_head":"<!-- This site is optimized with the Yoast SEO plugin v27.4 - https:\/\/yoast.com\/product\/yoast-seo-wordpress\/ -->\n<title>Diretoria divulga nota e esclarece que chapa 2 est\u00e1 toda prejudicada - Regi\u00e3o News<\/title>\n<meta name=\"robots\" content=\"index, follow, max-snippet:-1, max-image-preview:large, max-video-preview:-1\" \/>\n<link rel=\"canonical\" href=\"https:\/\/regiaonews.net.br\/2022\/2021\/11\/04\/diretoria-divulga-nota-e-esclarece-que-chapa-2-esta-toda-prejudicada\/\" \/>\n<meta property=\"og:locale\" content=\"pt_BR\" \/>\n<meta property=\"og:type\" content=\"article\" \/>\n<meta property=\"og:title\" content=\"Diretoria divulga nota e esclarece que chapa 2 est\u00e1 toda prejudicada - Regi\u00e3o News\" \/>\n<meta property=\"og:description\" content=\"Foto \u2013 Jo\u00e3o Roberto dos Santos, candidato da chapa 1\" \/>\n<meta property=\"og:url\" content=\"https:\/\/regiaonews.net.br\/2022\/2021\/11\/04\/diretoria-divulga-nota-e-esclarece-que-chapa-2-esta-toda-prejudicada\/\" \/>\n<meta property=\"og:site_name\" content=\"Regi\u00e3o News\" \/>\n<meta property=\"article:published_time\" content=\"2021-11-05T00:35:51+00:00\" \/>\n<meta property=\"og:image\" content=\"https:\/\/regiaonews.net.br\/2022\/wp-content\/uploads\/2019\/01\/jo\u00e3o-mulata.jpg\" \/>\n\t<meta property=\"og:image:width\" content=\"600\" \/>\n\t<meta property=\"og:image:height\" content=\"523\" \/>\n\t<meta property=\"og:image:type\" content=\"image\/jpeg\" \/>\n<meta name=\"author\" content=\"Roberto\" \/>\n<meta name=\"twitter:card\" content=\"summary_large_image\" \/>\n<meta name=\"twitter:label1\" content=\"Escrito por\" \/>\n\t<meta name=\"twitter:data1\" content=\"Roberto\" \/>\n\t<meta name=\"twitter:label2\" content=\"Est. tempo de leitura\" \/>\n\t<meta name=\"twitter:data2\" content=\"1 minuto\" \/>\n<script type=\"application\/ld+json\" class=\"yoast-schema-graph\">{\"@context\":\"https:\\\/\\\/schema.org\",\"@graph\":[{\"@type\":\"Article\",\"@id\":\"https:\\\/\\\/regiaonews.net.br\\\/2022\\\/2021\\\/11\\\/04\\\/diretoria-divulga-nota-e-esclarece-que-chapa-2-esta-toda-prejudicada\\\/#article\",\"isPartOf\":{\"@id\":\"https:\\\/\\\/regiaonews.net.br\\\/2022\\\/2021\\\/11\\\/04\\\/diretoria-divulga-nota-e-esclarece-que-chapa-2-esta-toda-prejudicada\\\/\"},\"author\":{\"name\":\"Roberto\",\"@id\":\"https:\\\/\\\/regiaonews.net.br\\\/2022\\\/#\\\/schema\\\/person\\\/2d205a608a5aa97ac279d7a5e6d89ad8\"},\"headline\":\"Diretoria divulga nota e esclarece que chapa 2 est\u00e1 toda prejudicada\",\"datePublished\":\"2021-11-05T00:35:51+00:00\",\"mainEntityOfPage\":{\"@id\":\"https:\\\/\\\/regiaonews.net.br\\\/2022\\\/2021\\\/11\\\/04\\\/diretoria-divulga-nota-e-esclarece-que-chapa-2-esta-toda-prejudicada\\\/\"},\"wordCount\":233,\"commentCount\":0,\"publisher\":{\"@id\":\"https:\\\/\\\/regiaonews.net.br\\\/2022\\\/#organization\"},\"image\":{\"@id\":\"https:\\\/\\\/regiaonews.net.br\\\/2022\\\/2021\\\/11\\\/04\\\/diretoria-divulga-nota-e-esclarece-que-chapa-2-esta-toda-prejudicada\\\/#primaryimage\"},\"thumbnailUrl\":\"https:\\\/\\\/regiaonews.net.br\\\/2022\\\/wp-content\\\/uploads\\\/2019\\\/01\\\/jo\u00e3o-mulata.jpg\",\"articleSection\":[\"Barretos\",\"Cidades\"],\"inLanguage\":\"pt-BR\",\"potentialAction\":[{\"@type\":\"CommentAction\",\"name\":\"Comment\",\"target\":[\"https:\\\/\\\/regiaonews.net.br\\\/2022\\\/2021\\\/11\\\/04\\\/diretoria-divulga-nota-e-esclarece-que-chapa-2-esta-toda-prejudicada\\\/#respond\"]}]},{\"@type\":\"WebPage\",\"@id\":\"https:\\\/\\\/regiaonews.net.br\\\/2022\\\/2021\\\/11\\\/04\\\/diretoria-divulga-nota-e-esclarece-que-chapa-2-esta-toda-prejudicada\\\/\",\"url\":\"https:\\\/\\\/regiaonews.net.br\\\/2022\\\/2021\\\/11\\\/04\\\/diretoria-divulga-nota-e-esclarece-que-chapa-2-esta-toda-prejudicada\\\/\",\"name\":\"Diretoria divulga nota e esclarece que chapa 2 est\u00e1 toda prejudicada - Regi\u00e3o News\",\"isPartOf\":{\"@id\":\"https:\\\/\\\/regiaonews.net.br\\\/2022\\\/#website\"},\"primaryImageOfPage\":{\"@id\":\"https:\\\/\\\/regiaonews.net.br\\\/2022\\\/2021\\\/11\\\/04\\\/diretoria-divulga-nota-e-esclarece-que-chapa-2-esta-toda-prejudicada\\\/#primaryimage\"},\"image\":{\"@id\":\"https:\\\/\\\/regiaonews.net.br\\\/2022\\\/2021\\\/11\\\/04\\\/diretoria-divulga-nota-e-esclarece-que-chapa-2-esta-toda-prejudicada\\\/#primaryimage\"},\"thumbnailUrl\":\"https:\\\/\\\/regiaonews.net.br\\\/2022\\\/wp-content\\\/uploads\\\/2019\\\/01\\\/jo\u00e3o-mulata.jpg\",\"datePublished\":\"2021-11-05T00:35:51+00:00\",\"breadcrumb\":{\"@id\":\"https:\\\/\\\/regiaonews.net.br\\\/2022\\\/2021\\\/11\\\/04\\\/diretoria-divulga-nota-e-esclarece-que-chapa-2-esta-toda-prejudicada\\\/#breadcrumb\"},\"inLanguage\":\"pt-BR\",\"potentialAction\":[{\"@type\":\"ReadAction\",\"target\":[\"https:\\\/\\\/regiaonews.net.br\\\/2022\\\/2021\\\/11\\\/04\\\/diretoria-divulga-nota-e-esclarece-que-chapa-2-esta-toda-prejudicada\\\/\"]}]},{\"@type\":\"ImageObject\",\"inLanguage\":\"pt-BR\",\"@id\":\"https:\\\/\\\/regiaonews.net.br\\\/2022\\\/2021\\\/11\\\/04\\\/diretoria-divulga-nota-e-esclarece-que-chapa-2-esta-toda-prejudicada\\\/#primaryimage\",\"url\":\"https:\\\/\\\/regiaonews.net.br\\\/2022\\\/wp-content\\\/uploads\\\/2019\\\/01\\\/jo\u00e3o-mulata.jpg\",\"contentUrl\":\"https:\\\/\\\/regiaonews.net.br\\\/2022\\\/wp-content\\\/uploads\\\/2019\\\/01\\\/jo\u00e3o-mulata.jpg\",\"width\":600,\"height\":523},{\"@type\":\"BreadcrumbList\",\"@id\":\"https:\\\/\\\/regiaonews.net.br\\\/2022\\\/2021\\\/11\\\/04\\\/diretoria-divulga-nota-e-esclarece-que-chapa-2-esta-toda-prejudicada\\\/#breadcrumb\",\"itemListElement\":[{\"@type\":\"ListItem\",\"position\":1,\"name\":\"In\u00edcio\",\"item\":\"https:\\\/\\\/regiaonews.net.br\\\/2022\\\/\"},{\"@type\":\"ListItem\",\"position\":2,\"name\":\"Diretoria divulga nota e esclarece que chapa 2 est\u00e1 toda prejudicada\"}]},{\"@type\":\"WebSite\",\"@id\":\"https:\\\/\\\/regiaonews.net.br\\\/2022\\\/#website\",\"url\":\"https:\\\/\\\/regiaonews.net.br\\\/2022\\\/\",\"name\":\"Regi\u00e3o News\",\"description\":\"Site de Not\u00edcias de Barretos e regi\u00e3o\",\"publisher\":{\"@id\":\"https:\\\/\\\/regiaonews.net.br\\\/2022\\\/#organization\"},\"potentialAction\":[{\"@type\":\"SearchAction\",\"target\":{\"@type\":\"EntryPoint\",\"urlTemplate\":\"https:\\\/\\\/regiaonews.net.br\\\/2022\\\/?s={search_term_string}\"},\"query-input\":{\"@type\":\"PropertyValueSpecification\",\"valueRequired\":true,\"valueName\":\"search_term_string\"}}],\"inLanguage\":\"pt-BR\"},{\"@type\":\"Organization\",\"@id\":\"https:\\\/\\\/regiaonews.net.br\\\/2022\\\/#organization\",\"name\":\"Regi\u00e3o News\",\"url\":\"https:\\\/\\\/regiaonews.net.br\\\/2022\\\/\",\"logo\":{\"@type\":\"ImageObject\",\"inLanguage\":\"pt-BR\",\"@id\":\"https:\\\/\\\/regiaonews.net.br\\\/2022\\\/#\\\/schema\\\/logo\\\/image\\\/\",\"url\":\"https:\\\/\\\/regiaonews.net.br\\\/2022\\\/wp-content\\\/uploads\\\/2026\\\/03\\\/regiao-13-anos-scaled.jpg\",\"contentUrl\":\"https:\\\/\\\/regiaonews.net.br\\\/2022\\\/wp-content\\\/uploads\\\/2026\\\/03\\\/regiao-13-anos-scaled.jpg\",\"width\":2560,\"height\":635,\"caption\":\"Regi\u00e3o News\"},\"image\":{\"@id\":\"https:\\\/\\\/regiaonews.net.br\\\/2022\\\/#\\\/schema\\\/logo\\\/image\\\/\"}},{\"@type\":\"Person\",\"@id\":\"https:\\\/\\\/regiaonews.net.br\\\/2022\\\/#\\\/schema\\\/person\\\/2d205a608a5aa97ac279d7a5e6d89ad8\",\"name\":\"Roberto\",\"image\":{\"@type\":\"ImageObject\",\"inLanguage\":\"pt-BR\",\"@id\":\"https:\\\/\\\/secure.gravatar.com\\\/avatar\\\/42749d8b712ff9d59ca93dc150494e5b55a44134482993f5baeb97e61b7ecc89?s=96&d=mm&r=g\",\"url\":\"https:\\\/\\\/secure.gravatar.com\\\/avatar\\\/42749d8b712ff9d59ca93dc150494e5b55a44134482993f5baeb97e61b7ecc89?s=96&d=mm&r=g\",\"contentUrl\":\"https:\\\/\\\/secure.gravatar.com\\\/avatar\\\/42749d8b712ff9d59ca93dc150494e5b55a44134482993f5baeb97e61b7ecc89?s=96&d=mm&r=g\",\"caption\":\"Roberto\"},\"url\":\"https:\\\/\\\/regiaonews.net.br\\\/2022\\\/author\\\/roberto\\\/\"}]}<\/script>\n<!-- \/ Yoast SEO plugin. -->","yoast_head_json":{"title":"Diretoria divulga nota e esclarece que chapa 2 est\u00e1 toda prejudicada - Regi\u00e3o News","robots":{"index":"index","follow":"follow","max-snippet":"max-snippet:-1","max-image-preview":"max-image-preview:large","max-video-preview":"max-video-preview:-1"},"canonical":"https:\/\/regiaonews.net.br\/2022\/2021\/11\/04\/diretoria-divulga-nota-e-esclarece-que-chapa-2-esta-toda-prejudicada\/","og_locale":"pt_BR","og_type":"article","og_title":"Diretoria divulga nota e esclarece que chapa 2 est\u00e1 toda prejudicada - Regi\u00e3o News","og_description":"Foto \u2013 Jo\u00e3o Roberto dos Santos, candidato da chapa 1","og_url":"https:\/\/regiaonews.net.br\/2022\/2021\/11\/04\/diretoria-divulga-nota-e-esclarece-que-chapa-2-esta-toda-prejudicada\/","og_site_name":"Regi\u00e3o News","article_published_time":"2021-11-05T00:35:51+00:00","og_image":[{"width":600,"height":523,"url":"https:\/\/regiaonews.net.br\/2022\/wp-content\/uploads\/2019\/01\/jo\u00e3o-mulata.jpg","type":"image\/jpeg"}],"author":"Roberto","twitter_card":"summary_large_image","twitter_misc":{"Escrito por":"Roberto","Est. tempo de leitura":"1 minuto"},"schema":{"@context":"https:\/\/schema.org","@graph":[{"@type":"Article","@id":"https:\/\/regiaonews.net.br\/2022\/2021\/11\/04\/diretoria-divulga-nota-e-esclarece-que-chapa-2-esta-toda-prejudicada\/#article","isPartOf":{"@id":"https:\/\/regiaonews.net.br\/2022\/2021\/11\/04\/diretoria-divulga-nota-e-esclarece-que-chapa-2-esta-toda-prejudicada\/"},"author":{"name":"Roberto","@id":"https:\/\/regiaonews.net.br\/2022\/#\/schema\/person\/2d205a608a5aa97ac279d7a5e6d89ad8"},"headline":"Diretoria divulga nota e esclarece que chapa 2 est\u00e1 toda prejudicada","datePublished":"2021-11-05T00:35:51+00:00","mainEntityOfPage":{"@id":"https:\/\/regiaonews.net.br\/2022\/2021\/11\/04\/diretoria-divulga-nota-e-esclarece-que-chapa-2-esta-toda-prejudicada\/"},"wordCount":233,"commentCount":0,"publisher":{"@id":"https:\/\/regiaonews.net.br\/2022\/#organization"},"image":{"@id":"https:\/\/regiaonews.net.br\/2022\/2021\/11\/04\/diretoria-divulga-nota-e-esclarece-que-chapa-2-esta-toda-prejudicada\/#primaryimage"},"thumbnailUrl":"https:\/\/regiaonews.net.br\/2022\/wp-content\/uploads\/2019\/01\/jo\u00e3o-mulata.jpg","articleSection":["Barretos","Cidades"],"inLanguage":"pt-BR","potentialAction":[{"@type":"CommentAction","name":"Comment","target":["https:\/\/regiaonews.net.br\/2022\/2021\/11\/04\/diretoria-divulga-nota-e-esclarece-que-chapa-2-esta-toda-prejudicada\/#respond"]}]},{"@type":"WebPage","@id":"https:\/\/regiaonews.net.br\/2022\/2021\/11\/04\/diretoria-divulga-nota-e-esclarece-que-chapa-2-esta-toda-prejudicada\/","url":"https:\/\/regiaonews.net.br\/2022\/2021\/11\/04\/diretoria-divulga-nota-e-esclarece-que-chapa-2-esta-toda-prejudicada\/","name":"Diretoria divulga nota e esclarece que chapa 2 est\u00e1 toda prejudicada - Regi\u00e3o News","isPartOf":{"@id":"https:\/\/regiaonews.net.br\/2022\/#website"},"primaryImageOfPage":{"@id":"https:\/\/regiaonews.net.br\/2022\/2021\/11\/04\/diretoria-divulga-nota-e-esclarece-que-chapa-2-esta-toda-prejudicada\/#primaryimage"},"image":{"@id":"https:\/\/regiaonews.net.br\/2022\/2021\/11\/04\/diretoria-divulga-nota-e-esclarece-que-chapa-2-esta-toda-prejudicada\/#primaryimage"},"thumbnailUrl":"https:\/\/regiaonews.net.br\/2022\/wp-content\/uploads\/2019\/01\/jo\u00e3o-mulata.jpg","datePublished":"2021-11-05T00:35:51+00:00","breadcrumb":{"@id":"https:\/\/regiaonews.net.br\/2022\/2021\/11\/04\/diretoria-divulga-nota-e-esclarece-que-chapa-2-esta-toda-prejudicada\/#breadcrumb"},"inLanguage":"pt-BR","potentialAction":[{"@type":"ReadAction","target":["https:\/\/regiaonews.net.br\/2022\/2021\/11\/04\/diretoria-divulga-nota-e-esclarece-que-chapa-2-esta-toda-prejudicada\/"]}]},{"@type":"ImageObject","inLanguage":"pt-BR","@id":"https:\/\/regiaonews.net.br\/2022\/2021\/11\/04\/diretoria-divulga-nota-e-esclarece-que-chapa-2-esta-toda-prejudicada\/#primaryimage","url":"https:\/\/regiaonews.net.br\/2022\/wp-content\/uploads\/2019\/01\/jo\u00e3o-mulata.jpg","contentUrl":"https:\/\/regiaonews.net.br\/2022\/wp-content\/uploads\/2019\/01\/jo\u00e3o-mulata.jpg","width":600,"height":523},{"@type":"BreadcrumbList","@id":"https:\/\/regiaonews.net.br\/2022\/2021\/11\/04\/diretoria-divulga-nota-e-esclarece-que-chapa-2-esta-toda-prejudicada\/#breadcrumb","itemListElement":[{"@type":"ListItem","position":1,"name":"In\u00edcio","item":"https:\/\/regiaonews.net.br\/2022\/"},{"@type":"ListItem","position":2,"name":"Diretoria divulga nota e esclarece que chapa 2 est\u00e1 toda prejudicada"}]},{"@type":"WebSite","@id":"https:\/\/regiaonews.net.br\/2022\/#website","url":"https:\/\/regiaonews.net.br\/2022\/","name":"Regi\u00e3o News","description":"Site de Not\u00edcias de Barretos e regi\u00e3o","publisher":{"@id":"https:\/\/regiaonews.net.br\/2022\/#organization"},"potentialAction":[{"@type":"SearchAction","target":{"@type":"EntryPoint","urlTemplate":"https:\/\/regiaonews.net.br\/2022\/?s={search_term_string}"},"query-input":{"@type":"PropertyValueSpecification","valueRequired":true,"valueName":"search_term_string"}}],"inLanguage":"pt-BR"},{"@type":"Organization","@id":"https:\/\/regiaonews.net.br\/2022\/#organization","name":"Regi\u00e3o News","url":"https:\/\/regiaonews.net.br\/2022\/","logo":{"@type":"ImageObject","inLanguage":"pt-BR","@id":"https:\/\/regiaonews.net.br\/2022\/#\/schema\/logo\/image\/","url":"https:\/\/regiaonews.net.br\/2022\/wp-content\/uploads\/2026\/03\/regiao-13-anos-scaled.jpg","contentUrl":"https:\/\/regiaonews.net.br\/2022\/wp-content\/uploads\/2026\/03\/regiao-13-anos-scaled.jpg","width":2560,"height":635,"caption":"Regi\u00e3o News"},"image":{"@id":"https:\/\/regiaonews.net.br\/2022\/#\/schema\/logo\/image\/"}},{"@type":"Person","@id":"https:\/\/regiaonews.net.br\/2022\/#\/schema\/person\/2d205a608a5aa97ac279d7a5e6d89ad8","name":"Roberto","image":{"@type":"ImageObject","inLanguage":"pt-BR","@id":"https:\/\/secure.gravatar.com\/avatar\/42749d8b712ff9d59ca93dc150494e5b55a44134482993f5baeb97e61b7ecc89?s=96&d=mm&r=g","url":"https:\/\/secure.gravatar.com\/avatar\/42749d8b712ff9d59ca93dc150494e5b55a44134482993f5baeb97e61b7ecc89?s=96&d=mm&r=g","contentUrl":"https:\/\/secure.gravatar.com\/avatar\/42749d8b712ff9d59ca93dc150494e5b55a44134482993f5baeb97e61b7ecc89?s=96&d=mm&r=g","caption":"Roberto"},"url":"https:\/\/regiaonews.net.br\/2022\/author\/roberto\/"}]}},"publishpress_future_action":{"enabled":false,"date":"2026-05-05 13:18:49","action":"change-status","newStatus":"draft","terms":[],"taxonomy":"category","extraData":[]},"publishpress_future_workflow_manual_trigger":{"enabledWorkflows":[]},"_links":{"self":[{"href":"https:\/\/regiaonews.net.br\/2022\/wp-json\/wp\/v2\/posts\/55788","targetHints":{"allow":["GET"]}}],"collection":[{"href":"https:\/\/regiaonews.net.br\/2022\/wp-json\/wp\/v2\/posts"}],"about":[{"href":"https:\/\/regiaonews.net.br\/2022\/wp-json\/wp\/v2\/types\/post"}],"author":[{"embeddable":true,"href":"https:\/\/regiaonews.net.br\/2022\/wp-json\/wp\/v2\/users\/2"}],"replies":[{"embeddable":true,"href":"https:\/\/regiaonews.net.br\/2022\/wp-json\/wp\/v2\/comments?post=55788"}],"version-history":[{"count":0,"href":"https:\/\/regiaonews.net.br\/2022\/wp-json\/wp\/v2\/posts\/55788\/revisions"}],"wp:featuredmedia":[{"embeddable":true,"href":"https:\/\/regiaonews.net.br\/2022\/wp-json\/wp\/v2\/media\/17853"}],"wp:attachment":[{"href":"https:\/\/regiaonews.net.br\/2022\/wp-json\/wp\/v2\/media?parent=55788"}],"wp:term":[{"taxonomy":"category","embeddable":true,"href":"https:\/\/regiaonews.net.br\/2022\/wp-json\/wp\/v2\/categories?post=55788"},{"taxonomy":"post_tag","embeddable":true,"href":"https:\/\/regiaonews.net.br\/2022\/wp-json\/wp\/v2\/tags?post=55788"}],"curies":[{"name":"wp","href":"https:\/\/api.w.org\/{rel}","templated":true}]}}