{"id":55772,"date":"2021-11-04T16:27:14","date_gmt":"2021-11-04T19:27:14","guid":{"rendered":"https:\/\/regiaonews.net.br\/2022\/?p=55772"},"modified":"2021-11-04T16:27:43","modified_gmt":"2021-11-04T19:27:43","slug":"cursos-do-unifeb-estrelam-guia-da-faculdade-desenvolvido-pela-quero-educacao-e-jornal-o-estado-de-s-paulo","status":"publish","type":"post","link":"https:\/\/regiaonews.net.br\/2022\/2021\/11\/04\/cursos-do-unifeb-estrelam-guia-da-faculdade-desenvolvido-pela-quero-educacao-e-jornal-o-estado-de-s-paulo\/","title":{"rendered":"Cursos do UNIFEB estrelam Guia da Faculdade desenvolvido pela Quero Educa\u00e7\u00e3o e jornal O Estado de S. Paulo"},"content":{"rendered":"<p><b><i>Neste ano, 21 cursos do Centro Universit\u00e1rio foram estrelados ressaltando a importante posi\u00e7\u00e3o da institui\u00e7\u00e3o no mercado de ensino superior\u00a0<\/i><\/b><\/p>\n<p><a href=\"https:\/\/regiaonews.net.br\/2022\/wp-content\/uploads\/2019\/05\/campus-unifeb.jpg\"><img loading=\"lazy\" decoding=\"async\" class=\"alignnone size-medium wp-image-19839\" src=\"https:\/\/regiaonews.net.br\/2022\/wp-content\/uploads\/2019\/05\/campus-unifeb-300x199.jpg\" alt=\"\" width=\"300\" height=\"199\" \/><\/a><\/p>\n<p>O UNIFEB (Centro Universit\u00e1rio da Funda\u00e7\u00e3o Educacional de Barretos) estrela novamente o Guia da Faculdade desenvolvido em parceria com a Quero Educa\u00e7\u00e3o e jornal O Estado de S. Paulo, que avalia os cursos superiores presenciais de todo o pa\u00eds.<\/p>\n<p><a href=\"https:\/\/regiaonews.net.br\/2022\/wp-content\/uploads\/2021\/11\/WhatsApp-Image-2021-11-04-at-13.52.13.jpeg\"><img loading=\"lazy\" decoding=\"async\" class=\"alignnone size-medium wp-image-55753\" src=\"https:\/\/regiaonews.net.br\/2022\/wp-content\/uploads\/2021\/11\/WhatsApp-Image-2021-11-04-at-13.52.13-300x300.jpeg\" alt=\"\" width=\"300\" height=\"300\" \/><\/a><\/p>\n<p>Esta \u00e9 terceira pesquisa realizada pelo grupo e conta com faculdades que oferecem as melhores gradua\u00e7\u00f5es presenciais nas \u00e1reas que atraem mais alunos no ensino superior. Foram ouvidos mais de nove mil professores universit\u00e1rios. Eles foram convidados a dar sua opini\u00e3o sobre a qualidade dos cursos superiores oferecidos em todos os estados do Brasil. Essa grande pesquisa de opini\u00e3o acad\u00eamica criou um selo de qualidade, posicionando as gradua\u00e7\u00f5es em diferentes faixas, de acordo com as notas dadas pelos especialistas. As faixas de resultado s\u00e3o divididas em cinco estrelas (excelente), quatro estrelas (muito bom) e tr\u00eas estrelas (bom).<\/p>\n<p><a href=\"https:\/\/regiaonews.net.br\/2022\/wp-content\/uploads\/2021\/11\/WhatsApp-Image-2021-11-04-at-13.52.15-1.jpeg\"><img loading=\"lazy\" decoding=\"async\" class=\"alignnone size-medium wp-image-55773\" src=\"https:\/\/regiaonews.net.br\/2022\/wp-content\/uploads\/2021\/11\/WhatsApp-Image-2021-11-04-at-13.52.15-1-300x300.jpeg\" alt=\"\" width=\"300\" height=\"300\" \/><\/a><\/p>\n<p><a href=\"https:\/\/regiaonews.net.br\/2022\/wp-content\/uploads\/2021\/11\/WhatsApp-Image-2021-11-04-at-13.52.15.jpeg\"><img loading=\"lazy\" decoding=\"async\" class=\"alignnone size-medium wp-image-55774\" src=\"https:\/\/regiaonews.net.br\/2022\/wp-content\/uploads\/2021\/11\/WhatsApp-Image-2021-11-04-at-13.52.15-300x300.jpeg\" alt=\"\" width=\"300\" height=\"300\" \/><\/a><\/p>\n<p>Neste ano, o UNIFEB obteve oito cursos com quatro estrelas (Administra\u00e7\u00e3o, Ci\u00eancias Cont\u00e1beis, Direito, Engenharia de Alimentos, Farm\u00e1cia, Pedagogia, Qu\u00edmica Tecnol\u00f3gica e Servi\u00e7o Social) e 13 cursos com tr\u00eas estrelas (Agronomia, Ci\u00eancias Biol\u00f3gicas, Educa\u00e7\u00e3o F\u00edsica [bacharel e licenciatura], Engenharia Civil, Engenharia de Produ\u00e7\u00e3o, Engenharia El\u00e9trica, Engenharia Mec\u00e2nica, Engenharia Qu\u00edmica, F\u00edsica M\u00e9dica, Odontologia, Sistemas de Informa\u00e7\u00e3o e Zootecnia).<\/p>\n<p>De acordo com o Reitor do UNIFEB, Prof. Dr. Angelo Davis, esse reconhecimento \u00e9 fruto da dedica\u00e7\u00e3o de toda comunidade acad\u00eamica que trabalha com muito empenho em prol do ensino de qualidade. \u201cSomos um Centro Universit\u00e1rio comunit\u00e1rio de mais de 50 anos de tradi\u00e7\u00e3o e reconhecidos como a melhor institui\u00e7\u00e3o de ensino superior da regi\u00e3o de Barretos. Trabalhamos com muito afinco para que nossos mais de 20 cursos superiores sejam capazes de formar grandes profissionais que fa\u00e7am diferen\u00e7a positiva no mercado de trabalho e na constru\u00e7\u00e3o de uma na\u00e7\u00e3o melhor\u201d, disse.<\/p>\n<p>O resultado da avalia\u00e7\u00e3o foi divulgado publicamente pelo jornal O Estado de S. Paulo no \u00faltimo dia 24 de outubro.<\/p>\n<p>Saiba mais em\u00a0<a href=\"https:\/\/publicacoes.estadao.com.br\/guia-da-faculdade\/presenciais-2021\/\" target=\"_blank\" rel=\"noopener noreferrer\" data-auth=\"NotApplicable\" data-linkindex=\"0\">https:\/\/publicacoes.estadao.com.br\/guia-da-faculdade\/presenciais-2021\/<\/a><\/p>\n<p><i>Outras informa\u00e7\u00f5es podem ser obtidas pelo site\u00a0do\u00a0<\/i><a href=\"http:\/\/www.unifeb.edu.br\/\" target=\"_blank\" rel=\"noopener noreferrer\" data-auth=\"NotApplicable\" data-linkindex=\"1\"><i>UNIFEB<\/i><\/a><i>\u00a0e aproveite para seguir o Centro Universit\u00e1rio pelas redes sociais:\u00a0<\/i><\/p>\n<ul>\n<li><b>Instagram<\/b>: @unifeb_barretos<\/li>\n<li><b>Facebook<\/b>:\u00a0UnifebBarretos<\/li>\n<li><b>Twitter<\/b>: @Unifeb_Barretos<\/li>\n<li><b>TikTok<\/b>:\u00a0unifeb.barretos<\/li>\n<li><b>YouTube<\/b>: UnifebBarretos<\/li>\n<li><b>WhatsApp<\/b>: (17) 99199-6890<\/li>\n<\/ul>\n","protected":false},"excerpt":{"rendered":"<p>Neste ano, 21 cursos do Centro Universit\u00e1rio foram estrelados ressaltando<\/p>\n","protected":false},"author":2,"featured_media":19839,"comment_status":"open","ping_status":"open","sticky":false,"template":"","format":"standard","meta":{"footnotes":""},"categories":[14,25,98],"tags":[],"class_list":["post-55772","post","type-post","status-publish","format-standard","has-post-thumbnail","hentry","category-barretos","category-cidades","category-educacao-educacao"],"yoast_head":"<!-- This site is optimized with the Yoast SEO plugin v27.5 - https:\/\/yoast.com\/product\/yoast-seo-wordpress\/ -->\n<title>Cursos do UNIFEB estrelam Guia da Faculdade desenvolvido pela Quero Educa\u00e7\u00e3o e jornal O Estado de S. Paulo - Regi\u00e3o News<\/title>\n<meta name=\"robots\" content=\"index, follow, max-snippet:-1, max-image-preview:large, max-video-preview:-1\" \/>\n<link rel=\"canonical\" href=\"https:\/\/regiaonews.net.br\/2022\/2021\/11\/04\/cursos-do-unifeb-estrelam-guia-da-faculdade-desenvolvido-pela-quero-educacao-e-jornal-o-estado-de-s-paulo\/\" \/>\n<meta property=\"og:locale\" content=\"pt_BR\" \/>\n<meta property=\"og:type\" content=\"article\" \/>\n<meta property=\"og:title\" content=\"Cursos do UNIFEB estrelam Guia da Faculdade desenvolvido pela Quero Educa\u00e7\u00e3o e jornal O Estado de S. Paulo - Regi\u00e3o News\" \/>\n<meta property=\"og:description\" content=\"Neste ano, 21 cursos do Centro Universit\u00e1rio foram estrelados ressaltando\" \/>\n<meta property=\"og:url\" content=\"https:\/\/regiaonews.net.br\/2022\/2021\/11\/04\/cursos-do-unifeb-estrelam-guia-da-faculdade-desenvolvido-pela-quero-educacao-e-jornal-o-estado-de-s-paulo\/\" \/>\n<meta property=\"og:site_name\" content=\"Regi\u00e3o News\" \/>\n<meta property=\"article:published_time\" content=\"2021-11-04T19:27:14+00:00\" \/>\n<meta property=\"article:modified_time\" content=\"2021-11-04T19:27:43+00:00\" \/>\n<meta property=\"og:image\" content=\"https:\/\/regiaonews.net.br\/2022\/wp-content\/uploads\/2019\/05\/campus-unifeb.jpg\" \/>\n\t<meta property=\"og:image:width\" content=\"800\" \/>\n\t<meta property=\"og:image:height\" content=\"530\" \/>\n\t<meta property=\"og:image:type\" content=\"image\/jpeg\" \/>\n<meta name=\"author\" content=\"Roberto\" \/>\n<meta name=\"twitter:card\" content=\"summary_large_image\" \/>\n<meta name=\"twitter:label1\" content=\"Escrito por\" \/>\n\t<meta name=\"twitter:data1\" content=\"Roberto\" \/>\n\t<meta name=\"twitter:label2\" content=\"Est. tempo de leitura\" \/>\n\t<meta name=\"twitter:data2\" content=\"2 minutos\" \/>\n<script type=\"application\/ld+json\" class=\"yoast-schema-graph\">{\"@context\":\"https:\\\/\\\/schema.org\",\"@graph\":[{\"@type\":\"Article\",\"@id\":\"https:\\\/\\\/regiaonews.net.br\\\/2022\\\/2021\\\/11\\\/04\\\/cursos-do-unifeb-estrelam-guia-da-faculdade-desenvolvido-pela-quero-educacao-e-jornal-o-estado-de-s-paulo\\\/#article\",\"isPartOf\":{\"@id\":\"https:\\\/\\\/regiaonews.net.br\\\/2022\\\/2021\\\/11\\\/04\\\/cursos-do-unifeb-estrelam-guia-da-faculdade-desenvolvido-pela-quero-educacao-e-jornal-o-estado-de-s-paulo\\\/\"},\"author\":{\"name\":\"Roberto\",\"@id\":\"https:\\\/\\\/regiaonews.net.br\\\/2022\\\/#\\\/schema\\\/person\\\/2d205a608a5aa97ac279d7a5e6d89ad8\"},\"headline\":\"Cursos do UNIFEB estrelam Guia da Faculdade desenvolvido pela Quero Educa\u00e7\u00e3o e jornal O Estado de S. Paulo\",\"datePublished\":\"2021-11-04T19:27:14+00:00\",\"dateModified\":\"2021-11-04T19:27:43+00:00\",\"mainEntityOfPage\":{\"@id\":\"https:\\\/\\\/regiaonews.net.br\\\/2022\\\/2021\\\/11\\\/04\\\/cursos-do-unifeb-estrelam-guia-da-faculdade-desenvolvido-pela-quero-educacao-e-jornal-o-estado-de-s-paulo\\\/\"},\"wordCount\":428,\"commentCount\":0,\"publisher\":{\"@id\":\"https:\\\/\\\/regiaonews.net.br\\\/2022\\\/#organization\"},\"image\":{\"@id\":\"https:\\\/\\\/regiaonews.net.br\\\/2022\\\/2021\\\/11\\\/04\\\/cursos-do-unifeb-estrelam-guia-da-faculdade-desenvolvido-pela-quero-educacao-e-jornal-o-estado-de-s-paulo\\\/#primaryimage\"},\"thumbnailUrl\":\"https:\\\/\\\/regiaonews.net.br\\\/2022\\\/wp-content\\\/uploads\\\/2019\\\/05\\\/campus-unifeb.jpg\",\"articleSection\":[\"Barretos\",\"Cidades\",\"Educa\u00e7\u00e3o\"],\"inLanguage\":\"pt-BR\",\"potentialAction\":[{\"@type\":\"CommentAction\",\"name\":\"Comment\",\"target\":[\"https:\\\/\\\/regiaonews.net.br\\\/2022\\\/2021\\\/11\\\/04\\\/cursos-do-unifeb-estrelam-guia-da-faculdade-desenvolvido-pela-quero-educacao-e-jornal-o-estado-de-s-paulo\\\/#respond\"]}]},{\"@type\":\"WebPage\",\"@id\":\"https:\\\/\\\/regiaonews.net.br\\\/2022\\\/2021\\\/11\\\/04\\\/cursos-do-unifeb-estrelam-guia-da-faculdade-desenvolvido-pela-quero-educacao-e-jornal-o-estado-de-s-paulo\\\/\",\"url\":\"https:\\\/\\\/regiaonews.net.br\\\/2022\\\/2021\\\/11\\\/04\\\/cursos-do-unifeb-estrelam-guia-da-faculdade-desenvolvido-pela-quero-educacao-e-jornal-o-estado-de-s-paulo\\\/\",\"name\":\"Cursos do UNIFEB estrelam Guia da Faculdade desenvolvido pela Quero Educa\u00e7\u00e3o e jornal O Estado de S. Paulo - Regi\u00e3o News\",\"isPartOf\":{\"@id\":\"https:\\\/\\\/regiaonews.net.br\\\/2022\\\/#website\"},\"primaryImageOfPage\":{\"@id\":\"https:\\\/\\\/regiaonews.net.br\\\/2022\\\/2021\\\/11\\\/04\\\/cursos-do-unifeb-estrelam-guia-da-faculdade-desenvolvido-pela-quero-educacao-e-jornal-o-estado-de-s-paulo\\\/#primaryimage\"},\"image\":{\"@id\":\"https:\\\/\\\/regiaonews.net.br\\\/2022\\\/2021\\\/11\\\/04\\\/cursos-do-unifeb-estrelam-guia-da-faculdade-desenvolvido-pela-quero-educacao-e-jornal-o-estado-de-s-paulo\\\/#primaryimage\"},\"thumbnailUrl\":\"https:\\\/\\\/regiaonews.net.br\\\/2022\\\/wp-content\\\/uploads\\\/2019\\\/05\\\/campus-unifeb.jpg\",\"datePublished\":\"2021-11-04T19:27:14+00:00\",\"dateModified\":\"2021-11-04T19:27:43+00:00\",\"breadcrumb\":{\"@id\":\"https:\\\/\\\/regiaonews.net.br\\\/2022\\\/2021\\\/11\\\/04\\\/cursos-do-unifeb-estrelam-guia-da-faculdade-desenvolvido-pela-quero-educacao-e-jornal-o-estado-de-s-paulo\\\/#breadcrumb\"},\"inLanguage\":\"pt-BR\",\"potentialAction\":[{\"@type\":\"ReadAction\",\"target\":[\"https:\\\/\\\/regiaonews.net.br\\\/2022\\\/2021\\\/11\\\/04\\\/cursos-do-unifeb-estrelam-guia-da-faculdade-desenvolvido-pela-quero-educacao-e-jornal-o-estado-de-s-paulo\\\/\"]}]},{\"@type\":\"ImageObject\",\"inLanguage\":\"pt-BR\",\"@id\":\"https:\\\/\\\/regiaonews.net.br\\\/2022\\\/2021\\\/11\\\/04\\\/cursos-do-unifeb-estrelam-guia-da-faculdade-desenvolvido-pela-quero-educacao-e-jornal-o-estado-de-s-paulo\\\/#primaryimage\",\"url\":\"https:\\\/\\\/regiaonews.net.br\\\/2022\\\/wp-content\\\/uploads\\\/2019\\\/05\\\/campus-unifeb.jpg\",\"contentUrl\":\"https:\\\/\\\/regiaonews.net.br\\\/2022\\\/wp-content\\\/uploads\\\/2019\\\/05\\\/campus-unifeb.jpg\",\"width\":800,\"height\":530},{\"@type\":\"BreadcrumbList\",\"@id\":\"https:\\\/\\\/regiaonews.net.br\\\/2022\\\/2021\\\/11\\\/04\\\/cursos-do-unifeb-estrelam-guia-da-faculdade-desenvolvido-pela-quero-educacao-e-jornal-o-estado-de-s-paulo\\\/#breadcrumb\",\"itemListElement\":[{\"@type\":\"ListItem\",\"position\":1,\"name\":\"In\u00edcio\",\"item\":\"https:\\\/\\\/regiaonews.net.br\\\/2022\\\/\"},{\"@type\":\"ListItem\",\"position\":2,\"name\":\"Cursos do UNIFEB estrelam Guia da Faculdade desenvolvido pela Quero Educa\u00e7\u00e3o e jornal O Estado de S. Paulo\"}]},{\"@type\":\"WebSite\",\"@id\":\"https:\\\/\\\/regiaonews.net.br\\\/2022\\\/#website\",\"url\":\"https:\\\/\\\/regiaonews.net.br\\\/2022\\\/\",\"name\":\"Regi\u00e3o News\",\"description\":\"Site de Not\u00edcias de Barretos e regi\u00e3o\",\"publisher\":{\"@id\":\"https:\\\/\\\/regiaonews.net.br\\\/2022\\\/#organization\"},\"potentialAction\":[{\"@type\":\"SearchAction\",\"target\":{\"@type\":\"EntryPoint\",\"urlTemplate\":\"https:\\\/\\\/regiaonews.net.br\\\/2022\\\/?s={search_term_string}\"},\"query-input\":{\"@type\":\"PropertyValueSpecification\",\"valueRequired\":true,\"valueName\":\"search_term_string\"}}],\"inLanguage\":\"pt-BR\"},{\"@type\":\"Organization\",\"@id\":\"https:\\\/\\\/regiaonews.net.br\\\/2022\\\/#organization\",\"name\":\"Regi\u00e3o News\",\"url\":\"https:\\\/\\\/regiaonews.net.br\\\/2022\\\/\",\"logo\":{\"@type\":\"ImageObject\",\"inLanguage\":\"pt-BR\",\"@id\":\"https:\\\/\\\/regiaonews.net.br\\\/2022\\\/#\\\/schema\\\/logo\\\/image\\\/\",\"url\":\"https:\\\/\\\/regiaonews.net.br\\\/2022\\\/wp-content\\\/uploads\\\/2026\\\/03\\\/regiao-13-anos-scaled.jpg\",\"contentUrl\":\"https:\\\/\\\/regiaonews.net.br\\\/2022\\\/wp-content\\\/uploads\\\/2026\\\/03\\\/regiao-13-anos-scaled.jpg\",\"width\":2560,\"height\":635,\"caption\":\"Regi\u00e3o News\"},\"image\":{\"@id\":\"https:\\\/\\\/regiaonews.net.br\\\/2022\\\/#\\\/schema\\\/logo\\\/image\\\/\"}},{\"@type\":\"Person\",\"@id\":\"https:\\\/\\\/regiaonews.net.br\\\/2022\\\/#\\\/schema\\\/person\\\/2d205a608a5aa97ac279d7a5e6d89ad8\",\"name\":\"Roberto\",\"image\":{\"@type\":\"ImageObject\",\"inLanguage\":\"pt-BR\",\"@id\":\"https:\\\/\\\/secure.gravatar.com\\\/avatar\\\/42749d8b712ff9d59ca93dc150494e5b55a44134482993f5baeb97e61b7ecc89?s=96&d=mm&r=g\",\"url\":\"https:\\\/\\\/secure.gravatar.com\\\/avatar\\\/42749d8b712ff9d59ca93dc150494e5b55a44134482993f5baeb97e61b7ecc89?s=96&d=mm&r=g\",\"contentUrl\":\"https:\\\/\\\/secure.gravatar.com\\\/avatar\\\/42749d8b712ff9d59ca93dc150494e5b55a44134482993f5baeb97e61b7ecc89?s=96&d=mm&r=g\",\"caption\":\"Roberto\"},\"url\":\"https:\\\/\\\/regiaonews.net.br\\\/2022\\\/author\\\/roberto\\\/\"}]}<\/script>\n<!-- \/ Yoast SEO plugin. -->","yoast_head_json":{"title":"Cursos do UNIFEB estrelam Guia da Faculdade desenvolvido pela Quero Educa\u00e7\u00e3o e jornal O Estado de S. Paulo - Regi\u00e3o News","robots":{"index":"index","follow":"follow","max-snippet":"max-snippet:-1","max-image-preview":"max-image-preview:large","max-video-preview":"max-video-preview:-1"},"canonical":"https:\/\/regiaonews.net.br\/2022\/2021\/11\/04\/cursos-do-unifeb-estrelam-guia-da-faculdade-desenvolvido-pela-quero-educacao-e-jornal-o-estado-de-s-paulo\/","og_locale":"pt_BR","og_type":"article","og_title":"Cursos do UNIFEB estrelam Guia da Faculdade desenvolvido pela Quero Educa\u00e7\u00e3o e jornal O Estado de S. Paulo - Regi\u00e3o News","og_description":"Neste ano, 21 cursos do Centro Universit\u00e1rio foram estrelados ressaltando","og_url":"https:\/\/regiaonews.net.br\/2022\/2021\/11\/04\/cursos-do-unifeb-estrelam-guia-da-faculdade-desenvolvido-pela-quero-educacao-e-jornal-o-estado-de-s-paulo\/","og_site_name":"Regi\u00e3o News","article_published_time":"2021-11-04T19:27:14+00:00","article_modified_time":"2021-11-04T19:27:43+00:00","og_image":[{"width":800,"height":530,"url":"https:\/\/regiaonews.net.br\/2022\/wp-content\/uploads\/2019\/05\/campus-unifeb.jpg","type":"image\/jpeg"}],"author":"Roberto","twitter_card":"summary_large_image","twitter_misc":{"Escrito por":"Roberto","Est. tempo de leitura":"2 minutos"},"schema":{"@context":"https:\/\/schema.org","@graph":[{"@type":"Article","@id":"https:\/\/regiaonews.net.br\/2022\/2021\/11\/04\/cursos-do-unifeb-estrelam-guia-da-faculdade-desenvolvido-pela-quero-educacao-e-jornal-o-estado-de-s-paulo\/#article","isPartOf":{"@id":"https:\/\/regiaonews.net.br\/2022\/2021\/11\/04\/cursos-do-unifeb-estrelam-guia-da-faculdade-desenvolvido-pela-quero-educacao-e-jornal-o-estado-de-s-paulo\/"},"author":{"name":"Roberto","@id":"https:\/\/regiaonews.net.br\/2022\/#\/schema\/person\/2d205a608a5aa97ac279d7a5e6d89ad8"},"headline":"Cursos do UNIFEB estrelam Guia da Faculdade desenvolvido pela Quero Educa\u00e7\u00e3o e jornal O Estado de S. Paulo","datePublished":"2021-11-04T19:27:14+00:00","dateModified":"2021-11-04T19:27:43+00:00","mainEntityOfPage":{"@id":"https:\/\/regiaonews.net.br\/2022\/2021\/11\/04\/cursos-do-unifeb-estrelam-guia-da-faculdade-desenvolvido-pela-quero-educacao-e-jornal-o-estado-de-s-paulo\/"},"wordCount":428,"commentCount":0,"publisher":{"@id":"https:\/\/regiaonews.net.br\/2022\/#organization"},"image":{"@id":"https:\/\/regiaonews.net.br\/2022\/2021\/11\/04\/cursos-do-unifeb-estrelam-guia-da-faculdade-desenvolvido-pela-quero-educacao-e-jornal-o-estado-de-s-paulo\/#primaryimage"},"thumbnailUrl":"https:\/\/regiaonews.net.br\/2022\/wp-content\/uploads\/2019\/05\/campus-unifeb.jpg","articleSection":["Barretos","Cidades","Educa\u00e7\u00e3o"],"inLanguage":"pt-BR","potentialAction":[{"@type":"CommentAction","name":"Comment","target":["https:\/\/regiaonews.net.br\/2022\/2021\/11\/04\/cursos-do-unifeb-estrelam-guia-da-faculdade-desenvolvido-pela-quero-educacao-e-jornal-o-estado-de-s-paulo\/#respond"]}]},{"@type":"WebPage","@id":"https:\/\/regiaonews.net.br\/2022\/2021\/11\/04\/cursos-do-unifeb-estrelam-guia-da-faculdade-desenvolvido-pela-quero-educacao-e-jornal-o-estado-de-s-paulo\/","url":"https:\/\/regiaonews.net.br\/2022\/2021\/11\/04\/cursos-do-unifeb-estrelam-guia-da-faculdade-desenvolvido-pela-quero-educacao-e-jornal-o-estado-de-s-paulo\/","name":"Cursos do UNIFEB estrelam Guia da Faculdade desenvolvido pela Quero Educa\u00e7\u00e3o e jornal O Estado de S. Paulo - Regi\u00e3o News","isPartOf":{"@id":"https:\/\/regiaonews.net.br\/2022\/#website"},"primaryImageOfPage":{"@id":"https:\/\/regiaonews.net.br\/2022\/2021\/11\/04\/cursos-do-unifeb-estrelam-guia-da-faculdade-desenvolvido-pela-quero-educacao-e-jornal-o-estado-de-s-paulo\/#primaryimage"},"image":{"@id":"https:\/\/regiaonews.net.br\/2022\/2021\/11\/04\/cursos-do-unifeb-estrelam-guia-da-faculdade-desenvolvido-pela-quero-educacao-e-jornal-o-estado-de-s-paulo\/#primaryimage"},"thumbnailUrl":"https:\/\/regiaonews.net.br\/2022\/wp-content\/uploads\/2019\/05\/campus-unifeb.jpg","datePublished":"2021-11-04T19:27:14+00:00","dateModified":"2021-11-04T19:27:43+00:00","breadcrumb":{"@id":"https:\/\/regiaonews.net.br\/2022\/2021\/11\/04\/cursos-do-unifeb-estrelam-guia-da-faculdade-desenvolvido-pela-quero-educacao-e-jornal-o-estado-de-s-paulo\/#breadcrumb"},"inLanguage":"pt-BR","potentialAction":[{"@type":"ReadAction","target":["https:\/\/regiaonews.net.br\/2022\/2021\/11\/04\/cursos-do-unifeb-estrelam-guia-da-faculdade-desenvolvido-pela-quero-educacao-e-jornal-o-estado-de-s-paulo\/"]}]},{"@type":"ImageObject","inLanguage":"pt-BR","@id":"https:\/\/regiaonews.net.br\/2022\/2021\/11\/04\/cursos-do-unifeb-estrelam-guia-da-faculdade-desenvolvido-pela-quero-educacao-e-jornal-o-estado-de-s-paulo\/#primaryimage","url":"https:\/\/regiaonews.net.br\/2022\/wp-content\/uploads\/2019\/05\/campus-unifeb.jpg","contentUrl":"https:\/\/regiaonews.net.br\/2022\/wp-content\/uploads\/2019\/05\/campus-unifeb.jpg","width":800,"height":530},{"@type":"BreadcrumbList","@id":"https:\/\/regiaonews.net.br\/2022\/2021\/11\/04\/cursos-do-unifeb-estrelam-guia-da-faculdade-desenvolvido-pela-quero-educacao-e-jornal-o-estado-de-s-paulo\/#breadcrumb","itemListElement":[{"@type":"ListItem","position":1,"name":"In\u00edcio","item":"https:\/\/regiaonews.net.br\/2022\/"},{"@type":"ListItem","position":2,"name":"Cursos do UNIFEB estrelam Guia da Faculdade desenvolvido pela Quero Educa\u00e7\u00e3o e jornal O Estado de S. Paulo"}]},{"@type":"WebSite","@id":"https:\/\/regiaonews.net.br\/2022\/#website","url":"https:\/\/regiaonews.net.br\/2022\/","name":"Regi\u00e3o News","description":"Site de Not\u00edcias de Barretos e regi\u00e3o","publisher":{"@id":"https:\/\/regiaonews.net.br\/2022\/#organization"},"potentialAction":[{"@type":"SearchAction","target":{"@type":"EntryPoint","urlTemplate":"https:\/\/regiaonews.net.br\/2022\/?s={search_term_string}"},"query-input":{"@type":"PropertyValueSpecification","valueRequired":true,"valueName":"search_term_string"}}],"inLanguage":"pt-BR"},{"@type":"Organization","@id":"https:\/\/regiaonews.net.br\/2022\/#organization","name":"Regi\u00e3o News","url":"https:\/\/regiaonews.net.br\/2022\/","logo":{"@type":"ImageObject","inLanguage":"pt-BR","@id":"https:\/\/regiaonews.net.br\/2022\/#\/schema\/logo\/image\/","url":"https:\/\/regiaonews.net.br\/2022\/wp-content\/uploads\/2026\/03\/regiao-13-anos-scaled.jpg","contentUrl":"https:\/\/regiaonews.net.br\/2022\/wp-content\/uploads\/2026\/03\/regiao-13-anos-scaled.jpg","width":2560,"height":635,"caption":"Regi\u00e3o News"},"image":{"@id":"https:\/\/regiaonews.net.br\/2022\/#\/schema\/logo\/image\/"}},{"@type":"Person","@id":"https:\/\/regiaonews.net.br\/2022\/#\/schema\/person\/2d205a608a5aa97ac279d7a5e6d89ad8","name":"Roberto","image":{"@type":"ImageObject","inLanguage":"pt-BR","@id":"https:\/\/secure.gravatar.com\/avatar\/42749d8b712ff9d59ca93dc150494e5b55a44134482993f5baeb97e61b7ecc89?s=96&d=mm&r=g","url":"https:\/\/secure.gravatar.com\/avatar\/42749d8b712ff9d59ca93dc150494e5b55a44134482993f5baeb97e61b7ecc89?s=96&d=mm&r=g","contentUrl":"https:\/\/secure.gravatar.com\/avatar\/42749d8b712ff9d59ca93dc150494e5b55a44134482993f5baeb97e61b7ecc89?s=96&d=mm&r=g","caption":"Roberto"},"url":"https:\/\/regiaonews.net.br\/2022\/author\/roberto\/"}]}},"publishpress_future_action":{"enabled":false,"date":"2026-05-05 15:10:53","action":"change-status","newStatus":"draft","terms":[],"taxonomy":"category","extraData":[]},"publishpress_future_workflow_manual_trigger":{"enabledWorkflows":[]},"_links":{"self":[{"href":"https:\/\/regiaonews.net.br\/2022\/wp-json\/wp\/v2\/posts\/55772","targetHints":{"allow":["GET"]}}],"collection":[{"href":"https:\/\/regiaonews.net.br\/2022\/wp-json\/wp\/v2\/posts"}],"about":[{"href":"https:\/\/regiaonews.net.br\/2022\/wp-json\/wp\/v2\/types\/post"}],"author":[{"embeddable":true,"href":"https:\/\/regiaonews.net.br\/2022\/wp-json\/wp\/v2\/users\/2"}],"replies":[{"embeddable":true,"href":"https:\/\/regiaonews.net.br\/2022\/wp-json\/wp\/v2\/comments?post=55772"}],"version-history":[{"count":0,"href":"https:\/\/regiaonews.net.br\/2022\/wp-json\/wp\/v2\/posts\/55772\/revisions"}],"wp:featuredmedia":[{"embeddable":true,"href":"https:\/\/regiaonews.net.br\/2022\/wp-json\/wp\/v2\/media\/19839"}],"wp:attachment":[{"href":"https:\/\/regiaonews.net.br\/2022\/wp-json\/wp\/v2\/media?parent=55772"}],"wp:term":[{"taxonomy":"category","embeddable":true,"href":"https:\/\/regiaonews.net.br\/2022\/wp-json\/wp\/v2\/categories?post=55772"},{"taxonomy":"post_tag","embeddable":true,"href":"https:\/\/regiaonews.net.br\/2022\/wp-json\/wp\/v2\/tags?post=55772"}],"curies":[{"name":"wp","href":"https:\/\/api.w.org\/{rel}","templated":true}]}}