{"id":55756,"date":"2021-11-04T15:13:25","date_gmt":"2021-11-04T18:13:25","guid":{"rendered":"https:\/\/regiaonews.net.br\/2022\/?p=55756"},"modified":"2021-11-04T15:13:25","modified_gmt":"2021-11-04T18:13:25","slug":"acib-e-sincomercio-preparam-semana-do-fregues-e-black-friday-no-comercio-de-barretos","status":"publish","type":"post","link":"https:\/\/regiaonews.net.br\/2022\/2021\/11\/04\/acib-e-sincomercio-preparam-semana-do-fregues-e-black-friday-no-comercio-de-barretos\/","title":{"rendered":"ACIB e Sincomercio preparam Semana do Fregu\u00eas e Black Friday no com\u00e9rcio de Barretos"},"content":{"rendered":"<p align=\"center\"><b><a href=\"https:\/\/regiaonews.net.br\/2022\/wp-content\/uploads\/2021\/11\/Black-Friday-1.png\"><img loading=\"lazy\" decoding=\"async\" class=\"alignnone size-medium wp-image-55757\" src=\"https:\/\/regiaonews.net.br\/2022\/wp-content\/uploads\/2021\/11\/Black-Friday-1-300x300.png\" alt=\"\" width=\"300\" height=\"300\" \/><\/a><\/b><\/p>\n<p>&nbsp;<\/p>\n<p>A ACIB \u2013 Associa\u00e7\u00e3o Comercial e Industrial de Barretos\u00a0\u00a0e Sincomercio \u2013 Sindicato do Com\u00e9rcio Varejista promovem de 22 a 26 de novembro a \u201cSemana do Fregu\u00eas 2021\u201d no com\u00e9rcio de Barretos junto com a promo\u00e7\u00e3o \u201cBlack Friday 2021\u201d que acontece em 26 de novembro, \u00faltima sexta-feira do m\u00eas.<\/p>\n<p><a href=\"https:\/\/regiaonews.net.br\/2022\/wp-content\/uploads\/2021\/11\/WhatsApp-Image-2021-11-04-at-13.52.13-2.jpeg\"><img loading=\"lazy\" decoding=\"async\" class=\"alignnone size-medium wp-image-55744\" src=\"https:\/\/regiaonews.net.br\/2022\/wp-content\/uploads\/2021\/11\/WhatsApp-Image-2021-11-04-at-13.52.13-2-300x300.jpeg\" alt=\"\" width=\"300\" height=\"300\" \/><\/a><\/p>\n<p>Descontos, promo\u00e7\u00f5es e atrativos de compra em todos os segmentos\u00a0\u00a0para o p\u00fablico em geral. As promo\u00e7\u00f5es trar\u00e3o ainda oportunidade aos lojistas na retomada da economia ap\u00f3s as grandes dificuldades enfrentadas durante a pandemia da Covid-19.<\/p>\n<p><a href=\"https:\/\/regiaonews.net.br\/2022\/wp-content\/uploads\/2021\/11\/WhatsApp-Image-2021-11-01-at-18.34.36.jpeg\"><img loading=\"lazy\" decoding=\"async\" class=\"alignnone size-medium wp-image-55620\" src=\"https:\/\/regiaonews.net.br\/2022\/wp-content\/uploads\/2021\/11\/WhatsApp-Image-2021-11-01-at-18.34.36-300x300.jpeg\" alt=\"\" width=\"300\" height=\"300\" \/><\/a><\/p>\n<p>Para a presidente da ACIB, Jackelyne Rossini, as promo\u00e7\u00f5es de novembro possibilitam ainda mais \u00e2nimo para o com\u00e9rcio de Barretos \u201cAs promo\u00e7\u00f5es deste m\u00eas s\u00e3o uma oportunidade para o cliente comprar por um pre\u00e7o menor, antecipar presentes de natal ou realizar aquele desejo especial de compra. Para os lojistas representam incentivo para investimento no setor, que vem crescendo gradativamente em 2021, especialmente com a abertura do com\u00e9rcio, mas mantendo as medidas de distanciamento social e de combate \u00e0 pandemia\u201d, diz.<\/p>\n","protected":false},"excerpt":{"rendered":"<p>&nbsp; A ACIB \u2013 Associa\u00e7\u00e3o Comercial e Industrial de Barretos\u00a0\u00a0e<\/p>\n","protected":false},"author":2,"featured_media":55757,"comment_status":"open","ping_status":"open","sticky":false,"template":"","format":"standard","meta":{"footnotes":""},"categories":[14,25,48],"tags":[],"class_list":["post-55756","post","type-post","status-publish","format-standard","has-post-thumbnail","hentry","category-barretos","category-cidades","category-comercio"],"yoast_head":"<!-- This site is optimized with the Yoast SEO plugin v27.4 - https:\/\/yoast.com\/product\/yoast-seo-wordpress\/ -->\n<title>ACIB e Sincomercio preparam Semana do Fregu\u00eas e Black Friday no com\u00e9rcio de Barretos - Regi\u00e3o News<\/title>\n<meta name=\"robots\" content=\"index, follow, max-snippet:-1, max-image-preview:large, max-video-preview:-1\" \/>\n<link rel=\"canonical\" href=\"https:\/\/regiaonews.net.br\/2022\/2021\/11\/04\/acib-e-sincomercio-preparam-semana-do-fregues-e-black-friday-no-comercio-de-barretos\/\" \/>\n<meta property=\"og:locale\" content=\"pt_BR\" \/>\n<meta property=\"og:type\" content=\"article\" \/>\n<meta property=\"og:title\" content=\"ACIB e Sincomercio preparam Semana do Fregu\u00eas e Black Friday no com\u00e9rcio de Barretos - Regi\u00e3o News\" \/>\n<meta property=\"og:description\" content=\"&nbsp; A ACIB \u2013 Associa\u00e7\u00e3o Comercial e Industrial de Barretos\u00a0\u00a0e\" \/>\n<meta property=\"og:url\" content=\"https:\/\/regiaonews.net.br\/2022\/2021\/11\/04\/acib-e-sincomercio-preparam-semana-do-fregues-e-black-friday-no-comercio-de-barretos\/\" \/>\n<meta property=\"og:site_name\" content=\"Regi\u00e3o News\" \/>\n<meta property=\"article:published_time\" content=\"2021-11-04T18:13:25+00:00\" \/>\n<meta property=\"og:image\" content=\"https:\/\/regiaonews.net.br\/2022\/wp-content\/uploads\/2021\/11\/Black-Friday-1.png\" \/>\n\t<meta property=\"og:image:width\" content=\"1080\" \/>\n\t<meta property=\"og:image:height\" content=\"1080\" \/>\n\t<meta property=\"og:image:type\" content=\"image\/png\" \/>\n<meta name=\"author\" content=\"Roberto\" \/>\n<meta name=\"twitter:card\" content=\"summary_large_image\" \/>\n<meta name=\"twitter:label1\" content=\"Escrito por\" \/>\n\t<meta name=\"twitter:data1\" content=\"Roberto\" \/>\n\t<meta name=\"twitter:label2\" content=\"Est. tempo de leitura\" \/>\n\t<meta name=\"twitter:data2\" content=\"1 minuto\" \/>\n<script type=\"application\/ld+json\" class=\"yoast-schema-graph\">{\"@context\":\"https:\\\/\\\/schema.org\",\"@graph\":[{\"@type\":\"Article\",\"@id\":\"https:\\\/\\\/regiaonews.net.br\\\/2022\\\/2021\\\/11\\\/04\\\/acib-e-sincomercio-preparam-semana-do-fregues-e-black-friday-no-comercio-de-barretos\\\/#article\",\"isPartOf\":{\"@id\":\"https:\\\/\\\/regiaonews.net.br\\\/2022\\\/2021\\\/11\\\/04\\\/acib-e-sincomercio-preparam-semana-do-fregues-e-black-friday-no-comercio-de-barretos\\\/\"},\"author\":{\"name\":\"Roberto\",\"@id\":\"https:\\\/\\\/regiaonews.net.br\\\/2022\\\/#\\\/schema\\\/person\\\/2d205a608a5aa97ac279d7a5e6d89ad8\"},\"headline\":\"ACIB e Sincomercio preparam Semana do Fregu\u00eas e Black Friday no com\u00e9rcio de Barretos\",\"datePublished\":\"2021-11-04T18:13:25+00:00\",\"mainEntityOfPage\":{\"@id\":\"https:\\\/\\\/regiaonews.net.br\\\/2022\\\/2021\\\/11\\\/04\\\/acib-e-sincomercio-preparam-semana-do-fregues-e-black-friday-no-comercio-de-barretos\\\/\"},\"wordCount\":191,\"commentCount\":0,\"publisher\":{\"@id\":\"https:\\\/\\\/regiaonews.net.br\\\/2022\\\/#organization\"},\"image\":{\"@id\":\"https:\\\/\\\/regiaonews.net.br\\\/2022\\\/2021\\\/11\\\/04\\\/acib-e-sincomercio-preparam-semana-do-fregues-e-black-friday-no-comercio-de-barretos\\\/#primaryimage\"},\"thumbnailUrl\":\"https:\\\/\\\/regiaonews.net.br\\\/2022\\\/wp-content\\\/uploads\\\/2021\\\/11\\\/Black-Friday-1.png\",\"articleSection\":[\"Barretos\",\"Cidades\",\"Com\u00e9rcio\"],\"inLanguage\":\"pt-BR\",\"potentialAction\":[{\"@type\":\"CommentAction\",\"name\":\"Comment\",\"target\":[\"https:\\\/\\\/regiaonews.net.br\\\/2022\\\/2021\\\/11\\\/04\\\/acib-e-sincomercio-preparam-semana-do-fregues-e-black-friday-no-comercio-de-barretos\\\/#respond\"]}]},{\"@type\":\"WebPage\",\"@id\":\"https:\\\/\\\/regiaonews.net.br\\\/2022\\\/2021\\\/11\\\/04\\\/acib-e-sincomercio-preparam-semana-do-fregues-e-black-friday-no-comercio-de-barretos\\\/\",\"url\":\"https:\\\/\\\/regiaonews.net.br\\\/2022\\\/2021\\\/11\\\/04\\\/acib-e-sincomercio-preparam-semana-do-fregues-e-black-friday-no-comercio-de-barretos\\\/\",\"name\":\"ACIB e Sincomercio preparam Semana do Fregu\u00eas e Black Friday no com\u00e9rcio de Barretos - Regi\u00e3o News\",\"isPartOf\":{\"@id\":\"https:\\\/\\\/regiaonews.net.br\\\/2022\\\/#website\"},\"primaryImageOfPage\":{\"@id\":\"https:\\\/\\\/regiaonews.net.br\\\/2022\\\/2021\\\/11\\\/04\\\/acib-e-sincomercio-preparam-semana-do-fregues-e-black-friday-no-comercio-de-barretos\\\/#primaryimage\"},\"image\":{\"@id\":\"https:\\\/\\\/regiaonews.net.br\\\/2022\\\/2021\\\/11\\\/04\\\/acib-e-sincomercio-preparam-semana-do-fregues-e-black-friday-no-comercio-de-barretos\\\/#primaryimage\"},\"thumbnailUrl\":\"https:\\\/\\\/regiaonews.net.br\\\/2022\\\/wp-content\\\/uploads\\\/2021\\\/11\\\/Black-Friday-1.png\",\"datePublished\":\"2021-11-04T18:13:25+00:00\",\"breadcrumb\":{\"@id\":\"https:\\\/\\\/regiaonews.net.br\\\/2022\\\/2021\\\/11\\\/04\\\/acib-e-sincomercio-preparam-semana-do-fregues-e-black-friday-no-comercio-de-barretos\\\/#breadcrumb\"},\"inLanguage\":\"pt-BR\",\"potentialAction\":[{\"@type\":\"ReadAction\",\"target\":[\"https:\\\/\\\/regiaonews.net.br\\\/2022\\\/2021\\\/11\\\/04\\\/acib-e-sincomercio-preparam-semana-do-fregues-e-black-friday-no-comercio-de-barretos\\\/\"]}]},{\"@type\":\"ImageObject\",\"inLanguage\":\"pt-BR\",\"@id\":\"https:\\\/\\\/regiaonews.net.br\\\/2022\\\/2021\\\/11\\\/04\\\/acib-e-sincomercio-preparam-semana-do-fregues-e-black-friday-no-comercio-de-barretos\\\/#primaryimage\",\"url\":\"https:\\\/\\\/regiaonews.net.br\\\/2022\\\/wp-content\\\/uploads\\\/2021\\\/11\\\/Black-Friday-1.png\",\"contentUrl\":\"https:\\\/\\\/regiaonews.net.br\\\/2022\\\/wp-content\\\/uploads\\\/2021\\\/11\\\/Black-Friday-1.png\",\"width\":1080,\"height\":1080},{\"@type\":\"BreadcrumbList\",\"@id\":\"https:\\\/\\\/regiaonews.net.br\\\/2022\\\/2021\\\/11\\\/04\\\/acib-e-sincomercio-preparam-semana-do-fregues-e-black-friday-no-comercio-de-barretos\\\/#breadcrumb\",\"itemListElement\":[{\"@type\":\"ListItem\",\"position\":1,\"name\":\"In\u00edcio\",\"item\":\"https:\\\/\\\/regiaonews.net.br\\\/2022\\\/\"},{\"@type\":\"ListItem\",\"position\":2,\"name\":\"ACIB e Sincomercio preparam Semana do Fregu\u00eas e Black Friday no com\u00e9rcio de Barretos\"}]},{\"@type\":\"WebSite\",\"@id\":\"https:\\\/\\\/regiaonews.net.br\\\/2022\\\/#website\",\"url\":\"https:\\\/\\\/regiaonews.net.br\\\/2022\\\/\",\"name\":\"Regi\u00e3o News\",\"description\":\"Site de Not\u00edcias de Barretos e regi\u00e3o\",\"publisher\":{\"@id\":\"https:\\\/\\\/regiaonews.net.br\\\/2022\\\/#organization\"},\"potentialAction\":[{\"@type\":\"SearchAction\",\"target\":{\"@type\":\"EntryPoint\",\"urlTemplate\":\"https:\\\/\\\/regiaonews.net.br\\\/2022\\\/?s={search_term_string}\"},\"query-input\":{\"@type\":\"PropertyValueSpecification\",\"valueRequired\":true,\"valueName\":\"search_term_string\"}}],\"inLanguage\":\"pt-BR\"},{\"@type\":\"Organization\",\"@id\":\"https:\\\/\\\/regiaonews.net.br\\\/2022\\\/#organization\",\"name\":\"Regi\u00e3o News\",\"url\":\"https:\\\/\\\/regiaonews.net.br\\\/2022\\\/\",\"logo\":{\"@type\":\"ImageObject\",\"inLanguage\":\"pt-BR\",\"@id\":\"https:\\\/\\\/regiaonews.net.br\\\/2022\\\/#\\\/schema\\\/logo\\\/image\\\/\",\"url\":\"https:\\\/\\\/regiaonews.net.br\\\/2022\\\/wp-content\\\/uploads\\\/2026\\\/03\\\/regiao-13-anos-scaled.jpg\",\"contentUrl\":\"https:\\\/\\\/regiaonews.net.br\\\/2022\\\/wp-content\\\/uploads\\\/2026\\\/03\\\/regiao-13-anos-scaled.jpg\",\"width\":2560,\"height\":635,\"caption\":\"Regi\u00e3o News\"},\"image\":{\"@id\":\"https:\\\/\\\/regiaonews.net.br\\\/2022\\\/#\\\/schema\\\/logo\\\/image\\\/\"}},{\"@type\":\"Person\",\"@id\":\"https:\\\/\\\/regiaonews.net.br\\\/2022\\\/#\\\/schema\\\/person\\\/2d205a608a5aa97ac279d7a5e6d89ad8\",\"name\":\"Roberto\",\"image\":{\"@type\":\"ImageObject\",\"inLanguage\":\"pt-BR\",\"@id\":\"https:\\\/\\\/secure.gravatar.com\\\/avatar\\\/42749d8b712ff9d59ca93dc150494e5b55a44134482993f5baeb97e61b7ecc89?s=96&d=mm&r=g\",\"url\":\"https:\\\/\\\/secure.gravatar.com\\\/avatar\\\/42749d8b712ff9d59ca93dc150494e5b55a44134482993f5baeb97e61b7ecc89?s=96&d=mm&r=g\",\"contentUrl\":\"https:\\\/\\\/secure.gravatar.com\\\/avatar\\\/42749d8b712ff9d59ca93dc150494e5b55a44134482993f5baeb97e61b7ecc89?s=96&d=mm&r=g\",\"caption\":\"Roberto\"},\"url\":\"https:\\\/\\\/regiaonews.net.br\\\/2022\\\/author\\\/roberto\\\/\"}]}<\/script>\n<!-- \/ Yoast SEO plugin. -->","yoast_head_json":{"title":"ACIB e Sincomercio preparam Semana do Fregu\u00eas e Black Friday no com\u00e9rcio de Barretos - Regi\u00e3o News","robots":{"index":"index","follow":"follow","max-snippet":"max-snippet:-1","max-image-preview":"max-image-preview:large","max-video-preview":"max-video-preview:-1"},"canonical":"https:\/\/regiaonews.net.br\/2022\/2021\/11\/04\/acib-e-sincomercio-preparam-semana-do-fregues-e-black-friday-no-comercio-de-barretos\/","og_locale":"pt_BR","og_type":"article","og_title":"ACIB e Sincomercio preparam Semana do Fregu\u00eas e Black Friday no com\u00e9rcio de Barretos - Regi\u00e3o News","og_description":"&nbsp; A ACIB \u2013 Associa\u00e7\u00e3o Comercial e Industrial de Barretos\u00a0\u00a0e","og_url":"https:\/\/regiaonews.net.br\/2022\/2021\/11\/04\/acib-e-sincomercio-preparam-semana-do-fregues-e-black-friday-no-comercio-de-barretos\/","og_site_name":"Regi\u00e3o News","article_published_time":"2021-11-04T18:13:25+00:00","og_image":[{"width":1080,"height":1080,"url":"https:\/\/regiaonews.net.br\/2022\/wp-content\/uploads\/2021\/11\/Black-Friday-1.png","type":"image\/png"}],"author":"Roberto","twitter_card":"summary_large_image","twitter_misc":{"Escrito por":"Roberto","Est. tempo de leitura":"1 minuto"},"schema":{"@context":"https:\/\/schema.org","@graph":[{"@type":"Article","@id":"https:\/\/regiaonews.net.br\/2022\/2021\/11\/04\/acib-e-sincomercio-preparam-semana-do-fregues-e-black-friday-no-comercio-de-barretos\/#article","isPartOf":{"@id":"https:\/\/regiaonews.net.br\/2022\/2021\/11\/04\/acib-e-sincomercio-preparam-semana-do-fregues-e-black-friday-no-comercio-de-barretos\/"},"author":{"name":"Roberto","@id":"https:\/\/regiaonews.net.br\/2022\/#\/schema\/person\/2d205a608a5aa97ac279d7a5e6d89ad8"},"headline":"ACIB e Sincomercio preparam Semana do Fregu\u00eas e Black Friday no com\u00e9rcio de Barretos","datePublished":"2021-11-04T18:13:25+00:00","mainEntityOfPage":{"@id":"https:\/\/regiaonews.net.br\/2022\/2021\/11\/04\/acib-e-sincomercio-preparam-semana-do-fregues-e-black-friday-no-comercio-de-barretos\/"},"wordCount":191,"commentCount":0,"publisher":{"@id":"https:\/\/regiaonews.net.br\/2022\/#organization"},"image":{"@id":"https:\/\/regiaonews.net.br\/2022\/2021\/11\/04\/acib-e-sincomercio-preparam-semana-do-fregues-e-black-friday-no-comercio-de-barretos\/#primaryimage"},"thumbnailUrl":"https:\/\/regiaonews.net.br\/2022\/wp-content\/uploads\/2021\/11\/Black-Friday-1.png","articleSection":["Barretos","Cidades","Com\u00e9rcio"],"inLanguage":"pt-BR","potentialAction":[{"@type":"CommentAction","name":"Comment","target":["https:\/\/regiaonews.net.br\/2022\/2021\/11\/04\/acib-e-sincomercio-preparam-semana-do-fregues-e-black-friday-no-comercio-de-barretos\/#respond"]}]},{"@type":"WebPage","@id":"https:\/\/regiaonews.net.br\/2022\/2021\/11\/04\/acib-e-sincomercio-preparam-semana-do-fregues-e-black-friday-no-comercio-de-barretos\/","url":"https:\/\/regiaonews.net.br\/2022\/2021\/11\/04\/acib-e-sincomercio-preparam-semana-do-fregues-e-black-friday-no-comercio-de-barretos\/","name":"ACIB e Sincomercio preparam Semana do Fregu\u00eas e Black Friday no com\u00e9rcio de Barretos - Regi\u00e3o News","isPartOf":{"@id":"https:\/\/regiaonews.net.br\/2022\/#website"},"primaryImageOfPage":{"@id":"https:\/\/regiaonews.net.br\/2022\/2021\/11\/04\/acib-e-sincomercio-preparam-semana-do-fregues-e-black-friday-no-comercio-de-barretos\/#primaryimage"},"image":{"@id":"https:\/\/regiaonews.net.br\/2022\/2021\/11\/04\/acib-e-sincomercio-preparam-semana-do-fregues-e-black-friday-no-comercio-de-barretos\/#primaryimage"},"thumbnailUrl":"https:\/\/regiaonews.net.br\/2022\/wp-content\/uploads\/2021\/11\/Black-Friday-1.png","datePublished":"2021-11-04T18:13:25+00:00","breadcrumb":{"@id":"https:\/\/regiaonews.net.br\/2022\/2021\/11\/04\/acib-e-sincomercio-preparam-semana-do-fregues-e-black-friday-no-comercio-de-barretos\/#breadcrumb"},"inLanguage":"pt-BR","potentialAction":[{"@type":"ReadAction","target":["https:\/\/regiaonews.net.br\/2022\/2021\/11\/04\/acib-e-sincomercio-preparam-semana-do-fregues-e-black-friday-no-comercio-de-barretos\/"]}]},{"@type":"ImageObject","inLanguage":"pt-BR","@id":"https:\/\/regiaonews.net.br\/2022\/2021\/11\/04\/acib-e-sincomercio-preparam-semana-do-fregues-e-black-friday-no-comercio-de-barretos\/#primaryimage","url":"https:\/\/regiaonews.net.br\/2022\/wp-content\/uploads\/2021\/11\/Black-Friday-1.png","contentUrl":"https:\/\/regiaonews.net.br\/2022\/wp-content\/uploads\/2021\/11\/Black-Friday-1.png","width":1080,"height":1080},{"@type":"BreadcrumbList","@id":"https:\/\/regiaonews.net.br\/2022\/2021\/11\/04\/acib-e-sincomercio-preparam-semana-do-fregues-e-black-friday-no-comercio-de-barretos\/#breadcrumb","itemListElement":[{"@type":"ListItem","position":1,"name":"In\u00edcio","item":"https:\/\/regiaonews.net.br\/2022\/"},{"@type":"ListItem","position":2,"name":"ACIB e Sincomercio preparam Semana do Fregu\u00eas e Black Friday no com\u00e9rcio de Barretos"}]},{"@type":"WebSite","@id":"https:\/\/regiaonews.net.br\/2022\/#website","url":"https:\/\/regiaonews.net.br\/2022\/","name":"Regi\u00e3o News","description":"Site de Not\u00edcias de Barretos e regi\u00e3o","publisher":{"@id":"https:\/\/regiaonews.net.br\/2022\/#organization"},"potentialAction":[{"@type":"SearchAction","target":{"@type":"EntryPoint","urlTemplate":"https:\/\/regiaonews.net.br\/2022\/?s={search_term_string}"},"query-input":{"@type":"PropertyValueSpecification","valueRequired":true,"valueName":"search_term_string"}}],"inLanguage":"pt-BR"},{"@type":"Organization","@id":"https:\/\/regiaonews.net.br\/2022\/#organization","name":"Regi\u00e3o News","url":"https:\/\/regiaonews.net.br\/2022\/","logo":{"@type":"ImageObject","inLanguage":"pt-BR","@id":"https:\/\/regiaonews.net.br\/2022\/#\/schema\/logo\/image\/","url":"https:\/\/regiaonews.net.br\/2022\/wp-content\/uploads\/2026\/03\/regiao-13-anos-scaled.jpg","contentUrl":"https:\/\/regiaonews.net.br\/2022\/wp-content\/uploads\/2026\/03\/regiao-13-anos-scaled.jpg","width":2560,"height":635,"caption":"Regi\u00e3o News"},"image":{"@id":"https:\/\/regiaonews.net.br\/2022\/#\/schema\/logo\/image\/"}},{"@type":"Person","@id":"https:\/\/regiaonews.net.br\/2022\/#\/schema\/person\/2d205a608a5aa97ac279d7a5e6d89ad8","name":"Roberto","image":{"@type":"ImageObject","inLanguage":"pt-BR","@id":"https:\/\/secure.gravatar.com\/avatar\/42749d8b712ff9d59ca93dc150494e5b55a44134482993f5baeb97e61b7ecc89?s=96&d=mm&r=g","url":"https:\/\/secure.gravatar.com\/avatar\/42749d8b712ff9d59ca93dc150494e5b55a44134482993f5baeb97e61b7ecc89?s=96&d=mm&r=g","contentUrl":"https:\/\/secure.gravatar.com\/avatar\/42749d8b712ff9d59ca93dc150494e5b55a44134482993f5baeb97e61b7ecc89?s=96&d=mm&r=g","caption":"Roberto"},"url":"https:\/\/regiaonews.net.br\/2022\/author\/roberto\/"}]}},"publishpress_future_action":{"enabled":false,"date":"2026-05-05 09:14:38","action":"change-status","newStatus":"draft","terms":[],"taxonomy":"category","extraData":[]},"publishpress_future_workflow_manual_trigger":{"enabledWorkflows":[]},"_links":{"self":[{"href":"https:\/\/regiaonews.net.br\/2022\/wp-json\/wp\/v2\/posts\/55756","targetHints":{"allow":["GET"]}}],"collection":[{"href":"https:\/\/regiaonews.net.br\/2022\/wp-json\/wp\/v2\/posts"}],"about":[{"href":"https:\/\/regiaonews.net.br\/2022\/wp-json\/wp\/v2\/types\/post"}],"author":[{"embeddable":true,"href":"https:\/\/regiaonews.net.br\/2022\/wp-json\/wp\/v2\/users\/2"}],"replies":[{"embeddable":true,"href":"https:\/\/regiaonews.net.br\/2022\/wp-json\/wp\/v2\/comments?post=55756"}],"version-history":[{"count":0,"href":"https:\/\/regiaonews.net.br\/2022\/wp-json\/wp\/v2\/posts\/55756\/revisions"}],"wp:featuredmedia":[{"embeddable":true,"href":"https:\/\/regiaonews.net.br\/2022\/wp-json\/wp\/v2\/media\/55757"}],"wp:attachment":[{"href":"https:\/\/regiaonews.net.br\/2022\/wp-json\/wp\/v2\/media?parent=55756"}],"wp:term":[{"taxonomy":"category","embeddable":true,"href":"https:\/\/regiaonews.net.br\/2022\/wp-json\/wp\/v2\/categories?post=55756"},{"taxonomy":"post_tag","embeddable":true,"href":"https:\/\/regiaonews.net.br\/2022\/wp-json\/wp\/v2\/tags?post=55756"}],"curies":[{"name":"wp","href":"https:\/\/api.w.org\/{rel}","templated":true}]}}