{"id":55749,"date":"2021-11-04T15:07:02","date_gmt":"2021-11-04T18:07:02","guid":{"rendered":"https:\/\/regiaonews.net.br\/2022\/?p=55749"},"modified":"2021-11-04T15:09:10","modified_gmt":"2021-11-04T18:09:10","slug":"north-shopping-barretos-apresenta-campanha-natal-2021-2","status":"publish","type":"post","link":"https:\/\/regiaonews.net.br\/2022\/2021\/11\/04\/north-shopping-barretos-apresenta-campanha-natal-2021-2\/","title":{"rendered":"North Shopping Barretos apresenta campanha Natal 2021"},"content":{"rendered":"<p align=\"center\"><b><a href=\"https:\/\/regiaonews.net.br\/2022\/wp-content\/uploads\/2021\/11\/NSB-NATAL-2021-1.jpg\"><img loading=\"lazy\" decoding=\"async\" class=\"alignnone size-medium wp-image-55751\" src=\"https:\/\/regiaonews.net.br\/2022\/wp-content\/uploads\/2021\/11\/NSB-NATAL-2021-1-240x300.jpg\" alt=\"\" width=\"240\" height=\"300\" \/><\/a><\/b><\/p>\n<p align=\"center\"><i>Aposta na retomada da economia\u00a0 anima administra\u00e7\u00e3o e lojistas do centro de compras barretense<\/i><\/p>\n<p align=\"center\"><i>\u00a0<\/i><\/p>\n<p>Nesta quarta, dia 03 de novembro, o North Shopping Barretos lan\u00e7a oficialmente \u00a0a campanha \u201cNatal North Shopping \u2013 Um verdadeiro Presente\u201d, que d\u00e1 o tom para as promo\u00e7\u00f5es do final de ano no centro de compras.<\/p>\n<p><a href=\"https:\/\/regiaonews.net.br\/2022\/wp-content\/uploads\/2021\/11\/WhatsApp-Image-2021-11-04-at-13.52.13.jpeg\"><img loading=\"lazy\" decoding=\"async\" class=\"alignnone size-medium wp-image-55753\" src=\"https:\/\/regiaonews.net.br\/2022\/wp-content\/uploads\/2021\/11\/WhatsApp-Image-2021-11-04-at-13.52.13-300x300.jpeg\" alt=\"\" width=\"300\" height=\"300\" \/><\/a><\/p>\n<p>&nbsp;<\/p>\n<p>Completando seus 11 anos de hist\u00f3ria no pr\u00f3ximo dia 05 \u00a0de dezembro, o shopping traz uma grande novidade para a retomada do com\u00e9rcio presencial. A partir do dia 19 de novembro, a cada R$ 150 em compras, os clientes v\u00e3o concorrer a uma das 11 motos Honda Biz OKm, ou seja, uma moto para comemorar cada ano de exist\u00eancia do empreendimento.<\/p>\n<p><a href=\"https:\/\/regiaonews.net.br\/2022\/wp-content\/uploads\/2021\/11\/WhatsApp-Image-2021-11-01-at-18.34.36.jpeg\"><img loading=\"lazy\" decoding=\"async\" class=\"alignnone size-medium wp-image-55620\" src=\"https:\/\/regiaonews.net.br\/2022\/wp-content\/uploads\/2021\/11\/WhatsApp-Image-2021-11-01-at-18.34.36-300x300.jpeg\" alt=\"\" width=\"300\" height=\"300\" \/><\/a><\/p>\n<p>&nbsp;<\/p>\n<p>As \u00a0pe\u00e7as publicit\u00e1rias assinadas pela ag\u00eancia Trilhas de Ribeir\u00e3o Preto trazem uma fam\u00edlia barretense como destaque, onde o advogado Matheus Vicentini Augusto e a esposa, a empres\u00e1ria Fernanda Garcia e os filhos g\u00eameos, Pedro e Henrique junto da mascotinha da casa, a cachorrinha Belinha deram o charme a campanha.\u00a0 Fernanda, que tamb\u00e9m \u00e9 lojista no shopping, no comando da Casa Pedro Garcia, conta que \u201cfoi um privil\u00e9gio poder realizar essas fotos para a campanha do North Shopping. Minha fam\u00edlia \u00e9, sem d\u00favida, meu maior orgulho e poder apresent\u00e1-la como a fam\u00edlia do Natal do Shopping \u00e9 uma honra\u201d, disse.<\/p>\n<p><a href=\"https:\/\/regiaonews.net.br\/2022\/wp-content\/uploads\/2021\/11\/WhatsApp-Image-2021-11-04-at-13.52.13-2.jpeg\"><img loading=\"lazy\" decoding=\"async\" class=\"alignnone size-medium wp-image-55744\" src=\"https:\/\/regiaonews.net.br\/2022\/wp-content\/uploads\/2021\/11\/WhatsApp-Image-2021-11-04-at-13.52.13-2-300x300.jpeg\" alt=\"\" width=\"300\" height=\"300\" \/><\/a><\/p>\n<p>O gerente geral do shopping, Ricardo Martins Marques, pontuou que a campanha de Natal, com suas 11 motos ser\u00e1 complementada por uma decora\u00e7\u00e3o que invade todas as \u00e1reas comuns do centro de compra, inclusive com a presen\u00e7a do Papai Noel, em pessoa, tendo a inaugura\u00e7\u00e3o marcada para o domingo, 07 de novembro \u00e0s 16h. \u201cEstamos muito felizes com o lan\u00e7amento desta campanha t\u00e3o especial, que celebra um Natal diferente, onde a esperan\u00e7a por dias melhores n\u00e3o \u00e9 apenas uma das frases ditas nesta \u00e9poca, mas o desejo concreto de todos. Afinal, estamos h\u00e1 20 meses vivendo uma pandemia sem precedentes que come\u00e7a a apresentar novas perspectivas com a retomada real do com\u00e9rcio presencial. Queremos receber nossos clientes e amigos com toda alegria, festa, pr\u00eamios e sentimento de amor que esta temporada merece\u201d, completou Ricardo.<\/p>\n<p>&nbsp;<\/p>\n<p>O regulamento completo da campanha \u201cNatal North Shopping \u2013 Um verdadeiro presente\u201d pode ser encontrado no site:\u00a0<a id=\"LPlnk770250\" href=\"http:\/\/www.northshoppingbarretos.com.br\/\" target=\"_blank\" rel=\"noopener noreferrer\" data-auth=\"NotApplicable\" data-linkindex=\"0\">www.northshoppingbarretos.com.br<\/a>. Os cupons podem ser trocados no posto defronte a Prime C\u00e2mbio, at\u00e9 o dia 7 de janeiro de 2022 de segunda a s\u00e1bado das 10 \u00e0s 22h e domingos e feriados das 12 \u00e0s 20h.\u00a0 O grande sorteio das 11 motocicletas ser\u00e1 ao vivo no dia 10 de janeiro, na Pra\u00e7a de Alimenta\u00e7\u00e3o.<\/p>\n<p>&nbsp;<\/p>\n","protected":false},"excerpt":{"rendered":"<p>Aposta na retomada da economia\u00a0 anima administra\u00e7\u00e3o e lojistas do<\/p>\n","protected":false},"author":2,"featured_media":55751,"comment_status":"open","ping_status":"open","sticky":false,"template":"","format":"standard","meta":{"footnotes":""},"categories":[14,25,48],"tags":[],"class_list":["post-55749","post","type-post","status-publish","format-standard","has-post-thumbnail","hentry","category-barretos","category-cidades","category-comercio"],"yoast_head":"<!-- This site is optimized with the Yoast SEO plugin v27.4 - https:\/\/yoast.com\/product\/yoast-seo-wordpress\/ -->\n<title>North Shopping Barretos apresenta campanha Natal 2021 - Regi\u00e3o News<\/title>\n<meta name=\"robots\" content=\"index, follow, max-snippet:-1, max-image-preview:large, max-video-preview:-1\" \/>\n<link rel=\"canonical\" href=\"https:\/\/regiaonews.net.br\/2022\/2021\/11\/04\/north-shopping-barretos-apresenta-campanha-natal-2021-2\/\" \/>\n<meta property=\"og:locale\" content=\"pt_BR\" \/>\n<meta property=\"og:type\" content=\"article\" \/>\n<meta property=\"og:title\" content=\"North Shopping Barretos apresenta campanha Natal 2021 - Regi\u00e3o News\" \/>\n<meta property=\"og:description\" content=\"Aposta na retomada da economia\u00a0 anima administra\u00e7\u00e3o e lojistas do\" \/>\n<meta property=\"og:url\" content=\"https:\/\/regiaonews.net.br\/2022\/2021\/11\/04\/north-shopping-barretos-apresenta-campanha-natal-2021-2\/\" \/>\n<meta property=\"og:site_name\" content=\"Regi\u00e3o News\" \/>\n<meta property=\"article:published_time\" content=\"2021-11-04T18:07:02+00:00\" \/>\n<meta property=\"article:modified_time\" content=\"2021-11-04T18:09:10+00:00\" \/>\n<meta property=\"og:image\" content=\"https:\/\/regiaonews.net.br\/2022\/wp-content\/uploads\/2021\/11\/NSB-NATAL-2021-1.jpg\" \/>\n\t<meta property=\"og:image:width\" content=\"540\" \/>\n\t<meta property=\"og:image:height\" content=\"675\" \/>\n\t<meta property=\"og:image:type\" content=\"image\/jpeg\" \/>\n<meta name=\"author\" content=\"Roberto\" \/>\n<meta name=\"twitter:card\" content=\"summary_large_image\" \/>\n<meta name=\"twitter:label1\" content=\"Escrito por\" \/>\n\t<meta name=\"twitter:data1\" content=\"Roberto\" \/>\n\t<meta name=\"twitter:label2\" content=\"Est. tempo de leitura\" \/>\n\t<meta name=\"twitter:data2\" content=\"2 minutos\" \/>\n<script type=\"application\/ld+json\" class=\"yoast-schema-graph\">{\"@context\":\"https:\\\/\\\/schema.org\",\"@graph\":[{\"@type\":\"Article\",\"@id\":\"https:\\\/\\\/regiaonews.net.br\\\/2022\\\/2021\\\/11\\\/04\\\/north-shopping-barretos-apresenta-campanha-natal-2021-2\\\/#article\",\"isPartOf\":{\"@id\":\"https:\\\/\\\/regiaonews.net.br\\\/2022\\\/2021\\\/11\\\/04\\\/north-shopping-barretos-apresenta-campanha-natal-2021-2\\\/\"},\"author\":{\"name\":\"Roberto\",\"@id\":\"https:\\\/\\\/regiaonews.net.br\\\/2022\\\/#\\\/schema\\\/person\\\/2d205a608a5aa97ac279d7a5e6d89ad8\"},\"headline\":\"North Shopping Barretos apresenta campanha Natal 2021\",\"datePublished\":\"2021-11-04T18:07:02+00:00\",\"dateModified\":\"2021-11-04T18:09:10+00:00\",\"mainEntityOfPage\":{\"@id\":\"https:\\\/\\\/regiaonews.net.br\\\/2022\\\/2021\\\/11\\\/04\\\/north-shopping-barretos-apresenta-campanha-natal-2021-2\\\/\"},\"wordCount\":442,\"commentCount\":0,\"publisher\":{\"@id\":\"https:\\\/\\\/regiaonews.net.br\\\/2022\\\/#organization\"},\"image\":{\"@id\":\"https:\\\/\\\/regiaonews.net.br\\\/2022\\\/2021\\\/11\\\/04\\\/north-shopping-barretos-apresenta-campanha-natal-2021-2\\\/#primaryimage\"},\"thumbnailUrl\":\"https:\\\/\\\/regiaonews.net.br\\\/2022\\\/wp-content\\\/uploads\\\/2021\\\/11\\\/NSB-NATAL-2021-1.jpg\",\"articleSection\":[\"Barretos\",\"Cidades\",\"Com\u00e9rcio\"],\"inLanguage\":\"pt-BR\",\"potentialAction\":[{\"@type\":\"CommentAction\",\"name\":\"Comment\",\"target\":[\"https:\\\/\\\/regiaonews.net.br\\\/2022\\\/2021\\\/11\\\/04\\\/north-shopping-barretos-apresenta-campanha-natal-2021-2\\\/#respond\"]}]},{\"@type\":\"WebPage\",\"@id\":\"https:\\\/\\\/regiaonews.net.br\\\/2022\\\/2021\\\/11\\\/04\\\/north-shopping-barretos-apresenta-campanha-natal-2021-2\\\/\",\"url\":\"https:\\\/\\\/regiaonews.net.br\\\/2022\\\/2021\\\/11\\\/04\\\/north-shopping-barretos-apresenta-campanha-natal-2021-2\\\/\",\"name\":\"North Shopping Barretos apresenta campanha Natal 2021 - Regi\u00e3o News\",\"isPartOf\":{\"@id\":\"https:\\\/\\\/regiaonews.net.br\\\/2022\\\/#website\"},\"primaryImageOfPage\":{\"@id\":\"https:\\\/\\\/regiaonews.net.br\\\/2022\\\/2021\\\/11\\\/04\\\/north-shopping-barretos-apresenta-campanha-natal-2021-2\\\/#primaryimage\"},\"image\":{\"@id\":\"https:\\\/\\\/regiaonews.net.br\\\/2022\\\/2021\\\/11\\\/04\\\/north-shopping-barretos-apresenta-campanha-natal-2021-2\\\/#primaryimage\"},\"thumbnailUrl\":\"https:\\\/\\\/regiaonews.net.br\\\/2022\\\/wp-content\\\/uploads\\\/2021\\\/11\\\/NSB-NATAL-2021-1.jpg\",\"datePublished\":\"2021-11-04T18:07:02+00:00\",\"dateModified\":\"2021-11-04T18:09:10+00:00\",\"breadcrumb\":{\"@id\":\"https:\\\/\\\/regiaonews.net.br\\\/2022\\\/2021\\\/11\\\/04\\\/north-shopping-barretos-apresenta-campanha-natal-2021-2\\\/#breadcrumb\"},\"inLanguage\":\"pt-BR\",\"potentialAction\":[{\"@type\":\"ReadAction\",\"target\":[\"https:\\\/\\\/regiaonews.net.br\\\/2022\\\/2021\\\/11\\\/04\\\/north-shopping-barretos-apresenta-campanha-natal-2021-2\\\/\"]}]},{\"@type\":\"ImageObject\",\"inLanguage\":\"pt-BR\",\"@id\":\"https:\\\/\\\/regiaonews.net.br\\\/2022\\\/2021\\\/11\\\/04\\\/north-shopping-barretos-apresenta-campanha-natal-2021-2\\\/#primaryimage\",\"url\":\"https:\\\/\\\/regiaonews.net.br\\\/2022\\\/wp-content\\\/uploads\\\/2021\\\/11\\\/NSB-NATAL-2021-1.jpg\",\"contentUrl\":\"https:\\\/\\\/regiaonews.net.br\\\/2022\\\/wp-content\\\/uploads\\\/2021\\\/11\\\/NSB-NATAL-2021-1.jpg\",\"width\":540,\"height\":675},{\"@type\":\"BreadcrumbList\",\"@id\":\"https:\\\/\\\/regiaonews.net.br\\\/2022\\\/2021\\\/11\\\/04\\\/north-shopping-barretos-apresenta-campanha-natal-2021-2\\\/#breadcrumb\",\"itemListElement\":[{\"@type\":\"ListItem\",\"position\":1,\"name\":\"In\u00edcio\",\"item\":\"https:\\\/\\\/regiaonews.net.br\\\/2022\\\/\"},{\"@type\":\"ListItem\",\"position\":2,\"name\":\"North Shopping Barretos apresenta campanha Natal 2021\"}]},{\"@type\":\"WebSite\",\"@id\":\"https:\\\/\\\/regiaonews.net.br\\\/2022\\\/#website\",\"url\":\"https:\\\/\\\/regiaonews.net.br\\\/2022\\\/\",\"name\":\"Regi\u00e3o News\",\"description\":\"Site de Not\u00edcias de Barretos e regi\u00e3o\",\"publisher\":{\"@id\":\"https:\\\/\\\/regiaonews.net.br\\\/2022\\\/#organization\"},\"potentialAction\":[{\"@type\":\"SearchAction\",\"target\":{\"@type\":\"EntryPoint\",\"urlTemplate\":\"https:\\\/\\\/regiaonews.net.br\\\/2022\\\/?s={search_term_string}\"},\"query-input\":{\"@type\":\"PropertyValueSpecification\",\"valueRequired\":true,\"valueName\":\"search_term_string\"}}],\"inLanguage\":\"pt-BR\"},{\"@type\":\"Organization\",\"@id\":\"https:\\\/\\\/regiaonews.net.br\\\/2022\\\/#organization\",\"name\":\"Regi\u00e3o News\",\"url\":\"https:\\\/\\\/regiaonews.net.br\\\/2022\\\/\",\"logo\":{\"@type\":\"ImageObject\",\"inLanguage\":\"pt-BR\",\"@id\":\"https:\\\/\\\/regiaonews.net.br\\\/2022\\\/#\\\/schema\\\/logo\\\/image\\\/\",\"url\":\"https:\\\/\\\/regiaonews.net.br\\\/2022\\\/wp-content\\\/uploads\\\/2026\\\/03\\\/regiao-13-anos-scaled.jpg\",\"contentUrl\":\"https:\\\/\\\/regiaonews.net.br\\\/2022\\\/wp-content\\\/uploads\\\/2026\\\/03\\\/regiao-13-anos-scaled.jpg\",\"width\":2560,\"height\":635,\"caption\":\"Regi\u00e3o News\"},\"image\":{\"@id\":\"https:\\\/\\\/regiaonews.net.br\\\/2022\\\/#\\\/schema\\\/logo\\\/image\\\/\"}},{\"@type\":\"Person\",\"@id\":\"https:\\\/\\\/regiaonews.net.br\\\/2022\\\/#\\\/schema\\\/person\\\/2d205a608a5aa97ac279d7a5e6d89ad8\",\"name\":\"Roberto\",\"image\":{\"@type\":\"ImageObject\",\"inLanguage\":\"pt-BR\",\"@id\":\"https:\\\/\\\/secure.gravatar.com\\\/avatar\\\/42749d8b712ff9d59ca93dc150494e5b55a44134482993f5baeb97e61b7ecc89?s=96&d=mm&r=g\",\"url\":\"https:\\\/\\\/secure.gravatar.com\\\/avatar\\\/42749d8b712ff9d59ca93dc150494e5b55a44134482993f5baeb97e61b7ecc89?s=96&d=mm&r=g\",\"contentUrl\":\"https:\\\/\\\/secure.gravatar.com\\\/avatar\\\/42749d8b712ff9d59ca93dc150494e5b55a44134482993f5baeb97e61b7ecc89?s=96&d=mm&r=g\",\"caption\":\"Roberto\"},\"url\":\"https:\\\/\\\/regiaonews.net.br\\\/2022\\\/author\\\/roberto\\\/\"}]}<\/script>\n<!-- \/ Yoast SEO plugin. -->","yoast_head_json":{"title":"North Shopping Barretos apresenta campanha Natal 2021 - Regi\u00e3o News","robots":{"index":"index","follow":"follow","max-snippet":"max-snippet:-1","max-image-preview":"max-image-preview:large","max-video-preview":"max-video-preview:-1"},"canonical":"https:\/\/regiaonews.net.br\/2022\/2021\/11\/04\/north-shopping-barretos-apresenta-campanha-natal-2021-2\/","og_locale":"pt_BR","og_type":"article","og_title":"North Shopping Barretos apresenta campanha Natal 2021 - Regi\u00e3o News","og_description":"Aposta na retomada da economia\u00a0 anima administra\u00e7\u00e3o e lojistas do","og_url":"https:\/\/regiaonews.net.br\/2022\/2021\/11\/04\/north-shopping-barretos-apresenta-campanha-natal-2021-2\/","og_site_name":"Regi\u00e3o News","article_published_time":"2021-11-04T18:07:02+00:00","article_modified_time":"2021-11-04T18:09:10+00:00","og_image":[{"width":540,"height":675,"url":"https:\/\/regiaonews.net.br\/2022\/wp-content\/uploads\/2021\/11\/NSB-NATAL-2021-1.jpg","type":"image\/jpeg"}],"author":"Roberto","twitter_card":"summary_large_image","twitter_misc":{"Escrito por":"Roberto","Est. tempo de leitura":"2 minutos"},"schema":{"@context":"https:\/\/schema.org","@graph":[{"@type":"Article","@id":"https:\/\/regiaonews.net.br\/2022\/2021\/11\/04\/north-shopping-barretos-apresenta-campanha-natal-2021-2\/#article","isPartOf":{"@id":"https:\/\/regiaonews.net.br\/2022\/2021\/11\/04\/north-shopping-barretos-apresenta-campanha-natal-2021-2\/"},"author":{"name":"Roberto","@id":"https:\/\/regiaonews.net.br\/2022\/#\/schema\/person\/2d205a608a5aa97ac279d7a5e6d89ad8"},"headline":"North Shopping Barretos apresenta campanha Natal 2021","datePublished":"2021-11-04T18:07:02+00:00","dateModified":"2021-11-04T18:09:10+00:00","mainEntityOfPage":{"@id":"https:\/\/regiaonews.net.br\/2022\/2021\/11\/04\/north-shopping-barretos-apresenta-campanha-natal-2021-2\/"},"wordCount":442,"commentCount":0,"publisher":{"@id":"https:\/\/regiaonews.net.br\/2022\/#organization"},"image":{"@id":"https:\/\/regiaonews.net.br\/2022\/2021\/11\/04\/north-shopping-barretos-apresenta-campanha-natal-2021-2\/#primaryimage"},"thumbnailUrl":"https:\/\/regiaonews.net.br\/2022\/wp-content\/uploads\/2021\/11\/NSB-NATAL-2021-1.jpg","articleSection":["Barretos","Cidades","Com\u00e9rcio"],"inLanguage":"pt-BR","potentialAction":[{"@type":"CommentAction","name":"Comment","target":["https:\/\/regiaonews.net.br\/2022\/2021\/11\/04\/north-shopping-barretos-apresenta-campanha-natal-2021-2\/#respond"]}]},{"@type":"WebPage","@id":"https:\/\/regiaonews.net.br\/2022\/2021\/11\/04\/north-shopping-barretos-apresenta-campanha-natal-2021-2\/","url":"https:\/\/regiaonews.net.br\/2022\/2021\/11\/04\/north-shopping-barretos-apresenta-campanha-natal-2021-2\/","name":"North Shopping Barretos apresenta campanha Natal 2021 - Regi\u00e3o News","isPartOf":{"@id":"https:\/\/regiaonews.net.br\/2022\/#website"},"primaryImageOfPage":{"@id":"https:\/\/regiaonews.net.br\/2022\/2021\/11\/04\/north-shopping-barretos-apresenta-campanha-natal-2021-2\/#primaryimage"},"image":{"@id":"https:\/\/regiaonews.net.br\/2022\/2021\/11\/04\/north-shopping-barretos-apresenta-campanha-natal-2021-2\/#primaryimage"},"thumbnailUrl":"https:\/\/regiaonews.net.br\/2022\/wp-content\/uploads\/2021\/11\/NSB-NATAL-2021-1.jpg","datePublished":"2021-11-04T18:07:02+00:00","dateModified":"2021-11-04T18:09:10+00:00","breadcrumb":{"@id":"https:\/\/regiaonews.net.br\/2022\/2021\/11\/04\/north-shopping-barretos-apresenta-campanha-natal-2021-2\/#breadcrumb"},"inLanguage":"pt-BR","potentialAction":[{"@type":"ReadAction","target":["https:\/\/regiaonews.net.br\/2022\/2021\/11\/04\/north-shopping-barretos-apresenta-campanha-natal-2021-2\/"]}]},{"@type":"ImageObject","inLanguage":"pt-BR","@id":"https:\/\/regiaonews.net.br\/2022\/2021\/11\/04\/north-shopping-barretos-apresenta-campanha-natal-2021-2\/#primaryimage","url":"https:\/\/regiaonews.net.br\/2022\/wp-content\/uploads\/2021\/11\/NSB-NATAL-2021-1.jpg","contentUrl":"https:\/\/regiaonews.net.br\/2022\/wp-content\/uploads\/2021\/11\/NSB-NATAL-2021-1.jpg","width":540,"height":675},{"@type":"BreadcrumbList","@id":"https:\/\/regiaonews.net.br\/2022\/2021\/11\/04\/north-shopping-barretos-apresenta-campanha-natal-2021-2\/#breadcrumb","itemListElement":[{"@type":"ListItem","position":1,"name":"In\u00edcio","item":"https:\/\/regiaonews.net.br\/2022\/"},{"@type":"ListItem","position":2,"name":"North Shopping Barretos apresenta campanha Natal 2021"}]},{"@type":"WebSite","@id":"https:\/\/regiaonews.net.br\/2022\/#website","url":"https:\/\/regiaonews.net.br\/2022\/","name":"Regi\u00e3o News","description":"Site de Not\u00edcias de Barretos e regi\u00e3o","publisher":{"@id":"https:\/\/regiaonews.net.br\/2022\/#organization"},"potentialAction":[{"@type":"SearchAction","target":{"@type":"EntryPoint","urlTemplate":"https:\/\/regiaonews.net.br\/2022\/?s={search_term_string}"},"query-input":{"@type":"PropertyValueSpecification","valueRequired":true,"valueName":"search_term_string"}}],"inLanguage":"pt-BR"},{"@type":"Organization","@id":"https:\/\/regiaonews.net.br\/2022\/#organization","name":"Regi\u00e3o News","url":"https:\/\/regiaonews.net.br\/2022\/","logo":{"@type":"ImageObject","inLanguage":"pt-BR","@id":"https:\/\/regiaonews.net.br\/2022\/#\/schema\/logo\/image\/","url":"https:\/\/regiaonews.net.br\/2022\/wp-content\/uploads\/2026\/03\/regiao-13-anos-scaled.jpg","contentUrl":"https:\/\/regiaonews.net.br\/2022\/wp-content\/uploads\/2026\/03\/regiao-13-anos-scaled.jpg","width":2560,"height":635,"caption":"Regi\u00e3o News"},"image":{"@id":"https:\/\/regiaonews.net.br\/2022\/#\/schema\/logo\/image\/"}},{"@type":"Person","@id":"https:\/\/regiaonews.net.br\/2022\/#\/schema\/person\/2d205a608a5aa97ac279d7a5e6d89ad8","name":"Roberto","image":{"@type":"ImageObject","inLanguage":"pt-BR","@id":"https:\/\/secure.gravatar.com\/avatar\/42749d8b712ff9d59ca93dc150494e5b55a44134482993f5baeb97e61b7ecc89?s=96&d=mm&r=g","url":"https:\/\/secure.gravatar.com\/avatar\/42749d8b712ff9d59ca93dc150494e5b55a44134482993f5baeb97e61b7ecc89?s=96&d=mm&r=g","contentUrl":"https:\/\/secure.gravatar.com\/avatar\/42749d8b712ff9d59ca93dc150494e5b55a44134482993f5baeb97e61b7ecc89?s=96&d=mm&r=g","caption":"Roberto"},"url":"https:\/\/regiaonews.net.br\/2022\/author\/roberto\/"}]}},"publishpress_future_action":{"enabled":false,"date":"2026-05-05 09:12:02","action":"change-status","newStatus":"draft","terms":[],"taxonomy":"category","extraData":[]},"publishpress_future_workflow_manual_trigger":{"enabledWorkflows":[]},"_links":{"self":[{"href":"https:\/\/regiaonews.net.br\/2022\/wp-json\/wp\/v2\/posts\/55749","targetHints":{"allow":["GET"]}}],"collection":[{"href":"https:\/\/regiaonews.net.br\/2022\/wp-json\/wp\/v2\/posts"}],"about":[{"href":"https:\/\/regiaonews.net.br\/2022\/wp-json\/wp\/v2\/types\/post"}],"author":[{"embeddable":true,"href":"https:\/\/regiaonews.net.br\/2022\/wp-json\/wp\/v2\/users\/2"}],"replies":[{"embeddable":true,"href":"https:\/\/regiaonews.net.br\/2022\/wp-json\/wp\/v2\/comments?post=55749"}],"version-history":[{"count":0,"href":"https:\/\/regiaonews.net.br\/2022\/wp-json\/wp\/v2\/posts\/55749\/revisions"}],"wp:featuredmedia":[{"embeddable":true,"href":"https:\/\/regiaonews.net.br\/2022\/wp-json\/wp\/v2\/media\/55751"}],"wp:attachment":[{"href":"https:\/\/regiaonews.net.br\/2022\/wp-json\/wp\/v2\/media?parent=55749"}],"wp:term":[{"taxonomy":"category","embeddable":true,"href":"https:\/\/regiaonews.net.br\/2022\/wp-json\/wp\/v2\/categories?post=55749"},{"taxonomy":"post_tag","embeddable":true,"href":"https:\/\/regiaonews.net.br\/2022\/wp-json\/wp\/v2\/tags?post=55749"}],"curies":[{"name":"wp","href":"https:\/\/api.w.org\/{rel}","templated":true}]}}