{"id":55712,"date":"2021-11-03T15:51:57","date_gmt":"2021-11-03T18:51:57","guid":{"rendered":"https:\/\/regiaonews.net.br\/2022\/?p=55712"},"modified":"2021-11-03T23:24:11","modified_gmt":"2021-11-04T02:24:11","slug":"curso-de-arquitetura-do-unifeb-incentiva-alunos-a-criarem-projeto-urbanistico-de-desenvolvimento-sustentavel-para-barretos","status":"publish","type":"post","link":"https:\/\/regiaonews.net.br\/2022\/2021\/11\/03\/curso-de-arquitetura-do-unifeb-incentiva-alunos-a-criarem-projeto-urbanistico-de-desenvolvimento-sustentavel-para-barretos\/","title":{"rendered":"Curso de Arquitetura do UNIFEB incentiva alunos a criarem projeto para Barretos \u00a0\u00a0"},"content":{"rendered":"<p><a href=\"https:\/\/regiaonews.net.br\/2022\/wp-content\/uploads\/2021\/11\/Fab-Lab-UNIFEB.jpeg\"><img loading=\"lazy\" decoding=\"async\" class=\"alignnone size-medium wp-image-55713\" src=\"https:\/\/regiaonews.net.br\/2022\/wp-content\/uploads\/2021\/11\/Fab-Lab-UNIFEB-300x225.jpeg\" alt=\"\" width=\"300\" height=\"225\" \/><\/a><\/p>\n<p>&nbsp;<\/p>\n<p><b>\u00a0 <\/b><b><i>A conclus\u00e3o do estudo promete sugerir \u00e0 comunidade diversas interven\u00e7\u00f5es arquitet\u00f4nicas com foco na sustentabilidade\u00a0\u00a0\u00a0<\/i><\/b><\/p>\n<p>A sustentabilidade \u00e9 um dos assuntos mais importantes do momento e os alunos do segundo termo do curso de Arquitetura do UNIFEB (Centro Universit\u00e1rio da Funda\u00e7\u00e3o Educacional de Barretos) est\u00e3o desenvolvendo um projeto integrador com foco neste tema.<\/p>\n<p>De acordo com a professora dos cursos de Arquitetura e Urbanismo e Engenharia Civil do UNIFEB, Priscila Mirapalhete Rodegheri, o projeto integrador \u201cArquitetura e Sustentabilidade\u201d tem o objetivo de promover a consci\u00eancia de que vivemos em um planeta com recursos limitados. \u201cNossa proposta \u00e9 desenvolver projetos arquitet\u00f4nicos e urban\u00edsticos vinculados \u00e0 sustentabilidade e destacar aos futuros arquitetos seu papel de agente modificador do ambiente em que vivemos\u201d, ressaltou.<\/p>\n<p>No UNIFEB, essa din\u00e2mica visa integrar as demais disciplinas ministradas no semestre e contextualizar a fun\u00e7\u00e3o do arquiteto no tema sustentabilidade. \u201cPara isso, a disciplina de \u2018PI: Arquitetura e Sustentabilidade\u2019 integra as disciplinas de Desenho Arquitet\u00f4nico, Concep\u00e7\u00e3o de Projeto Urban\u00edstico, Hist\u00f3ria da Arquitetura, Linguagem e Express\u00e3o Pl\u00e1stica Espacial, que s\u00e3o ministradas no\u00a0segundo\u00a0semestre do curso de arquitetura e urbanismo do UNIFEB\u201d, explica a professora Priscila.<\/p>\n<p>O projeto \u00e9 t\u00e3o interessante que os alunos est\u00e3o conseguindo engajar a popula\u00e7\u00e3o de diversas regi\u00f5es da cidade a fim de que apresentem os problemas e caracter\u00edsticas do local. \u201cOs estudantes est\u00e3o trabalhando com propostas de interven\u00e7\u00f5es e, para isso, a comunidade local est\u00e1 sendo consultada em visitas t\u00e9cnicas para coleta de dados. Ao final do semestre teremos propostas estruturadas em formato de projetos arquitet\u00f4nicos\u00a0e urban\u00edsticos\u00a0que poder\u00e3o beneficiar Barretos e sua popula\u00e7\u00e3o\u201d, explica Priscila.<\/p>\n<p>Em rela\u00e7\u00e3o \u00e0 sustentabilidade, a professora do UNIFEB destaca que o assunto n\u00e3o pode estar vinculado apenas ao meio\u00a0ambiente\u00a0e a explora\u00e7\u00e3o direta dos recursos naturais. \u201cA sustentabilidade tamb\u00e9m diz respeito a fatores sociais e econ\u00f4micos, portanto os estudantes s\u00e3o incentivados a estudar a ocupa\u00e7\u00e3o do solo urbano e como a economia e qualidade de vida do local pode ser melhorada atrav\u00e9s da atua\u00e7\u00e3o deles, como agentes modificadores do ambiente constru\u00eddo\u201d, enfatiza.<\/p>\n<p>&nbsp;<\/p>\n<p><b>FAB LAB\u00a0<\/b><\/p>\n<p>A estrutura do UNIFEB conta com o Fab Lab, o primeiro e melhor Espa\u00e7o Maker da regi\u00e3o, um laborat\u00f3rio com equipamentos\u00a0de\u00a0\u00faltima gera\u00e7\u00e3o, com impressoras 3D, cortadoras a laser, plotter\u00a0de\u00a0recorte, fresadoras PCB, CNC Router, etc. O Fab Lab \u00e9 uma rede mundial\u00a0de\u00a0laborat\u00f3rios criada pelo MIT (Massachusetts Institute of Technology) com espa\u00e7os pelo mundo todo.<\/p>\n<p>&nbsp;<\/p>\n<p><i>Outras informa\u00e7\u00f5es podem ser obtidas pelo site\u00a0do\u00a0<\/i><a href=\"http:\/\/www.unifeb.edu.br\/\" target=\"_blank\" rel=\"noopener noreferrer\" data-auth=\"NotApplicable\" data-linkindex=\"0\"><i>UNIFEB<\/i><\/a><i>\u00a0e aproveite para seguir o Centro Universit\u00e1rio pelas redes sociais:\u00a0<\/i><\/p>\n<ul>\n<li><b>Instagram<\/b>: @unifeb_barretos<\/li>\n<li><b>Facebook<\/b>:\u00a0UnifebBarretos<\/li>\n<li><b>Twitter<\/b>: @Unifeb_Barretos<\/li>\n<li><b>TikTok<\/b>:\u00a0unifeb.barretos<\/li>\n<li><b>YouTube<\/b>: UnifebBarretos<\/li>\n<li><b>WhatsApp<\/b>: (17) 99199-6890\u00a0\u00a0\u00a0\u00a0\u00a0\u00a0\u00a0\u00a0\u00a0\u00a0\u00a0\u00a0\u00a0<br aria-hidden=\"true\" \/><br aria-hidden=\"true\" \/><\/li>\n<\/ul>\n","protected":false},"excerpt":{"rendered":"<p>&nbsp; \u00a0 A conclus\u00e3o do estudo promete sugerir \u00e0 comunidade<\/p>\n","protected":false},"author":2,"featured_media":55713,"comment_status":"open","ping_status":"open","sticky":false,"template":"","format":"standard","meta":{"footnotes":""},"categories":[14,25],"tags":[],"class_list":["post-55712","post","type-post","status-publish","format-standard","has-post-thumbnail","hentry","category-barretos","category-cidades"],"yoast_head":"<!-- This site is optimized with the Yoast SEO plugin v27.4 - https:\/\/yoast.com\/product\/yoast-seo-wordpress\/ -->\n<title>Curso de Arquitetura do UNIFEB incentiva alunos a criarem projeto para Barretos \u00a0\u00a0 - Regi\u00e3o News<\/title>\n<meta name=\"robots\" content=\"index, follow, max-snippet:-1, max-image-preview:large, max-video-preview:-1\" \/>\n<link rel=\"canonical\" href=\"https:\/\/regiaonews.net.br\/2022\/2021\/11\/03\/curso-de-arquitetura-do-unifeb-incentiva-alunos-a-criarem-projeto-urbanistico-de-desenvolvimento-sustentavel-para-barretos\/\" \/>\n<meta property=\"og:locale\" content=\"pt_BR\" \/>\n<meta property=\"og:type\" content=\"article\" \/>\n<meta property=\"og:title\" content=\"Curso de Arquitetura do UNIFEB incentiva alunos a criarem projeto para Barretos \u00a0\u00a0 - Regi\u00e3o News\" \/>\n<meta property=\"og:description\" content=\"&nbsp; \u00a0 A conclus\u00e3o do estudo promete sugerir \u00e0 comunidade\" \/>\n<meta property=\"og:url\" content=\"https:\/\/regiaonews.net.br\/2022\/2021\/11\/03\/curso-de-arquitetura-do-unifeb-incentiva-alunos-a-criarem-projeto-urbanistico-de-desenvolvimento-sustentavel-para-barretos\/\" \/>\n<meta property=\"og:site_name\" content=\"Regi\u00e3o News\" \/>\n<meta property=\"article:published_time\" content=\"2021-11-03T18:51:57+00:00\" \/>\n<meta property=\"article:modified_time\" content=\"2021-11-04T02:24:11+00:00\" \/>\n<meta property=\"og:image\" content=\"https:\/\/regiaonews.net.br\/2022\/wp-content\/uploads\/2021\/11\/Fab-Lab-UNIFEB.jpeg\" \/>\n\t<meta property=\"og:image:width\" content=\"1280\" \/>\n\t<meta property=\"og:image:height\" content=\"960\" \/>\n\t<meta property=\"og:image:type\" content=\"image\/jpeg\" \/>\n<meta name=\"author\" content=\"Roberto\" \/>\n<meta name=\"twitter:card\" content=\"summary_large_image\" \/>\n<meta name=\"twitter:label1\" content=\"Escrito por\" \/>\n\t<meta name=\"twitter:data1\" content=\"Roberto\" \/>\n\t<meta name=\"twitter:label2\" content=\"Est. tempo de leitura\" \/>\n\t<meta name=\"twitter:data2\" content=\"2 minutos\" \/>\n<script type=\"application\/ld+json\" class=\"yoast-schema-graph\">{\"@context\":\"https:\\\/\\\/schema.org\",\"@graph\":[{\"@type\":\"Article\",\"@id\":\"https:\\\/\\\/regiaonews.net.br\\\/2022\\\/2021\\\/11\\\/03\\\/curso-de-arquitetura-do-unifeb-incentiva-alunos-a-criarem-projeto-urbanistico-de-desenvolvimento-sustentavel-para-barretos\\\/#article\",\"isPartOf\":{\"@id\":\"https:\\\/\\\/regiaonews.net.br\\\/2022\\\/2021\\\/11\\\/03\\\/curso-de-arquitetura-do-unifeb-incentiva-alunos-a-criarem-projeto-urbanistico-de-desenvolvimento-sustentavel-para-barretos\\\/\"},\"author\":{\"name\":\"Roberto\",\"@id\":\"https:\\\/\\\/regiaonews.net.br\\\/2022\\\/#\\\/schema\\\/person\\\/2d205a608a5aa97ac279d7a5e6d89ad8\"},\"headline\":\"Curso de Arquitetura do UNIFEB incentiva alunos a criarem projeto para Barretos \u00a0\u00a0\",\"datePublished\":\"2021-11-03T18:51:57+00:00\",\"dateModified\":\"2021-11-04T02:24:11+00:00\",\"mainEntityOfPage\":{\"@id\":\"https:\\\/\\\/regiaonews.net.br\\\/2022\\\/2021\\\/11\\\/03\\\/curso-de-arquitetura-do-unifeb-incentiva-alunos-a-criarem-projeto-urbanistico-de-desenvolvimento-sustentavel-para-barretos\\\/\"},\"wordCount\":487,\"commentCount\":0,\"publisher\":{\"@id\":\"https:\\\/\\\/regiaonews.net.br\\\/2022\\\/#organization\"},\"image\":{\"@id\":\"https:\\\/\\\/regiaonews.net.br\\\/2022\\\/2021\\\/11\\\/03\\\/curso-de-arquitetura-do-unifeb-incentiva-alunos-a-criarem-projeto-urbanistico-de-desenvolvimento-sustentavel-para-barretos\\\/#primaryimage\"},\"thumbnailUrl\":\"https:\\\/\\\/regiaonews.net.br\\\/2022\\\/wp-content\\\/uploads\\\/2021\\\/11\\\/Fab-Lab-UNIFEB.jpeg\",\"articleSection\":[\"Barretos\",\"Cidades\"],\"inLanguage\":\"pt-BR\",\"potentialAction\":[{\"@type\":\"CommentAction\",\"name\":\"Comment\",\"target\":[\"https:\\\/\\\/regiaonews.net.br\\\/2022\\\/2021\\\/11\\\/03\\\/curso-de-arquitetura-do-unifeb-incentiva-alunos-a-criarem-projeto-urbanistico-de-desenvolvimento-sustentavel-para-barretos\\\/#respond\"]}]},{\"@type\":\"WebPage\",\"@id\":\"https:\\\/\\\/regiaonews.net.br\\\/2022\\\/2021\\\/11\\\/03\\\/curso-de-arquitetura-do-unifeb-incentiva-alunos-a-criarem-projeto-urbanistico-de-desenvolvimento-sustentavel-para-barretos\\\/\",\"url\":\"https:\\\/\\\/regiaonews.net.br\\\/2022\\\/2021\\\/11\\\/03\\\/curso-de-arquitetura-do-unifeb-incentiva-alunos-a-criarem-projeto-urbanistico-de-desenvolvimento-sustentavel-para-barretos\\\/\",\"name\":\"Curso de Arquitetura do UNIFEB incentiva alunos a criarem projeto para Barretos \u00a0\u00a0 - Regi\u00e3o News\",\"isPartOf\":{\"@id\":\"https:\\\/\\\/regiaonews.net.br\\\/2022\\\/#website\"},\"primaryImageOfPage\":{\"@id\":\"https:\\\/\\\/regiaonews.net.br\\\/2022\\\/2021\\\/11\\\/03\\\/curso-de-arquitetura-do-unifeb-incentiva-alunos-a-criarem-projeto-urbanistico-de-desenvolvimento-sustentavel-para-barretos\\\/#primaryimage\"},\"image\":{\"@id\":\"https:\\\/\\\/regiaonews.net.br\\\/2022\\\/2021\\\/11\\\/03\\\/curso-de-arquitetura-do-unifeb-incentiva-alunos-a-criarem-projeto-urbanistico-de-desenvolvimento-sustentavel-para-barretos\\\/#primaryimage\"},\"thumbnailUrl\":\"https:\\\/\\\/regiaonews.net.br\\\/2022\\\/wp-content\\\/uploads\\\/2021\\\/11\\\/Fab-Lab-UNIFEB.jpeg\",\"datePublished\":\"2021-11-03T18:51:57+00:00\",\"dateModified\":\"2021-11-04T02:24:11+00:00\",\"breadcrumb\":{\"@id\":\"https:\\\/\\\/regiaonews.net.br\\\/2022\\\/2021\\\/11\\\/03\\\/curso-de-arquitetura-do-unifeb-incentiva-alunos-a-criarem-projeto-urbanistico-de-desenvolvimento-sustentavel-para-barretos\\\/#breadcrumb\"},\"inLanguage\":\"pt-BR\",\"potentialAction\":[{\"@type\":\"ReadAction\",\"target\":[\"https:\\\/\\\/regiaonews.net.br\\\/2022\\\/2021\\\/11\\\/03\\\/curso-de-arquitetura-do-unifeb-incentiva-alunos-a-criarem-projeto-urbanistico-de-desenvolvimento-sustentavel-para-barretos\\\/\"]}]},{\"@type\":\"ImageObject\",\"inLanguage\":\"pt-BR\",\"@id\":\"https:\\\/\\\/regiaonews.net.br\\\/2022\\\/2021\\\/11\\\/03\\\/curso-de-arquitetura-do-unifeb-incentiva-alunos-a-criarem-projeto-urbanistico-de-desenvolvimento-sustentavel-para-barretos\\\/#primaryimage\",\"url\":\"https:\\\/\\\/regiaonews.net.br\\\/2022\\\/wp-content\\\/uploads\\\/2021\\\/11\\\/Fab-Lab-UNIFEB.jpeg\",\"contentUrl\":\"https:\\\/\\\/regiaonews.net.br\\\/2022\\\/wp-content\\\/uploads\\\/2021\\\/11\\\/Fab-Lab-UNIFEB.jpeg\",\"width\":1280,\"height\":960},{\"@type\":\"BreadcrumbList\",\"@id\":\"https:\\\/\\\/regiaonews.net.br\\\/2022\\\/2021\\\/11\\\/03\\\/curso-de-arquitetura-do-unifeb-incentiva-alunos-a-criarem-projeto-urbanistico-de-desenvolvimento-sustentavel-para-barretos\\\/#breadcrumb\",\"itemListElement\":[{\"@type\":\"ListItem\",\"position\":1,\"name\":\"In\u00edcio\",\"item\":\"https:\\\/\\\/regiaonews.net.br\\\/2022\\\/\"},{\"@type\":\"ListItem\",\"position\":2,\"name\":\"Curso de Arquitetura do UNIFEB incentiva alunos a criarem projeto para Barretos \u00a0\u00a0\"}]},{\"@type\":\"WebSite\",\"@id\":\"https:\\\/\\\/regiaonews.net.br\\\/2022\\\/#website\",\"url\":\"https:\\\/\\\/regiaonews.net.br\\\/2022\\\/\",\"name\":\"Regi\u00e3o News\",\"description\":\"Site de Not\u00edcias de Barretos e regi\u00e3o\",\"publisher\":{\"@id\":\"https:\\\/\\\/regiaonews.net.br\\\/2022\\\/#organization\"},\"potentialAction\":[{\"@type\":\"SearchAction\",\"target\":{\"@type\":\"EntryPoint\",\"urlTemplate\":\"https:\\\/\\\/regiaonews.net.br\\\/2022\\\/?s={search_term_string}\"},\"query-input\":{\"@type\":\"PropertyValueSpecification\",\"valueRequired\":true,\"valueName\":\"search_term_string\"}}],\"inLanguage\":\"pt-BR\"},{\"@type\":\"Organization\",\"@id\":\"https:\\\/\\\/regiaonews.net.br\\\/2022\\\/#organization\",\"name\":\"Regi\u00e3o News\",\"url\":\"https:\\\/\\\/regiaonews.net.br\\\/2022\\\/\",\"logo\":{\"@type\":\"ImageObject\",\"inLanguage\":\"pt-BR\",\"@id\":\"https:\\\/\\\/regiaonews.net.br\\\/2022\\\/#\\\/schema\\\/logo\\\/image\\\/\",\"url\":\"https:\\\/\\\/regiaonews.net.br\\\/2022\\\/wp-content\\\/uploads\\\/2026\\\/03\\\/regiao-13-anos-scaled.jpg\",\"contentUrl\":\"https:\\\/\\\/regiaonews.net.br\\\/2022\\\/wp-content\\\/uploads\\\/2026\\\/03\\\/regiao-13-anos-scaled.jpg\",\"width\":2560,\"height\":635,\"caption\":\"Regi\u00e3o News\"},\"image\":{\"@id\":\"https:\\\/\\\/regiaonews.net.br\\\/2022\\\/#\\\/schema\\\/logo\\\/image\\\/\"}},{\"@type\":\"Person\",\"@id\":\"https:\\\/\\\/regiaonews.net.br\\\/2022\\\/#\\\/schema\\\/person\\\/2d205a608a5aa97ac279d7a5e6d89ad8\",\"name\":\"Roberto\",\"image\":{\"@type\":\"ImageObject\",\"inLanguage\":\"pt-BR\",\"@id\":\"https:\\\/\\\/secure.gravatar.com\\\/avatar\\\/42749d8b712ff9d59ca93dc150494e5b55a44134482993f5baeb97e61b7ecc89?s=96&d=mm&r=g\",\"url\":\"https:\\\/\\\/secure.gravatar.com\\\/avatar\\\/42749d8b712ff9d59ca93dc150494e5b55a44134482993f5baeb97e61b7ecc89?s=96&d=mm&r=g\",\"contentUrl\":\"https:\\\/\\\/secure.gravatar.com\\\/avatar\\\/42749d8b712ff9d59ca93dc150494e5b55a44134482993f5baeb97e61b7ecc89?s=96&d=mm&r=g\",\"caption\":\"Roberto\"},\"url\":\"https:\\\/\\\/regiaonews.net.br\\\/2022\\\/author\\\/roberto\\\/\"}]}<\/script>\n<!-- \/ Yoast SEO plugin. -->","yoast_head_json":{"title":"Curso de Arquitetura do UNIFEB incentiva alunos a criarem projeto para Barretos \u00a0\u00a0 - Regi\u00e3o News","robots":{"index":"index","follow":"follow","max-snippet":"max-snippet:-1","max-image-preview":"max-image-preview:large","max-video-preview":"max-video-preview:-1"},"canonical":"https:\/\/regiaonews.net.br\/2022\/2021\/11\/03\/curso-de-arquitetura-do-unifeb-incentiva-alunos-a-criarem-projeto-urbanistico-de-desenvolvimento-sustentavel-para-barretos\/","og_locale":"pt_BR","og_type":"article","og_title":"Curso de Arquitetura do UNIFEB incentiva alunos a criarem projeto para Barretos \u00a0\u00a0 - Regi\u00e3o News","og_description":"&nbsp; \u00a0 A conclus\u00e3o do estudo promete sugerir \u00e0 comunidade","og_url":"https:\/\/regiaonews.net.br\/2022\/2021\/11\/03\/curso-de-arquitetura-do-unifeb-incentiva-alunos-a-criarem-projeto-urbanistico-de-desenvolvimento-sustentavel-para-barretos\/","og_site_name":"Regi\u00e3o News","article_published_time":"2021-11-03T18:51:57+00:00","article_modified_time":"2021-11-04T02:24:11+00:00","og_image":[{"width":1280,"height":960,"url":"https:\/\/regiaonews.net.br\/2022\/wp-content\/uploads\/2021\/11\/Fab-Lab-UNIFEB.jpeg","type":"image\/jpeg"}],"author":"Roberto","twitter_card":"summary_large_image","twitter_misc":{"Escrito por":"Roberto","Est. tempo de leitura":"2 minutos"},"schema":{"@context":"https:\/\/schema.org","@graph":[{"@type":"Article","@id":"https:\/\/regiaonews.net.br\/2022\/2021\/11\/03\/curso-de-arquitetura-do-unifeb-incentiva-alunos-a-criarem-projeto-urbanistico-de-desenvolvimento-sustentavel-para-barretos\/#article","isPartOf":{"@id":"https:\/\/regiaonews.net.br\/2022\/2021\/11\/03\/curso-de-arquitetura-do-unifeb-incentiva-alunos-a-criarem-projeto-urbanistico-de-desenvolvimento-sustentavel-para-barretos\/"},"author":{"name":"Roberto","@id":"https:\/\/regiaonews.net.br\/2022\/#\/schema\/person\/2d205a608a5aa97ac279d7a5e6d89ad8"},"headline":"Curso de Arquitetura do UNIFEB incentiva alunos a criarem projeto para Barretos \u00a0\u00a0","datePublished":"2021-11-03T18:51:57+00:00","dateModified":"2021-11-04T02:24:11+00:00","mainEntityOfPage":{"@id":"https:\/\/regiaonews.net.br\/2022\/2021\/11\/03\/curso-de-arquitetura-do-unifeb-incentiva-alunos-a-criarem-projeto-urbanistico-de-desenvolvimento-sustentavel-para-barretos\/"},"wordCount":487,"commentCount":0,"publisher":{"@id":"https:\/\/regiaonews.net.br\/2022\/#organization"},"image":{"@id":"https:\/\/regiaonews.net.br\/2022\/2021\/11\/03\/curso-de-arquitetura-do-unifeb-incentiva-alunos-a-criarem-projeto-urbanistico-de-desenvolvimento-sustentavel-para-barretos\/#primaryimage"},"thumbnailUrl":"https:\/\/regiaonews.net.br\/2022\/wp-content\/uploads\/2021\/11\/Fab-Lab-UNIFEB.jpeg","articleSection":["Barretos","Cidades"],"inLanguage":"pt-BR","potentialAction":[{"@type":"CommentAction","name":"Comment","target":["https:\/\/regiaonews.net.br\/2022\/2021\/11\/03\/curso-de-arquitetura-do-unifeb-incentiva-alunos-a-criarem-projeto-urbanistico-de-desenvolvimento-sustentavel-para-barretos\/#respond"]}]},{"@type":"WebPage","@id":"https:\/\/regiaonews.net.br\/2022\/2021\/11\/03\/curso-de-arquitetura-do-unifeb-incentiva-alunos-a-criarem-projeto-urbanistico-de-desenvolvimento-sustentavel-para-barretos\/","url":"https:\/\/regiaonews.net.br\/2022\/2021\/11\/03\/curso-de-arquitetura-do-unifeb-incentiva-alunos-a-criarem-projeto-urbanistico-de-desenvolvimento-sustentavel-para-barretos\/","name":"Curso de Arquitetura do UNIFEB incentiva alunos a criarem projeto para Barretos \u00a0\u00a0 - Regi\u00e3o News","isPartOf":{"@id":"https:\/\/regiaonews.net.br\/2022\/#website"},"primaryImageOfPage":{"@id":"https:\/\/regiaonews.net.br\/2022\/2021\/11\/03\/curso-de-arquitetura-do-unifeb-incentiva-alunos-a-criarem-projeto-urbanistico-de-desenvolvimento-sustentavel-para-barretos\/#primaryimage"},"image":{"@id":"https:\/\/regiaonews.net.br\/2022\/2021\/11\/03\/curso-de-arquitetura-do-unifeb-incentiva-alunos-a-criarem-projeto-urbanistico-de-desenvolvimento-sustentavel-para-barretos\/#primaryimage"},"thumbnailUrl":"https:\/\/regiaonews.net.br\/2022\/wp-content\/uploads\/2021\/11\/Fab-Lab-UNIFEB.jpeg","datePublished":"2021-11-03T18:51:57+00:00","dateModified":"2021-11-04T02:24:11+00:00","breadcrumb":{"@id":"https:\/\/regiaonews.net.br\/2022\/2021\/11\/03\/curso-de-arquitetura-do-unifeb-incentiva-alunos-a-criarem-projeto-urbanistico-de-desenvolvimento-sustentavel-para-barretos\/#breadcrumb"},"inLanguage":"pt-BR","potentialAction":[{"@type":"ReadAction","target":["https:\/\/regiaonews.net.br\/2022\/2021\/11\/03\/curso-de-arquitetura-do-unifeb-incentiva-alunos-a-criarem-projeto-urbanistico-de-desenvolvimento-sustentavel-para-barretos\/"]}]},{"@type":"ImageObject","inLanguage":"pt-BR","@id":"https:\/\/regiaonews.net.br\/2022\/2021\/11\/03\/curso-de-arquitetura-do-unifeb-incentiva-alunos-a-criarem-projeto-urbanistico-de-desenvolvimento-sustentavel-para-barretos\/#primaryimage","url":"https:\/\/regiaonews.net.br\/2022\/wp-content\/uploads\/2021\/11\/Fab-Lab-UNIFEB.jpeg","contentUrl":"https:\/\/regiaonews.net.br\/2022\/wp-content\/uploads\/2021\/11\/Fab-Lab-UNIFEB.jpeg","width":1280,"height":960},{"@type":"BreadcrumbList","@id":"https:\/\/regiaonews.net.br\/2022\/2021\/11\/03\/curso-de-arquitetura-do-unifeb-incentiva-alunos-a-criarem-projeto-urbanistico-de-desenvolvimento-sustentavel-para-barretos\/#breadcrumb","itemListElement":[{"@type":"ListItem","position":1,"name":"In\u00edcio","item":"https:\/\/regiaonews.net.br\/2022\/"},{"@type":"ListItem","position":2,"name":"Curso de Arquitetura do UNIFEB incentiva alunos a criarem projeto para Barretos \u00a0\u00a0"}]},{"@type":"WebSite","@id":"https:\/\/regiaonews.net.br\/2022\/#website","url":"https:\/\/regiaonews.net.br\/2022\/","name":"Regi\u00e3o News","description":"Site de Not\u00edcias de Barretos e regi\u00e3o","publisher":{"@id":"https:\/\/regiaonews.net.br\/2022\/#organization"},"potentialAction":[{"@type":"SearchAction","target":{"@type":"EntryPoint","urlTemplate":"https:\/\/regiaonews.net.br\/2022\/?s={search_term_string}"},"query-input":{"@type":"PropertyValueSpecification","valueRequired":true,"valueName":"search_term_string"}}],"inLanguage":"pt-BR"},{"@type":"Organization","@id":"https:\/\/regiaonews.net.br\/2022\/#organization","name":"Regi\u00e3o News","url":"https:\/\/regiaonews.net.br\/2022\/","logo":{"@type":"ImageObject","inLanguage":"pt-BR","@id":"https:\/\/regiaonews.net.br\/2022\/#\/schema\/logo\/image\/","url":"https:\/\/regiaonews.net.br\/2022\/wp-content\/uploads\/2026\/03\/regiao-13-anos-scaled.jpg","contentUrl":"https:\/\/regiaonews.net.br\/2022\/wp-content\/uploads\/2026\/03\/regiao-13-anos-scaled.jpg","width":2560,"height":635,"caption":"Regi\u00e3o News"},"image":{"@id":"https:\/\/regiaonews.net.br\/2022\/#\/schema\/logo\/image\/"}},{"@type":"Person","@id":"https:\/\/regiaonews.net.br\/2022\/#\/schema\/person\/2d205a608a5aa97ac279d7a5e6d89ad8","name":"Roberto","image":{"@type":"ImageObject","inLanguage":"pt-BR","@id":"https:\/\/secure.gravatar.com\/avatar\/42749d8b712ff9d59ca93dc150494e5b55a44134482993f5baeb97e61b7ecc89?s=96&d=mm&r=g","url":"https:\/\/secure.gravatar.com\/avatar\/42749d8b712ff9d59ca93dc150494e5b55a44134482993f5baeb97e61b7ecc89?s=96&d=mm&r=g","contentUrl":"https:\/\/secure.gravatar.com\/avatar\/42749d8b712ff9d59ca93dc150494e5b55a44134482993f5baeb97e61b7ecc89?s=96&d=mm&r=g","caption":"Roberto"},"url":"https:\/\/regiaonews.net.br\/2022\/author\/roberto\/"}]}},"publishpress_future_action":{"enabled":false,"date":"2026-05-04 20:26:48","action":"change-status","newStatus":"draft","terms":[],"taxonomy":"category","extraData":[]},"publishpress_future_workflow_manual_trigger":{"enabledWorkflows":[]},"_links":{"self":[{"href":"https:\/\/regiaonews.net.br\/2022\/wp-json\/wp\/v2\/posts\/55712","targetHints":{"allow":["GET"]}}],"collection":[{"href":"https:\/\/regiaonews.net.br\/2022\/wp-json\/wp\/v2\/posts"}],"about":[{"href":"https:\/\/regiaonews.net.br\/2022\/wp-json\/wp\/v2\/types\/post"}],"author":[{"embeddable":true,"href":"https:\/\/regiaonews.net.br\/2022\/wp-json\/wp\/v2\/users\/2"}],"replies":[{"embeddable":true,"href":"https:\/\/regiaonews.net.br\/2022\/wp-json\/wp\/v2\/comments?post=55712"}],"version-history":[{"count":0,"href":"https:\/\/regiaonews.net.br\/2022\/wp-json\/wp\/v2\/posts\/55712\/revisions"}],"wp:featuredmedia":[{"embeddable":true,"href":"https:\/\/regiaonews.net.br\/2022\/wp-json\/wp\/v2\/media\/55713"}],"wp:attachment":[{"href":"https:\/\/regiaonews.net.br\/2022\/wp-json\/wp\/v2\/media?parent=55712"}],"wp:term":[{"taxonomy":"category","embeddable":true,"href":"https:\/\/regiaonews.net.br\/2022\/wp-json\/wp\/v2\/categories?post=55712"},{"taxonomy":"post_tag","embeddable":true,"href":"https:\/\/regiaonews.net.br\/2022\/wp-json\/wp\/v2\/tags?post=55712"}],"curies":[{"name":"wp","href":"https:\/\/api.w.org\/{rel}","templated":true}]}}