{"id":55708,"date":"2021-11-03T15:38:44","date_gmt":"2021-11-03T18:38:44","guid":{"rendered":"https:\/\/regiaonews.net.br\/2022\/?p=55708"},"modified":"2021-11-03T15:38:44","modified_gmt":"2021-11-03T18:38:44","slug":"nova-sede-da-guarda-civil-integrada-com-corpo-de-bombeiros-esta-sendo-finalizada","status":"publish","type":"post","link":"https:\/\/regiaonews.net.br\/2022\/2021\/11\/03\/nova-sede-da-guarda-civil-integrada-com-corpo-de-bombeiros-esta-sendo-finalizada\/","title":{"rendered":"Nova sede da Guarda Civil, integrada com Corpo de Bombeiros, est\u00e1 sendo finalizada"},"content":{"rendered":"<p><a href=\"https:\/\/regiaonews.net.br\/2022\/wp-content\/uploads\/2021\/11\/MOSAICO-BASE-INTEGRADA.jpg\"><img loading=\"lazy\" decoding=\"async\" class=\"alignnone size-medium wp-image-55709\" src=\"https:\/\/regiaonews.net.br\/2022\/wp-content\/uploads\/2021\/11\/MOSAICO-BASE-INTEGRADA-300x173.jpg\" alt=\"\" width=\"300\" height=\"173\" \/><\/a><\/p>\n<p>A Base Integrada Guarda Civil Municipal com o Posto Avan\u00e7ado do Corpo de Bombeiros de Gua\u00edra, est\u00e1 em fase de conclus\u00e3o das obras de reforma e adequa\u00e7\u00e3o. A nova sede est\u00e1 instalada no interior do Parque Permanente de Feiras e Exposi\u00e7\u00f5es \u201cAdemir Jovanini Augusto\u201d, no Parque Marac\u00e1.<\/p>\n<p>Por determina\u00e7\u00e3o do prefeito Edvaldo Morais e, conforme decreto publicado no Di\u00e1rio Oficial do Munic\u00edpio na \u00faltima quinta-feira, dia 28 de outubro, a Base Integrada receber\u00e1 o nome do guairense Paulo C\u00e9sar Andrade, o conhecido \u201cPaulinho Milico\u201d ou \u201cSr. Paulinho do F\u00f3rum\u201d, que por muitos anos, como servidor p\u00fablico, trabalhou no Judici\u00e1rio guairense e, posteriormente, por duas ocasi\u00f5es, como Diretor de Compras da Prefeitura Municipal.<\/p>\n<p>As obras de adequa\u00e7\u00e3o do antigo restaurante do recinto para receber a Guarda Civil, a Defesa Civil e o Corpo de Bombeiros, tiveram investimentos de, cerca de, R$ 230 mil de recursos do pr\u00f3prio munic\u00edpio. Com os demais investimentos em viaturas, armamentos n\u00e3o letais (pistolas Taser), uniformes, pavimenta\u00e7\u00e3o asf\u00e1ltica, drones, central e c\u00e2meras de monitoramento, ser\u00e3o gatos praticamente R$ 4 milh\u00f5es em seguran\u00e7a no munic\u00edpio.<\/p>\n<p>Nos ve\u00edculos ser\u00e3o investidos R$ 150 mil em uma nova e moderna viatura para a Guarda Civil Municipal e outros R$ 200 mil em uma viatura tipo camionete com kit inc\u00eandio para o Corpo de Bombeiros. Tamb\u00e9m j\u00e1 foi reformado um micro\u00f4nibus que ser\u00e1 adesivado e atuar\u00e1 como Base M\u00f3vel para a Guarda Civil Municipal no deslocamento, principalmente, em eventos pela cidade.<\/p>\n<p>&nbsp;<\/p>\n<p>&nbsp;<\/p>\n<p>&nbsp;<\/p>\n<p>Base Integrada<\/p>\n<p>&nbsp;<\/p>\n<p>&nbsp;<\/p>\n<p>A Base Integrada \u00e9 divida por alas, sendo que na vis\u00e3o frontal ao im\u00f3vel, \u00e0 direita ficar\u00e1 o Posto Avan\u00e7ado do Corpo de Bombeiros e a esquerda, ser\u00e1 instalada a Guarda Civil Municipal. Ambos os espa\u00e7os s\u00e3o dotados de alojamentos, \u00e1rea administrativa, sanit\u00e1rios e \u00e1rea para atendimento da popula\u00e7\u00e3o, al\u00e9m do estacionamento para viaturas.<\/p>\n<p>&nbsp;<\/p>\n<p>Guarda Civil Municipal<\/p>\n<p>A Guarda Civil al\u00e9m de zelar pelo patrim\u00f4nio p\u00fablico e atuar na Defesa Civil no munic\u00edpio, tamb\u00e9m ser\u00e1 respons\u00e1vel pelo monitoramento, por meio da central de v\u00eddeo que est\u00e1 sendo comprada juntamente com as c\u00e2meras que ser\u00e3o instaladas em pontos estrat\u00e9gicos da cidade.<\/p>\n<p>&nbsp;<\/p>\n<p>Canil Municipal<\/p>\n<p>Junto \u00e0 Base Integrada tamb\u00e9m j\u00e1 foi constru\u00eddo o Canil Municipal que abrigar\u00e1 os c\u00e3es que receber\u00e3o treinamento espec\u00edfico no combate \u00e0 criminalidade, dist\u00farbios p\u00fablicos e salvamento.<\/p>\n<p>&nbsp;<\/p>\n<p>Corpo de Bombeiros<\/p>\n<p>O Posto Avan\u00e7ado do Corpo de Bombeiros ser\u00e1 coordenado pela Unidade do Corpo de Bombeiros de Barretos, que deslocar\u00e1 homens e equipamentos para permanecerem na base em Gua\u00edra. Al\u00e9m do ve\u00edculo com kit inc\u00eandio, tamb\u00e9m ser\u00e1 mantido no local um caminh\u00e3o pipa, al\u00e9m dos demais itens necess\u00e1rios para atendimento de urg\u00eancias e emerg\u00eancias e realiza\u00e7\u00e3o de salvamentos e resgates.<\/p>\n<p>&nbsp;<\/p>\n<p>Pavimenta\u00e7\u00e3o asf\u00e1ltica<\/p>\n<p>Em parceria com o Governo do Estado, por meio da Secretaria de Desenvolvimento Regional, j\u00e1 est\u00e1 em licita\u00e7\u00e3o as obras de pavimenta\u00e7\u00e3o da via de acesso ao interior do Parque, desde as bilheterias at\u00e9 o restaurante para garantir a trafegabilidade dos ve\u00edculos, principalmente caminh\u00f5es pipa e viaturas. Ser\u00e3o investidos R$ 270 mil nessas obras.<\/p>\n<p>&nbsp;<\/p>\n","protected":false},"excerpt":{"rendered":"<p>A Base Integrada Guarda Civil Municipal com o Posto Avan\u00e7ado<\/p>\n","protected":false},"author":2,"featured_media":55709,"comment_status":"open","ping_status":"open","sticky":false,"template":"","format":"standard","meta":{"footnotes":""},"categories":[25,8],"tags":[],"class_list":["post-55708","post","type-post","status-publish","format-standard","has-post-thumbnail","hentry","category-cidades","category-guaira"],"yoast_head":"<!-- This site is optimized with the Yoast SEO plugin v27.4 - https:\/\/yoast.com\/product\/yoast-seo-wordpress\/ -->\n<title>Nova sede da Guarda Civil, integrada com Corpo de Bombeiros, est\u00e1 sendo finalizada - Regi\u00e3o News<\/title>\n<meta name=\"robots\" content=\"index, follow, max-snippet:-1, max-image-preview:large, max-video-preview:-1\" \/>\n<link rel=\"canonical\" href=\"https:\/\/regiaonews.net.br\/2022\/2021\/11\/03\/nova-sede-da-guarda-civil-integrada-com-corpo-de-bombeiros-esta-sendo-finalizada\/\" \/>\n<meta property=\"og:locale\" content=\"pt_BR\" \/>\n<meta property=\"og:type\" content=\"article\" \/>\n<meta property=\"og:title\" content=\"Nova sede da Guarda Civil, integrada com Corpo de Bombeiros, est\u00e1 sendo finalizada - Regi\u00e3o News\" \/>\n<meta property=\"og:description\" content=\"A Base Integrada Guarda Civil Municipal com o Posto Avan\u00e7ado\" \/>\n<meta property=\"og:url\" content=\"https:\/\/regiaonews.net.br\/2022\/2021\/11\/03\/nova-sede-da-guarda-civil-integrada-com-corpo-de-bombeiros-esta-sendo-finalizada\/\" \/>\n<meta property=\"og:site_name\" content=\"Regi\u00e3o News\" \/>\n<meta property=\"article:published_time\" content=\"2021-11-03T18:38:44+00:00\" \/>\n<meta property=\"og:image\" content=\"https:\/\/regiaonews.net.br\/2022\/wp-content\/uploads\/2021\/11\/MOSAICO-BASE-INTEGRADA.jpg\" \/>\n\t<meta property=\"og:image:width\" content=\"1175\" \/>\n\t<meta property=\"og:image:height\" content=\"679\" \/>\n\t<meta property=\"og:image:type\" content=\"image\/jpeg\" \/>\n<meta name=\"author\" content=\"Roberto\" \/>\n<meta name=\"twitter:card\" content=\"summary_large_image\" \/>\n<meta name=\"twitter:label1\" content=\"Escrito por\" \/>\n\t<meta name=\"twitter:data1\" content=\"Roberto\" \/>\n\t<meta name=\"twitter:label2\" content=\"Est. tempo de leitura\" \/>\n\t<meta name=\"twitter:data2\" content=\"3 minutos\" \/>\n<script type=\"application\/ld+json\" class=\"yoast-schema-graph\">{\"@context\":\"https:\\\/\\\/schema.org\",\"@graph\":[{\"@type\":\"Article\",\"@id\":\"https:\\\/\\\/regiaonews.net.br\\\/2022\\\/2021\\\/11\\\/03\\\/nova-sede-da-guarda-civil-integrada-com-corpo-de-bombeiros-esta-sendo-finalizada\\\/#article\",\"isPartOf\":{\"@id\":\"https:\\\/\\\/regiaonews.net.br\\\/2022\\\/2021\\\/11\\\/03\\\/nova-sede-da-guarda-civil-integrada-com-corpo-de-bombeiros-esta-sendo-finalizada\\\/\"},\"author\":{\"name\":\"Roberto\",\"@id\":\"https:\\\/\\\/regiaonews.net.br\\\/2022\\\/#\\\/schema\\\/person\\\/2d205a608a5aa97ac279d7a5e6d89ad8\"},\"headline\":\"Nova sede da Guarda Civil, integrada com Corpo de Bombeiros, est\u00e1 sendo finalizada\",\"datePublished\":\"2021-11-03T18:38:44+00:00\",\"mainEntityOfPage\":{\"@id\":\"https:\\\/\\\/regiaonews.net.br\\\/2022\\\/2021\\\/11\\\/03\\\/nova-sede-da-guarda-civil-integrada-com-corpo-de-bombeiros-esta-sendo-finalizada\\\/\"},\"wordCount\":575,\"commentCount\":0,\"publisher\":{\"@id\":\"https:\\\/\\\/regiaonews.net.br\\\/2022\\\/#organization\"},\"image\":{\"@id\":\"https:\\\/\\\/regiaonews.net.br\\\/2022\\\/2021\\\/11\\\/03\\\/nova-sede-da-guarda-civil-integrada-com-corpo-de-bombeiros-esta-sendo-finalizada\\\/#primaryimage\"},\"thumbnailUrl\":\"https:\\\/\\\/regiaonews.net.br\\\/2022\\\/wp-content\\\/uploads\\\/2021\\\/11\\\/MOSAICO-BASE-INTEGRADA.jpg\",\"articleSection\":[\"Cidades\",\"Gua\u00edra\"],\"inLanguage\":\"pt-BR\",\"potentialAction\":[{\"@type\":\"CommentAction\",\"name\":\"Comment\",\"target\":[\"https:\\\/\\\/regiaonews.net.br\\\/2022\\\/2021\\\/11\\\/03\\\/nova-sede-da-guarda-civil-integrada-com-corpo-de-bombeiros-esta-sendo-finalizada\\\/#respond\"]}]},{\"@type\":\"WebPage\",\"@id\":\"https:\\\/\\\/regiaonews.net.br\\\/2022\\\/2021\\\/11\\\/03\\\/nova-sede-da-guarda-civil-integrada-com-corpo-de-bombeiros-esta-sendo-finalizada\\\/\",\"url\":\"https:\\\/\\\/regiaonews.net.br\\\/2022\\\/2021\\\/11\\\/03\\\/nova-sede-da-guarda-civil-integrada-com-corpo-de-bombeiros-esta-sendo-finalizada\\\/\",\"name\":\"Nova sede da Guarda Civil, integrada com Corpo de Bombeiros, est\u00e1 sendo finalizada - Regi\u00e3o News\",\"isPartOf\":{\"@id\":\"https:\\\/\\\/regiaonews.net.br\\\/2022\\\/#website\"},\"primaryImageOfPage\":{\"@id\":\"https:\\\/\\\/regiaonews.net.br\\\/2022\\\/2021\\\/11\\\/03\\\/nova-sede-da-guarda-civil-integrada-com-corpo-de-bombeiros-esta-sendo-finalizada\\\/#primaryimage\"},\"image\":{\"@id\":\"https:\\\/\\\/regiaonews.net.br\\\/2022\\\/2021\\\/11\\\/03\\\/nova-sede-da-guarda-civil-integrada-com-corpo-de-bombeiros-esta-sendo-finalizada\\\/#primaryimage\"},\"thumbnailUrl\":\"https:\\\/\\\/regiaonews.net.br\\\/2022\\\/wp-content\\\/uploads\\\/2021\\\/11\\\/MOSAICO-BASE-INTEGRADA.jpg\",\"datePublished\":\"2021-11-03T18:38:44+00:00\",\"breadcrumb\":{\"@id\":\"https:\\\/\\\/regiaonews.net.br\\\/2022\\\/2021\\\/11\\\/03\\\/nova-sede-da-guarda-civil-integrada-com-corpo-de-bombeiros-esta-sendo-finalizada\\\/#breadcrumb\"},\"inLanguage\":\"pt-BR\",\"potentialAction\":[{\"@type\":\"ReadAction\",\"target\":[\"https:\\\/\\\/regiaonews.net.br\\\/2022\\\/2021\\\/11\\\/03\\\/nova-sede-da-guarda-civil-integrada-com-corpo-de-bombeiros-esta-sendo-finalizada\\\/\"]}]},{\"@type\":\"ImageObject\",\"inLanguage\":\"pt-BR\",\"@id\":\"https:\\\/\\\/regiaonews.net.br\\\/2022\\\/2021\\\/11\\\/03\\\/nova-sede-da-guarda-civil-integrada-com-corpo-de-bombeiros-esta-sendo-finalizada\\\/#primaryimage\",\"url\":\"https:\\\/\\\/regiaonews.net.br\\\/2022\\\/wp-content\\\/uploads\\\/2021\\\/11\\\/MOSAICO-BASE-INTEGRADA.jpg\",\"contentUrl\":\"https:\\\/\\\/regiaonews.net.br\\\/2022\\\/wp-content\\\/uploads\\\/2021\\\/11\\\/MOSAICO-BASE-INTEGRADA.jpg\",\"width\":1175,\"height\":679},{\"@type\":\"BreadcrumbList\",\"@id\":\"https:\\\/\\\/regiaonews.net.br\\\/2022\\\/2021\\\/11\\\/03\\\/nova-sede-da-guarda-civil-integrada-com-corpo-de-bombeiros-esta-sendo-finalizada\\\/#breadcrumb\",\"itemListElement\":[{\"@type\":\"ListItem\",\"position\":1,\"name\":\"In\u00edcio\",\"item\":\"https:\\\/\\\/regiaonews.net.br\\\/2022\\\/\"},{\"@type\":\"ListItem\",\"position\":2,\"name\":\"Nova sede da Guarda Civil, integrada com Corpo de Bombeiros, est\u00e1 sendo finalizada\"}]},{\"@type\":\"WebSite\",\"@id\":\"https:\\\/\\\/regiaonews.net.br\\\/2022\\\/#website\",\"url\":\"https:\\\/\\\/regiaonews.net.br\\\/2022\\\/\",\"name\":\"Regi\u00e3o News\",\"description\":\"Site de Not\u00edcias de Barretos e regi\u00e3o\",\"publisher\":{\"@id\":\"https:\\\/\\\/regiaonews.net.br\\\/2022\\\/#organization\"},\"potentialAction\":[{\"@type\":\"SearchAction\",\"target\":{\"@type\":\"EntryPoint\",\"urlTemplate\":\"https:\\\/\\\/regiaonews.net.br\\\/2022\\\/?s={search_term_string}\"},\"query-input\":{\"@type\":\"PropertyValueSpecification\",\"valueRequired\":true,\"valueName\":\"search_term_string\"}}],\"inLanguage\":\"pt-BR\"},{\"@type\":\"Organization\",\"@id\":\"https:\\\/\\\/regiaonews.net.br\\\/2022\\\/#organization\",\"name\":\"Regi\u00e3o News\",\"url\":\"https:\\\/\\\/regiaonews.net.br\\\/2022\\\/\",\"logo\":{\"@type\":\"ImageObject\",\"inLanguage\":\"pt-BR\",\"@id\":\"https:\\\/\\\/regiaonews.net.br\\\/2022\\\/#\\\/schema\\\/logo\\\/image\\\/\",\"url\":\"https:\\\/\\\/regiaonews.net.br\\\/2022\\\/wp-content\\\/uploads\\\/2026\\\/03\\\/regiao-13-anos-scaled.jpg\",\"contentUrl\":\"https:\\\/\\\/regiaonews.net.br\\\/2022\\\/wp-content\\\/uploads\\\/2026\\\/03\\\/regiao-13-anos-scaled.jpg\",\"width\":2560,\"height\":635,\"caption\":\"Regi\u00e3o News\"},\"image\":{\"@id\":\"https:\\\/\\\/regiaonews.net.br\\\/2022\\\/#\\\/schema\\\/logo\\\/image\\\/\"}},{\"@type\":\"Person\",\"@id\":\"https:\\\/\\\/regiaonews.net.br\\\/2022\\\/#\\\/schema\\\/person\\\/2d205a608a5aa97ac279d7a5e6d89ad8\",\"name\":\"Roberto\",\"image\":{\"@type\":\"ImageObject\",\"inLanguage\":\"pt-BR\",\"@id\":\"https:\\\/\\\/secure.gravatar.com\\\/avatar\\\/42749d8b712ff9d59ca93dc150494e5b55a44134482993f5baeb97e61b7ecc89?s=96&d=mm&r=g\",\"url\":\"https:\\\/\\\/secure.gravatar.com\\\/avatar\\\/42749d8b712ff9d59ca93dc150494e5b55a44134482993f5baeb97e61b7ecc89?s=96&d=mm&r=g\",\"contentUrl\":\"https:\\\/\\\/secure.gravatar.com\\\/avatar\\\/42749d8b712ff9d59ca93dc150494e5b55a44134482993f5baeb97e61b7ecc89?s=96&d=mm&r=g\",\"caption\":\"Roberto\"},\"url\":\"https:\\\/\\\/regiaonews.net.br\\\/2022\\\/author\\\/roberto\\\/\"}]}<\/script>\n<!-- \/ Yoast SEO plugin. -->","yoast_head_json":{"title":"Nova sede da Guarda Civil, integrada com Corpo de Bombeiros, est\u00e1 sendo finalizada - Regi\u00e3o News","robots":{"index":"index","follow":"follow","max-snippet":"max-snippet:-1","max-image-preview":"max-image-preview:large","max-video-preview":"max-video-preview:-1"},"canonical":"https:\/\/regiaonews.net.br\/2022\/2021\/11\/03\/nova-sede-da-guarda-civil-integrada-com-corpo-de-bombeiros-esta-sendo-finalizada\/","og_locale":"pt_BR","og_type":"article","og_title":"Nova sede da Guarda Civil, integrada com Corpo de Bombeiros, est\u00e1 sendo finalizada - Regi\u00e3o News","og_description":"A Base Integrada Guarda Civil Municipal com o Posto Avan\u00e7ado","og_url":"https:\/\/regiaonews.net.br\/2022\/2021\/11\/03\/nova-sede-da-guarda-civil-integrada-com-corpo-de-bombeiros-esta-sendo-finalizada\/","og_site_name":"Regi\u00e3o News","article_published_time":"2021-11-03T18:38:44+00:00","og_image":[{"width":1175,"height":679,"url":"https:\/\/regiaonews.net.br\/2022\/wp-content\/uploads\/2021\/11\/MOSAICO-BASE-INTEGRADA.jpg","type":"image\/jpeg"}],"author":"Roberto","twitter_card":"summary_large_image","twitter_misc":{"Escrito por":"Roberto","Est. tempo de leitura":"3 minutos"},"schema":{"@context":"https:\/\/schema.org","@graph":[{"@type":"Article","@id":"https:\/\/regiaonews.net.br\/2022\/2021\/11\/03\/nova-sede-da-guarda-civil-integrada-com-corpo-de-bombeiros-esta-sendo-finalizada\/#article","isPartOf":{"@id":"https:\/\/regiaonews.net.br\/2022\/2021\/11\/03\/nova-sede-da-guarda-civil-integrada-com-corpo-de-bombeiros-esta-sendo-finalizada\/"},"author":{"name":"Roberto","@id":"https:\/\/regiaonews.net.br\/2022\/#\/schema\/person\/2d205a608a5aa97ac279d7a5e6d89ad8"},"headline":"Nova sede da Guarda Civil, integrada com Corpo de Bombeiros, est\u00e1 sendo finalizada","datePublished":"2021-11-03T18:38:44+00:00","mainEntityOfPage":{"@id":"https:\/\/regiaonews.net.br\/2022\/2021\/11\/03\/nova-sede-da-guarda-civil-integrada-com-corpo-de-bombeiros-esta-sendo-finalizada\/"},"wordCount":575,"commentCount":0,"publisher":{"@id":"https:\/\/regiaonews.net.br\/2022\/#organization"},"image":{"@id":"https:\/\/regiaonews.net.br\/2022\/2021\/11\/03\/nova-sede-da-guarda-civil-integrada-com-corpo-de-bombeiros-esta-sendo-finalizada\/#primaryimage"},"thumbnailUrl":"https:\/\/regiaonews.net.br\/2022\/wp-content\/uploads\/2021\/11\/MOSAICO-BASE-INTEGRADA.jpg","articleSection":["Cidades","Gua\u00edra"],"inLanguage":"pt-BR","potentialAction":[{"@type":"CommentAction","name":"Comment","target":["https:\/\/regiaonews.net.br\/2022\/2021\/11\/03\/nova-sede-da-guarda-civil-integrada-com-corpo-de-bombeiros-esta-sendo-finalizada\/#respond"]}]},{"@type":"WebPage","@id":"https:\/\/regiaonews.net.br\/2022\/2021\/11\/03\/nova-sede-da-guarda-civil-integrada-com-corpo-de-bombeiros-esta-sendo-finalizada\/","url":"https:\/\/regiaonews.net.br\/2022\/2021\/11\/03\/nova-sede-da-guarda-civil-integrada-com-corpo-de-bombeiros-esta-sendo-finalizada\/","name":"Nova sede da Guarda Civil, integrada com Corpo de Bombeiros, est\u00e1 sendo finalizada - Regi\u00e3o News","isPartOf":{"@id":"https:\/\/regiaonews.net.br\/2022\/#website"},"primaryImageOfPage":{"@id":"https:\/\/regiaonews.net.br\/2022\/2021\/11\/03\/nova-sede-da-guarda-civil-integrada-com-corpo-de-bombeiros-esta-sendo-finalizada\/#primaryimage"},"image":{"@id":"https:\/\/regiaonews.net.br\/2022\/2021\/11\/03\/nova-sede-da-guarda-civil-integrada-com-corpo-de-bombeiros-esta-sendo-finalizada\/#primaryimage"},"thumbnailUrl":"https:\/\/regiaonews.net.br\/2022\/wp-content\/uploads\/2021\/11\/MOSAICO-BASE-INTEGRADA.jpg","datePublished":"2021-11-03T18:38:44+00:00","breadcrumb":{"@id":"https:\/\/regiaonews.net.br\/2022\/2021\/11\/03\/nova-sede-da-guarda-civil-integrada-com-corpo-de-bombeiros-esta-sendo-finalizada\/#breadcrumb"},"inLanguage":"pt-BR","potentialAction":[{"@type":"ReadAction","target":["https:\/\/regiaonews.net.br\/2022\/2021\/11\/03\/nova-sede-da-guarda-civil-integrada-com-corpo-de-bombeiros-esta-sendo-finalizada\/"]}]},{"@type":"ImageObject","inLanguage":"pt-BR","@id":"https:\/\/regiaonews.net.br\/2022\/2021\/11\/03\/nova-sede-da-guarda-civil-integrada-com-corpo-de-bombeiros-esta-sendo-finalizada\/#primaryimage","url":"https:\/\/regiaonews.net.br\/2022\/wp-content\/uploads\/2021\/11\/MOSAICO-BASE-INTEGRADA.jpg","contentUrl":"https:\/\/regiaonews.net.br\/2022\/wp-content\/uploads\/2021\/11\/MOSAICO-BASE-INTEGRADA.jpg","width":1175,"height":679},{"@type":"BreadcrumbList","@id":"https:\/\/regiaonews.net.br\/2022\/2021\/11\/03\/nova-sede-da-guarda-civil-integrada-com-corpo-de-bombeiros-esta-sendo-finalizada\/#breadcrumb","itemListElement":[{"@type":"ListItem","position":1,"name":"In\u00edcio","item":"https:\/\/regiaonews.net.br\/2022\/"},{"@type":"ListItem","position":2,"name":"Nova sede da Guarda Civil, integrada com Corpo de Bombeiros, est\u00e1 sendo finalizada"}]},{"@type":"WebSite","@id":"https:\/\/regiaonews.net.br\/2022\/#website","url":"https:\/\/regiaonews.net.br\/2022\/","name":"Regi\u00e3o News","description":"Site de Not\u00edcias de Barretos e regi\u00e3o","publisher":{"@id":"https:\/\/regiaonews.net.br\/2022\/#organization"},"potentialAction":[{"@type":"SearchAction","target":{"@type":"EntryPoint","urlTemplate":"https:\/\/regiaonews.net.br\/2022\/?s={search_term_string}"},"query-input":{"@type":"PropertyValueSpecification","valueRequired":true,"valueName":"search_term_string"}}],"inLanguage":"pt-BR"},{"@type":"Organization","@id":"https:\/\/regiaonews.net.br\/2022\/#organization","name":"Regi\u00e3o News","url":"https:\/\/regiaonews.net.br\/2022\/","logo":{"@type":"ImageObject","inLanguage":"pt-BR","@id":"https:\/\/regiaonews.net.br\/2022\/#\/schema\/logo\/image\/","url":"https:\/\/regiaonews.net.br\/2022\/wp-content\/uploads\/2026\/03\/regiao-13-anos-scaled.jpg","contentUrl":"https:\/\/regiaonews.net.br\/2022\/wp-content\/uploads\/2026\/03\/regiao-13-anos-scaled.jpg","width":2560,"height":635,"caption":"Regi\u00e3o News"},"image":{"@id":"https:\/\/regiaonews.net.br\/2022\/#\/schema\/logo\/image\/"}},{"@type":"Person","@id":"https:\/\/regiaonews.net.br\/2022\/#\/schema\/person\/2d205a608a5aa97ac279d7a5e6d89ad8","name":"Roberto","image":{"@type":"ImageObject","inLanguage":"pt-BR","@id":"https:\/\/secure.gravatar.com\/avatar\/42749d8b712ff9d59ca93dc150494e5b55a44134482993f5baeb97e61b7ecc89?s=96&d=mm&r=g","url":"https:\/\/secure.gravatar.com\/avatar\/42749d8b712ff9d59ca93dc150494e5b55a44134482993f5baeb97e61b7ecc89?s=96&d=mm&r=g","contentUrl":"https:\/\/secure.gravatar.com\/avatar\/42749d8b712ff9d59ca93dc150494e5b55a44134482993f5baeb97e61b7ecc89?s=96&d=mm&r=g","caption":"Roberto"},"url":"https:\/\/regiaonews.net.br\/2022\/author\/roberto\/"}]}},"publishpress_future_action":{"enabled":false,"date":"2026-05-04 18:48:21","action":"change-status","newStatus":"draft","terms":[],"taxonomy":"category","extraData":[]},"publishpress_future_workflow_manual_trigger":{"enabledWorkflows":[]},"_links":{"self":[{"href":"https:\/\/regiaonews.net.br\/2022\/wp-json\/wp\/v2\/posts\/55708","targetHints":{"allow":["GET"]}}],"collection":[{"href":"https:\/\/regiaonews.net.br\/2022\/wp-json\/wp\/v2\/posts"}],"about":[{"href":"https:\/\/regiaonews.net.br\/2022\/wp-json\/wp\/v2\/types\/post"}],"author":[{"embeddable":true,"href":"https:\/\/regiaonews.net.br\/2022\/wp-json\/wp\/v2\/users\/2"}],"replies":[{"embeddable":true,"href":"https:\/\/regiaonews.net.br\/2022\/wp-json\/wp\/v2\/comments?post=55708"}],"version-history":[{"count":0,"href":"https:\/\/regiaonews.net.br\/2022\/wp-json\/wp\/v2\/posts\/55708\/revisions"}],"wp:featuredmedia":[{"embeddable":true,"href":"https:\/\/regiaonews.net.br\/2022\/wp-json\/wp\/v2\/media\/55709"}],"wp:attachment":[{"href":"https:\/\/regiaonews.net.br\/2022\/wp-json\/wp\/v2\/media?parent=55708"}],"wp:term":[{"taxonomy":"category","embeddable":true,"href":"https:\/\/regiaonews.net.br\/2022\/wp-json\/wp\/v2\/categories?post=55708"},{"taxonomy":"post_tag","embeddable":true,"href":"https:\/\/regiaonews.net.br\/2022\/wp-json\/wp\/v2\/tags?post=55708"}],"curies":[{"name":"wp","href":"https:\/\/api.w.org\/{rel}","templated":true}]}}