{"id":55698,"date":"2021-11-03T14:50:51","date_gmt":"2021-11-03T17:50:51","guid":{"rendered":"https:\/\/regiaonews.net.br\/2022\/?p=55698"},"modified":"2021-11-03T14:50:51","modified_gmt":"2021-11-03T17:50:51","slug":"pm-rodoviaria-registra-quase-59-mil-autuacoes-por-infracoes-de-transito-durante-feriado-prolongado","status":"publish","type":"post","link":"https:\/\/regiaonews.net.br\/2022\/2021\/11\/03\/pm-rodoviaria-registra-quase-59-mil-autuacoes-por-infracoes-de-transito-durante-feriado-prolongado\/","title":{"rendered":"PM Rodovi\u00e1ria registra quase 59 mil autua\u00e7\u00f5es por infra\u00e7\u00f5es de tr\u00e2nsito durante feriado prolongado"},"content":{"rendered":"<div>\n<h1 class=\"chapeu2 ng-binding\"><a href=\"https:\/\/regiaonews.net.br\/2022\/wp-content\/uploads\/2020\/09\/1200px-Viaturas_da_Pol\u00edcia_Rodovi\u00e1ria_de_S\u00e3o_Paulo.jpg\"><img loading=\"lazy\" decoding=\"async\" class=\"alignnone size-medium wp-image-37380\" src=\"https:\/\/regiaonews.net.br\/2022\/wp-content\/uploads\/2020\/09\/1200px-Viaturas_da_Pol\u00edcia_Rodovi\u00e1ria_de_S\u00e3o_Paulo-300x200.jpg\" alt=\"\" width=\"300\" height=\"200\" \/><\/a><\/h1>\n<h2 class=\"titulopreto ng-binding\">Durante a a\u00e7\u00e3o, mais de 70 pessoas foram detidas e aproximadamente 90 quilos de drogas apreendidos<\/h2>\n<p><center><\/p>\n<h2 class=\"titulopreto ng-binding\"><\/h2>\n<p><\/center><\/div>\n<div id=\"notCorpo\" class=\"ng-binding\">\n<p>A Pol\u00edcia Militar realizou, por meio do Comando de Policiamento Rodovi\u00e1rio (CPRv), quase 59 mil autua\u00e7\u00f5es por infra\u00e7\u00f5es de tr\u00e2nsito durante feriado prolongado. As atividades relacionadas \u00e0 Opera\u00e7\u00e3o Finados foram deflagradas desde \u00e0s 0 hora de sexta-feira (29) at\u00e9 \u00e0s 23h59 de ter\u00e7a-feira (02) e ainda resultaram na deten\u00e7\u00e3o de mais de 70 pessoas e apreens\u00e3o de cerca de 90 quilos de drogas.<\/p>\n<p>Para os trabalhos ao longo dos 22 mil quil\u00f4metros de rodovias estaduais foi empregado todo o efetivo do CPRv e materiais dispon\u00edveis, distribuindo-os nos locais de maior incid\u00eancia criminal para garantir a seguran\u00e7a de todos que necessitem fazer deslocamentos. Os policiais contaram com drones, bin\u00f3culos e radares port\u00e1teis, intensificando a fiscaliza\u00e7\u00e3o de limites de velocidade e ultrapassagens.<\/p>\n<p>Tamb\u00e9m foram realizadas atividades para fiscaliza\u00e7\u00e3o de uso de cinto de seguran\u00e7a e outros equipamentos, uso indevido de celular ao volante, al\u00e9m de a\u00e7\u00f5es direcionadas para coibir o consumo de \u00e1lcool. Como resultado foram elaboradas 58.966 autua\u00e7\u00f5es por infra\u00e7\u00f5es de tr\u00e2nsito, sendo 25.863 por excesso de velocidade e 8.817 por n\u00e3o uso do cinto de seguran\u00e7a e outros dispositivos de reten\u00e7\u00e3o.<\/p>\n<p>Ainda foram contabilizadas 1.388 por ultrapassagens em locais proibidos e 1.739 infra\u00e7\u00f5es por dirigir sob a influ\u00eancia de \u00e1lcool (ou se recusaram a realizar o teste do etil\u00f4metro). Ao todo, 42.085 motoristas foram submetidos aos testes e 27 deles foram conduzidos \u00e0 pol\u00edcia judici\u00e1ria pelo crime de embriaguez ao volante. As atividades contaram com o apoio das Concession\u00e1rias de Rodovias, da Ag\u00eancia de Transporte do Estado (Artesp), do Departamento de Estradas de Rodagem (DER) e outros \u00f3rg\u00e3os.<\/p>\n<p>Ao longo da opera\u00e7\u00e3o 57 pessoas foram presas em flagrante por diversos delitos e 15 procurados pela Justi\u00e7a foram recapturados e devolvidos ao sistema penitenci\u00e1rio. No mesmo per\u00edodo, o policiamento rodovi\u00e1rio ainda retirou sete armas ilegais de circula\u00e7\u00e3o e apreendeu 89,7 kg quilos de entorpecentes, sendo 87,7 de maconha e 1 kg de crack.<\/p>\n<\/div>\n","protected":false},"excerpt":{"rendered":"<p>Durante a a\u00e7\u00e3o, mais de 70 pessoas foram detidas e<\/p>\n","protected":false},"author":2,"featured_media":37718,"comment_status":"open","ping_status":"open","sticky":false,"template":"","format":"standard","meta":{"footnotes":""},"categories":[25,7,23],"tags":[],"class_list":["post-55698","post","type-post","status-publish","format-standard","has-post-thumbnail","hentry","category-cidades","category-estado-de-sao-paulo","category-policia"],"yoast_head":"<!-- This site is optimized with the Yoast SEO plugin v27.4 - https:\/\/yoast.com\/product\/yoast-seo-wordpress\/ -->\n<title>PM Rodovi\u00e1ria registra quase 59 mil autua\u00e7\u00f5es por infra\u00e7\u00f5es de tr\u00e2nsito durante feriado prolongado - Regi\u00e3o News<\/title>\n<meta name=\"robots\" content=\"index, follow, max-snippet:-1, max-image-preview:large, max-video-preview:-1\" \/>\n<link rel=\"canonical\" href=\"https:\/\/regiaonews.net.br\/2022\/2021\/11\/03\/pm-rodoviaria-registra-quase-59-mil-autuacoes-por-infracoes-de-transito-durante-feriado-prolongado\/\" \/>\n<meta property=\"og:locale\" content=\"pt_BR\" \/>\n<meta property=\"og:type\" content=\"article\" \/>\n<meta property=\"og:title\" content=\"PM Rodovi\u00e1ria registra quase 59 mil autua\u00e7\u00f5es por infra\u00e7\u00f5es de tr\u00e2nsito durante feriado prolongado - Regi\u00e3o News\" \/>\n<meta property=\"og:description\" content=\"Durante a a\u00e7\u00e3o, mais de 70 pessoas foram detidas e\" \/>\n<meta property=\"og:url\" content=\"https:\/\/regiaonews.net.br\/2022\/2021\/11\/03\/pm-rodoviaria-registra-quase-59-mil-autuacoes-por-infracoes-de-transito-durante-feriado-prolongado\/\" \/>\n<meta property=\"og:site_name\" content=\"Regi\u00e3o News\" \/>\n<meta property=\"article:published_time\" content=\"2021-11-03T17:50:51+00:00\" \/>\n<meta property=\"og:image\" content=\"https:\/\/regiaonews.net.br\/2022\/wp-content\/uploads\/2020\/09\/policia-militar-brasil-sao-paulo-bandeiras-de-mesa-panoplia-scaled.jpg\" \/>\n\t<meta property=\"og:image:width\" content=\"4096\" \/>\n\t<meta property=\"og:image:height\" content=\"3072\" \/>\n\t<meta property=\"og:image:type\" content=\"image\/jpeg\" \/>\n<meta name=\"author\" content=\"Roberto\" \/>\n<meta name=\"twitter:card\" content=\"summary_large_image\" \/>\n<meta name=\"twitter:label1\" content=\"Escrito por\" \/>\n\t<meta name=\"twitter:data1\" content=\"Roberto\" \/>\n\t<meta name=\"twitter:label2\" content=\"Est. tempo de leitura\" \/>\n\t<meta name=\"twitter:data2\" content=\"2 minutos\" \/>\n<script type=\"application\/ld+json\" class=\"yoast-schema-graph\">{\"@context\":\"https:\\\/\\\/schema.org\",\"@graph\":[{\"@type\":\"Article\",\"@id\":\"https:\\\/\\\/regiaonews.net.br\\\/2022\\\/2021\\\/11\\\/03\\\/pm-rodoviaria-registra-quase-59-mil-autuacoes-por-infracoes-de-transito-durante-feriado-prolongado\\\/#article\",\"isPartOf\":{\"@id\":\"https:\\\/\\\/regiaonews.net.br\\\/2022\\\/2021\\\/11\\\/03\\\/pm-rodoviaria-registra-quase-59-mil-autuacoes-por-infracoes-de-transito-durante-feriado-prolongado\\\/\"},\"author\":{\"name\":\"Roberto\",\"@id\":\"https:\\\/\\\/regiaonews.net.br\\\/2022\\\/#\\\/schema\\\/person\\\/2d205a608a5aa97ac279d7a5e6d89ad8\"},\"headline\":\"PM Rodovi\u00e1ria registra quase 59 mil autua\u00e7\u00f5es por infra\u00e7\u00f5es de tr\u00e2nsito durante feriado prolongado\",\"datePublished\":\"2021-11-03T17:50:51+00:00\",\"mainEntityOfPage\":{\"@id\":\"https:\\\/\\\/regiaonews.net.br\\\/2022\\\/2021\\\/11\\\/03\\\/pm-rodoviaria-registra-quase-59-mil-autuacoes-por-infracoes-de-transito-durante-feriado-prolongado\\\/\"},\"wordCount\":364,\"commentCount\":0,\"publisher\":{\"@id\":\"https:\\\/\\\/regiaonews.net.br\\\/2022\\\/#organization\"},\"image\":{\"@id\":\"https:\\\/\\\/regiaonews.net.br\\\/2022\\\/2021\\\/11\\\/03\\\/pm-rodoviaria-registra-quase-59-mil-autuacoes-por-infracoes-de-transito-durante-feriado-prolongado\\\/#primaryimage\"},\"thumbnailUrl\":\"https:\\\/\\\/regiaonews.net.br\\\/2022\\\/wp-content\\\/uploads\\\/2020\\\/09\\\/policia-militar-brasil-sao-paulo-bandeiras-de-mesa-panoplia-scaled.jpg\",\"articleSection\":[\"Cidades\",\"Estado de S\u00e3o Paulo\",\"Policia\"],\"inLanguage\":\"pt-BR\",\"potentialAction\":[{\"@type\":\"CommentAction\",\"name\":\"Comment\",\"target\":[\"https:\\\/\\\/regiaonews.net.br\\\/2022\\\/2021\\\/11\\\/03\\\/pm-rodoviaria-registra-quase-59-mil-autuacoes-por-infracoes-de-transito-durante-feriado-prolongado\\\/#respond\"]}]},{\"@type\":\"WebPage\",\"@id\":\"https:\\\/\\\/regiaonews.net.br\\\/2022\\\/2021\\\/11\\\/03\\\/pm-rodoviaria-registra-quase-59-mil-autuacoes-por-infracoes-de-transito-durante-feriado-prolongado\\\/\",\"url\":\"https:\\\/\\\/regiaonews.net.br\\\/2022\\\/2021\\\/11\\\/03\\\/pm-rodoviaria-registra-quase-59-mil-autuacoes-por-infracoes-de-transito-durante-feriado-prolongado\\\/\",\"name\":\"PM Rodovi\u00e1ria registra quase 59 mil autua\u00e7\u00f5es por infra\u00e7\u00f5es de tr\u00e2nsito durante feriado prolongado - Regi\u00e3o News\",\"isPartOf\":{\"@id\":\"https:\\\/\\\/regiaonews.net.br\\\/2022\\\/#website\"},\"primaryImageOfPage\":{\"@id\":\"https:\\\/\\\/regiaonews.net.br\\\/2022\\\/2021\\\/11\\\/03\\\/pm-rodoviaria-registra-quase-59-mil-autuacoes-por-infracoes-de-transito-durante-feriado-prolongado\\\/#primaryimage\"},\"image\":{\"@id\":\"https:\\\/\\\/regiaonews.net.br\\\/2022\\\/2021\\\/11\\\/03\\\/pm-rodoviaria-registra-quase-59-mil-autuacoes-por-infracoes-de-transito-durante-feriado-prolongado\\\/#primaryimage\"},\"thumbnailUrl\":\"https:\\\/\\\/regiaonews.net.br\\\/2022\\\/wp-content\\\/uploads\\\/2020\\\/09\\\/policia-militar-brasil-sao-paulo-bandeiras-de-mesa-panoplia-scaled.jpg\",\"datePublished\":\"2021-11-03T17:50:51+00:00\",\"breadcrumb\":{\"@id\":\"https:\\\/\\\/regiaonews.net.br\\\/2022\\\/2021\\\/11\\\/03\\\/pm-rodoviaria-registra-quase-59-mil-autuacoes-por-infracoes-de-transito-durante-feriado-prolongado\\\/#breadcrumb\"},\"inLanguage\":\"pt-BR\",\"potentialAction\":[{\"@type\":\"ReadAction\",\"target\":[\"https:\\\/\\\/regiaonews.net.br\\\/2022\\\/2021\\\/11\\\/03\\\/pm-rodoviaria-registra-quase-59-mil-autuacoes-por-infracoes-de-transito-durante-feriado-prolongado\\\/\"]}]},{\"@type\":\"ImageObject\",\"inLanguage\":\"pt-BR\",\"@id\":\"https:\\\/\\\/regiaonews.net.br\\\/2022\\\/2021\\\/11\\\/03\\\/pm-rodoviaria-registra-quase-59-mil-autuacoes-por-infracoes-de-transito-durante-feriado-prolongado\\\/#primaryimage\",\"url\":\"https:\\\/\\\/regiaonews.net.br\\\/2022\\\/wp-content\\\/uploads\\\/2020\\\/09\\\/policia-militar-brasil-sao-paulo-bandeiras-de-mesa-panoplia-scaled.jpg\",\"contentUrl\":\"https:\\\/\\\/regiaonews.net.br\\\/2022\\\/wp-content\\\/uploads\\\/2020\\\/09\\\/policia-militar-brasil-sao-paulo-bandeiras-de-mesa-panoplia-scaled.jpg\",\"width\":4096,\"height\":3072},{\"@type\":\"BreadcrumbList\",\"@id\":\"https:\\\/\\\/regiaonews.net.br\\\/2022\\\/2021\\\/11\\\/03\\\/pm-rodoviaria-registra-quase-59-mil-autuacoes-por-infracoes-de-transito-durante-feriado-prolongado\\\/#breadcrumb\",\"itemListElement\":[{\"@type\":\"ListItem\",\"position\":1,\"name\":\"In\u00edcio\",\"item\":\"https:\\\/\\\/regiaonews.net.br\\\/2022\\\/\"},{\"@type\":\"ListItem\",\"position\":2,\"name\":\"PM Rodovi\u00e1ria registra quase 59 mil autua\u00e7\u00f5es por infra\u00e7\u00f5es de tr\u00e2nsito durante feriado prolongado\"}]},{\"@type\":\"WebSite\",\"@id\":\"https:\\\/\\\/regiaonews.net.br\\\/2022\\\/#website\",\"url\":\"https:\\\/\\\/regiaonews.net.br\\\/2022\\\/\",\"name\":\"Regi\u00e3o News\",\"description\":\"Site de Not\u00edcias de Barretos e regi\u00e3o\",\"publisher\":{\"@id\":\"https:\\\/\\\/regiaonews.net.br\\\/2022\\\/#organization\"},\"potentialAction\":[{\"@type\":\"SearchAction\",\"target\":{\"@type\":\"EntryPoint\",\"urlTemplate\":\"https:\\\/\\\/regiaonews.net.br\\\/2022\\\/?s={search_term_string}\"},\"query-input\":{\"@type\":\"PropertyValueSpecification\",\"valueRequired\":true,\"valueName\":\"search_term_string\"}}],\"inLanguage\":\"pt-BR\"},{\"@type\":\"Organization\",\"@id\":\"https:\\\/\\\/regiaonews.net.br\\\/2022\\\/#organization\",\"name\":\"Regi\u00e3o News\",\"url\":\"https:\\\/\\\/regiaonews.net.br\\\/2022\\\/\",\"logo\":{\"@type\":\"ImageObject\",\"inLanguage\":\"pt-BR\",\"@id\":\"https:\\\/\\\/regiaonews.net.br\\\/2022\\\/#\\\/schema\\\/logo\\\/image\\\/\",\"url\":\"https:\\\/\\\/regiaonews.net.br\\\/2022\\\/wp-content\\\/uploads\\\/2026\\\/03\\\/regiao-13-anos-scaled.jpg\",\"contentUrl\":\"https:\\\/\\\/regiaonews.net.br\\\/2022\\\/wp-content\\\/uploads\\\/2026\\\/03\\\/regiao-13-anos-scaled.jpg\",\"width\":2560,\"height\":635,\"caption\":\"Regi\u00e3o News\"},\"image\":{\"@id\":\"https:\\\/\\\/regiaonews.net.br\\\/2022\\\/#\\\/schema\\\/logo\\\/image\\\/\"}},{\"@type\":\"Person\",\"@id\":\"https:\\\/\\\/regiaonews.net.br\\\/2022\\\/#\\\/schema\\\/person\\\/2d205a608a5aa97ac279d7a5e6d89ad8\",\"name\":\"Roberto\",\"image\":{\"@type\":\"ImageObject\",\"inLanguage\":\"pt-BR\",\"@id\":\"https:\\\/\\\/secure.gravatar.com\\\/avatar\\\/42749d8b712ff9d59ca93dc150494e5b55a44134482993f5baeb97e61b7ecc89?s=96&d=mm&r=g\",\"url\":\"https:\\\/\\\/secure.gravatar.com\\\/avatar\\\/42749d8b712ff9d59ca93dc150494e5b55a44134482993f5baeb97e61b7ecc89?s=96&d=mm&r=g\",\"contentUrl\":\"https:\\\/\\\/secure.gravatar.com\\\/avatar\\\/42749d8b712ff9d59ca93dc150494e5b55a44134482993f5baeb97e61b7ecc89?s=96&d=mm&r=g\",\"caption\":\"Roberto\"},\"url\":\"https:\\\/\\\/regiaonews.net.br\\\/2022\\\/author\\\/roberto\\\/\"}]}<\/script>\n<!-- \/ Yoast SEO plugin. -->","yoast_head_json":{"title":"PM Rodovi\u00e1ria registra quase 59 mil autua\u00e7\u00f5es por infra\u00e7\u00f5es de tr\u00e2nsito durante feriado prolongado - Regi\u00e3o News","robots":{"index":"index","follow":"follow","max-snippet":"max-snippet:-1","max-image-preview":"max-image-preview:large","max-video-preview":"max-video-preview:-1"},"canonical":"https:\/\/regiaonews.net.br\/2022\/2021\/11\/03\/pm-rodoviaria-registra-quase-59-mil-autuacoes-por-infracoes-de-transito-durante-feriado-prolongado\/","og_locale":"pt_BR","og_type":"article","og_title":"PM Rodovi\u00e1ria registra quase 59 mil autua\u00e7\u00f5es por infra\u00e7\u00f5es de tr\u00e2nsito durante feriado prolongado - Regi\u00e3o News","og_description":"Durante a a\u00e7\u00e3o, mais de 70 pessoas foram detidas e","og_url":"https:\/\/regiaonews.net.br\/2022\/2021\/11\/03\/pm-rodoviaria-registra-quase-59-mil-autuacoes-por-infracoes-de-transito-durante-feriado-prolongado\/","og_site_name":"Regi\u00e3o News","article_published_time":"2021-11-03T17:50:51+00:00","og_image":[{"width":4096,"height":3072,"url":"https:\/\/regiaonews.net.br\/2022\/wp-content\/uploads\/2020\/09\/policia-militar-brasil-sao-paulo-bandeiras-de-mesa-panoplia-scaled.jpg","type":"image\/jpeg"}],"author":"Roberto","twitter_card":"summary_large_image","twitter_misc":{"Escrito por":"Roberto","Est. tempo de leitura":"2 minutos"},"schema":{"@context":"https:\/\/schema.org","@graph":[{"@type":"Article","@id":"https:\/\/regiaonews.net.br\/2022\/2021\/11\/03\/pm-rodoviaria-registra-quase-59-mil-autuacoes-por-infracoes-de-transito-durante-feriado-prolongado\/#article","isPartOf":{"@id":"https:\/\/regiaonews.net.br\/2022\/2021\/11\/03\/pm-rodoviaria-registra-quase-59-mil-autuacoes-por-infracoes-de-transito-durante-feriado-prolongado\/"},"author":{"name":"Roberto","@id":"https:\/\/regiaonews.net.br\/2022\/#\/schema\/person\/2d205a608a5aa97ac279d7a5e6d89ad8"},"headline":"PM Rodovi\u00e1ria registra quase 59 mil autua\u00e7\u00f5es por infra\u00e7\u00f5es de tr\u00e2nsito durante feriado prolongado","datePublished":"2021-11-03T17:50:51+00:00","mainEntityOfPage":{"@id":"https:\/\/regiaonews.net.br\/2022\/2021\/11\/03\/pm-rodoviaria-registra-quase-59-mil-autuacoes-por-infracoes-de-transito-durante-feriado-prolongado\/"},"wordCount":364,"commentCount":0,"publisher":{"@id":"https:\/\/regiaonews.net.br\/2022\/#organization"},"image":{"@id":"https:\/\/regiaonews.net.br\/2022\/2021\/11\/03\/pm-rodoviaria-registra-quase-59-mil-autuacoes-por-infracoes-de-transito-durante-feriado-prolongado\/#primaryimage"},"thumbnailUrl":"https:\/\/regiaonews.net.br\/2022\/wp-content\/uploads\/2020\/09\/policia-militar-brasil-sao-paulo-bandeiras-de-mesa-panoplia-scaled.jpg","articleSection":["Cidades","Estado de S\u00e3o Paulo","Policia"],"inLanguage":"pt-BR","potentialAction":[{"@type":"CommentAction","name":"Comment","target":["https:\/\/regiaonews.net.br\/2022\/2021\/11\/03\/pm-rodoviaria-registra-quase-59-mil-autuacoes-por-infracoes-de-transito-durante-feriado-prolongado\/#respond"]}]},{"@type":"WebPage","@id":"https:\/\/regiaonews.net.br\/2022\/2021\/11\/03\/pm-rodoviaria-registra-quase-59-mil-autuacoes-por-infracoes-de-transito-durante-feriado-prolongado\/","url":"https:\/\/regiaonews.net.br\/2022\/2021\/11\/03\/pm-rodoviaria-registra-quase-59-mil-autuacoes-por-infracoes-de-transito-durante-feriado-prolongado\/","name":"PM Rodovi\u00e1ria registra quase 59 mil autua\u00e7\u00f5es por infra\u00e7\u00f5es de tr\u00e2nsito durante feriado prolongado - Regi\u00e3o News","isPartOf":{"@id":"https:\/\/regiaonews.net.br\/2022\/#website"},"primaryImageOfPage":{"@id":"https:\/\/regiaonews.net.br\/2022\/2021\/11\/03\/pm-rodoviaria-registra-quase-59-mil-autuacoes-por-infracoes-de-transito-durante-feriado-prolongado\/#primaryimage"},"image":{"@id":"https:\/\/regiaonews.net.br\/2022\/2021\/11\/03\/pm-rodoviaria-registra-quase-59-mil-autuacoes-por-infracoes-de-transito-durante-feriado-prolongado\/#primaryimage"},"thumbnailUrl":"https:\/\/regiaonews.net.br\/2022\/wp-content\/uploads\/2020\/09\/policia-militar-brasil-sao-paulo-bandeiras-de-mesa-panoplia-scaled.jpg","datePublished":"2021-11-03T17:50:51+00:00","breadcrumb":{"@id":"https:\/\/regiaonews.net.br\/2022\/2021\/11\/03\/pm-rodoviaria-registra-quase-59-mil-autuacoes-por-infracoes-de-transito-durante-feriado-prolongado\/#breadcrumb"},"inLanguage":"pt-BR","potentialAction":[{"@type":"ReadAction","target":["https:\/\/regiaonews.net.br\/2022\/2021\/11\/03\/pm-rodoviaria-registra-quase-59-mil-autuacoes-por-infracoes-de-transito-durante-feriado-prolongado\/"]}]},{"@type":"ImageObject","inLanguage":"pt-BR","@id":"https:\/\/regiaonews.net.br\/2022\/2021\/11\/03\/pm-rodoviaria-registra-quase-59-mil-autuacoes-por-infracoes-de-transito-durante-feriado-prolongado\/#primaryimage","url":"https:\/\/regiaonews.net.br\/2022\/wp-content\/uploads\/2020\/09\/policia-militar-brasil-sao-paulo-bandeiras-de-mesa-panoplia-scaled.jpg","contentUrl":"https:\/\/regiaonews.net.br\/2022\/wp-content\/uploads\/2020\/09\/policia-militar-brasil-sao-paulo-bandeiras-de-mesa-panoplia-scaled.jpg","width":4096,"height":3072},{"@type":"BreadcrumbList","@id":"https:\/\/regiaonews.net.br\/2022\/2021\/11\/03\/pm-rodoviaria-registra-quase-59-mil-autuacoes-por-infracoes-de-transito-durante-feriado-prolongado\/#breadcrumb","itemListElement":[{"@type":"ListItem","position":1,"name":"In\u00edcio","item":"https:\/\/regiaonews.net.br\/2022\/"},{"@type":"ListItem","position":2,"name":"PM Rodovi\u00e1ria registra quase 59 mil autua\u00e7\u00f5es por infra\u00e7\u00f5es de tr\u00e2nsito durante feriado prolongado"}]},{"@type":"WebSite","@id":"https:\/\/regiaonews.net.br\/2022\/#website","url":"https:\/\/regiaonews.net.br\/2022\/","name":"Regi\u00e3o News","description":"Site de Not\u00edcias de Barretos e regi\u00e3o","publisher":{"@id":"https:\/\/regiaonews.net.br\/2022\/#organization"},"potentialAction":[{"@type":"SearchAction","target":{"@type":"EntryPoint","urlTemplate":"https:\/\/regiaonews.net.br\/2022\/?s={search_term_string}"},"query-input":{"@type":"PropertyValueSpecification","valueRequired":true,"valueName":"search_term_string"}}],"inLanguage":"pt-BR"},{"@type":"Organization","@id":"https:\/\/regiaonews.net.br\/2022\/#organization","name":"Regi\u00e3o News","url":"https:\/\/regiaonews.net.br\/2022\/","logo":{"@type":"ImageObject","inLanguage":"pt-BR","@id":"https:\/\/regiaonews.net.br\/2022\/#\/schema\/logo\/image\/","url":"https:\/\/regiaonews.net.br\/2022\/wp-content\/uploads\/2026\/03\/regiao-13-anos-scaled.jpg","contentUrl":"https:\/\/regiaonews.net.br\/2022\/wp-content\/uploads\/2026\/03\/regiao-13-anos-scaled.jpg","width":2560,"height":635,"caption":"Regi\u00e3o News"},"image":{"@id":"https:\/\/regiaonews.net.br\/2022\/#\/schema\/logo\/image\/"}},{"@type":"Person","@id":"https:\/\/regiaonews.net.br\/2022\/#\/schema\/person\/2d205a608a5aa97ac279d7a5e6d89ad8","name":"Roberto","image":{"@type":"ImageObject","inLanguage":"pt-BR","@id":"https:\/\/secure.gravatar.com\/avatar\/42749d8b712ff9d59ca93dc150494e5b55a44134482993f5baeb97e61b7ecc89?s=96&d=mm&r=g","url":"https:\/\/secure.gravatar.com\/avatar\/42749d8b712ff9d59ca93dc150494e5b55a44134482993f5baeb97e61b7ecc89?s=96&d=mm&r=g","contentUrl":"https:\/\/secure.gravatar.com\/avatar\/42749d8b712ff9d59ca93dc150494e5b55a44134482993f5baeb97e61b7ecc89?s=96&d=mm&r=g","caption":"Roberto"},"url":"https:\/\/regiaonews.net.br\/2022\/author\/roberto\/"}]}},"publishpress_future_action":{"enabled":false,"date":"2026-05-04 13:59:15","action":"change-status","newStatus":"draft","terms":[],"taxonomy":"category","extraData":[]},"publishpress_future_workflow_manual_trigger":{"enabledWorkflows":[]},"_links":{"self":[{"href":"https:\/\/regiaonews.net.br\/2022\/wp-json\/wp\/v2\/posts\/55698","targetHints":{"allow":["GET"]}}],"collection":[{"href":"https:\/\/regiaonews.net.br\/2022\/wp-json\/wp\/v2\/posts"}],"about":[{"href":"https:\/\/regiaonews.net.br\/2022\/wp-json\/wp\/v2\/types\/post"}],"author":[{"embeddable":true,"href":"https:\/\/regiaonews.net.br\/2022\/wp-json\/wp\/v2\/users\/2"}],"replies":[{"embeddable":true,"href":"https:\/\/regiaonews.net.br\/2022\/wp-json\/wp\/v2\/comments?post=55698"}],"version-history":[{"count":0,"href":"https:\/\/regiaonews.net.br\/2022\/wp-json\/wp\/v2\/posts\/55698\/revisions"}],"wp:featuredmedia":[{"embeddable":true,"href":"https:\/\/regiaonews.net.br\/2022\/wp-json\/wp\/v2\/media\/37718"}],"wp:attachment":[{"href":"https:\/\/regiaonews.net.br\/2022\/wp-json\/wp\/v2\/media?parent=55698"}],"wp:term":[{"taxonomy":"category","embeddable":true,"href":"https:\/\/regiaonews.net.br\/2022\/wp-json\/wp\/v2\/categories?post=55698"},{"taxonomy":"post_tag","embeddable":true,"href":"https:\/\/regiaonews.net.br\/2022\/wp-json\/wp\/v2\/tags?post=55698"}],"curies":[{"name":"wp","href":"https:\/\/api.w.org\/{rel}","templated":true}]}}