{"id":55690,"date":"2021-11-03T12:54:50","date_gmt":"2021-11-03T15:54:50","guid":{"rendered":"https:\/\/regiaonews.net.br\/2022\/?p=55690"},"modified":"2021-11-03T12:54:50","modified_gmt":"2021-11-03T15:54:50","slug":"prefeito-junao-anuncia-mais-tres-mulheres-e-dois-homens-para-sua-equipe","status":"publish","type":"post","link":"https:\/\/regiaonews.net.br\/2022\/2021\/11\/03\/prefeito-junao-anuncia-mais-tres-mulheres-e-dois-homens-para-sua-equipe\/","title":{"rendered":"Prefeito Jun\u00e3o anuncia mais tr\u00eas mulheres e dois homens para sua equipe"},"content":{"rendered":"<p>Jun\u00e3o anuncia mais cinco nomes para cargos de chefia em seu governo<\/p>\n<p><a href=\"https:\/\/regiaonews.net.br\/2022\/wp-content\/uploads\/2021\/10\/Junao.jpg\"><img loading=\"lazy\" decoding=\"async\" class=\"alignnone size-medium wp-image-54412\" src=\"https:\/\/regiaonews.net.br\/2022\/wp-content\/uploads\/2021\/10\/Junao-300x221.jpg\" alt=\"\" width=\"300\" height=\"221\" \/><\/a><\/p>\n<p>&nbsp;<\/p>\n<p>Elaine Rosa continua como chefe da Se\u00e7\u00e3o das Parcerias com Terceiro Setor e Afins; a advogada Emiliana Sterchile ser\u00e1 diretora de Transpar\u00eancia, Justi\u00e7a e Seguran\u00e7a e tamb\u00e9m a interventora da Santa Casa; Marizete Manfrin assume o gabinete; Tarc\u00edsio Rodrigues a secretaria de Desenvolvimento e Turismo e Tiago Andrade como diretor de Finan\u00e7as<\/p>\n<p>&nbsp;<\/p>\n<p>Faltando uma semana para assumir a prefeitura de Gua\u00edra, Jun\u00e3o e seu vice Jos\u00e9 Carlos Soares continuam anunciando os nomes para os cargos de chefia de seu governo. Dessa vez, eles apresentam mais cinco profissionais que v\u00e3o ocupar importantes setores em sua gest\u00e3o.<\/p>\n<p>\u201cEstamos conversando com os nossos apoiadores, com as pessoas, com os servidores p\u00fablicos e analisando as pessoas que v\u00e3o ocupar essas importantes pastas em nosso mandato. Temos cidad\u00e3os capacitados e com curr\u00edculos muito bons, mostrando que sabem o que fazem e como dever\u00e3o agir dentro do setor p\u00fablico. Acredito que estamos agindo do modo correto, colocando quem entende e que sabemos que vai trabalhar pelo bem da popula\u00e7\u00e3o guairense\u201d, anuncia o prefeito eleito.<\/p>\n<p>Demonstrando imparcialidade, Jun\u00e3o mant\u00e9m Elaine Rosa em um dos cargos comissionados, pois sabe que a profissional atua com excel\u00eancia. \u201cOs trabalhos n\u00e3o podem parar, principalmente em se tratando do terceiro setor. E sabemos que a Elaine Rosa trabalha muito bem e tem uma boa rela\u00e7\u00e3o com as entidades. Ela continua na nossa gest\u00e3o e contamos com ela para manter este bom relacionamento com as institui\u00e7\u00f5es\u201d, destaca.<\/p>\n<p>Confira mais cinco profissionais e em que departamentos v\u00e3o atuar:<\/p>\n<p>&#8211; Elaine Cristina dos Santos Rosa, formada em servi\u00e7o social (UNESP), em Pedagogia (UFPR), t\u00e9cnica em administra\u00e7\u00e3o p\u00fablica municipal, especializada em psicopedagogia cl\u00ednica e institucional, em Gest\u00e3o e Planejamento de Projetos Sociais, com aperfei\u00e7oamento em Gest\u00e3o Municipal do SUS, entre outras especializa\u00e7\u00f5es, continua como Chefe da Se\u00e7\u00e3o das Parcerias com Terceiro Setor e Afins.<\/p>\n<p>&#8211; A advogada Emiliana Alves Ferreira Ribeiro Sterchile, que exerce advocacia h\u00e1 22 anos, com especializa\u00e7\u00f5es na \u00e1rea da sa\u00fade, como Gest\u00e3o da Cl\u00ednica nas Redes de Aten\u00e7\u00e3o \u00e0 Sa\u00fade e em Direito M\u00e9dico e da Sa\u00fade, ser\u00e1 Diretora de Transpar\u00eancia, Justi\u00e7a e Seguran\u00e7a e tamb\u00e9m a interventora da Santa Casa de Miseric\u00f3rdia de Gua\u00edra.<\/p>\n<p>&#8211; Marizete Cristina Manfrin Barbosa, funcion\u00e1ria p\u00fablica h\u00e1 10 anos, pedagoga, formada em Letras, Artes Visuais e p\u00f3s-graduada em Reda\u00e7\u00e3o e Orat\u00f3ria Acad\u00eamica de Direito da Faculdade Municipal de Franca, que j\u00e1 assumiu a pasta de Desenvolvimento Econ\u00f4mico e Tursimo, ser\u00e1 na Chefe de Gabinete.<\/p>\n<p>&#8211; Tarc\u00edsio Jos\u00e9 de Sousa Rodrigues, formado em Administra\u00e7\u00e3o de Empresas, assumir\u00e1 a secretaria de Desenvolvimento Econ\u00f4mico e Turismo.<\/p>\n<p>&#8211; Tiago Alves de Andrade, contador formado e p\u00f3s-graduado pela UNIDERP, com experi\u00eancia em contabilidade aplicada ao setor p\u00fablico e em c\u00e1lculos financeiros e trabalhistas, ser\u00e1 o Diretor de Finan\u00e7as.<\/p>\n","protected":false},"excerpt":{"rendered":"<p>Jun\u00e3o anuncia mais cinco nomes para cargos de chefia em<\/p>\n","protected":false},"author":2,"featured_media":54412,"comment_status":"open","ping_status":"open","sticky":false,"template":"","format":"standard","meta":{"footnotes":""},"categories":[25,8],"tags":[],"class_list":["post-55690","post","type-post","status-publish","format-standard","has-post-thumbnail","hentry","category-cidades","category-guaira"],"yoast_head":"<!-- This site is optimized with the Yoast SEO plugin v27.4 - https:\/\/yoast.com\/product\/yoast-seo-wordpress\/ -->\n<title>Prefeito Jun\u00e3o anuncia mais tr\u00eas mulheres e dois homens para sua equipe - Regi\u00e3o News<\/title>\n<meta name=\"robots\" content=\"index, follow, max-snippet:-1, max-image-preview:large, max-video-preview:-1\" \/>\n<link rel=\"canonical\" href=\"https:\/\/regiaonews.net.br\/2022\/2021\/11\/03\/prefeito-junao-anuncia-mais-tres-mulheres-e-dois-homens-para-sua-equipe\/\" \/>\n<meta property=\"og:locale\" content=\"pt_BR\" \/>\n<meta property=\"og:type\" content=\"article\" \/>\n<meta property=\"og:title\" content=\"Prefeito Jun\u00e3o anuncia mais tr\u00eas mulheres e dois homens para sua equipe - Regi\u00e3o News\" \/>\n<meta property=\"og:description\" content=\"Jun\u00e3o anuncia mais cinco nomes para cargos de chefia em\" \/>\n<meta property=\"og:url\" content=\"https:\/\/regiaonews.net.br\/2022\/2021\/11\/03\/prefeito-junao-anuncia-mais-tres-mulheres-e-dois-homens-para-sua-equipe\/\" \/>\n<meta property=\"og:site_name\" content=\"Regi\u00e3o News\" \/>\n<meta property=\"article:published_time\" content=\"2021-11-03T15:54:50+00:00\" \/>\n<meta property=\"og:image\" content=\"https:\/\/regiaonews.net.br\/2022\/wp-content\/uploads\/2021\/10\/Junao.jpg\" \/>\n\t<meta property=\"og:image:width\" content=\"1016\" \/>\n\t<meta property=\"og:image:height\" content=\"749\" \/>\n\t<meta property=\"og:image:type\" content=\"image\/jpeg\" \/>\n<meta name=\"author\" content=\"Roberto\" \/>\n<meta name=\"twitter:card\" content=\"summary_large_image\" \/>\n<meta name=\"twitter:label1\" content=\"Escrito por\" \/>\n\t<meta name=\"twitter:data1\" content=\"Roberto\" \/>\n\t<meta name=\"twitter:label2\" content=\"Est. tempo de leitura\" \/>\n\t<meta name=\"twitter:data2\" content=\"3 minutos\" \/>\n<script type=\"application\/ld+json\" class=\"yoast-schema-graph\">{\"@context\":\"https:\\\/\\\/schema.org\",\"@graph\":[{\"@type\":\"Article\",\"@id\":\"https:\\\/\\\/regiaonews.net.br\\\/2022\\\/2021\\\/11\\\/03\\\/prefeito-junao-anuncia-mais-tres-mulheres-e-dois-homens-para-sua-equipe\\\/#article\",\"isPartOf\":{\"@id\":\"https:\\\/\\\/regiaonews.net.br\\\/2022\\\/2021\\\/11\\\/03\\\/prefeito-junao-anuncia-mais-tres-mulheres-e-dois-homens-para-sua-equipe\\\/\"},\"author\":{\"name\":\"Roberto\",\"@id\":\"https:\\\/\\\/regiaonews.net.br\\\/2022\\\/#\\\/schema\\\/person\\\/2d205a608a5aa97ac279d7a5e6d89ad8\"},\"headline\":\"Prefeito Jun\u00e3o anuncia mais tr\u00eas mulheres e dois homens para sua equipe\",\"datePublished\":\"2021-11-03T15:54:50+00:00\",\"mainEntityOfPage\":{\"@id\":\"https:\\\/\\\/regiaonews.net.br\\\/2022\\\/2021\\\/11\\\/03\\\/prefeito-junao-anuncia-mais-tres-mulheres-e-dois-homens-para-sua-equipe\\\/\"},\"wordCount\":538,\"commentCount\":0,\"publisher\":{\"@id\":\"https:\\\/\\\/regiaonews.net.br\\\/2022\\\/#organization\"},\"image\":{\"@id\":\"https:\\\/\\\/regiaonews.net.br\\\/2022\\\/2021\\\/11\\\/03\\\/prefeito-junao-anuncia-mais-tres-mulheres-e-dois-homens-para-sua-equipe\\\/#primaryimage\"},\"thumbnailUrl\":\"https:\\\/\\\/regiaonews.net.br\\\/2022\\\/wp-content\\\/uploads\\\/2021\\\/10\\\/Junao.jpg\",\"articleSection\":[\"Cidades\",\"Gua\u00edra\"],\"inLanguage\":\"pt-BR\",\"potentialAction\":[{\"@type\":\"CommentAction\",\"name\":\"Comment\",\"target\":[\"https:\\\/\\\/regiaonews.net.br\\\/2022\\\/2021\\\/11\\\/03\\\/prefeito-junao-anuncia-mais-tres-mulheres-e-dois-homens-para-sua-equipe\\\/#respond\"]}]},{\"@type\":\"WebPage\",\"@id\":\"https:\\\/\\\/regiaonews.net.br\\\/2022\\\/2021\\\/11\\\/03\\\/prefeito-junao-anuncia-mais-tres-mulheres-e-dois-homens-para-sua-equipe\\\/\",\"url\":\"https:\\\/\\\/regiaonews.net.br\\\/2022\\\/2021\\\/11\\\/03\\\/prefeito-junao-anuncia-mais-tres-mulheres-e-dois-homens-para-sua-equipe\\\/\",\"name\":\"Prefeito Jun\u00e3o anuncia mais tr\u00eas mulheres e dois homens para sua equipe - Regi\u00e3o News\",\"isPartOf\":{\"@id\":\"https:\\\/\\\/regiaonews.net.br\\\/2022\\\/#website\"},\"primaryImageOfPage\":{\"@id\":\"https:\\\/\\\/regiaonews.net.br\\\/2022\\\/2021\\\/11\\\/03\\\/prefeito-junao-anuncia-mais-tres-mulheres-e-dois-homens-para-sua-equipe\\\/#primaryimage\"},\"image\":{\"@id\":\"https:\\\/\\\/regiaonews.net.br\\\/2022\\\/2021\\\/11\\\/03\\\/prefeito-junao-anuncia-mais-tres-mulheres-e-dois-homens-para-sua-equipe\\\/#primaryimage\"},\"thumbnailUrl\":\"https:\\\/\\\/regiaonews.net.br\\\/2022\\\/wp-content\\\/uploads\\\/2021\\\/10\\\/Junao.jpg\",\"datePublished\":\"2021-11-03T15:54:50+00:00\",\"breadcrumb\":{\"@id\":\"https:\\\/\\\/regiaonews.net.br\\\/2022\\\/2021\\\/11\\\/03\\\/prefeito-junao-anuncia-mais-tres-mulheres-e-dois-homens-para-sua-equipe\\\/#breadcrumb\"},\"inLanguage\":\"pt-BR\",\"potentialAction\":[{\"@type\":\"ReadAction\",\"target\":[\"https:\\\/\\\/regiaonews.net.br\\\/2022\\\/2021\\\/11\\\/03\\\/prefeito-junao-anuncia-mais-tres-mulheres-e-dois-homens-para-sua-equipe\\\/\"]}]},{\"@type\":\"ImageObject\",\"inLanguage\":\"pt-BR\",\"@id\":\"https:\\\/\\\/regiaonews.net.br\\\/2022\\\/2021\\\/11\\\/03\\\/prefeito-junao-anuncia-mais-tres-mulheres-e-dois-homens-para-sua-equipe\\\/#primaryimage\",\"url\":\"https:\\\/\\\/regiaonews.net.br\\\/2022\\\/wp-content\\\/uploads\\\/2021\\\/10\\\/Junao.jpg\",\"contentUrl\":\"https:\\\/\\\/regiaonews.net.br\\\/2022\\\/wp-content\\\/uploads\\\/2021\\\/10\\\/Junao.jpg\",\"width\":1016,\"height\":749},{\"@type\":\"BreadcrumbList\",\"@id\":\"https:\\\/\\\/regiaonews.net.br\\\/2022\\\/2021\\\/11\\\/03\\\/prefeito-junao-anuncia-mais-tres-mulheres-e-dois-homens-para-sua-equipe\\\/#breadcrumb\",\"itemListElement\":[{\"@type\":\"ListItem\",\"position\":1,\"name\":\"In\u00edcio\",\"item\":\"https:\\\/\\\/regiaonews.net.br\\\/2022\\\/\"},{\"@type\":\"ListItem\",\"position\":2,\"name\":\"Prefeito Jun\u00e3o anuncia mais tr\u00eas mulheres e dois homens para sua equipe\"}]},{\"@type\":\"WebSite\",\"@id\":\"https:\\\/\\\/regiaonews.net.br\\\/2022\\\/#website\",\"url\":\"https:\\\/\\\/regiaonews.net.br\\\/2022\\\/\",\"name\":\"Regi\u00e3o News\",\"description\":\"Site de Not\u00edcias de Barretos e regi\u00e3o\",\"publisher\":{\"@id\":\"https:\\\/\\\/regiaonews.net.br\\\/2022\\\/#organization\"},\"potentialAction\":[{\"@type\":\"SearchAction\",\"target\":{\"@type\":\"EntryPoint\",\"urlTemplate\":\"https:\\\/\\\/regiaonews.net.br\\\/2022\\\/?s={search_term_string}\"},\"query-input\":{\"@type\":\"PropertyValueSpecification\",\"valueRequired\":true,\"valueName\":\"search_term_string\"}}],\"inLanguage\":\"pt-BR\"},{\"@type\":\"Organization\",\"@id\":\"https:\\\/\\\/regiaonews.net.br\\\/2022\\\/#organization\",\"name\":\"Regi\u00e3o News\",\"url\":\"https:\\\/\\\/regiaonews.net.br\\\/2022\\\/\",\"logo\":{\"@type\":\"ImageObject\",\"inLanguage\":\"pt-BR\",\"@id\":\"https:\\\/\\\/regiaonews.net.br\\\/2022\\\/#\\\/schema\\\/logo\\\/image\\\/\",\"url\":\"https:\\\/\\\/regiaonews.net.br\\\/2022\\\/wp-content\\\/uploads\\\/2026\\\/03\\\/regiao-13-anos-scaled.jpg\",\"contentUrl\":\"https:\\\/\\\/regiaonews.net.br\\\/2022\\\/wp-content\\\/uploads\\\/2026\\\/03\\\/regiao-13-anos-scaled.jpg\",\"width\":2560,\"height\":635,\"caption\":\"Regi\u00e3o News\"},\"image\":{\"@id\":\"https:\\\/\\\/regiaonews.net.br\\\/2022\\\/#\\\/schema\\\/logo\\\/image\\\/\"}},{\"@type\":\"Person\",\"@id\":\"https:\\\/\\\/regiaonews.net.br\\\/2022\\\/#\\\/schema\\\/person\\\/2d205a608a5aa97ac279d7a5e6d89ad8\",\"name\":\"Roberto\",\"image\":{\"@type\":\"ImageObject\",\"inLanguage\":\"pt-BR\",\"@id\":\"https:\\\/\\\/secure.gravatar.com\\\/avatar\\\/42749d8b712ff9d59ca93dc150494e5b55a44134482993f5baeb97e61b7ecc89?s=96&d=mm&r=g\",\"url\":\"https:\\\/\\\/secure.gravatar.com\\\/avatar\\\/42749d8b712ff9d59ca93dc150494e5b55a44134482993f5baeb97e61b7ecc89?s=96&d=mm&r=g\",\"contentUrl\":\"https:\\\/\\\/secure.gravatar.com\\\/avatar\\\/42749d8b712ff9d59ca93dc150494e5b55a44134482993f5baeb97e61b7ecc89?s=96&d=mm&r=g\",\"caption\":\"Roberto\"},\"url\":\"https:\\\/\\\/regiaonews.net.br\\\/2022\\\/author\\\/roberto\\\/\"}]}<\/script>\n<!-- \/ Yoast SEO plugin. -->","yoast_head_json":{"title":"Prefeito Jun\u00e3o anuncia mais tr\u00eas mulheres e dois homens para sua equipe - Regi\u00e3o News","robots":{"index":"index","follow":"follow","max-snippet":"max-snippet:-1","max-image-preview":"max-image-preview:large","max-video-preview":"max-video-preview:-1"},"canonical":"https:\/\/regiaonews.net.br\/2022\/2021\/11\/03\/prefeito-junao-anuncia-mais-tres-mulheres-e-dois-homens-para-sua-equipe\/","og_locale":"pt_BR","og_type":"article","og_title":"Prefeito Jun\u00e3o anuncia mais tr\u00eas mulheres e dois homens para sua equipe - Regi\u00e3o News","og_description":"Jun\u00e3o anuncia mais cinco nomes para cargos de chefia em","og_url":"https:\/\/regiaonews.net.br\/2022\/2021\/11\/03\/prefeito-junao-anuncia-mais-tres-mulheres-e-dois-homens-para-sua-equipe\/","og_site_name":"Regi\u00e3o News","article_published_time":"2021-11-03T15:54:50+00:00","og_image":[{"width":1016,"height":749,"url":"https:\/\/regiaonews.net.br\/2022\/wp-content\/uploads\/2021\/10\/Junao.jpg","type":"image\/jpeg"}],"author":"Roberto","twitter_card":"summary_large_image","twitter_misc":{"Escrito por":"Roberto","Est. tempo de leitura":"3 minutos"},"schema":{"@context":"https:\/\/schema.org","@graph":[{"@type":"Article","@id":"https:\/\/regiaonews.net.br\/2022\/2021\/11\/03\/prefeito-junao-anuncia-mais-tres-mulheres-e-dois-homens-para-sua-equipe\/#article","isPartOf":{"@id":"https:\/\/regiaonews.net.br\/2022\/2021\/11\/03\/prefeito-junao-anuncia-mais-tres-mulheres-e-dois-homens-para-sua-equipe\/"},"author":{"name":"Roberto","@id":"https:\/\/regiaonews.net.br\/2022\/#\/schema\/person\/2d205a608a5aa97ac279d7a5e6d89ad8"},"headline":"Prefeito Jun\u00e3o anuncia mais tr\u00eas mulheres e dois homens para sua equipe","datePublished":"2021-11-03T15:54:50+00:00","mainEntityOfPage":{"@id":"https:\/\/regiaonews.net.br\/2022\/2021\/11\/03\/prefeito-junao-anuncia-mais-tres-mulheres-e-dois-homens-para-sua-equipe\/"},"wordCount":538,"commentCount":0,"publisher":{"@id":"https:\/\/regiaonews.net.br\/2022\/#organization"},"image":{"@id":"https:\/\/regiaonews.net.br\/2022\/2021\/11\/03\/prefeito-junao-anuncia-mais-tres-mulheres-e-dois-homens-para-sua-equipe\/#primaryimage"},"thumbnailUrl":"https:\/\/regiaonews.net.br\/2022\/wp-content\/uploads\/2021\/10\/Junao.jpg","articleSection":["Cidades","Gua\u00edra"],"inLanguage":"pt-BR","potentialAction":[{"@type":"CommentAction","name":"Comment","target":["https:\/\/regiaonews.net.br\/2022\/2021\/11\/03\/prefeito-junao-anuncia-mais-tres-mulheres-e-dois-homens-para-sua-equipe\/#respond"]}]},{"@type":"WebPage","@id":"https:\/\/regiaonews.net.br\/2022\/2021\/11\/03\/prefeito-junao-anuncia-mais-tres-mulheres-e-dois-homens-para-sua-equipe\/","url":"https:\/\/regiaonews.net.br\/2022\/2021\/11\/03\/prefeito-junao-anuncia-mais-tres-mulheres-e-dois-homens-para-sua-equipe\/","name":"Prefeito Jun\u00e3o anuncia mais tr\u00eas mulheres e dois homens para sua equipe - Regi\u00e3o News","isPartOf":{"@id":"https:\/\/regiaonews.net.br\/2022\/#website"},"primaryImageOfPage":{"@id":"https:\/\/regiaonews.net.br\/2022\/2021\/11\/03\/prefeito-junao-anuncia-mais-tres-mulheres-e-dois-homens-para-sua-equipe\/#primaryimage"},"image":{"@id":"https:\/\/regiaonews.net.br\/2022\/2021\/11\/03\/prefeito-junao-anuncia-mais-tres-mulheres-e-dois-homens-para-sua-equipe\/#primaryimage"},"thumbnailUrl":"https:\/\/regiaonews.net.br\/2022\/wp-content\/uploads\/2021\/10\/Junao.jpg","datePublished":"2021-11-03T15:54:50+00:00","breadcrumb":{"@id":"https:\/\/regiaonews.net.br\/2022\/2021\/11\/03\/prefeito-junao-anuncia-mais-tres-mulheres-e-dois-homens-para-sua-equipe\/#breadcrumb"},"inLanguage":"pt-BR","potentialAction":[{"@type":"ReadAction","target":["https:\/\/regiaonews.net.br\/2022\/2021\/11\/03\/prefeito-junao-anuncia-mais-tres-mulheres-e-dois-homens-para-sua-equipe\/"]}]},{"@type":"ImageObject","inLanguage":"pt-BR","@id":"https:\/\/regiaonews.net.br\/2022\/2021\/11\/03\/prefeito-junao-anuncia-mais-tres-mulheres-e-dois-homens-para-sua-equipe\/#primaryimage","url":"https:\/\/regiaonews.net.br\/2022\/wp-content\/uploads\/2021\/10\/Junao.jpg","contentUrl":"https:\/\/regiaonews.net.br\/2022\/wp-content\/uploads\/2021\/10\/Junao.jpg","width":1016,"height":749},{"@type":"BreadcrumbList","@id":"https:\/\/regiaonews.net.br\/2022\/2021\/11\/03\/prefeito-junao-anuncia-mais-tres-mulheres-e-dois-homens-para-sua-equipe\/#breadcrumb","itemListElement":[{"@type":"ListItem","position":1,"name":"In\u00edcio","item":"https:\/\/regiaonews.net.br\/2022\/"},{"@type":"ListItem","position":2,"name":"Prefeito Jun\u00e3o anuncia mais tr\u00eas mulheres e dois homens para sua equipe"}]},{"@type":"WebSite","@id":"https:\/\/regiaonews.net.br\/2022\/#website","url":"https:\/\/regiaonews.net.br\/2022\/","name":"Regi\u00e3o News","description":"Site de Not\u00edcias de Barretos e regi\u00e3o","publisher":{"@id":"https:\/\/regiaonews.net.br\/2022\/#organization"},"potentialAction":[{"@type":"SearchAction","target":{"@type":"EntryPoint","urlTemplate":"https:\/\/regiaonews.net.br\/2022\/?s={search_term_string}"},"query-input":{"@type":"PropertyValueSpecification","valueRequired":true,"valueName":"search_term_string"}}],"inLanguage":"pt-BR"},{"@type":"Organization","@id":"https:\/\/regiaonews.net.br\/2022\/#organization","name":"Regi\u00e3o News","url":"https:\/\/regiaonews.net.br\/2022\/","logo":{"@type":"ImageObject","inLanguage":"pt-BR","@id":"https:\/\/regiaonews.net.br\/2022\/#\/schema\/logo\/image\/","url":"https:\/\/regiaonews.net.br\/2022\/wp-content\/uploads\/2026\/03\/regiao-13-anos-scaled.jpg","contentUrl":"https:\/\/regiaonews.net.br\/2022\/wp-content\/uploads\/2026\/03\/regiao-13-anos-scaled.jpg","width":2560,"height":635,"caption":"Regi\u00e3o News"},"image":{"@id":"https:\/\/regiaonews.net.br\/2022\/#\/schema\/logo\/image\/"}},{"@type":"Person","@id":"https:\/\/regiaonews.net.br\/2022\/#\/schema\/person\/2d205a608a5aa97ac279d7a5e6d89ad8","name":"Roberto","image":{"@type":"ImageObject","inLanguage":"pt-BR","@id":"https:\/\/secure.gravatar.com\/avatar\/42749d8b712ff9d59ca93dc150494e5b55a44134482993f5baeb97e61b7ecc89?s=96&d=mm&r=g","url":"https:\/\/secure.gravatar.com\/avatar\/42749d8b712ff9d59ca93dc150494e5b55a44134482993f5baeb97e61b7ecc89?s=96&d=mm&r=g","contentUrl":"https:\/\/secure.gravatar.com\/avatar\/42749d8b712ff9d59ca93dc150494e5b55a44134482993f5baeb97e61b7ecc89?s=96&d=mm&r=g","caption":"Roberto"},"url":"https:\/\/regiaonews.net.br\/2022\/author\/roberto\/"}]}},"publishpress_future_action":{"enabled":false,"date":"2026-05-04 09:30:26","action":"change-status","newStatus":"draft","terms":[],"taxonomy":"category","extraData":[]},"publishpress_future_workflow_manual_trigger":{"enabledWorkflows":[]},"_links":{"self":[{"href":"https:\/\/regiaonews.net.br\/2022\/wp-json\/wp\/v2\/posts\/55690","targetHints":{"allow":["GET"]}}],"collection":[{"href":"https:\/\/regiaonews.net.br\/2022\/wp-json\/wp\/v2\/posts"}],"about":[{"href":"https:\/\/regiaonews.net.br\/2022\/wp-json\/wp\/v2\/types\/post"}],"author":[{"embeddable":true,"href":"https:\/\/regiaonews.net.br\/2022\/wp-json\/wp\/v2\/users\/2"}],"replies":[{"embeddable":true,"href":"https:\/\/regiaonews.net.br\/2022\/wp-json\/wp\/v2\/comments?post=55690"}],"version-history":[{"count":0,"href":"https:\/\/regiaonews.net.br\/2022\/wp-json\/wp\/v2\/posts\/55690\/revisions"}],"wp:featuredmedia":[{"embeddable":true,"href":"https:\/\/regiaonews.net.br\/2022\/wp-json\/wp\/v2\/media\/54412"}],"wp:attachment":[{"href":"https:\/\/regiaonews.net.br\/2022\/wp-json\/wp\/v2\/media?parent=55690"}],"wp:term":[{"taxonomy":"category","embeddable":true,"href":"https:\/\/regiaonews.net.br\/2022\/wp-json\/wp\/v2\/categories?post=55690"},{"taxonomy":"post_tag","embeddable":true,"href":"https:\/\/regiaonews.net.br\/2022\/wp-json\/wp\/v2\/tags?post=55690"}],"curies":[{"name":"wp","href":"https:\/\/api.w.org\/{rel}","templated":true}]}}