{"id":55638,"date":"2021-11-02T00:35:16","date_gmt":"2021-11-02T03:35:16","guid":{"rendered":"https:\/\/regiaonews.net.br\/2022\/?p=55638"},"modified":"2021-11-02T00:35:39","modified_gmt":"2021-11-02T03:35:39","slug":"sao-paulo-libera-shows-em-pe-baladas-e-eventos-com-100-de-publico","status":"publish","type":"post","link":"https:\/\/regiaonews.net.br\/2022\/2021\/11\/02\/sao-paulo-libera-shows-em-pe-baladas-e-eventos-com-100-de-publico\/","title":{"rendered":"S\u00e3o Paulo libera shows em p\u00e9, baladas e eventos com 100% de p\u00fablico"},"content":{"rendered":"<div class=\"col-lg-12 mb-3\">\n<div class=\"row\">\n<h2 class=\"col-10 offset-1 animated fadeInDown dealy-750 display-6 display-md-4 display-lg-5 font-weight-bold alt-font text-center my-1\"><a href=\"https:\/\/regiaonews.net.br\/2022\/wp-content\/uploads\/2020\/03\/eventos.jpg\"><img loading=\"lazy\" decoding=\"async\" class=\"alignnone size-medium wp-image-28781\" src=\"https:\/\/regiaonews.net.br\/2022\/wp-content\/uploads\/2020\/03\/eventos-300x169.jpg\" alt=\"\" width=\"300\" height=\"169\" \/><\/a><\/h2>\n<\/div>\n<div class=\"row\">\n<h3 class=\"col-10 offset-1 animated fadeInDown dealy-900 display-8 display-md-8 alt-font font-italic my-1 text-center\"><\/h3>\n<\/div>\n<div class=\"row\">\n<h4 class=\"col-10 offset-1 animated fadeInDown dealy-1100 alt-font font-italic my-2 small text-info text-center\"><\/h4>\n<\/div>\n<\/div>\n<div class=\"col-xl-7 offset-xl-1 col-lg-8 offset-lg-0 col-md-10 offset-md-1 mb-3\">\n<div class=\"post-item alt-font\">\n<div class=\"post-item-wrap\">\n<p>O estado de S\u00e3o Paulo liberou a partir desta segunda-feira (1\u00ba) a realiza\u00e7\u00e3o de shows em p\u00e9, baladas, bares e eventos esportivos com 100% de p\u00fablico. A libera\u00e7\u00e3o se d\u00e1 ap\u00f3s quase dois anos de distanciamento e reclus\u00e3o devido \u00e0 pandemia da covid-19.\u00a0<img decoding=\"async\" src=\"https:\/\/agenciabrasil.ebc.com.br\/ebc.png?id=1426265&amp;o=node\" \/><img decoding=\"async\" src=\"https:\/\/agenciabrasil.ebc.com.br\/ebc.gif?id=1426265&amp;o=node\" \/><\/p>\n<p>A permiss\u00e3o acontece no momento em que o estado atinge mais de 87% da popula\u00e7\u00e3o adulta com esquema vacinal completo e queda no n\u00famero de interna\u00e7\u00f5es pela doen\u00e7a. A taxa de ocupa\u00e7\u00e3o dos leitos de UTI no estado hoje \u00e9 de 26,6%, e na Grande S\u00e3o Paulo, de 36,4%.<\/p>\n<p>No entanto, medidas de seguran\u00e7a continuam obrigat\u00f3rias, como o uso obrigat\u00f3rio de m\u00e1scaras em qualquer ambiente e respeito aos protocolos de higiene. Para entrada e participa\u00e7\u00e3o nesses eventos, os estabelecimentos e organizadores dever\u00e3o exigir um comprovante com esquema vacinal completo, ou seja, duas doses da vacina CoronaVac, AstraZeneca e Pfizer ou dose \u00fanica da Janssen. Tamb\u00e9m precisar\u00e3o disponibilizar \u00e1lcool em gel 70% em locais de f\u00e1cil acesso ao p\u00fablico.<\/p>\n<p>Quem ainda n\u00e3o tiver conclu\u00eddo o esquema vacinal, dever\u00e1 apresentar um comprovante com a primeira dose e um teste negativo para a covid-19 do tipo PCR realizado em at\u00e9 48 horas antes do ingresso no evento; ou um teste negativo de ant\u00edgeno realizado nas \u00faltimas 24 horas. Al\u00e9m da utiliza\u00e7\u00e3o da m\u00e1scara de prote\u00e7\u00e3o facial durante a perman\u00eancia no espa\u00e7o, h\u00e1 a recomenda\u00e7\u00e3o de distanciamento entre as pessoas.<\/p>\n<p>De acordo com a \u00faltima atualiza\u00e7\u00e3o do Plano SP, cabe a cada munic\u00edpio definir se segue o governo do estado. A prefeitura da cidade de S\u00e3o Paulo seguiu a orienta\u00e7\u00e3o e liberou todos os eventos a partir de hoje.<\/p>\n<p>As orienta\u00e7\u00f5es para a retomada de grandes eventos com controle de p\u00fablico partiram das an\u00e1lises do Comit\u00ea Cient\u00edfico do Governo do Estado, que seguir\u00e1 monitorando e apoiando a gest\u00e3o para o combate \u00e0 pandemia e a retomada segura das atividades socioecon\u00f4micas.<\/p>\n<\/div>\n<\/div>\n<\/div>\n","protected":false},"excerpt":{"rendered":"<p>O estado de S\u00e3o Paulo liberou a partir desta segunda-feira<\/p>\n","protected":false},"author":2,"featured_media":28781,"comment_status":"open","ping_status":"open","sticky":false,"template":"","format":"standard","meta":{"footnotes":""},"categories":[1],"tags":[],"class_list":["post-55638","post","type-post","status-publish","format-standard","has-post-thumbnail","hentry","category-indefinido"],"yoast_head":"<!-- This site is optimized with the Yoast SEO plugin v27.4 - https:\/\/yoast.com\/product\/yoast-seo-wordpress\/ -->\n<title>S\u00e3o Paulo libera shows em p\u00e9, baladas e eventos com 100% de p\u00fablico - Regi\u00e3o News<\/title>\n<meta name=\"robots\" content=\"index, follow, max-snippet:-1, max-image-preview:large, max-video-preview:-1\" \/>\n<link rel=\"canonical\" href=\"https:\/\/regiaonews.net.br\/2022\/2021\/11\/02\/sao-paulo-libera-shows-em-pe-baladas-e-eventos-com-100-de-publico\/\" \/>\n<meta property=\"og:locale\" content=\"pt_BR\" \/>\n<meta property=\"og:type\" content=\"article\" \/>\n<meta property=\"og:title\" content=\"S\u00e3o Paulo libera shows em p\u00e9, baladas e eventos com 100% de p\u00fablico - Regi\u00e3o News\" \/>\n<meta property=\"og:description\" content=\"O estado de S\u00e3o Paulo liberou a partir desta segunda-feira\" \/>\n<meta property=\"og:url\" content=\"https:\/\/regiaonews.net.br\/2022\/2021\/11\/02\/sao-paulo-libera-shows-em-pe-baladas-e-eventos-com-100-de-publico\/\" \/>\n<meta property=\"og:site_name\" content=\"Regi\u00e3o News\" \/>\n<meta property=\"article:published_time\" content=\"2021-11-02T03:35:16+00:00\" \/>\n<meta property=\"article:modified_time\" content=\"2021-11-02T03:35:39+00:00\" \/>\n<meta property=\"og:image\" content=\"https:\/\/regiaonews.net.br\/2022\/wp-content\/uploads\/2020\/03\/eventos.jpg\" \/>\n\t<meta property=\"og:image:width\" content=\"1280\" \/>\n\t<meta property=\"og:image:height\" content=\"719\" \/>\n\t<meta property=\"og:image:type\" content=\"image\/jpeg\" \/>\n<meta name=\"author\" content=\"Roberto\" \/>\n<meta name=\"twitter:card\" content=\"summary_large_image\" \/>\n<meta name=\"twitter:label1\" content=\"Escrito por\" \/>\n\t<meta name=\"twitter:data1\" content=\"Roberto\" \/>\n\t<meta name=\"twitter:label2\" content=\"Est. tempo de leitura\" \/>\n\t<meta name=\"twitter:data2\" content=\"2 minutos\" \/>\n<script type=\"application\/ld+json\" class=\"yoast-schema-graph\">{\"@context\":\"https:\\\/\\\/schema.org\",\"@graph\":[{\"@type\":\"Article\",\"@id\":\"https:\\\/\\\/regiaonews.net.br\\\/2022\\\/2021\\\/11\\\/02\\\/sao-paulo-libera-shows-em-pe-baladas-e-eventos-com-100-de-publico\\\/#article\",\"isPartOf\":{\"@id\":\"https:\\\/\\\/regiaonews.net.br\\\/2022\\\/2021\\\/11\\\/02\\\/sao-paulo-libera-shows-em-pe-baladas-e-eventos-com-100-de-publico\\\/\"},\"author\":{\"name\":\"Roberto\",\"@id\":\"https:\\\/\\\/regiaonews.net.br\\\/2022\\\/#\\\/schema\\\/person\\\/2d205a608a5aa97ac279d7a5e6d89ad8\"},\"headline\":\"S\u00e3o Paulo libera shows em p\u00e9, baladas e eventos com 100% de p\u00fablico\",\"datePublished\":\"2021-11-02T03:35:16+00:00\",\"dateModified\":\"2021-11-02T03:35:39+00:00\",\"mainEntityOfPage\":{\"@id\":\"https:\\\/\\\/regiaonews.net.br\\\/2022\\\/2021\\\/11\\\/02\\\/sao-paulo-libera-shows-em-pe-baladas-e-eventos-com-100-de-publico\\\/\"},\"wordCount\":355,\"commentCount\":0,\"publisher\":{\"@id\":\"https:\\\/\\\/regiaonews.net.br\\\/2022\\\/#organization\"},\"image\":{\"@id\":\"https:\\\/\\\/regiaonews.net.br\\\/2022\\\/2021\\\/11\\\/02\\\/sao-paulo-libera-shows-em-pe-baladas-e-eventos-com-100-de-publico\\\/#primaryimage\"},\"thumbnailUrl\":\"https:\\\/\\\/regiaonews.net.br\\\/2022\\\/wp-content\\\/uploads\\\/2020\\\/03\\\/eventos.jpg\",\"articleSection\":[\"Indefinido\"],\"inLanguage\":\"pt-BR\",\"potentialAction\":[{\"@type\":\"CommentAction\",\"name\":\"Comment\",\"target\":[\"https:\\\/\\\/regiaonews.net.br\\\/2022\\\/2021\\\/11\\\/02\\\/sao-paulo-libera-shows-em-pe-baladas-e-eventos-com-100-de-publico\\\/#respond\"]}]},{\"@type\":\"WebPage\",\"@id\":\"https:\\\/\\\/regiaonews.net.br\\\/2022\\\/2021\\\/11\\\/02\\\/sao-paulo-libera-shows-em-pe-baladas-e-eventos-com-100-de-publico\\\/\",\"url\":\"https:\\\/\\\/regiaonews.net.br\\\/2022\\\/2021\\\/11\\\/02\\\/sao-paulo-libera-shows-em-pe-baladas-e-eventos-com-100-de-publico\\\/\",\"name\":\"S\u00e3o Paulo libera shows em p\u00e9, baladas e eventos com 100% de p\u00fablico - Regi\u00e3o News\",\"isPartOf\":{\"@id\":\"https:\\\/\\\/regiaonews.net.br\\\/2022\\\/#website\"},\"primaryImageOfPage\":{\"@id\":\"https:\\\/\\\/regiaonews.net.br\\\/2022\\\/2021\\\/11\\\/02\\\/sao-paulo-libera-shows-em-pe-baladas-e-eventos-com-100-de-publico\\\/#primaryimage\"},\"image\":{\"@id\":\"https:\\\/\\\/regiaonews.net.br\\\/2022\\\/2021\\\/11\\\/02\\\/sao-paulo-libera-shows-em-pe-baladas-e-eventos-com-100-de-publico\\\/#primaryimage\"},\"thumbnailUrl\":\"https:\\\/\\\/regiaonews.net.br\\\/2022\\\/wp-content\\\/uploads\\\/2020\\\/03\\\/eventos.jpg\",\"datePublished\":\"2021-11-02T03:35:16+00:00\",\"dateModified\":\"2021-11-02T03:35:39+00:00\",\"breadcrumb\":{\"@id\":\"https:\\\/\\\/regiaonews.net.br\\\/2022\\\/2021\\\/11\\\/02\\\/sao-paulo-libera-shows-em-pe-baladas-e-eventos-com-100-de-publico\\\/#breadcrumb\"},\"inLanguage\":\"pt-BR\",\"potentialAction\":[{\"@type\":\"ReadAction\",\"target\":[\"https:\\\/\\\/regiaonews.net.br\\\/2022\\\/2021\\\/11\\\/02\\\/sao-paulo-libera-shows-em-pe-baladas-e-eventos-com-100-de-publico\\\/\"]}]},{\"@type\":\"ImageObject\",\"inLanguage\":\"pt-BR\",\"@id\":\"https:\\\/\\\/regiaonews.net.br\\\/2022\\\/2021\\\/11\\\/02\\\/sao-paulo-libera-shows-em-pe-baladas-e-eventos-com-100-de-publico\\\/#primaryimage\",\"url\":\"https:\\\/\\\/regiaonews.net.br\\\/2022\\\/wp-content\\\/uploads\\\/2020\\\/03\\\/eventos.jpg\",\"contentUrl\":\"https:\\\/\\\/regiaonews.net.br\\\/2022\\\/wp-content\\\/uploads\\\/2020\\\/03\\\/eventos.jpg\",\"width\":1280,\"height\":719},{\"@type\":\"BreadcrumbList\",\"@id\":\"https:\\\/\\\/regiaonews.net.br\\\/2022\\\/2021\\\/11\\\/02\\\/sao-paulo-libera-shows-em-pe-baladas-e-eventos-com-100-de-publico\\\/#breadcrumb\",\"itemListElement\":[{\"@type\":\"ListItem\",\"position\":1,\"name\":\"In\u00edcio\",\"item\":\"https:\\\/\\\/regiaonews.net.br\\\/2022\\\/\"},{\"@type\":\"ListItem\",\"position\":2,\"name\":\"S\u00e3o Paulo libera shows em p\u00e9, baladas e eventos com 100% de p\u00fablico\"}]},{\"@type\":\"WebSite\",\"@id\":\"https:\\\/\\\/regiaonews.net.br\\\/2022\\\/#website\",\"url\":\"https:\\\/\\\/regiaonews.net.br\\\/2022\\\/\",\"name\":\"Regi\u00e3o News\",\"description\":\"Site de Not\u00edcias de Barretos e regi\u00e3o\",\"publisher\":{\"@id\":\"https:\\\/\\\/regiaonews.net.br\\\/2022\\\/#organization\"},\"potentialAction\":[{\"@type\":\"SearchAction\",\"target\":{\"@type\":\"EntryPoint\",\"urlTemplate\":\"https:\\\/\\\/regiaonews.net.br\\\/2022\\\/?s={search_term_string}\"},\"query-input\":{\"@type\":\"PropertyValueSpecification\",\"valueRequired\":true,\"valueName\":\"search_term_string\"}}],\"inLanguage\":\"pt-BR\"},{\"@type\":\"Organization\",\"@id\":\"https:\\\/\\\/regiaonews.net.br\\\/2022\\\/#organization\",\"name\":\"Regi\u00e3o News\",\"url\":\"https:\\\/\\\/regiaonews.net.br\\\/2022\\\/\",\"logo\":{\"@type\":\"ImageObject\",\"inLanguage\":\"pt-BR\",\"@id\":\"https:\\\/\\\/regiaonews.net.br\\\/2022\\\/#\\\/schema\\\/logo\\\/image\\\/\",\"url\":\"https:\\\/\\\/regiaonews.net.br\\\/2022\\\/wp-content\\\/uploads\\\/2026\\\/03\\\/regiao-13-anos-scaled.jpg\",\"contentUrl\":\"https:\\\/\\\/regiaonews.net.br\\\/2022\\\/wp-content\\\/uploads\\\/2026\\\/03\\\/regiao-13-anos-scaled.jpg\",\"width\":2560,\"height\":635,\"caption\":\"Regi\u00e3o News\"},\"image\":{\"@id\":\"https:\\\/\\\/regiaonews.net.br\\\/2022\\\/#\\\/schema\\\/logo\\\/image\\\/\"}},{\"@type\":\"Person\",\"@id\":\"https:\\\/\\\/regiaonews.net.br\\\/2022\\\/#\\\/schema\\\/person\\\/2d205a608a5aa97ac279d7a5e6d89ad8\",\"name\":\"Roberto\",\"image\":{\"@type\":\"ImageObject\",\"inLanguage\":\"pt-BR\",\"@id\":\"https:\\\/\\\/secure.gravatar.com\\\/avatar\\\/42749d8b712ff9d59ca93dc150494e5b55a44134482993f5baeb97e61b7ecc89?s=96&d=mm&r=g\",\"url\":\"https:\\\/\\\/secure.gravatar.com\\\/avatar\\\/42749d8b712ff9d59ca93dc150494e5b55a44134482993f5baeb97e61b7ecc89?s=96&d=mm&r=g\",\"contentUrl\":\"https:\\\/\\\/secure.gravatar.com\\\/avatar\\\/42749d8b712ff9d59ca93dc150494e5b55a44134482993f5baeb97e61b7ecc89?s=96&d=mm&r=g\",\"caption\":\"Roberto\"},\"url\":\"https:\\\/\\\/regiaonews.net.br\\\/2022\\\/author\\\/roberto\\\/\"}]}<\/script>\n<!-- \/ Yoast SEO plugin. -->","yoast_head_json":{"title":"S\u00e3o Paulo libera shows em p\u00e9, baladas e eventos com 100% de p\u00fablico - Regi\u00e3o News","robots":{"index":"index","follow":"follow","max-snippet":"max-snippet:-1","max-image-preview":"max-image-preview:large","max-video-preview":"max-video-preview:-1"},"canonical":"https:\/\/regiaonews.net.br\/2022\/2021\/11\/02\/sao-paulo-libera-shows-em-pe-baladas-e-eventos-com-100-de-publico\/","og_locale":"pt_BR","og_type":"article","og_title":"S\u00e3o Paulo libera shows em p\u00e9, baladas e eventos com 100% de p\u00fablico - Regi\u00e3o News","og_description":"O estado de S\u00e3o Paulo liberou a partir desta segunda-feira","og_url":"https:\/\/regiaonews.net.br\/2022\/2021\/11\/02\/sao-paulo-libera-shows-em-pe-baladas-e-eventos-com-100-de-publico\/","og_site_name":"Regi\u00e3o News","article_published_time":"2021-11-02T03:35:16+00:00","article_modified_time":"2021-11-02T03:35:39+00:00","og_image":[{"width":1280,"height":719,"url":"https:\/\/regiaonews.net.br\/2022\/wp-content\/uploads\/2020\/03\/eventos.jpg","type":"image\/jpeg"}],"author":"Roberto","twitter_card":"summary_large_image","twitter_misc":{"Escrito por":"Roberto","Est. tempo de leitura":"2 minutos"},"schema":{"@context":"https:\/\/schema.org","@graph":[{"@type":"Article","@id":"https:\/\/regiaonews.net.br\/2022\/2021\/11\/02\/sao-paulo-libera-shows-em-pe-baladas-e-eventos-com-100-de-publico\/#article","isPartOf":{"@id":"https:\/\/regiaonews.net.br\/2022\/2021\/11\/02\/sao-paulo-libera-shows-em-pe-baladas-e-eventos-com-100-de-publico\/"},"author":{"name":"Roberto","@id":"https:\/\/regiaonews.net.br\/2022\/#\/schema\/person\/2d205a608a5aa97ac279d7a5e6d89ad8"},"headline":"S\u00e3o Paulo libera shows em p\u00e9, baladas e eventos com 100% de p\u00fablico","datePublished":"2021-11-02T03:35:16+00:00","dateModified":"2021-11-02T03:35:39+00:00","mainEntityOfPage":{"@id":"https:\/\/regiaonews.net.br\/2022\/2021\/11\/02\/sao-paulo-libera-shows-em-pe-baladas-e-eventos-com-100-de-publico\/"},"wordCount":355,"commentCount":0,"publisher":{"@id":"https:\/\/regiaonews.net.br\/2022\/#organization"},"image":{"@id":"https:\/\/regiaonews.net.br\/2022\/2021\/11\/02\/sao-paulo-libera-shows-em-pe-baladas-e-eventos-com-100-de-publico\/#primaryimage"},"thumbnailUrl":"https:\/\/regiaonews.net.br\/2022\/wp-content\/uploads\/2020\/03\/eventos.jpg","articleSection":["Indefinido"],"inLanguage":"pt-BR","potentialAction":[{"@type":"CommentAction","name":"Comment","target":["https:\/\/regiaonews.net.br\/2022\/2021\/11\/02\/sao-paulo-libera-shows-em-pe-baladas-e-eventos-com-100-de-publico\/#respond"]}]},{"@type":"WebPage","@id":"https:\/\/regiaonews.net.br\/2022\/2021\/11\/02\/sao-paulo-libera-shows-em-pe-baladas-e-eventos-com-100-de-publico\/","url":"https:\/\/regiaonews.net.br\/2022\/2021\/11\/02\/sao-paulo-libera-shows-em-pe-baladas-e-eventos-com-100-de-publico\/","name":"S\u00e3o Paulo libera shows em p\u00e9, baladas e eventos com 100% de p\u00fablico - Regi\u00e3o News","isPartOf":{"@id":"https:\/\/regiaonews.net.br\/2022\/#website"},"primaryImageOfPage":{"@id":"https:\/\/regiaonews.net.br\/2022\/2021\/11\/02\/sao-paulo-libera-shows-em-pe-baladas-e-eventos-com-100-de-publico\/#primaryimage"},"image":{"@id":"https:\/\/regiaonews.net.br\/2022\/2021\/11\/02\/sao-paulo-libera-shows-em-pe-baladas-e-eventos-com-100-de-publico\/#primaryimage"},"thumbnailUrl":"https:\/\/regiaonews.net.br\/2022\/wp-content\/uploads\/2020\/03\/eventos.jpg","datePublished":"2021-11-02T03:35:16+00:00","dateModified":"2021-11-02T03:35:39+00:00","breadcrumb":{"@id":"https:\/\/regiaonews.net.br\/2022\/2021\/11\/02\/sao-paulo-libera-shows-em-pe-baladas-e-eventos-com-100-de-publico\/#breadcrumb"},"inLanguage":"pt-BR","potentialAction":[{"@type":"ReadAction","target":["https:\/\/regiaonews.net.br\/2022\/2021\/11\/02\/sao-paulo-libera-shows-em-pe-baladas-e-eventos-com-100-de-publico\/"]}]},{"@type":"ImageObject","inLanguage":"pt-BR","@id":"https:\/\/regiaonews.net.br\/2022\/2021\/11\/02\/sao-paulo-libera-shows-em-pe-baladas-e-eventos-com-100-de-publico\/#primaryimage","url":"https:\/\/regiaonews.net.br\/2022\/wp-content\/uploads\/2020\/03\/eventos.jpg","contentUrl":"https:\/\/regiaonews.net.br\/2022\/wp-content\/uploads\/2020\/03\/eventos.jpg","width":1280,"height":719},{"@type":"BreadcrumbList","@id":"https:\/\/regiaonews.net.br\/2022\/2021\/11\/02\/sao-paulo-libera-shows-em-pe-baladas-e-eventos-com-100-de-publico\/#breadcrumb","itemListElement":[{"@type":"ListItem","position":1,"name":"In\u00edcio","item":"https:\/\/regiaonews.net.br\/2022\/"},{"@type":"ListItem","position":2,"name":"S\u00e3o Paulo libera shows em p\u00e9, baladas e eventos com 100% de p\u00fablico"}]},{"@type":"WebSite","@id":"https:\/\/regiaonews.net.br\/2022\/#website","url":"https:\/\/regiaonews.net.br\/2022\/","name":"Regi\u00e3o News","description":"Site de Not\u00edcias de Barretos e regi\u00e3o","publisher":{"@id":"https:\/\/regiaonews.net.br\/2022\/#organization"},"potentialAction":[{"@type":"SearchAction","target":{"@type":"EntryPoint","urlTemplate":"https:\/\/regiaonews.net.br\/2022\/?s={search_term_string}"},"query-input":{"@type":"PropertyValueSpecification","valueRequired":true,"valueName":"search_term_string"}}],"inLanguage":"pt-BR"},{"@type":"Organization","@id":"https:\/\/regiaonews.net.br\/2022\/#organization","name":"Regi\u00e3o News","url":"https:\/\/regiaonews.net.br\/2022\/","logo":{"@type":"ImageObject","inLanguage":"pt-BR","@id":"https:\/\/regiaonews.net.br\/2022\/#\/schema\/logo\/image\/","url":"https:\/\/regiaonews.net.br\/2022\/wp-content\/uploads\/2026\/03\/regiao-13-anos-scaled.jpg","contentUrl":"https:\/\/regiaonews.net.br\/2022\/wp-content\/uploads\/2026\/03\/regiao-13-anos-scaled.jpg","width":2560,"height":635,"caption":"Regi\u00e3o News"},"image":{"@id":"https:\/\/regiaonews.net.br\/2022\/#\/schema\/logo\/image\/"}},{"@type":"Person","@id":"https:\/\/regiaonews.net.br\/2022\/#\/schema\/person\/2d205a608a5aa97ac279d7a5e6d89ad8","name":"Roberto","image":{"@type":"ImageObject","inLanguage":"pt-BR","@id":"https:\/\/secure.gravatar.com\/avatar\/42749d8b712ff9d59ca93dc150494e5b55a44134482993f5baeb97e61b7ecc89?s=96&d=mm&r=g","url":"https:\/\/secure.gravatar.com\/avatar\/42749d8b712ff9d59ca93dc150494e5b55a44134482993f5baeb97e61b7ecc89?s=96&d=mm&r=g","contentUrl":"https:\/\/secure.gravatar.com\/avatar\/42749d8b712ff9d59ca93dc150494e5b55a44134482993f5baeb97e61b7ecc89?s=96&d=mm&r=g","caption":"Roberto"},"url":"https:\/\/regiaonews.net.br\/2022\/author\/roberto\/"}]}},"publishpress_future_action":{"enabled":false,"date":"2026-05-03 14:02:25","action":"change-status","newStatus":"draft","terms":[],"taxonomy":"category","extraData":[]},"publishpress_future_workflow_manual_trigger":{"enabledWorkflows":[]},"_links":{"self":[{"href":"https:\/\/regiaonews.net.br\/2022\/wp-json\/wp\/v2\/posts\/55638","targetHints":{"allow":["GET"]}}],"collection":[{"href":"https:\/\/regiaonews.net.br\/2022\/wp-json\/wp\/v2\/posts"}],"about":[{"href":"https:\/\/regiaonews.net.br\/2022\/wp-json\/wp\/v2\/types\/post"}],"author":[{"embeddable":true,"href":"https:\/\/regiaonews.net.br\/2022\/wp-json\/wp\/v2\/users\/2"}],"replies":[{"embeddable":true,"href":"https:\/\/regiaonews.net.br\/2022\/wp-json\/wp\/v2\/comments?post=55638"}],"version-history":[{"count":0,"href":"https:\/\/regiaonews.net.br\/2022\/wp-json\/wp\/v2\/posts\/55638\/revisions"}],"wp:featuredmedia":[{"embeddable":true,"href":"https:\/\/regiaonews.net.br\/2022\/wp-json\/wp\/v2\/media\/28781"}],"wp:attachment":[{"href":"https:\/\/regiaonews.net.br\/2022\/wp-json\/wp\/v2\/media?parent=55638"}],"wp:term":[{"taxonomy":"category","embeddable":true,"href":"https:\/\/regiaonews.net.br\/2022\/wp-json\/wp\/v2\/categories?post=55638"},{"taxonomy":"post_tag","embeddable":true,"href":"https:\/\/regiaonews.net.br\/2022\/wp-json\/wp\/v2\/tags?post=55638"}],"curies":[{"name":"wp","href":"https:\/\/api.w.org\/{rel}","templated":true}]}}