{"id":55609,"date":"2021-11-01T16:28:48","date_gmt":"2021-11-01T19:28:48","guid":{"rendered":"https:\/\/regiaonews.net.br\/2022\/?p=55609"},"modified":"2021-11-01T16:39:28","modified_gmt":"2021-11-01T19:39:28","slug":"prefeitura-de-colina-alerta-para-importancia-de-limpar-calhas-lajes-e-caixas-dagua-no-combate-a-dengue","status":"publish","type":"post","link":"https:\/\/regiaonews.net.br\/2022\/2021\/11\/01\/prefeitura-de-colina-alerta-para-importancia-de-limpar-calhas-lajes-e-caixas-dagua-no-combate-a-dengue\/","title":{"rendered":"Prefeitura de Colina orienta limpar calhas, lajes e caixas d\u2019\u00e1gua no combate \u00e0 Dengue"},"content":{"rendered":"<p><a href=\"https:\/\/regiaonews.net.br\/2022\/wp-content\/uploads\/2021\/11\/m_62_1_1_28102021174326.jpg\"><img loading=\"lazy\" decoding=\"async\" class=\"alignnone size-medium wp-image-55610\" src=\"https:\/\/regiaonews.net.br\/2022\/wp-content\/uploads\/2021\/11\/m_62_1_1_28102021174326-300x225.jpg\" alt=\"\" width=\"300\" height=\"225\" \/><\/a><\/p>\n<p>A Prefeitura Municipal de Colina, por meio da Secretaria Municipal da Sa\u00fade, refor\u00e7am a import\u00e2ncia de manter os cuidados para o combate do Aedes Aegypti, mosquito transmissor da Dengue, Zika, Chikungunya e Febre Amarela.<\/p>\n<p>Redobre os cuidados no combate aos criadouros. 90% dos focos est\u00e3o nas resid\u00eancias. Nada de \u00e1gua parada. Tampe pneus, vire garrafas, jogue fora latas. Limpe os bebedouros de animais, mantenha as caixas d\u2019\u00e1gua tampadas.<\/p>\n<p>Canaletas, lajes e calhas devem estar sempre limpas. Troque a \u00e1gua dos vasos e dos pratos de plantas semanalmente ou enche-os com areia. Coloque \u00e1gua sanit\u00e1ria semanalmente nos ralos. Evite \u00e1gua parada. N\u00e3o deixe o mosquito nascer.<\/p>\n<p>Se algu\u00e9m da fam\u00edlia apresentar os sintomas da doen\u00e7a, procure imediatamente o servi\u00e7o m\u00e9dico. Fa\u00e7a a sua parte. Mobilize sua fam\u00edlia e amigos. Combater o mosquito \u00e9 com voc\u00ea, comigo, com todo mundo!<\/p>\n<p>\u201cQualquer recipiente exposto ao ar livre pode se tornar um criadouro do mosquito, e trazer s\u00e9rios problemas. Neste per\u00edodo do ano, em que se alternam dias de chuva e de calor, o cuidado tem que ser permanente. No combate \u00e0 Dengue, as pessoas se esquecem das calhas, lajes e caixas d\u2019\u00e1gua. S\u00e3o locais que dependem de uma aten\u00e7\u00e3o especial dos moradores, pois acumulam \u00e1gua e se tornam criadouros\u201d, informou o Coordenador de Fiscaliza\u00e7\u00e3o Epidemiol\u00f3gica, Antonio Donizete Figueira.<\/p>\n<p>A Secret\u00e1ria Municipal da Sa\u00fade, Dra. Sadia Daher Rodrigues Ferreira, destacou que a Administra\u00e7\u00e3o mant\u00e9m, de forma ininterrupta, a\u00e7\u00f5es de combate ao mosquito transmissor da Dengue, Zika, Chikungunya e Febre Amarela. Ela ressalta que os cuidados para evitar a prolifera\u00e7\u00e3o do Aedes Aegypti precisam ser mantidos durante o ano todo. \u201cS\u00e3o a\u00e7\u00f5es que devem tornar-se h\u00e1bitos permanentes. A popula\u00e7\u00e3o precisa trabalhar junto do Poder P\u00fablico na preven\u00e7\u00e3o da Dengue e das outras doen\u00e7as transmitidas pelo mosquito\u201d, acrescenta.<\/p>\n<p>O Prefeito Municipal de Colina, Dieb Taha, destacou que a participa\u00e7\u00e3o da sociedade \u00e9 fundamental para conquistar o sucesso no combate ao mosquito e que Colina trabalha fortemente na preven\u00e7\u00e3o, mantendo um trabalho cont\u00ednuo, durante todo o ano, de combate aos criadouros e \u00e0 prolifera\u00e7\u00e3o do mosquito da Dengue. \u201cO trabalho est\u00e1 sendo realizado pela Prefeitura Municipal de forma ostensiva, com atividades combinadas de limpeza p\u00fablica e educa\u00e7\u00e3o em sa\u00fade, cuja meta \u00e9 conscientizar a popula\u00e7\u00e3o. Trabalhamos de maneira unificada e permanente, com a\u00e7\u00f5es que envolvem todas as Secretarias Municipais\u201d, ressalta.<\/p>\n<p>&nbsp;<\/p>\n","protected":false},"excerpt":{"rendered":"<p>A Prefeitura Municipal de Colina, por meio da Secretaria Municipal<\/p>\n","protected":false},"author":2,"featured_media":55610,"comment_status":"open","ping_status":"open","sticky":false,"template":"","format":"standard","meta":{"footnotes":""},"categories":[5],"tags":[],"class_list":["post-55609","post","type-post","status-publish","format-standard","has-post-thumbnail","hentry","category-colina"],"yoast_head":"<!-- This site is optimized with the Yoast SEO plugin v27.4 - https:\/\/yoast.com\/product\/yoast-seo-wordpress\/ -->\n<title>Prefeitura de Colina orienta limpar calhas, lajes e caixas d\u2019\u00e1gua no combate \u00e0 Dengue - Regi\u00e3o News<\/title>\n<meta name=\"robots\" content=\"index, follow, max-snippet:-1, max-image-preview:large, max-video-preview:-1\" \/>\n<link rel=\"canonical\" href=\"https:\/\/regiaonews.net.br\/2022\/2021\/11\/01\/prefeitura-de-colina-alerta-para-importancia-de-limpar-calhas-lajes-e-caixas-dagua-no-combate-a-dengue\/\" \/>\n<meta property=\"og:locale\" content=\"pt_BR\" \/>\n<meta property=\"og:type\" content=\"article\" \/>\n<meta property=\"og:title\" content=\"Prefeitura de Colina orienta limpar calhas, lajes e caixas d\u2019\u00e1gua no combate \u00e0 Dengue - Regi\u00e3o News\" \/>\n<meta property=\"og:description\" content=\"A Prefeitura Municipal de Colina, por meio da Secretaria Municipal\" \/>\n<meta property=\"og:url\" content=\"https:\/\/regiaonews.net.br\/2022\/2021\/11\/01\/prefeitura-de-colina-alerta-para-importancia-de-limpar-calhas-lajes-e-caixas-dagua-no-combate-a-dengue\/\" \/>\n<meta property=\"og:site_name\" content=\"Regi\u00e3o News\" \/>\n<meta property=\"article:published_time\" content=\"2021-11-01T19:28:48+00:00\" \/>\n<meta property=\"article:modified_time\" content=\"2021-11-01T19:39:28+00:00\" \/>\n<meta property=\"og:image\" content=\"https:\/\/regiaonews.net.br\/2022\/wp-content\/uploads\/2021\/11\/m_62_1_1_28102021174326.jpg\" \/>\n\t<meta property=\"og:image:width\" content=\"900\" \/>\n\t<meta property=\"og:image:height\" content=\"675\" \/>\n\t<meta property=\"og:image:type\" content=\"image\/jpeg\" \/>\n<meta name=\"author\" content=\"Roberto\" \/>\n<meta name=\"twitter:card\" content=\"summary_large_image\" \/>\n<meta name=\"twitter:label1\" content=\"Escrito por\" \/>\n\t<meta name=\"twitter:data1\" content=\"Roberto\" \/>\n\t<meta name=\"twitter:label2\" content=\"Est. tempo de leitura\" \/>\n\t<meta name=\"twitter:data2\" content=\"2 minutos\" \/>\n<script type=\"application\/ld+json\" class=\"yoast-schema-graph\">{\"@context\":\"https:\\\/\\\/schema.org\",\"@graph\":[{\"@type\":\"Article\",\"@id\":\"https:\\\/\\\/regiaonews.net.br\\\/2022\\\/2021\\\/11\\\/01\\\/prefeitura-de-colina-alerta-para-importancia-de-limpar-calhas-lajes-e-caixas-dagua-no-combate-a-dengue\\\/#article\",\"isPartOf\":{\"@id\":\"https:\\\/\\\/regiaonews.net.br\\\/2022\\\/2021\\\/11\\\/01\\\/prefeitura-de-colina-alerta-para-importancia-de-limpar-calhas-lajes-e-caixas-dagua-no-combate-a-dengue\\\/\"},\"author\":{\"name\":\"Roberto\",\"@id\":\"https:\\\/\\\/regiaonews.net.br\\\/2022\\\/#\\\/schema\\\/person\\\/2d205a608a5aa97ac279d7a5e6d89ad8\"},\"headline\":\"Prefeitura de Colina orienta limpar calhas, lajes e caixas d\u2019\u00e1gua no combate \u00e0 Dengue\",\"datePublished\":\"2021-11-01T19:28:48+00:00\",\"dateModified\":\"2021-11-01T19:39:28+00:00\",\"mainEntityOfPage\":{\"@id\":\"https:\\\/\\\/regiaonews.net.br\\\/2022\\\/2021\\\/11\\\/01\\\/prefeitura-de-colina-alerta-para-importancia-de-limpar-calhas-lajes-e-caixas-dagua-no-combate-a-dengue\\\/\"},\"wordCount\":436,\"commentCount\":0,\"publisher\":{\"@id\":\"https:\\\/\\\/regiaonews.net.br\\\/2022\\\/#organization\"},\"image\":{\"@id\":\"https:\\\/\\\/regiaonews.net.br\\\/2022\\\/2021\\\/11\\\/01\\\/prefeitura-de-colina-alerta-para-importancia-de-limpar-calhas-lajes-e-caixas-dagua-no-combate-a-dengue\\\/#primaryimage\"},\"thumbnailUrl\":\"https:\\\/\\\/regiaonews.net.br\\\/2022\\\/wp-content\\\/uploads\\\/2021\\\/11\\\/m_62_1_1_28102021174326.jpg\",\"articleSection\":[\"Colina\"],\"inLanguage\":\"pt-BR\",\"potentialAction\":[{\"@type\":\"CommentAction\",\"name\":\"Comment\",\"target\":[\"https:\\\/\\\/regiaonews.net.br\\\/2022\\\/2021\\\/11\\\/01\\\/prefeitura-de-colina-alerta-para-importancia-de-limpar-calhas-lajes-e-caixas-dagua-no-combate-a-dengue\\\/#respond\"]}]},{\"@type\":\"WebPage\",\"@id\":\"https:\\\/\\\/regiaonews.net.br\\\/2022\\\/2021\\\/11\\\/01\\\/prefeitura-de-colina-alerta-para-importancia-de-limpar-calhas-lajes-e-caixas-dagua-no-combate-a-dengue\\\/\",\"url\":\"https:\\\/\\\/regiaonews.net.br\\\/2022\\\/2021\\\/11\\\/01\\\/prefeitura-de-colina-alerta-para-importancia-de-limpar-calhas-lajes-e-caixas-dagua-no-combate-a-dengue\\\/\",\"name\":\"Prefeitura de Colina orienta limpar calhas, lajes e caixas d\u2019\u00e1gua no combate \u00e0 Dengue - Regi\u00e3o News\",\"isPartOf\":{\"@id\":\"https:\\\/\\\/regiaonews.net.br\\\/2022\\\/#website\"},\"primaryImageOfPage\":{\"@id\":\"https:\\\/\\\/regiaonews.net.br\\\/2022\\\/2021\\\/11\\\/01\\\/prefeitura-de-colina-alerta-para-importancia-de-limpar-calhas-lajes-e-caixas-dagua-no-combate-a-dengue\\\/#primaryimage\"},\"image\":{\"@id\":\"https:\\\/\\\/regiaonews.net.br\\\/2022\\\/2021\\\/11\\\/01\\\/prefeitura-de-colina-alerta-para-importancia-de-limpar-calhas-lajes-e-caixas-dagua-no-combate-a-dengue\\\/#primaryimage\"},\"thumbnailUrl\":\"https:\\\/\\\/regiaonews.net.br\\\/2022\\\/wp-content\\\/uploads\\\/2021\\\/11\\\/m_62_1_1_28102021174326.jpg\",\"datePublished\":\"2021-11-01T19:28:48+00:00\",\"dateModified\":\"2021-11-01T19:39:28+00:00\",\"breadcrumb\":{\"@id\":\"https:\\\/\\\/regiaonews.net.br\\\/2022\\\/2021\\\/11\\\/01\\\/prefeitura-de-colina-alerta-para-importancia-de-limpar-calhas-lajes-e-caixas-dagua-no-combate-a-dengue\\\/#breadcrumb\"},\"inLanguage\":\"pt-BR\",\"potentialAction\":[{\"@type\":\"ReadAction\",\"target\":[\"https:\\\/\\\/regiaonews.net.br\\\/2022\\\/2021\\\/11\\\/01\\\/prefeitura-de-colina-alerta-para-importancia-de-limpar-calhas-lajes-e-caixas-dagua-no-combate-a-dengue\\\/\"]}]},{\"@type\":\"ImageObject\",\"inLanguage\":\"pt-BR\",\"@id\":\"https:\\\/\\\/regiaonews.net.br\\\/2022\\\/2021\\\/11\\\/01\\\/prefeitura-de-colina-alerta-para-importancia-de-limpar-calhas-lajes-e-caixas-dagua-no-combate-a-dengue\\\/#primaryimage\",\"url\":\"https:\\\/\\\/regiaonews.net.br\\\/2022\\\/wp-content\\\/uploads\\\/2021\\\/11\\\/m_62_1_1_28102021174326.jpg\",\"contentUrl\":\"https:\\\/\\\/regiaonews.net.br\\\/2022\\\/wp-content\\\/uploads\\\/2021\\\/11\\\/m_62_1_1_28102021174326.jpg\",\"width\":900,\"height\":675},{\"@type\":\"BreadcrumbList\",\"@id\":\"https:\\\/\\\/regiaonews.net.br\\\/2022\\\/2021\\\/11\\\/01\\\/prefeitura-de-colina-alerta-para-importancia-de-limpar-calhas-lajes-e-caixas-dagua-no-combate-a-dengue\\\/#breadcrumb\",\"itemListElement\":[{\"@type\":\"ListItem\",\"position\":1,\"name\":\"In\u00edcio\",\"item\":\"https:\\\/\\\/regiaonews.net.br\\\/2022\\\/\"},{\"@type\":\"ListItem\",\"position\":2,\"name\":\"Prefeitura de Colina orienta limpar calhas, lajes e caixas d\u2019\u00e1gua no combate \u00e0 Dengue\"}]},{\"@type\":\"WebSite\",\"@id\":\"https:\\\/\\\/regiaonews.net.br\\\/2022\\\/#website\",\"url\":\"https:\\\/\\\/regiaonews.net.br\\\/2022\\\/\",\"name\":\"Regi\u00e3o News\",\"description\":\"Site de Not\u00edcias de Barretos e regi\u00e3o\",\"publisher\":{\"@id\":\"https:\\\/\\\/regiaonews.net.br\\\/2022\\\/#organization\"},\"potentialAction\":[{\"@type\":\"SearchAction\",\"target\":{\"@type\":\"EntryPoint\",\"urlTemplate\":\"https:\\\/\\\/regiaonews.net.br\\\/2022\\\/?s={search_term_string}\"},\"query-input\":{\"@type\":\"PropertyValueSpecification\",\"valueRequired\":true,\"valueName\":\"search_term_string\"}}],\"inLanguage\":\"pt-BR\"},{\"@type\":\"Organization\",\"@id\":\"https:\\\/\\\/regiaonews.net.br\\\/2022\\\/#organization\",\"name\":\"Regi\u00e3o News\",\"url\":\"https:\\\/\\\/regiaonews.net.br\\\/2022\\\/\",\"logo\":{\"@type\":\"ImageObject\",\"inLanguage\":\"pt-BR\",\"@id\":\"https:\\\/\\\/regiaonews.net.br\\\/2022\\\/#\\\/schema\\\/logo\\\/image\\\/\",\"url\":\"https:\\\/\\\/regiaonews.net.br\\\/2022\\\/wp-content\\\/uploads\\\/2026\\\/03\\\/regiao-13-anos-scaled.jpg\",\"contentUrl\":\"https:\\\/\\\/regiaonews.net.br\\\/2022\\\/wp-content\\\/uploads\\\/2026\\\/03\\\/regiao-13-anos-scaled.jpg\",\"width\":2560,\"height\":635,\"caption\":\"Regi\u00e3o News\"},\"image\":{\"@id\":\"https:\\\/\\\/regiaonews.net.br\\\/2022\\\/#\\\/schema\\\/logo\\\/image\\\/\"}},{\"@type\":\"Person\",\"@id\":\"https:\\\/\\\/regiaonews.net.br\\\/2022\\\/#\\\/schema\\\/person\\\/2d205a608a5aa97ac279d7a5e6d89ad8\",\"name\":\"Roberto\",\"image\":{\"@type\":\"ImageObject\",\"inLanguage\":\"pt-BR\",\"@id\":\"https:\\\/\\\/secure.gravatar.com\\\/avatar\\\/42749d8b712ff9d59ca93dc150494e5b55a44134482993f5baeb97e61b7ecc89?s=96&d=mm&r=g\",\"url\":\"https:\\\/\\\/secure.gravatar.com\\\/avatar\\\/42749d8b712ff9d59ca93dc150494e5b55a44134482993f5baeb97e61b7ecc89?s=96&d=mm&r=g\",\"contentUrl\":\"https:\\\/\\\/secure.gravatar.com\\\/avatar\\\/42749d8b712ff9d59ca93dc150494e5b55a44134482993f5baeb97e61b7ecc89?s=96&d=mm&r=g\",\"caption\":\"Roberto\"},\"url\":\"https:\\\/\\\/regiaonews.net.br\\\/2022\\\/author\\\/roberto\\\/\"}]}<\/script>\n<!-- \/ Yoast SEO plugin. -->","yoast_head_json":{"title":"Prefeitura de Colina orienta limpar calhas, lajes e caixas d\u2019\u00e1gua no combate \u00e0 Dengue - Regi\u00e3o News","robots":{"index":"index","follow":"follow","max-snippet":"max-snippet:-1","max-image-preview":"max-image-preview:large","max-video-preview":"max-video-preview:-1"},"canonical":"https:\/\/regiaonews.net.br\/2022\/2021\/11\/01\/prefeitura-de-colina-alerta-para-importancia-de-limpar-calhas-lajes-e-caixas-dagua-no-combate-a-dengue\/","og_locale":"pt_BR","og_type":"article","og_title":"Prefeitura de Colina orienta limpar calhas, lajes e caixas d\u2019\u00e1gua no combate \u00e0 Dengue - Regi\u00e3o News","og_description":"A Prefeitura Municipal de Colina, por meio da Secretaria Municipal","og_url":"https:\/\/regiaonews.net.br\/2022\/2021\/11\/01\/prefeitura-de-colina-alerta-para-importancia-de-limpar-calhas-lajes-e-caixas-dagua-no-combate-a-dengue\/","og_site_name":"Regi\u00e3o News","article_published_time":"2021-11-01T19:28:48+00:00","article_modified_time":"2021-11-01T19:39:28+00:00","og_image":[{"width":900,"height":675,"url":"https:\/\/regiaonews.net.br\/2022\/wp-content\/uploads\/2021\/11\/m_62_1_1_28102021174326.jpg","type":"image\/jpeg"}],"author":"Roberto","twitter_card":"summary_large_image","twitter_misc":{"Escrito por":"Roberto","Est. tempo de leitura":"2 minutos"},"schema":{"@context":"https:\/\/schema.org","@graph":[{"@type":"Article","@id":"https:\/\/regiaonews.net.br\/2022\/2021\/11\/01\/prefeitura-de-colina-alerta-para-importancia-de-limpar-calhas-lajes-e-caixas-dagua-no-combate-a-dengue\/#article","isPartOf":{"@id":"https:\/\/regiaonews.net.br\/2022\/2021\/11\/01\/prefeitura-de-colina-alerta-para-importancia-de-limpar-calhas-lajes-e-caixas-dagua-no-combate-a-dengue\/"},"author":{"name":"Roberto","@id":"https:\/\/regiaonews.net.br\/2022\/#\/schema\/person\/2d205a608a5aa97ac279d7a5e6d89ad8"},"headline":"Prefeitura de Colina orienta limpar calhas, lajes e caixas d\u2019\u00e1gua no combate \u00e0 Dengue","datePublished":"2021-11-01T19:28:48+00:00","dateModified":"2021-11-01T19:39:28+00:00","mainEntityOfPage":{"@id":"https:\/\/regiaonews.net.br\/2022\/2021\/11\/01\/prefeitura-de-colina-alerta-para-importancia-de-limpar-calhas-lajes-e-caixas-dagua-no-combate-a-dengue\/"},"wordCount":436,"commentCount":0,"publisher":{"@id":"https:\/\/regiaonews.net.br\/2022\/#organization"},"image":{"@id":"https:\/\/regiaonews.net.br\/2022\/2021\/11\/01\/prefeitura-de-colina-alerta-para-importancia-de-limpar-calhas-lajes-e-caixas-dagua-no-combate-a-dengue\/#primaryimage"},"thumbnailUrl":"https:\/\/regiaonews.net.br\/2022\/wp-content\/uploads\/2021\/11\/m_62_1_1_28102021174326.jpg","articleSection":["Colina"],"inLanguage":"pt-BR","potentialAction":[{"@type":"CommentAction","name":"Comment","target":["https:\/\/regiaonews.net.br\/2022\/2021\/11\/01\/prefeitura-de-colina-alerta-para-importancia-de-limpar-calhas-lajes-e-caixas-dagua-no-combate-a-dengue\/#respond"]}]},{"@type":"WebPage","@id":"https:\/\/regiaonews.net.br\/2022\/2021\/11\/01\/prefeitura-de-colina-alerta-para-importancia-de-limpar-calhas-lajes-e-caixas-dagua-no-combate-a-dengue\/","url":"https:\/\/regiaonews.net.br\/2022\/2021\/11\/01\/prefeitura-de-colina-alerta-para-importancia-de-limpar-calhas-lajes-e-caixas-dagua-no-combate-a-dengue\/","name":"Prefeitura de Colina orienta limpar calhas, lajes e caixas d\u2019\u00e1gua no combate \u00e0 Dengue - Regi\u00e3o News","isPartOf":{"@id":"https:\/\/regiaonews.net.br\/2022\/#website"},"primaryImageOfPage":{"@id":"https:\/\/regiaonews.net.br\/2022\/2021\/11\/01\/prefeitura-de-colina-alerta-para-importancia-de-limpar-calhas-lajes-e-caixas-dagua-no-combate-a-dengue\/#primaryimage"},"image":{"@id":"https:\/\/regiaonews.net.br\/2022\/2021\/11\/01\/prefeitura-de-colina-alerta-para-importancia-de-limpar-calhas-lajes-e-caixas-dagua-no-combate-a-dengue\/#primaryimage"},"thumbnailUrl":"https:\/\/regiaonews.net.br\/2022\/wp-content\/uploads\/2021\/11\/m_62_1_1_28102021174326.jpg","datePublished":"2021-11-01T19:28:48+00:00","dateModified":"2021-11-01T19:39:28+00:00","breadcrumb":{"@id":"https:\/\/regiaonews.net.br\/2022\/2021\/11\/01\/prefeitura-de-colina-alerta-para-importancia-de-limpar-calhas-lajes-e-caixas-dagua-no-combate-a-dengue\/#breadcrumb"},"inLanguage":"pt-BR","potentialAction":[{"@type":"ReadAction","target":["https:\/\/regiaonews.net.br\/2022\/2021\/11\/01\/prefeitura-de-colina-alerta-para-importancia-de-limpar-calhas-lajes-e-caixas-dagua-no-combate-a-dengue\/"]}]},{"@type":"ImageObject","inLanguage":"pt-BR","@id":"https:\/\/regiaonews.net.br\/2022\/2021\/11\/01\/prefeitura-de-colina-alerta-para-importancia-de-limpar-calhas-lajes-e-caixas-dagua-no-combate-a-dengue\/#primaryimage","url":"https:\/\/regiaonews.net.br\/2022\/wp-content\/uploads\/2021\/11\/m_62_1_1_28102021174326.jpg","contentUrl":"https:\/\/regiaonews.net.br\/2022\/wp-content\/uploads\/2021\/11\/m_62_1_1_28102021174326.jpg","width":900,"height":675},{"@type":"BreadcrumbList","@id":"https:\/\/regiaonews.net.br\/2022\/2021\/11\/01\/prefeitura-de-colina-alerta-para-importancia-de-limpar-calhas-lajes-e-caixas-dagua-no-combate-a-dengue\/#breadcrumb","itemListElement":[{"@type":"ListItem","position":1,"name":"In\u00edcio","item":"https:\/\/regiaonews.net.br\/2022\/"},{"@type":"ListItem","position":2,"name":"Prefeitura de Colina orienta limpar calhas, lajes e caixas d\u2019\u00e1gua no combate \u00e0 Dengue"}]},{"@type":"WebSite","@id":"https:\/\/regiaonews.net.br\/2022\/#website","url":"https:\/\/regiaonews.net.br\/2022\/","name":"Regi\u00e3o News","description":"Site de Not\u00edcias de Barretos e regi\u00e3o","publisher":{"@id":"https:\/\/regiaonews.net.br\/2022\/#organization"},"potentialAction":[{"@type":"SearchAction","target":{"@type":"EntryPoint","urlTemplate":"https:\/\/regiaonews.net.br\/2022\/?s={search_term_string}"},"query-input":{"@type":"PropertyValueSpecification","valueRequired":true,"valueName":"search_term_string"}}],"inLanguage":"pt-BR"},{"@type":"Organization","@id":"https:\/\/regiaonews.net.br\/2022\/#organization","name":"Regi\u00e3o News","url":"https:\/\/regiaonews.net.br\/2022\/","logo":{"@type":"ImageObject","inLanguage":"pt-BR","@id":"https:\/\/regiaonews.net.br\/2022\/#\/schema\/logo\/image\/","url":"https:\/\/regiaonews.net.br\/2022\/wp-content\/uploads\/2026\/03\/regiao-13-anos-scaled.jpg","contentUrl":"https:\/\/regiaonews.net.br\/2022\/wp-content\/uploads\/2026\/03\/regiao-13-anos-scaled.jpg","width":2560,"height":635,"caption":"Regi\u00e3o News"},"image":{"@id":"https:\/\/regiaonews.net.br\/2022\/#\/schema\/logo\/image\/"}},{"@type":"Person","@id":"https:\/\/regiaonews.net.br\/2022\/#\/schema\/person\/2d205a608a5aa97ac279d7a5e6d89ad8","name":"Roberto","image":{"@type":"ImageObject","inLanguage":"pt-BR","@id":"https:\/\/secure.gravatar.com\/avatar\/42749d8b712ff9d59ca93dc150494e5b55a44134482993f5baeb97e61b7ecc89?s=96&d=mm&r=g","url":"https:\/\/secure.gravatar.com\/avatar\/42749d8b712ff9d59ca93dc150494e5b55a44134482993f5baeb97e61b7ecc89?s=96&d=mm&r=g","contentUrl":"https:\/\/secure.gravatar.com\/avatar\/42749d8b712ff9d59ca93dc150494e5b55a44134482993f5baeb97e61b7ecc89?s=96&d=mm&r=g","caption":"Roberto"},"url":"https:\/\/regiaonews.net.br\/2022\/author\/roberto\/"}]}},"publishpress_future_action":{"enabled":false,"date":"2026-05-03 09:22:03","action":"change-status","newStatus":"draft","terms":[],"taxonomy":"category","extraData":[]},"publishpress_future_workflow_manual_trigger":{"enabledWorkflows":[]},"_links":{"self":[{"href":"https:\/\/regiaonews.net.br\/2022\/wp-json\/wp\/v2\/posts\/55609","targetHints":{"allow":["GET"]}}],"collection":[{"href":"https:\/\/regiaonews.net.br\/2022\/wp-json\/wp\/v2\/posts"}],"about":[{"href":"https:\/\/regiaonews.net.br\/2022\/wp-json\/wp\/v2\/types\/post"}],"author":[{"embeddable":true,"href":"https:\/\/regiaonews.net.br\/2022\/wp-json\/wp\/v2\/users\/2"}],"replies":[{"embeddable":true,"href":"https:\/\/regiaonews.net.br\/2022\/wp-json\/wp\/v2\/comments?post=55609"}],"version-history":[{"count":0,"href":"https:\/\/regiaonews.net.br\/2022\/wp-json\/wp\/v2\/posts\/55609\/revisions"}],"wp:featuredmedia":[{"embeddable":true,"href":"https:\/\/regiaonews.net.br\/2022\/wp-json\/wp\/v2\/media\/55610"}],"wp:attachment":[{"href":"https:\/\/regiaonews.net.br\/2022\/wp-json\/wp\/v2\/media?parent=55609"}],"wp:term":[{"taxonomy":"category","embeddable":true,"href":"https:\/\/regiaonews.net.br\/2022\/wp-json\/wp\/v2\/categories?post=55609"},{"taxonomy":"post_tag","embeddable":true,"href":"https:\/\/regiaonews.net.br\/2022\/wp-json\/wp\/v2\/tags?post=55609"}],"curies":[{"name":"wp","href":"https:\/\/api.w.org\/{rel}","templated":true}]}}