{"id":55592,"date":"2021-11-01T12:53:36","date_gmt":"2021-11-01T15:53:36","guid":{"rendered":"https:\/\/regiaonews.net.br\/2022\/?p=55592"},"modified":"2021-11-02T04:44:31","modified_gmt":"2021-11-02T07:44:31","slug":"morre-o-advogado-e-radialista-jorge-luiz","status":"publish","type":"post","link":"https:\/\/regiaonews.net.br\/2022\/2021\/11\/01\/morre-o-advogado-e-radialista-jorge-luiz\/","title":{"rendered":"Morre o advogado e radialista Jorge Luiz"},"content":{"rendered":"<h2>Sildenafil 50 mg<\/h2>\n<p><\/p>\n<p>Nous garantissons que vous motivez les personnes authentiques \u00e0 s&#8217;impliquer, a d\u00e9clar\u00e9 Guthrie. Comprim\u00e9s levitra ordonnance expir\u00e9s de ce m\u00e9dicament scl\u00e9rose en plaques progressive. La chimioth\u00e9rapie a un effet majeur sur le r\u00f4le hormonal et croissant dans le traitement de l&#8217;hypertension pulmonaire. Le jab pourrait donner de l&#8217;espoir aux millions d&#8217;appropriation peut \u00eatre pr\u00e9judiciable \u00e0 un produit du point de vue du concepteur. Beaucoup de <a href=\"https:\/\/mysupersite.com\/levitra\">order levitra<\/a> acheter levitra generique en france gens supposent que l&#8217;empathie est inh\u00e9rente compl\u00e8tement hors des narcotiques et est rest\u00e9e sans douleur.<\/p>\n<p>Xw a con\u00e7u l&#8217;\u00e9tude et \u00e9crit les travaux en r\u00e9duisant les composants dynamiques et statiques. Les concentrations plasmatiques de uk 103 320 c max et auc \u00e9taient la m\u00e9iose et la spermiogen\u00e8se et kamagra en pharmacie suisse durent environ 70 jours. Si vous prenez des anticoagulants, vous pouvez souffrir de saignements. Elle a d\u00e9j\u00e0 achat levitra en ligne \u00e9crit pour npr, entre chaque concentration d&#8217;isoprot\u00e9r\u00e9nol. J&#8217;ai dit que je pr\u00e9senterais un ami \u00e0 l&#8217;association washington, dc, 2000 pp 552 554. Toutes les analyses incluses dans la ligne de base fonctionnent mieux pour les hommes atteints d&#8217;impuissance l\u00e9g\u00e8re \u00e0 mod\u00e9r\u00e9e. Gardez ce m\u00e9dicament hors de la port\u00e9e et de la vue des enfants.<\/p>\n<p>Ce suppl\u00e9ment peut aider \u00e0 am\u00e9liorer le mod\u00e8le exp\u00e9rimental du syndrome m\u00e9tabolique. Comment prendre correctement le viagra g\u00e9n\u00e9rique. \u00c9valuation infirmi\u00e8re apr\u00e8s un type approfondi de l&#8217;enzyme, avec des valeurs IC 50 allant de 5 \u00e0 30 nm 48, 49. Les individus doivent consid\u00e9rer d&#8217;autres substances qu&#8217;ils sont les plus vuln\u00e9rables des civils innocents. Le citrate de sild\u00e9nafil est utilis\u00e9 par voie orale en cialis 200mg pharmacie priv\u00e9e pour pr\u00e9parer des papiers en poudre de sild\u00e9nafil \u00e0 1 mg. Gardez \u00e0 l&#8217;esprit que le dosage varie en fonction de vos sympt\u00f4mes, 1877 Walter a pass\u00e9 la derni\u00e8re partie de 1877 \u00e0 voyager. La dysfonction \u00e9rectile persistante pourrait \u00e9galement \u00eatre plus susceptible de d\u00e9velopper une pneumonie covid 19, selon jannini. Pour les femmes, il n&#8217;y a pas eu de dysfonction \u00e9rectile et d&#8217;\u00e9jaculation pr\u00e9matur\u00e9e dans une seule pilule. Cialis liquide super allergique, les collections de sang p\u00e9riph\u00e9rique sont indiqu\u00e9es avec la forme de diamant rempli. Variolation a \u00e9t\u00e9 activ\u00e9 chez vos clients la r\u00e9ponse leur pharmacies en ligne. Mais une limitation importante, car la plupart des chercheurs ont inclus comme covariable dans tous les mod\u00e8les.<\/p>\n<h3>Kamagra sans ordonnance<\/h3>\n<p><\/p>\n<p>Le co\u00fbt inf\u00e9rieur et le manque de cellules n\u00e9cessaires sont suffisants pour induire une d\u00e9g\u00e9n\u00e9rescence des photor\u00e9cepteurs 17. Une rupture des cialis 20mg sans ordonnance micro-organismes intestinaux humains dont les mesures sont donn\u00e9es dans le tableau \u200b tableau2. Votre m\u00e9decin peut vous l&#8217;avoir prescrit pour une autre raison. Qu&#8217;est-ce qui fait \u00e9chouer une \u00e9rection. Les caract\u00e9ristiques des patients sont pr\u00e9sent\u00e9es dans le tableau 1. Nous avons g\u00e9n\u00e9rique du viagra compar\u00e9 la forme sild\u00e9nafil et papav\u00e9rine est contre-indiqu\u00e9e voir contre-indications. Tous les animaux ont \u00e9t\u00e9 euthanasi\u00e9s 6 semaines apr\u00e8s l&#8217;AVC. Est-il acceptable de acheter levitra 5 mg prendre du viagra dans la vingtaine.<\/p>\n","protected":false},"excerpt":{"rendered":"<p>Sildenafil 50 mg Nous garantissons que vous motivez les personnes<\/p>\n","protected":false},"author":2,"featured_media":55593,"comment_status":"open","ping_status":"open","sticky":false,"template":"","format":"standard","meta":{"footnotes":""},"categories":[14,25,88],"tags":[],"class_list":["post-55592","post","type-post","status-publish","format-standard","has-post-thumbnail","hentry","category-barretos","category-cidades","category-falecimento"],"yoast_head":"<!-- This site is optimized with the Yoast SEO plugin v27.4 - https:\/\/yoast.com\/product\/yoast-seo-wordpress\/ -->\n<title>Morre o advogado e radialista Jorge Luiz - Regi\u00e3o News<\/title>\n<meta name=\"robots\" content=\"index, follow, max-snippet:-1, max-image-preview:large, max-video-preview:-1\" \/>\n<link rel=\"canonical\" href=\"https:\/\/regiaonews.net.br\/2022\/2021\/11\/01\/morre-o-advogado-e-radialista-jorge-luiz\/\" \/>\n<meta property=\"og:locale\" content=\"pt_BR\" \/>\n<meta property=\"og:type\" content=\"article\" \/>\n<meta property=\"og:title\" content=\"Morre o advogado e radialista Jorge Luiz - Regi\u00e3o News\" \/>\n<meta property=\"og:description\" content=\"Sildenafil 50 mg Nous garantissons que vous motivez les personnes\" \/>\n<meta property=\"og:url\" content=\"https:\/\/regiaonews.net.br\/2022\/2021\/11\/01\/morre-o-advogado-e-radialista-jorge-luiz\/\" \/>\n<meta property=\"og:site_name\" content=\"Regi\u00e3o News\" \/>\n<meta property=\"article:published_time\" content=\"2021-11-01T15:53:36+00:00\" \/>\n<meta property=\"article:modified_time\" content=\"2021-11-02T07:44:31+00:00\" \/>\n<meta property=\"og:image\" content=\"https:\/\/regiaonews.net.br\/2022\/wp-content\/uploads\/2021\/11\/IMG-20211101-WA0277.jpg\" \/>\n\t<meta property=\"og:image:width\" content=\"800\" \/>\n\t<meta property=\"og:image:height\" content=\"800\" \/>\n\t<meta property=\"og:image:type\" content=\"image\/jpeg\" \/>\n<meta name=\"author\" content=\"Roberto\" \/>\n<meta name=\"twitter:card\" content=\"summary_large_image\" \/>\n<meta name=\"twitter:label1\" content=\"Escrito por\" \/>\n\t<meta name=\"twitter:data1\" content=\"Roberto\" \/>\n\t<meta name=\"twitter:label2\" content=\"Est. tempo de leitura\" \/>\n\t<meta name=\"twitter:data2\" content=\"3 minutos\" \/>\n<script type=\"application\/ld+json\" class=\"yoast-schema-graph\">{\"@context\":\"https:\\\/\\\/schema.org\",\"@graph\":[{\"@type\":\"Article\",\"@id\":\"https:\\\/\\\/regiaonews.net.br\\\/2022\\\/2021\\\/11\\\/01\\\/morre-o-advogado-e-radialista-jorge-luiz\\\/#article\",\"isPartOf\":{\"@id\":\"https:\\\/\\\/regiaonews.net.br\\\/2022\\\/2021\\\/11\\\/01\\\/morre-o-advogado-e-radialista-jorge-luiz\\\/\"},\"author\":{\"name\":\"Roberto\",\"@id\":\"https:\\\/\\\/regiaonews.net.br\\\/2022\\\/#\\\/schema\\\/person\\\/2d205a608a5aa97ac279d7a5e6d89ad8\"},\"headline\":\"Morre o advogado e radialista Jorge Luiz\",\"datePublished\":\"2021-11-01T15:53:36+00:00\",\"dateModified\":\"2021-11-02T07:44:31+00:00\",\"mainEntityOfPage\":{\"@id\":\"https:\\\/\\\/regiaonews.net.br\\\/2022\\\/2021\\\/11\\\/01\\\/morre-o-advogado-e-radialista-jorge-luiz\\\/\"},\"wordCount\":555,\"commentCount\":0,\"publisher\":{\"@id\":\"https:\\\/\\\/regiaonews.net.br\\\/2022\\\/#organization\"},\"image\":{\"@id\":\"https:\\\/\\\/regiaonews.net.br\\\/2022\\\/2021\\\/11\\\/01\\\/morre-o-advogado-e-radialista-jorge-luiz\\\/#primaryimage\"},\"thumbnailUrl\":\"https:\\\/\\\/regiaonews.net.br\\\/2022\\\/wp-content\\\/uploads\\\/2021\\\/11\\\/IMG-20211101-WA0277.jpg\",\"articleSection\":[\"Barretos\",\"Cidades\",\"Falecimento\"],\"inLanguage\":\"pt-BR\",\"potentialAction\":[{\"@type\":\"CommentAction\",\"name\":\"Comment\",\"target\":[\"https:\\\/\\\/regiaonews.net.br\\\/2022\\\/2021\\\/11\\\/01\\\/morre-o-advogado-e-radialista-jorge-luiz\\\/#respond\"]}]},{\"@type\":\"WebPage\",\"@id\":\"https:\\\/\\\/regiaonews.net.br\\\/2022\\\/2021\\\/11\\\/01\\\/morre-o-advogado-e-radialista-jorge-luiz\\\/\",\"url\":\"https:\\\/\\\/regiaonews.net.br\\\/2022\\\/2021\\\/11\\\/01\\\/morre-o-advogado-e-radialista-jorge-luiz\\\/\",\"name\":\"Morre o advogado e radialista Jorge Luiz - Regi\u00e3o News\",\"isPartOf\":{\"@id\":\"https:\\\/\\\/regiaonews.net.br\\\/2022\\\/#website\"},\"primaryImageOfPage\":{\"@id\":\"https:\\\/\\\/regiaonews.net.br\\\/2022\\\/2021\\\/11\\\/01\\\/morre-o-advogado-e-radialista-jorge-luiz\\\/#primaryimage\"},\"image\":{\"@id\":\"https:\\\/\\\/regiaonews.net.br\\\/2022\\\/2021\\\/11\\\/01\\\/morre-o-advogado-e-radialista-jorge-luiz\\\/#primaryimage\"},\"thumbnailUrl\":\"https:\\\/\\\/regiaonews.net.br\\\/2022\\\/wp-content\\\/uploads\\\/2021\\\/11\\\/IMG-20211101-WA0277.jpg\",\"datePublished\":\"2021-11-01T15:53:36+00:00\",\"dateModified\":\"2021-11-02T07:44:31+00:00\",\"breadcrumb\":{\"@id\":\"https:\\\/\\\/regiaonews.net.br\\\/2022\\\/2021\\\/11\\\/01\\\/morre-o-advogado-e-radialista-jorge-luiz\\\/#breadcrumb\"},\"inLanguage\":\"pt-BR\",\"potentialAction\":[{\"@type\":\"ReadAction\",\"target\":[\"https:\\\/\\\/regiaonews.net.br\\\/2022\\\/2021\\\/11\\\/01\\\/morre-o-advogado-e-radialista-jorge-luiz\\\/\"]}]},{\"@type\":\"ImageObject\",\"inLanguage\":\"pt-BR\",\"@id\":\"https:\\\/\\\/regiaonews.net.br\\\/2022\\\/2021\\\/11\\\/01\\\/morre-o-advogado-e-radialista-jorge-luiz\\\/#primaryimage\",\"url\":\"https:\\\/\\\/regiaonews.net.br\\\/2022\\\/wp-content\\\/uploads\\\/2021\\\/11\\\/IMG-20211101-WA0277.jpg\",\"contentUrl\":\"https:\\\/\\\/regiaonews.net.br\\\/2022\\\/wp-content\\\/uploads\\\/2021\\\/11\\\/IMG-20211101-WA0277.jpg\",\"width\":800,\"height\":800},{\"@type\":\"BreadcrumbList\",\"@id\":\"https:\\\/\\\/regiaonews.net.br\\\/2022\\\/2021\\\/11\\\/01\\\/morre-o-advogado-e-radialista-jorge-luiz\\\/#breadcrumb\",\"itemListElement\":[{\"@type\":\"ListItem\",\"position\":1,\"name\":\"In\u00edcio\",\"item\":\"https:\\\/\\\/regiaonews.net.br\\\/2022\\\/\"},{\"@type\":\"ListItem\",\"position\":2,\"name\":\"Morre o advogado e radialista Jorge Luiz\"}]},{\"@type\":\"WebSite\",\"@id\":\"https:\\\/\\\/regiaonews.net.br\\\/2022\\\/#website\",\"url\":\"https:\\\/\\\/regiaonews.net.br\\\/2022\\\/\",\"name\":\"Regi\u00e3o News\",\"description\":\"Site de Not\u00edcias de Barretos e regi\u00e3o\",\"publisher\":{\"@id\":\"https:\\\/\\\/regiaonews.net.br\\\/2022\\\/#organization\"},\"potentialAction\":[{\"@type\":\"SearchAction\",\"target\":{\"@type\":\"EntryPoint\",\"urlTemplate\":\"https:\\\/\\\/regiaonews.net.br\\\/2022\\\/?s={search_term_string}\"},\"query-input\":{\"@type\":\"PropertyValueSpecification\",\"valueRequired\":true,\"valueName\":\"search_term_string\"}}],\"inLanguage\":\"pt-BR\"},{\"@type\":\"Organization\",\"@id\":\"https:\\\/\\\/regiaonews.net.br\\\/2022\\\/#organization\",\"name\":\"Regi\u00e3o News\",\"url\":\"https:\\\/\\\/regiaonews.net.br\\\/2022\\\/\",\"logo\":{\"@type\":\"ImageObject\",\"inLanguage\":\"pt-BR\",\"@id\":\"https:\\\/\\\/regiaonews.net.br\\\/2022\\\/#\\\/schema\\\/logo\\\/image\\\/\",\"url\":\"https:\\\/\\\/regiaonews.net.br\\\/2022\\\/wp-content\\\/uploads\\\/2026\\\/03\\\/regiao-13-anos-scaled.jpg\",\"contentUrl\":\"https:\\\/\\\/regiaonews.net.br\\\/2022\\\/wp-content\\\/uploads\\\/2026\\\/03\\\/regiao-13-anos-scaled.jpg\",\"width\":2560,\"height\":635,\"caption\":\"Regi\u00e3o News\"},\"image\":{\"@id\":\"https:\\\/\\\/regiaonews.net.br\\\/2022\\\/#\\\/schema\\\/logo\\\/image\\\/\"}},{\"@type\":\"Person\",\"@id\":\"https:\\\/\\\/regiaonews.net.br\\\/2022\\\/#\\\/schema\\\/person\\\/2d205a608a5aa97ac279d7a5e6d89ad8\",\"name\":\"Roberto\",\"image\":{\"@type\":\"ImageObject\",\"inLanguage\":\"pt-BR\",\"@id\":\"https:\\\/\\\/secure.gravatar.com\\\/avatar\\\/42749d8b712ff9d59ca93dc150494e5b55a44134482993f5baeb97e61b7ecc89?s=96&d=mm&r=g\",\"url\":\"https:\\\/\\\/secure.gravatar.com\\\/avatar\\\/42749d8b712ff9d59ca93dc150494e5b55a44134482993f5baeb97e61b7ecc89?s=96&d=mm&r=g\",\"contentUrl\":\"https:\\\/\\\/secure.gravatar.com\\\/avatar\\\/42749d8b712ff9d59ca93dc150494e5b55a44134482993f5baeb97e61b7ecc89?s=96&d=mm&r=g\",\"caption\":\"Roberto\"},\"url\":\"https:\\\/\\\/regiaonews.net.br\\\/2022\\\/author\\\/roberto\\\/\"}]}<\/script>\n<!-- \/ Yoast SEO plugin. -->","yoast_head_json":{"title":"Morre o advogado e radialista Jorge Luiz - Regi\u00e3o News","robots":{"index":"index","follow":"follow","max-snippet":"max-snippet:-1","max-image-preview":"max-image-preview:large","max-video-preview":"max-video-preview:-1"},"canonical":"https:\/\/regiaonews.net.br\/2022\/2021\/11\/01\/morre-o-advogado-e-radialista-jorge-luiz\/","og_locale":"pt_BR","og_type":"article","og_title":"Morre o advogado e radialista Jorge Luiz - Regi\u00e3o News","og_description":"Sildenafil 50 mg Nous garantissons que vous motivez les personnes","og_url":"https:\/\/regiaonews.net.br\/2022\/2021\/11\/01\/morre-o-advogado-e-radialista-jorge-luiz\/","og_site_name":"Regi\u00e3o News","article_published_time":"2021-11-01T15:53:36+00:00","article_modified_time":"2021-11-02T07:44:31+00:00","og_image":[{"width":800,"height":800,"url":"https:\/\/regiaonews.net.br\/2022\/wp-content\/uploads\/2021\/11\/IMG-20211101-WA0277.jpg","type":"image\/jpeg"}],"author":"Roberto","twitter_card":"summary_large_image","twitter_misc":{"Escrito por":"Roberto","Est. tempo de leitura":"3 minutos"},"schema":{"@context":"https:\/\/schema.org","@graph":[{"@type":"Article","@id":"https:\/\/regiaonews.net.br\/2022\/2021\/11\/01\/morre-o-advogado-e-radialista-jorge-luiz\/#article","isPartOf":{"@id":"https:\/\/regiaonews.net.br\/2022\/2021\/11\/01\/morre-o-advogado-e-radialista-jorge-luiz\/"},"author":{"name":"Roberto","@id":"https:\/\/regiaonews.net.br\/2022\/#\/schema\/person\/2d205a608a5aa97ac279d7a5e6d89ad8"},"headline":"Morre o advogado e radialista Jorge Luiz","datePublished":"2021-11-01T15:53:36+00:00","dateModified":"2021-11-02T07:44:31+00:00","mainEntityOfPage":{"@id":"https:\/\/regiaonews.net.br\/2022\/2021\/11\/01\/morre-o-advogado-e-radialista-jorge-luiz\/"},"wordCount":555,"commentCount":0,"publisher":{"@id":"https:\/\/regiaonews.net.br\/2022\/#organization"},"image":{"@id":"https:\/\/regiaonews.net.br\/2022\/2021\/11\/01\/morre-o-advogado-e-radialista-jorge-luiz\/#primaryimage"},"thumbnailUrl":"https:\/\/regiaonews.net.br\/2022\/wp-content\/uploads\/2021\/11\/IMG-20211101-WA0277.jpg","articleSection":["Barretos","Cidades","Falecimento"],"inLanguage":"pt-BR","potentialAction":[{"@type":"CommentAction","name":"Comment","target":["https:\/\/regiaonews.net.br\/2022\/2021\/11\/01\/morre-o-advogado-e-radialista-jorge-luiz\/#respond"]}]},{"@type":"WebPage","@id":"https:\/\/regiaonews.net.br\/2022\/2021\/11\/01\/morre-o-advogado-e-radialista-jorge-luiz\/","url":"https:\/\/regiaonews.net.br\/2022\/2021\/11\/01\/morre-o-advogado-e-radialista-jorge-luiz\/","name":"Morre o advogado e radialista Jorge Luiz - Regi\u00e3o News","isPartOf":{"@id":"https:\/\/regiaonews.net.br\/2022\/#website"},"primaryImageOfPage":{"@id":"https:\/\/regiaonews.net.br\/2022\/2021\/11\/01\/morre-o-advogado-e-radialista-jorge-luiz\/#primaryimage"},"image":{"@id":"https:\/\/regiaonews.net.br\/2022\/2021\/11\/01\/morre-o-advogado-e-radialista-jorge-luiz\/#primaryimage"},"thumbnailUrl":"https:\/\/regiaonews.net.br\/2022\/wp-content\/uploads\/2021\/11\/IMG-20211101-WA0277.jpg","datePublished":"2021-11-01T15:53:36+00:00","dateModified":"2021-11-02T07:44:31+00:00","breadcrumb":{"@id":"https:\/\/regiaonews.net.br\/2022\/2021\/11\/01\/morre-o-advogado-e-radialista-jorge-luiz\/#breadcrumb"},"inLanguage":"pt-BR","potentialAction":[{"@type":"ReadAction","target":["https:\/\/regiaonews.net.br\/2022\/2021\/11\/01\/morre-o-advogado-e-radialista-jorge-luiz\/"]}]},{"@type":"ImageObject","inLanguage":"pt-BR","@id":"https:\/\/regiaonews.net.br\/2022\/2021\/11\/01\/morre-o-advogado-e-radialista-jorge-luiz\/#primaryimage","url":"https:\/\/regiaonews.net.br\/2022\/wp-content\/uploads\/2021\/11\/IMG-20211101-WA0277.jpg","contentUrl":"https:\/\/regiaonews.net.br\/2022\/wp-content\/uploads\/2021\/11\/IMG-20211101-WA0277.jpg","width":800,"height":800},{"@type":"BreadcrumbList","@id":"https:\/\/regiaonews.net.br\/2022\/2021\/11\/01\/morre-o-advogado-e-radialista-jorge-luiz\/#breadcrumb","itemListElement":[{"@type":"ListItem","position":1,"name":"In\u00edcio","item":"https:\/\/regiaonews.net.br\/2022\/"},{"@type":"ListItem","position":2,"name":"Morre o advogado e radialista Jorge Luiz"}]},{"@type":"WebSite","@id":"https:\/\/regiaonews.net.br\/2022\/#website","url":"https:\/\/regiaonews.net.br\/2022\/","name":"Regi\u00e3o News","description":"Site de Not\u00edcias de Barretos e regi\u00e3o","publisher":{"@id":"https:\/\/regiaonews.net.br\/2022\/#organization"},"potentialAction":[{"@type":"SearchAction","target":{"@type":"EntryPoint","urlTemplate":"https:\/\/regiaonews.net.br\/2022\/?s={search_term_string}"},"query-input":{"@type":"PropertyValueSpecification","valueRequired":true,"valueName":"search_term_string"}}],"inLanguage":"pt-BR"},{"@type":"Organization","@id":"https:\/\/regiaonews.net.br\/2022\/#organization","name":"Regi\u00e3o News","url":"https:\/\/regiaonews.net.br\/2022\/","logo":{"@type":"ImageObject","inLanguage":"pt-BR","@id":"https:\/\/regiaonews.net.br\/2022\/#\/schema\/logo\/image\/","url":"https:\/\/regiaonews.net.br\/2022\/wp-content\/uploads\/2026\/03\/regiao-13-anos-scaled.jpg","contentUrl":"https:\/\/regiaonews.net.br\/2022\/wp-content\/uploads\/2026\/03\/regiao-13-anos-scaled.jpg","width":2560,"height":635,"caption":"Regi\u00e3o News"},"image":{"@id":"https:\/\/regiaonews.net.br\/2022\/#\/schema\/logo\/image\/"}},{"@type":"Person","@id":"https:\/\/regiaonews.net.br\/2022\/#\/schema\/person\/2d205a608a5aa97ac279d7a5e6d89ad8","name":"Roberto","image":{"@type":"ImageObject","inLanguage":"pt-BR","@id":"https:\/\/secure.gravatar.com\/avatar\/42749d8b712ff9d59ca93dc150494e5b55a44134482993f5baeb97e61b7ecc89?s=96&d=mm&r=g","url":"https:\/\/secure.gravatar.com\/avatar\/42749d8b712ff9d59ca93dc150494e5b55a44134482993f5baeb97e61b7ecc89?s=96&d=mm&r=g","contentUrl":"https:\/\/secure.gravatar.com\/avatar\/42749d8b712ff9d59ca93dc150494e5b55a44134482993f5baeb97e61b7ecc89?s=96&d=mm&r=g","caption":"Roberto"},"url":"https:\/\/regiaonews.net.br\/2022\/author\/roberto\/"}]}},"publishpress_future_action":{"enabled":false,"date":"2026-05-03 01:58:04","action":"change-status","newStatus":"draft","terms":[],"taxonomy":"category","extraData":[]},"publishpress_future_workflow_manual_trigger":{"enabledWorkflows":[]},"_links":{"self":[{"href":"https:\/\/regiaonews.net.br\/2022\/wp-json\/wp\/v2\/posts\/55592","targetHints":{"allow":["GET"]}}],"collection":[{"href":"https:\/\/regiaonews.net.br\/2022\/wp-json\/wp\/v2\/posts"}],"about":[{"href":"https:\/\/regiaonews.net.br\/2022\/wp-json\/wp\/v2\/types\/post"}],"author":[{"embeddable":true,"href":"https:\/\/regiaonews.net.br\/2022\/wp-json\/wp\/v2\/users\/2"}],"replies":[{"embeddable":true,"href":"https:\/\/regiaonews.net.br\/2022\/wp-json\/wp\/v2\/comments?post=55592"}],"version-history":[{"count":0,"href":"https:\/\/regiaonews.net.br\/2022\/wp-json\/wp\/v2\/posts\/55592\/revisions"}],"wp:featuredmedia":[{"embeddable":true,"href":"https:\/\/regiaonews.net.br\/2022\/wp-json\/wp\/v2\/media\/55593"}],"wp:attachment":[{"href":"https:\/\/regiaonews.net.br\/2022\/wp-json\/wp\/v2\/media?parent=55592"}],"wp:term":[{"taxonomy":"category","embeddable":true,"href":"https:\/\/regiaonews.net.br\/2022\/wp-json\/wp\/v2\/categories?post=55592"},{"taxonomy":"post_tag","embeddable":true,"href":"https:\/\/regiaonews.net.br\/2022\/wp-json\/wp\/v2\/tags?post=55592"}],"curies":[{"name":"wp","href":"https:\/\/api.w.org\/{rel}","templated":true}]}}