{"id":55493,"date":"2021-10-29T19:18:40","date_gmt":"2021-10-29T22:18:40","guid":{"rendered":"https:\/\/regiaonews.net.br\/2022\/?p=55493"},"modified":"2021-10-29T19:18:40","modified_gmt":"2021-10-29T22:18:40","slug":"barretos-escolheu-sua-miss-e-seu-mister-3a-idade","status":"publish","type":"post","link":"https:\/\/regiaonews.net.br\/2022\/2021\/10\/29\/barretos-escolheu-sua-miss-e-seu-mister-3a-idade\/","title":{"rendered":"Barretos escolheu sua Miss e seu Mister 3\u00aa Idade"},"content":{"rendered":"<div><b><a href=\"https:\/\/regiaonews.net.br\/2022\/wp-content\/uploads\/2021\/10\/MON7361.jpg\"><img loading=\"lazy\" decoding=\"async\" class=\"alignnone size-medium wp-image-55494\" src=\"https:\/\/regiaonews.net.br\/2022\/wp-content\/uploads\/2021\/10\/MON7361-300x200.jpg\" alt=\"\" width=\"300\" height=\"200\" \/><\/a> <a href=\"https:\/\/regiaonews.net.br\/2022\/wp-content\/uploads\/2021\/10\/MON7837.jpg\"><img loading=\"lazy\" decoding=\"async\" class=\"alignnone size-medium wp-image-55495\" src=\"https:\/\/regiaonews.net.br\/2022\/wp-content\/uploads\/2021\/10\/MON7837-300x200.jpg\" alt=\"\" width=\"300\" height=\"200\" \/><\/a> <a href=\"https:\/\/regiaonews.net.br\/2022\/wp-content\/uploads\/2021\/10\/MON7874.jpg\"><img loading=\"lazy\" decoding=\"async\" class=\"alignnone size-medium wp-image-55496\" src=\"https:\/\/regiaonews.net.br\/2022\/wp-content\/uploads\/2021\/10\/MON7874-300x200.jpg\" alt=\"\" width=\"300\" height=\"200\" \/><\/a> <a href=\"https:\/\/regiaonews.net.br\/2022\/wp-content\/uploads\/2021\/10\/MON7887.jpg\"><img loading=\"lazy\" decoding=\"async\" class=\"alignnone size-medium wp-image-55497\" src=\"https:\/\/regiaonews.net.br\/2022\/wp-content\/uploads\/2021\/10\/MON7887-300x200.jpg\" alt=\"\" width=\"300\" height=\"200\" \/><\/a><\/b><\/p>\n<p><i>Primeiro evento promovido pela Assist\u00eancia Social em 2021 comemorou a melhor idade com um desfile de gala<\/i><\/p>\n<\/div>\n<div>Com a energia vinda da plateia por meio de aplausos, gritos e cartazes de incentivo, os idosos participantes do concurso Mister e Miss 3\u00aa Idade 2021 de Barretos se sentiram em casa mesmo estando em cima de uma passarela. A cada passo, a empolga\u00e7\u00e3o tomava conta e o nervosismo logo se transformava em sorrisos e acenos.<br \/>\nEssa foi a t\u00f4nica do desfile promovido no Espa\u00e7o Berrant\u00e3o na noite de quarta-feira, dia 27 de outubro\/21, pela Prefeitura de Barretos, por meio da Secretaria de Assist\u00eancia Social, em parceria com o Conselho Municipal do Idoso, e que escolheu Jos\u00e9 Ricardo como Mister e Vera L\u00facia como Miss 3\u00aa Idade 2021.<br \/>\nAl\u00e9m deles, tamb\u00e9m foram premiados Jos\u00e9 Queiroz Sobrinho e Sebasti\u00e3o Madeira como segundo e terceiro Mister. M\u00e1rcia Maria e Norili Aric\u00f3 foram eleitas como segunda e terceira Miss.<\/p>\n<p><b>Entidades representadas<\/b><br \/>\nCom trilha sonora sob medida do Quinteto Bossa e Jazz da Secretaria de Cultura, os participantes entraram na passarela representando entidades e equipamentos municipais ligados \u00e0 Assist\u00eancia Social e Desenvolvimento Humano de Barretos.<br \/>\nO resultado foi dado por um time de jurados composto de representantes da m\u00eddia local, da moda, da beleza, do com\u00e9rcio e por modelos profissionais, como Larissa Medeiros, Musa do Rodeio Nacional 2019, Guilherme Lanza, Mister Brasil Sertanejo 2019 e Larissa Ferreira, Rainha Os Independentes. Al\u00e9m da beleza, a desenvoltura e a simpatia foram determinantes na vota\u00e7\u00e3o.<\/p>\n<p><b>Momento de felicidade<\/b><br \/>\nO vereador Lupa, representando a C\u00e2mara Municipal, deu parab\u00e9ns a todos pela realiza\u00e7\u00e3o do evento. A secret\u00e1ria municipal de Assist\u00eancia Social, Vit\u00f3ria Saretta, comentou que foi um dia de muita alegria. \u201cO olhar dos idosos durante os ensaios e hoje \u00e9 motivo de muita felicidade para mim. Quero agradecer de cora\u00e7\u00e3o por fazer parte desse momento. Muito obrigado \u00e0 prefeita Paula Lemos por ter esse olhar voltado para as pessoas e acreditar no trabalho da Assist\u00eancia\u201d, comentou Vit\u00f3ria Saretta, secret\u00e1ria municipal de Assist\u00eancia Social.<br \/>\nA prefeita Paula Lemos comentou que a noite era motivo de gratid\u00e3o porque depois de um ano t\u00e3o dif\u00edcil. \u201cMuito obrigado a toda a secretaria que se envolveu de verdade nesse evento. Sentimos uma energia contagiante em cada um que entrou na passarela e isso nos motiva a continuar trabalhando em prol das pessoas\u201d, disse.<br \/>\nA prefeita agradeceu ainda a todos os jurados, patrocinadores, apoiadores e todos que trabalharam para que o evento pudesse ser realizado. \u201cObrigado por nos ajudarem a comemorar a melhor idade\u201d, pontuou.<\/div>\n","protected":false},"excerpt":{"rendered":"<p>Primeiro evento promovido pela Assist\u00eancia Social em 2021 comemorou a<\/p>\n","protected":false},"author":2,"featured_media":55494,"comment_status":"open","ping_status":"open","sticky":false,"template":"","format":"standard","meta":{"footnotes":""},"categories":[14,25],"tags":[],"class_list":["post-55493","post","type-post","status-publish","format-standard","has-post-thumbnail","hentry","category-barretos","category-cidades"],"yoast_head":"<!-- This site is optimized with the Yoast SEO plugin v27.4 - https:\/\/yoast.com\/product\/yoast-seo-wordpress\/ -->\n<title>Barretos escolheu sua Miss e seu Mister 3\u00aa Idade - Regi\u00e3o News<\/title>\n<meta name=\"robots\" content=\"index, follow, max-snippet:-1, max-image-preview:large, max-video-preview:-1\" \/>\n<link rel=\"canonical\" href=\"https:\/\/regiaonews.net.br\/2022\/2021\/10\/29\/barretos-escolheu-sua-miss-e-seu-mister-3a-idade\/\" \/>\n<meta property=\"og:locale\" content=\"pt_BR\" \/>\n<meta property=\"og:type\" content=\"article\" \/>\n<meta property=\"og:title\" content=\"Barretos escolheu sua Miss e seu Mister 3\u00aa Idade - Regi\u00e3o News\" \/>\n<meta property=\"og:description\" content=\"Primeiro evento promovido pela Assist\u00eancia Social em 2021 comemorou a\" \/>\n<meta property=\"og:url\" content=\"https:\/\/regiaonews.net.br\/2022\/2021\/10\/29\/barretos-escolheu-sua-miss-e-seu-mister-3a-idade\/\" \/>\n<meta property=\"og:site_name\" content=\"Regi\u00e3o News\" \/>\n<meta property=\"article:published_time\" content=\"2021-10-29T22:18:40+00:00\" \/>\n<meta property=\"og:image\" content=\"https:\/\/regiaonews.net.br\/2022\/wp-content\/uploads\/2021\/10\/MON7361.jpg\" \/>\n\t<meta property=\"og:image:width\" content=\"2000\" \/>\n\t<meta property=\"og:image:height\" content=\"1335\" \/>\n\t<meta property=\"og:image:type\" content=\"image\/jpeg\" \/>\n<meta name=\"author\" content=\"Roberto\" \/>\n<meta name=\"twitter:card\" content=\"summary_large_image\" \/>\n<meta name=\"twitter:label1\" content=\"Escrito por\" \/>\n\t<meta name=\"twitter:data1\" content=\"Roberto\" \/>\n\t<meta name=\"twitter:label2\" content=\"Est. tempo de leitura\" \/>\n\t<meta name=\"twitter:data2\" content=\"2 minutos\" \/>\n<script type=\"application\/ld+json\" class=\"yoast-schema-graph\">{\"@context\":\"https:\\\/\\\/schema.org\",\"@graph\":[{\"@type\":\"Article\",\"@id\":\"https:\\\/\\\/regiaonews.net.br\\\/2022\\\/2021\\\/10\\\/29\\\/barretos-escolheu-sua-miss-e-seu-mister-3a-idade\\\/#article\",\"isPartOf\":{\"@id\":\"https:\\\/\\\/regiaonews.net.br\\\/2022\\\/2021\\\/10\\\/29\\\/barretos-escolheu-sua-miss-e-seu-mister-3a-idade\\\/\"},\"author\":{\"name\":\"Roberto\",\"@id\":\"https:\\\/\\\/regiaonews.net.br\\\/2022\\\/#\\\/schema\\\/person\\\/2d205a608a5aa97ac279d7a5e6d89ad8\"},\"headline\":\"Barretos escolheu sua Miss e seu Mister 3\u00aa Idade\",\"datePublished\":\"2021-10-29T22:18:40+00:00\",\"mainEntityOfPage\":{\"@id\":\"https:\\\/\\\/regiaonews.net.br\\\/2022\\\/2021\\\/10\\\/29\\\/barretos-escolheu-sua-miss-e-seu-mister-3a-idade\\\/\"},\"wordCount\":445,\"commentCount\":0,\"publisher\":{\"@id\":\"https:\\\/\\\/regiaonews.net.br\\\/2022\\\/#organization\"},\"image\":{\"@id\":\"https:\\\/\\\/regiaonews.net.br\\\/2022\\\/2021\\\/10\\\/29\\\/barretos-escolheu-sua-miss-e-seu-mister-3a-idade\\\/#primaryimage\"},\"thumbnailUrl\":\"https:\\\/\\\/regiaonews.net.br\\\/2022\\\/wp-content\\\/uploads\\\/2021\\\/10\\\/MON7361.jpg\",\"articleSection\":[\"Barretos\",\"Cidades\"],\"inLanguage\":\"pt-BR\",\"potentialAction\":[{\"@type\":\"CommentAction\",\"name\":\"Comment\",\"target\":[\"https:\\\/\\\/regiaonews.net.br\\\/2022\\\/2021\\\/10\\\/29\\\/barretos-escolheu-sua-miss-e-seu-mister-3a-idade\\\/#respond\"]}]},{\"@type\":\"WebPage\",\"@id\":\"https:\\\/\\\/regiaonews.net.br\\\/2022\\\/2021\\\/10\\\/29\\\/barretos-escolheu-sua-miss-e-seu-mister-3a-idade\\\/\",\"url\":\"https:\\\/\\\/regiaonews.net.br\\\/2022\\\/2021\\\/10\\\/29\\\/barretos-escolheu-sua-miss-e-seu-mister-3a-idade\\\/\",\"name\":\"Barretos escolheu sua Miss e seu Mister 3\u00aa Idade - Regi\u00e3o News\",\"isPartOf\":{\"@id\":\"https:\\\/\\\/regiaonews.net.br\\\/2022\\\/#website\"},\"primaryImageOfPage\":{\"@id\":\"https:\\\/\\\/regiaonews.net.br\\\/2022\\\/2021\\\/10\\\/29\\\/barretos-escolheu-sua-miss-e-seu-mister-3a-idade\\\/#primaryimage\"},\"image\":{\"@id\":\"https:\\\/\\\/regiaonews.net.br\\\/2022\\\/2021\\\/10\\\/29\\\/barretos-escolheu-sua-miss-e-seu-mister-3a-idade\\\/#primaryimage\"},\"thumbnailUrl\":\"https:\\\/\\\/regiaonews.net.br\\\/2022\\\/wp-content\\\/uploads\\\/2021\\\/10\\\/MON7361.jpg\",\"datePublished\":\"2021-10-29T22:18:40+00:00\",\"breadcrumb\":{\"@id\":\"https:\\\/\\\/regiaonews.net.br\\\/2022\\\/2021\\\/10\\\/29\\\/barretos-escolheu-sua-miss-e-seu-mister-3a-idade\\\/#breadcrumb\"},\"inLanguage\":\"pt-BR\",\"potentialAction\":[{\"@type\":\"ReadAction\",\"target\":[\"https:\\\/\\\/regiaonews.net.br\\\/2022\\\/2021\\\/10\\\/29\\\/barretos-escolheu-sua-miss-e-seu-mister-3a-idade\\\/\"]}]},{\"@type\":\"ImageObject\",\"inLanguage\":\"pt-BR\",\"@id\":\"https:\\\/\\\/regiaonews.net.br\\\/2022\\\/2021\\\/10\\\/29\\\/barretos-escolheu-sua-miss-e-seu-mister-3a-idade\\\/#primaryimage\",\"url\":\"https:\\\/\\\/regiaonews.net.br\\\/2022\\\/wp-content\\\/uploads\\\/2021\\\/10\\\/MON7361.jpg\",\"contentUrl\":\"https:\\\/\\\/regiaonews.net.br\\\/2022\\\/wp-content\\\/uploads\\\/2021\\\/10\\\/MON7361.jpg\",\"width\":2000,\"height\":1335},{\"@type\":\"BreadcrumbList\",\"@id\":\"https:\\\/\\\/regiaonews.net.br\\\/2022\\\/2021\\\/10\\\/29\\\/barretos-escolheu-sua-miss-e-seu-mister-3a-idade\\\/#breadcrumb\",\"itemListElement\":[{\"@type\":\"ListItem\",\"position\":1,\"name\":\"In\u00edcio\",\"item\":\"https:\\\/\\\/regiaonews.net.br\\\/2022\\\/\"},{\"@type\":\"ListItem\",\"position\":2,\"name\":\"Barretos escolheu sua Miss e seu Mister 3\u00aa Idade\"}]},{\"@type\":\"WebSite\",\"@id\":\"https:\\\/\\\/regiaonews.net.br\\\/2022\\\/#website\",\"url\":\"https:\\\/\\\/regiaonews.net.br\\\/2022\\\/\",\"name\":\"Regi\u00e3o News\",\"description\":\"Site de Not\u00edcias de Barretos e regi\u00e3o\",\"publisher\":{\"@id\":\"https:\\\/\\\/regiaonews.net.br\\\/2022\\\/#organization\"},\"potentialAction\":[{\"@type\":\"SearchAction\",\"target\":{\"@type\":\"EntryPoint\",\"urlTemplate\":\"https:\\\/\\\/regiaonews.net.br\\\/2022\\\/?s={search_term_string}\"},\"query-input\":{\"@type\":\"PropertyValueSpecification\",\"valueRequired\":true,\"valueName\":\"search_term_string\"}}],\"inLanguage\":\"pt-BR\"},{\"@type\":\"Organization\",\"@id\":\"https:\\\/\\\/regiaonews.net.br\\\/2022\\\/#organization\",\"name\":\"Regi\u00e3o News\",\"url\":\"https:\\\/\\\/regiaonews.net.br\\\/2022\\\/\",\"logo\":{\"@type\":\"ImageObject\",\"inLanguage\":\"pt-BR\",\"@id\":\"https:\\\/\\\/regiaonews.net.br\\\/2022\\\/#\\\/schema\\\/logo\\\/image\\\/\",\"url\":\"https:\\\/\\\/regiaonews.net.br\\\/2022\\\/wp-content\\\/uploads\\\/2026\\\/03\\\/regiao-13-anos-scaled.jpg\",\"contentUrl\":\"https:\\\/\\\/regiaonews.net.br\\\/2022\\\/wp-content\\\/uploads\\\/2026\\\/03\\\/regiao-13-anos-scaled.jpg\",\"width\":2560,\"height\":635,\"caption\":\"Regi\u00e3o News\"},\"image\":{\"@id\":\"https:\\\/\\\/regiaonews.net.br\\\/2022\\\/#\\\/schema\\\/logo\\\/image\\\/\"}},{\"@type\":\"Person\",\"@id\":\"https:\\\/\\\/regiaonews.net.br\\\/2022\\\/#\\\/schema\\\/person\\\/2d205a608a5aa97ac279d7a5e6d89ad8\",\"name\":\"Roberto\",\"image\":{\"@type\":\"ImageObject\",\"inLanguage\":\"pt-BR\",\"@id\":\"https:\\\/\\\/secure.gravatar.com\\\/avatar\\\/42749d8b712ff9d59ca93dc150494e5b55a44134482993f5baeb97e61b7ecc89?s=96&d=mm&r=g\",\"url\":\"https:\\\/\\\/secure.gravatar.com\\\/avatar\\\/42749d8b712ff9d59ca93dc150494e5b55a44134482993f5baeb97e61b7ecc89?s=96&d=mm&r=g\",\"contentUrl\":\"https:\\\/\\\/secure.gravatar.com\\\/avatar\\\/42749d8b712ff9d59ca93dc150494e5b55a44134482993f5baeb97e61b7ecc89?s=96&d=mm&r=g\",\"caption\":\"Roberto\"},\"url\":\"https:\\\/\\\/regiaonews.net.br\\\/2022\\\/author\\\/roberto\\\/\"}]}<\/script>\n<!-- \/ Yoast SEO plugin. -->","yoast_head_json":{"title":"Barretos escolheu sua Miss e seu Mister 3\u00aa Idade - Regi\u00e3o News","robots":{"index":"index","follow":"follow","max-snippet":"max-snippet:-1","max-image-preview":"max-image-preview:large","max-video-preview":"max-video-preview:-1"},"canonical":"https:\/\/regiaonews.net.br\/2022\/2021\/10\/29\/barretos-escolheu-sua-miss-e-seu-mister-3a-idade\/","og_locale":"pt_BR","og_type":"article","og_title":"Barretos escolheu sua Miss e seu Mister 3\u00aa Idade - Regi\u00e3o News","og_description":"Primeiro evento promovido pela Assist\u00eancia Social em 2021 comemorou a","og_url":"https:\/\/regiaonews.net.br\/2022\/2021\/10\/29\/barretos-escolheu-sua-miss-e-seu-mister-3a-idade\/","og_site_name":"Regi\u00e3o News","article_published_time":"2021-10-29T22:18:40+00:00","og_image":[{"width":2000,"height":1335,"url":"https:\/\/regiaonews.net.br\/2022\/wp-content\/uploads\/2021\/10\/MON7361.jpg","type":"image\/jpeg"}],"author":"Roberto","twitter_card":"summary_large_image","twitter_misc":{"Escrito por":"Roberto","Est. tempo de leitura":"2 minutos"},"schema":{"@context":"https:\/\/schema.org","@graph":[{"@type":"Article","@id":"https:\/\/regiaonews.net.br\/2022\/2021\/10\/29\/barretos-escolheu-sua-miss-e-seu-mister-3a-idade\/#article","isPartOf":{"@id":"https:\/\/regiaonews.net.br\/2022\/2021\/10\/29\/barretos-escolheu-sua-miss-e-seu-mister-3a-idade\/"},"author":{"name":"Roberto","@id":"https:\/\/regiaonews.net.br\/2022\/#\/schema\/person\/2d205a608a5aa97ac279d7a5e6d89ad8"},"headline":"Barretos escolheu sua Miss e seu Mister 3\u00aa Idade","datePublished":"2021-10-29T22:18:40+00:00","mainEntityOfPage":{"@id":"https:\/\/regiaonews.net.br\/2022\/2021\/10\/29\/barretos-escolheu-sua-miss-e-seu-mister-3a-idade\/"},"wordCount":445,"commentCount":0,"publisher":{"@id":"https:\/\/regiaonews.net.br\/2022\/#organization"},"image":{"@id":"https:\/\/regiaonews.net.br\/2022\/2021\/10\/29\/barretos-escolheu-sua-miss-e-seu-mister-3a-idade\/#primaryimage"},"thumbnailUrl":"https:\/\/regiaonews.net.br\/2022\/wp-content\/uploads\/2021\/10\/MON7361.jpg","articleSection":["Barretos","Cidades"],"inLanguage":"pt-BR","potentialAction":[{"@type":"CommentAction","name":"Comment","target":["https:\/\/regiaonews.net.br\/2022\/2021\/10\/29\/barretos-escolheu-sua-miss-e-seu-mister-3a-idade\/#respond"]}]},{"@type":"WebPage","@id":"https:\/\/regiaonews.net.br\/2022\/2021\/10\/29\/barretos-escolheu-sua-miss-e-seu-mister-3a-idade\/","url":"https:\/\/regiaonews.net.br\/2022\/2021\/10\/29\/barretos-escolheu-sua-miss-e-seu-mister-3a-idade\/","name":"Barretos escolheu sua Miss e seu Mister 3\u00aa Idade - Regi\u00e3o News","isPartOf":{"@id":"https:\/\/regiaonews.net.br\/2022\/#website"},"primaryImageOfPage":{"@id":"https:\/\/regiaonews.net.br\/2022\/2021\/10\/29\/barretos-escolheu-sua-miss-e-seu-mister-3a-idade\/#primaryimage"},"image":{"@id":"https:\/\/regiaonews.net.br\/2022\/2021\/10\/29\/barretos-escolheu-sua-miss-e-seu-mister-3a-idade\/#primaryimage"},"thumbnailUrl":"https:\/\/regiaonews.net.br\/2022\/wp-content\/uploads\/2021\/10\/MON7361.jpg","datePublished":"2021-10-29T22:18:40+00:00","breadcrumb":{"@id":"https:\/\/regiaonews.net.br\/2022\/2021\/10\/29\/barretos-escolheu-sua-miss-e-seu-mister-3a-idade\/#breadcrumb"},"inLanguage":"pt-BR","potentialAction":[{"@type":"ReadAction","target":["https:\/\/regiaonews.net.br\/2022\/2021\/10\/29\/barretos-escolheu-sua-miss-e-seu-mister-3a-idade\/"]}]},{"@type":"ImageObject","inLanguage":"pt-BR","@id":"https:\/\/regiaonews.net.br\/2022\/2021\/10\/29\/barretos-escolheu-sua-miss-e-seu-mister-3a-idade\/#primaryimage","url":"https:\/\/regiaonews.net.br\/2022\/wp-content\/uploads\/2021\/10\/MON7361.jpg","contentUrl":"https:\/\/regiaonews.net.br\/2022\/wp-content\/uploads\/2021\/10\/MON7361.jpg","width":2000,"height":1335},{"@type":"BreadcrumbList","@id":"https:\/\/regiaonews.net.br\/2022\/2021\/10\/29\/barretos-escolheu-sua-miss-e-seu-mister-3a-idade\/#breadcrumb","itemListElement":[{"@type":"ListItem","position":1,"name":"In\u00edcio","item":"https:\/\/regiaonews.net.br\/2022\/"},{"@type":"ListItem","position":2,"name":"Barretos escolheu sua Miss e seu Mister 3\u00aa Idade"}]},{"@type":"WebSite","@id":"https:\/\/regiaonews.net.br\/2022\/#website","url":"https:\/\/regiaonews.net.br\/2022\/","name":"Regi\u00e3o News","description":"Site de Not\u00edcias de Barretos e regi\u00e3o","publisher":{"@id":"https:\/\/regiaonews.net.br\/2022\/#organization"},"potentialAction":[{"@type":"SearchAction","target":{"@type":"EntryPoint","urlTemplate":"https:\/\/regiaonews.net.br\/2022\/?s={search_term_string}"},"query-input":{"@type":"PropertyValueSpecification","valueRequired":true,"valueName":"search_term_string"}}],"inLanguage":"pt-BR"},{"@type":"Organization","@id":"https:\/\/regiaonews.net.br\/2022\/#organization","name":"Regi\u00e3o News","url":"https:\/\/regiaonews.net.br\/2022\/","logo":{"@type":"ImageObject","inLanguage":"pt-BR","@id":"https:\/\/regiaonews.net.br\/2022\/#\/schema\/logo\/image\/","url":"https:\/\/regiaonews.net.br\/2022\/wp-content\/uploads\/2026\/03\/regiao-13-anos-scaled.jpg","contentUrl":"https:\/\/regiaonews.net.br\/2022\/wp-content\/uploads\/2026\/03\/regiao-13-anos-scaled.jpg","width":2560,"height":635,"caption":"Regi\u00e3o News"},"image":{"@id":"https:\/\/regiaonews.net.br\/2022\/#\/schema\/logo\/image\/"}},{"@type":"Person","@id":"https:\/\/regiaonews.net.br\/2022\/#\/schema\/person\/2d205a608a5aa97ac279d7a5e6d89ad8","name":"Roberto","image":{"@type":"ImageObject","inLanguage":"pt-BR","@id":"https:\/\/secure.gravatar.com\/avatar\/42749d8b712ff9d59ca93dc150494e5b55a44134482993f5baeb97e61b7ecc89?s=96&d=mm&r=g","url":"https:\/\/secure.gravatar.com\/avatar\/42749d8b712ff9d59ca93dc150494e5b55a44134482993f5baeb97e61b7ecc89?s=96&d=mm&r=g","contentUrl":"https:\/\/secure.gravatar.com\/avatar\/42749d8b712ff9d59ca93dc150494e5b55a44134482993f5baeb97e61b7ecc89?s=96&d=mm&r=g","caption":"Roberto"},"url":"https:\/\/regiaonews.net.br\/2022\/author\/roberto\/"}]}},"publishpress_future_action":{"enabled":false,"date":"2026-05-02 02:22:36","action":"change-status","newStatus":"draft","terms":[],"taxonomy":"category","extraData":[]},"publishpress_future_workflow_manual_trigger":{"enabledWorkflows":[]},"_links":{"self":[{"href":"https:\/\/regiaonews.net.br\/2022\/wp-json\/wp\/v2\/posts\/55493","targetHints":{"allow":["GET"]}}],"collection":[{"href":"https:\/\/regiaonews.net.br\/2022\/wp-json\/wp\/v2\/posts"}],"about":[{"href":"https:\/\/regiaonews.net.br\/2022\/wp-json\/wp\/v2\/types\/post"}],"author":[{"embeddable":true,"href":"https:\/\/regiaonews.net.br\/2022\/wp-json\/wp\/v2\/users\/2"}],"replies":[{"embeddable":true,"href":"https:\/\/regiaonews.net.br\/2022\/wp-json\/wp\/v2\/comments?post=55493"}],"version-history":[{"count":0,"href":"https:\/\/regiaonews.net.br\/2022\/wp-json\/wp\/v2\/posts\/55493\/revisions"}],"wp:featuredmedia":[{"embeddable":true,"href":"https:\/\/regiaonews.net.br\/2022\/wp-json\/wp\/v2\/media\/55494"}],"wp:attachment":[{"href":"https:\/\/regiaonews.net.br\/2022\/wp-json\/wp\/v2\/media?parent=55493"}],"wp:term":[{"taxonomy":"category","embeddable":true,"href":"https:\/\/regiaonews.net.br\/2022\/wp-json\/wp\/v2\/categories?post=55493"},{"taxonomy":"post_tag","embeddable":true,"href":"https:\/\/regiaonews.net.br\/2022\/wp-json\/wp\/v2\/tags?post=55493"}],"curies":[{"name":"wp","href":"https:\/\/api.w.org\/{rel}","templated":true}]}}