{"id":55352,"date":"2021-10-27T15:15:52","date_gmt":"2021-10-27T18:15:52","guid":{"rendered":"https:\/\/regiaonews.net.br\/2022\/?p=55352"},"modified":"2021-10-27T23:30:01","modified_gmt":"2021-10-28T02:30:01","slug":"tereos-reduz-em-40-o-descarte-de-residuos-de-suas-unidades-industriais","status":"publish","type":"post","link":"https:\/\/regiaonews.net.br\/2022\/2021\/10\/27\/tereos-reduz-em-40-o-descarte-de-residuos-de-suas-unidades-industriais\/","title":{"rendered":"Tereos reduz em 40% o descarte de res\u00edduos de suas unidades industriais"},"content":{"rendered":"<div class=\"\">\n<div class=\"wide-content-host\">\n<div class=\"_2tQ4A3EnvULHEHV6E6FsrS\" tabindex=\"-1\">\n<div class=\"k02pL6wktuleSmCIq9Uu1\">\n<div class=\"aIkJiKjTQYvMBiVlJyTdA\">\n<div class=\"_1fG9aln2t00SwqnHn0RMRt\">\n<div class=\"_3QCsM9-LPIxe1EDTYYKDn0 QMubUjbS-BOly_BTHEZj7 allowTextSelection\">\n<div align=\"center\"><strong><a href=\"https:\/\/regiaonews.net.br\/2022\/wp-content\/uploads\/2020\/11\/Tereos.jpeg\"><img loading=\"lazy\" decoding=\"async\" class=\"alignnone size-medium wp-image-40005\" src=\"https:\/\/regiaonews.net.br\/2022\/wp-content\/uploads\/2020\/11\/Tereos-300x200.jpeg\" alt=\"\" width=\"300\" height=\"200\" \/><\/a><\/strong><\/div>\n<div align=\"center\"><em>Por meio de projetos de compostagem, mais de 130 toneladas de<br \/>\nres\u00edduos alimentares deixaram de ser descartados em aterros sanit\u00e1rios<\/em><\/div>\n<div><\/div>\n<div>\u00a0A Tereos, uma das l\u00edderes mundiais na produ\u00e7\u00e3o de a\u00e7\u00facar e uma das maiores empresas nacionais em produ\u00e7\u00e3o de etanol e energia a partir da biomassa de cana-de-a\u00e7\u00facar, reduziu em 40% o descarte de res\u00edduos dos seus restaurantes. Por meio de um projeto de compostagem em suas unidades industriais, mais de 130 toneladas de restos alimentares deixaram de ir para aterros sanit\u00e1rios<\/div>\n<div>desde o come\u00e7o de 2020 at\u00e9 setembro deste ano.<\/div>\n<div><\/div>\n<div>O projeto teve in\u00edcio em 2020 com a instala\u00e7\u00e3o de composteiras nas sete unidades do grupo, localizadas no noroeste do Estado de S\u00e3o Paulo. Os recipientes s\u00e3o abastecidos diariamente com os res\u00edduos org\u00e2nicos e cobertos com palha, grama, folhagem e\/ou baga\u00e7o, que se transformam em biofertilizante que \u00e9 utilizado nas \u00e1reas de viveiro e jardinagem.<\/div>\n<div><\/div>\n<div>Ainda pensando na reutiliza\u00e7\u00e3o e destina\u00e7\u00e3o ambientalmente correta, a companhia tamb\u00e9m conta com uma parceria para doa\u00e7\u00e3o e reciclagem de \u00f3leo. Todo o \u00f3leo de cozinha utilizado na prepara\u00e7\u00e3o dos alimentos nos refeit\u00f3rios das unidades \u00e9 armazenado e posteriormente doado para a associa\u00e7\u00e3o Renascer, de Ol\u00edmpia (SP), onde \u00e9 comercializado para fabrica\u00e7\u00e3o de biodiesel. Desde o ano passado at\u00e9 o m\u00eas de setembro deste ano, 386 toneladas de \u00f3leo utilizadas pela companhia tiveram destina\u00e7\u00e3o correta por meio da parceria, evitando a contamina\u00e7\u00e3o de 9.650.000 metros c\u00fabicos de \u00e1gua.<\/div>\n<div><\/div>\n<div>\u201cA sustentabilidade est\u00e1 no centro de nossas atividades, a come\u00e7ar pela nossa principal mat\u00e9ria-prima, a cana-de-a\u00e7\u00facar, que permite o aproveitamento m\u00e1ximo de seus recursos, at\u00e9 os processos industriais e agr\u00edcolas. Com as iniciativas de gest\u00e3o de res\u00edduos nas unidades, fortalecemos nossas iniciativas em prol do meio ambiente e da atua\u00e7\u00e3o respons\u00e1vel da companhia em todas as frentes\u201d, comenta Renato Zanetti, Superintendente de Excel\u00eancia Operacional na Tereos.<\/div>\n<div><\/div>\n<\/div>\n<\/div>\n<\/div>\n<\/div>\n<\/div>\n<\/div>\n<\/div>\n<div class=\"wide-content-host\">\n<div class=\"_3BL964mseejjC_nzEeda9o NN4ve7-zXI11J6Er51ULd\" tabindex=\"-1\" aria-label=\"Mensagem de email\">\n<div class=\"\">\n<div class=\"_3BhETwd_gm-1r4F5l6tY1P allowTextSelection _3ugbQtWof-e4-8rgAmgncA\">\n<div class=\"_2utGtko8vVuCyN4b6XuYd-\">\n<div class=\"_3cCT-sJc1vQdLHJYCtN_YY\"><\/div>\n<\/div>\n<\/div>\n<\/div>\n<\/div>\n<\/div>\n","protected":false},"excerpt":{"rendered":"<p>Por meio de projetos de compostagem, mais de 130 toneladas<\/p>\n","protected":false},"author":2,"featured_media":40005,"comment_status":"open","ping_status":"open","sticky":false,"template":"","format":"standard","meta":{"footnotes":""},"categories":[28],"tags":[],"class_list":["post-55352","post","type-post","status-publish","format-standard","has-post-thumbnail","hentry","category-olimpia-olimpia"],"yoast_head":"<!-- This site is optimized with the Yoast SEO plugin v27.4 - https:\/\/yoast.com\/product\/yoast-seo-wordpress\/ -->\n<title>Tereos reduz em 40% o descarte de res\u00edduos de suas unidades industriais - Regi\u00e3o News<\/title>\n<meta name=\"robots\" content=\"index, follow, max-snippet:-1, max-image-preview:large, max-video-preview:-1\" \/>\n<link rel=\"canonical\" href=\"https:\/\/regiaonews.net.br\/2022\/2021\/10\/27\/tereos-reduz-em-40-o-descarte-de-residuos-de-suas-unidades-industriais\/\" \/>\n<meta property=\"og:locale\" content=\"pt_BR\" \/>\n<meta property=\"og:type\" content=\"article\" \/>\n<meta property=\"og:title\" content=\"Tereos reduz em 40% o descarte de res\u00edduos de suas unidades industriais - Regi\u00e3o News\" \/>\n<meta property=\"og:description\" content=\"Por meio de projetos de compostagem, mais de 130 toneladas\" \/>\n<meta property=\"og:url\" content=\"https:\/\/regiaonews.net.br\/2022\/2021\/10\/27\/tereos-reduz-em-40-o-descarte-de-residuos-de-suas-unidades-industriais\/\" \/>\n<meta property=\"og:site_name\" content=\"Regi\u00e3o News\" \/>\n<meta property=\"article:published_time\" content=\"2021-10-27T18:15:52+00:00\" \/>\n<meta property=\"article:modified_time\" content=\"2021-10-28T02:30:01+00:00\" \/>\n<meta property=\"og:image\" content=\"https:\/\/regiaonews.net.br\/2022\/wp-content\/uploads\/2020\/11\/Tereos.jpeg\" \/>\n\t<meta property=\"og:image:width\" content=\"1280\" \/>\n\t<meta property=\"og:image:height\" content=\"853\" \/>\n\t<meta property=\"og:image:type\" content=\"image\/jpeg\" \/>\n<meta name=\"author\" content=\"Roberto\" \/>\n<meta name=\"twitter:card\" content=\"summary_large_image\" \/>\n<meta name=\"twitter:label1\" content=\"Escrito por\" \/>\n\t<meta name=\"twitter:data1\" content=\"Roberto\" \/>\n\t<meta name=\"twitter:label2\" content=\"Est. tempo de leitura\" \/>\n\t<meta name=\"twitter:data2\" content=\"2 minutos\" \/>\n<script type=\"application\/ld+json\" class=\"yoast-schema-graph\">{\"@context\":\"https:\\\/\\\/schema.org\",\"@graph\":[{\"@type\":\"Article\",\"@id\":\"https:\\\/\\\/regiaonews.net.br\\\/2022\\\/2021\\\/10\\\/27\\\/tereos-reduz-em-40-o-descarte-de-residuos-de-suas-unidades-industriais\\\/#article\",\"isPartOf\":{\"@id\":\"https:\\\/\\\/regiaonews.net.br\\\/2022\\\/2021\\\/10\\\/27\\\/tereos-reduz-em-40-o-descarte-de-residuos-de-suas-unidades-industriais\\\/\"},\"author\":{\"name\":\"Roberto\",\"@id\":\"https:\\\/\\\/regiaonews.net.br\\\/2022\\\/#\\\/schema\\\/person\\\/2d205a608a5aa97ac279d7a5e6d89ad8\"},\"headline\":\"Tereos reduz em 40% o descarte de res\u00edduos de suas unidades industriais\",\"datePublished\":\"2021-10-27T18:15:52+00:00\",\"dateModified\":\"2021-10-28T02:30:01+00:00\",\"mainEntityOfPage\":{\"@id\":\"https:\\\/\\\/regiaonews.net.br\\\/2022\\\/2021\\\/10\\\/27\\\/tereos-reduz-em-40-o-descarte-de-residuos-de-suas-unidades-industriais\\\/\"},\"wordCount\":343,\"commentCount\":0,\"publisher\":{\"@id\":\"https:\\\/\\\/regiaonews.net.br\\\/2022\\\/#organization\"},\"image\":{\"@id\":\"https:\\\/\\\/regiaonews.net.br\\\/2022\\\/2021\\\/10\\\/27\\\/tereos-reduz-em-40-o-descarte-de-residuos-de-suas-unidades-industriais\\\/#primaryimage\"},\"thumbnailUrl\":\"https:\\\/\\\/regiaonews.net.br\\\/2022\\\/wp-content\\\/uploads\\\/2020\\\/11\\\/Tereos.jpeg\",\"articleSection\":[\"Olimpia\"],\"inLanguage\":\"pt-BR\",\"potentialAction\":[{\"@type\":\"CommentAction\",\"name\":\"Comment\",\"target\":[\"https:\\\/\\\/regiaonews.net.br\\\/2022\\\/2021\\\/10\\\/27\\\/tereos-reduz-em-40-o-descarte-de-residuos-de-suas-unidades-industriais\\\/#respond\"]}]},{\"@type\":\"WebPage\",\"@id\":\"https:\\\/\\\/regiaonews.net.br\\\/2022\\\/2021\\\/10\\\/27\\\/tereos-reduz-em-40-o-descarte-de-residuos-de-suas-unidades-industriais\\\/\",\"url\":\"https:\\\/\\\/regiaonews.net.br\\\/2022\\\/2021\\\/10\\\/27\\\/tereos-reduz-em-40-o-descarte-de-residuos-de-suas-unidades-industriais\\\/\",\"name\":\"Tereos reduz em 40% o descarte de res\u00edduos de suas unidades industriais - Regi\u00e3o News\",\"isPartOf\":{\"@id\":\"https:\\\/\\\/regiaonews.net.br\\\/2022\\\/#website\"},\"primaryImageOfPage\":{\"@id\":\"https:\\\/\\\/regiaonews.net.br\\\/2022\\\/2021\\\/10\\\/27\\\/tereos-reduz-em-40-o-descarte-de-residuos-de-suas-unidades-industriais\\\/#primaryimage\"},\"image\":{\"@id\":\"https:\\\/\\\/regiaonews.net.br\\\/2022\\\/2021\\\/10\\\/27\\\/tereos-reduz-em-40-o-descarte-de-residuos-de-suas-unidades-industriais\\\/#primaryimage\"},\"thumbnailUrl\":\"https:\\\/\\\/regiaonews.net.br\\\/2022\\\/wp-content\\\/uploads\\\/2020\\\/11\\\/Tereos.jpeg\",\"datePublished\":\"2021-10-27T18:15:52+00:00\",\"dateModified\":\"2021-10-28T02:30:01+00:00\",\"breadcrumb\":{\"@id\":\"https:\\\/\\\/regiaonews.net.br\\\/2022\\\/2021\\\/10\\\/27\\\/tereos-reduz-em-40-o-descarte-de-residuos-de-suas-unidades-industriais\\\/#breadcrumb\"},\"inLanguage\":\"pt-BR\",\"potentialAction\":[{\"@type\":\"ReadAction\",\"target\":[\"https:\\\/\\\/regiaonews.net.br\\\/2022\\\/2021\\\/10\\\/27\\\/tereos-reduz-em-40-o-descarte-de-residuos-de-suas-unidades-industriais\\\/\"]}]},{\"@type\":\"ImageObject\",\"inLanguage\":\"pt-BR\",\"@id\":\"https:\\\/\\\/regiaonews.net.br\\\/2022\\\/2021\\\/10\\\/27\\\/tereos-reduz-em-40-o-descarte-de-residuos-de-suas-unidades-industriais\\\/#primaryimage\",\"url\":\"https:\\\/\\\/regiaonews.net.br\\\/2022\\\/wp-content\\\/uploads\\\/2020\\\/11\\\/Tereos.jpeg\",\"contentUrl\":\"https:\\\/\\\/regiaonews.net.br\\\/2022\\\/wp-content\\\/uploads\\\/2020\\\/11\\\/Tereos.jpeg\",\"width\":1280,\"height\":853},{\"@type\":\"BreadcrumbList\",\"@id\":\"https:\\\/\\\/regiaonews.net.br\\\/2022\\\/2021\\\/10\\\/27\\\/tereos-reduz-em-40-o-descarte-de-residuos-de-suas-unidades-industriais\\\/#breadcrumb\",\"itemListElement\":[{\"@type\":\"ListItem\",\"position\":1,\"name\":\"In\u00edcio\",\"item\":\"https:\\\/\\\/regiaonews.net.br\\\/2022\\\/\"},{\"@type\":\"ListItem\",\"position\":2,\"name\":\"Tereos reduz em 40% o descarte de res\u00edduos de suas unidades industriais\"}]},{\"@type\":\"WebSite\",\"@id\":\"https:\\\/\\\/regiaonews.net.br\\\/2022\\\/#website\",\"url\":\"https:\\\/\\\/regiaonews.net.br\\\/2022\\\/\",\"name\":\"Regi\u00e3o News\",\"description\":\"Site de Not\u00edcias de Barretos e regi\u00e3o\",\"publisher\":{\"@id\":\"https:\\\/\\\/regiaonews.net.br\\\/2022\\\/#organization\"},\"potentialAction\":[{\"@type\":\"SearchAction\",\"target\":{\"@type\":\"EntryPoint\",\"urlTemplate\":\"https:\\\/\\\/regiaonews.net.br\\\/2022\\\/?s={search_term_string}\"},\"query-input\":{\"@type\":\"PropertyValueSpecification\",\"valueRequired\":true,\"valueName\":\"search_term_string\"}}],\"inLanguage\":\"pt-BR\"},{\"@type\":\"Organization\",\"@id\":\"https:\\\/\\\/regiaonews.net.br\\\/2022\\\/#organization\",\"name\":\"Regi\u00e3o News\",\"url\":\"https:\\\/\\\/regiaonews.net.br\\\/2022\\\/\",\"logo\":{\"@type\":\"ImageObject\",\"inLanguage\":\"pt-BR\",\"@id\":\"https:\\\/\\\/regiaonews.net.br\\\/2022\\\/#\\\/schema\\\/logo\\\/image\\\/\",\"url\":\"https:\\\/\\\/regiaonews.net.br\\\/2022\\\/wp-content\\\/uploads\\\/2026\\\/03\\\/regiao-13-anos-scaled.jpg\",\"contentUrl\":\"https:\\\/\\\/regiaonews.net.br\\\/2022\\\/wp-content\\\/uploads\\\/2026\\\/03\\\/regiao-13-anos-scaled.jpg\",\"width\":2560,\"height\":635,\"caption\":\"Regi\u00e3o News\"},\"image\":{\"@id\":\"https:\\\/\\\/regiaonews.net.br\\\/2022\\\/#\\\/schema\\\/logo\\\/image\\\/\"}},{\"@type\":\"Person\",\"@id\":\"https:\\\/\\\/regiaonews.net.br\\\/2022\\\/#\\\/schema\\\/person\\\/2d205a608a5aa97ac279d7a5e6d89ad8\",\"name\":\"Roberto\",\"image\":{\"@type\":\"ImageObject\",\"inLanguage\":\"pt-BR\",\"@id\":\"https:\\\/\\\/secure.gravatar.com\\\/avatar\\\/42749d8b712ff9d59ca93dc150494e5b55a44134482993f5baeb97e61b7ecc89?s=96&d=mm&r=g\",\"url\":\"https:\\\/\\\/secure.gravatar.com\\\/avatar\\\/42749d8b712ff9d59ca93dc150494e5b55a44134482993f5baeb97e61b7ecc89?s=96&d=mm&r=g\",\"contentUrl\":\"https:\\\/\\\/secure.gravatar.com\\\/avatar\\\/42749d8b712ff9d59ca93dc150494e5b55a44134482993f5baeb97e61b7ecc89?s=96&d=mm&r=g\",\"caption\":\"Roberto\"},\"url\":\"https:\\\/\\\/regiaonews.net.br\\\/2022\\\/author\\\/roberto\\\/\"}]}<\/script>\n<!-- \/ Yoast SEO plugin. -->","yoast_head_json":{"title":"Tereos reduz em 40% o descarte de res\u00edduos de suas unidades industriais - Regi\u00e3o News","robots":{"index":"index","follow":"follow","max-snippet":"max-snippet:-1","max-image-preview":"max-image-preview:large","max-video-preview":"max-video-preview:-1"},"canonical":"https:\/\/regiaonews.net.br\/2022\/2021\/10\/27\/tereos-reduz-em-40-o-descarte-de-residuos-de-suas-unidades-industriais\/","og_locale":"pt_BR","og_type":"article","og_title":"Tereos reduz em 40% o descarte de res\u00edduos de suas unidades industriais - Regi\u00e3o News","og_description":"Por meio de projetos de compostagem, mais de 130 toneladas","og_url":"https:\/\/regiaonews.net.br\/2022\/2021\/10\/27\/tereos-reduz-em-40-o-descarte-de-residuos-de-suas-unidades-industriais\/","og_site_name":"Regi\u00e3o News","article_published_time":"2021-10-27T18:15:52+00:00","article_modified_time":"2021-10-28T02:30:01+00:00","og_image":[{"width":1280,"height":853,"url":"https:\/\/regiaonews.net.br\/2022\/wp-content\/uploads\/2020\/11\/Tereos.jpeg","type":"image\/jpeg"}],"author":"Roberto","twitter_card":"summary_large_image","twitter_misc":{"Escrito por":"Roberto","Est. tempo de leitura":"2 minutos"},"schema":{"@context":"https:\/\/schema.org","@graph":[{"@type":"Article","@id":"https:\/\/regiaonews.net.br\/2022\/2021\/10\/27\/tereos-reduz-em-40-o-descarte-de-residuos-de-suas-unidades-industriais\/#article","isPartOf":{"@id":"https:\/\/regiaonews.net.br\/2022\/2021\/10\/27\/tereos-reduz-em-40-o-descarte-de-residuos-de-suas-unidades-industriais\/"},"author":{"name":"Roberto","@id":"https:\/\/regiaonews.net.br\/2022\/#\/schema\/person\/2d205a608a5aa97ac279d7a5e6d89ad8"},"headline":"Tereos reduz em 40% o descarte de res\u00edduos de suas unidades industriais","datePublished":"2021-10-27T18:15:52+00:00","dateModified":"2021-10-28T02:30:01+00:00","mainEntityOfPage":{"@id":"https:\/\/regiaonews.net.br\/2022\/2021\/10\/27\/tereos-reduz-em-40-o-descarte-de-residuos-de-suas-unidades-industriais\/"},"wordCount":343,"commentCount":0,"publisher":{"@id":"https:\/\/regiaonews.net.br\/2022\/#organization"},"image":{"@id":"https:\/\/regiaonews.net.br\/2022\/2021\/10\/27\/tereos-reduz-em-40-o-descarte-de-residuos-de-suas-unidades-industriais\/#primaryimage"},"thumbnailUrl":"https:\/\/regiaonews.net.br\/2022\/wp-content\/uploads\/2020\/11\/Tereos.jpeg","articleSection":["Olimpia"],"inLanguage":"pt-BR","potentialAction":[{"@type":"CommentAction","name":"Comment","target":["https:\/\/regiaonews.net.br\/2022\/2021\/10\/27\/tereos-reduz-em-40-o-descarte-de-residuos-de-suas-unidades-industriais\/#respond"]}]},{"@type":"WebPage","@id":"https:\/\/regiaonews.net.br\/2022\/2021\/10\/27\/tereos-reduz-em-40-o-descarte-de-residuos-de-suas-unidades-industriais\/","url":"https:\/\/regiaonews.net.br\/2022\/2021\/10\/27\/tereos-reduz-em-40-o-descarte-de-residuos-de-suas-unidades-industriais\/","name":"Tereos reduz em 40% o descarte de res\u00edduos de suas unidades industriais - Regi\u00e3o News","isPartOf":{"@id":"https:\/\/regiaonews.net.br\/2022\/#website"},"primaryImageOfPage":{"@id":"https:\/\/regiaonews.net.br\/2022\/2021\/10\/27\/tereos-reduz-em-40-o-descarte-de-residuos-de-suas-unidades-industriais\/#primaryimage"},"image":{"@id":"https:\/\/regiaonews.net.br\/2022\/2021\/10\/27\/tereos-reduz-em-40-o-descarte-de-residuos-de-suas-unidades-industriais\/#primaryimage"},"thumbnailUrl":"https:\/\/regiaonews.net.br\/2022\/wp-content\/uploads\/2020\/11\/Tereos.jpeg","datePublished":"2021-10-27T18:15:52+00:00","dateModified":"2021-10-28T02:30:01+00:00","breadcrumb":{"@id":"https:\/\/regiaonews.net.br\/2022\/2021\/10\/27\/tereos-reduz-em-40-o-descarte-de-residuos-de-suas-unidades-industriais\/#breadcrumb"},"inLanguage":"pt-BR","potentialAction":[{"@type":"ReadAction","target":["https:\/\/regiaonews.net.br\/2022\/2021\/10\/27\/tereos-reduz-em-40-o-descarte-de-residuos-de-suas-unidades-industriais\/"]}]},{"@type":"ImageObject","inLanguage":"pt-BR","@id":"https:\/\/regiaonews.net.br\/2022\/2021\/10\/27\/tereos-reduz-em-40-o-descarte-de-residuos-de-suas-unidades-industriais\/#primaryimage","url":"https:\/\/regiaonews.net.br\/2022\/wp-content\/uploads\/2020\/11\/Tereos.jpeg","contentUrl":"https:\/\/regiaonews.net.br\/2022\/wp-content\/uploads\/2020\/11\/Tereos.jpeg","width":1280,"height":853},{"@type":"BreadcrumbList","@id":"https:\/\/regiaonews.net.br\/2022\/2021\/10\/27\/tereos-reduz-em-40-o-descarte-de-residuos-de-suas-unidades-industriais\/#breadcrumb","itemListElement":[{"@type":"ListItem","position":1,"name":"In\u00edcio","item":"https:\/\/regiaonews.net.br\/2022\/"},{"@type":"ListItem","position":2,"name":"Tereos reduz em 40% o descarte de res\u00edduos de suas unidades industriais"}]},{"@type":"WebSite","@id":"https:\/\/regiaonews.net.br\/2022\/#website","url":"https:\/\/regiaonews.net.br\/2022\/","name":"Regi\u00e3o News","description":"Site de Not\u00edcias de Barretos e regi\u00e3o","publisher":{"@id":"https:\/\/regiaonews.net.br\/2022\/#organization"},"potentialAction":[{"@type":"SearchAction","target":{"@type":"EntryPoint","urlTemplate":"https:\/\/regiaonews.net.br\/2022\/?s={search_term_string}"},"query-input":{"@type":"PropertyValueSpecification","valueRequired":true,"valueName":"search_term_string"}}],"inLanguage":"pt-BR"},{"@type":"Organization","@id":"https:\/\/regiaonews.net.br\/2022\/#organization","name":"Regi\u00e3o News","url":"https:\/\/regiaonews.net.br\/2022\/","logo":{"@type":"ImageObject","inLanguage":"pt-BR","@id":"https:\/\/regiaonews.net.br\/2022\/#\/schema\/logo\/image\/","url":"https:\/\/regiaonews.net.br\/2022\/wp-content\/uploads\/2026\/03\/regiao-13-anos-scaled.jpg","contentUrl":"https:\/\/regiaonews.net.br\/2022\/wp-content\/uploads\/2026\/03\/regiao-13-anos-scaled.jpg","width":2560,"height":635,"caption":"Regi\u00e3o News"},"image":{"@id":"https:\/\/regiaonews.net.br\/2022\/#\/schema\/logo\/image\/"}},{"@type":"Person","@id":"https:\/\/regiaonews.net.br\/2022\/#\/schema\/person\/2d205a608a5aa97ac279d7a5e6d89ad8","name":"Roberto","image":{"@type":"ImageObject","inLanguage":"pt-BR","@id":"https:\/\/secure.gravatar.com\/avatar\/42749d8b712ff9d59ca93dc150494e5b55a44134482993f5baeb97e61b7ecc89?s=96&d=mm&r=g","url":"https:\/\/secure.gravatar.com\/avatar\/42749d8b712ff9d59ca93dc150494e5b55a44134482993f5baeb97e61b7ecc89?s=96&d=mm&r=g","contentUrl":"https:\/\/secure.gravatar.com\/avatar\/42749d8b712ff9d59ca93dc150494e5b55a44134482993f5baeb97e61b7ecc89?s=96&d=mm&r=g","caption":"Roberto"},"url":"https:\/\/regiaonews.net.br\/2022\/author\/roberto\/"}]}},"publishpress_future_action":{"enabled":false,"date":"2026-05-03 02:49:27","action":"change-status","newStatus":"draft","terms":[],"taxonomy":"category","extraData":[]},"publishpress_future_workflow_manual_trigger":{"enabledWorkflows":[]},"_links":{"self":[{"href":"https:\/\/regiaonews.net.br\/2022\/wp-json\/wp\/v2\/posts\/55352","targetHints":{"allow":["GET"]}}],"collection":[{"href":"https:\/\/regiaonews.net.br\/2022\/wp-json\/wp\/v2\/posts"}],"about":[{"href":"https:\/\/regiaonews.net.br\/2022\/wp-json\/wp\/v2\/types\/post"}],"author":[{"embeddable":true,"href":"https:\/\/regiaonews.net.br\/2022\/wp-json\/wp\/v2\/users\/2"}],"replies":[{"embeddable":true,"href":"https:\/\/regiaonews.net.br\/2022\/wp-json\/wp\/v2\/comments?post=55352"}],"version-history":[{"count":0,"href":"https:\/\/regiaonews.net.br\/2022\/wp-json\/wp\/v2\/posts\/55352\/revisions"}],"wp:featuredmedia":[{"embeddable":true,"href":"https:\/\/regiaonews.net.br\/2022\/wp-json\/wp\/v2\/media\/40005"}],"wp:attachment":[{"href":"https:\/\/regiaonews.net.br\/2022\/wp-json\/wp\/v2\/media?parent=55352"}],"wp:term":[{"taxonomy":"category","embeddable":true,"href":"https:\/\/regiaonews.net.br\/2022\/wp-json\/wp\/v2\/categories?post=55352"},{"taxonomy":"post_tag","embeddable":true,"href":"https:\/\/regiaonews.net.br\/2022\/wp-json\/wp\/v2\/tags?post=55352"}],"curies":[{"name":"wp","href":"https:\/\/api.w.org\/{rel}","templated":true}]}}