{"id":55271,"date":"2021-10-26T14:14:19","date_gmt":"2021-10-26T17:14:19","guid":{"rendered":"https:\/\/regiaonews.net.br\/2022\/?p=55271"},"modified":"2021-10-26T14:14:19","modified_gmt":"2021-10-26T17:14:19","slug":"colombia-ganha-primeira-orquestra-municipal-de-flauta-doce-atraves-do-projeto-interagindo-com-melodia","status":"publish","type":"post","link":"https:\/\/regiaonews.net.br\/2022\/2021\/10\/26\/colombia-ganha-primeira-orquestra-municipal-de-flauta-doce-atraves-do-projeto-interagindo-com-melodia\/","title":{"rendered":"Col\u00f4mbia ganha primeira \u201cOrquestra Municipal de Flauta Doce\u201d atrav\u00e9s do projeto \u201cInteragindo com Melodia\u201d"},"content":{"rendered":"<div><b>O Projeto \u00e9 coordenado pela Superintend\u00eancia de Cultura de Col\u00f4mbia e recebeu da Prefeitura mais de 20 flautas para serem disponibilizadas nas aulas<\/b><\/div>\n<div><a href=\"https:\/\/regiaonews.net.br\/2022\/wp-content\/uploads\/2021\/10\/0a8b6e81-00c8-480e-86ad-d7cfb32438f5.jpg\"><img loading=\"lazy\" decoding=\"async\" class=\"alignnone size-medium wp-image-55272\" src=\"https:\/\/regiaonews.net.br\/2022\/wp-content\/uploads\/2021\/10\/0a8b6e81-00c8-480e-86ad-d7cfb32438f5-300x200.jpg\" alt=\"\" width=\"300\" height=\"200\" \/><\/a> <a href=\"https:\/\/regiaonews.net.br\/2022\/wp-content\/uploads\/2021\/10\/68a87504-42b1-4780-b9e1-ca68db706374.jpg\"><img loading=\"lazy\" decoding=\"async\" class=\"alignnone size-medium wp-image-55273\" src=\"https:\/\/regiaonews.net.br\/2022\/wp-content\/uploads\/2021\/10\/68a87504-42b1-4780-b9e1-ca68db706374-300x200.jpg\" alt=\"\" width=\"300\" height=\"200\" \/><\/a> <a href=\"https:\/\/regiaonews.net.br\/2022\/wp-content\/uploads\/2021\/10\/931ef258-e1a6-45a7-9d52-90d0bcbafdac.jpg\"><img loading=\"lazy\" decoding=\"async\" class=\"alignnone size-medium wp-image-55274\" src=\"https:\/\/regiaonews.net.br\/2022\/wp-content\/uploads\/2021\/10\/931ef258-e1a6-45a7-9d52-90d0bcbafdac-300x200.jpg\" alt=\"\" width=\"300\" height=\"200\" \/><\/a> <a href=\"https:\/\/regiaonews.net.br\/2022\/wp-content\/uploads\/2021\/10\/f528ec3d-c658-48f0-8326-41e613bb4054.jpg\"><img loading=\"lazy\" decoding=\"async\" class=\"alignnone size-medium wp-image-55275\" src=\"https:\/\/regiaonews.net.br\/2022\/wp-content\/uploads\/2021\/10\/f528ec3d-c658-48f0-8326-41e613bb4054-300x169.jpg\" alt=\"\" width=\"300\" height=\"169\" \/><\/a> <a href=\"https:\/\/regiaonews.net.br\/2022\/wp-content\/uploads\/2021\/10\/fa413604-aa2c-46b7-a663-c69f4719113f.jpg\"><img loading=\"lazy\" decoding=\"async\" class=\"alignnone size-medium wp-image-55276\" src=\"https:\/\/regiaonews.net.br\/2022\/wp-content\/uploads\/2021\/10\/fa413604-aa2c-46b7-a663-c69f4719113f-300x200.jpg\" alt=\"\" width=\"300\" height=\"200\" \/><\/a>\n<\/div>\n<div>A Prefeitura de Col\u00f4mbia realizou no \u00faltimo dia 22 de outubro a entrega de mais de 20 flautas doces que fazem parte do projeto \u201cInteragindo com Melodia\u201d, que faz parte da Superintend\u00eancia de Cultura, coordenado pelo Superintendente Edivaldo Rocha, e com o apoio do Fundo Social de Solidariedade em nome da Primeira dama Sinara Machado.<\/p>\n<p>Ap\u00f3s tr\u00eas anos parado, o projeto retorna na gest\u00e3o atual atendendo mais de 20 alunos entre Col\u00f4mbia, Laranjeiras e Assentamentos, com o intuito de levar o conhecimento da arte, cultura e educa\u00e7\u00e3o h\u00e1 jovens que poderiam estar com seu tempo ocioso e desperdi\u00e7ado, aproveitando assim na oportunidade de fazer com que esses jovens aprendam um novo instrumento, ou at\u00e9 mesmo possam identificar-se com a flauta e tornar isso uma profiss\u00e3o, como v\u00e1rias outras a\u00e7\u00f5es que a Prefeitura realiza no munic\u00edpio.<\/p>\n<p>O Projeto j\u00e1 acontece desde o inicio do m\u00eas, que tem como professor o Sebasti\u00e3o Donizete, o \u201cTi\u00e3ozinho\u201d que topou o desafio de retornar a ensinar essas crian\u00e7as, totalmente como volunt\u00e1rio, ou seja, ele n\u00e3o recebe pelas aulas, e diz ser um prazer fazer parte do desenvolvimento desse pessoal que j\u00e1 fazem parte da Orquestra Municipal de Flauta Doce.<\/p>\n<p>\u201cO Prefeito Tuta conhece o incentivo desde quando o projeto tinha um outro formato, ainda como vereador buscava ajudar como era de seu alcance, ent\u00e3o foi bacana resgatar este projeto agora com ele sendo Prefeito. A Prefeitura deu o pontap\u00e9 inicial oferecendo as flautas incentivando n\u00e3o s\u00f3 n\u00f3s do projeto mas para as crian\u00e7as se interessar a aprender\u201d. Comentou \u201cTi\u00e3ozinho\u201d, Professor do Projeto.<\/p>\n<p>\u201cS\u00e3o iniciativas como estas que tenho esperan\u00e7a em trazer ainda mais para o munic\u00edpio, tenho comigo que se Deus quiser, nossa vida agora, voltando ao normal, podemos criar ainda mais projetos para incentivar crian\u00e7as, adolescentes e adultos a se encontrarem em alguma atividade, que seja pela cultura, arte ou at\u00e9 profiss\u00e3o. O papel do poder p\u00fablico \u00e9 trabalhar para dar certo, e a uni\u00e3o entre esses departamentos vem trazendo muito resultado n\u00e3o pra n\u00f3s, e sim para a popula\u00e7\u00e3o de Col\u00f4mbia\u201d. Salientou o Prefeito Tuta.<\/p><\/div>\n","protected":false},"excerpt":{"rendered":"<p>O Projeto \u00e9 coordenado pela Superintend\u00eancia de Cultura de Col\u00f4mbia<\/p>\n","protected":false},"author":2,"featured_media":55275,"comment_status":"open","ping_status":"open","sticky":false,"template":"","format":"standard","meta":{"footnotes":""},"categories":[25,6],"tags":[],"class_list":["post-55271","post","type-post","status-publish","format-standard","has-post-thumbnail","hentry","category-cidades","category-colombia"],"yoast_head":"<!-- This site is optimized with the Yoast SEO plugin v27.4 - https:\/\/yoast.com\/product\/yoast-seo-wordpress\/ -->\n<title>Col\u00f4mbia ganha primeira \u201cOrquestra Municipal de Flauta Doce\u201d atrav\u00e9s do projeto \u201cInteragindo com Melodia\u201d - Regi\u00e3o News<\/title>\n<meta name=\"robots\" content=\"index, follow, max-snippet:-1, max-image-preview:large, max-video-preview:-1\" \/>\n<link rel=\"canonical\" href=\"https:\/\/regiaonews.net.br\/2022\/2021\/10\/26\/colombia-ganha-primeira-orquestra-municipal-de-flauta-doce-atraves-do-projeto-interagindo-com-melodia\/\" \/>\n<meta property=\"og:locale\" content=\"pt_BR\" \/>\n<meta property=\"og:type\" content=\"article\" \/>\n<meta property=\"og:title\" content=\"Col\u00f4mbia ganha primeira \u201cOrquestra Municipal de Flauta Doce\u201d atrav\u00e9s do projeto \u201cInteragindo com Melodia\u201d - Regi\u00e3o News\" \/>\n<meta property=\"og:description\" content=\"O Projeto \u00e9 coordenado pela Superintend\u00eancia de Cultura de Col\u00f4mbia\" \/>\n<meta property=\"og:url\" content=\"https:\/\/regiaonews.net.br\/2022\/2021\/10\/26\/colombia-ganha-primeira-orquestra-municipal-de-flauta-doce-atraves-do-projeto-interagindo-com-melodia\/\" \/>\n<meta property=\"og:site_name\" content=\"Regi\u00e3o News\" \/>\n<meta property=\"article:published_time\" content=\"2021-10-26T17:14:19+00:00\" \/>\n<meta property=\"og:image\" content=\"https:\/\/regiaonews.net.br\/2022\/wp-content\/uploads\/2021\/10\/f528ec3d-c658-48f0-8326-41e613bb4054.jpg\" \/>\n\t<meta property=\"og:image:width\" content=\"960\" \/>\n\t<meta property=\"og:image:height\" content=\"540\" \/>\n\t<meta property=\"og:image:type\" content=\"image\/jpeg\" \/>\n<meta name=\"author\" content=\"Roberto\" \/>\n<meta name=\"twitter:card\" content=\"summary_large_image\" \/>\n<meta name=\"twitter:label1\" content=\"Escrito por\" \/>\n\t<meta name=\"twitter:data1\" content=\"Roberto\" \/>\n\t<meta name=\"twitter:label2\" content=\"Est. tempo de leitura\" \/>\n\t<meta name=\"twitter:data2\" content=\"2 minutos\" \/>\n<script type=\"application\/ld+json\" class=\"yoast-schema-graph\">{\"@context\":\"https:\\\/\\\/schema.org\",\"@graph\":[{\"@type\":\"Article\",\"@id\":\"https:\\\/\\\/regiaonews.net.br\\\/2022\\\/2021\\\/10\\\/26\\\/colombia-ganha-primeira-orquestra-municipal-de-flauta-doce-atraves-do-projeto-interagindo-com-melodia\\\/#article\",\"isPartOf\":{\"@id\":\"https:\\\/\\\/regiaonews.net.br\\\/2022\\\/2021\\\/10\\\/26\\\/colombia-ganha-primeira-orquestra-municipal-de-flauta-doce-atraves-do-projeto-interagindo-com-melodia\\\/\"},\"author\":{\"name\":\"Roberto\",\"@id\":\"https:\\\/\\\/regiaonews.net.br\\\/2022\\\/#\\\/schema\\\/person\\\/2d205a608a5aa97ac279d7a5e6d89ad8\"},\"headline\":\"Col\u00f4mbia ganha primeira \u201cOrquestra Municipal de Flauta Doce\u201d atrav\u00e9s do projeto \u201cInteragindo com Melodia\u201d\",\"datePublished\":\"2021-10-26T17:14:19+00:00\",\"mainEntityOfPage\":{\"@id\":\"https:\\\/\\\/regiaonews.net.br\\\/2022\\\/2021\\\/10\\\/26\\\/colombia-ganha-primeira-orquestra-municipal-de-flauta-doce-atraves-do-projeto-interagindo-com-melodia\\\/\"},\"wordCount\":411,\"commentCount\":0,\"publisher\":{\"@id\":\"https:\\\/\\\/regiaonews.net.br\\\/2022\\\/#organization\"},\"image\":{\"@id\":\"https:\\\/\\\/regiaonews.net.br\\\/2022\\\/2021\\\/10\\\/26\\\/colombia-ganha-primeira-orquestra-municipal-de-flauta-doce-atraves-do-projeto-interagindo-com-melodia\\\/#primaryimage\"},\"thumbnailUrl\":\"https:\\\/\\\/regiaonews.net.br\\\/2022\\\/wp-content\\\/uploads\\\/2021\\\/10\\\/f528ec3d-c658-48f0-8326-41e613bb4054.jpg\",\"articleSection\":[\"Cidades\",\"Col\u00f4mbia\"],\"inLanguage\":\"pt-BR\",\"potentialAction\":[{\"@type\":\"CommentAction\",\"name\":\"Comment\",\"target\":[\"https:\\\/\\\/regiaonews.net.br\\\/2022\\\/2021\\\/10\\\/26\\\/colombia-ganha-primeira-orquestra-municipal-de-flauta-doce-atraves-do-projeto-interagindo-com-melodia\\\/#respond\"]}]},{\"@type\":\"WebPage\",\"@id\":\"https:\\\/\\\/regiaonews.net.br\\\/2022\\\/2021\\\/10\\\/26\\\/colombia-ganha-primeira-orquestra-municipal-de-flauta-doce-atraves-do-projeto-interagindo-com-melodia\\\/\",\"url\":\"https:\\\/\\\/regiaonews.net.br\\\/2022\\\/2021\\\/10\\\/26\\\/colombia-ganha-primeira-orquestra-municipal-de-flauta-doce-atraves-do-projeto-interagindo-com-melodia\\\/\",\"name\":\"Col\u00f4mbia ganha primeira \u201cOrquestra Municipal de Flauta Doce\u201d atrav\u00e9s do projeto \u201cInteragindo com Melodia\u201d - Regi\u00e3o News\",\"isPartOf\":{\"@id\":\"https:\\\/\\\/regiaonews.net.br\\\/2022\\\/#website\"},\"primaryImageOfPage\":{\"@id\":\"https:\\\/\\\/regiaonews.net.br\\\/2022\\\/2021\\\/10\\\/26\\\/colombia-ganha-primeira-orquestra-municipal-de-flauta-doce-atraves-do-projeto-interagindo-com-melodia\\\/#primaryimage\"},\"image\":{\"@id\":\"https:\\\/\\\/regiaonews.net.br\\\/2022\\\/2021\\\/10\\\/26\\\/colombia-ganha-primeira-orquestra-municipal-de-flauta-doce-atraves-do-projeto-interagindo-com-melodia\\\/#primaryimage\"},\"thumbnailUrl\":\"https:\\\/\\\/regiaonews.net.br\\\/2022\\\/wp-content\\\/uploads\\\/2021\\\/10\\\/f528ec3d-c658-48f0-8326-41e613bb4054.jpg\",\"datePublished\":\"2021-10-26T17:14:19+00:00\",\"breadcrumb\":{\"@id\":\"https:\\\/\\\/regiaonews.net.br\\\/2022\\\/2021\\\/10\\\/26\\\/colombia-ganha-primeira-orquestra-municipal-de-flauta-doce-atraves-do-projeto-interagindo-com-melodia\\\/#breadcrumb\"},\"inLanguage\":\"pt-BR\",\"potentialAction\":[{\"@type\":\"ReadAction\",\"target\":[\"https:\\\/\\\/regiaonews.net.br\\\/2022\\\/2021\\\/10\\\/26\\\/colombia-ganha-primeira-orquestra-municipal-de-flauta-doce-atraves-do-projeto-interagindo-com-melodia\\\/\"]}]},{\"@type\":\"ImageObject\",\"inLanguage\":\"pt-BR\",\"@id\":\"https:\\\/\\\/regiaonews.net.br\\\/2022\\\/2021\\\/10\\\/26\\\/colombia-ganha-primeira-orquestra-municipal-de-flauta-doce-atraves-do-projeto-interagindo-com-melodia\\\/#primaryimage\",\"url\":\"https:\\\/\\\/regiaonews.net.br\\\/2022\\\/wp-content\\\/uploads\\\/2021\\\/10\\\/f528ec3d-c658-48f0-8326-41e613bb4054.jpg\",\"contentUrl\":\"https:\\\/\\\/regiaonews.net.br\\\/2022\\\/wp-content\\\/uploads\\\/2021\\\/10\\\/f528ec3d-c658-48f0-8326-41e613bb4054.jpg\",\"width\":960,\"height\":540},{\"@type\":\"BreadcrumbList\",\"@id\":\"https:\\\/\\\/regiaonews.net.br\\\/2022\\\/2021\\\/10\\\/26\\\/colombia-ganha-primeira-orquestra-municipal-de-flauta-doce-atraves-do-projeto-interagindo-com-melodia\\\/#breadcrumb\",\"itemListElement\":[{\"@type\":\"ListItem\",\"position\":1,\"name\":\"In\u00edcio\",\"item\":\"https:\\\/\\\/regiaonews.net.br\\\/2022\\\/\"},{\"@type\":\"ListItem\",\"position\":2,\"name\":\"Col\u00f4mbia ganha primeira \u201cOrquestra Municipal de Flauta Doce\u201d atrav\u00e9s do projeto \u201cInteragindo com Melodia\u201d\"}]},{\"@type\":\"WebSite\",\"@id\":\"https:\\\/\\\/regiaonews.net.br\\\/2022\\\/#website\",\"url\":\"https:\\\/\\\/regiaonews.net.br\\\/2022\\\/\",\"name\":\"Regi\u00e3o News\",\"description\":\"Site de Not\u00edcias de Barretos e regi\u00e3o\",\"publisher\":{\"@id\":\"https:\\\/\\\/regiaonews.net.br\\\/2022\\\/#organization\"},\"potentialAction\":[{\"@type\":\"SearchAction\",\"target\":{\"@type\":\"EntryPoint\",\"urlTemplate\":\"https:\\\/\\\/regiaonews.net.br\\\/2022\\\/?s={search_term_string}\"},\"query-input\":{\"@type\":\"PropertyValueSpecification\",\"valueRequired\":true,\"valueName\":\"search_term_string\"}}],\"inLanguage\":\"pt-BR\"},{\"@type\":\"Organization\",\"@id\":\"https:\\\/\\\/regiaonews.net.br\\\/2022\\\/#organization\",\"name\":\"Regi\u00e3o News\",\"url\":\"https:\\\/\\\/regiaonews.net.br\\\/2022\\\/\",\"logo\":{\"@type\":\"ImageObject\",\"inLanguage\":\"pt-BR\",\"@id\":\"https:\\\/\\\/regiaonews.net.br\\\/2022\\\/#\\\/schema\\\/logo\\\/image\\\/\",\"url\":\"https:\\\/\\\/regiaonews.net.br\\\/2022\\\/wp-content\\\/uploads\\\/2026\\\/03\\\/regiao-13-anos-scaled.jpg\",\"contentUrl\":\"https:\\\/\\\/regiaonews.net.br\\\/2022\\\/wp-content\\\/uploads\\\/2026\\\/03\\\/regiao-13-anos-scaled.jpg\",\"width\":2560,\"height\":635,\"caption\":\"Regi\u00e3o News\"},\"image\":{\"@id\":\"https:\\\/\\\/regiaonews.net.br\\\/2022\\\/#\\\/schema\\\/logo\\\/image\\\/\"}},{\"@type\":\"Person\",\"@id\":\"https:\\\/\\\/regiaonews.net.br\\\/2022\\\/#\\\/schema\\\/person\\\/2d205a608a5aa97ac279d7a5e6d89ad8\",\"name\":\"Roberto\",\"image\":{\"@type\":\"ImageObject\",\"inLanguage\":\"pt-BR\",\"@id\":\"https:\\\/\\\/secure.gravatar.com\\\/avatar\\\/42749d8b712ff9d59ca93dc150494e5b55a44134482993f5baeb97e61b7ecc89?s=96&d=mm&r=g\",\"url\":\"https:\\\/\\\/secure.gravatar.com\\\/avatar\\\/42749d8b712ff9d59ca93dc150494e5b55a44134482993f5baeb97e61b7ecc89?s=96&d=mm&r=g\",\"contentUrl\":\"https:\\\/\\\/secure.gravatar.com\\\/avatar\\\/42749d8b712ff9d59ca93dc150494e5b55a44134482993f5baeb97e61b7ecc89?s=96&d=mm&r=g\",\"caption\":\"Roberto\"},\"url\":\"https:\\\/\\\/regiaonews.net.br\\\/2022\\\/author\\\/roberto\\\/\"}]}<\/script>\n<!-- \/ Yoast SEO plugin. -->","yoast_head_json":{"title":"Col\u00f4mbia ganha primeira \u201cOrquestra Municipal de Flauta Doce\u201d atrav\u00e9s do projeto \u201cInteragindo com Melodia\u201d - Regi\u00e3o News","robots":{"index":"index","follow":"follow","max-snippet":"max-snippet:-1","max-image-preview":"max-image-preview:large","max-video-preview":"max-video-preview:-1"},"canonical":"https:\/\/regiaonews.net.br\/2022\/2021\/10\/26\/colombia-ganha-primeira-orquestra-municipal-de-flauta-doce-atraves-do-projeto-interagindo-com-melodia\/","og_locale":"pt_BR","og_type":"article","og_title":"Col\u00f4mbia ganha primeira \u201cOrquestra Municipal de Flauta Doce\u201d atrav\u00e9s do projeto \u201cInteragindo com Melodia\u201d - Regi\u00e3o News","og_description":"O Projeto \u00e9 coordenado pela Superintend\u00eancia de Cultura de Col\u00f4mbia","og_url":"https:\/\/regiaonews.net.br\/2022\/2021\/10\/26\/colombia-ganha-primeira-orquestra-municipal-de-flauta-doce-atraves-do-projeto-interagindo-com-melodia\/","og_site_name":"Regi\u00e3o News","article_published_time":"2021-10-26T17:14:19+00:00","og_image":[{"width":960,"height":540,"url":"https:\/\/regiaonews.net.br\/2022\/wp-content\/uploads\/2021\/10\/f528ec3d-c658-48f0-8326-41e613bb4054.jpg","type":"image\/jpeg"}],"author":"Roberto","twitter_card":"summary_large_image","twitter_misc":{"Escrito por":"Roberto","Est. tempo de leitura":"2 minutos"},"schema":{"@context":"https:\/\/schema.org","@graph":[{"@type":"Article","@id":"https:\/\/regiaonews.net.br\/2022\/2021\/10\/26\/colombia-ganha-primeira-orquestra-municipal-de-flauta-doce-atraves-do-projeto-interagindo-com-melodia\/#article","isPartOf":{"@id":"https:\/\/regiaonews.net.br\/2022\/2021\/10\/26\/colombia-ganha-primeira-orquestra-municipal-de-flauta-doce-atraves-do-projeto-interagindo-com-melodia\/"},"author":{"name":"Roberto","@id":"https:\/\/regiaonews.net.br\/2022\/#\/schema\/person\/2d205a608a5aa97ac279d7a5e6d89ad8"},"headline":"Col\u00f4mbia ganha primeira \u201cOrquestra Municipal de Flauta Doce\u201d atrav\u00e9s do projeto \u201cInteragindo com Melodia\u201d","datePublished":"2021-10-26T17:14:19+00:00","mainEntityOfPage":{"@id":"https:\/\/regiaonews.net.br\/2022\/2021\/10\/26\/colombia-ganha-primeira-orquestra-municipal-de-flauta-doce-atraves-do-projeto-interagindo-com-melodia\/"},"wordCount":411,"commentCount":0,"publisher":{"@id":"https:\/\/regiaonews.net.br\/2022\/#organization"},"image":{"@id":"https:\/\/regiaonews.net.br\/2022\/2021\/10\/26\/colombia-ganha-primeira-orquestra-municipal-de-flauta-doce-atraves-do-projeto-interagindo-com-melodia\/#primaryimage"},"thumbnailUrl":"https:\/\/regiaonews.net.br\/2022\/wp-content\/uploads\/2021\/10\/f528ec3d-c658-48f0-8326-41e613bb4054.jpg","articleSection":["Cidades","Col\u00f4mbia"],"inLanguage":"pt-BR","potentialAction":[{"@type":"CommentAction","name":"Comment","target":["https:\/\/regiaonews.net.br\/2022\/2021\/10\/26\/colombia-ganha-primeira-orquestra-municipal-de-flauta-doce-atraves-do-projeto-interagindo-com-melodia\/#respond"]}]},{"@type":"WebPage","@id":"https:\/\/regiaonews.net.br\/2022\/2021\/10\/26\/colombia-ganha-primeira-orquestra-municipal-de-flauta-doce-atraves-do-projeto-interagindo-com-melodia\/","url":"https:\/\/regiaonews.net.br\/2022\/2021\/10\/26\/colombia-ganha-primeira-orquestra-municipal-de-flauta-doce-atraves-do-projeto-interagindo-com-melodia\/","name":"Col\u00f4mbia ganha primeira \u201cOrquestra Municipal de Flauta Doce\u201d atrav\u00e9s do projeto \u201cInteragindo com Melodia\u201d - Regi\u00e3o News","isPartOf":{"@id":"https:\/\/regiaonews.net.br\/2022\/#website"},"primaryImageOfPage":{"@id":"https:\/\/regiaonews.net.br\/2022\/2021\/10\/26\/colombia-ganha-primeira-orquestra-municipal-de-flauta-doce-atraves-do-projeto-interagindo-com-melodia\/#primaryimage"},"image":{"@id":"https:\/\/regiaonews.net.br\/2022\/2021\/10\/26\/colombia-ganha-primeira-orquestra-municipal-de-flauta-doce-atraves-do-projeto-interagindo-com-melodia\/#primaryimage"},"thumbnailUrl":"https:\/\/regiaonews.net.br\/2022\/wp-content\/uploads\/2021\/10\/f528ec3d-c658-48f0-8326-41e613bb4054.jpg","datePublished":"2021-10-26T17:14:19+00:00","breadcrumb":{"@id":"https:\/\/regiaonews.net.br\/2022\/2021\/10\/26\/colombia-ganha-primeira-orquestra-municipal-de-flauta-doce-atraves-do-projeto-interagindo-com-melodia\/#breadcrumb"},"inLanguage":"pt-BR","potentialAction":[{"@type":"ReadAction","target":["https:\/\/regiaonews.net.br\/2022\/2021\/10\/26\/colombia-ganha-primeira-orquestra-municipal-de-flauta-doce-atraves-do-projeto-interagindo-com-melodia\/"]}]},{"@type":"ImageObject","inLanguage":"pt-BR","@id":"https:\/\/regiaonews.net.br\/2022\/2021\/10\/26\/colombia-ganha-primeira-orquestra-municipal-de-flauta-doce-atraves-do-projeto-interagindo-com-melodia\/#primaryimage","url":"https:\/\/regiaonews.net.br\/2022\/wp-content\/uploads\/2021\/10\/f528ec3d-c658-48f0-8326-41e613bb4054.jpg","contentUrl":"https:\/\/regiaonews.net.br\/2022\/wp-content\/uploads\/2021\/10\/f528ec3d-c658-48f0-8326-41e613bb4054.jpg","width":960,"height":540},{"@type":"BreadcrumbList","@id":"https:\/\/regiaonews.net.br\/2022\/2021\/10\/26\/colombia-ganha-primeira-orquestra-municipal-de-flauta-doce-atraves-do-projeto-interagindo-com-melodia\/#breadcrumb","itemListElement":[{"@type":"ListItem","position":1,"name":"In\u00edcio","item":"https:\/\/regiaonews.net.br\/2022\/"},{"@type":"ListItem","position":2,"name":"Col\u00f4mbia ganha primeira \u201cOrquestra Municipal de Flauta Doce\u201d atrav\u00e9s do projeto \u201cInteragindo com Melodia\u201d"}]},{"@type":"WebSite","@id":"https:\/\/regiaonews.net.br\/2022\/#website","url":"https:\/\/regiaonews.net.br\/2022\/","name":"Regi\u00e3o News","description":"Site de Not\u00edcias de Barretos e regi\u00e3o","publisher":{"@id":"https:\/\/regiaonews.net.br\/2022\/#organization"},"potentialAction":[{"@type":"SearchAction","target":{"@type":"EntryPoint","urlTemplate":"https:\/\/regiaonews.net.br\/2022\/?s={search_term_string}"},"query-input":{"@type":"PropertyValueSpecification","valueRequired":true,"valueName":"search_term_string"}}],"inLanguage":"pt-BR"},{"@type":"Organization","@id":"https:\/\/regiaonews.net.br\/2022\/#organization","name":"Regi\u00e3o News","url":"https:\/\/regiaonews.net.br\/2022\/","logo":{"@type":"ImageObject","inLanguage":"pt-BR","@id":"https:\/\/regiaonews.net.br\/2022\/#\/schema\/logo\/image\/","url":"https:\/\/regiaonews.net.br\/2022\/wp-content\/uploads\/2026\/03\/regiao-13-anos-scaled.jpg","contentUrl":"https:\/\/regiaonews.net.br\/2022\/wp-content\/uploads\/2026\/03\/regiao-13-anos-scaled.jpg","width":2560,"height":635,"caption":"Regi\u00e3o News"},"image":{"@id":"https:\/\/regiaonews.net.br\/2022\/#\/schema\/logo\/image\/"}},{"@type":"Person","@id":"https:\/\/regiaonews.net.br\/2022\/#\/schema\/person\/2d205a608a5aa97ac279d7a5e6d89ad8","name":"Roberto","image":{"@type":"ImageObject","inLanguage":"pt-BR","@id":"https:\/\/secure.gravatar.com\/avatar\/42749d8b712ff9d59ca93dc150494e5b55a44134482993f5baeb97e61b7ecc89?s=96&d=mm&r=g","url":"https:\/\/secure.gravatar.com\/avatar\/42749d8b712ff9d59ca93dc150494e5b55a44134482993f5baeb97e61b7ecc89?s=96&d=mm&r=g","contentUrl":"https:\/\/secure.gravatar.com\/avatar\/42749d8b712ff9d59ca93dc150494e5b55a44134482993f5baeb97e61b7ecc89?s=96&d=mm&r=g","caption":"Roberto"},"url":"https:\/\/regiaonews.net.br\/2022\/author\/roberto\/"}]}},"publishpress_future_action":{"enabled":false,"date":"2026-05-04 11:24:05","action":"change-status","newStatus":"draft","terms":[],"taxonomy":"category","extraData":[]},"publishpress_future_workflow_manual_trigger":{"enabledWorkflows":[]},"_links":{"self":[{"href":"https:\/\/regiaonews.net.br\/2022\/wp-json\/wp\/v2\/posts\/55271","targetHints":{"allow":["GET"]}}],"collection":[{"href":"https:\/\/regiaonews.net.br\/2022\/wp-json\/wp\/v2\/posts"}],"about":[{"href":"https:\/\/regiaonews.net.br\/2022\/wp-json\/wp\/v2\/types\/post"}],"author":[{"embeddable":true,"href":"https:\/\/regiaonews.net.br\/2022\/wp-json\/wp\/v2\/users\/2"}],"replies":[{"embeddable":true,"href":"https:\/\/regiaonews.net.br\/2022\/wp-json\/wp\/v2\/comments?post=55271"}],"version-history":[{"count":0,"href":"https:\/\/regiaonews.net.br\/2022\/wp-json\/wp\/v2\/posts\/55271\/revisions"}],"wp:featuredmedia":[{"embeddable":true,"href":"https:\/\/regiaonews.net.br\/2022\/wp-json\/wp\/v2\/media\/55275"}],"wp:attachment":[{"href":"https:\/\/regiaonews.net.br\/2022\/wp-json\/wp\/v2\/media?parent=55271"}],"wp:term":[{"taxonomy":"category","embeddable":true,"href":"https:\/\/regiaonews.net.br\/2022\/wp-json\/wp\/v2\/categories?post=55271"},{"taxonomy":"post_tag","embeddable":true,"href":"https:\/\/regiaonews.net.br\/2022\/wp-json\/wp\/v2\/tags?post=55271"}],"curies":[{"name":"wp","href":"https:\/\/api.w.org\/{rel}","templated":true}]}}