{"id":55246,"date":"2021-10-25T16:44:37","date_gmt":"2021-10-25T19:44:37","guid":{"rendered":"https:\/\/regiaonews.net.br\/2022\/?p=55246"},"modified":"2021-10-25T16:44:37","modified_gmt":"2021-10-25T19:44:37","slug":"defensoria-pede-retomada-de-onibus-todos-os-dias-ate-23h-em-acao-civil-publica","status":"publish","type":"post","link":"https:\/\/regiaonews.net.br\/2022\/2021\/10\/25\/defensoria-pede-retomada-de-onibus-todos-os-dias-ate-23h-em-acao-civil-publica\/","title":{"rendered":"Defensoria pede retomada de \u00f4nibus todos os dias at\u00e9 23h em A\u00e7\u00e3o Civil P\u00fablica"},"content":{"rendered":"<p><a href=\"https:\/\/regiaonews.net.br\/2022\/wp-content\/uploads\/2020\/01\/Sede-da-Defensoria-P\u00fablica-de-Barretos.jpg\"><img loading=\"lazy\" decoding=\"async\" class=\"alignnone size-medium wp-image-27132\" src=\"https:\/\/regiaonews.net.br\/2022\/wp-content\/uploads\/2020\/01\/Sede-da-Defensoria-P\u00fablica-de-Barretos-300x208.jpg\" alt=\"\" width=\"300\" height=\"208\" \/><\/a><\/p>\n<p>No pedido de liminar requer o cumprimento da volta dos servi\u00e7o em 10 dias<\/p>\n<p>A Defensoria P\u00fablica ajuizou, na \u00faltima sexta-feira (22), uma a\u00e7\u00e3o civil p\u00fablica que visa obrigar o munic\u00edpio a prestar o servi\u00e7o de transporte coletivo todos os dias, de hora em hora, com os \u00faltimos hor\u00e1rios de sa\u00edda do Terminal de Integra\u00e7\u00e3o \u00e0s 23h. Na a\u00e7\u00e3o, o defensor cita que atualmente o servi\u00e7o vem sendo executado com sa\u00eddas em algumas linhas \u00e0s 5h10 e 6h, com paralisa\u00e7\u00f5es \u00e0s 9h, retomada \u00e0s 12h e nova paralisa\u00e7\u00e3o \u00e0s 19h, al\u00e9m dos s\u00e1bados, com \u00e0s sa\u00eddas ocorrendo todas \u00e0s 06h, de hora em hora, com paraliza\u00e7\u00e3o \u00e0s 08h, retorno \u00e0s 12h e nova paraliza\u00e7\u00e3o \u00e0s 14h, n\u00e3o sendo prestado o servi\u00e7o aos domingos e feriados.<br \/>\nSegundo o defensor, F\u00e1bio Henrique Esposto, a presta\u00e7\u00e3o na forma atual \u00e9 inadequada, pois deixa a popula\u00e7\u00e3o sem \u00f4nibus em v\u00e1rios dias e hor\u00e1rios e afronta diversos dispositivos da Constitui\u00e7\u00e3o Federal, do Plano Nacional de Mobilidade Urbana, da Lei Org\u00e2nica Municipal, do Plano Diretor Municipal e da Lei 8.987\/95 que regulamenta as concess\u00f5es e a popula\u00e7\u00e3o barretense mais pobre n\u00e3o pode ficar sem o direito fundamental ao transporte, pois muitas pessoas dependem do \u00f4nibus para se deslocar ao trabalho, aos equipamentos de sa\u00fade e para irem fazer compras ou mesmo desfrutar de momentos de lazer, n\u00e3o podendo ser a circula\u00e7\u00e3o na cidade restrita a quem possui carros ou motocicletas. \u201cO pr\u00f3prio edital de abril de 2021 da Prefeitura previa a presta\u00e7\u00e3o do servi\u00e7o de forma mais abrangente, e at\u00e9 janeiro de 2021 o servi\u00e7o era prestado com 25 linhas, com sa\u00eddas do Terminal de Integra\u00e7\u00e3o de 30 em 30 minutos, entre 06h e 23h59min, de modo que as 09 linhas atuais devem ao menos operar em hor\u00e1rio e dias mais abrangentes, ainda que com sa\u00eddas de hora em hora do Terminal\u201d, opinou o defensor.<br \/>\nNo pedido liminar, h\u00e1 requerimento de que seja determinado que o Munic\u00edpio passe a prestar o servi\u00e7o, no prazo de 10 dias, com sa\u00eddas dos \u00f4nibus do Terminal de Integra\u00e7\u00e3o de hora em hora, com in\u00edcio \u00e0s 06h e t\u00e9rmino \u00e0s 23h, todos os dias, inclu\u00eddos s\u00e1bados, domingos e feriados, sem paraliza\u00e7\u00f5es, mantendo-se, tamb\u00e9m, as linhas chamadas &#8220;Enfermeiras&#8221; nos hor\u00e1rios j\u00e1 existentes.<\/p>\n","protected":false},"excerpt":{"rendered":"<p>No pedido de liminar requer o cumprimento da volta dos<\/p>\n","protected":false},"author":2,"featured_media":27132,"comment_status":"open","ping_status":"open","sticky":false,"template":"","format":"standard","meta":{"footnotes":""},"categories":[14,25],"tags":[],"class_list":["post-55246","post","type-post","status-publish","format-standard","has-post-thumbnail","hentry","category-barretos","category-cidades"],"yoast_head":"<!-- This site is optimized with the Yoast SEO plugin v27.4 - https:\/\/yoast.com\/product\/yoast-seo-wordpress\/ -->\n<title>Defensoria pede retomada de \u00f4nibus todos os dias at\u00e9 23h em A\u00e7\u00e3o Civil P\u00fablica - Regi\u00e3o News<\/title>\n<meta name=\"robots\" content=\"index, follow, max-snippet:-1, max-image-preview:large, max-video-preview:-1\" \/>\n<link rel=\"canonical\" href=\"https:\/\/regiaonews.net.br\/2022\/2021\/10\/25\/defensoria-pede-retomada-de-onibus-todos-os-dias-ate-23h-em-acao-civil-publica\/\" \/>\n<meta property=\"og:locale\" content=\"pt_BR\" \/>\n<meta property=\"og:type\" content=\"article\" \/>\n<meta property=\"og:title\" content=\"Defensoria pede retomada de \u00f4nibus todos os dias at\u00e9 23h em A\u00e7\u00e3o Civil P\u00fablica - Regi\u00e3o News\" \/>\n<meta property=\"og:description\" content=\"No pedido de liminar requer o cumprimento da volta dos\" \/>\n<meta property=\"og:url\" content=\"https:\/\/regiaonews.net.br\/2022\/2021\/10\/25\/defensoria-pede-retomada-de-onibus-todos-os-dias-ate-23h-em-acao-civil-publica\/\" \/>\n<meta property=\"og:site_name\" content=\"Regi\u00e3o News\" \/>\n<meta property=\"article:published_time\" content=\"2021-10-25T19:44:37+00:00\" \/>\n<meta property=\"og:image\" content=\"https:\/\/regiaonews.net.br\/2022\/wp-content\/uploads\/2020\/01\/Sede-da-Defensoria-P\u00fablica-de-Barretos.jpg\" \/>\n\t<meta property=\"og:image:width\" content=\"650\" \/>\n\t<meta property=\"og:image:height\" content=\"450\" \/>\n\t<meta property=\"og:image:type\" content=\"image\/jpeg\" \/>\n<meta name=\"author\" content=\"Roberto\" \/>\n<meta name=\"twitter:card\" content=\"summary_large_image\" \/>\n<meta name=\"twitter:label1\" content=\"Escrito por\" \/>\n\t<meta name=\"twitter:data1\" content=\"Roberto\" \/>\n\t<meta name=\"twitter:label2\" content=\"Est. tempo de leitura\" \/>\n\t<meta name=\"twitter:data2\" content=\"2 minutos\" \/>\n<script type=\"application\/ld+json\" class=\"yoast-schema-graph\">{\"@context\":\"https:\\\/\\\/schema.org\",\"@graph\":[{\"@type\":\"Article\",\"@id\":\"https:\\\/\\\/regiaonews.net.br\\\/2022\\\/2021\\\/10\\\/25\\\/defensoria-pede-retomada-de-onibus-todos-os-dias-ate-23h-em-acao-civil-publica\\\/#article\",\"isPartOf\":{\"@id\":\"https:\\\/\\\/regiaonews.net.br\\\/2022\\\/2021\\\/10\\\/25\\\/defensoria-pede-retomada-de-onibus-todos-os-dias-ate-23h-em-acao-civil-publica\\\/\"},\"author\":{\"name\":\"Roberto\",\"@id\":\"https:\\\/\\\/regiaonews.net.br\\\/2022\\\/#\\\/schema\\\/person\\\/2d205a608a5aa97ac279d7a5e6d89ad8\"},\"headline\":\"Defensoria pede retomada de \u00f4nibus todos os dias at\u00e9 23h em A\u00e7\u00e3o Civil P\u00fablica\",\"datePublished\":\"2021-10-25T19:44:37+00:00\",\"mainEntityOfPage\":{\"@id\":\"https:\\\/\\\/regiaonews.net.br\\\/2022\\\/2021\\\/10\\\/25\\\/defensoria-pede-retomada-de-onibus-todos-os-dias-ate-23h-em-acao-civil-publica\\\/\"},\"wordCount\":430,\"commentCount\":0,\"publisher\":{\"@id\":\"https:\\\/\\\/regiaonews.net.br\\\/2022\\\/#organization\"},\"image\":{\"@id\":\"https:\\\/\\\/regiaonews.net.br\\\/2022\\\/2021\\\/10\\\/25\\\/defensoria-pede-retomada-de-onibus-todos-os-dias-ate-23h-em-acao-civil-publica\\\/#primaryimage\"},\"thumbnailUrl\":\"https:\\\/\\\/regiaonews.net.br\\\/2022\\\/wp-content\\\/uploads\\\/2020\\\/01\\\/Sede-da-Defensoria-P\u00fablica-de-Barretos.jpg\",\"articleSection\":[\"Barretos\",\"Cidades\"],\"inLanguage\":\"pt-BR\",\"potentialAction\":[{\"@type\":\"CommentAction\",\"name\":\"Comment\",\"target\":[\"https:\\\/\\\/regiaonews.net.br\\\/2022\\\/2021\\\/10\\\/25\\\/defensoria-pede-retomada-de-onibus-todos-os-dias-ate-23h-em-acao-civil-publica\\\/#respond\"]}]},{\"@type\":\"WebPage\",\"@id\":\"https:\\\/\\\/regiaonews.net.br\\\/2022\\\/2021\\\/10\\\/25\\\/defensoria-pede-retomada-de-onibus-todos-os-dias-ate-23h-em-acao-civil-publica\\\/\",\"url\":\"https:\\\/\\\/regiaonews.net.br\\\/2022\\\/2021\\\/10\\\/25\\\/defensoria-pede-retomada-de-onibus-todos-os-dias-ate-23h-em-acao-civil-publica\\\/\",\"name\":\"Defensoria pede retomada de \u00f4nibus todos os dias at\u00e9 23h em A\u00e7\u00e3o Civil P\u00fablica - Regi\u00e3o News\",\"isPartOf\":{\"@id\":\"https:\\\/\\\/regiaonews.net.br\\\/2022\\\/#website\"},\"primaryImageOfPage\":{\"@id\":\"https:\\\/\\\/regiaonews.net.br\\\/2022\\\/2021\\\/10\\\/25\\\/defensoria-pede-retomada-de-onibus-todos-os-dias-ate-23h-em-acao-civil-publica\\\/#primaryimage\"},\"image\":{\"@id\":\"https:\\\/\\\/regiaonews.net.br\\\/2022\\\/2021\\\/10\\\/25\\\/defensoria-pede-retomada-de-onibus-todos-os-dias-ate-23h-em-acao-civil-publica\\\/#primaryimage\"},\"thumbnailUrl\":\"https:\\\/\\\/regiaonews.net.br\\\/2022\\\/wp-content\\\/uploads\\\/2020\\\/01\\\/Sede-da-Defensoria-P\u00fablica-de-Barretos.jpg\",\"datePublished\":\"2021-10-25T19:44:37+00:00\",\"breadcrumb\":{\"@id\":\"https:\\\/\\\/regiaonews.net.br\\\/2022\\\/2021\\\/10\\\/25\\\/defensoria-pede-retomada-de-onibus-todos-os-dias-ate-23h-em-acao-civil-publica\\\/#breadcrumb\"},\"inLanguage\":\"pt-BR\",\"potentialAction\":[{\"@type\":\"ReadAction\",\"target\":[\"https:\\\/\\\/regiaonews.net.br\\\/2022\\\/2021\\\/10\\\/25\\\/defensoria-pede-retomada-de-onibus-todos-os-dias-ate-23h-em-acao-civil-publica\\\/\"]}]},{\"@type\":\"ImageObject\",\"inLanguage\":\"pt-BR\",\"@id\":\"https:\\\/\\\/regiaonews.net.br\\\/2022\\\/2021\\\/10\\\/25\\\/defensoria-pede-retomada-de-onibus-todos-os-dias-ate-23h-em-acao-civil-publica\\\/#primaryimage\",\"url\":\"https:\\\/\\\/regiaonews.net.br\\\/2022\\\/wp-content\\\/uploads\\\/2020\\\/01\\\/Sede-da-Defensoria-P\u00fablica-de-Barretos.jpg\",\"contentUrl\":\"https:\\\/\\\/regiaonews.net.br\\\/2022\\\/wp-content\\\/uploads\\\/2020\\\/01\\\/Sede-da-Defensoria-P\u00fablica-de-Barretos.jpg\",\"width\":650,\"height\":450},{\"@type\":\"BreadcrumbList\",\"@id\":\"https:\\\/\\\/regiaonews.net.br\\\/2022\\\/2021\\\/10\\\/25\\\/defensoria-pede-retomada-de-onibus-todos-os-dias-ate-23h-em-acao-civil-publica\\\/#breadcrumb\",\"itemListElement\":[{\"@type\":\"ListItem\",\"position\":1,\"name\":\"In\u00edcio\",\"item\":\"https:\\\/\\\/regiaonews.net.br\\\/2022\\\/\"},{\"@type\":\"ListItem\",\"position\":2,\"name\":\"Defensoria pede retomada de \u00f4nibus todos os dias at\u00e9 23h em A\u00e7\u00e3o Civil P\u00fablica\"}]},{\"@type\":\"WebSite\",\"@id\":\"https:\\\/\\\/regiaonews.net.br\\\/2022\\\/#website\",\"url\":\"https:\\\/\\\/regiaonews.net.br\\\/2022\\\/\",\"name\":\"Regi\u00e3o News\",\"description\":\"Site de Not\u00edcias de Barretos e regi\u00e3o\",\"publisher\":{\"@id\":\"https:\\\/\\\/regiaonews.net.br\\\/2022\\\/#organization\"},\"potentialAction\":[{\"@type\":\"SearchAction\",\"target\":{\"@type\":\"EntryPoint\",\"urlTemplate\":\"https:\\\/\\\/regiaonews.net.br\\\/2022\\\/?s={search_term_string}\"},\"query-input\":{\"@type\":\"PropertyValueSpecification\",\"valueRequired\":true,\"valueName\":\"search_term_string\"}}],\"inLanguage\":\"pt-BR\"},{\"@type\":\"Organization\",\"@id\":\"https:\\\/\\\/regiaonews.net.br\\\/2022\\\/#organization\",\"name\":\"Regi\u00e3o News\",\"url\":\"https:\\\/\\\/regiaonews.net.br\\\/2022\\\/\",\"logo\":{\"@type\":\"ImageObject\",\"inLanguage\":\"pt-BR\",\"@id\":\"https:\\\/\\\/regiaonews.net.br\\\/2022\\\/#\\\/schema\\\/logo\\\/image\\\/\",\"url\":\"https:\\\/\\\/regiaonews.net.br\\\/2022\\\/wp-content\\\/uploads\\\/2026\\\/03\\\/regiao-13-anos-scaled.jpg\",\"contentUrl\":\"https:\\\/\\\/regiaonews.net.br\\\/2022\\\/wp-content\\\/uploads\\\/2026\\\/03\\\/regiao-13-anos-scaled.jpg\",\"width\":2560,\"height\":635,\"caption\":\"Regi\u00e3o News\"},\"image\":{\"@id\":\"https:\\\/\\\/regiaonews.net.br\\\/2022\\\/#\\\/schema\\\/logo\\\/image\\\/\"}},{\"@type\":\"Person\",\"@id\":\"https:\\\/\\\/regiaonews.net.br\\\/2022\\\/#\\\/schema\\\/person\\\/2d205a608a5aa97ac279d7a5e6d89ad8\",\"name\":\"Roberto\",\"image\":{\"@type\":\"ImageObject\",\"inLanguage\":\"pt-BR\",\"@id\":\"https:\\\/\\\/secure.gravatar.com\\\/avatar\\\/42749d8b712ff9d59ca93dc150494e5b55a44134482993f5baeb97e61b7ecc89?s=96&d=mm&r=g\",\"url\":\"https:\\\/\\\/secure.gravatar.com\\\/avatar\\\/42749d8b712ff9d59ca93dc150494e5b55a44134482993f5baeb97e61b7ecc89?s=96&d=mm&r=g\",\"contentUrl\":\"https:\\\/\\\/secure.gravatar.com\\\/avatar\\\/42749d8b712ff9d59ca93dc150494e5b55a44134482993f5baeb97e61b7ecc89?s=96&d=mm&r=g\",\"caption\":\"Roberto\"},\"url\":\"https:\\\/\\\/regiaonews.net.br\\\/2022\\\/author\\\/roberto\\\/\"}]}<\/script>\n<!-- \/ Yoast SEO plugin. -->","yoast_head_json":{"title":"Defensoria pede retomada de \u00f4nibus todos os dias at\u00e9 23h em A\u00e7\u00e3o Civil P\u00fablica - Regi\u00e3o News","robots":{"index":"index","follow":"follow","max-snippet":"max-snippet:-1","max-image-preview":"max-image-preview:large","max-video-preview":"max-video-preview:-1"},"canonical":"https:\/\/regiaonews.net.br\/2022\/2021\/10\/25\/defensoria-pede-retomada-de-onibus-todos-os-dias-ate-23h-em-acao-civil-publica\/","og_locale":"pt_BR","og_type":"article","og_title":"Defensoria pede retomada de \u00f4nibus todos os dias at\u00e9 23h em A\u00e7\u00e3o Civil P\u00fablica - Regi\u00e3o News","og_description":"No pedido de liminar requer o cumprimento da volta dos","og_url":"https:\/\/regiaonews.net.br\/2022\/2021\/10\/25\/defensoria-pede-retomada-de-onibus-todos-os-dias-ate-23h-em-acao-civil-publica\/","og_site_name":"Regi\u00e3o News","article_published_time":"2021-10-25T19:44:37+00:00","og_image":[{"width":650,"height":450,"url":"https:\/\/regiaonews.net.br\/2022\/wp-content\/uploads\/2020\/01\/Sede-da-Defensoria-P\u00fablica-de-Barretos.jpg","type":"image\/jpeg"}],"author":"Roberto","twitter_card":"summary_large_image","twitter_misc":{"Escrito por":"Roberto","Est. tempo de leitura":"2 minutos"},"schema":{"@context":"https:\/\/schema.org","@graph":[{"@type":"Article","@id":"https:\/\/regiaonews.net.br\/2022\/2021\/10\/25\/defensoria-pede-retomada-de-onibus-todos-os-dias-ate-23h-em-acao-civil-publica\/#article","isPartOf":{"@id":"https:\/\/regiaonews.net.br\/2022\/2021\/10\/25\/defensoria-pede-retomada-de-onibus-todos-os-dias-ate-23h-em-acao-civil-publica\/"},"author":{"name":"Roberto","@id":"https:\/\/regiaonews.net.br\/2022\/#\/schema\/person\/2d205a608a5aa97ac279d7a5e6d89ad8"},"headline":"Defensoria pede retomada de \u00f4nibus todos os dias at\u00e9 23h em A\u00e7\u00e3o Civil P\u00fablica","datePublished":"2021-10-25T19:44:37+00:00","mainEntityOfPage":{"@id":"https:\/\/regiaonews.net.br\/2022\/2021\/10\/25\/defensoria-pede-retomada-de-onibus-todos-os-dias-ate-23h-em-acao-civil-publica\/"},"wordCount":430,"commentCount":0,"publisher":{"@id":"https:\/\/regiaonews.net.br\/2022\/#organization"},"image":{"@id":"https:\/\/regiaonews.net.br\/2022\/2021\/10\/25\/defensoria-pede-retomada-de-onibus-todos-os-dias-ate-23h-em-acao-civil-publica\/#primaryimage"},"thumbnailUrl":"https:\/\/regiaonews.net.br\/2022\/wp-content\/uploads\/2020\/01\/Sede-da-Defensoria-P\u00fablica-de-Barretos.jpg","articleSection":["Barretos","Cidades"],"inLanguage":"pt-BR","potentialAction":[{"@type":"CommentAction","name":"Comment","target":["https:\/\/regiaonews.net.br\/2022\/2021\/10\/25\/defensoria-pede-retomada-de-onibus-todos-os-dias-ate-23h-em-acao-civil-publica\/#respond"]}]},{"@type":"WebPage","@id":"https:\/\/regiaonews.net.br\/2022\/2021\/10\/25\/defensoria-pede-retomada-de-onibus-todos-os-dias-ate-23h-em-acao-civil-publica\/","url":"https:\/\/regiaonews.net.br\/2022\/2021\/10\/25\/defensoria-pede-retomada-de-onibus-todos-os-dias-ate-23h-em-acao-civil-publica\/","name":"Defensoria pede retomada de \u00f4nibus todos os dias at\u00e9 23h em A\u00e7\u00e3o Civil P\u00fablica - Regi\u00e3o News","isPartOf":{"@id":"https:\/\/regiaonews.net.br\/2022\/#website"},"primaryImageOfPage":{"@id":"https:\/\/regiaonews.net.br\/2022\/2021\/10\/25\/defensoria-pede-retomada-de-onibus-todos-os-dias-ate-23h-em-acao-civil-publica\/#primaryimage"},"image":{"@id":"https:\/\/regiaonews.net.br\/2022\/2021\/10\/25\/defensoria-pede-retomada-de-onibus-todos-os-dias-ate-23h-em-acao-civil-publica\/#primaryimage"},"thumbnailUrl":"https:\/\/regiaonews.net.br\/2022\/wp-content\/uploads\/2020\/01\/Sede-da-Defensoria-P\u00fablica-de-Barretos.jpg","datePublished":"2021-10-25T19:44:37+00:00","breadcrumb":{"@id":"https:\/\/regiaonews.net.br\/2022\/2021\/10\/25\/defensoria-pede-retomada-de-onibus-todos-os-dias-ate-23h-em-acao-civil-publica\/#breadcrumb"},"inLanguage":"pt-BR","potentialAction":[{"@type":"ReadAction","target":["https:\/\/regiaonews.net.br\/2022\/2021\/10\/25\/defensoria-pede-retomada-de-onibus-todos-os-dias-ate-23h-em-acao-civil-publica\/"]}]},{"@type":"ImageObject","inLanguage":"pt-BR","@id":"https:\/\/regiaonews.net.br\/2022\/2021\/10\/25\/defensoria-pede-retomada-de-onibus-todos-os-dias-ate-23h-em-acao-civil-publica\/#primaryimage","url":"https:\/\/regiaonews.net.br\/2022\/wp-content\/uploads\/2020\/01\/Sede-da-Defensoria-P\u00fablica-de-Barretos.jpg","contentUrl":"https:\/\/regiaonews.net.br\/2022\/wp-content\/uploads\/2020\/01\/Sede-da-Defensoria-P\u00fablica-de-Barretos.jpg","width":650,"height":450},{"@type":"BreadcrumbList","@id":"https:\/\/regiaonews.net.br\/2022\/2021\/10\/25\/defensoria-pede-retomada-de-onibus-todos-os-dias-ate-23h-em-acao-civil-publica\/#breadcrumb","itemListElement":[{"@type":"ListItem","position":1,"name":"In\u00edcio","item":"https:\/\/regiaonews.net.br\/2022\/"},{"@type":"ListItem","position":2,"name":"Defensoria pede retomada de \u00f4nibus todos os dias at\u00e9 23h em A\u00e7\u00e3o Civil P\u00fablica"}]},{"@type":"WebSite","@id":"https:\/\/regiaonews.net.br\/2022\/#website","url":"https:\/\/regiaonews.net.br\/2022\/","name":"Regi\u00e3o News","description":"Site de Not\u00edcias de Barretos e regi\u00e3o","publisher":{"@id":"https:\/\/regiaonews.net.br\/2022\/#organization"},"potentialAction":[{"@type":"SearchAction","target":{"@type":"EntryPoint","urlTemplate":"https:\/\/regiaonews.net.br\/2022\/?s={search_term_string}"},"query-input":{"@type":"PropertyValueSpecification","valueRequired":true,"valueName":"search_term_string"}}],"inLanguage":"pt-BR"},{"@type":"Organization","@id":"https:\/\/regiaonews.net.br\/2022\/#organization","name":"Regi\u00e3o News","url":"https:\/\/regiaonews.net.br\/2022\/","logo":{"@type":"ImageObject","inLanguage":"pt-BR","@id":"https:\/\/regiaonews.net.br\/2022\/#\/schema\/logo\/image\/","url":"https:\/\/regiaonews.net.br\/2022\/wp-content\/uploads\/2026\/03\/regiao-13-anos-scaled.jpg","contentUrl":"https:\/\/regiaonews.net.br\/2022\/wp-content\/uploads\/2026\/03\/regiao-13-anos-scaled.jpg","width":2560,"height":635,"caption":"Regi\u00e3o News"},"image":{"@id":"https:\/\/regiaonews.net.br\/2022\/#\/schema\/logo\/image\/"}},{"@type":"Person","@id":"https:\/\/regiaonews.net.br\/2022\/#\/schema\/person\/2d205a608a5aa97ac279d7a5e6d89ad8","name":"Roberto","image":{"@type":"ImageObject","inLanguage":"pt-BR","@id":"https:\/\/secure.gravatar.com\/avatar\/42749d8b712ff9d59ca93dc150494e5b55a44134482993f5baeb97e61b7ecc89?s=96&d=mm&r=g","url":"https:\/\/secure.gravatar.com\/avatar\/42749d8b712ff9d59ca93dc150494e5b55a44134482993f5baeb97e61b7ecc89?s=96&d=mm&r=g","contentUrl":"https:\/\/secure.gravatar.com\/avatar\/42749d8b712ff9d59ca93dc150494e5b55a44134482993f5baeb97e61b7ecc89?s=96&d=mm&r=g","caption":"Roberto"},"url":"https:\/\/regiaonews.net.br\/2022\/author\/roberto\/"}]}},"publishpress_future_action":{"enabled":false,"date":"2026-05-04 20:25:56","action":"change-status","newStatus":"draft","terms":[],"taxonomy":"category","extraData":[]},"publishpress_future_workflow_manual_trigger":{"enabledWorkflows":[]},"_links":{"self":[{"href":"https:\/\/regiaonews.net.br\/2022\/wp-json\/wp\/v2\/posts\/55246","targetHints":{"allow":["GET"]}}],"collection":[{"href":"https:\/\/regiaonews.net.br\/2022\/wp-json\/wp\/v2\/posts"}],"about":[{"href":"https:\/\/regiaonews.net.br\/2022\/wp-json\/wp\/v2\/types\/post"}],"author":[{"embeddable":true,"href":"https:\/\/regiaonews.net.br\/2022\/wp-json\/wp\/v2\/users\/2"}],"replies":[{"embeddable":true,"href":"https:\/\/regiaonews.net.br\/2022\/wp-json\/wp\/v2\/comments?post=55246"}],"version-history":[{"count":0,"href":"https:\/\/regiaonews.net.br\/2022\/wp-json\/wp\/v2\/posts\/55246\/revisions"}],"wp:featuredmedia":[{"embeddable":true,"href":"https:\/\/regiaonews.net.br\/2022\/wp-json\/wp\/v2\/media\/27132"}],"wp:attachment":[{"href":"https:\/\/regiaonews.net.br\/2022\/wp-json\/wp\/v2\/media?parent=55246"}],"wp:term":[{"taxonomy":"category","embeddable":true,"href":"https:\/\/regiaonews.net.br\/2022\/wp-json\/wp\/v2\/categories?post=55246"},{"taxonomy":"post_tag","embeddable":true,"href":"https:\/\/regiaonews.net.br\/2022\/wp-json\/wp\/v2\/tags?post=55246"}],"curies":[{"name":"wp","href":"https:\/\/api.w.org\/{rel}","templated":true}]}}