{"id":55242,"date":"2021-10-25T16:05:45","date_gmt":"2021-10-25T19:05:45","guid":{"rendered":"https:\/\/regiaonews.net.br\/2022\/?p=55242"},"modified":"2021-10-25T16:11:36","modified_gmt":"2021-10-25T19:11:36","slug":"jantar-empresario-e-empresaria-do-ano-2020-tem-mesas-a-venda-e-apresentacao-de-jacqueline-brito-e-geraldo-neto","status":"publish","type":"post","link":"https:\/\/regiaonews.net.br\/2022\/2021\/10\/25\/jantar-empresario-e-empresaria-do-ano-2020-tem-mesas-a-venda-e-apresentacao-de-jacqueline-brito-e-geraldo-neto\/","title":{"rendered":"Jantar Empres\u00e1rio e Empres\u00e1ria do ano 2020 tem mesas \u00e0 venda e apresenta\u00e7\u00e3o de Jacqueline Brito e Geraldo Neto"},"content":{"rendered":"<div><i>Mesas podem ser adquiridas pelo telefone 17 33213200 na ACIB<\/i><\/div>\n<p>O \u00a0jantar \u201cEmpres\u00e1rio e Empres\u00e1ria do ano\u201d, que homenagear\u00e1 os Os empres\u00e1rios Vera Lucia Dini Pivotto Abe do King Studio\u00a0 e Giovani Barroti da ALL Plant, vencedores da pesquisa \u201cEmpres\u00e1rio e Empres\u00e1ria do Ano 2020\u201d est\u00e1 \u00a0marcado\u00a0 para o dia 20 de novembro\/ 2021 no Espa\u00e7o Berrant\u00e3o e continua com as ades\u00f5es \u00e0 venda exclusivamente na ACIB. A noite contar\u00e1 com a apresenta\u00e7\u00e3o da dupla Jacqueline Brito e Geraldo Neto.<\/p>\n<p><a href=\"https:\/\/regiaonews.net.br\/2022\/wp-content\/uploads\/2021\/10\/GERALDO-NETO.jpeg\"><img loading=\"lazy\" decoding=\"async\" class=\"alignnone size-medium wp-image-55243\" src=\"https:\/\/regiaonews.net.br\/2022\/wp-content\/uploads\/2021\/10\/GERALDO-NETO-200x300.jpeg\" alt=\"\" width=\"200\" height=\"300\" \/><\/a> <a href=\"https:\/\/regiaonews.net.br\/2022\/wp-content\/uploads\/2021\/10\/JAQUELINE-BRITO.jpeg\"><img loading=\"lazy\" decoding=\"async\" class=\"alignnone size-medium wp-image-55244\" src=\"https:\/\/regiaonews.net.br\/2022\/wp-content\/uploads\/2021\/10\/JAQUELINE-BRITO-200x300.jpeg\" alt=\"\" width=\"200\" height=\"300\" \/><\/a><\/p>\n<p>Jacqueline Brito \u00e9 apresentadora, radialista e assistente social, e atualmente integra o projeto multiplataformas do Grupo Monteiro de Barros.. Com experi\u00eancia nas passarelas de moda e concursos de beleza, conquistou t\u00edtulos como Miss S\u00e3o Paulo, Rainha da Festa do Pe\u00e3o de Boiadeiro de Barretos e Beleza Verdade Regional. Atuou profissionalmente nas telas do SBT, Rede Record e Rede Bandeirantes\/ Clube Verdade e atuou na TV Barretos como rep\u00f3rter produtora e apresentadora.<\/p>\n<p>Geraldo Neto \u00e9 jornalista. Come\u00e7ou sua carreira na ALL TV, uma TV a cabo de SP., quando ainda estava na Universidade. Logo que se formou foi convidado\u00a0\u00a0para trabalhar na Globo Tocantins. TV Anhanguera, onde trabalhou como\u00a0\u00a0rep\u00f3rter e apresentador, incluindo reportagens no programa Globo Rural. Em 2009 foi convidado a trabalhar na EPTV e a partir de 2012 tornou-se editor de esportes. Tamb\u00e9m faz reportagens, principalmente para o canal Sportv.<\/p>\n<p>Informa\u00e7\u00f5es sobre mesas e valores devem ser tratados com Magali pelo telefone: 17 3321 3200 de segunda a sexta das 8h \u00e0s 17h e aos s\u00e1bados das 9h \u00e0s 12h.<\/p>\n","protected":false},"excerpt":{"rendered":"<p>Mesas podem ser adquiridas pelo telefone 17 33213200 na ACIB<\/p>\n","protected":false},"author":2,"featured_media":9472,"comment_status":"open","ping_status":"open","sticky":false,"template":"","format":"standard","meta":{"footnotes":""},"categories":[14,25],"tags":[],"class_list":["post-55242","post","type-post","status-publish","format-standard","has-post-thumbnail","hentry","category-barretos","category-cidades"],"yoast_head":"<!-- This site is optimized with the Yoast SEO plugin v27.4 - https:\/\/yoast.com\/product\/yoast-seo-wordpress\/ -->\n<title>Jantar Empres\u00e1rio e Empres\u00e1ria do ano 2020 tem mesas \u00e0 venda e apresenta\u00e7\u00e3o de Jacqueline Brito e Geraldo Neto - Regi\u00e3o News<\/title>\n<meta name=\"robots\" content=\"index, follow, max-snippet:-1, max-image-preview:large, max-video-preview:-1\" \/>\n<link rel=\"canonical\" href=\"https:\/\/regiaonews.net.br\/2022\/2021\/10\/25\/jantar-empresario-e-empresaria-do-ano-2020-tem-mesas-a-venda-e-apresentacao-de-jacqueline-brito-e-geraldo-neto\/\" \/>\n<meta property=\"og:locale\" content=\"pt_BR\" \/>\n<meta property=\"og:type\" content=\"article\" \/>\n<meta property=\"og:title\" content=\"Jantar Empres\u00e1rio e Empres\u00e1ria do ano 2020 tem mesas \u00e0 venda e apresenta\u00e7\u00e3o de Jacqueline Brito e Geraldo Neto - Regi\u00e3o News\" \/>\n<meta property=\"og:description\" content=\"Mesas podem ser adquiridas pelo telefone 17 33213200 na ACIB\" \/>\n<meta property=\"og:url\" content=\"https:\/\/regiaonews.net.br\/2022\/2021\/10\/25\/jantar-empresario-e-empresaria-do-ano-2020-tem-mesas-a-venda-e-apresentacao-de-jacqueline-brito-e-geraldo-neto\/\" \/>\n<meta property=\"og:site_name\" content=\"Regi\u00e3o News\" \/>\n<meta property=\"article:published_time\" content=\"2021-10-25T19:05:45+00:00\" \/>\n<meta property=\"article:modified_time\" content=\"2021-10-25T19:11:36+00:00\" \/>\n<meta property=\"og:image\" content=\"https:\/\/regiaonews.net.br\/2022\/wp-content\/uploads\/2017\/11\/comercio-barretos.jpg\" \/>\n\t<meta property=\"og:image:width\" content=\"530\" \/>\n\t<meta property=\"og:image:height\" content=\"274\" \/>\n\t<meta property=\"og:image:type\" content=\"image\/jpeg\" \/>\n<meta name=\"author\" content=\"Roberto\" \/>\n<meta name=\"twitter:card\" content=\"summary_large_image\" \/>\n<meta name=\"twitter:label1\" content=\"Escrito por\" \/>\n\t<meta name=\"twitter:data1\" content=\"Roberto\" \/>\n\t<meta name=\"twitter:label2\" content=\"Est. tempo de leitura\" \/>\n\t<meta name=\"twitter:data2\" content=\"1 minuto\" \/>\n<script type=\"application\/ld+json\" class=\"yoast-schema-graph\">{\"@context\":\"https:\\\/\\\/schema.org\",\"@graph\":[{\"@type\":\"Article\",\"@id\":\"https:\\\/\\\/regiaonews.net.br\\\/2022\\\/2021\\\/10\\\/25\\\/jantar-empresario-e-empresaria-do-ano-2020-tem-mesas-a-venda-e-apresentacao-de-jacqueline-brito-e-geraldo-neto\\\/#article\",\"isPartOf\":{\"@id\":\"https:\\\/\\\/regiaonews.net.br\\\/2022\\\/2021\\\/10\\\/25\\\/jantar-empresario-e-empresaria-do-ano-2020-tem-mesas-a-venda-e-apresentacao-de-jacqueline-brito-e-geraldo-neto\\\/\"},\"author\":{\"name\":\"Roberto\",\"@id\":\"https:\\\/\\\/regiaonews.net.br\\\/2022\\\/#\\\/schema\\\/person\\\/2d205a608a5aa97ac279d7a5e6d89ad8\"},\"headline\":\"Jantar Empres\u00e1rio e Empres\u00e1ria do ano 2020 tem mesas \u00e0 venda e apresenta\u00e7\u00e3o de Jacqueline Brito e Geraldo Neto\",\"datePublished\":\"2021-10-25T19:05:45+00:00\",\"dateModified\":\"2021-10-25T19:11:36+00:00\",\"mainEntityOfPage\":{\"@id\":\"https:\\\/\\\/regiaonews.net.br\\\/2022\\\/2021\\\/10\\\/25\\\/jantar-empresario-e-empresaria-do-ano-2020-tem-mesas-a-venda-e-apresentacao-de-jacqueline-brito-e-geraldo-neto\\\/\"},\"wordCount\":278,\"commentCount\":0,\"publisher\":{\"@id\":\"https:\\\/\\\/regiaonews.net.br\\\/2022\\\/#organization\"},\"image\":{\"@id\":\"https:\\\/\\\/regiaonews.net.br\\\/2022\\\/2021\\\/10\\\/25\\\/jantar-empresario-e-empresaria-do-ano-2020-tem-mesas-a-venda-e-apresentacao-de-jacqueline-brito-e-geraldo-neto\\\/#primaryimage\"},\"thumbnailUrl\":\"https:\\\/\\\/regiaonews.net.br\\\/2022\\\/wp-content\\\/uploads\\\/2017\\\/11\\\/comercio-barretos.jpg\",\"articleSection\":[\"Barretos\",\"Cidades\"],\"inLanguage\":\"pt-BR\",\"potentialAction\":[{\"@type\":\"CommentAction\",\"name\":\"Comment\",\"target\":[\"https:\\\/\\\/regiaonews.net.br\\\/2022\\\/2021\\\/10\\\/25\\\/jantar-empresario-e-empresaria-do-ano-2020-tem-mesas-a-venda-e-apresentacao-de-jacqueline-brito-e-geraldo-neto\\\/#respond\"]}]},{\"@type\":\"WebPage\",\"@id\":\"https:\\\/\\\/regiaonews.net.br\\\/2022\\\/2021\\\/10\\\/25\\\/jantar-empresario-e-empresaria-do-ano-2020-tem-mesas-a-venda-e-apresentacao-de-jacqueline-brito-e-geraldo-neto\\\/\",\"url\":\"https:\\\/\\\/regiaonews.net.br\\\/2022\\\/2021\\\/10\\\/25\\\/jantar-empresario-e-empresaria-do-ano-2020-tem-mesas-a-venda-e-apresentacao-de-jacqueline-brito-e-geraldo-neto\\\/\",\"name\":\"Jantar Empres\u00e1rio e Empres\u00e1ria do ano 2020 tem mesas \u00e0 venda e apresenta\u00e7\u00e3o de Jacqueline Brito e Geraldo Neto - Regi\u00e3o News\",\"isPartOf\":{\"@id\":\"https:\\\/\\\/regiaonews.net.br\\\/2022\\\/#website\"},\"primaryImageOfPage\":{\"@id\":\"https:\\\/\\\/regiaonews.net.br\\\/2022\\\/2021\\\/10\\\/25\\\/jantar-empresario-e-empresaria-do-ano-2020-tem-mesas-a-venda-e-apresentacao-de-jacqueline-brito-e-geraldo-neto\\\/#primaryimage\"},\"image\":{\"@id\":\"https:\\\/\\\/regiaonews.net.br\\\/2022\\\/2021\\\/10\\\/25\\\/jantar-empresario-e-empresaria-do-ano-2020-tem-mesas-a-venda-e-apresentacao-de-jacqueline-brito-e-geraldo-neto\\\/#primaryimage\"},\"thumbnailUrl\":\"https:\\\/\\\/regiaonews.net.br\\\/2022\\\/wp-content\\\/uploads\\\/2017\\\/11\\\/comercio-barretos.jpg\",\"datePublished\":\"2021-10-25T19:05:45+00:00\",\"dateModified\":\"2021-10-25T19:11:36+00:00\",\"breadcrumb\":{\"@id\":\"https:\\\/\\\/regiaonews.net.br\\\/2022\\\/2021\\\/10\\\/25\\\/jantar-empresario-e-empresaria-do-ano-2020-tem-mesas-a-venda-e-apresentacao-de-jacqueline-brito-e-geraldo-neto\\\/#breadcrumb\"},\"inLanguage\":\"pt-BR\",\"potentialAction\":[{\"@type\":\"ReadAction\",\"target\":[\"https:\\\/\\\/regiaonews.net.br\\\/2022\\\/2021\\\/10\\\/25\\\/jantar-empresario-e-empresaria-do-ano-2020-tem-mesas-a-venda-e-apresentacao-de-jacqueline-brito-e-geraldo-neto\\\/\"]}]},{\"@type\":\"ImageObject\",\"inLanguage\":\"pt-BR\",\"@id\":\"https:\\\/\\\/regiaonews.net.br\\\/2022\\\/2021\\\/10\\\/25\\\/jantar-empresario-e-empresaria-do-ano-2020-tem-mesas-a-venda-e-apresentacao-de-jacqueline-brito-e-geraldo-neto\\\/#primaryimage\",\"url\":\"https:\\\/\\\/regiaonews.net.br\\\/2022\\\/wp-content\\\/uploads\\\/2017\\\/11\\\/comercio-barretos.jpg\",\"contentUrl\":\"https:\\\/\\\/regiaonews.net.br\\\/2022\\\/wp-content\\\/uploads\\\/2017\\\/11\\\/comercio-barretos.jpg\",\"width\":530,\"height\":274},{\"@type\":\"BreadcrumbList\",\"@id\":\"https:\\\/\\\/regiaonews.net.br\\\/2022\\\/2021\\\/10\\\/25\\\/jantar-empresario-e-empresaria-do-ano-2020-tem-mesas-a-venda-e-apresentacao-de-jacqueline-brito-e-geraldo-neto\\\/#breadcrumb\",\"itemListElement\":[{\"@type\":\"ListItem\",\"position\":1,\"name\":\"In\u00edcio\",\"item\":\"https:\\\/\\\/regiaonews.net.br\\\/2022\\\/\"},{\"@type\":\"ListItem\",\"position\":2,\"name\":\"Jantar Empres\u00e1rio e Empres\u00e1ria do ano 2020 tem mesas \u00e0 venda e apresenta\u00e7\u00e3o de Jacqueline Brito e Geraldo Neto\"}]},{\"@type\":\"WebSite\",\"@id\":\"https:\\\/\\\/regiaonews.net.br\\\/2022\\\/#website\",\"url\":\"https:\\\/\\\/regiaonews.net.br\\\/2022\\\/\",\"name\":\"Regi\u00e3o News\",\"description\":\"Site de Not\u00edcias de Barretos e regi\u00e3o\",\"publisher\":{\"@id\":\"https:\\\/\\\/regiaonews.net.br\\\/2022\\\/#organization\"},\"potentialAction\":[{\"@type\":\"SearchAction\",\"target\":{\"@type\":\"EntryPoint\",\"urlTemplate\":\"https:\\\/\\\/regiaonews.net.br\\\/2022\\\/?s={search_term_string}\"},\"query-input\":{\"@type\":\"PropertyValueSpecification\",\"valueRequired\":true,\"valueName\":\"search_term_string\"}}],\"inLanguage\":\"pt-BR\"},{\"@type\":\"Organization\",\"@id\":\"https:\\\/\\\/regiaonews.net.br\\\/2022\\\/#organization\",\"name\":\"Regi\u00e3o News\",\"url\":\"https:\\\/\\\/regiaonews.net.br\\\/2022\\\/\",\"logo\":{\"@type\":\"ImageObject\",\"inLanguage\":\"pt-BR\",\"@id\":\"https:\\\/\\\/regiaonews.net.br\\\/2022\\\/#\\\/schema\\\/logo\\\/image\\\/\",\"url\":\"https:\\\/\\\/regiaonews.net.br\\\/2022\\\/wp-content\\\/uploads\\\/2026\\\/03\\\/regiao-13-anos-scaled.jpg\",\"contentUrl\":\"https:\\\/\\\/regiaonews.net.br\\\/2022\\\/wp-content\\\/uploads\\\/2026\\\/03\\\/regiao-13-anos-scaled.jpg\",\"width\":2560,\"height\":635,\"caption\":\"Regi\u00e3o News\"},\"image\":{\"@id\":\"https:\\\/\\\/regiaonews.net.br\\\/2022\\\/#\\\/schema\\\/logo\\\/image\\\/\"}},{\"@type\":\"Person\",\"@id\":\"https:\\\/\\\/regiaonews.net.br\\\/2022\\\/#\\\/schema\\\/person\\\/2d205a608a5aa97ac279d7a5e6d89ad8\",\"name\":\"Roberto\",\"image\":{\"@type\":\"ImageObject\",\"inLanguage\":\"pt-BR\",\"@id\":\"https:\\\/\\\/secure.gravatar.com\\\/avatar\\\/42749d8b712ff9d59ca93dc150494e5b55a44134482993f5baeb97e61b7ecc89?s=96&d=mm&r=g\",\"url\":\"https:\\\/\\\/secure.gravatar.com\\\/avatar\\\/42749d8b712ff9d59ca93dc150494e5b55a44134482993f5baeb97e61b7ecc89?s=96&d=mm&r=g\",\"contentUrl\":\"https:\\\/\\\/secure.gravatar.com\\\/avatar\\\/42749d8b712ff9d59ca93dc150494e5b55a44134482993f5baeb97e61b7ecc89?s=96&d=mm&r=g\",\"caption\":\"Roberto\"},\"url\":\"https:\\\/\\\/regiaonews.net.br\\\/2022\\\/author\\\/roberto\\\/\"}]}<\/script>\n<!-- \/ Yoast SEO plugin. -->","yoast_head_json":{"title":"Jantar Empres\u00e1rio e Empres\u00e1ria do ano 2020 tem mesas \u00e0 venda e apresenta\u00e7\u00e3o de Jacqueline Brito e Geraldo Neto - Regi\u00e3o News","robots":{"index":"index","follow":"follow","max-snippet":"max-snippet:-1","max-image-preview":"max-image-preview:large","max-video-preview":"max-video-preview:-1"},"canonical":"https:\/\/regiaonews.net.br\/2022\/2021\/10\/25\/jantar-empresario-e-empresaria-do-ano-2020-tem-mesas-a-venda-e-apresentacao-de-jacqueline-brito-e-geraldo-neto\/","og_locale":"pt_BR","og_type":"article","og_title":"Jantar Empres\u00e1rio e Empres\u00e1ria do ano 2020 tem mesas \u00e0 venda e apresenta\u00e7\u00e3o de Jacqueline Brito e Geraldo Neto - Regi\u00e3o News","og_description":"Mesas podem ser adquiridas pelo telefone 17 33213200 na ACIB","og_url":"https:\/\/regiaonews.net.br\/2022\/2021\/10\/25\/jantar-empresario-e-empresaria-do-ano-2020-tem-mesas-a-venda-e-apresentacao-de-jacqueline-brito-e-geraldo-neto\/","og_site_name":"Regi\u00e3o News","article_published_time":"2021-10-25T19:05:45+00:00","article_modified_time":"2021-10-25T19:11:36+00:00","og_image":[{"width":530,"height":274,"url":"https:\/\/regiaonews.net.br\/2022\/wp-content\/uploads\/2017\/11\/comercio-barretos.jpg","type":"image\/jpeg"}],"author":"Roberto","twitter_card":"summary_large_image","twitter_misc":{"Escrito por":"Roberto","Est. tempo de leitura":"1 minuto"},"schema":{"@context":"https:\/\/schema.org","@graph":[{"@type":"Article","@id":"https:\/\/regiaonews.net.br\/2022\/2021\/10\/25\/jantar-empresario-e-empresaria-do-ano-2020-tem-mesas-a-venda-e-apresentacao-de-jacqueline-brito-e-geraldo-neto\/#article","isPartOf":{"@id":"https:\/\/regiaonews.net.br\/2022\/2021\/10\/25\/jantar-empresario-e-empresaria-do-ano-2020-tem-mesas-a-venda-e-apresentacao-de-jacqueline-brito-e-geraldo-neto\/"},"author":{"name":"Roberto","@id":"https:\/\/regiaonews.net.br\/2022\/#\/schema\/person\/2d205a608a5aa97ac279d7a5e6d89ad8"},"headline":"Jantar Empres\u00e1rio e Empres\u00e1ria do ano 2020 tem mesas \u00e0 venda e apresenta\u00e7\u00e3o de Jacqueline Brito e Geraldo Neto","datePublished":"2021-10-25T19:05:45+00:00","dateModified":"2021-10-25T19:11:36+00:00","mainEntityOfPage":{"@id":"https:\/\/regiaonews.net.br\/2022\/2021\/10\/25\/jantar-empresario-e-empresaria-do-ano-2020-tem-mesas-a-venda-e-apresentacao-de-jacqueline-brito-e-geraldo-neto\/"},"wordCount":278,"commentCount":0,"publisher":{"@id":"https:\/\/regiaonews.net.br\/2022\/#organization"},"image":{"@id":"https:\/\/regiaonews.net.br\/2022\/2021\/10\/25\/jantar-empresario-e-empresaria-do-ano-2020-tem-mesas-a-venda-e-apresentacao-de-jacqueline-brito-e-geraldo-neto\/#primaryimage"},"thumbnailUrl":"https:\/\/regiaonews.net.br\/2022\/wp-content\/uploads\/2017\/11\/comercio-barretos.jpg","articleSection":["Barretos","Cidades"],"inLanguage":"pt-BR","potentialAction":[{"@type":"CommentAction","name":"Comment","target":["https:\/\/regiaonews.net.br\/2022\/2021\/10\/25\/jantar-empresario-e-empresaria-do-ano-2020-tem-mesas-a-venda-e-apresentacao-de-jacqueline-brito-e-geraldo-neto\/#respond"]}]},{"@type":"WebPage","@id":"https:\/\/regiaonews.net.br\/2022\/2021\/10\/25\/jantar-empresario-e-empresaria-do-ano-2020-tem-mesas-a-venda-e-apresentacao-de-jacqueline-brito-e-geraldo-neto\/","url":"https:\/\/regiaonews.net.br\/2022\/2021\/10\/25\/jantar-empresario-e-empresaria-do-ano-2020-tem-mesas-a-venda-e-apresentacao-de-jacqueline-brito-e-geraldo-neto\/","name":"Jantar Empres\u00e1rio e Empres\u00e1ria do ano 2020 tem mesas \u00e0 venda e apresenta\u00e7\u00e3o de Jacqueline Brito e Geraldo Neto - Regi\u00e3o News","isPartOf":{"@id":"https:\/\/regiaonews.net.br\/2022\/#website"},"primaryImageOfPage":{"@id":"https:\/\/regiaonews.net.br\/2022\/2021\/10\/25\/jantar-empresario-e-empresaria-do-ano-2020-tem-mesas-a-venda-e-apresentacao-de-jacqueline-brito-e-geraldo-neto\/#primaryimage"},"image":{"@id":"https:\/\/regiaonews.net.br\/2022\/2021\/10\/25\/jantar-empresario-e-empresaria-do-ano-2020-tem-mesas-a-venda-e-apresentacao-de-jacqueline-brito-e-geraldo-neto\/#primaryimage"},"thumbnailUrl":"https:\/\/regiaonews.net.br\/2022\/wp-content\/uploads\/2017\/11\/comercio-barretos.jpg","datePublished":"2021-10-25T19:05:45+00:00","dateModified":"2021-10-25T19:11:36+00:00","breadcrumb":{"@id":"https:\/\/regiaonews.net.br\/2022\/2021\/10\/25\/jantar-empresario-e-empresaria-do-ano-2020-tem-mesas-a-venda-e-apresentacao-de-jacqueline-brito-e-geraldo-neto\/#breadcrumb"},"inLanguage":"pt-BR","potentialAction":[{"@type":"ReadAction","target":["https:\/\/regiaonews.net.br\/2022\/2021\/10\/25\/jantar-empresario-e-empresaria-do-ano-2020-tem-mesas-a-venda-e-apresentacao-de-jacqueline-brito-e-geraldo-neto\/"]}]},{"@type":"ImageObject","inLanguage":"pt-BR","@id":"https:\/\/regiaonews.net.br\/2022\/2021\/10\/25\/jantar-empresario-e-empresaria-do-ano-2020-tem-mesas-a-venda-e-apresentacao-de-jacqueline-brito-e-geraldo-neto\/#primaryimage","url":"https:\/\/regiaonews.net.br\/2022\/wp-content\/uploads\/2017\/11\/comercio-barretos.jpg","contentUrl":"https:\/\/regiaonews.net.br\/2022\/wp-content\/uploads\/2017\/11\/comercio-barretos.jpg","width":530,"height":274},{"@type":"BreadcrumbList","@id":"https:\/\/regiaonews.net.br\/2022\/2021\/10\/25\/jantar-empresario-e-empresaria-do-ano-2020-tem-mesas-a-venda-e-apresentacao-de-jacqueline-brito-e-geraldo-neto\/#breadcrumb","itemListElement":[{"@type":"ListItem","position":1,"name":"In\u00edcio","item":"https:\/\/regiaonews.net.br\/2022\/"},{"@type":"ListItem","position":2,"name":"Jantar Empres\u00e1rio e Empres\u00e1ria do ano 2020 tem mesas \u00e0 venda e apresenta\u00e7\u00e3o de Jacqueline Brito e Geraldo Neto"}]},{"@type":"WebSite","@id":"https:\/\/regiaonews.net.br\/2022\/#website","url":"https:\/\/regiaonews.net.br\/2022\/","name":"Regi\u00e3o News","description":"Site de Not\u00edcias de Barretos e regi\u00e3o","publisher":{"@id":"https:\/\/regiaonews.net.br\/2022\/#organization"},"potentialAction":[{"@type":"SearchAction","target":{"@type":"EntryPoint","urlTemplate":"https:\/\/regiaonews.net.br\/2022\/?s={search_term_string}"},"query-input":{"@type":"PropertyValueSpecification","valueRequired":true,"valueName":"search_term_string"}}],"inLanguage":"pt-BR"},{"@type":"Organization","@id":"https:\/\/regiaonews.net.br\/2022\/#organization","name":"Regi\u00e3o News","url":"https:\/\/regiaonews.net.br\/2022\/","logo":{"@type":"ImageObject","inLanguage":"pt-BR","@id":"https:\/\/regiaonews.net.br\/2022\/#\/schema\/logo\/image\/","url":"https:\/\/regiaonews.net.br\/2022\/wp-content\/uploads\/2026\/03\/regiao-13-anos-scaled.jpg","contentUrl":"https:\/\/regiaonews.net.br\/2022\/wp-content\/uploads\/2026\/03\/regiao-13-anos-scaled.jpg","width":2560,"height":635,"caption":"Regi\u00e3o News"},"image":{"@id":"https:\/\/regiaonews.net.br\/2022\/#\/schema\/logo\/image\/"}},{"@type":"Person","@id":"https:\/\/regiaonews.net.br\/2022\/#\/schema\/person\/2d205a608a5aa97ac279d7a5e6d89ad8","name":"Roberto","image":{"@type":"ImageObject","inLanguage":"pt-BR","@id":"https:\/\/secure.gravatar.com\/avatar\/42749d8b712ff9d59ca93dc150494e5b55a44134482993f5baeb97e61b7ecc89?s=96&d=mm&r=g","url":"https:\/\/secure.gravatar.com\/avatar\/42749d8b712ff9d59ca93dc150494e5b55a44134482993f5baeb97e61b7ecc89?s=96&d=mm&r=g","contentUrl":"https:\/\/secure.gravatar.com\/avatar\/42749d8b712ff9d59ca93dc150494e5b55a44134482993f5baeb97e61b7ecc89?s=96&d=mm&r=g","caption":"Roberto"},"url":"https:\/\/regiaonews.net.br\/2022\/author\/roberto\/"}]}},"publishpress_future_action":{"enabled":false,"date":"2026-05-04 22:05:24","action":"change-status","newStatus":"draft","terms":[],"taxonomy":"category","extraData":[]},"publishpress_future_workflow_manual_trigger":{"enabledWorkflows":[]},"_links":{"self":[{"href":"https:\/\/regiaonews.net.br\/2022\/wp-json\/wp\/v2\/posts\/55242","targetHints":{"allow":["GET"]}}],"collection":[{"href":"https:\/\/regiaonews.net.br\/2022\/wp-json\/wp\/v2\/posts"}],"about":[{"href":"https:\/\/regiaonews.net.br\/2022\/wp-json\/wp\/v2\/types\/post"}],"author":[{"embeddable":true,"href":"https:\/\/regiaonews.net.br\/2022\/wp-json\/wp\/v2\/users\/2"}],"replies":[{"embeddable":true,"href":"https:\/\/regiaonews.net.br\/2022\/wp-json\/wp\/v2\/comments?post=55242"}],"version-history":[{"count":0,"href":"https:\/\/regiaonews.net.br\/2022\/wp-json\/wp\/v2\/posts\/55242\/revisions"}],"wp:featuredmedia":[{"embeddable":true,"href":"https:\/\/regiaonews.net.br\/2022\/wp-json\/wp\/v2\/media\/9472"}],"wp:attachment":[{"href":"https:\/\/regiaonews.net.br\/2022\/wp-json\/wp\/v2\/media?parent=55242"}],"wp:term":[{"taxonomy":"category","embeddable":true,"href":"https:\/\/regiaonews.net.br\/2022\/wp-json\/wp\/v2\/categories?post=55242"},{"taxonomy":"post_tag","embeddable":true,"href":"https:\/\/regiaonews.net.br\/2022\/wp-json\/wp\/v2\/tags?post=55242"}],"curies":[{"name":"wp","href":"https:\/\/api.w.org\/{rel}","templated":true}]}}