{"id":55239,"date":"2021-10-25T16:01:41","date_gmt":"2021-10-25T19:01:41","guid":{"rendered":"https:\/\/regiaonews.net.br\/2022\/?p=55239"},"modified":"2021-10-25T16:01:41","modified_gmt":"2021-10-25T19:01:41","slug":"bloco-california-confirma-data-do-pre-carnaval-2022","status":"publish","type":"post","link":"https:\/\/regiaonews.net.br\/2022\/2021\/10\/25\/bloco-california-confirma-data-do-pre-carnaval-2022\/","title":{"rendered":"Bloco Calif\u00f3rnia confirma data do pr\u00e9-carnaval 2022"},"content":{"rendered":"<p align=\"center\"><a href=\"https:\/\/regiaonews.net.br\/2022\/wp-content\/uploads\/2021\/10\/40cb101205431a8b05c41a9a62fc6cc8low.jpeg\"><img loading=\"lazy\" decoding=\"async\" class=\"alignnone size-medium wp-image-55240\" src=\"https:\/\/regiaonews.net.br\/2022\/wp-content\/uploads\/2021\/10\/40cb101205431a8b05c41a9a62fc6cc8low-300x169.jpeg\" alt=\"\" width=\"300\" height=\"169\" \/><\/a><\/p>\n<p align=\"center\"><i>Organiza\u00e7\u00e3o da festa ainda anuncia pr\u00e9-venda dos ingressos com valor promocional<\/i><\/p>\n<p>O Bloco Calif\u00f3rnia abrir\u00e1 as portas do Carnaval em Ribeir\u00e3o Preto com festa confirmada para o dia 19 de fevereiro de 2022, no Est\u00e1dio Palma Travassos.<\/p>\n<p>A organiza\u00e7\u00e3o do evento, que antecipa o clima carnavalesco aos foli\u00f5es h\u00e1 cinco anos, ainda anuncia a pr\u00e9-venda dos convites a partir do dia 08 de novembro.<\/p>\n<p>Na pr\u00e9-venda, os ingressos poder\u00e3o ser adquiridos pelo valor promocional \u00fanico de R$ 30 &#8211; tanto para o tradicional Ingresso Solid\u00e1rio quanto para meia-entrada. Na modalidade Ingresso Solid\u00e1rio \u00e9 necess\u00e1rio doar um quilo de alimento n\u00e3o perec\u00edvel na entrada do evento.<\/p>\n<p>A pr\u00e9-venda, que tem lote com n\u00famero limitado de ingressos, acontecer\u00e1 exclusivamente\u00a0<a href=\"https:\/\/www.blococalifornia.com.br\/\" target=\"_blank\" rel=\"noopener noreferrer\" data-auth=\"NotApplicable\" data-linkindex=\"0\">pelo site.<\/a>\u00a0As formas de pagamento ser\u00e3o: cart\u00f5es de cr\u00e9dito e de d\u00e9bito, boleto e PIX.<\/p>\n<p><b>Para animar a festa<\/b><\/p>\n<p>A programa\u00e7\u00e3o do Bloco Calif\u00f3rnia ser\u00e1 divulgada em breve, mas a organiza\u00e7\u00e3o do pr\u00e9-carnaval confirma que o agito da festa ficar\u00e1 por conta de quatro shows e da apresenta\u00e7\u00e3o de oito DJs e de baterias universit\u00e1rias. O circuito no Palma Travassos contar\u00e1 ainda com dois trios el\u00e9tricos animando os foli\u00f5es.<\/p>\n<p><b>Anote a\u00ed!<\/b><\/p>\n<p>O que: Bloco Calif\u00f3rnia 2022<\/p>\n<p>Quando: 19 de fevereiro<\/p>\n<p>Local: Est\u00e1dio Palma Travassos &#8211; Ribeir\u00e3o Preto<\/p>\n<p>Pr\u00e9-venda dos convites: 08 de novembro<\/p>\n<p>Valor: R$ 30 &#8211; Meia-Entrada e Ingresso Solid\u00e1rio<\/p>\n<p>Para adquirir, basta acessar\u00a0<a href=\"https:\/\/www.blococalifornia.com.br\/\" target=\"_blank\" rel=\"noopener noreferrer\" data-auth=\"NotApplicable\" data-linkindex=\"1\">o site.<\/a><\/p>\n","protected":false},"excerpt":{"rendered":"<p>Organiza\u00e7\u00e3o da festa ainda anuncia pr\u00e9-venda dos ingressos com valor<\/p>\n","protected":false},"author":2,"featured_media":55240,"comment_status":"open","ping_status":"open","sticky":false,"template":"","format":"standard","meta":{"footnotes":""},"categories":[68],"tags":[],"class_list":["post-55239","post","type-post","status-publish","format-standard","has-post-thumbnail","hentry","category-carnaval"],"yoast_head":"<!-- This site is optimized with the Yoast SEO plugin v27.4 - https:\/\/yoast.com\/product\/yoast-seo-wordpress\/ -->\n<title>Bloco Calif\u00f3rnia confirma data do pr\u00e9-carnaval 2022 - Regi\u00e3o News<\/title>\n<meta name=\"robots\" content=\"index, follow, max-snippet:-1, max-image-preview:large, max-video-preview:-1\" \/>\n<link rel=\"canonical\" href=\"https:\/\/regiaonews.net.br\/2022\/2021\/10\/25\/bloco-california-confirma-data-do-pre-carnaval-2022\/\" \/>\n<meta property=\"og:locale\" content=\"pt_BR\" \/>\n<meta property=\"og:type\" content=\"article\" \/>\n<meta property=\"og:title\" content=\"Bloco Calif\u00f3rnia confirma data do pr\u00e9-carnaval 2022 - Regi\u00e3o News\" \/>\n<meta property=\"og:description\" content=\"Organiza\u00e7\u00e3o da festa ainda anuncia pr\u00e9-venda dos ingressos com valor\" \/>\n<meta property=\"og:url\" content=\"https:\/\/regiaonews.net.br\/2022\/2021\/10\/25\/bloco-california-confirma-data-do-pre-carnaval-2022\/\" \/>\n<meta property=\"og:site_name\" content=\"Regi\u00e3o News\" \/>\n<meta property=\"article:published_time\" content=\"2021-10-25T19:01:41+00:00\" \/>\n<meta property=\"og:image\" content=\"https:\/\/regiaonews.net.br\/2022\/wp-content\/uploads\/2021\/10\/40cb101205431a8b05c41a9a62fc6cc8low.jpeg\" \/>\n\t<meta property=\"og:image:width\" content=\"998\" \/>\n\t<meta property=\"og:image:height\" content=\"561\" \/>\n\t<meta property=\"og:image:type\" content=\"image\/jpeg\" \/>\n<meta name=\"author\" content=\"Roberto\" \/>\n<meta name=\"twitter:card\" content=\"summary_large_image\" \/>\n<meta name=\"twitter:label1\" content=\"Escrito por\" \/>\n\t<meta name=\"twitter:data1\" content=\"Roberto\" \/>\n\t<meta name=\"twitter:label2\" content=\"Est. tempo de leitura\" \/>\n\t<meta name=\"twitter:data2\" content=\"1 minuto\" \/>\n<script type=\"application\/ld+json\" class=\"yoast-schema-graph\">{\"@context\":\"https:\\\/\\\/schema.org\",\"@graph\":[{\"@type\":\"Article\",\"@id\":\"https:\\\/\\\/regiaonews.net.br\\\/2022\\\/2021\\\/10\\\/25\\\/bloco-california-confirma-data-do-pre-carnaval-2022\\\/#article\",\"isPartOf\":{\"@id\":\"https:\\\/\\\/regiaonews.net.br\\\/2022\\\/2021\\\/10\\\/25\\\/bloco-california-confirma-data-do-pre-carnaval-2022\\\/\"},\"author\":{\"name\":\"Roberto\",\"@id\":\"https:\\\/\\\/regiaonews.net.br\\\/2022\\\/#\\\/schema\\\/person\\\/2d205a608a5aa97ac279d7a5e6d89ad8\"},\"headline\":\"Bloco Calif\u00f3rnia confirma data do pr\u00e9-carnaval 2022\",\"datePublished\":\"2021-10-25T19:01:41+00:00\",\"mainEntityOfPage\":{\"@id\":\"https:\\\/\\\/regiaonews.net.br\\\/2022\\\/2021\\\/10\\\/25\\\/bloco-california-confirma-data-do-pre-carnaval-2022\\\/\"},\"wordCount\":258,\"commentCount\":0,\"publisher\":{\"@id\":\"https:\\\/\\\/regiaonews.net.br\\\/2022\\\/#organization\"},\"image\":{\"@id\":\"https:\\\/\\\/regiaonews.net.br\\\/2022\\\/2021\\\/10\\\/25\\\/bloco-california-confirma-data-do-pre-carnaval-2022\\\/#primaryimage\"},\"thumbnailUrl\":\"https:\\\/\\\/regiaonews.net.br\\\/2022\\\/wp-content\\\/uploads\\\/2021\\\/10\\\/40cb101205431a8b05c41a9a62fc6cc8low.jpeg\",\"articleSection\":[\"Carnaval\"],\"inLanguage\":\"pt-BR\",\"potentialAction\":[{\"@type\":\"CommentAction\",\"name\":\"Comment\",\"target\":[\"https:\\\/\\\/regiaonews.net.br\\\/2022\\\/2021\\\/10\\\/25\\\/bloco-california-confirma-data-do-pre-carnaval-2022\\\/#respond\"]}]},{\"@type\":\"WebPage\",\"@id\":\"https:\\\/\\\/regiaonews.net.br\\\/2022\\\/2021\\\/10\\\/25\\\/bloco-california-confirma-data-do-pre-carnaval-2022\\\/\",\"url\":\"https:\\\/\\\/regiaonews.net.br\\\/2022\\\/2021\\\/10\\\/25\\\/bloco-california-confirma-data-do-pre-carnaval-2022\\\/\",\"name\":\"Bloco Calif\u00f3rnia confirma data do pr\u00e9-carnaval 2022 - Regi\u00e3o News\",\"isPartOf\":{\"@id\":\"https:\\\/\\\/regiaonews.net.br\\\/2022\\\/#website\"},\"primaryImageOfPage\":{\"@id\":\"https:\\\/\\\/regiaonews.net.br\\\/2022\\\/2021\\\/10\\\/25\\\/bloco-california-confirma-data-do-pre-carnaval-2022\\\/#primaryimage\"},\"image\":{\"@id\":\"https:\\\/\\\/regiaonews.net.br\\\/2022\\\/2021\\\/10\\\/25\\\/bloco-california-confirma-data-do-pre-carnaval-2022\\\/#primaryimage\"},\"thumbnailUrl\":\"https:\\\/\\\/regiaonews.net.br\\\/2022\\\/wp-content\\\/uploads\\\/2021\\\/10\\\/40cb101205431a8b05c41a9a62fc6cc8low.jpeg\",\"datePublished\":\"2021-10-25T19:01:41+00:00\",\"breadcrumb\":{\"@id\":\"https:\\\/\\\/regiaonews.net.br\\\/2022\\\/2021\\\/10\\\/25\\\/bloco-california-confirma-data-do-pre-carnaval-2022\\\/#breadcrumb\"},\"inLanguage\":\"pt-BR\",\"potentialAction\":[{\"@type\":\"ReadAction\",\"target\":[\"https:\\\/\\\/regiaonews.net.br\\\/2022\\\/2021\\\/10\\\/25\\\/bloco-california-confirma-data-do-pre-carnaval-2022\\\/\"]}]},{\"@type\":\"ImageObject\",\"inLanguage\":\"pt-BR\",\"@id\":\"https:\\\/\\\/regiaonews.net.br\\\/2022\\\/2021\\\/10\\\/25\\\/bloco-california-confirma-data-do-pre-carnaval-2022\\\/#primaryimage\",\"url\":\"https:\\\/\\\/regiaonews.net.br\\\/2022\\\/wp-content\\\/uploads\\\/2021\\\/10\\\/40cb101205431a8b05c41a9a62fc6cc8low.jpeg\",\"contentUrl\":\"https:\\\/\\\/regiaonews.net.br\\\/2022\\\/wp-content\\\/uploads\\\/2021\\\/10\\\/40cb101205431a8b05c41a9a62fc6cc8low.jpeg\",\"width\":998,\"height\":561},{\"@type\":\"BreadcrumbList\",\"@id\":\"https:\\\/\\\/regiaonews.net.br\\\/2022\\\/2021\\\/10\\\/25\\\/bloco-california-confirma-data-do-pre-carnaval-2022\\\/#breadcrumb\",\"itemListElement\":[{\"@type\":\"ListItem\",\"position\":1,\"name\":\"In\u00edcio\",\"item\":\"https:\\\/\\\/regiaonews.net.br\\\/2022\\\/\"},{\"@type\":\"ListItem\",\"position\":2,\"name\":\"Bloco Calif\u00f3rnia confirma data do pr\u00e9-carnaval 2022\"}]},{\"@type\":\"WebSite\",\"@id\":\"https:\\\/\\\/regiaonews.net.br\\\/2022\\\/#website\",\"url\":\"https:\\\/\\\/regiaonews.net.br\\\/2022\\\/\",\"name\":\"Regi\u00e3o News\",\"description\":\"Site de Not\u00edcias de Barretos e regi\u00e3o\",\"publisher\":{\"@id\":\"https:\\\/\\\/regiaonews.net.br\\\/2022\\\/#organization\"},\"potentialAction\":[{\"@type\":\"SearchAction\",\"target\":{\"@type\":\"EntryPoint\",\"urlTemplate\":\"https:\\\/\\\/regiaonews.net.br\\\/2022\\\/?s={search_term_string}\"},\"query-input\":{\"@type\":\"PropertyValueSpecification\",\"valueRequired\":true,\"valueName\":\"search_term_string\"}}],\"inLanguage\":\"pt-BR\"},{\"@type\":\"Organization\",\"@id\":\"https:\\\/\\\/regiaonews.net.br\\\/2022\\\/#organization\",\"name\":\"Regi\u00e3o News\",\"url\":\"https:\\\/\\\/regiaonews.net.br\\\/2022\\\/\",\"logo\":{\"@type\":\"ImageObject\",\"inLanguage\":\"pt-BR\",\"@id\":\"https:\\\/\\\/regiaonews.net.br\\\/2022\\\/#\\\/schema\\\/logo\\\/image\\\/\",\"url\":\"https:\\\/\\\/regiaonews.net.br\\\/2022\\\/wp-content\\\/uploads\\\/2026\\\/03\\\/regiao-13-anos-scaled.jpg\",\"contentUrl\":\"https:\\\/\\\/regiaonews.net.br\\\/2022\\\/wp-content\\\/uploads\\\/2026\\\/03\\\/regiao-13-anos-scaled.jpg\",\"width\":2560,\"height\":635,\"caption\":\"Regi\u00e3o News\"},\"image\":{\"@id\":\"https:\\\/\\\/regiaonews.net.br\\\/2022\\\/#\\\/schema\\\/logo\\\/image\\\/\"}},{\"@type\":\"Person\",\"@id\":\"https:\\\/\\\/regiaonews.net.br\\\/2022\\\/#\\\/schema\\\/person\\\/2d205a608a5aa97ac279d7a5e6d89ad8\",\"name\":\"Roberto\",\"image\":{\"@type\":\"ImageObject\",\"inLanguage\":\"pt-BR\",\"@id\":\"https:\\\/\\\/secure.gravatar.com\\\/avatar\\\/42749d8b712ff9d59ca93dc150494e5b55a44134482993f5baeb97e61b7ecc89?s=96&d=mm&r=g\",\"url\":\"https:\\\/\\\/secure.gravatar.com\\\/avatar\\\/42749d8b712ff9d59ca93dc150494e5b55a44134482993f5baeb97e61b7ecc89?s=96&d=mm&r=g\",\"contentUrl\":\"https:\\\/\\\/secure.gravatar.com\\\/avatar\\\/42749d8b712ff9d59ca93dc150494e5b55a44134482993f5baeb97e61b7ecc89?s=96&d=mm&r=g\",\"caption\":\"Roberto\"},\"url\":\"https:\\\/\\\/regiaonews.net.br\\\/2022\\\/author\\\/roberto\\\/\"}]}<\/script>\n<!-- \/ Yoast SEO plugin. -->","yoast_head_json":{"title":"Bloco Calif\u00f3rnia confirma data do pr\u00e9-carnaval 2022 - Regi\u00e3o News","robots":{"index":"index","follow":"follow","max-snippet":"max-snippet:-1","max-image-preview":"max-image-preview:large","max-video-preview":"max-video-preview:-1"},"canonical":"https:\/\/regiaonews.net.br\/2022\/2021\/10\/25\/bloco-california-confirma-data-do-pre-carnaval-2022\/","og_locale":"pt_BR","og_type":"article","og_title":"Bloco Calif\u00f3rnia confirma data do pr\u00e9-carnaval 2022 - Regi\u00e3o News","og_description":"Organiza\u00e7\u00e3o da festa ainda anuncia pr\u00e9-venda dos ingressos com valor","og_url":"https:\/\/regiaonews.net.br\/2022\/2021\/10\/25\/bloco-california-confirma-data-do-pre-carnaval-2022\/","og_site_name":"Regi\u00e3o News","article_published_time":"2021-10-25T19:01:41+00:00","og_image":[{"width":998,"height":561,"url":"https:\/\/regiaonews.net.br\/2022\/wp-content\/uploads\/2021\/10\/40cb101205431a8b05c41a9a62fc6cc8low.jpeg","type":"image\/jpeg"}],"author":"Roberto","twitter_card":"summary_large_image","twitter_misc":{"Escrito por":"Roberto","Est. tempo de leitura":"1 minuto"},"schema":{"@context":"https:\/\/schema.org","@graph":[{"@type":"Article","@id":"https:\/\/regiaonews.net.br\/2022\/2021\/10\/25\/bloco-california-confirma-data-do-pre-carnaval-2022\/#article","isPartOf":{"@id":"https:\/\/regiaonews.net.br\/2022\/2021\/10\/25\/bloco-california-confirma-data-do-pre-carnaval-2022\/"},"author":{"name":"Roberto","@id":"https:\/\/regiaonews.net.br\/2022\/#\/schema\/person\/2d205a608a5aa97ac279d7a5e6d89ad8"},"headline":"Bloco Calif\u00f3rnia confirma data do pr\u00e9-carnaval 2022","datePublished":"2021-10-25T19:01:41+00:00","mainEntityOfPage":{"@id":"https:\/\/regiaonews.net.br\/2022\/2021\/10\/25\/bloco-california-confirma-data-do-pre-carnaval-2022\/"},"wordCount":258,"commentCount":0,"publisher":{"@id":"https:\/\/regiaonews.net.br\/2022\/#organization"},"image":{"@id":"https:\/\/regiaonews.net.br\/2022\/2021\/10\/25\/bloco-california-confirma-data-do-pre-carnaval-2022\/#primaryimage"},"thumbnailUrl":"https:\/\/regiaonews.net.br\/2022\/wp-content\/uploads\/2021\/10\/40cb101205431a8b05c41a9a62fc6cc8low.jpeg","articleSection":["Carnaval"],"inLanguage":"pt-BR","potentialAction":[{"@type":"CommentAction","name":"Comment","target":["https:\/\/regiaonews.net.br\/2022\/2021\/10\/25\/bloco-california-confirma-data-do-pre-carnaval-2022\/#respond"]}]},{"@type":"WebPage","@id":"https:\/\/regiaonews.net.br\/2022\/2021\/10\/25\/bloco-california-confirma-data-do-pre-carnaval-2022\/","url":"https:\/\/regiaonews.net.br\/2022\/2021\/10\/25\/bloco-california-confirma-data-do-pre-carnaval-2022\/","name":"Bloco Calif\u00f3rnia confirma data do pr\u00e9-carnaval 2022 - Regi\u00e3o News","isPartOf":{"@id":"https:\/\/regiaonews.net.br\/2022\/#website"},"primaryImageOfPage":{"@id":"https:\/\/regiaonews.net.br\/2022\/2021\/10\/25\/bloco-california-confirma-data-do-pre-carnaval-2022\/#primaryimage"},"image":{"@id":"https:\/\/regiaonews.net.br\/2022\/2021\/10\/25\/bloco-california-confirma-data-do-pre-carnaval-2022\/#primaryimage"},"thumbnailUrl":"https:\/\/regiaonews.net.br\/2022\/wp-content\/uploads\/2021\/10\/40cb101205431a8b05c41a9a62fc6cc8low.jpeg","datePublished":"2021-10-25T19:01:41+00:00","breadcrumb":{"@id":"https:\/\/regiaonews.net.br\/2022\/2021\/10\/25\/bloco-california-confirma-data-do-pre-carnaval-2022\/#breadcrumb"},"inLanguage":"pt-BR","potentialAction":[{"@type":"ReadAction","target":["https:\/\/regiaonews.net.br\/2022\/2021\/10\/25\/bloco-california-confirma-data-do-pre-carnaval-2022\/"]}]},{"@type":"ImageObject","inLanguage":"pt-BR","@id":"https:\/\/regiaonews.net.br\/2022\/2021\/10\/25\/bloco-california-confirma-data-do-pre-carnaval-2022\/#primaryimage","url":"https:\/\/regiaonews.net.br\/2022\/wp-content\/uploads\/2021\/10\/40cb101205431a8b05c41a9a62fc6cc8low.jpeg","contentUrl":"https:\/\/regiaonews.net.br\/2022\/wp-content\/uploads\/2021\/10\/40cb101205431a8b05c41a9a62fc6cc8low.jpeg","width":998,"height":561},{"@type":"BreadcrumbList","@id":"https:\/\/regiaonews.net.br\/2022\/2021\/10\/25\/bloco-california-confirma-data-do-pre-carnaval-2022\/#breadcrumb","itemListElement":[{"@type":"ListItem","position":1,"name":"In\u00edcio","item":"https:\/\/regiaonews.net.br\/2022\/"},{"@type":"ListItem","position":2,"name":"Bloco Calif\u00f3rnia confirma data do pr\u00e9-carnaval 2022"}]},{"@type":"WebSite","@id":"https:\/\/regiaonews.net.br\/2022\/#website","url":"https:\/\/regiaonews.net.br\/2022\/","name":"Regi\u00e3o News","description":"Site de Not\u00edcias de Barretos e regi\u00e3o","publisher":{"@id":"https:\/\/regiaonews.net.br\/2022\/#organization"},"potentialAction":[{"@type":"SearchAction","target":{"@type":"EntryPoint","urlTemplate":"https:\/\/regiaonews.net.br\/2022\/?s={search_term_string}"},"query-input":{"@type":"PropertyValueSpecification","valueRequired":true,"valueName":"search_term_string"}}],"inLanguage":"pt-BR"},{"@type":"Organization","@id":"https:\/\/regiaonews.net.br\/2022\/#organization","name":"Regi\u00e3o News","url":"https:\/\/regiaonews.net.br\/2022\/","logo":{"@type":"ImageObject","inLanguage":"pt-BR","@id":"https:\/\/regiaonews.net.br\/2022\/#\/schema\/logo\/image\/","url":"https:\/\/regiaonews.net.br\/2022\/wp-content\/uploads\/2026\/03\/regiao-13-anos-scaled.jpg","contentUrl":"https:\/\/regiaonews.net.br\/2022\/wp-content\/uploads\/2026\/03\/regiao-13-anos-scaled.jpg","width":2560,"height":635,"caption":"Regi\u00e3o News"},"image":{"@id":"https:\/\/regiaonews.net.br\/2022\/#\/schema\/logo\/image\/"}},{"@type":"Person","@id":"https:\/\/regiaonews.net.br\/2022\/#\/schema\/person\/2d205a608a5aa97ac279d7a5e6d89ad8","name":"Roberto","image":{"@type":"ImageObject","inLanguage":"pt-BR","@id":"https:\/\/secure.gravatar.com\/avatar\/42749d8b712ff9d59ca93dc150494e5b55a44134482993f5baeb97e61b7ecc89?s=96&d=mm&r=g","url":"https:\/\/secure.gravatar.com\/avatar\/42749d8b712ff9d59ca93dc150494e5b55a44134482993f5baeb97e61b7ecc89?s=96&d=mm&r=g","contentUrl":"https:\/\/secure.gravatar.com\/avatar\/42749d8b712ff9d59ca93dc150494e5b55a44134482993f5baeb97e61b7ecc89?s=96&d=mm&r=g","caption":"Roberto"},"url":"https:\/\/regiaonews.net.br\/2022\/author\/roberto\/"}]}},"publishpress_future_action":{"enabled":false,"date":"2026-05-04 23:49:54","action":"change-status","newStatus":"draft","terms":[],"taxonomy":"category","extraData":[]},"publishpress_future_workflow_manual_trigger":{"enabledWorkflows":[]},"_links":{"self":[{"href":"https:\/\/regiaonews.net.br\/2022\/wp-json\/wp\/v2\/posts\/55239","targetHints":{"allow":["GET"]}}],"collection":[{"href":"https:\/\/regiaonews.net.br\/2022\/wp-json\/wp\/v2\/posts"}],"about":[{"href":"https:\/\/regiaonews.net.br\/2022\/wp-json\/wp\/v2\/types\/post"}],"author":[{"embeddable":true,"href":"https:\/\/regiaonews.net.br\/2022\/wp-json\/wp\/v2\/users\/2"}],"replies":[{"embeddable":true,"href":"https:\/\/regiaonews.net.br\/2022\/wp-json\/wp\/v2\/comments?post=55239"}],"version-history":[{"count":0,"href":"https:\/\/regiaonews.net.br\/2022\/wp-json\/wp\/v2\/posts\/55239\/revisions"}],"wp:featuredmedia":[{"embeddable":true,"href":"https:\/\/regiaonews.net.br\/2022\/wp-json\/wp\/v2\/media\/55240"}],"wp:attachment":[{"href":"https:\/\/regiaonews.net.br\/2022\/wp-json\/wp\/v2\/media?parent=55239"}],"wp:term":[{"taxonomy":"category","embeddable":true,"href":"https:\/\/regiaonews.net.br\/2022\/wp-json\/wp\/v2\/categories?post=55239"},{"taxonomy":"post_tag","embeddable":true,"href":"https:\/\/regiaonews.net.br\/2022\/wp-json\/wp\/v2\/tags?post=55239"}],"curies":[{"name":"wp","href":"https:\/\/api.w.org\/{rel}","templated":true}]}}