{"id":55236,"date":"2021-10-25T15:58:18","date_gmt":"2021-10-25T18:58:18","guid":{"rendered":"https:\/\/regiaonews.net.br\/2022\/?p=55236"},"modified":"2021-10-25T15:58:18","modified_gmt":"2021-10-25T18:58:18","slug":"paula-lemos-anuncia-oficialmente-novo-material-didatico-do-sistema-municipal-de-ensino-de-barretos","status":"publish","type":"post","link":"https:\/\/regiaonews.net.br\/2022\/2021\/10\/25\/paula-lemos-anuncia-oficialmente-novo-material-didatico-do-sistema-municipal-de-ensino-de-barretos\/","title":{"rendered":"Paula Lemos anuncia oficialmente novo material did\u00e1tico do sistema municipal de ensino de Barretos"},"content":{"rendered":"<p><a href=\"https:\/\/regiaonews.net.br\/2022\/wp-content\/uploads\/2021\/10\/MON4769.jpg\"><img loading=\"lazy\" decoding=\"async\" class=\"alignnone size-medium wp-image-55237\" src=\"https:\/\/regiaonews.net.br\/2022\/wp-content\/uploads\/2021\/10\/MON4769-300x200.jpg\" alt=\"\" width=\"300\" height=\"200\" \/><\/a><\/p>\n<p><em>Evento realizado contou tamb\u00e9m com uma homenagem a todos os profissionais da Educa\u00e7\u00e3o pela dedica\u00e7\u00e3o em tempos de pandemia<\/em><\/p>\n<p>O quarto bimestre do calend\u00e1rio escolar de 2021 vir\u00e1 com uma grande mudan\u00e7a nas escolas municipais de Barretos. Ser\u00e1 o in\u00edcio da utiliza\u00e7\u00e3o do novo material did\u00e1tico: o \u2018Trilhas\u2019 da editora FTD para todos os alunos. Pela primeira vez na hist\u00f3ria da educa\u00e7\u00e3o de Barretos, crian\u00e7as a partir dos dois anos tamb\u00e9m ter\u00e3o aulas com as apostilas. A diretoria da editora FTD confirmou a doa\u00e7\u00e3o de materiais de orienta\u00e7\u00e3o para professores que atuam com crian\u00e7as de 0 a 2 anos.<\/p>\n<p>\u201c\u00c9 o reconhecimento de quem sabe que a primeira inf\u00e2ncia \u00e9 fundamental no desenvolvimento do ser humano. Fiquei muito feliz porque sou m\u00e3e e sei que a educa\u00e7\u00e3o n\u00e3o se inicia no ensino fundamental, mas desde os primeiros meses de vida\u201d, afirmou a prefeita Paula Lemos.<\/p>\n<p><strong>Compromisso cumprido<\/strong><\/p>\n<p>Todo o sistema de educa\u00e7\u00e3o municipal estava sem material did\u00e1tico desde o ano passado, quando o contrato com a empresa Anglo se encerrou e a administra\u00e7\u00e3o anterior n\u00e3o realizou o processo licitat\u00f3rio em tempo h\u00e1bil nem aderiu ao material did\u00e1tico do governo federal.<\/p>\n<p>\u201cEstamos cumprindo mais um compromisso que assumi desde que iniciei como prefeita de Barretos. \u00c9 uma felicidade imensa oferecer \u00e0s nossas crian\u00e7as um material did\u00e1tico usado somente em escolas particulares. Somos pioneiros na utiliza\u00e7\u00e3o deste m\u00e9todo de ensino na rede p\u00fablica. Estou muito animada com tudo que vamos poder fazer com a nossa educa\u00e7\u00e3o.\u201d, disse a prefeita Paula Lemos.<\/p>\n<p><strong>An\u00fancio oficial<\/strong><\/p>\n<p>O an\u00fancio oficial e uma entrega simb\u00f3lica de um kit aconteceram na segunda e ter\u00e7a-feira, 18 e 19, em evento promovido pela Secretaria Municipal de Educa\u00e7\u00e3o para parabenizar e agradecer os profissionais que t\u00eam se dedicado para superar os desafios impostos pela pandemia. Foi elaborado um v\u00eddeo como forma de agradecimento e retratando como foi feita a supera\u00e7\u00e3o dessas dificuldades em prol do aluno.<\/p>\n<p>\u201cAgrade\u00e7o a todos os profissionais da Educa\u00e7\u00e3o que se desdobraram e n\u00e3o se acovardaram para vencer esse desafio imposto pela pandemia. Batalhamos e efetivamos essa contrata\u00e7\u00e3o porque pensamos na qualidade da educa\u00e7\u00e3o das nossas crian\u00e7as\u201d, disse a prefeita.<\/p>\n<p>Como forma de agradecimento, Paula assinou o decreto municipal n\u00ba 11.102 que prev\u00ea o pagamento em pec\u00fania de 30 dias em licen\u00e7a pr\u00eamio a todos os profissionais da educa\u00e7\u00e3o que desejarem (servi\u00e7os gerais, merendeiras, professores, diretores, etc). O servidor interessado dever\u00e1 apresentar requerimento, at\u00e9 o dia 19 de novembro de 2021, solicitando junto ao Departamento de Recursos Humanos da Prefeitura.<\/p>\n<p><strong>Professores foram treinados<\/strong><\/p>\n<p>Todos os professores do Sistema Municipal de Ensino e os coordenadores do Ceforpe \u2013 Centro de Forma\u00e7\u00e3o dos Profissionais da Educa\u00e7\u00e3o de Barretos \u2013 participaram de um treinamento visando a implanta\u00e7\u00e3o do novo material did\u00e1tico. Foram alinhadas a\u00e7\u00f5es para o uso desse novo material para suprir as lacunas de aprendizagem deixadas pela pandemia.<\/p>\n<p>Nas forma\u00e7\u00f5es, os professores da Educa\u00e7\u00e3o Infantil e do Ensino Fundamental tiveram a oportunidade de conhecer e aprofundar os conhecimentos sobre a concep\u00e7\u00e3o de ensino-aprendizagem contemplada pelo material did\u00e1tico da editora FTD.<\/p>\n<p><strong>Compromisso com a Educa\u00e7\u00e3o<\/strong><\/p>\n<p>A ado\u00e7\u00e3o de um novo material \u00e9 aguardada por toda a rede municipal e foi um dos compromissos da prefeita Paula Lemos desde o in\u00edcio de sua gest\u00e3o.<\/p>\n<p>De acordo com a secret\u00e1ria municipal de Educa\u00e7\u00e3o, J\u00e9ssica Maria dos Santos, a aquisi\u00e7\u00e3o do material did\u00e1tico representa o \u201ccompromisso com a consolida\u00e7\u00e3o de um ensino pautado na qualidade dos conte\u00fados, no desenvolvimento dos objetivos educacionais essenciais, no cumprimento da matriz curricular e da Base Nacional Comum Curricular, na forma\u00e7\u00e3o docente e principalmente na equidade de oportunidades aos estudantes\u201d.<\/p>\n<p><strong>Mais novidades<\/strong><\/p>\n<p>No evento, ainda foi feita a entrega de um notebook para os professores, marcando a chegada de computadores em todas as salas de aula e a palestra de Ailton Dias de Melo sobre o desafio de educar em um mundo em metamorfose. \u201cH\u00e1 pouco tempo o ensino remoto para crian\u00e7as era impens\u00e1vel e n\u00f3s o tornamos real. Amamos o que fazemos, mas s\u00f3 conseguimos passar por essa transforma\u00e7\u00e3o na educa\u00e7\u00e3o devido \u00e0 nossa compet\u00eancia\u201d, declarou.<\/p>\n","protected":false},"excerpt":{"rendered":"<p>Evento realizado contou tamb\u00e9m com uma homenagem a todos os<\/p>\n","protected":false},"author":2,"featured_media":55237,"comment_status":"open","ping_status":"open","sticky":false,"template":"","format":"standard","meta":{"footnotes":""},"categories":[14,25,98],"tags":[],"class_list":["post-55236","post","type-post","status-publish","format-standard","has-post-thumbnail","hentry","category-barretos","category-cidades","category-educacao-educacao"],"yoast_head":"<!-- This site is optimized with the Yoast SEO plugin v27.4 - https:\/\/yoast.com\/product\/yoast-seo-wordpress\/ -->\n<title>Paula Lemos anuncia oficialmente novo material did\u00e1tico do sistema municipal de ensino de Barretos - Regi\u00e3o News<\/title>\n<meta name=\"robots\" content=\"index, follow, max-snippet:-1, max-image-preview:large, max-video-preview:-1\" \/>\n<link rel=\"canonical\" href=\"https:\/\/regiaonews.net.br\/2022\/2021\/10\/25\/paula-lemos-anuncia-oficialmente-novo-material-didatico-do-sistema-municipal-de-ensino-de-barretos\/\" \/>\n<meta property=\"og:locale\" content=\"pt_BR\" \/>\n<meta property=\"og:type\" content=\"article\" \/>\n<meta property=\"og:title\" content=\"Paula Lemos anuncia oficialmente novo material did\u00e1tico do sistema municipal de ensino de Barretos - Regi\u00e3o News\" \/>\n<meta property=\"og:description\" content=\"Evento realizado contou tamb\u00e9m com uma homenagem a todos os\" \/>\n<meta property=\"og:url\" content=\"https:\/\/regiaonews.net.br\/2022\/2021\/10\/25\/paula-lemos-anuncia-oficialmente-novo-material-didatico-do-sistema-municipal-de-ensino-de-barretos\/\" \/>\n<meta property=\"og:site_name\" content=\"Regi\u00e3o News\" \/>\n<meta property=\"article:published_time\" content=\"2021-10-25T18:58:18+00:00\" \/>\n<meta property=\"og:image\" content=\"https:\/\/regiaonews.net.br\/2022\/wp-content\/uploads\/2021\/10\/MON4769.jpg\" \/>\n\t<meta property=\"og:image:width\" content=\"2000\" \/>\n\t<meta property=\"og:image:height\" content=\"1335\" \/>\n\t<meta property=\"og:image:type\" content=\"image\/jpeg\" \/>\n<meta name=\"author\" content=\"Roberto\" \/>\n<meta name=\"twitter:card\" content=\"summary_large_image\" \/>\n<meta name=\"twitter:label1\" content=\"Escrito por\" \/>\n\t<meta name=\"twitter:data1\" content=\"Roberto\" \/>\n\t<meta name=\"twitter:label2\" content=\"Est. tempo de leitura\" \/>\n\t<meta name=\"twitter:data2\" content=\"4 minutos\" \/>\n<script type=\"application\/ld+json\" class=\"yoast-schema-graph\">{\"@context\":\"https:\\\/\\\/schema.org\",\"@graph\":[{\"@type\":\"Article\",\"@id\":\"https:\\\/\\\/regiaonews.net.br\\\/2022\\\/2021\\\/10\\\/25\\\/paula-lemos-anuncia-oficialmente-novo-material-didatico-do-sistema-municipal-de-ensino-de-barretos\\\/#article\",\"isPartOf\":{\"@id\":\"https:\\\/\\\/regiaonews.net.br\\\/2022\\\/2021\\\/10\\\/25\\\/paula-lemos-anuncia-oficialmente-novo-material-didatico-do-sistema-municipal-de-ensino-de-barretos\\\/\"},\"author\":{\"name\":\"Roberto\",\"@id\":\"https:\\\/\\\/regiaonews.net.br\\\/2022\\\/#\\\/schema\\\/person\\\/2d205a608a5aa97ac279d7a5e6d89ad8\"},\"headline\":\"Paula Lemos anuncia oficialmente novo material did\u00e1tico do sistema municipal de ensino de Barretos\",\"datePublished\":\"2021-10-25T18:58:18+00:00\",\"mainEntityOfPage\":{\"@id\":\"https:\\\/\\\/regiaonews.net.br\\\/2022\\\/2021\\\/10\\\/25\\\/paula-lemos-anuncia-oficialmente-novo-material-didatico-do-sistema-municipal-de-ensino-de-barretos\\\/\"},\"wordCount\":747,\"commentCount\":0,\"publisher\":{\"@id\":\"https:\\\/\\\/regiaonews.net.br\\\/2022\\\/#organization\"},\"image\":{\"@id\":\"https:\\\/\\\/regiaonews.net.br\\\/2022\\\/2021\\\/10\\\/25\\\/paula-lemos-anuncia-oficialmente-novo-material-didatico-do-sistema-municipal-de-ensino-de-barretos\\\/#primaryimage\"},\"thumbnailUrl\":\"https:\\\/\\\/regiaonews.net.br\\\/2022\\\/wp-content\\\/uploads\\\/2021\\\/10\\\/MON4769.jpg\",\"articleSection\":[\"Barretos\",\"Cidades\",\"Educa\u00e7\u00e3o\"],\"inLanguage\":\"pt-BR\",\"potentialAction\":[{\"@type\":\"CommentAction\",\"name\":\"Comment\",\"target\":[\"https:\\\/\\\/regiaonews.net.br\\\/2022\\\/2021\\\/10\\\/25\\\/paula-lemos-anuncia-oficialmente-novo-material-didatico-do-sistema-municipal-de-ensino-de-barretos\\\/#respond\"]}]},{\"@type\":\"WebPage\",\"@id\":\"https:\\\/\\\/regiaonews.net.br\\\/2022\\\/2021\\\/10\\\/25\\\/paula-lemos-anuncia-oficialmente-novo-material-didatico-do-sistema-municipal-de-ensino-de-barretos\\\/\",\"url\":\"https:\\\/\\\/regiaonews.net.br\\\/2022\\\/2021\\\/10\\\/25\\\/paula-lemos-anuncia-oficialmente-novo-material-didatico-do-sistema-municipal-de-ensino-de-barretos\\\/\",\"name\":\"Paula Lemos anuncia oficialmente novo material did\u00e1tico do sistema municipal de ensino de Barretos - Regi\u00e3o News\",\"isPartOf\":{\"@id\":\"https:\\\/\\\/regiaonews.net.br\\\/2022\\\/#website\"},\"primaryImageOfPage\":{\"@id\":\"https:\\\/\\\/regiaonews.net.br\\\/2022\\\/2021\\\/10\\\/25\\\/paula-lemos-anuncia-oficialmente-novo-material-didatico-do-sistema-municipal-de-ensino-de-barretos\\\/#primaryimage\"},\"image\":{\"@id\":\"https:\\\/\\\/regiaonews.net.br\\\/2022\\\/2021\\\/10\\\/25\\\/paula-lemos-anuncia-oficialmente-novo-material-didatico-do-sistema-municipal-de-ensino-de-barretos\\\/#primaryimage\"},\"thumbnailUrl\":\"https:\\\/\\\/regiaonews.net.br\\\/2022\\\/wp-content\\\/uploads\\\/2021\\\/10\\\/MON4769.jpg\",\"datePublished\":\"2021-10-25T18:58:18+00:00\",\"breadcrumb\":{\"@id\":\"https:\\\/\\\/regiaonews.net.br\\\/2022\\\/2021\\\/10\\\/25\\\/paula-lemos-anuncia-oficialmente-novo-material-didatico-do-sistema-municipal-de-ensino-de-barretos\\\/#breadcrumb\"},\"inLanguage\":\"pt-BR\",\"potentialAction\":[{\"@type\":\"ReadAction\",\"target\":[\"https:\\\/\\\/regiaonews.net.br\\\/2022\\\/2021\\\/10\\\/25\\\/paula-lemos-anuncia-oficialmente-novo-material-didatico-do-sistema-municipal-de-ensino-de-barretos\\\/\"]}]},{\"@type\":\"ImageObject\",\"inLanguage\":\"pt-BR\",\"@id\":\"https:\\\/\\\/regiaonews.net.br\\\/2022\\\/2021\\\/10\\\/25\\\/paula-lemos-anuncia-oficialmente-novo-material-didatico-do-sistema-municipal-de-ensino-de-barretos\\\/#primaryimage\",\"url\":\"https:\\\/\\\/regiaonews.net.br\\\/2022\\\/wp-content\\\/uploads\\\/2021\\\/10\\\/MON4769.jpg\",\"contentUrl\":\"https:\\\/\\\/regiaonews.net.br\\\/2022\\\/wp-content\\\/uploads\\\/2021\\\/10\\\/MON4769.jpg\",\"width\":2000,\"height\":1335},{\"@type\":\"BreadcrumbList\",\"@id\":\"https:\\\/\\\/regiaonews.net.br\\\/2022\\\/2021\\\/10\\\/25\\\/paula-lemos-anuncia-oficialmente-novo-material-didatico-do-sistema-municipal-de-ensino-de-barretos\\\/#breadcrumb\",\"itemListElement\":[{\"@type\":\"ListItem\",\"position\":1,\"name\":\"In\u00edcio\",\"item\":\"https:\\\/\\\/regiaonews.net.br\\\/2022\\\/\"},{\"@type\":\"ListItem\",\"position\":2,\"name\":\"Paula Lemos anuncia oficialmente novo material did\u00e1tico do sistema municipal de ensino de Barretos\"}]},{\"@type\":\"WebSite\",\"@id\":\"https:\\\/\\\/regiaonews.net.br\\\/2022\\\/#website\",\"url\":\"https:\\\/\\\/regiaonews.net.br\\\/2022\\\/\",\"name\":\"Regi\u00e3o News\",\"description\":\"Site de Not\u00edcias de Barretos e regi\u00e3o\",\"publisher\":{\"@id\":\"https:\\\/\\\/regiaonews.net.br\\\/2022\\\/#organization\"},\"potentialAction\":[{\"@type\":\"SearchAction\",\"target\":{\"@type\":\"EntryPoint\",\"urlTemplate\":\"https:\\\/\\\/regiaonews.net.br\\\/2022\\\/?s={search_term_string}\"},\"query-input\":{\"@type\":\"PropertyValueSpecification\",\"valueRequired\":true,\"valueName\":\"search_term_string\"}}],\"inLanguage\":\"pt-BR\"},{\"@type\":\"Organization\",\"@id\":\"https:\\\/\\\/regiaonews.net.br\\\/2022\\\/#organization\",\"name\":\"Regi\u00e3o News\",\"url\":\"https:\\\/\\\/regiaonews.net.br\\\/2022\\\/\",\"logo\":{\"@type\":\"ImageObject\",\"inLanguage\":\"pt-BR\",\"@id\":\"https:\\\/\\\/regiaonews.net.br\\\/2022\\\/#\\\/schema\\\/logo\\\/image\\\/\",\"url\":\"https:\\\/\\\/regiaonews.net.br\\\/2022\\\/wp-content\\\/uploads\\\/2026\\\/03\\\/regiao-13-anos-scaled.jpg\",\"contentUrl\":\"https:\\\/\\\/regiaonews.net.br\\\/2022\\\/wp-content\\\/uploads\\\/2026\\\/03\\\/regiao-13-anos-scaled.jpg\",\"width\":2560,\"height\":635,\"caption\":\"Regi\u00e3o News\"},\"image\":{\"@id\":\"https:\\\/\\\/regiaonews.net.br\\\/2022\\\/#\\\/schema\\\/logo\\\/image\\\/\"}},{\"@type\":\"Person\",\"@id\":\"https:\\\/\\\/regiaonews.net.br\\\/2022\\\/#\\\/schema\\\/person\\\/2d205a608a5aa97ac279d7a5e6d89ad8\",\"name\":\"Roberto\",\"image\":{\"@type\":\"ImageObject\",\"inLanguage\":\"pt-BR\",\"@id\":\"https:\\\/\\\/secure.gravatar.com\\\/avatar\\\/42749d8b712ff9d59ca93dc150494e5b55a44134482993f5baeb97e61b7ecc89?s=96&d=mm&r=g\",\"url\":\"https:\\\/\\\/secure.gravatar.com\\\/avatar\\\/42749d8b712ff9d59ca93dc150494e5b55a44134482993f5baeb97e61b7ecc89?s=96&d=mm&r=g\",\"contentUrl\":\"https:\\\/\\\/secure.gravatar.com\\\/avatar\\\/42749d8b712ff9d59ca93dc150494e5b55a44134482993f5baeb97e61b7ecc89?s=96&d=mm&r=g\",\"caption\":\"Roberto\"},\"url\":\"https:\\\/\\\/regiaonews.net.br\\\/2022\\\/author\\\/roberto\\\/\"}]}<\/script>\n<!-- \/ Yoast SEO plugin. -->","yoast_head_json":{"title":"Paula Lemos anuncia oficialmente novo material did\u00e1tico do sistema municipal de ensino de Barretos - Regi\u00e3o News","robots":{"index":"index","follow":"follow","max-snippet":"max-snippet:-1","max-image-preview":"max-image-preview:large","max-video-preview":"max-video-preview:-1"},"canonical":"https:\/\/regiaonews.net.br\/2022\/2021\/10\/25\/paula-lemos-anuncia-oficialmente-novo-material-didatico-do-sistema-municipal-de-ensino-de-barretos\/","og_locale":"pt_BR","og_type":"article","og_title":"Paula Lemos anuncia oficialmente novo material did\u00e1tico do sistema municipal de ensino de Barretos - Regi\u00e3o News","og_description":"Evento realizado contou tamb\u00e9m com uma homenagem a todos os","og_url":"https:\/\/regiaonews.net.br\/2022\/2021\/10\/25\/paula-lemos-anuncia-oficialmente-novo-material-didatico-do-sistema-municipal-de-ensino-de-barretos\/","og_site_name":"Regi\u00e3o News","article_published_time":"2021-10-25T18:58:18+00:00","og_image":[{"width":2000,"height":1335,"url":"https:\/\/regiaonews.net.br\/2022\/wp-content\/uploads\/2021\/10\/MON4769.jpg","type":"image\/jpeg"}],"author":"Roberto","twitter_card":"summary_large_image","twitter_misc":{"Escrito por":"Roberto","Est. tempo de leitura":"4 minutos"},"schema":{"@context":"https:\/\/schema.org","@graph":[{"@type":"Article","@id":"https:\/\/regiaonews.net.br\/2022\/2021\/10\/25\/paula-lemos-anuncia-oficialmente-novo-material-didatico-do-sistema-municipal-de-ensino-de-barretos\/#article","isPartOf":{"@id":"https:\/\/regiaonews.net.br\/2022\/2021\/10\/25\/paula-lemos-anuncia-oficialmente-novo-material-didatico-do-sistema-municipal-de-ensino-de-barretos\/"},"author":{"name":"Roberto","@id":"https:\/\/regiaonews.net.br\/2022\/#\/schema\/person\/2d205a608a5aa97ac279d7a5e6d89ad8"},"headline":"Paula Lemos anuncia oficialmente novo material did\u00e1tico do sistema municipal de ensino de Barretos","datePublished":"2021-10-25T18:58:18+00:00","mainEntityOfPage":{"@id":"https:\/\/regiaonews.net.br\/2022\/2021\/10\/25\/paula-lemos-anuncia-oficialmente-novo-material-didatico-do-sistema-municipal-de-ensino-de-barretos\/"},"wordCount":747,"commentCount":0,"publisher":{"@id":"https:\/\/regiaonews.net.br\/2022\/#organization"},"image":{"@id":"https:\/\/regiaonews.net.br\/2022\/2021\/10\/25\/paula-lemos-anuncia-oficialmente-novo-material-didatico-do-sistema-municipal-de-ensino-de-barretos\/#primaryimage"},"thumbnailUrl":"https:\/\/regiaonews.net.br\/2022\/wp-content\/uploads\/2021\/10\/MON4769.jpg","articleSection":["Barretos","Cidades","Educa\u00e7\u00e3o"],"inLanguage":"pt-BR","potentialAction":[{"@type":"CommentAction","name":"Comment","target":["https:\/\/regiaonews.net.br\/2022\/2021\/10\/25\/paula-lemos-anuncia-oficialmente-novo-material-didatico-do-sistema-municipal-de-ensino-de-barretos\/#respond"]}]},{"@type":"WebPage","@id":"https:\/\/regiaonews.net.br\/2022\/2021\/10\/25\/paula-lemos-anuncia-oficialmente-novo-material-didatico-do-sistema-municipal-de-ensino-de-barretos\/","url":"https:\/\/regiaonews.net.br\/2022\/2021\/10\/25\/paula-lemos-anuncia-oficialmente-novo-material-didatico-do-sistema-municipal-de-ensino-de-barretos\/","name":"Paula Lemos anuncia oficialmente novo material did\u00e1tico do sistema municipal de ensino de Barretos - Regi\u00e3o News","isPartOf":{"@id":"https:\/\/regiaonews.net.br\/2022\/#website"},"primaryImageOfPage":{"@id":"https:\/\/regiaonews.net.br\/2022\/2021\/10\/25\/paula-lemos-anuncia-oficialmente-novo-material-didatico-do-sistema-municipal-de-ensino-de-barretos\/#primaryimage"},"image":{"@id":"https:\/\/regiaonews.net.br\/2022\/2021\/10\/25\/paula-lemos-anuncia-oficialmente-novo-material-didatico-do-sistema-municipal-de-ensino-de-barretos\/#primaryimage"},"thumbnailUrl":"https:\/\/regiaonews.net.br\/2022\/wp-content\/uploads\/2021\/10\/MON4769.jpg","datePublished":"2021-10-25T18:58:18+00:00","breadcrumb":{"@id":"https:\/\/regiaonews.net.br\/2022\/2021\/10\/25\/paula-lemos-anuncia-oficialmente-novo-material-didatico-do-sistema-municipal-de-ensino-de-barretos\/#breadcrumb"},"inLanguage":"pt-BR","potentialAction":[{"@type":"ReadAction","target":["https:\/\/regiaonews.net.br\/2022\/2021\/10\/25\/paula-lemos-anuncia-oficialmente-novo-material-didatico-do-sistema-municipal-de-ensino-de-barretos\/"]}]},{"@type":"ImageObject","inLanguage":"pt-BR","@id":"https:\/\/regiaonews.net.br\/2022\/2021\/10\/25\/paula-lemos-anuncia-oficialmente-novo-material-didatico-do-sistema-municipal-de-ensino-de-barretos\/#primaryimage","url":"https:\/\/regiaonews.net.br\/2022\/wp-content\/uploads\/2021\/10\/MON4769.jpg","contentUrl":"https:\/\/regiaonews.net.br\/2022\/wp-content\/uploads\/2021\/10\/MON4769.jpg","width":2000,"height":1335},{"@type":"BreadcrumbList","@id":"https:\/\/regiaonews.net.br\/2022\/2021\/10\/25\/paula-lemos-anuncia-oficialmente-novo-material-didatico-do-sistema-municipal-de-ensino-de-barretos\/#breadcrumb","itemListElement":[{"@type":"ListItem","position":1,"name":"In\u00edcio","item":"https:\/\/regiaonews.net.br\/2022\/"},{"@type":"ListItem","position":2,"name":"Paula Lemos anuncia oficialmente novo material did\u00e1tico do sistema municipal de ensino de Barretos"}]},{"@type":"WebSite","@id":"https:\/\/regiaonews.net.br\/2022\/#website","url":"https:\/\/regiaonews.net.br\/2022\/","name":"Regi\u00e3o News","description":"Site de Not\u00edcias de Barretos e regi\u00e3o","publisher":{"@id":"https:\/\/regiaonews.net.br\/2022\/#organization"},"potentialAction":[{"@type":"SearchAction","target":{"@type":"EntryPoint","urlTemplate":"https:\/\/regiaonews.net.br\/2022\/?s={search_term_string}"},"query-input":{"@type":"PropertyValueSpecification","valueRequired":true,"valueName":"search_term_string"}}],"inLanguage":"pt-BR"},{"@type":"Organization","@id":"https:\/\/regiaonews.net.br\/2022\/#organization","name":"Regi\u00e3o News","url":"https:\/\/regiaonews.net.br\/2022\/","logo":{"@type":"ImageObject","inLanguage":"pt-BR","@id":"https:\/\/regiaonews.net.br\/2022\/#\/schema\/logo\/image\/","url":"https:\/\/regiaonews.net.br\/2022\/wp-content\/uploads\/2026\/03\/regiao-13-anos-scaled.jpg","contentUrl":"https:\/\/regiaonews.net.br\/2022\/wp-content\/uploads\/2026\/03\/regiao-13-anos-scaled.jpg","width":2560,"height":635,"caption":"Regi\u00e3o News"},"image":{"@id":"https:\/\/regiaonews.net.br\/2022\/#\/schema\/logo\/image\/"}},{"@type":"Person","@id":"https:\/\/regiaonews.net.br\/2022\/#\/schema\/person\/2d205a608a5aa97ac279d7a5e6d89ad8","name":"Roberto","image":{"@type":"ImageObject","inLanguage":"pt-BR","@id":"https:\/\/secure.gravatar.com\/avatar\/42749d8b712ff9d59ca93dc150494e5b55a44134482993f5baeb97e61b7ecc89?s=96&d=mm&r=g","url":"https:\/\/secure.gravatar.com\/avatar\/42749d8b712ff9d59ca93dc150494e5b55a44134482993f5baeb97e61b7ecc89?s=96&d=mm&r=g","contentUrl":"https:\/\/secure.gravatar.com\/avatar\/42749d8b712ff9d59ca93dc150494e5b55a44134482993f5baeb97e61b7ecc89?s=96&d=mm&r=g","caption":"Roberto"},"url":"https:\/\/regiaonews.net.br\/2022\/author\/roberto\/"}]}},"publishpress_future_action":{"enabled":false,"date":"2026-05-05 01:17:54","action":"change-status","newStatus":"draft","terms":[],"taxonomy":"category","extraData":[]},"publishpress_future_workflow_manual_trigger":{"enabledWorkflows":[]},"_links":{"self":[{"href":"https:\/\/regiaonews.net.br\/2022\/wp-json\/wp\/v2\/posts\/55236","targetHints":{"allow":["GET"]}}],"collection":[{"href":"https:\/\/regiaonews.net.br\/2022\/wp-json\/wp\/v2\/posts"}],"about":[{"href":"https:\/\/regiaonews.net.br\/2022\/wp-json\/wp\/v2\/types\/post"}],"author":[{"embeddable":true,"href":"https:\/\/regiaonews.net.br\/2022\/wp-json\/wp\/v2\/users\/2"}],"replies":[{"embeddable":true,"href":"https:\/\/regiaonews.net.br\/2022\/wp-json\/wp\/v2\/comments?post=55236"}],"version-history":[{"count":0,"href":"https:\/\/regiaonews.net.br\/2022\/wp-json\/wp\/v2\/posts\/55236\/revisions"}],"wp:featuredmedia":[{"embeddable":true,"href":"https:\/\/regiaonews.net.br\/2022\/wp-json\/wp\/v2\/media\/55237"}],"wp:attachment":[{"href":"https:\/\/regiaonews.net.br\/2022\/wp-json\/wp\/v2\/media?parent=55236"}],"wp:term":[{"taxonomy":"category","embeddable":true,"href":"https:\/\/regiaonews.net.br\/2022\/wp-json\/wp\/v2\/categories?post=55236"},{"taxonomy":"post_tag","embeddable":true,"href":"https:\/\/regiaonews.net.br\/2022\/wp-json\/wp\/v2\/tags?post=55236"}],"curies":[{"name":"wp","href":"https:\/\/api.w.org\/{rel}","templated":true}]}}