{"id":55206,"date":"2021-10-24T22:46:45","date_gmt":"2021-10-25T01:46:45","guid":{"rendered":"https:\/\/regiaonews.net.br\/2022\/?p=55206"},"modified":"2021-10-24T22:48:43","modified_gmt":"2021-10-25T01:48:43","slug":"artesp-apresenta-projeto-de-concessao-de-rodovias-em-audiencia-publica","status":"publish","type":"post","link":"https:\/\/regiaonews.net.br\/2022\/2021\/10\/24\/artesp-apresenta-projeto-de-concessao-de-rodovias-em-audiencia-publica\/","title":{"rendered":"Artesp apresenta projeto de concess\u00e3o de rodovias  em Audi\u00eancia P\u00fablica"},"content":{"rendered":"<p><a href=\"https:\/\/regiaonews.net.br\/2022\/wp-content\/uploads\/2018\/05\/caminh\u00e3os-rodovias.jpg\"><img loading=\"lazy\" decoding=\"async\" class=\"alignnone size-medium wp-image-12860\" src=\"https:\/\/regiaonews.net.br\/2022\/wp-content\/uploads\/2018\/05\/caminh\u00e3os-rodovias-300x169.jpg\" alt=\"\" width=\"300\" height=\"169\" \/><\/a><\/p>\n<header class=\"entry-header\"><\/header>\n<div class=\"entry-content clearfix\">\n<p>&nbsp;<\/p>\n<p>Foto \u2013 Trecho da rodovia Brigadeiro Faria Lima entre Barretos e Col\u00f4mbia<\/p>\n<p>A ARTESP (Ag\u00eancia Reguladora de Servi\u00e7os P\u00fablicos Delegados de Transporte do Estado de S\u00e3o Paulo), confirmou atrav\u00e9s do Di\u00e1rio Oficial, que ser\u00e3o realizadas Audi\u00eancias P\u00fablicas para a apresenta\u00e7\u00e3o dos projetos do Programa Estadual de Desestatiza\u00e7\u00e3o (PED). De acordo com a Artesp, o Bloco Noroeste Paulista foi separado preliminarmente em dois lotes, que juntos somam aproximadamente 1.705 km de estradas no noroeste do Estado. Ambos s\u00e3o compostos por rodovias j\u00e1 concedidas, com contratos em fase de vencimento, acrescidos de trechos atualmente administrados pelo DER. As audi\u00eancias P\u00fablicas v\u00e3o abordar apenas o Lote A, composto por 1046 km de extens\u00e3o.<br \/>\nO Lote A engloba os trechos atualmente administrados pelas concession\u00e1rias Tri\u00e2ngulo do Sol e pela TEBE, al\u00e9m das rodovias SP 425 (Gua\u00edra-S\u00e3o Jos\u00e9 do Rio Preto), Jos\u00e9 Bonif\u00e1cio-Parapu\u00e3, SP 373 (Severina-Colina) e SP 326 (Barretos-Col\u00f4mbia). O prazo estimado de concess\u00e3o \u00e9 de 30 anos.<br \/>\nEm Barretos, Audi\u00eancia P\u00fablica 04\/2021, em formato presencial, com capacidade para 80 pessoas, ser\u00e1 realizada no dia 25 de outubro, \u00e0s 9h, no audit\u00f3rio da ACIB. No mesmo dia, em S\u00e3o Jos\u00e9 do Rio Preto, \u00e0s 15h, ser\u00e1 realizada audi\u00eancia no Teatro Municipal Nelson Castro.<\/p>\n<p>Os interessados em participar, dever\u00e3o observar os regulamentos publicados no site da ARTESP (www.artesp.sp.gov.br) e todas as audi\u00eancias ter\u00e3o transmiss\u00e3o aberta no canal do Youtube da ARTESP (http:\/\/youtube.com\/artespsp).<\/p>\n<\/div>\n","protected":false},"excerpt":{"rendered":"<p>&nbsp; Foto \u2013 Trecho da rodovia Brigadeiro Faria Lima entre<\/p>\n","protected":false},"author":2,"featured_media":12860,"comment_status":"open","ping_status":"open","sticky":false,"template":"","format":"standard","meta":{"footnotes":""},"categories":[14,30],"tags":[],"class_list":["post-55206","post","type-post","status-publish","format-standard","has-post-thumbnail","hentry","category-barretos","category-regiao"],"yoast_head":"<!-- This site is optimized with the Yoast SEO plugin v27.4 - https:\/\/yoast.com\/product\/yoast-seo-wordpress\/ -->\n<title>Artesp apresenta projeto de concess\u00e3o de rodovias em Audi\u00eancia P\u00fablica - Regi\u00e3o News<\/title>\n<meta name=\"robots\" content=\"index, follow, max-snippet:-1, max-image-preview:large, max-video-preview:-1\" \/>\n<link rel=\"canonical\" href=\"https:\/\/regiaonews.net.br\/2022\/2021\/10\/24\/artesp-apresenta-projeto-de-concessao-de-rodovias-em-audiencia-publica\/\" \/>\n<meta property=\"og:locale\" content=\"pt_BR\" \/>\n<meta property=\"og:type\" content=\"article\" \/>\n<meta property=\"og:title\" content=\"Artesp apresenta projeto de concess\u00e3o de rodovias em Audi\u00eancia P\u00fablica - Regi\u00e3o News\" \/>\n<meta property=\"og:description\" content=\"&nbsp; Foto \u2013 Trecho da rodovia Brigadeiro Faria Lima entre\" \/>\n<meta property=\"og:url\" content=\"https:\/\/regiaonews.net.br\/2022\/2021\/10\/24\/artesp-apresenta-projeto-de-concessao-de-rodovias-em-audiencia-publica\/\" \/>\n<meta property=\"og:site_name\" content=\"Regi\u00e3o News\" \/>\n<meta property=\"article:published_time\" content=\"2021-10-25T01:46:45+00:00\" \/>\n<meta property=\"article:modified_time\" content=\"2021-10-25T01:48:43+00:00\" \/>\n<meta property=\"og:image\" content=\"https:\/\/regiaonews.net.br\/2022\/wp-content\/uploads\/2018\/05\/caminh\u00e3os-rodovias.jpg\" \/>\n\t<meta property=\"og:image:width\" content=\"1032\" \/>\n\t<meta property=\"og:image:height\" content=\"581\" \/>\n\t<meta property=\"og:image:type\" content=\"image\/jpeg\" \/>\n<meta name=\"author\" content=\"Roberto\" \/>\n<meta name=\"twitter:card\" content=\"summary_large_image\" \/>\n<meta name=\"twitter:label1\" content=\"Escrito por\" \/>\n\t<meta name=\"twitter:data1\" content=\"Roberto\" \/>\n\t<meta name=\"twitter:label2\" content=\"Est. tempo de leitura\" \/>\n\t<meta name=\"twitter:data2\" content=\"1 minuto\" \/>\n<script type=\"application\/ld+json\" class=\"yoast-schema-graph\">{\"@context\":\"https:\\\/\\\/schema.org\",\"@graph\":[{\"@type\":\"Article\",\"@id\":\"https:\\\/\\\/regiaonews.net.br\\\/2022\\\/2021\\\/10\\\/24\\\/artesp-apresenta-projeto-de-concessao-de-rodovias-em-audiencia-publica\\\/#article\",\"isPartOf\":{\"@id\":\"https:\\\/\\\/regiaonews.net.br\\\/2022\\\/2021\\\/10\\\/24\\\/artesp-apresenta-projeto-de-concessao-de-rodovias-em-audiencia-publica\\\/\"},\"author\":{\"name\":\"Roberto\",\"@id\":\"https:\\\/\\\/regiaonews.net.br\\\/2022\\\/#\\\/schema\\\/person\\\/2d205a608a5aa97ac279d7a5e6d89ad8\"},\"headline\":\"Artesp apresenta projeto de concess\u00e3o de rodovias em Audi\u00eancia P\u00fablica\",\"datePublished\":\"2021-10-25T01:46:45+00:00\",\"dateModified\":\"2021-10-25T01:48:43+00:00\",\"mainEntityOfPage\":{\"@id\":\"https:\\\/\\\/regiaonews.net.br\\\/2022\\\/2021\\\/10\\\/24\\\/artesp-apresenta-projeto-de-concessao-de-rodovias-em-audiencia-publica\\\/\"},\"wordCount\":271,\"commentCount\":0,\"publisher\":{\"@id\":\"https:\\\/\\\/regiaonews.net.br\\\/2022\\\/#organization\"},\"image\":{\"@id\":\"https:\\\/\\\/regiaonews.net.br\\\/2022\\\/2021\\\/10\\\/24\\\/artesp-apresenta-projeto-de-concessao-de-rodovias-em-audiencia-publica\\\/#primaryimage\"},\"thumbnailUrl\":\"https:\\\/\\\/regiaonews.net.br\\\/2022\\\/wp-content\\\/uploads\\\/2018\\\/05\\\/caminh\u00e3os-rodovias.jpg\",\"articleSection\":[\"Barretos\",\"Regi\u00e3o\"],\"inLanguage\":\"pt-BR\",\"potentialAction\":[{\"@type\":\"CommentAction\",\"name\":\"Comment\",\"target\":[\"https:\\\/\\\/regiaonews.net.br\\\/2022\\\/2021\\\/10\\\/24\\\/artesp-apresenta-projeto-de-concessao-de-rodovias-em-audiencia-publica\\\/#respond\"]}]},{\"@type\":\"WebPage\",\"@id\":\"https:\\\/\\\/regiaonews.net.br\\\/2022\\\/2021\\\/10\\\/24\\\/artesp-apresenta-projeto-de-concessao-de-rodovias-em-audiencia-publica\\\/\",\"url\":\"https:\\\/\\\/regiaonews.net.br\\\/2022\\\/2021\\\/10\\\/24\\\/artesp-apresenta-projeto-de-concessao-de-rodovias-em-audiencia-publica\\\/\",\"name\":\"Artesp apresenta projeto de concess\u00e3o de rodovias em Audi\u00eancia P\u00fablica - Regi\u00e3o News\",\"isPartOf\":{\"@id\":\"https:\\\/\\\/regiaonews.net.br\\\/2022\\\/#website\"},\"primaryImageOfPage\":{\"@id\":\"https:\\\/\\\/regiaonews.net.br\\\/2022\\\/2021\\\/10\\\/24\\\/artesp-apresenta-projeto-de-concessao-de-rodovias-em-audiencia-publica\\\/#primaryimage\"},\"image\":{\"@id\":\"https:\\\/\\\/regiaonews.net.br\\\/2022\\\/2021\\\/10\\\/24\\\/artesp-apresenta-projeto-de-concessao-de-rodovias-em-audiencia-publica\\\/#primaryimage\"},\"thumbnailUrl\":\"https:\\\/\\\/regiaonews.net.br\\\/2022\\\/wp-content\\\/uploads\\\/2018\\\/05\\\/caminh\u00e3os-rodovias.jpg\",\"datePublished\":\"2021-10-25T01:46:45+00:00\",\"dateModified\":\"2021-10-25T01:48:43+00:00\",\"breadcrumb\":{\"@id\":\"https:\\\/\\\/regiaonews.net.br\\\/2022\\\/2021\\\/10\\\/24\\\/artesp-apresenta-projeto-de-concessao-de-rodovias-em-audiencia-publica\\\/#breadcrumb\"},\"inLanguage\":\"pt-BR\",\"potentialAction\":[{\"@type\":\"ReadAction\",\"target\":[\"https:\\\/\\\/regiaonews.net.br\\\/2022\\\/2021\\\/10\\\/24\\\/artesp-apresenta-projeto-de-concessao-de-rodovias-em-audiencia-publica\\\/\"]}]},{\"@type\":\"ImageObject\",\"inLanguage\":\"pt-BR\",\"@id\":\"https:\\\/\\\/regiaonews.net.br\\\/2022\\\/2021\\\/10\\\/24\\\/artesp-apresenta-projeto-de-concessao-de-rodovias-em-audiencia-publica\\\/#primaryimage\",\"url\":\"https:\\\/\\\/regiaonews.net.br\\\/2022\\\/wp-content\\\/uploads\\\/2018\\\/05\\\/caminh\u00e3os-rodovias.jpg\",\"contentUrl\":\"https:\\\/\\\/regiaonews.net.br\\\/2022\\\/wp-content\\\/uploads\\\/2018\\\/05\\\/caminh\u00e3os-rodovias.jpg\",\"width\":1032,\"height\":581},{\"@type\":\"BreadcrumbList\",\"@id\":\"https:\\\/\\\/regiaonews.net.br\\\/2022\\\/2021\\\/10\\\/24\\\/artesp-apresenta-projeto-de-concessao-de-rodovias-em-audiencia-publica\\\/#breadcrumb\",\"itemListElement\":[{\"@type\":\"ListItem\",\"position\":1,\"name\":\"In\u00edcio\",\"item\":\"https:\\\/\\\/regiaonews.net.br\\\/2022\\\/\"},{\"@type\":\"ListItem\",\"position\":2,\"name\":\"Artesp apresenta projeto de concess\u00e3o de rodovias em Audi\u00eancia P\u00fablica\"}]},{\"@type\":\"WebSite\",\"@id\":\"https:\\\/\\\/regiaonews.net.br\\\/2022\\\/#website\",\"url\":\"https:\\\/\\\/regiaonews.net.br\\\/2022\\\/\",\"name\":\"Regi\u00e3o News\",\"description\":\"Site de Not\u00edcias de Barretos e regi\u00e3o\",\"publisher\":{\"@id\":\"https:\\\/\\\/regiaonews.net.br\\\/2022\\\/#organization\"},\"potentialAction\":[{\"@type\":\"SearchAction\",\"target\":{\"@type\":\"EntryPoint\",\"urlTemplate\":\"https:\\\/\\\/regiaonews.net.br\\\/2022\\\/?s={search_term_string}\"},\"query-input\":{\"@type\":\"PropertyValueSpecification\",\"valueRequired\":true,\"valueName\":\"search_term_string\"}}],\"inLanguage\":\"pt-BR\"},{\"@type\":\"Organization\",\"@id\":\"https:\\\/\\\/regiaonews.net.br\\\/2022\\\/#organization\",\"name\":\"Regi\u00e3o News\",\"url\":\"https:\\\/\\\/regiaonews.net.br\\\/2022\\\/\",\"logo\":{\"@type\":\"ImageObject\",\"inLanguage\":\"pt-BR\",\"@id\":\"https:\\\/\\\/regiaonews.net.br\\\/2022\\\/#\\\/schema\\\/logo\\\/image\\\/\",\"url\":\"https:\\\/\\\/regiaonews.net.br\\\/2022\\\/wp-content\\\/uploads\\\/2026\\\/03\\\/regiao-13-anos-scaled.jpg\",\"contentUrl\":\"https:\\\/\\\/regiaonews.net.br\\\/2022\\\/wp-content\\\/uploads\\\/2026\\\/03\\\/regiao-13-anos-scaled.jpg\",\"width\":2560,\"height\":635,\"caption\":\"Regi\u00e3o News\"},\"image\":{\"@id\":\"https:\\\/\\\/regiaonews.net.br\\\/2022\\\/#\\\/schema\\\/logo\\\/image\\\/\"}},{\"@type\":\"Person\",\"@id\":\"https:\\\/\\\/regiaonews.net.br\\\/2022\\\/#\\\/schema\\\/person\\\/2d205a608a5aa97ac279d7a5e6d89ad8\",\"name\":\"Roberto\",\"image\":{\"@type\":\"ImageObject\",\"inLanguage\":\"pt-BR\",\"@id\":\"https:\\\/\\\/secure.gravatar.com\\\/avatar\\\/42749d8b712ff9d59ca93dc150494e5b55a44134482993f5baeb97e61b7ecc89?s=96&d=mm&r=g\",\"url\":\"https:\\\/\\\/secure.gravatar.com\\\/avatar\\\/42749d8b712ff9d59ca93dc150494e5b55a44134482993f5baeb97e61b7ecc89?s=96&d=mm&r=g\",\"contentUrl\":\"https:\\\/\\\/secure.gravatar.com\\\/avatar\\\/42749d8b712ff9d59ca93dc150494e5b55a44134482993f5baeb97e61b7ecc89?s=96&d=mm&r=g\",\"caption\":\"Roberto\"},\"url\":\"https:\\\/\\\/regiaonews.net.br\\\/2022\\\/author\\\/roberto\\\/\"}]}<\/script>\n<!-- \/ Yoast SEO plugin. -->","yoast_head_json":{"title":"Artesp apresenta projeto de concess\u00e3o de rodovias em Audi\u00eancia P\u00fablica - Regi\u00e3o News","robots":{"index":"index","follow":"follow","max-snippet":"max-snippet:-1","max-image-preview":"max-image-preview:large","max-video-preview":"max-video-preview:-1"},"canonical":"https:\/\/regiaonews.net.br\/2022\/2021\/10\/24\/artesp-apresenta-projeto-de-concessao-de-rodovias-em-audiencia-publica\/","og_locale":"pt_BR","og_type":"article","og_title":"Artesp apresenta projeto de concess\u00e3o de rodovias em Audi\u00eancia P\u00fablica - Regi\u00e3o News","og_description":"&nbsp; Foto \u2013 Trecho da rodovia Brigadeiro Faria Lima entre","og_url":"https:\/\/regiaonews.net.br\/2022\/2021\/10\/24\/artesp-apresenta-projeto-de-concessao-de-rodovias-em-audiencia-publica\/","og_site_name":"Regi\u00e3o News","article_published_time":"2021-10-25T01:46:45+00:00","article_modified_time":"2021-10-25T01:48:43+00:00","og_image":[{"width":1032,"height":581,"url":"https:\/\/regiaonews.net.br\/2022\/wp-content\/uploads\/2018\/05\/caminh\u00e3os-rodovias.jpg","type":"image\/jpeg"}],"author":"Roberto","twitter_card":"summary_large_image","twitter_misc":{"Escrito por":"Roberto","Est. tempo de leitura":"1 minuto"},"schema":{"@context":"https:\/\/schema.org","@graph":[{"@type":"Article","@id":"https:\/\/regiaonews.net.br\/2022\/2021\/10\/24\/artesp-apresenta-projeto-de-concessao-de-rodovias-em-audiencia-publica\/#article","isPartOf":{"@id":"https:\/\/regiaonews.net.br\/2022\/2021\/10\/24\/artesp-apresenta-projeto-de-concessao-de-rodovias-em-audiencia-publica\/"},"author":{"name":"Roberto","@id":"https:\/\/regiaonews.net.br\/2022\/#\/schema\/person\/2d205a608a5aa97ac279d7a5e6d89ad8"},"headline":"Artesp apresenta projeto de concess\u00e3o de rodovias em Audi\u00eancia P\u00fablica","datePublished":"2021-10-25T01:46:45+00:00","dateModified":"2021-10-25T01:48:43+00:00","mainEntityOfPage":{"@id":"https:\/\/regiaonews.net.br\/2022\/2021\/10\/24\/artesp-apresenta-projeto-de-concessao-de-rodovias-em-audiencia-publica\/"},"wordCount":271,"commentCount":0,"publisher":{"@id":"https:\/\/regiaonews.net.br\/2022\/#organization"},"image":{"@id":"https:\/\/regiaonews.net.br\/2022\/2021\/10\/24\/artesp-apresenta-projeto-de-concessao-de-rodovias-em-audiencia-publica\/#primaryimage"},"thumbnailUrl":"https:\/\/regiaonews.net.br\/2022\/wp-content\/uploads\/2018\/05\/caminh\u00e3os-rodovias.jpg","articleSection":["Barretos","Regi\u00e3o"],"inLanguage":"pt-BR","potentialAction":[{"@type":"CommentAction","name":"Comment","target":["https:\/\/regiaonews.net.br\/2022\/2021\/10\/24\/artesp-apresenta-projeto-de-concessao-de-rodovias-em-audiencia-publica\/#respond"]}]},{"@type":"WebPage","@id":"https:\/\/regiaonews.net.br\/2022\/2021\/10\/24\/artesp-apresenta-projeto-de-concessao-de-rodovias-em-audiencia-publica\/","url":"https:\/\/regiaonews.net.br\/2022\/2021\/10\/24\/artesp-apresenta-projeto-de-concessao-de-rodovias-em-audiencia-publica\/","name":"Artesp apresenta projeto de concess\u00e3o de rodovias em Audi\u00eancia P\u00fablica - Regi\u00e3o News","isPartOf":{"@id":"https:\/\/regiaonews.net.br\/2022\/#website"},"primaryImageOfPage":{"@id":"https:\/\/regiaonews.net.br\/2022\/2021\/10\/24\/artesp-apresenta-projeto-de-concessao-de-rodovias-em-audiencia-publica\/#primaryimage"},"image":{"@id":"https:\/\/regiaonews.net.br\/2022\/2021\/10\/24\/artesp-apresenta-projeto-de-concessao-de-rodovias-em-audiencia-publica\/#primaryimage"},"thumbnailUrl":"https:\/\/regiaonews.net.br\/2022\/wp-content\/uploads\/2018\/05\/caminh\u00e3os-rodovias.jpg","datePublished":"2021-10-25T01:46:45+00:00","dateModified":"2021-10-25T01:48:43+00:00","breadcrumb":{"@id":"https:\/\/regiaonews.net.br\/2022\/2021\/10\/24\/artesp-apresenta-projeto-de-concessao-de-rodovias-em-audiencia-publica\/#breadcrumb"},"inLanguage":"pt-BR","potentialAction":[{"@type":"ReadAction","target":["https:\/\/regiaonews.net.br\/2022\/2021\/10\/24\/artesp-apresenta-projeto-de-concessao-de-rodovias-em-audiencia-publica\/"]}]},{"@type":"ImageObject","inLanguage":"pt-BR","@id":"https:\/\/regiaonews.net.br\/2022\/2021\/10\/24\/artesp-apresenta-projeto-de-concessao-de-rodovias-em-audiencia-publica\/#primaryimage","url":"https:\/\/regiaonews.net.br\/2022\/wp-content\/uploads\/2018\/05\/caminh\u00e3os-rodovias.jpg","contentUrl":"https:\/\/regiaonews.net.br\/2022\/wp-content\/uploads\/2018\/05\/caminh\u00e3os-rodovias.jpg","width":1032,"height":581},{"@type":"BreadcrumbList","@id":"https:\/\/regiaonews.net.br\/2022\/2021\/10\/24\/artesp-apresenta-projeto-de-concessao-de-rodovias-em-audiencia-publica\/#breadcrumb","itemListElement":[{"@type":"ListItem","position":1,"name":"In\u00edcio","item":"https:\/\/regiaonews.net.br\/2022\/"},{"@type":"ListItem","position":2,"name":"Artesp apresenta projeto de concess\u00e3o de rodovias em Audi\u00eancia P\u00fablica"}]},{"@type":"WebSite","@id":"https:\/\/regiaonews.net.br\/2022\/#website","url":"https:\/\/regiaonews.net.br\/2022\/","name":"Regi\u00e3o News","description":"Site de Not\u00edcias de Barretos e regi\u00e3o","publisher":{"@id":"https:\/\/regiaonews.net.br\/2022\/#organization"},"potentialAction":[{"@type":"SearchAction","target":{"@type":"EntryPoint","urlTemplate":"https:\/\/regiaonews.net.br\/2022\/?s={search_term_string}"},"query-input":{"@type":"PropertyValueSpecification","valueRequired":true,"valueName":"search_term_string"}}],"inLanguage":"pt-BR"},{"@type":"Organization","@id":"https:\/\/regiaonews.net.br\/2022\/#organization","name":"Regi\u00e3o News","url":"https:\/\/regiaonews.net.br\/2022\/","logo":{"@type":"ImageObject","inLanguage":"pt-BR","@id":"https:\/\/regiaonews.net.br\/2022\/#\/schema\/logo\/image\/","url":"https:\/\/regiaonews.net.br\/2022\/wp-content\/uploads\/2026\/03\/regiao-13-anos-scaled.jpg","contentUrl":"https:\/\/regiaonews.net.br\/2022\/wp-content\/uploads\/2026\/03\/regiao-13-anos-scaled.jpg","width":2560,"height":635,"caption":"Regi\u00e3o News"},"image":{"@id":"https:\/\/regiaonews.net.br\/2022\/#\/schema\/logo\/image\/"}},{"@type":"Person","@id":"https:\/\/regiaonews.net.br\/2022\/#\/schema\/person\/2d205a608a5aa97ac279d7a5e6d89ad8","name":"Roberto","image":{"@type":"ImageObject","inLanguage":"pt-BR","@id":"https:\/\/secure.gravatar.com\/avatar\/42749d8b712ff9d59ca93dc150494e5b55a44134482993f5baeb97e61b7ecc89?s=96&d=mm&r=g","url":"https:\/\/secure.gravatar.com\/avatar\/42749d8b712ff9d59ca93dc150494e5b55a44134482993f5baeb97e61b7ecc89?s=96&d=mm&r=g","contentUrl":"https:\/\/secure.gravatar.com\/avatar\/42749d8b712ff9d59ca93dc150494e5b55a44134482993f5baeb97e61b7ecc89?s=96&d=mm&r=g","caption":"Roberto"},"url":"https:\/\/regiaonews.net.br\/2022\/author\/roberto\/"}]}},"publishpress_future_action":{"enabled":false,"date":"2026-05-05 08:32:11","action":"change-status","newStatus":"draft","terms":[],"taxonomy":"category","extraData":[]},"publishpress_future_workflow_manual_trigger":{"enabledWorkflows":[]},"_links":{"self":[{"href":"https:\/\/regiaonews.net.br\/2022\/wp-json\/wp\/v2\/posts\/55206","targetHints":{"allow":["GET"]}}],"collection":[{"href":"https:\/\/regiaonews.net.br\/2022\/wp-json\/wp\/v2\/posts"}],"about":[{"href":"https:\/\/regiaonews.net.br\/2022\/wp-json\/wp\/v2\/types\/post"}],"author":[{"embeddable":true,"href":"https:\/\/regiaonews.net.br\/2022\/wp-json\/wp\/v2\/users\/2"}],"replies":[{"embeddable":true,"href":"https:\/\/regiaonews.net.br\/2022\/wp-json\/wp\/v2\/comments?post=55206"}],"version-history":[{"count":0,"href":"https:\/\/regiaonews.net.br\/2022\/wp-json\/wp\/v2\/posts\/55206\/revisions"}],"wp:featuredmedia":[{"embeddable":true,"href":"https:\/\/regiaonews.net.br\/2022\/wp-json\/wp\/v2\/media\/12860"}],"wp:attachment":[{"href":"https:\/\/regiaonews.net.br\/2022\/wp-json\/wp\/v2\/media?parent=55206"}],"wp:term":[{"taxonomy":"category","embeddable":true,"href":"https:\/\/regiaonews.net.br\/2022\/wp-json\/wp\/v2\/categories?post=55206"},{"taxonomy":"post_tag","embeddable":true,"href":"https:\/\/regiaonews.net.br\/2022\/wp-json\/wp\/v2\/tags?post=55206"}],"curies":[{"name":"wp","href":"https:\/\/api.w.org\/{rel}","templated":true}]}}