{"id":55172,"date":"2021-10-23T19:05:11","date_gmt":"2021-10-23T22:05:11","guid":{"rendered":"https:\/\/regiaonews.net.br\/2022\/?p=55172"},"modified":"2021-10-23T19:05:11","modified_gmt":"2021-10-23T22:05:11","slug":"prefeito-dieb-de-colina-assina-convenio-para-o-programa-melhor-caminho","status":"publish","type":"post","link":"https:\/\/regiaonews.net.br\/2022\/2021\/10\/23\/prefeito-dieb-de-colina-assina-convenio-para-o-programa-melhor-caminho\/","title":{"rendered":"Prefeito Dieb de Colina assina conv\u00eanio para o Programa \u2018Melhor Caminho\u2019"},"content":{"rendered":"<p><a href=\"https:\/\/regiaonews.net.br\/2022\/wp-content\/uploads\/2021\/10\/20211023_190017.jpg\"><img loading=\"lazy\" decoding=\"async\" class=\"alignnone size-medium wp-image-55173\" src=\"https:\/\/regiaonews.net.br\/2022\/wp-content\/uploads\/2021\/10\/20211023_190017-300x225.jpg\" alt=\"\" width=\"300\" height=\"225\" \/><\/a><\/p>\n<header class=\"post-header\"><\/header>\n<div class=\"post-image\">Foto &#8211; Itamar, Dieb e Geminho<\/div>\n<div class=\"post-content\">\n<article class=\"post-text\"><em>Evento foi realizado na manh\u00e3 desta quinta-feira, 14, em S\u00e3o Jos\u00e9 do Rio Preto.<\/em><\/p>\n<p>&nbsp;<\/p>\n<p>O Prefeito Municipal de Colina, Dieb Taha, acompanhado do Secret\u00e1rio Municipal de Ind\u00fastria, Com\u00e9rcio e Agricultura, Ren\u00ea \u00c2ngelo Sasaki de Souza,\u00a0esteve na cidade de S\u00e3o Jos\u00e9 do Rio Preto, na manh\u00e3 da \u00faltima quinta-feira, dia 14 de outubro, participando do evento de assinatura de conv\u00eanio para a implanta\u00e7\u00e3o do Programa \u2018Melhor Caminho\u2019, de Recupera\u00e7\u00e3o de Estradas Rurais, no Estado de S\u00e3o Paulo.<\/p>\n<p>O evento teve a presen\u00e7a do Governador do Estado de S\u00e3o Paulo, Jo\u00e3o Doria e do Secret\u00e1rio de Agricultura e Abastecimento de S\u00e3o Paulo, Itamar Borges.<\/p>\n<p>O Programa \u2018Melhor Caminho\u2019 visa recuperar milhares de quil\u00f4metros de estradas rurais por todo o Estado, incluindo \u00e1rea do munic\u00edpio de Colina, que foi contemplado com melhorias no trecho de 7,83 km da Estrada Municipal CLN 050, para sua recupera\u00e7\u00e3o e conserva\u00e7\u00e3o.<\/p>\n<p>Vale ressaltar que o \u2018Melhor Caminho\u2019 busca o desenvolvimento da zona rural, simplificando a vida do agricultor ao favorecer o escoamento da produ\u00e7\u00e3o agropecu\u00e1ria, al\u00e9m de diminuir a eros\u00e3o do solo e o assoreamento dos rios. Com o Programa, a trafegabilidade e a seguran\u00e7a nas estradas ser\u00e3o beneficiadas.<\/p>\n<p>\u201cEsse Programa \u00e9 importante, pois n\u00e3o apenas Colina, mas toda a nossa regi\u00e3o depende muito das estradas rurais, principalmente para o escoamento da produ\u00e7\u00e3o agroindustrial. Assinei o conv\u00eanio e segundo a equipe t\u00e9cnica da Secretaria de Estado, neste m\u00eas se inicia os trabalhos do Programa\u201d, afirmou o Prefeito Dieb, que agradeceu o Governador Jo\u00e3o Doria, o Vice-governador Rodrigo Garcia; o Secret\u00e1rio da Agricultura, Itamar Borges; o Secret\u00e1rio de Desenvolvimento Regional, Marco Vinholi e o Deputado Federal, Geninho Zuliani.<\/p>\n<p>&nbsp;<\/p>\n<\/article>\n<\/div>\n","protected":false},"excerpt":{"rendered":"<p>Foto &#8211; Itamar, Dieb e Geminho Evento foi realizado na<\/p>\n","protected":false},"author":2,"featured_media":55173,"comment_status":"open","ping_status":"open","sticky":false,"template":"","format":"standard","meta":{"footnotes":""},"categories":[25,22,38],"tags":[],"class_list":["post-55172","post","type-post","status-publish","format-standard","has-post-thumbnail","hentry","category-cidades","category-politica","category-sao-jose-do-rio-preto"],"yoast_head":"<!-- This site is optimized with the Yoast SEO plugin v27.5 - https:\/\/yoast.com\/product\/yoast-seo-wordpress\/ -->\n<title>Prefeito Dieb de Colina assina conv\u00eanio para o Programa \u2018Melhor Caminho\u2019 - Regi\u00e3o News<\/title>\n<meta name=\"robots\" content=\"index, follow, max-snippet:-1, max-image-preview:large, max-video-preview:-1\" \/>\n<link rel=\"canonical\" href=\"https:\/\/regiaonews.net.br\/2022\/2021\/10\/23\/prefeito-dieb-de-colina-assina-convenio-para-o-programa-melhor-caminho\/\" \/>\n<meta property=\"og:locale\" content=\"pt_BR\" \/>\n<meta property=\"og:type\" content=\"article\" \/>\n<meta property=\"og:title\" content=\"Prefeito Dieb de Colina assina conv\u00eanio para o Programa \u2018Melhor Caminho\u2019 - Regi\u00e3o News\" \/>\n<meta property=\"og:description\" content=\"Foto &#8211; Itamar, Dieb e Geminho Evento foi realizado na\" \/>\n<meta property=\"og:url\" content=\"https:\/\/regiaonews.net.br\/2022\/2021\/10\/23\/prefeito-dieb-de-colina-assina-convenio-para-o-programa-melhor-caminho\/\" \/>\n<meta property=\"og:site_name\" content=\"Regi\u00e3o News\" \/>\n<meta property=\"article:published_time\" content=\"2021-10-23T22:05:11+00:00\" \/>\n<meta property=\"og:image\" content=\"https:\/\/regiaonews.net.br\/2022\/wp-content\/uploads\/2021\/10\/20211023_190017.jpg\" \/>\n\t<meta property=\"og:image:width\" content=\"1074\" \/>\n\t<meta property=\"og:image:height\" content=\"805\" \/>\n\t<meta property=\"og:image:type\" content=\"image\/jpeg\" \/>\n<meta name=\"author\" content=\"Roberto\" \/>\n<meta name=\"twitter:card\" content=\"summary_large_image\" \/>\n<meta name=\"twitter:label1\" content=\"Escrito por\" \/>\n\t<meta name=\"twitter:data1\" content=\"Roberto\" \/>\n\t<meta name=\"twitter:label2\" content=\"Est. tempo de leitura\" \/>\n\t<meta name=\"twitter:data2\" content=\"2 minutos\" \/>\n<script type=\"application\/ld+json\" class=\"yoast-schema-graph\">{\"@context\":\"https:\\\/\\\/schema.org\",\"@graph\":[{\"@type\":\"Article\",\"@id\":\"https:\\\/\\\/regiaonews.net.br\\\/2022\\\/2021\\\/10\\\/23\\\/prefeito-dieb-de-colina-assina-convenio-para-o-programa-melhor-caminho\\\/#article\",\"isPartOf\":{\"@id\":\"https:\\\/\\\/regiaonews.net.br\\\/2022\\\/2021\\\/10\\\/23\\\/prefeito-dieb-de-colina-assina-convenio-para-o-programa-melhor-caminho\\\/\"},\"author\":{\"name\":\"Roberto\",\"@id\":\"https:\\\/\\\/regiaonews.net.br\\\/2022\\\/#\\\/schema\\\/person\\\/2d205a608a5aa97ac279d7a5e6d89ad8\"},\"headline\":\"Prefeito Dieb de Colina assina conv\u00eanio para o Programa \u2018Melhor Caminho\u2019\",\"datePublished\":\"2021-10-23T22:05:11+00:00\",\"mainEntityOfPage\":{\"@id\":\"https:\\\/\\\/regiaonews.net.br\\\/2022\\\/2021\\\/10\\\/23\\\/prefeito-dieb-de-colina-assina-convenio-para-o-programa-melhor-caminho\\\/\"},\"wordCount\":319,\"commentCount\":0,\"publisher\":{\"@id\":\"https:\\\/\\\/regiaonews.net.br\\\/2022\\\/#organization\"},\"image\":{\"@id\":\"https:\\\/\\\/regiaonews.net.br\\\/2022\\\/2021\\\/10\\\/23\\\/prefeito-dieb-de-colina-assina-convenio-para-o-programa-melhor-caminho\\\/#primaryimage\"},\"thumbnailUrl\":\"https:\\\/\\\/regiaonews.net.br\\\/2022\\\/wp-content\\\/uploads\\\/2021\\\/10\\\/20211023_190017.jpg\",\"articleSection\":[\"Cidades\",\"Pol\u00edtica\",\"S\u00e3o Jos\u00e9 do RIo Preto\"],\"inLanguage\":\"pt-BR\",\"potentialAction\":[{\"@type\":\"CommentAction\",\"name\":\"Comment\",\"target\":[\"https:\\\/\\\/regiaonews.net.br\\\/2022\\\/2021\\\/10\\\/23\\\/prefeito-dieb-de-colina-assina-convenio-para-o-programa-melhor-caminho\\\/#respond\"]}]},{\"@type\":\"WebPage\",\"@id\":\"https:\\\/\\\/regiaonews.net.br\\\/2022\\\/2021\\\/10\\\/23\\\/prefeito-dieb-de-colina-assina-convenio-para-o-programa-melhor-caminho\\\/\",\"url\":\"https:\\\/\\\/regiaonews.net.br\\\/2022\\\/2021\\\/10\\\/23\\\/prefeito-dieb-de-colina-assina-convenio-para-o-programa-melhor-caminho\\\/\",\"name\":\"Prefeito Dieb de Colina assina conv\u00eanio para o Programa \u2018Melhor Caminho\u2019 - Regi\u00e3o News\",\"isPartOf\":{\"@id\":\"https:\\\/\\\/regiaonews.net.br\\\/2022\\\/#website\"},\"primaryImageOfPage\":{\"@id\":\"https:\\\/\\\/regiaonews.net.br\\\/2022\\\/2021\\\/10\\\/23\\\/prefeito-dieb-de-colina-assina-convenio-para-o-programa-melhor-caminho\\\/#primaryimage\"},\"image\":{\"@id\":\"https:\\\/\\\/regiaonews.net.br\\\/2022\\\/2021\\\/10\\\/23\\\/prefeito-dieb-de-colina-assina-convenio-para-o-programa-melhor-caminho\\\/#primaryimage\"},\"thumbnailUrl\":\"https:\\\/\\\/regiaonews.net.br\\\/2022\\\/wp-content\\\/uploads\\\/2021\\\/10\\\/20211023_190017.jpg\",\"datePublished\":\"2021-10-23T22:05:11+00:00\",\"breadcrumb\":{\"@id\":\"https:\\\/\\\/regiaonews.net.br\\\/2022\\\/2021\\\/10\\\/23\\\/prefeito-dieb-de-colina-assina-convenio-para-o-programa-melhor-caminho\\\/#breadcrumb\"},\"inLanguage\":\"pt-BR\",\"potentialAction\":[{\"@type\":\"ReadAction\",\"target\":[\"https:\\\/\\\/regiaonews.net.br\\\/2022\\\/2021\\\/10\\\/23\\\/prefeito-dieb-de-colina-assina-convenio-para-o-programa-melhor-caminho\\\/\"]}]},{\"@type\":\"ImageObject\",\"inLanguage\":\"pt-BR\",\"@id\":\"https:\\\/\\\/regiaonews.net.br\\\/2022\\\/2021\\\/10\\\/23\\\/prefeito-dieb-de-colina-assina-convenio-para-o-programa-melhor-caminho\\\/#primaryimage\",\"url\":\"https:\\\/\\\/regiaonews.net.br\\\/2022\\\/wp-content\\\/uploads\\\/2021\\\/10\\\/20211023_190017.jpg\",\"contentUrl\":\"https:\\\/\\\/regiaonews.net.br\\\/2022\\\/wp-content\\\/uploads\\\/2021\\\/10\\\/20211023_190017.jpg\",\"width\":1074,\"height\":805},{\"@type\":\"BreadcrumbList\",\"@id\":\"https:\\\/\\\/regiaonews.net.br\\\/2022\\\/2021\\\/10\\\/23\\\/prefeito-dieb-de-colina-assina-convenio-para-o-programa-melhor-caminho\\\/#breadcrumb\",\"itemListElement\":[{\"@type\":\"ListItem\",\"position\":1,\"name\":\"In\u00edcio\",\"item\":\"https:\\\/\\\/regiaonews.net.br\\\/2022\\\/\"},{\"@type\":\"ListItem\",\"position\":2,\"name\":\"Prefeito Dieb de Colina assina conv\u00eanio para o Programa \u2018Melhor Caminho\u2019\"}]},{\"@type\":\"WebSite\",\"@id\":\"https:\\\/\\\/regiaonews.net.br\\\/2022\\\/#website\",\"url\":\"https:\\\/\\\/regiaonews.net.br\\\/2022\\\/\",\"name\":\"Regi\u00e3o News\",\"description\":\"Site de Not\u00edcias de Barretos e regi\u00e3o\",\"publisher\":{\"@id\":\"https:\\\/\\\/regiaonews.net.br\\\/2022\\\/#organization\"},\"potentialAction\":[{\"@type\":\"SearchAction\",\"target\":{\"@type\":\"EntryPoint\",\"urlTemplate\":\"https:\\\/\\\/regiaonews.net.br\\\/2022\\\/?s={search_term_string}\"},\"query-input\":{\"@type\":\"PropertyValueSpecification\",\"valueRequired\":true,\"valueName\":\"search_term_string\"}}],\"inLanguage\":\"pt-BR\"},{\"@type\":\"Organization\",\"@id\":\"https:\\\/\\\/regiaonews.net.br\\\/2022\\\/#organization\",\"name\":\"Regi\u00e3o News\",\"url\":\"https:\\\/\\\/regiaonews.net.br\\\/2022\\\/\",\"logo\":{\"@type\":\"ImageObject\",\"inLanguage\":\"pt-BR\",\"@id\":\"https:\\\/\\\/regiaonews.net.br\\\/2022\\\/#\\\/schema\\\/logo\\\/image\\\/\",\"url\":\"https:\\\/\\\/regiaonews.net.br\\\/2022\\\/wp-content\\\/uploads\\\/2026\\\/03\\\/regiao-13-anos-scaled.jpg\",\"contentUrl\":\"https:\\\/\\\/regiaonews.net.br\\\/2022\\\/wp-content\\\/uploads\\\/2026\\\/03\\\/regiao-13-anos-scaled.jpg\",\"width\":2560,\"height\":635,\"caption\":\"Regi\u00e3o News\"},\"image\":{\"@id\":\"https:\\\/\\\/regiaonews.net.br\\\/2022\\\/#\\\/schema\\\/logo\\\/image\\\/\"}},{\"@type\":\"Person\",\"@id\":\"https:\\\/\\\/regiaonews.net.br\\\/2022\\\/#\\\/schema\\\/person\\\/2d205a608a5aa97ac279d7a5e6d89ad8\",\"name\":\"Roberto\",\"image\":{\"@type\":\"ImageObject\",\"inLanguage\":\"pt-BR\",\"@id\":\"https:\\\/\\\/secure.gravatar.com\\\/avatar\\\/42749d8b712ff9d59ca93dc150494e5b55a44134482993f5baeb97e61b7ecc89?s=96&d=mm&r=g\",\"url\":\"https:\\\/\\\/secure.gravatar.com\\\/avatar\\\/42749d8b712ff9d59ca93dc150494e5b55a44134482993f5baeb97e61b7ecc89?s=96&d=mm&r=g\",\"contentUrl\":\"https:\\\/\\\/secure.gravatar.com\\\/avatar\\\/42749d8b712ff9d59ca93dc150494e5b55a44134482993f5baeb97e61b7ecc89?s=96&d=mm&r=g\",\"caption\":\"Roberto\"},\"url\":\"https:\\\/\\\/regiaonews.net.br\\\/2022\\\/author\\\/roberto\\\/\"}]}<\/script>\n<!-- \/ Yoast SEO plugin. -->","yoast_head_json":{"title":"Prefeito Dieb de Colina assina conv\u00eanio para o Programa \u2018Melhor Caminho\u2019 - Regi\u00e3o News","robots":{"index":"index","follow":"follow","max-snippet":"max-snippet:-1","max-image-preview":"max-image-preview:large","max-video-preview":"max-video-preview:-1"},"canonical":"https:\/\/regiaonews.net.br\/2022\/2021\/10\/23\/prefeito-dieb-de-colina-assina-convenio-para-o-programa-melhor-caminho\/","og_locale":"pt_BR","og_type":"article","og_title":"Prefeito Dieb de Colina assina conv\u00eanio para o Programa \u2018Melhor Caminho\u2019 - Regi\u00e3o News","og_description":"Foto &#8211; Itamar, Dieb e Geminho Evento foi realizado na","og_url":"https:\/\/regiaonews.net.br\/2022\/2021\/10\/23\/prefeito-dieb-de-colina-assina-convenio-para-o-programa-melhor-caminho\/","og_site_name":"Regi\u00e3o News","article_published_time":"2021-10-23T22:05:11+00:00","og_image":[{"width":1074,"height":805,"url":"https:\/\/regiaonews.net.br\/2022\/wp-content\/uploads\/2021\/10\/20211023_190017.jpg","type":"image\/jpeg"}],"author":"Roberto","twitter_card":"summary_large_image","twitter_misc":{"Escrito por":"Roberto","Est. tempo de leitura":"2 minutos"},"schema":{"@context":"https:\/\/schema.org","@graph":[{"@type":"Article","@id":"https:\/\/regiaonews.net.br\/2022\/2021\/10\/23\/prefeito-dieb-de-colina-assina-convenio-para-o-programa-melhor-caminho\/#article","isPartOf":{"@id":"https:\/\/regiaonews.net.br\/2022\/2021\/10\/23\/prefeito-dieb-de-colina-assina-convenio-para-o-programa-melhor-caminho\/"},"author":{"name":"Roberto","@id":"https:\/\/regiaonews.net.br\/2022\/#\/schema\/person\/2d205a608a5aa97ac279d7a5e6d89ad8"},"headline":"Prefeito Dieb de Colina assina conv\u00eanio para o Programa \u2018Melhor Caminho\u2019","datePublished":"2021-10-23T22:05:11+00:00","mainEntityOfPage":{"@id":"https:\/\/regiaonews.net.br\/2022\/2021\/10\/23\/prefeito-dieb-de-colina-assina-convenio-para-o-programa-melhor-caminho\/"},"wordCount":319,"commentCount":0,"publisher":{"@id":"https:\/\/regiaonews.net.br\/2022\/#organization"},"image":{"@id":"https:\/\/regiaonews.net.br\/2022\/2021\/10\/23\/prefeito-dieb-de-colina-assina-convenio-para-o-programa-melhor-caminho\/#primaryimage"},"thumbnailUrl":"https:\/\/regiaonews.net.br\/2022\/wp-content\/uploads\/2021\/10\/20211023_190017.jpg","articleSection":["Cidades","Pol\u00edtica","S\u00e3o Jos\u00e9 do RIo Preto"],"inLanguage":"pt-BR","potentialAction":[{"@type":"CommentAction","name":"Comment","target":["https:\/\/regiaonews.net.br\/2022\/2021\/10\/23\/prefeito-dieb-de-colina-assina-convenio-para-o-programa-melhor-caminho\/#respond"]}]},{"@type":"WebPage","@id":"https:\/\/regiaonews.net.br\/2022\/2021\/10\/23\/prefeito-dieb-de-colina-assina-convenio-para-o-programa-melhor-caminho\/","url":"https:\/\/regiaonews.net.br\/2022\/2021\/10\/23\/prefeito-dieb-de-colina-assina-convenio-para-o-programa-melhor-caminho\/","name":"Prefeito Dieb de Colina assina conv\u00eanio para o Programa \u2018Melhor Caminho\u2019 - Regi\u00e3o News","isPartOf":{"@id":"https:\/\/regiaonews.net.br\/2022\/#website"},"primaryImageOfPage":{"@id":"https:\/\/regiaonews.net.br\/2022\/2021\/10\/23\/prefeito-dieb-de-colina-assina-convenio-para-o-programa-melhor-caminho\/#primaryimage"},"image":{"@id":"https:\/\/regiaonews.net.br\/2022\/2021\/10\/23\/prefeito-dieb-de-colina-assina-convenio-para-o-programa-melhor-caminho\/#primaryimage"},"thumbnailUrl":"https:\/\/regiaonews.net.br\/2022\/wp-content\/uploads\/2021\/10\/20211023_190017.jpg","datePublished":"2021-10-23T22:05:11+00:00","breadcrumb":{"@id":"https:\/\/regiaonews.net.br\/2022\/2021\/10\/23\/prefeito-dieb-de-colina-assina-convenio-para-o-programa-melhor-caminho\/#breadcrumb"},"inLanguage":"pt-BR","potentialAction":[{"@type":"ReadAction","target":["https:\/\/regiaonews.net.br\/2022\/2021\/10\/23\/prefeito-dieb-de-colina-assina-convenio-para-o-programa-melhor-caminho\/"]}]},{"@type":"ImageObject","inLanguage":"pt-BR","@id":"https:\/\/regiaonews.net.br\/2022\/2021\/10\/23\/prefeito-dieb-de-colina-assina-convenio-para-o-programa-melhor-caminho\/#primaryimage","url":"https:\/\/regiaonews.net.br\/2022\/wp-content\/uploads\/2021\/10\/20211023_190017.jpg","contentUrl":"https:\/\/regiaonews.net.br\/2022\/wp-content\/uploads\/2021\/10\/20211023_190017.jpg","width":1074,"height":805},{"@type":"BreadcrumbList","@id":"https:\/\/regiaonews.net.br\/2022\/2021\/10\/23\/prefeito-dieb-de-colina-assina-convenio-para-o-programa-melhor-caminho\/#breadcrumb","itemListElement":[{"@type":"ListItem","position":1,"name":"In\u00edcio","item":"https:\/\/regiaonews.net.br\/2022\/"},{"@type":"ListItem","position":2,"name":"Prefeito Dieb de Colina assina conv\u00eanio para o Programa \u2018Melhor Caminho\u2019"}]},{"@type":"WebSite","@id":"https:\/\/regiaonews.net.br\/2022\/#website","url":"https:\/\/regiaonews.net.br\/2022\/","name":"Regi\u00e3o News","description":"Site de Not\u00edcias de Barretos e regi\u00e3o","publisher":{"@id":"https:\/\/regiaonews.net.br\/2022\/#organization"},"potentialAction":[{"@type":"SearchAction","target":{"@type":"EntryPoint","urlTemplate":"https:\/\/regiaonews.net.br\/2022\/?s={search_term_string}"},"query-input":{"@type":"PropertyValueSpecification","valueRequired":true,"valueName":"search_term_string"}}],"inLanguage":"pt-BR"},{"@type":"Organization","@id":"https:\/\/regiaonews.net.br\/2022\/#organization","name":"Regi\u00e3o News","url":"https:\/\/regiaonews.net.br\/2022\/","logo":{"@type":"ImageObject","inLanguage":"pt-BR","@id":"https:\/\/regiaonews.net.br\/2022\/#\/schema\/logo\/image\/","url":"https:\/\/regiaonews.net.br\/2022\/wp-content\/uploads\/2026\/03\/regiao-13-anos-scaled.jpg","contentUrl":"https:\/\/regiaonews.net.br\/2022\/wp-content\/uploads\/2026\/03\/regiao-13-anos-scaled.jpg","width":2560,"height":635,"caption":"Regi\u00e3o News"},"image":{"@id":"https:\/\/regiaonews.net.br\/2022\/#\/schema\/logo\/image\/"}},{"@type":"Person","@id":"https:\/\/regiaonews.net.br\/2022\/#\/schema\/person\/2d205a608a5aa97ac279d7a5e6d89ad8","name":"Roberto","image":{"@type":"ImageObject","inLanguage":"pt-BR","@id":"https:\/\/secure.gravatar.com\/avatar\/42749d8b712ff9d59ca93dc150494e5b55a44134482993f5baeb97e61b7ecc89?s=96&d=mm&r=g","url":"https:\/\/secure.gravatar.com\/avatar\/42749d8b712ff9d59ca93dc150494e5b55a44134482993f5baeb97e61b7ecc89?s=96&d=mm&r=g","contentUrl":"https:\/\/secure.gravatar.com\/avatar\/42749d8b712ff9d59ca93dc150494e5b55a44134482993f5baeb97e61b7ecc89?s=96&d=mm&r=g","caption":"Roberto"},"url":"https:\/\/regiaonews.net.br\/2022\/author\/roberto\/"}]}},"publishpress_future_action":{"enabled":false,"date":"2026-05-05 15:32:28","action":"change-status","newStatus":"draft","terms":[],"taxonomy":"category","extraData":[]},"publishpress_future_workflow_manual_trigger":{"enabledWorkflows":[]},"_links":{"self":[{"href":"https:\/\/regiaonews.net.br\/2022\/wp-json\/wp\/v2\/posts\/55172","targetHints":{"allow":["GET"]}}],"collection":[{"href":"https:\/\/regiaonews.net.br\/2022\/wp-json\/wp\/v2\/posts"}],"about":[{"href":"https:\/\/regiaonews.net.br\/2022\/wp-json\/wp\/v2\/types\/post"}],"author":[{"embeddable":true,"href":"https:\/\/regiaonews.net.br\/2022\/wp-json\/wp\/v2\/users\/2"}],"replies":[{"embeddable":true,"href":"https:\/\/regiaonews.net.br\/2022\/wp-json\/wp\/v2\/comments?post=55172"}],"version-history":[{"count":0,"href":"https:\/\/regiaonews.net.br\/2022\/wp-json\/wp\/v2\/posts\/55172\/revisions"}],"wp:featuredmedia":[{"embeddable":true,"href":"https:\/\/regiaonews.net.br\/2022\/wp-json\/wp\/v2\/media\/55173"}],"wp:attachment":[{"href":"https:\/\/regiaonews.net.br\/2022\/wp-json\/wp\/v2\/media?parent=55172"}],"wp:term":[{"taxonomy":"category","embeddable":true,"href":"https:\/\/regiaonews.net.br\/2022\/wp-json\/wp\/v2\/categories?post=55172"},{"taxonomy":"post_tag","embeddable":true,"href":"https:\/\/regiaonews.net.br\/2022\/wp-json\/wp\/v2\/tags?post=55172"}],"curies":[{"name":"wp","href":"https:\/\/api.w.org\/{rel}","templated":true}]}}