{"id":55140,"date":"2021-10-23T07:49:10","date_gmt":"2021-10-23T10:49:10","guid":{"rendered":"https:\/\/regiaonews.net.br\/2022\/?p=55140"},"modified":"2021-10-23T07:49:10","modified_gmt":"2021-10-23T10:49:10","slug":"prova-presencial-do-vestibular-2022-do-unifeb-acontece-neste-domingo","status":"publish","type":"post","link":"https:\/\/regiaonews.net.br\/2022\/2021\/10\/23\/prova-presencial-do-vestibular-2022-do-unifeb-acontece-neste-domingo\/","title":{"rendered":"Prova presencial do Vestibular\/2022 do UNIFEB acontece neste domingo"},"content":{"rendered":"<p><a href=\"https:\/\/regiaonews.net.br\/2022\/wp-content\/uploads\/2021\/10\/Prova-Vestibular-2022.jpeg\"><img loading=\"lazy\" decoding=\"async\" class=\"alignnone size-medium wp-image-55141\" src=\"https:\/\/regiaonews.net.br\/2022\/wp-content\/uploads\/2021\/10\/Prova-Vestibular-2022-300x300.jpeg\" alt=\"\" width=\"300\" height=\"300\" \/><\/a><\/p>\n<p class=\"x_MsoNormal\"><b><i>O Centro Universit\u00e1rio conta com mais de 20 cursos de n\u00edvel superior e os candidatos concorrem a bolsas de estudos de at\u00e9 100% de desconto\u00a0\u00a0<\/i><\/b><\/p>\n<p class=\"x_MsoNormal\">\u00a0Neste domingo (24), \u00e0s 14h, ser\u00e1 aplicada a prova presencial do Vestibular\/2022 do UNIFEB (Centro Universit\u00e1rio da Funda\u00e7\u00e3o Educacional de Barretos). Os candidatos concorrem a bolsas de estudos de 100% para o primeiro colocado na classifica\u00e7\u00e3o geral, 75% para o segundo colocado e 50% para o terceiro colocado. Todos os demais aprovados no Vestibular ter\u00e3o 30% de desconto, com exce\u00e7\u00e3o dos ingressantes em odontologia, que ter\u00e3o 10% de desconto.<\/p>\n<p class=\"x_MsoNormal\">Segundo o Reitor do UNIFEB, Prof. Dr. Angelo Davis, o n\u00famero de inscritos superou as expectativas. \u201cAp\u00f3s uma fase de vestibular on-line por conta da pandemia, estamos ansiosos para receber os candidatos em nosso campus. A alta ades\u00e3o ao vestibular presencial demonstra o anseio de retomada das atividades presenciais. E para isso voltamos a fomentar a pol\u00edtica de bolsas a fim de enaltecer os candidatos que mais se destacarem na prova\u201d, ressaltou.<\/p>\n<p class=\"x_MsoNormal\">De acordo com a coordena\u00e7\u00e3o do vestibular, a aplica\u00e7\u00e3o da prova seguir\u00e1 todos os protocolos sanit\u00e1rios contra a Covid-19 vigentes no munic\u00edpio de Barretos, inclusive com a exig\u00eancia dos candidatos utilizarem m\u00e1scaras.<\/p>\n<p class=\"x_MsoNormal\">A grande novidade deste ano no Vestibular\/2022 \u00e9 o novo curso de Biomedicina, que conta com estrutura moderna e antenada no que existe de mais atual no mercado de trabalho. Tamb\u00e9m integram a grade de cursos oferecidos: Administra\u00e7\u00e3o, Agronomia, Arquitetura e Urbanismo, Ci\u00eancias Biol\u00f3gicas, Ci\u00eancias Cont\u00e1beis, Direito, Educa\u00e7\u00e3o F\u00edsica, Engenharia de Alimentos, Engenharia Civil, Engenharia El\u00e9trica, Engenharia Mec\u00e2nica, Engenharia de Produ\u00e7\u00e3o, Engenharia Qu\u00edmica, Farm\u00e1cia, F\u00edsica M\u00e9dica, Medicina Veterin\u00e1ria, Odontologia, Pedagogia, Sistemas de Informa\u00e7\u00e3o, Tecnologia em Neg\u00f3cios Imobili\u00e1rios e Zootecnia.<\/p>\n<p class=\"x_MsoNormal\">Mais informa\u00e7\u00f5es podem ser obtidas pelo site\u00a0<a id=\"LPlnk702092\" href=\"http:\/\/www.vestibular.unifeb.edu.br\/\" target=\"_blank\" rel=\"noopener noreferrer\" data-auth=\"NotApplicable\" data-linkindex=\"0\">http:\/\/www.vestibular.unifeb.edu.br<\/a><\/p>\n","protected":false},"excerpt":{"rendered":"<p>O Centro Universit\u00e1rio conta com mais de 20 cursos de<\/p>\n","protected":false},"author":2,"featured_media":55141,"comment_status":"open","ping_status":"open","sticky":false,"template":"","format":"standard","meta":{"footnotes":""},"categories":[14,25],"tags":[],"class_list":["post-55140","post","type-post","status-publish","format-standard","has-post-thumbnail","hentry","category-barretos","category-cidades"],"yoast_head":"<!-- This site is optimized with the Yoast SEO plugin v27.4 - https:\/\/yoast.com\/product\/yoast-seo-wordpress\/ -->\n<title>Prova presencial do Vestibular\/2022 do UNIFEB acontece neste domingo - Regi\u00e3o News<\/title>\n<meta name=\"robots\" content=\"index, follow, max-snippet:-1, max-image-preview:large, max-video-preview:-1\" \/>\n<link rel=\"canonical\" href=\"https:\/\/regiaonews.net.br\/2022\/2021\/10\/23\/prova-presencial-do-vestibular-2022-do-unifeb-acontece-neste-domingo\/\" \/>\n<meta property=\"og:locale\" content=\"pt_BR\" \/>\n<meta property=\"og:type\" content=\"article\" \/>\n<meta property=\"og:title\" content=\"Prova presencial do Vestibular\/2022 do UNIFEB acontece neste domingo - Regi\u00e3o News\" \/>\n<meta property=\"og:description\" content=\"O Centro Universit\u00e1rio conta com mais de 20 cursos de\" \/>\n<meta property=\"og:url\" content=\"https:\/\/regiaonews.net.br\/2022\/2021\/10\/23\/prova-presencial-do-vestibular-2022-do-unifeb-acontece-neste-domingo\/\" \/>\n<meta property=\"og:site_name\" content=\"Regi\u00e3o News\" \/>\n<meta property=\"article:published_time\" content=\"2021-10-23T10:49:10+00:00\" \/>\n<meta property=\"og:image\" content=\"https:\/\/regiaonews.net.br\/2022\/wp-content\/uploads\/2021\/10\/Prova-Vestibular-2022.jpeg\" \/>\n\t<meta property=\"og:image:width\" content=\"1080\" \/>\n\t<meta property=\"og:image:height\" content=\"1080\" \/>\n\t<meta property=\"og:image:type\" content=\"image\/jpeg\" \/>\n<meta name=\"author\" content=\"Roberto\" \/>\n<meta name=\"twitter:card\" content=\"summary_large_image\" \/>\n<meta name=\"twitter:label1\" content=\"Escrito por\" \/>\n\t<meta name=\"twitter:data1\" content=\"Roberto\" \/>\n\t<meta name=\"twitter:label2\" content=\"Est. tempo de leitura\" \/>\n\t<meta name=\"twitter:data2\" content=\"2 minutos\" \/>\n<script type=\"application\/ld+json\" class=\"yoast-schema-graph\">{\"@context\":\"https:\\\/\\\/schema.org\",\"@graph\":[{\"@type\":\"Article\",\"@id\":\"https:\\\/\\\/regiaonews.net.br\\\/2022\\\/2021\\\/10\\\/23\\\/prova-presencial-do-vestibular-2022-do-unifeb-acontece-neste-domingo\\\/#article\",\"isPartOf\":{\"@id\":\"https:\\\/\\\/regiaonews.net.br\\\/2022\\\/2021\\\/10\\\/23\\\/prova-presencial-do-vestibular-2022-do-unifeb-acontece-neste-domingo\\\/\"},\"author\":{\"name\":\"Roberto\",\"@id\":\"https:\\\/\\\/regiaonews.net.br\\\/2022\\\/#\\\/schema\\\/person\\\/2d205a608a5aa97ac279d7a5e6d89ad8\"},\"headline\":\"Prova presencial do Vestibular\\\/2022 do UNIFEB acontece neste domingo\",\"datePublished\":\"2021-10-23T10:49:10+00:00\",\"mainEntityOfPage\":{\"@id\":\"https:\\\/\\\/regiaonews.net.br\\\/2022\\\/2021\\\/10\\\/23\\\/prova-presencial-do-vestibular-2022-do-unifeb-acontece-neste-domingo\\\/\"},\"wordCount\":328,\"commentCount\":0,\"publisher\":{\"@id\":\"https:\\\/\\\/regiaonews.net.br\\\/2022\\\/#organization\"},\"image\":{\"@id\":\"https:\\\/\\\/regiaonews.net.br\\\/2022\\\/2021\\\/10\\\/23\\\/prova-presencial-do-vestibular-2022-do-unifeb-acontece-neste-domingo\\\/#primaryimage\"},\"thumbnailUrl\":\"https:\\\/\\\/regiaonews.net.br\\\/2022\\\/wp-content\\\/uploads\\\/2021\\\/10\\\/Prova-Vestibular-2022.jpeg\",\"articleSection\":[\"Barretos\",\"Cidades\"],\"inLanguage\":\"pt-BR\",\"potentialAction\":[{\"@type\":\"CommentAction\",\"name\":\"Comment\",\"target\":[\"https:\\\/\\\/regiaonews.net.br\\\/2022\\\/2021\\\/10\\\/23\\\/prova-presencial-do-vestibular-2022-do-unifeb-acontece-neste-domingo\\\/#respond\"]}]},{\"@type\":\"WebPage\",\"@id\":\"https:\\\/\\\/regiaonews.net.br\\\/2022\\\/2021\\\/10\\\/23\\\/prova-presencial-do-vestibular-2022-do-unifeb-acontece-neste-domingo\\\/\",\"url\":\"https:\\\/\\\/regiaonews.net.br\\\/2022\\\/2021\\\/10\\\/23\\\/prova-presencial-do-vestibular-2022-do-unifeb-acontece-neste-domingo\\\/\",\"name\":\"Prova presencial do Vestibular\\\/2022 do UNIFEB acontece neste domingo - Regi\u00e3o News\",\"isPartOf\":{\"@id\":\"https:\\\/\\\/regiaonews.net.br\\\/2022\\\/#website\"},\"primaryImageOfPage\":{\"@id\":\"https:\\\/\\\/regiaonews.net.br\\\/2022\\\/2021\\\/10\\\/23\\\/prova-presencial-do-vestibular-2022-do-unifeb-acontece-neste-domingo\\\/#primaryimage\"},\"image\":{\"@id\":\"https:\\\/\\\/regiaonews.net.br\\\/2022\\\/2021\\\/10\\\/23\\\/prova-presencial-do-vestibular-2022-do-unifeb-acontece-neste-domingo\\\/#primaryimage\"},\"thumbnailUrl\":\"https:\\\/\\\/regiaonews.net.br\\\/2022\\\/wp-content\\\/uploads\\\/2021\\\/10\\\/Prova-Vestibular-2022.jpeg\",\"datePublished\":\"2021-10-23T10:49:10+00:00\",\"breadcrumb\":{\"@id\":\"https:\\\/\\\/regiaonews.net.br\\\/2022\\\/2021\\\/10\\\/23\\\/prova-presencial-do-vestibular-2022-do-unifeb-acontece-neste-domingo\\\/#breadcrumb\"},\"inLanguage\":\"pt-BR\",\"potentialAction\":[{\"@type\":\"ReadAction\",\"target\":[\"https:\\\/\\\/regiaonews.net.br\\\/2022\\\/2021\\\/10\\\/23\\\/prova-presencial-do-vestibular-2022-do-unifeb-acontece-neste-domingo\\\/\"]}]},{\"@type\":\"ImageObject\",\"inLanguage\":\"pt-BR\",\"@id\":\"https:\\\/\\\/regiaonews.net.br\\\/2022\\\/2021\\\/10\\\/23\\\/prova-presencial-do-vestibular-2022-do-unifeb-acontece-neste-domingo\\\/#primaryimage\",\"url\":\"https:\\\/\\\/regiaonews.net.br\\\/2022\\\/wp-content\\\/uploads\\\/2021\\\/10\\\/Prova-Vestibular-2022.jpeg\",\"contentUrl\":\"https:\\\/\\\/regiaonews.net.br\\\/2022\\\/wp-content\\\/uploads\\\/2021\\\/10\\\/Prova-Vestibular-2022.jpeg\",\"width\":1080,\"height\":1080},{\"@type\":\"BreadcrumbList\",\"@id\":\"https:\\\/\\\/regiaonews.net.br\\\/2022\\\/2021\\\/10\\\/23\\\/prova-presencial-do-vestibular-2022-do-unifeb-acontece-neste-domingo\\\/#breadcrumb\",\"itemListElement\":[{\"@type\":\"ListItem\",\"position\":1,\"name\":\"In\u00edcio\",\"item\":\"https:\\\/\\\/regiaonews.net.br\\\/2022\\\/\"},{\"@type\":\"ListItem\",\"position\":2,\"name\":\"Prova presencial do Vestibular\\\/2022 do UNIFEB acontece neste domingo\"}]},{\"@type\":\"WebSite\",\"@id\":\"https:\\\/\\\/regiaonews.net.br\\\/2022\\\/#website\",\"url\":\"https:\\\/\\\/regiaonews.net.br\\\/2022\\\/\",\"name\":\"Regi\u00e3o News\",\"description\":\"Site de Not\u00edcias de Barretos e regi\u00e3o\",\"publisher\":{\"@id\":\"https:\\\/\\\/regiaonews.net.br\\\/2022\\\/#organization\"},\"potentialAction\":[{\"@type\":\"SearchAction\",\"target\":{\"@type\":\"EntryPoint\",\"urlTemplate\":\"https:\\\/\\\/regiaonews.net.br\\\/2022\\\/?s={search_term_string}\"},\"query-input\":{\"@type\":\"PropertyValueSpecification\",\"valueRequired\":true,\"valueName\":\"search_term_string\"}}],\"inLanguage\":\"pt-BR\"},{\"@type\":\"Organization\",\"@id\":\"https:\\\/\\\/regiaonews.net.br\\\/2022\\\/#organization\",\"name\":\"Regi\u00e3o News\",\"url\":\"https:\\\/\\\/regiaonews.net.br\\\/2022\\\/\",\"logo\":{\"@type\":\"ImageObject\",\"inLanguage\":\"pt-BR\",\"@id\":\"https:\\\/\\\/regiaonews.net.br\\\/2022\\\/#\\\/schema\\\/logo\\\/image\\\/\",\"url\":\"https:\\\/\\\/regiaonews.net.br\\\/2022\\\/wp-content\\\/uploads\\\/2026\\\/03\\\/regiao-13-anos-scaled.jpg\",\"contentUrl\":\"https:\\\/\\\/regiaonews.net.br\\\/2022\\\/wp-content\\\/uploads\\\/2026\\\/03\\\/regiao-13-anos-scaled.jpg\",\"width\":2560,\"height\":635,\"caption\":\"Regi\u00e3o News\"},\"image\":{\"@id\":\"https:\\\/\\\/regiaonews.net.br\\\/2022\\\/#\\\/schema\\\/logo\\\/image\\\/\"}},{\"@type\":\"Person\",\"@id\":\"https:\\\/\\\/regiaonews.net.br\\\/2022\\\/#\\\/schema\\\/person\\\/2d205a608a5aa97ac279d7a5e6d89ad8\",\"name\":\"Roberto\",\"image\":{\"@type\":\"ImageObject\",\"inLanguage\":\"pt-BR\",\"@id\":\"https:\\\/\\\/secure.gravatar.com\\\/avatar\\\/42749d8b712ff9d59ca93dc150494e5b55a44134482993f5baeb97e61b7ecc89?s=96&d=mm&r=g\",\"url\":\"https:\\\/\\\/secure.gravatar.com\\\/avatar\\\/42749d8b712ff9d59ca93dc150494e5b55a44134482993f5baeb97e61b7ecc89?s=96&d=mm&r=g\",\"contentUrl\":\"https:\\\/\\\/secure.gravatar.com\\\/avatar\\\/42749d8b712ff9d59ca93dc150494e5b55a44134482993f5baeb97e61b7ecc89?s=96&d=mm&r=g\",\"caption\":\"Roberto\"},\"url\":\"https:\\\/\\\/regiaonews.net.br\\\/2022\\\/author\\\/roberto\\\/\"}]}<\/script>\n<!-- \/ Yoast SEO plugin. -->","yoast_head_json":{"title":"Prova presencial do Vestibular\/2022 do UNIFEB acontece neste domingo - Regi\u00e3o News","robots":{"index":"index","follow":"follow","max-snippet":"max-snippet:-1","max-image-preview":"max-image-preview:large","max-video-preview":"max-video-preview:-1"},"canonical":"https:\/\/regiaonews.net.br\/2022\/2021\/10\/23\/prova-presencial-do-vestibular-2022-do-unifeb-acontece-neste-domingo\/","og_locale":"pt_BR","og_type":"article","og_title":"Prova presencial do Vestibular\/2022 do UNIFEB acontece neste domingo - Regi\u00e3o News","og_description":"O Centro Universit\u00e1rio conta com mais de 20 cursos de","og_url":"https:\/\/regiaonews.net.br\/2022\/2021\/10\/23\/prova-presencial-do-vestibular-2022-do-unifeb-acontece-neste-domingo\/","og_site_name":"Regi\u00e3o News","article_published_time":"2021-10-23T10:49:10+00:00","og_image":[{"width":1080,"height":1080,"url":"https:\/\/regiaonews.net.br\/2022\/wp-content\/uploads\/2021\/10\/Prova-Vestibular-2022.jpeg","type":"image\/jpeg"}],"author":"Roberto","twitter_card":"summary_large_image","twitter_misc":{"Escrito por":"Roberto","Est. tempo de leitura":"2 minutos"},"schema":{"@context":"https:\/\/schema.org","@graph":[{"@type":"Article","@id":"https:\/\/regiaonews.net.br\/2022\/2021\/10\/23\/prova-presencial-do-vestibular-2022-do-unifeb-acontece-neste-domingo\/#article","isPartOf":{"@id":"https:\/\/regiaonews.net.br\/2022\/2021\/10\/23\/prova-presencial-do-vestibular-2022-do-unifeb-acontece-neste-domingo\/"},"author":{"name":"Roberto","@id":"https:\/\/regiaonews.net.br\/2022\/#\/schema\/person\/2d205a608a5aa97ac279d7a5e6d89ad8"},"headline":"Prova presencial do Vestibular\/2022 do UNIFEB acontece neste domingo","datePublished":"2021-10-23T10:49:10+00:00","mainEntityOfPage":{"@id":"https:\/\/regiaonews.net.br\/2022\/2021\/10\/23\/prova-presencial-do-vestibular-2022-do-unifeb-acontece-neste-domingo\/"},"wordCount":328,"commentCount":0,"publisher":{"@id":"https:\/\/regiaonews.net.br\/2022\/#organization"},"image":{"@id":"https:\/\/regiaonews.net.br\/2022\/2021\/10\/23\/prova-presencial-do-vestibular-2022-do-unifeb-acontece-neste-domingo\/#primaryimage"},"thumbnailUrl":"https:\/\/regiaonews.net.br\/2022\/wp-content\/uploads\/2021\/10\/Prova-Vestibular-2022.jpeg","articleSection":["Barretos","Cidades"],"inLanguage":"pt-BR","potentialAction":[{"@type":"CommentAction","name":"Comment","target":["https:\/\/regiaonews.net.br\/2022\/2021\/10\/23\/prova-presencial-do-vestibular-2022-do-unifeb-acontece-neste-domingo\/#respond"]}]},{"@type":"WebPage","@id":"https:\/\/regiaonews.net.br\/2022\/2021\/10\/23\/prova-presencial-do-vestibular-2022-do-unifeb-acontece-neste-domingo\/","url":"https:\/\/regiaonews.net.br\/2022\/2021\/10\/23\/prova-presencial-do-vestibular-2022-do-unifeb-acontece-neste-domingo\/","name":"Prova presencial do Vestibular\/2022 do UNIFEB acontece neste domingo - Regi\u00e3o News","isPartOf":{"@id":"https:\/\/regiaonews.net.br\/2022\/#website"},"primaryImageOfPage":{"@id":"https:\/\/regiaonews.net.br\/2022\/2021\/10\/23\/prova-presencial-do-vestibular-2022-do-unifeb-acontece-neste-domingo\/#primaryimage"},"image":{"@id":"https:\/\/regiaonews.net.br\/2022\/2021\/10\/23\/prova-presencial-do-vestibular-2022-do-unifeb-acontece-neste-domingo\/#primaryimage"},"thumbnailUrl":"https:\/\/regiaonews.net.br\/2022\/wp-content\/uploads\/2021\/10\/Prova-Vestibular-2022.jpeg","datePublished":"2021-10-23T10:49:10+00:00","breadcrumb":{"@id":"https:\/\/regiaonews.net.br\/2022\/2021\/10\/23\/prova-presencial-do-vestibular-2022-do-unifeb-acontece-neste-domingo\/#breadcrumb"},"inLanguage":"pt-BR","potentialAction":[{"@type":"ReadAction","target":["https:\/\/regiaonews.net.br\/2022\/2021\/10\/23\/prova-presencial-do-vestibular-2022-do-unifeb-acontece-neste-domingo\/"]}]},{"@type":"ImageObject","inLanguage":"pt-BR","@id":"https:\/\/regiaonews.net.br\/2022\/2021\/10\/23\/prova-presencial-do-vestibular-2022-do-unifeb-acontece-neste-domingo\/#primaryimage","url":"https:\/\/regiaonews.net.br\/2022\/wp-content\/uploads\/2021\/10\/Prova-Vestibular-2022.jpeg","contentUrl":"https:\/\/regiaonews.net.br\/2022\/wp-content\/uploads\/2021\/10\/Prova-Vestibular-2022.jpeg","width":1080,"height":1080},{"@type":"BreadcrumbList","@id":"https:\/\/regiaonews.net.br\/2022\/2021\/10\/23\/prova-presencial-do-vestibular-2022-do-unifeb-acontece-neste-domingo\/#breadcrumb","itemListElement":[{"@type":"ListItem","position":1,"name":"In\u00edcio","item":"https:\/\/regiaonews.net.br\/2022\/"},{"@type":"ListItem","position":2,"name":"Prova presencial do Vestibular\/2022 do UNIFEB acontece neste domingo"}]},{"@type":"WebSite","@id":"https:\/\/regiaonews.net.br\/2022\/#website","url":"https:\/\/regiaonews.net.br\/2022\/","name":"Regi\u00e3o News","description":"Site de Not\u00edcias de Barretos e regi\u00e3o","publisher":{"@id":"https:\/\/regiaonews.net.br\/2022\/#organization"},"potentialAction":[{"@type":"SearchAction","target":{"@type":"EntryPoint","urlTemplate":"https:\/\/regiaonews.net.br\/2022\/?s={search_term_string}"},"query-input":{"@type":"PropertyValueSpecification","valueRequired":true,"valueName":"search_term_string"}}],"inLanguage":"pt-BR"},{"@type":"Organization","@id":"https:\/\/regiaonews.net.br\/2022\/#organization","name":"Regi\u00e3o News","url":"https:\/\/regiaonews.net.br\/2022\/","logo":{"@type":"ImageObject","inLanguage":"pt-BR","@id":"https:\/\/regiaonews.net.br\/2022\/#\/schema\/logo\/image\/","url":"https:\/\/regiaonews.net.br\/2022\/wp-content\/uploads\/2026\/03\/regiao-13-anos-scaled.jpg","contentUrl":"https:\/\/regiaonews.net.br\/2022\/wp-content\/uploads\/2026\/03\/regiao-13-anos-scaled.jpg","width":2560,"height":635,"caption":"Regi\u00e3o News"},"image":{"@id":"https:\/\/regiaonews.net.br\/2022\/#\/schema\/logo\/image\/"}},{"@type":"Person","@id":"https:\/\/regiaonews.net.br\/2022\/#\/schema\/person\/2d205a608a5aa97ac279d7a5e6d89ad8","name":"Roberto","image":{"@type":"ImageObject","inLanguage":"pt-BR","@id":"https:\/\/secure.gravatar.com\/avatar\/42749d8b712ff9d59ca93dc150494e5b55a44134482993f5baeb97e61b7ecc89?s=96&d=mm&r=g","url":"https:\/\/secure.gravatar.com\/avatar\/42749d8b712ff9d59ca93dc150494e5b55a44134482993f5baeb97e61b7ecc89?s=96&d=mm&r=g","contentUrl":"https:\/\/secure.gravatar.com\/avatar\/42749d8b712ff9d59ca93dc150494e5b55a44134482993f5baeb97e61b7ecc89?s=96&d=mm&r=g","caption":"Roberto"},"url":"https:\/\/regiaonews.net.br\/2022\/author\/roberto\/"}]}},"publishpress_future_action":{"enabled":false,"date":"2026-05-05 12:38:33","action":"change-status","newStatus":"draft","terms":[],"taxonomy":"category","extraData":[]},"publishpress_future_workflow_manual_trigger":{"enabledWorkflows":[]},"_links":{"self":[{"href":"https:\/\/regiaonews.net.br\/2022\/wp-json\/wp\/v2\/posts\/55140","targetHints":{"allow":["GET"]}}],"collection":[{"href":"https:\/\/regiaonews.net.br\/2022\/wp-json\/wp\/v2\/posts"}],"about":[{"href":"https:\/\/regiaonews.net.br\/2022\/wp-json\/wp\/v2\/types\/post"}],"author":[{"embeddable":true,"href":"https:\/\/regiaonews.net.br\/2022\/wp-json\/wp\/v2\/users\/2"}],"replies":[{"embeddable":true,"href":"https:\/\/regiaonews.net.br\/2022\/wp-json\/wp\/v2\/comments?post=55140"}],"version-history":[{"count":0,"href":"https:\/\/regiaonews.net.br\/2022\/wp-json\/wp\/v2\/posts\/55140\/revisions"}],"wp:featuredmedia":[{"embeddable":true,"href":"https:\/\/regiaonews.net.br\/2022\/wp-json\/wp\/v2\/media\/55141"}],"wp:attachment":[{"href":"https:\/\/regiaonews.net.br\/2022\/wp-json\/wp\/v2\/media?parent=55140"}],"wp:term":[{"taxonomy":"category","embeddable":true,"href":"https:\/\/regiaonews.net.br\/2022\/wp-json\/wp\/v2\/categories?post=55140"},{"taxonomy":"post_tag","embeddable":true,"href":"https:\/\/regiaonews.net.br\/2022\/wp-json\/wp\/v2\/tags?post=55140"}],"curies":[{"name":"wp","href":"https:\/\/api.w.org\/{rel}","templated":true}]}}