{"id":55103,"date":"2021-10-22T16:45:26","date_gmt":"2021-10-22T19:45:26","guid":{"rendered":"https:\/\/regiaonews.net.br\/2022\/?p=55103"},"modified":"2021-10-22T16:45:26","modified_gmt":"2021-10-22T19:45:26","slug":"museu-ruy-menezes-recebe-exposicao-de-projeto-fotoarte-ii-da-ong-imagemagica","status":"publish","type":"post","link":"https:\/\/regiaonews.net.br\/2022\/2021\/10\/22\/museu-ruy-menezes-recebe-exposicao-de-projeto-fotoarte-ii-da-ong-imagemagica\/","title":{"rendered":"Museu Ruy Menezes recebe exposi\u00e7\u00e3o de projeto FotoArte II, da ONG ImageMagica"},"content":{"rendered":"<p><a href=\"https:\/\/regiaonews.net.br\/2022\/wp-content\/uploads\/2021\/10\/WhatsApp-Image-2021-10-22-at-13.17.48.jpeg\"><img loading=\"lazy\" decoding=\"async\" class=\"alignnone size-medium wp-image-55104\" src=\"https:\/\/regiaonews.net.br\/2022\/wp-content\/uploads\/2021\/10\/WhatsApp-Image-2021-10-22-at-13.17.48-300x225.jpeg\" alt=\"\" width=\"300\" height=\"225\" \/><\/a> <a href=\"https:\/\/regiaonews.net.br\/2022\/wp-content\/uploads\/2021\/10\/WhatsApp-Image-2021-10-22-at-13.17.49-1.jpeg\"><img loading=\"lazy\" decoding=\"async\" class=\"alignnone size-medium wp-image-55105\" src=\"https:\/\/regiaonews.net.br\/2022\/wp-content\/uploads\/2021\/10\/WhatsApp-Image-2021-10-22-at-13.17.49-1-300x225.jpeg\" alt=\"\" width=\"300\" height=\"225\" \/><\/a> <a href=\"https:\/\/regiaonews.net.br\/2022\/wp-content\/uploads\/2021\/10\/WhatsApp-Image-2021-10-22-at-13.17.49.jpeg\"><img loading=\"lazy\" decoding=\"async\" class=\"alignnone size-medium wp-image-55106\" src=\"https:\/\/regiaonews.net.br\/2022\/wp-content\/uploads\/2021\/10\/WhatsApp-Image-2021-10-22-at-13.17.49-300x225.jpeg\" alt=\"\" width=\"300\" height=\"225\" \/><\/a> <a href=\"https:\/\/regiaonews.net.br\/2022\/wp-content\/uploads\/2021\/10\/WhatsApp-Image-2021-10-22-at-13.17.50.jpeg\"><img loading=\"lazy\" decoding=\"async\" class=\"alignnone size-medium wp-image-55107\" src=\"https:\/\/regiaonews.net.br\/2022\/wp-content\/uploads\/2021\/10\/WhatsApp-Image-2021-10-22-at-13.17.50-300x174.jpeg\" alt=\"\" width=\"300\" height=\"174\" \/><\/a><\/p>\n<p>&nbsp;<\/p>\n<p>A fotografia \u00e9 uma linguagem universal e pode trazer ensinamentos transformadores sobre o olhar \u00e0 nossa volta. Com o objetivo de divulgar a produ\u00e7\u00e3o de oficinas fotogr\u00e1ficas realizadas em diversas escolas p\u00fablicas do pa\u00eds, a ONG ImageMagica e o Minist\u00e9rio do Turismo apresentam a exposi\u00e7\u00e3o do projeto FotoArte II no Museu Ruy Menezes, em Barretos (SP). A a\u00e7\u00e3o, que tem o apoio da Lei de Incentivo \u00e0 Cultura, acontece entre os dias 19 de outubro e 21 de novembro.<\/p>\n<p>A exposi\u00e7\u00e3o re\u00fane registros de estudantes e jovens que exploraram, al\u00e9m de t\u00e9cnicas de luz e enquadramento, uma nova forma de ver o mundo. Durante a realiza\u00e7\u00e3o das oficinas, os participantes refletem sobre suas pot\u00eancias enquanto cidad\u00e3os e sobre a import\u00e2ncia de a\u00e7\u00f5es coletivas para o bem comum. Desta forma \u00e9 estimulado, por meio da fotografia, um olhar mais sens\u00edvel e emp\u00e1tico em rela\u00e7\u00e3o ao meio que se vive.<\/p>\n<p>\u201cEu acredito que tudo parte de um primeiro olhar. Esse projeto de fotografia \u00e9 muito importante para que os estudantes se apropriem e construam esse conhecimento de uma maneira apaixonada. E todo esse conhecimento, durante a pesquisa fotogr\u00e1fica, pode ser utilizado dentro de outras \u00e1reas do conhecimento. \u00c9 fotografar, olhar, interpretar, rever, pensar&#8230; Acredito que os alunos ganharam muito com isso\u201d, diz Maria da Gl\u00f3ria, professora de Artes da EMEF Prof\u00aa Maria Aparecida de Broca Meirelles, de Guaratinguet\u00e1, SP.<\/p>\n<p>O Museu Ruy Menezes recebe mais uma vez uma produ\u00e7\u00e3o da ImageMagica, abrindo o espa\u00e7o para todos os que queiram apreciar esta exposi\u00e7\u00e3o.<br \/>\nServi\u00e7o<br \/>\nData: 19 de outubro a 21 de novembro<\/p>\n<p>Dias e hor\u00e1rios: de ter\u00e7a a sexta-feira, das 9 \u00e0s 17 horas; s\u00e1bados e domingos, das 9 \u00e0s 12 horas (exceto feriados)<br \/>\nLocal: Museu Ruy Menezes<br \/>\nEndere\u00e7o: Avenida 17, 311 Pra\u00e7a Francisco Barreto Av 17 Esq, R. Dezesseis &#8211; Centro, Barretos &#8211; SP, 14780-<\/p>\n<p>Sobre a ImageMagica<br \/>\nFundada pelo fot\u00f3grafo e empreendedor social Andr\u00e9 Fran\u00e7ois, a ImageMagica tem como miss\u00e3o promover o desenvolvimento humano por meio da fotografia. Com a convic\u00e7\u00e3o de que a transforma\u00e7\u00e3o come\u00e7a pelo olhar, a ONG desenvolve a\u00e7\u00f5es nas \u00e1reas de educa\u00e7\u00e3o, sa\u00fade e cultura estimulando as pessoas a refletirem sobre o seu entorno e, assim, transformarem a si pr\u00f3prias e o ambiente onde vivem. Desde 1995, j\u00e1 foram mais de 400 mil olhares transformados com projetos realizados em 19 pa\u00edses. Saiba mais em: https:\/\/imm.ong\/<\/p>\n","protected":false},"excerpt":{"rendered":"<p>&nbsp; A fotografia \u00e9 uma linguagem universal e pode trazer<\/p>\n","protected":false},"author":2,"featured_media":55107,"comment_status":"open","ping_status":"open","sticky":false,"template":"","format":"standard","meta":{"footnotes":""},"categories":[14,25],"tags":[],"class_list":["post-55103","post","type-post","status-publish","format-standard","has-post-thumbnail","hentry","category-barretos","category-cidades"],"yoast_head":"<!-- This site is optimized with the Yoast SEO plugin v27.4 - https:\/\/yoast.com\/product\/yoast-seo-wordpress\/ -->\n<title>Museu Ruy Menezes recebe exposi\u00e7\u00e3o de projeto FotoArte II, da ONG ImageMagica - Regi\u00e3o News<\/title>\n<meta name=\"robots\" content=\"index, follow, max-snippet:-1, max-image-preview:large, max-video-preview:-1\" \/>\n<link rel=\"canonical\" href=\"https:\/\/regiaonews.net.br\/2022\/2021\/10\/22\/museu-ruy-menezes-recebe-exposicao-de-projeto-fotoarte-ii-da-ong-imagemagica\/\" \/>\n<meta property=\"og:locale\" content=\"pt_BR\" \/>\n<meta property=\"og:type\" content=\"article\" \/>\n<meta property=\"og:title\" content=\"Museu Ruy Menezes recebe exposi\u00e7\u00e3o de projeto FotoArte II, da ONG ImageMagica - Regi\u00e3o News\" \/>\n<meta property=\"og:description\" content=\"&nbsp; A fotografia \u00e9 uma linguagem universal e pode trazer\" \/>\n<meta property=\"og:url\" content=\"https:\/\/regiaonews.net.br\/2022\/2021\/10\/22\/museu-ruy-menezes-recebe-exposicao-de-projeto-fotoarte-ii-da-ong-imagemagica\/\" \/>\n<meta property=\"og:site_name\" content=\"Regi\u00e3o News\" \/>\n<meta property=\"article:published_time\" content=\"2021-10-22T19:45:26+00:00\" \/>\n<meta property=\"og:image\" content=\"https:\/\/regiaonews.net.br\/2022\/wp-content\/uploads\/2021\/10\/WhatsApp-Image-2021-10-22-at-13.17.50.jpeg\" \/>\n\t<meta property=\"og:image:width\" content=\"1280\" \/>\n\t<meta property=\"og:image:height\" content=\"744\" \/>\n\t<meta property=\"og:image:type\" content=\"image\/jpeg\" \/>\n<meta name=\"author\" content=\"Roberto\" \/>\n<meta name=\"twitter:card\" content=\"summary_large_image\" \/>\n<meta name=\"twitter:label1\" content=\"Escrito por\" \/>\n\t<meta name=\"twitter:data1\" content=\"Roberto\" \/>\n\t<meta name=\"twitter:label2\" content=\"Est. tempo de leitura\" \/>\n\t<meta name=\"twitter:data2\" content=\"2 minutos\" \/>\n<script type=\"application\/ld+json\" class=\"yoast-schema-graph\">{\"@context\":\"https:\\\/\\\/schema.org\",\"@graph\":[{\"@type\":\"Article\",\"@id\":\"https:\\\/\\\/regiaonews.net.br\\\/2022\\\/2021\\\/10\\\/22\\\/museu-ruy-menezes-recebe-exposicao-de-projeto-fotoarte-ii-da-ong-imagemagica\\\/#article\",\"isPartOf\":{\"@id\":\"https:\\\/\\\/regiaonews.net.br\\\/2022\\\/2021\\\/10\\\/22\\\/museu-ruy-menezes-recebe-exposicao-de-projeto-fotoarte-ii-da-ong-imagemagica\\\/\"},\"author\":{\"name\":\"Roberto\",\"@id\":\"https:\\\/\\\/regiaonews.net.br\\\/2022\\\/#\\\/schema\\\/person\\\/2d205a608a5aa97ac279d7a5e6d89ad8\"},\"headline\":\"Museu Ruy Menezes recebe exposi\u00e7\u00e3o de projeto FotoArte II, da ONG ImageMagica\",\"datePublished\":\"2021-10-22T19:45:26+00:00\",\"mainEntityOfPage\":{\"@id\":\"https:\\\/\\\/regiaonews.net.br\\\/2022\\\/2021\\\/10\\\/22\\\/museu-ruy-menezes-recebe-exposicao-de-projeto-fotoarte-ii-da-ong-imagemagica\\\/\"},\"wordCount\":425,\"commentCount\":0,\"publisher\":{\"@id\":\"https:\\\/\\\/regiaonews.net.br\\\/2022\\\/#organization\"},\"image\":{\"@id\":\"https:\\\/\\\/regiaonews.net.br\\\/2022\\\/2021\\\/10\\\/22\\\/museu-ruy-menezes-recebe-exposicao-de-projeto-fotoarte-ii-da-ong-imagemagica\\\/#primaryimage\"},\"thumbnailUrl\":\"https:\\\/\\\/regiaonews.net.br\\\/2022\\\/wp-content\\\/uploads\\\/2021\\\/10\\\/WhatsApp-Image-2021-10-22-at-13.17.50.jpeg\",\"articleSection\":[\"Barretos\",\"Cidades\"],\"inLanguage\":\"pt-BR\",\"potentialAction\":[{\"@type\":\"CommentAction\",\"name\":\"Comment\",\"target\":[\"https:\\\/\\\/regiaonews.net.br\\\/2022\\\/2021\\\/10\\\/22\\\/museu-ruy-menezes-recebe-exposicao-de-projeto-fotoarte-ii-da-ong-imagemagica\\\/#respond\"]}]},{\"@type\":\"WebPage\",\"@id\":\"https:\\\/\\\/regiaonews.net.br\\\/2022\\\/2021\\\/10\\\/22\\\/museu-ruy-menezes-recebe-exposicao-de-projeto-fotoarte-ii-da-ong-imagemagica\\\/\",\"url\":\"https:\\\/\\\/regiaonews.net.br\\\/2022\\\/2021\\\/10\\\/22\\\/museu-ruy-menezes-recebe-exposicao-de-projeto-fotoarte-ii-da-ong-imagemagica\\\/\",\"name\":\"Museu Ruy Menezes recebe exposi\u00e7\u00e3o de projeto FotoArte II, da ONG ImageMagica - Regi\u00e3o News\",\"isPartOf\":{\"@id\":\"https:\\\/\\\/regiaonews.net.br\\\/2022\\\/#website\"},\"primaryImageOfPage\":{\"@id\":\"https:\\\/\\\/regiaonews.net.br\\\/2022\\\/2021\\\/10\\\/22\\\/museu-ruy-menezes-recebe-exposicao-de-projeto-fotoarte-ii-da-ong-imagemagica\\\/#primaryimage\"},\"image\":{\"@id\":\"https:\\\/\\\/regiaonews.net.br\\\/2022\\\/2021\\\/10\\\/22\\\/museu-ruy-menezes-recebe-exposicao-de-projeto-fotoarte-ii-da-ong-imagemagica\\\/#primaryimage\"},\"thumbnailUrl\":\"https:\\\/\\\/regiaonews.net.br\\\/2022\\\/wp-content\\\/uploads\\\/2021\\\/10\\\/WhatsApp-Image-2021-10-22-at-13.17.50.jpeg\",\"datePublished\":\"2021-10-22T19:45:26+00:00\",\"breadcrumb\":{\"@id\":\"https:\\\/\\\/regiaonews.net.br\\\/2022\\\/2021\\\/10\\\/22\\\/museu-ruy-menezes-recebe-exposicao-de-projeto-fotoarte-ii-da-ong-imagemagica\\\/#breadcrumb\"},\"inLanguage\":\"pt-BR\",\"potentialAction\":[{\"@type\":\"ReadAction\",\"target\":[\"https:\\\/\\\/regiaonews.net.br\\\/2022\\\/2021\\\/10\\\/22\\\/museu-ruy-menezes-recebe-exposicao-de-projeto-fotoarte-ii-da-ong-imagemagica\\\/\"]}]},{\"@type\":\"ImageObject\",\"inLanguage\":\"pt-BR\",\"@id\":\"https:\\\/\\\/regiaonews.net.br\\\/2022\\\/2021\\\/10\\\/22\\\/museu-ruy-menezes-recebe-exposicao-de-projeto-fotoarte-ii-da-ong-imagemagica\\\/#primaryimage\",\"url\":\"https:\\\/\\\/regiaonews.net.br\\\/2022\\\/wp-content\\\/uploads\\\/2021\\\/10\\\/WhatsApp-Image-2021-10-22-at-13.17.50.jpeg\",\"contentUrl\":\"https:\\\/\\\/regiaonews.net.br\\\/2022\\\/wp-content\\\/uploads\\\/2021\\\/10\\\/WhatsApp-Image-2021-10-22-at-13.17.50.jpeg\",\"width\":1280,\"height\":744},{\"@type\":\"BreadcrumbList\",\"@id\":\"https:\\\/\\\/regiaonews.net.br\\\/2022\\\/2021\\\/10\\\/22\\\/museu-ruy-menezes-recebe-exposicao-de-projeto-fotoarte-ii-da-ong-imagemagica\\\/#breadcrumb\",\"itemListElement\":[{\"@type\":\"ListItem\",\"position\":1,\"name\":\"In\u00edcio\",\"item\":\"https:\\\/\\\/regiaonews.net.br\\\/2022\\\/\"},{\"@type\":\"ListItem\",\"position\":2,\"name\":\"Museu Ruy Menezes recebe exposi\u00e7\u00e3o de projeto FotoArte II, da ONG ImageMagica\"}]},{\"@type\":\"WebSite\",\"@id\":\"https:\\\/\\\/regiaonews.net.br\\\/2022\\\/#website\",\"url\":\"https:\\\/\\\/regiaonews.net.br\\\/2022\\\/\",\"name\":\"Regi\u00e3o News\",\"description\":\"Site de Not\u00edcias de Barretos e regi\u00e3o\",\"publisher\":{\"@id\":\"https:\\\/\\\/regiaonews.net.br\\\/2022\\\/#organization\"},\"potentialAction\":[{\"@type\":\"SearchAction\",\"target\":{\"@type\":\"EntryPoint\",\"urlTemplate\":\"https:\\\/\\\/regiaonews.net.br\\\/2022\\\/?s={search_term_string}\"},\"query-input\":{\"@type\":\"PropertyValueSpecification\",\"valueRequired\":true,\"valueName\":\"search_term_string\"}}],\"inLanguage\":\"pt-BR\"},{\"@type\":\"Organization\",\"@id\":\"https:\\\/\\\/regiaonews.net.br\\\/2022\\\/#organization\",\"name\":\"Regi\u00e3o News\",\"url\":\"https:\\\/\\\/regiaonews.net.br\\\/2022\\\/\",\"logo\":{\"@type\":\"ImageObject\",\"inLanguage\":\"pt-BR\",\"@id\":\"https:\\\/\\\/regiaonews.net.br\\\/2022\\\/#\\\/schema\\\/logo\\\/image\\\/\",\"url\":\"https:\\\/\\\/regiaonews.net.br\\\/2022\\\/wp-content\\\/uploads\\\/2026\\\/03\\\/regiao-13-anos-scaled.jpg\",\"contentUrl\":\"https:\\\/\\\/regiaonews.net.br\\\/2022\\\/wp-content\\\/uploads\\\/2026\\\/03\\\/regiao-13-anos-scaled.jpg\",\"width\":2560,\"height\":635,\"caption\":\"Regi\u00e3o News\"},\"image\":{\"@id\":\"https:\\\/\\\/regiaonews.net.br\\\/2022\\\/#\\\/schema\\\/logo\\\/image\\\/\"}},{\"@type\":\"Person\",\"@id\":\"https:\\\/\\\/regiaonews.net.br\\\/2022\\\/#\\\/schema\\\/person\\\/2d205a608a5aa97ac279d7a5e6d89ad8\",\"name\":\"Roberto\",\"image\":{\"@type\":\"ImageObject\",\"inLanguage\":\"pt-BR\",\"@id\":\"https:\\\/\\\/secure.gravatar.com\\\/avatar\\\/42749d8b712ff9d59ca93dc150494e5b55a44134482993f5baeb97e61b7ecc89?s=96&d=mm&r=g\",\"url\":\"https:\\\/\\\/secure.gravatar.com\\\/avatar\\\/42749d8b712ff9d59ca93dc150494e5b55a44134482993f5baeb97e61b7ecc89?s=96&d=mm&r=g\",\"contentUrl\":\"https:\\\/\\\/secure.gravatar.com\\\/avatar\\\/42749d8b712ff9d59ca93dc150494e5b55a44134482993f5baeb97e61b7ecc89?s=96&d=mm&r=g\",\"caption\":\"Roberto\"},\"url\":\"https:\\\/\\\/regiaonews.net.br\\\/2022\\\/author\\\/roberto\\\/\"}]}<\/script>\n<!-- \/ Yoast SEO plugin. -->","yoast_head_json":{"title":"Museu Ruy Menezes recebe exposi\u00e7\u00e3o de projeto FotoArte II, da ONG ImageMagica - Regi\u00e3o News","robots":{"index":"index","follow":"follow","max-snippet":"max-snippet:-1","max-image-preview":"max-image-preview:large","max-video-preview":"max-video-preview:-1"},"canonical":"https:\/\/regiaonews.net.br\/2022\/2021\/10\/22\/museu-ruy-menezes-recebe-exposicao-de-projeto-fotoarte-ii-da-ong-imagemagica\/","og_locale":"pt_BR","og_type":"article","og_title":"Museu Ruy Menezes recebe exposi\u00e7\u00e3o de projeto FotoArte II, da ONG ImageMagica - Regi\u00e3o News","og_description":"&nbsp; A fotografia \u00e9 uma linguagem universal e pode trazer","og_url":"https:\/\/regiaonews.net.br\/2022\/2021\/10\/22\/museu-ruy-menezes-recebe-exposicao-de-projeto-fotoarte-ii-da-ong-imagemagica\/","og_site_name":"Regi\u00e3o News","article_published_time":"2021-10-22T19:45:26+00:00","og_image":[{"width":1280,"height":744,"url":"https:\/\/regiaonews.net.br\/2022\/wp-content\/uploads\/2021\/10\/WhatsApp-Image-2021-10-22-at-13.17.50.jpeg","type":"image\/jpeg"}],"author":"Roberto","twitter_card":"summary_large_image","twitter_misc":{"Escrito por":"Roberto","Est. tempo de leitura":"2 minutos"},"schema":{"@context":"https:\/\/schema.org","@graph":[{"@type":"Article","@id":"https:\/\/regiaonews.net.br\/2022\/2021\/10\/22\/museu-ruy-menezes-recebe-exposicao-de-projeto-fotoarte-ii-da-ong-imagemagica\/#article","isPartOf":{"@id":"https:\/\/regiaonews.net.br\/2022\/2021\/10\/22\/museu-ruy-menezes-recebe-exposicao-de-projeto-fotoarte-ii-da-ong-imagemagica\/"},"author":{"name":"Roberto","@id":"https:\/\/regiaonews.net.br\/2022\/#\/schema\/person\/2d205a608a5aa97ac279d7a5e6d89ad8"},"headline":"Museu Ruy Menezes recebe exposi\u00e7\u00e3o de projeto FotoArte II, da ONG ImageMagica","datePublished":"2021-10-22T19:45:26+00:00","mainEntityOfPage":{"@id":"https:\/\/regiaonews.net.br\/2022\/2021\/10\/22\/museu-ruy-menezes-recebe-exposicao-de-projeto-fotoarte-ii-da-ong-imagemagica\/"},"wordCount":425,"commentCount":0,"publisher":{"@id":"https:\/\/regiaonews.net.br\/2022\/#organization"},"image":{"@id":"https:\/\/regiaonews.net.br\/2022\/2021\/10\/22\/museu-ruy-menezes-recebe-exposicao-de-projeto-fotoarte-ii-da-ong-imagemagica\/#primaryimage"},"thumbnailUrl":"https:\/\/regiaonews.net.br\/2022\/wp-content\/uploads\/2021\/10\/WhatsApp-Image-2021-10-22-at-13.17.50.jpeg","articleSection":["Barretos","Cidades"],"inLanguage":"pt-BR","potentialAction":[{"@type":"CommentAction","name":"Comment","target":["https:\/\/regiaonews.net.br\/2022\/2021\/10\/22\/museu-ruy-menezes-recebe-exposicao-de-projeto-fotoarte-ii-da-ong-imagemagica\/#respond"]}]},{"@type":"WebPage","@id":"https:\/\/regiaonews.net.br\/2022\/2021\/10\/22\/museu-ruy-menezes-recebe-exposicao-de-projeto-fotoarte-ii-da-ong-imagemagica\/","url":"https:\/\/regiaonews.net.br\/2022\/2021\/10\/22\/museu-ruy-menezes-recebe-exposicao-de-projeto-fotoarte-ii-da-ong-imagemagica\/","name":"Museu Ruy Menezes recebe exposi\u00e7\u00e3o de projeto FotoArte II, da ONG ImageMagica - Regi\u00e3o News","isPartOf":{"@id":"https:\/\/regiaonews.net.br\/2022\/#website"},"primaryImageOfPage":{"@id":"https:\/\/regiaonews.net.br\/2022\/2021\/10\/22\/museu-ruy-menezes-recebe-exposicao-de-projeto-fotoarte-ii-da-ong-imagemagica\/#primaryimage"},"image":{"@id":"https:\/\/regiaonews.net.br\/2022\/2021\/10\/22\/museu-ruy-menezes-recebe-exposicao-de-projeto-fotoarte-ii-da-ong-imagemagica\/#primaryimage"},"thumbnailUrl":"https:\/\/regiaonews.net.br\/2022\/wp-content\/uploads\/2021\/10\/WhatsApp-Image-2021-10-22-at-13.17.50.jpeg","datePublished":"2021-10-22T19:45:26+00:00","breadcrumb":{"@id":"https:\/\/regiaonews.net.br\/2022\/2021\/10\/22\/museu-ruy-menezes-recebe-exposicao-de-projeto-fotoarte-ii-da-ong-imagemagica\/#breadcrumb"},"inLanguage":"pt-BR","potentialAction":[{"@type":"ReadAction","target":["https:\/\/regiaonews.net.br\/2022\/2021\/10\/22\/museu-ruy-menezes-recebe-exposicao-de-projeto-fotoarte-ii-da-ong-imagemagica\/"]}]},{"@type":"ImageObject","inLanguage":"pt-BR","@id":"https:\/\/regiaonews.net.br\/2022\/2021\/10\/22\/museu-ruy-menezes-recebe-exposicao-de-projeto-fotoarte-ii-da-ong-imagemagica\/#primaryimage","url":"https:\/\/regiaonews.net.br\/2022\/wp-content\/uploads\/2021\/10\/WhatsApp-Image-2021-10-22-at-13.17.50.jpeg","contentUrl":"https:\/\/regiaonews.net.br\/2022\/wp-content\/uploads\/2021\/10\/WhatsApp-Image-2021-10-22-at-13.17.50.jpeg","width":1280,"height":744},{"@type":"BreadcrumbList","@id":"https:\/\/regiaonews.net.br\/2022\/2021\/10\/22\/museu-ruy-menezes-recebe-exposicao-de-projeto-fotoarte-ii-da-ong-imagemagica\/#breadcrumb","itemListElement":[{"@type":"ListItem","position":1,"name":"In\u00edcio","item":"https:\/\/regiaonews.net.br\/2022\/"},{"@type":"ListItem","position":2,"name":"Museu Ruy Menezes recebe exposi\u00e7\u00e3o de projeto FotoArte II, da ONG ImageMagica"}]},{"@type":"WebSite","@id":"https:\/\/regiaonews.net.br\/2022\/#website","url":"https:\/\/regiaonews.net.br\/2022\/","name":"Regi\u00e3o News","description":"Site de Not\u00edcias de Barretos e regi\u00e3o","publisher":{"@id":"https:\/\/regiaonews.net.br\/2022\/#organization"},"potentialAction":[{"@type":"SearchAction","target":{"@type":"EntryPoint","urlTemplate":"https:\/\/regiaonews.net.br\/2022\/?s={search_term_string}"},"query-input":{"@type":"PropertyValueSpecification","valueRequired":true,"valueName":"search_term_string"}}],"inLanguage":"pt-BR"},{"@type":"Organization","@id":"https:\/\/regiaonews.net.br\/2022\/#organization","name":"Regi\u00e3o News","url":"https:\/\/regiaonews.net.br\/2022\/","logo":{"@type":"ImageObject","inLanguage":"pt-BR","@id":"https:\/\/regiaonews.net.br\/2022\/#\/schema\/logo\/image\/","url":"https:\/\/regiaonews.net.br\/2022\/wp-content\/uploads\/2026\/03\/regiao-13-anos-scaled.jpg","contentUrl":"https:\/\/regiaonews.net.br\/2022\/wp-content\/uploads\/2026\/03\/regiao-13-anos-scaled.jpg","width":2560,"height":635,"caption":"Regi\u00e3o News"},"image":{"@id":"https:\/\/regiaonews.net.br\/2022\/#\/schema\/logo\/image\/"}},{"@type":"Person","@id":"https:\/\/regiaonews.net.br\/2022\/#\/schema\/person\/2d205a608a5aa97ac279d7a5e6d89ad8","name":"Roberto","image":{"@type":"ImageObject","inLanguage":"pt-BR","@id":"https:\/\/secure.gravatar.com\/avatar\/42749d8b712ff9d59ca93dc150494e5b55a44134482993f5baeb97e61b7ecc89?s=96&d=mm&r=g","url":"https:\/\/secure.gravatar.com\/avatar\/42749d8b712ff9d59ca93dc150494e5b55a44134482993f5baeb97e61b7ecc89?s=96&d=mm&r=g","contentUrl":"https:\/\/secure.gravatar.com\/avatar\/42749d8b712ff9d59ca93dc150494e5b55a44134482993f5baeb97e61b7ecc89?s=96&d=mm&r=g","caption":"Roberto"},"url":"https:\/\/regiaonews.net.br\/2022\/author\/roberto\/"}]}},"publishpress_future_action":{"enabled":false,"date":"2026-05-05 11:14:16","action":"change-status","newStatus":"draft","terms":[],"taxonomy":"category","extraData":[]},"publishpress_future_workflow_manual_trigger":{"enabledWorkflows":[]},"_links":{"self":[{"href":"https:\/\/regiaonews.net.br\/2022\/wp-json\/wp\/v2\/posts\/55103","targetHints":{"allow":["GET"]}}],"collection":[{"href":"https:\/\/regiaonews.net.br\/2022\/wp-json\/wp\/v2\/posts"}],"about":[{"href":"https:\/\/regiaonews.net.br\/2022\/wp-json\/wp\/v2\/types\/post"}],"author":[{"embeddable":true,"href":"https:\/\/regiaonews.net.br\/2022\/wp-json\/wp\/v2\/users\/2"}],"replies":[{"embeddable":true,"href":"https:\/\/regiaonews.net.br\/2022\/wp-json\/wp\/v2\/comments?post=55103"}],"version-history":[{"count":0,"href":"https:\/\/regiaonews.net.br\/2022\/wp-json\/wp\/v2\/posts\/55103\/revisions"}],"wp:featuredmedia":[{"embeddable":true,"href":"https:\/\/regiaonews.net.br\/2022\/wp-json\/wp\/v2\/media\/55107"}],"wp:attachment":[{"href":"https:\/\/regiaonews.net.br\/2022\/wp-json\/wp\/v2\/media?parent=55103"}],"wp:term":[{"taxonomy":"category","embeddable":true,"href":"https:\/\/regiaonews.net.br\/2022\/wp-json\/wp\/v2\/categories?post=55103"},{"taxonomy":"post_tag","embeddable":true,"href":"https:\/\/regiaonews.net.br\/2022\/wp-json\/wp\/v2\/tags?post=55103"}],"curies":[{"name":"wp","href":"https:\/\/api.w.org\/{rel}","templated":true}]}}