{"id":55050,"date":"2021-10-21T19:11:24","date_gmt":"2021-10-21T22:11:24","guid":{"rendered":"https:\/\/regiaonews.net.br\/2022\/?p=55050"},"modified":"2021-10-24T21:54:21","modified_gmt":"2021-10-25T00:54:21","slug":"abertas-matriculas-para-o-curso-de-oratoria-em-novembro-na-acib-jornalista-luciana-gomes-volta-com-curso-presencial-depois-de-dois-anos","status":"publish","type":"post","link":"https:\/\/regiaonews.net.br\/2022\/2021\/10\/21\/abertas-matriculas-para-o-curso-de-oratoria-em-novembro-na-acib-jornalista-luciana-gomes-volta-com-curso-presencial-depois-de-dois-anos\/","title":{"rendered":"Abertas matr\u00edculas para o Curso de Orat\u00f3ria em novembro na ACIB"},"content":{"rendered":"<p><a href=\"https:\/\/regiaonews.net.br\/2022\/wp-content\/uploads\/2021\/10\/WhatsApp-Image-2021-10-21-at-17.46.30.jpeg\"><img loading=\"lazy\" decoding=\"async\" class=\"alignnone size-medium wp-image-55051\" src=\"https:\/\/regiaonews.net.br\/2022\/wp-content\/uploads\/2021\/10\/WhatsApp-Image-2021-10-21-at-17.46.30-300x200.jpeg\" alt=\"\" width=\"300\" height=\"200\" \/><\/a><\/p>\n<p>Com aulas \u00e0s ter\u00e7as e quintas, de 4 a 18 de novembro, das 18h30 \u00e0s 21h30, acontece o Curso de Orat\u00f3ria, com a jornalista Luciana Gomes, na sede da ACIB \u2013 Associa\u00e7\u00e3o Comercial e Industrial de Barretos. Destinado a quem quer falar melhor em p\u00fablico, o curso tem aulas presenciais, te\u00f3ricas e pr\u00e1ticas, dentro do m\u00e9todo desenvolvido pela jornalista e batizado de M\u00e9todo #vaiefala, em que o participante \u00e9 levado a utilizar t\u00e9cnicas para desenvolver o controle emocional e o planejamento pr\u00e1tico para realizar apresenta\u00e7\u00f5es com seguran\u00e7a e desenvoltura.<br \/>\nLuciana Gomes tem experi\u00eancia de 23 anos ministrando esse curso e \u00e9 respons\u00e1vel pelo desenvolvimento de mais de mil pessoas na \u00e1rea da comunica\u00e7\u00e3o. Recentemente lan\u00e7ou a vers\u00e3o digital do seu m\u00e9todo, o curso Simplificando a Orat\u00f3ria, dispon\u00edvel na plataforma de cursos online Hotmart. A turma da Acib marca a volta do curso ao modelo presencial, como n\u00e3o era realizado h\u00e1 dois anos.<br \/>\n\u201cA volta ao audit\u00f3rio da Acib \u00e9 para mim um marco, pois essa casa j\u00e1 acolheu outras turmas do meu curso ao longo desses mais de 20 anos. Tenho certeza de que ser\u00e1 uma edi\u00e7\u00e3o especial, afinal s\u00e3o dois anos sem o contato presencial com os alunos do Orat\u00f3ria\u201d, diz Luciana.<br \/>\nO curso tem o limite de 12 vagas nesta edi\u00e7\u00e3o, com 20 horas\/aula, as matr\u00edculas podem ser feitas na sede da Acib, de segunda a sexta-feira, das 8h \u00e0s 17h30, pessoalmente, pelo valor de R$ 750,00, que podem ser parcelados no cart\u00e3o de cr\u00e9dito. Outras informa\u00e7\u00f5es podem ser obtidas pelo (17) 99117 6122, ou na pr\u00f3pria Acib.<\/p>\n<p>Matr\u00edculas Abertas &#8211; Curso de Orat\u00f3ria, com Luciana Gomes<br \/>\nLimite de 12 vagas nesta edi\u00e7\u00e3o<br \/>\nValor: R$ 750,00 \u2013 que podem ser divididos no cart\u00e3o de cr\u00e9dito<br \/>\nAulas dias: 04, 09, 11, 16 e 18 de novembro, das 18h30 \u00e0s 21h30.<\/p>\n","protected":false},"excerpt":{"rendered":"<p>Com aulas \u00e0s ter\u00e7as e quintas, de 4 a 18<\/p>\n","protected":false},"author":2,"featured_media":55051,"comment_status":"open","ping_status":"open","sticky":false,"template":"","format":"standard","meta":{"footnotes":""},"categories":[14,25],"tags":[],"class_list":["post-55050","post","type-post","status-publish","format-standard","has-post-thumbnail","hentry","category-barretos","category-cidades"],"yoast_head":"<!-- This site is optimized with the Yoast SEO plugin v27.4 - https:\/\/yoast.com\/product\/yoast-seo-wordpress\/ -->\n<title>Abertas matr\u00edculas para o Curso de Orat\u00f3ria em novembro na ACIB - Regi\u00e3o News<\/title>\n<meta name=\"robots\" content=\"index, follow, max-snippet:-1, max-image-preview:large, max-video-preview:-1\" \/>\n<link rel=\"canonical\" href=\"https:\/\/regiaonews.net.br\/2022\/2021\/10\/21\/abertas-matriculas-para-o-curso-de-oratoria-em-novembro-na-acib-jornalista-luciana-gomes-volta-com-curso-presencial-depois-de-dois-anos\/\" \/>\n<meta property=\"og:locale\" content=\"pt_BR\" \/>\n<meta property=\"og:type\" content=\"article\" \/>\n<meta property=\"og:title\" content=\"Abertas matr\u00edculas para o Curso de Orat\u00f3ria em novembro na ACIB - Regi\u00e3o News\" \/>\n<meta property=\"og:description\" content=\"Com aulas \u00e0s ter\u00e7as e quintas, de 4 a 18\" \/>\n<meta property=\"og:url\" content=\"https:\/\/regiaonews.net.br\/2022\/2021\/10\/21\/abertas-matriculas-para-o-curso-de-oratoria-em-novembro-na-acib-jornalista-luciana-gomes-volta-com-curso-presencial-depois-de-dois-anos\/\" \/>\n<meta property=\"og:site_name\" content=\"Regi\u00e3o News\" \/>\n<meta property=\"article:published_time\" content=\"2021-10-21T22:11:24+00:00\" \/>\n<meta property=\"article:modified_time\" content=\"2021-10-25T00:54:21+00:00\" \/>\n<meta property=\"og:image\" content=\"https:\/\/regiaonews.net.br\/2022\/wp-content\/uploads\/2021\/10\/WhatsApp-Image-2021-10-21-at-17.46.30.jpeg\" \/>\n\t<meta property=\"og:image:width\" content=\"1024\" \/>\n\t<meta property=\"og:image:height\" content=\"684\" \/>\n\t<meta property=\"og:image:type\" content=\"image\/jpeg\" \/>\n<meta name=\"author\" content=\"Roberto\" \/>\n<meta name=\"twitter:card\" content=\"summary_large_image\" \/>\n<meta name=\"twitter:label1\" content=\"Escrito por\" \/>\n\t<meta name=\"twitter:data1\" content=\"Roberto\" \/>\n\t<meta name=\"twitter:label2\" content=\"Est. tempo de leitura\" \/>\n\t<meta name=\"twitter:data2\" content=\"2 minutos\" \/>\n<script type=\"application\/ld+json\" class=\"yoast-schema-graph\">{\"@context\":\"https:\\\/\\\/schema.org\",\"@graph\":[{\"@type\":\"Article\",\"@id\":\"https:\\\/\\\/regiaonews.net.br\\\/2022\\\/2021\\\/10\\\/21\\\/abertas-matriculas-para-o-curso-de-oratoria-em-novembro-na-acib-jornalista-luciana-gomes-volta-com-curso-presencial-depois-de-dois-anos\\\/#article\",\"isPartOf\":{\"@id\":\"https:\\\/\\\/regiaonews.net.br\\\/2022\\\/2021\\\/10\\\/21\\\/abertas-matriculas-para-o-curso-de-oratoria-em-novembro-na-acib-jornalista-luciana-gomes-volta-com-curso-presencial-depois-de-dois-anos\\\/\"},\"author\":{\"name\":\"Roberto\",\"@id\":\"https:\\\/\\\/regiaonews.net.br\\\/2022\\\/#\\\/schema\\\/person\\\/2d205a608a5aa97ac279d7a5e6d89ad8\"},\"headline\":\"Abertas matr\u00edculas para o Curso de Orat\u00f3ria em novembro na ACIB\",\"datePublished\":\"2021-10-21T22:11:24+00:00\",\"dateModified\":\"2021-10-25T00:54:21+00:00\",\"mainEntityOfPage\":{\"@id\":\"https:\\\/\\\/regiaonews.net.br\\\/2022\\\/2021\\\/10\\\/21\\\/abertas-matriculas-para-o-curso-de-oratoria-em-novembro-na-acib-jornalista-luciana-gomes-volta-com-curso-presencial-depois-de-dois-anos\\\/\"},\"wordCount\":329,\"commentCount\":0,\"publisher\":{\"@id\":\"https:\\\/\\\/regiaonews.net.br\\\/2022\\\/#organization\"},\"image\":{\"@id\":\"https:\\\/\\\/regiaonews.net.br\\\/2022\\\/2021\\\/10\\\/21\\\/abertas-matriculas-para-o-curso-de-oratoria-em-novembro-na-acib-jornalista-luciana-gomes-volta-com-curso-presencial-depois-de-dois-anos\\\/#primaryimage\"},\"thumbnailUrl\":\"https:\\\/\\\/regiaonews.net.br\\\/2022\\\/wp-content\\\/uploads\\\/2021\\\/10\\\/WhatsApp-Image-2021-10-21-at-17.46.30.jpeg\",\"articleSection\":[\"Barretos\",\"Cidades\"],\"inLanguage\":\"pt-BR\",\"potentialAction\":[{\"@type\":\"CommentAction\",\"name\":\"Comment\",\"target\":[\"https:\\\/\\\/regiaonews.net.br\\\/2022\\\/2021\\\/10\\\/21\\\/abertas-matriculas-para-o-curso-de-oratoria-em-novembro-na-acib-jornalista-luciana-gomes-volta-com-curso-presencial-depois-de-dois-anos\\\/#respond\"]}]},{\"@type\":\"WebPage\",\"@id\":\"https:\\\/\\\/regiaonews.net.br\\\/2022\\\/2021\\\/10\\\/21\\\/abertas-matriculas-para-o-curso-de-oratoria-em-novembro-na-acib-jornalista-luciana-gomes-volta-com-curso-presencial-depois-de-dois-anos\\\/\",\"url\":\"https:\\\/\\\/regiaonews.net.br\\\/2022\\\/2021\\\/10\\\/21\\\/abertas-matriculas-para-o-curso-de-oratoria-em-novembro-na-acib-jornalista-luciana-gomes-volta-com-curso-presencial-depois-de-dois-anos\\\/\",\"name\":\"Abertas matr\u00edculas para o Curso de Orat\u00f3ria em novembro na ACIB - Regi\u00e3o News\",\"isPartOf\":{\"@id\":\"https:\\\/\\\/regiaonews.net.br\\\/2022\\\/#website\"},\"primaryImageOfPage\":{\"@id\":\"https:\\\/\\\/regiaonews.net.br\\\/2022\\\/2021\\\/10\\\/21\\\/abertas-matriculas-para-o-curso-de-oratoria-em-novembro-na-acib-jornalista-luciana-gomes-volta-com-curso-presencial-depois-de-dois-anos\\\/#primaryimage\"},\"image\":{\"@id\":\"https:\\\/\\\/regiaonews.net.br\\\/2022\\\/2021\\\/10\\\/21\\\/abertas-matriculas-para-o-curso-de-oratoria-em-novembro-na-acib-jornalista-luciana-gomes-volta-com-curso-presencial-depois-de-dois-anos\\\/#primaryimage\"},\"thumbnailUrl\":\"https:\\\/\\\/regiaonews.net.br\\\/2022\\\/wp-content\\\/uploads\\\/2021\\\/10\\\/WhatsApp-Image-2021-10-21-at-17.46.30.jpeg\",\"datePublished\":\"2021-10-21T22:11:24+00:00\",\"dateModified\":\"2021-10-25T00:54:21+00:00\",\"breadcrumb\":{\"@id\":\"https:\\\/\\\/regiaonews.net.br\\\/2022\\\/2021\\\/10\\\/21\\\/abertas-matriculas-para-o-curso-de-oratoria-em-novembro-na-acib-jornalista-luciana-gomes-volta-com-curso-presencial-depois-de-dois-anos\\\/#breadcrumb\"},\"inLanguage\":\"pt-BR\",\"potentialAction\":[{\"@type\":\"ReadAction\",\"target\":[\"https:\\\/\\\/regiaonews.net.br\\\/2022\\\/2021\\\/10\\\/21\\\/abertas-matriculas-para-o-curso-de-oratoria-em-novembro-na-acib-jornalista-luciana-gomes-volta-com-curso-presencial-depois-de-dois-anos\\\/\"]}]},{\"@type\":\"ImageObject\",\"inLanguage\":\"pt-BR\",\"@id\":\"https:\\\/\\\/regiaonews.net.br\\\/2022\\\/2021\\\/10\\\/21\\\/abertas-matriculas-para-o-curso-de-oratoria-em-novembro-na-acib-jornalista-luciana-gomes-volta-com-curso-presencial-depois-de-dois-anos\\\/#primaryimage\",\"url\":\"https:\\\/\\\/regiaonews.net.br\\\/2022\\\/wp-content\\\/uploads\\\/2021\\\/10\\\/WhatsApp-Image-2021-10-21-at-17.46.30.jpeg\",\"contentUrl\":\"https:\\\/\\\/regiaonews.net.br\\\/2022\\\/wp-content\\\/uploads\\\/2021\\\/10\\\/WhatsApp-Image-2021-10-21-at-17.46.30.jpeg\",\"width\":1024,\"height\":684},{\"@type\":\"BreadcrumbList\",\"@id\":\"https:\\\/\\\/regiaonews.net.br\\\/2022\\\/2021\\\/10\\\/21\\\/abertas-matriculas-para-o-curso-de-oratoria-em-novembro-na-acib-jornalista-luciana-gomes-volta-com-curso-presencial-depois-de-dois-anos\\\/#breadcrumb\",\"itemListElement\":[{\"@type\":\"ListItem\",\"position\":1,\"name\":\"In\u00edcio\",\"item\":\"https:\\\/\\\/regiaonews.net.br\\\/2022\\\/\"},{\"@type\":\"ListItem\",\"position\":2,\"name\":\"Abertas matr\u00edculas para o Curso de Orat\u00f3ria em novembro na ACIB\"}]},{\"@type\":\"WebSite\",\"@id\":\"https:\\\/\\\/regiaonews.net.br\\\/2022\\\/#website\",\"url\":\"https:\\\/\\\/regiaonews.net.br\\\/2022\\\/\",\"name\":\"Regi\u00e3o News\",\"description\":\"Site de Not\u00edcias de Barretos e regi\u00e3o\",\"publisher\":{\"@id\":\"https:\\\/\\\/regiaonews.net.br\\\/2022\\\/#organization\"},\"potentialAction\":[{\"@type\":\"SearchAction\",\"target\":{\"@type\":\"EntryPoint\",\"urlTemplate\":\"https:\\\/\\\/regiaonews.net.br\\\/2022\\\/?s={search_term_string}\"},\"query-input\":{\"@type\":\"PropertyValueSpecification\",\"valueRequired\":true,\"valueName\":\"search_term_string\"}}],\"inLanguage\":\"pt-BR\"},{\"@type\":\"Organization\",\"@id\":\"https:\\\/\\\/regiaonews.net.br\\\/2022\\\/#organization\",\"name\":\"Regi\u00e3o News\",\"url\":\"https:\\\/\\\/regiaonews.net.br\\\/2022\\\/\",\"logo\":{\"@type\":\"ImageObject\",\"inLanguage\":\"pt-BR\",\"@id\":\"https:\\\/\\\/regiaonews.net.br\\\/2022\\\/#\\\/schema\\\/logo\\\/image\\\/\",\"url\":\"https:\\\/\\\/regiaonews.net.br\\\/2022\\\/wp-content\\\/uploads\\\/2026\\\/03\\\/regiao-13-anos-scaled.jpg\",\"contentUrl\":\"https:\\\/\\\/regiaonews.net.br\\\/2022\\\/wp-content\\\/uploads\\\/2026\\\/03\\\/regiao-13-anos-scaled.jpg\",\"width\":2560,\"height\":635,\"caption\":\"Regi\u00e3o News\"},\"image\":{\"@id\":\"https:\\\/\\\/regiaonews.net.br\\\/2022\\\/#\\\/schema\\\/logo\\\/image\\\/\"}},{\"@type\":\"Person\",\"@id\":\"https:\\\/\\\/regiaonews.net.br\\\/2022\\\/#\\\/schema\\\/person\\\/2d205a608a5aa97ac279d7a5e6d89ad8\",\"name\":\"Roberto\",\"image\":{\"@type\":\"ImageObject\",\"inLanguage\":\"pt-BR\",\"@id\":\"https:\\\/\\\/secure.gravatar.com\\\/avatar\\\/42749d8b712ff9d59ca93dc150494e5b55a44134482993f5baeb97e61b7ecc89?s=96&d=mm&r=g\",\"url\":\"https:\\\/\\\/secure.gravatar.com\\\/avatar\\\/42749d8b712ff9d59ca93dc150494e5b55a44134482993f5baeb97e61b7ecc89?s=96&d=mm&r=g\",\"contentUrl\":\"https:\\\/\\\/secure.gravatar.com\\\/avatar\\\/42749d8b712ff9d59ca93dc150494e5b55a44134482993f5baeb97e61b7ecc89?s=96&d=mm&r=g\",\"caption\":\"Roberto\"},\"url\":\"https:\\\/\\\/regiaonews.net.br\\\/2022\\\/author\\\/roberto\\\/\"}]}<\/script>\n<!-- \/ Yoast SEO plugin. -->","yoast_head_json":{"title":"Abertas matr\u00edculas para o Curso de Orat\u00f3ria em novembro na ACIB - Regi\u00e3o News","robots":{"index":"index","follow":"follow","max-snippet":"max-snippet:-1","max-image-preview":"max-image-preview:large","max-video-preview":"max-video-preview:-1"},"canonical":"https:\/\/regiaonews.net.br\/2022\/2021\/10\/21\/abertas-matriculas-para-o-curso-de-oratoria-em-novembro-na-acib-jornalista-luciana-gomes-volta-com-curso-presencial-depois-de-dois-anos\/","og_locale":"pt_BR","og_type":"article","og_title":"Abertas matr\u00edculas para o Curso de Orat\u00f3ria em novembro na ACIB - Regi\u00e3o News","og_description":"Com aulas \u00e0s ter\u00e7as e quintas, de 4 a 18","og_url":"https:\/\/regiaonews.net.br\/2022\/2021\/10\/21\/abertas-matriculas-para-o-curso-de-oratoria-em-novembro-na-acib-jornalista-luciana-gomes-volta-com-curso-presencial-depois-de-dois-anos\/","og_site_name":"Regi\u00e3o News","article_published_time":"2021-10-21T22:11:24+00:00","article_modified_time":"2021-10-25T00:54:21+00:00","og_image":[{"width":1024,"height":684,"url":"https:\/\/regiaonews.net.br\/2022\/wp-content\/uploads\/2021\/10\/WhatsApp-Image-2021-10-21-at-17.46.30.jpeg","type":"image\/jpeg"}],"author":"Roberto","twitter_card":"summary_large_image","twitter_misc":{"Escrito por":"Roberto","Est. tempo de leitura":"2 minutos"},"schema":{"@context":"https:\/\/schema.org","@graph":[{"@type":"Article","@id":"https:\/\/regiaonews.net.br\/2022\/2021\/10\/21\/abertas-matriculas-para-o-curso-de-oratoria-em-novembro-na-acib-jornalista-luciana-gomes-volta-com-curso-presencial-depois-de-dois-anos\/#article","isPartOf":{"@id":"https:\/\/regiaonews.net.br\/2022\/2021\/10\/21\/abertas-matriculas-para-o-curso-de-oratoria-em-novembro-na-acib-jornalista-luciana-gomes-volta-com-curso-presencial-depois-de-dois-anos\/"},"author":{"name":"Roberto","@id":"https:\/\/regiaonews.net.br\/2022\/#\/schema\/person\/2d205a608a5aa97ac279d7a5e6d89ad8"},"headline":"Abertas matr\u00edculas para o Curso de Orat\u00f3ria em novembro na ACIB","datePublished":"2021-10-21T22:11:24+00:00","dateModified":"2021-10-25T00:54:21+00:00","mainEntityOfPage":{"@id":"https:\/\/regiaonews.net.br\/2022\/2021\/10\/21\/abertas-matriculas-para-o-curso-de-oratoria-em-novembro-na-acib-jornalista-luciana-gomes-volta-com-curso-presencial-depois-de-dois-anos\/"},"wordCount":329,"commentCount":0,"publisher":{"@id":"https:\/\/regiaonews.net.br\/2022\/#organization"},"image":{"@id":"https:\/\/regiaonews.net.br\/2022\/2021\/10\/21\/abertas-matriculas-para-o-curso-de-oratoria-em-novembro-na-acib-jornalista-luciana-gomes-volta-com-curso-presencial-depois-de-dois-anos\/#primaryimage"},"thumbnailUrl":"https:\/\/regiaonews.net.br\/2022\/wp-content\/uploads\/2021\/10\/WhatsApp-Image-2021-10-21-at-17.46.30.jpeg","articleSection":["Barretos","Cidades"],"inLanguage":"pt-BR","potentialAction":[{"@type":"CommentAction","name":"Comment","target":["https:\/\/regiaonews.net.br\/2022\/2021\/10\/21\/abertas-matriculas-para-o-curso-de-oratoria-em-novembro-na-acib-jornalista-luciana-gomes-volta-com-curso-presencial-depois-de-dois-anos\/#respond"]}]},{"@type":"WebPage","@id":"https:\/\/regiaonews.net.br\/2022\/2021\/10\/21\/abertas-matriculas-para-o-curso-de-oratoria-em-novembro-na-acib-jornalista-luciana-gomes-volta-com-curso-presencial-depois-de-dois-anos\/","url":"https:\/\/regiaonews.net.br\/2022\/2021\/10\/21\/abertas-matriculas-para-o-curso-de-oratoria-em-novembro-na-acib-jornalista-luciana-gomes-volta-com-curso-presencial-depois-de-dois-anos\/","name":"Abertas matr\u00edculas para o Curso de Orat\u00f3ria em novembro na ACIB - Regi\u00e3o News","isPartOf":{"@id":"https:\/\/regiaonews.net.br\/2022\/#website"},"primaryImageOfPage":{"@id":"https:\/\/regiaonews.net.br\/2022\/2021\/10\/21\/abertas-matriculas-para-o-curso-de-oratoria-em-novembro-na-acib-jornalista-luciana-gomes-volta-com-curso-presencial-depois-de-dois-anos\/#primaryimage"},"image":{"@id":"https:\/\/regiaonews.net.br\/2022\/2021\/10\/21\/abertas-matriculas-para-o-curso-de-oratoria-em-novembro-na-acib-jornalista-luciana-gomes-volta-com-curso-presencial-depois-de-dois-anos\/#primaryimage"},"thumbnailUrl":"https:\/\/regiaonews.net.br\/2022\/wp-content\/uploads\/2021\/10\/WhatsApp-Image-2021-10-21-at-17.46.30.jpeg","datePublished":"2021-10-21T22:11:24+00:00","dateModified":"2021-10-25T00:54:21+00:00","breadcrumb":{"@id":"https:\/\/regiaonews.net.br\/2022\/2021\/10\/21\/abertas-matriculas-para-o-curso-de-oratoria-em-novembro-na-acib-jornalista-luciana-gomes-volta-com-curso-presencial-depois-de-dois-anos\/#breadcrumb"},"inLanguage":"pt-BR","potentialAction":[{"@type":"ReadAction","target":["https:\/\/regiaonews.net.br\/2022\/2021\/10\/21\/abertas-matriculas-para-o-curso-de-oratoria-em-novembro-na-acib-jornalista-luciana-gomes-volta-com-curso-presencial-depois-de-dois-anos\/"]}]},{"@type":"ImageObject","inLanguage":"pt-BR","@id":"https:\/\/regiaonews.net.br\/2022\/2021\/10\/21\/abertas-matriculas-para-o-curso-de-oratoria-em-novembro-na-acib-jornalista-luciana-gomes-volta-com-curso-presencial-depois-de-dois-anos\/#primaryimage","url":"https:\/\/regiaonews.net.br\/2022\/wp-content\/uploads\/2021\/10\/WhatsApp-Image-2021-10-21-at-17.46.30.jpeg","contentUrl":"https:\/\/regiaonews.net.br\/2022\/wp-content\/uploads\/2021\/10\/WhatsApp-Image-2021-10-21-at-17.46.30.jpeg","width":1024,"height":684},{"@type":"BreadcrumbList","@id":"https:\/\/regiaonews.net.br\/2022\/2021\/10\/21\/abertas-matriculas-para-o-curso-de-oratoria-em-novembro-na-acib-jornalista-luciana-gomes-volta-com-curso-presencial-depois-de-dois-anos\/#breadcrumb","itemListElement":[{"@type":"ListItem","position":1,"name":"In\u00edcio","item":"https:\/\/regiaonews.net.br\/2022\/"},{"@type":"ListItem","position":2,"name":"Abertas matr\u00edculas para o Curso de Orat\u00f3ria em novembro na ACIB"}]},{"@type":"WebSite","@id":"https:\/\/regiaonews.net.br\/2022\/#website","url":"https:\/\/regiaonews.net.br\/2022\/","name":"Regi\u00e3o News","description":"Site de Not\u00edcias de Barretos e regi\u00e3o","publisher":{"@id":"https:\/\/regiaonews.net.br\/2022\/#organization"},"potentialAction":[{"@type":"SearchAction","target":{"@type":"EntryPoint","urlTemplate":"https:\/\/regiaonews.net.br\/2022\/?s={search_term_string}"},"query-input":{"@type":"PropertyValueSpecification","valueRequired":true,"valueName":"search_term_string"}}],"inLanguage":"pt-BR"},{"@type":"Organization","@id":"https:\/\/regiaonews.net.br\/2022\/#organization","name":"Regi\u00e3o News","url":"https:\/\/regiaonews.net.br\/2022\/","logo":{"@type":"ImageObject","inLanguage":"pt-BR","@id":"https:\/\/regiaonews.net.br\/2022\/#\/schema\/logo\/image\/","url":"https:\/\/regiaonews.net.br\/2022\/wp-content\/uploads\/2026\/03\/regiao-13-anos-scaled.jpg","contentUrl":"https:\/\/regiaonews.net.br\/2022\/wp-content\/uploads\/2026\/03\/regiao-13-anos-scaled.jpg","width":2560,"height":635,"caption":"Regi\u00e3o News"},"image":{"@id":"https:\/\/regiaonews.net.br\/2022\/#\/schema\/logo\/image\/"}},{"@type":"Person","@id":"https:\/\/regiaonews.net.br\/2022\/#\/schema\/person\/2d205a608a5aa97ac279d7a5e6d89ad8","name":"Roberto","image":{"@type":"ImageObject","inLanguage":"pt-BR","@id":"https:\/\/secure.gravatar.com\/avatar\/42749d8b712ff9d59ca93dc150494e5b55a44134482993f5baeb97e61b7ecc89?s=96&d=mm&r=g","url":"https:\/\/secure.gravatar.com\/avatar\/42749d8b712ff9d59ca93dc150494e5b55a44134482993f5baeb97e61b7ecc89?s=96&d=mm&r=g","contentUrl":"https:\/\/secure.gravatar.com\/avatar\/42749d8b712ff9d59ca93dc150494e5b55a44134482993f5baeb97e61b7ecc89?s=96&d=mm&r=g","caption":"Roberto"},"url":"https:\/\/regiaonews.net.br\/2022\/author\/roberto\/"}]}},"publishpress_future_action":{"enabled":false,"date":"2026-05-05 09:27:36","action":"change-status","newStatus":"draft","terms":[],"taxonomy":"category","extraData":[]},"publishpress_future_workflow_manual_trigger":{"enabledWorkflows":[]},"_links":{"self":[{"href":"https:\/\/regiaonews.net.br\/2022\/wp-json\/wp\/v2\/posts\/55050","targetHints":{"allow":["GET"]}}],"collection":[{"href":"https:\/\/regiaonews.net.br\/2022\/wp-json\/wp\/v2\/posts"}],"about":[{"href":"https:\/\/regiaonews.net.br\/2022\/wp-json\/wp\/v2\/types\/post"}],"author":[{"embeddable":true,"href":"https:\/\/regiaonews.net.br\/2022\/wp-json\/wp\/v2\/users\/2"}],"replies":[{"embeddable":true,"href":"https:\/\/regiaonews.net.br\/2022\/wp-json\/wp\/v2\/comments?post=55050"}],"version-history":[{"count":0,"href":"https:\/\/regiaonews.net.br\/2022\/wp-json\/wp\/v2\/posts\/55050\/revisions"}],"wp:featuredmedia":[{"embeddable":true,"href":"https:\/\/regiaonews.net.br\/2022\/wp-json\/wp\/v2\/media\/55051"}],"wp:attachment":[{"href":"https:\/\/regiaonews.net.br\/2022\/wp-json\/wp\/v2\/media?parent=55050"}],"wp:term":[{"taxonomy":"category","embeddable":true,"href":"https:\/\/regiaonews.net.br\/2022\/wp-json\/wp\/v2\/categories?post=55050"},{"taxonomy":"post_tag","embeddable":true,"href":"https:\/\/regiaonews.net.br\/2022\/wp-json\/wp\/v2\/tags?post=55050"}],"curies":[{"name":"wp","href":"https:\/\/api.w.org\/{rel}","templated":true}]}}