{"id":55000,"date":"2021-10-20T13:35:09","date_gmt":"2021-10-20T16:35:09","guid":{"rendered":"https:\/\/regiaonews.net.br\/2022\/?p=55000"},"modified":"2021-10-20T13:35:09","modified_gmt":"2021-10-20T16:35:09","slug":"governo-de-sp-abre-audiencias-para-renovacao-e-ampliacao-da-concessao-de-rodovias","status":"publish","type":"post","link":"https:\/\/regiaonews.net.br\/2022\/2021\/10\/20\/governo-de-sp-abre-audiencias-para-renovacao-e-ampliacao-da-concessao-de-rodovias\/","title":{"rendered":"Governo de SP abre audi\u00eancias para renova\u00e7\u00e3o e amplia\u00e7\u00e3o da concess\u00e3o\u00a0  de rodovias\u00a0"},"content":{"rendered":"<p><a href=\"https:\/\/regiaonews.net.br\/2022\/wp-content\/uploads\/2019\/04\/rodovia-faria-lima.jpg\"><img loading=\"lazy\" decoding=\"async\" class=\"alignnone size-medium wp-image-19520\" src=\"https:\/\/regiaonews.net.br\/2022\/wp-content\/uploads\/2019\/04\/rodovia-faria-lima-300x169.jpg\" alt=\"\" width=\"300\" height=\"169\" \/><\/a><\/p>\n<div><\/div>\n<div><\/div>\n<div>\n<p dir=\"ltr\">\n<\/div>\n<div><\/div>\n<div>\n<p dir=\"ltr\">\n<p dir=\"ltr\">O Governo de S\u00e3o Paulo inicia, a partir de 21 de outubro, uma s\u00e9rie de conversas com popula\u00e7\u00e3o, lideran\u00e7as locais e prefeitos regionais para discuss\u00e3o do processo de renova\u00e7\u00e3o e amplia\u00e7\u00e3o de concess\u00e3o de rodovias no Noroeste do Estado. As audi\u00eancias p\u00fablicas ser\u00e3o coordenadas pela ARTESP \u2013 Ag\u00eancia de Regula\u00e7\u00e3o de Transportes do Estado de S\u00e3o Paulo, em parceria com a Secretaria de Log\u00edstica e Transporte (SLT) e Subsecretaria de Parcerias, com o objetivo de apresenta\u00e7\u00e3o da proposta inicial e recebimento das contribui\u00e7\u00f5es e sugest\u00f5es dos munic\u00edpios em rela\u00e7\u00e3o ao projeto.<\/p>\n<p dir=\"ltr\">\n<p dir=\"ltr\">As audi\u00eancias s\u00e3o uma forma de possibilitar a fundamental participa\u00e7\u00e3o da sociedade no processo de concess\u00e3o. A primeira delas ser\u00e1 realizada em formato h\u00edbrido (virtual e presencial), em raz\u00e3o da pandemia de Covid-19, na capital paulista, na sede do DER \u2013 Departamento de Estradas e Rodagem da SLT. Na sequ\u00eancia, entre os dias 25 e 27 de outubro, acontecem as audi\u00eancias p\u00fablicas nas cidades de Barretos, S\u00e3o Jos\u00e9 do Rio Preto, Pen\u00e1polis e Araraquara. Para participar, os interessados devem observar os regulamentos publicados no site da ARTESP (<a href=\"http:\/\/www.artesp.sp.gov.br\/\">www.artesp.sp.gov.br<\/a>\u00a0&gt;&gt; menu Transpar\u00eancia &gt;&gt; Audi\u00eancias e Consultas P\u00fablicas). Todas as audi\u00eancias ter\u00e3o transmiss\u00e3o aberta no canal do Youtube da ARTESP (<a href=\"http:\/\/youtube.com\/artespsp\">http:\/\/youtube.com\/artespsp<\/a>). Ap\u00f3s essa etapa, o governo continuar\u00e1 recebendo contribui\u00e7\u00f5es ao projeto, por meio do per\u00edodo de consulta p\u00fablica, via site da ARTESP.<\/p>\n<p dir=\"ltr\">\n<p dir=\"ltr\">\u00a0A primeira vers\u00e3o do projeto de renova\u00e7\u00e3o e amplia\u00e7\u00e3o da concess\u00e3o de rodovias no Noroeste do Estado prev\u00ea R$ 11,8 bilh\u00f5es de investimentos em 1.046 quil\u00f4metros de rodovias. Est\u00e1 inclusa nesta proposta a concess\u00e3o da SP 425 (trechos A, de S\u00e3o Jos\u00e9 do Rio Preto a Gua\u00edra, e B, de Jos\u00e9 Bonif\u00e1cio a Parapu\u00e3), da SP 373 (trecho de Sever\u00ednia a Colina), da SP 326 (trecho de Barretos a Col\u00f4mbia) e da SP 322 (trecho de Bebedouro a Ol\u00edmpia). Tamb\u00e9m est\u00e1 prevista a renova\u00e7\u00e3o de concess\u00f5es da SP 351 (trecho entre Bebedouro e Catanduva), da SP 323 (trecho entre Taquaritinga e Pirangi), da SP 326 (trechos entre Bebedouro e Barretos e entre Bebedouro e Araraquara), da SP 333 (trecho entre Sert\u00e3ozinho e Borborema) e da SP 310 (trecho entre S\u00e3o Carlos e Mirassol).<\/p>\n<p dir=\"ltr\">\n<p dir=\"ltr\">Do total de investimentos, R$ 4,5 bilh\u00f5es devem ser aplicados diretamente em amplia\u00e7\u00f5es e duplica\u00e7\u00f5es de vias, al\u00e9m de acessos, viadutos e interven\u00e7\u00f5es, beneficiando a popula\u00e7\u00e3o de 49 munic\u00edpios paulistas e aprimorando o tr\u00e1fego e a seguran\u00e7a vi\u00e1ria no corredor log\u00edstico que se forma a partir de alguns dos principais polos econ\u00f4micos e tur\u00edsticos do Estado. A proposta prev\u00ea melhorias em vias que passam por cidades como S\u00e3o Carlos, Araraquara, Sert\u00e3ozinho, Jaboticabal, Bebedouro, S\u00e3o Jos\u00e9 do Rio Preto, Ol\u00edmpia, Barretos e Pen\u00e1polis, entre outras.<\/p>\n<p dir=\"ltr\">\n<p dir=\"ltr\">O Programa de Concess\u00f5es Rodovi\u00e1rias do Governo do Estado de S\u00e3o Paulo \u00e9 refer\u00eancia por garantir investimentos que fizeram da malha paulista a melhor do pa\u00eds, segundo levantamento da Confedera\u00e7\u00e3o Nacional dos Transportes (CNT).<\/p>\n<p dir=\"ltr\">\n<p dir=\"ltr\">\n<p dir=\"ltr\">Confira o cronograma das audi\u00eancias p\u00fablicas do Lote Noroeste:<\/p>\n<p dir=\"ltr\">\n<p dir=\"ltr\">\u2219 \u00a0 \u00a0 \u00a0 \u00a0 21 de outubro \u2013 9 horas<\/p>\n<p dir=\"ltr\">S\u00e3o Paulo\u00a0\u2013\u00a0 Audit\u00f3rio do DER (Av. do Estado, n\u00ba 777 \u2013 5\u00ba andar \u2013 ala B. S\u00e3o Paulo &#8211; SP).<\/p>\n<p dir=\"ltr\">\n<p dir=\"ltr\">\u2219 \u00a0 \u00a0 \u00a0 \u00a0 25 de outubro \u2013 9 horas<\/p>\n<p dir=\"ltr\">Barretos\u00a0\u2013 Audit\u00f3rio da Associa\u00e7\u00e3o Comercial e Industrial de Barretos (Rua 20, n\u00ba 725, Barretos \u2013 SP).<\/p>\n<p dir=\"ltr\">\n<p dir=\"ltr\">\u2219 \u00a0 \u00a0 \u00a0 \u00a0 25 de outubro \u2013 15 horas<\/p>\n<p dir=\"ltr\">S\u00e3o Jos\u00e9 do Rio Preto\u00a0&#8211; Teatro Municipal Nelson Castro (Av. Feliciano S\u00e1les Cunha, n\u00ba 1.020 &#8211; Jardim Novo Aeroporto, S\u00e3o Jos\u00e9 do Rio Preto \u2013 SP).<\/p>\n<p dir=\"ltr\">\n<p dir=\"ltr\">\u2219 \u00a0 \u00a0 \u00a0 \u00a0 26 de outubro \u2013 10 horas<\/p>\n<p dir=\"ltr\">Pen\u00e1polis\u00a0\u2013 Pen\u00e1polis Garden Shopping, sala Espa\u00e7o Garden (Rodovia Sargento Luciano Arnaldo Covolan, s\/ n\u00ba Parque Industrial, Pen\u00e1polis \u2013 SP).<\/p>\n<p dir=\"ltr\">\n<p dir=\"ltr\">\u2219 \u00a0 \u00a0 \u00a0 \u00a0 27 de outubro \u2013 10 horas<\/p>\n<p dir=\"ltr\">Araraquara\u00a0\u2013 Audit\u00f3rio do SEST SENAT (Av. Antenor Elias, 1450, IV Distrito Industrial, Araraquara \u2013 SP).<\/p>\n<\/div>\n","protected":false},"excerpt":{"rendered":"<p>O Governo de S\u00e3o Paulo inicia, a partir de 21<\/p>\n","protected":false},"author":2,"featured_media":19520,"comment_status":"open","ping_status":"open","sticky":false,"template":"","format":"standard","meta":{"footnotes":""},"categories":[25,7],"tags":[],"class_list":["post-55000","post","type-post","status-publish","format-standard","has-post-thumbnail","hentry","category-cidades","category-estado-de-sao-paulo"],"yoast_head":"<!-- This site is optimized with the Yoast SEO plugin v27.4 - https:\/\/yoast.com\/product\/yoast-seo-wordpress\/ -->\n<title>Governo de SP abre audi\u00eancias para renova\u00e7\u00e3o e amplia\u00e7\u00e3o da concess\u00e3o\u00a0 de rodovias\u00a0 - Regi\u00e3o News<\/title>\n<meta name=\"robots\" content=\"index, follow, max-snippet:-1, max-image-preview:large, max-video-preview:-1\" \/>\n<link rel=\"canonical\" href=\"https:\/\/regiaonews.net.br\/2022\/2021\/10\/20\/governo-de-sp-abre-audiencias-para-renovacao-e-ampliacao-da-concessao-de-rodovias\/\" \/>\n<meta property=\"og:locale\" content=\"pt_BR\" \/>\n<meta property=\"og:type\" content=\"article\" \/>\n<meta property=\"og:title\" content=\"Governo de SP abre audi\u00eancias para renova\u00e7\u00e3o e amplia\u00e7\u00e3o da concess\u00e3o\u00a0 de rodovias\u00a0 - Regi\u00e3o News\" \/>\n<meta property=\"og:description\" content=\"O Governo de S\u00e3o Paulo inicia, a partir de 21\" \/>\n<meta property=\"og:url\" content=\"https:\/\/regiaonews.net.br\/2022\/2021\/10\/20\/governo-de-sp-abre-audiencias-para-renovacao-e-ampliacao-da-concessao-de-rodovias\/\" \/>\n<meta property=\"og:site_name\" content=\"Regi\u00e3o News\" \/>\n<meta property=\"article:published_time\" content=\"2021-10-20T16:35:09+00:00\" \/>\n<meta property=\"og:image\" content=\"https:\/\/regiaonews.net.br\/2022\/wp-content\/uploads\/2019\/04\/rodovia-faria-lima.jpg\" \/>\n\t<meta property=\"og:image:width\" content=\"1032\" \/>\n\t<meta property=\"og:image:height\" content=\"581\" \/>\n\t<meta property=\"og:image:type\" content=\"image\/jpeg\" \/>\n<meta name=\"author\" content=\"Roberto\" \/>\n<meta name=\"twitter:card\" content=\"summary_large_image\" \/>\n<meta name=\"twitter:label1\" content=\"Escrito por\" \/>\n\t<meta name=\"twitter:data1\" content=\"Roberto\" \/>\n\t<meta name=\"twitter:label2\" content=\"Est. tempo de leitura\" \/>\n\t<meta name=\"twitter:data2\" content=\"3 minutos\" \/>\n<script type=\"application\/ld+json\" class=\"yoast-schema-graph\">{\"@context\":\"https:\\\/\\\/schema.org\",\"@graph\":[{\"@type\":\"Article\",\"@id\":\"https:\\\/\\\/regiaonews.net.br\\\/2022\\\/2021\\\/10\\\/20\\\/governo-de-sp-abre-audiencias-para-renovacao-e-ampliacao-da-concessao-de-rodovias\\\/#article\",\"isPartOf\":{\"@id\":\"https:\\\/\\\/regiaonews.net.br\\\/2022\\\/2021\\\/10\\\/20\\\/governo-de-sp-abre-audiencias-para-renovacao-e-ampliacao-da-concessao-de-rodovias\\\/\"},\"author\":{\"name\":\"Roberto\",\"@id\":\"https:\\\/\\\/regiaonews.net.br\\\/2022\\\/#\\\/schema\\\/person\\\/2d205a608a5aa97ac279d7a5e6d89ad8\"},\"headline\":\"Governo de SP abre audi\u00eancias para renova\u00e7\u00e3o e amplia\u00e7\u00e3o da concess\u00e3o\u00a0 de rodovias\u00a0\",\"datePublished\":\"2021-10-20T16:35:09+00:00\",\"mainEntityOfPage\":{\"@id\":\"https:\\\/\\\/regiaonews.net.br\\\/2022\\\/2021\\\/10\\\/20\\\/governo-de-sp-abre-audiencias-para-renovacao-e-ampliacao-da-concessao-de-rodovias\\\/\"},\"wordCount\":686,\"commentCount\":0,\"publisher\":{\"@id\":\"https:\\\/\\\/regiaonews.net.br\\\/2022\\\/#organization\"},\"image\":{\"@id\":\"https:\\\/\\\/regiaonews.net.br\\\/2022\\\/2021\\\/10\\\/20\\\/governo-de-sp-abre-audiencias-para-renovacao-e-ampliacao-da-concessao-de-rodovias\\\/#primaryimage\"},\"thumbnailUrl\":\"https:\\\/\\\/regiaonews.net.br\\\/2022\\\/wp-content\\\/uploads\\\/2019\\\/04\\\/rodovia-faria-lima.jpg\",\"articleSection\":[\"Cidades\",\"Estado de S\u00e3o Paulo\"],\"inLanguage\":\"pt-BR\",\"potentialAction\":[{\"@type\":\"CommentAction\",\"name\":\"Comment\",\"target\":[\"https:\\\/\\\/regiaonews.net.br\\\/2022\\\/2021\\\/10\\\/20\\\/governo-de-sp-abre-audiencias-para-renovacao-e-ampliacao-da-concessao-de-rodovias\\\/#respond\"]}]},{\"@type\":\"WebPage\",\"@id\":\"https:\\\/\\\/regiaonews.net.br\\\/2022\\\/2021\\\/10\\\/20\\\/governo-de-sp-abre-audiencias-para-renovacao-e-ampliacao-da-concessao-de-rodovias\\\/\",\"url\":\"https:\\\/\\\/regiaonews.net.br\\\/2022\\\/2021\\\/10\\\/20\\\/governo-de-sp-abre-audiencias-para-renovacao-e-ampliacao-da-concessao-de-rodovias\\\/\",\"name\":\"Governo de SP abre audi\u00eancias para renova\u00e7\u00e3o e amplia\u00e7\u00e3o da concess\u00e3o\u00a0 de rodovias\u00a0 - Regi\u00e3o News\",\"isPartOf\":{\"@id\":\"https:\\\/\\\/regiaonews.net.br\\\/2022\\\/#website\"},\"primaryImageOfPage\":{\"@id\":\"https:\\\/\\\/regiaonews.net.br\\\/2022\\\/2021\\\/10\\\/20\\\/governo-de-sp-abre-audiencias-para-renovacao-e-ampliacao-da-concessao-de-rodovias\\\/#primaryimage\"},\"image\":{\"@id\":\"https:\\\/\\\/regiaonews.net.br\\\/2022\\\/2021\\\/10\\\/20\\\/governo-de-sp-abre-audiencias-para-renovacao-e-ampliacao-da-concessao-de-rodovias\\\/#primaryimage\"},\"thumbnailUrl\":\"https:\\\/\\\/regiaonews.net.br\\\/2022\\\/wp-content\\\/uploads\\\/2019\\\/04\\\/rodovia-faria-lima.jpg\",\"datePublished\":\"2021-10-20T16:35:09+00:00\",\"breadcrumb\":{\"@id\":\"https:\\\/\\\/regiaonews.net.br\\\/2022\\\/2021\\\/10\\\/20\\\/governo-de-sp-abre-audiencias-para-renovacao-e-ampliacao-da-concessao-de-rodovias\\\/#breadcrumb\"},\"inLanguage\":\"pt-BR\",\"potentialAction\":[{\"@type\":\"ReadAction\",\"target\":[\"https:\\\/\\\/regiaonews.net.br\\\/2022\\\/2021\\\/10\\\/20\\\/governo-de-sp-abre-audiencias-para-renovacao-e-ampliacao-da-concessao-de-rodovias\\\/\"]}]},{\"@type\":\"ImageObject\",\"inLanguage\":\"pt-BR\",\"@id\":\"https:\\\/\\\/regiaonews.net.br\\\/2022\\\/2021\\\/10\\\/20\\\/governo-de-sp-abre-audiencias-para-renovacao-e-ampliacao-da-concessao-de-rodovias\\\/#primaryimage\",\"url\":\"https:\\\/\\\/regiaonews.net.br\\\/2022\\\/wp-content\\\/uploads\\\/2019\\\/04\\\/rodovia-faria-lima.jpg\",\"contentUrl\":\"https:\\\/\\\/regiaonews.net.br\\\/2022\\\/wp-content\\\/uploads\\\/2019\\\/04\\\/rodovia-faria-lima.jpg\",\"width\":1032,\"height\":581},{\"@type\":\"BreadcrumbList\",\"@id\":\"https:\\\/\\\/regiaonews.net.br\\\/2022\\\/2021\\\/10\\\/20\\\/governo-de-sp-abre-audiencias-para-renovacao-e-ampliacao-da-concessao-de-rodovias\\\/#breadcrumb\",\"itemListElement\":[{\"@type\":\"ListItem\",\"position\":1,\"name\":\"In\u00edcio\",\"item\":\"https:\\\/\\\/regiaonews.net.br\\\/2022\\\/\"},{\"@type\":\"ListItem\",\"position\":2,\"name\":\"Governo de SP abre audi\u00eancias para renova\u00e7\u00e3o e amplia\u00e7\u00e3o da concess\u00e3o\u00a0 de rodovias\u00a0\"}]},{\"@type\":\"WebSite\",\"@id\":\"https:\\\/\\\/regiaonews.net.br\\\/2022\\\/#website\",\"url\":\"https:\\\/\\\/regiaonews.net.br\\\/2022\\\/\",\"name\":\"Regi\u00e3o News\",\"description\":\"Site de Not\u00edcias de Barretos e regi\u00e3o\",\"publisher\":{\"@id\":\"https:\\\/\\\/regiaonews.net.br\\\/2022\\\/#organization\"},\"potentialAction\":[{\"@type\":\"SearchAction\",\"target\":{\"@type\":\"EntryPoint\",\"urlTemplate\":\"https:\\\/\\\/regiaonews.net.br\\\/2022\\\/?s={search_term_string}\"},\"query-input\":{\"@type\":\"PropertyValueSpecification\",\"valueRequired\":true,\"valueName\":\"search_term_string\"}}],\"inLanguage\":\"pt-BR\"},{\"@type\":\"Organization\",\"@id\":\"https:\\\/\\\/regiaonews.net.br\\\/2022\\\/#organization\",\"name\":\"Regi\u00e3o News\",\"url\":\"https:\\\/\\\/regiaonews.net.br\\\/2022\\\/\",\"logo\":{\"@type\":\"ImageObject\",\"inLanguage\":\"pt-BR\",\"@id\":\"https:\\\/\\\/regiaonews.net.br\\\/2022\\\/#\\\/schema\\\/logo\\\/image\\\/\",\"url\":\"https:\\\/\\\/regiaonews.net.br\\\/2022\\\/wp-content\\\/uploads\\\/2026\\\/03\\\/regiao-13-anos-scaled.jpg\",\"contentUrl\":\"https:\\\/\\\/regiaonews.net.br\\\/2022\\\/wp-content\\\/uploads\\\/2026\\\/03\\\/regiao-13-anos-scaled.jpg\",\"width\":2560,\"height\":635,\"caption\":\"Regi\u00e3o News\"},\"image\":{\"@id\":\"https:\\\/\\\/regiaonews.net.br\\\/2022\\\/#\\\/schema\\\/logo\\\/image\\\/\"}},{\"@type\":\"Person\",\"@id\":\"https:\\\/\\\/regiaonews.net.br\\\/2022\\\/#\\\/schema\\\/person\\\/2d205a608a5aa97ac279d7a5e6d89ad8\",\"name\":\"Roberto\",\"image\":{\"@type\":\"ImageObject\",\"inLanguage\":\"pt-BR\",\"@id\":\"https:\\\/\\\/secure.gravatar.com\\\/avatar\\\/42749d8b712ff9d59ca93dc150494e5b55a44134482993f5baeb97e61b7ecc89?s=96&d=mm&r=g\",\"url\":\"https:\\\/\\\/secure.gravatar.com\\\/avatar\\\/42749d8b712ff9d59ca93dc150494e5b55a44134482993f5baeb97e61b7ecc89?s=96&d=mm&r=g\",\"contentUrl\":\"https:\\\/\\\/secure.gravatar.com\\\/avatar\\\/42749d8b712ff9d59ca93dc150494e5b55a44134482993f5baeb97e61b7ecc89?s=96&d=mm&r=g\",\"caption\":\"Roberto\"},\"url\":\"https:\\\/\\\/regiaonews.net.br\\\/2022\\\/author\\\/roberto\\\/\"}]}<\/script>\n<!-- \/ Yoast SEO plugin. -->","yoast_head_json":{"title":"Governo de SP abre audi\u00eancias para renova\u00e7\u00e3o e amplia\u00e7\u00e3o da concess\u00e3o\u00a0 de rodovias\u00a0 - Regi\u00e3o News","robots":{"index":"index","follow":"follow","max-snippet":"max-snippet:-1","max-image-preview":"max-image-preview:large","max-video-preview":"max-video-preview:-1"},"canonical":"https:\/\/regiaonews.net.br\/2022\/2021\/10\/20\/governo-de-sp-abre-audiencias-para-renovacao-e-ampliacao-da-concessao-de-rodovias\/","og_locale":"pt_BR","og_type":"article","og_title":"Governo de SP abre audi\u00eancias para renova\u00e7\u00e3o e amplia\u00e7\u00e3o da concess\u00e3o\u00a0 de rodovias\u00a0 - Regi\u00e3o News","og_description":"O Governo de S\u00e3o Paulo inicia, a partir de 21","og_url":"https:\/\/regiaonews.net.br\/2022\/2021\/10\/20\/governo-de-sp-abre-audiencias-para-renovacao-e-ampliacao-da-concessao-de-rodovias\/","og_site_name":"Regi\u00e3o News","article_published_time":"2021-10-20T16:35:09+00:00","og_image":[{"width":1032,"height":581,"url":"https:\/\/regiaonews.net.br\/2022\/wp-content\/uploads\/2019\/04\/rodovia-faria-lima.jpg","type":"image\/jpeg"}],"author":"Roberto","twitter_card":"summary_large_image","twitter_misc":{"Escrito por":"Roberto","Est. tempo de leitura":"3 minutos"},"schema":{"@context":"https:\/\/schema.org","@graph":[{"@type":"Article","@id":"https:\/\/regiaonews.net.br\/2022\/2021\/10\/20\/governo-de-sp-abre-audiencias-para-renovacao-e-ampliacao-da-concessao-de-rodovias\/#article","isPartOf":{"@id":"https:\/\/regiaonews.net.br\/2022\/2021\/10\/20\/governo-de-sp-abre-audiencias-para-renovacao-e-ampliacao-da-concessao-de-rodovias\/"},"author":{"name":"Roberto","@id":"https:\/\/regiaonews.net.br\/2022\/#\/schema\/person\/2d205a608a5aa97ac279d7a5e6d89ad8"},"headline":"Governo de SP abre audi\u00eancias para renova\u00e7\u00e3o e amplia\u00e7\u00e3o da concess\u00e3o\u00a0 de rodovias\u00a0","datePublished":"2021-10-20T16:35:09+00:00","mainEntityOfPage":{"@id":"https:\/\/regiaonews.net.br\/2022\/2021\/10\/20\/governo-de-sp-abre-audiencias-para-renovacao-e-ampliacao-da-concessao-de-rodovias\/"},"wordCount":686,"commentCount":0,"publisher":{"@id":"https:\/\/regiaonews.net.br\/2022\/#organization"},"image":{"@id":"https:\/\/regiaonews.net.br\/2022\/2021\/10\/20\/governo-de-sp-abre-audiencias-para-renovacao-e-ampliacao-da-concessao-de-rodovias\/#primaryimage"},"thumbnailUrl":"https:\/\/regiaonews.net.br\/2022\/wp-content\/uploads\/2019\/04\/rodovia-faria-lima.jpg","articleSection":["Cidades","Estado de S\u00e3o Paulo"],"inLanguage":"pt-BR","potentialAction":[{"@type":"CommentAction","name":"Comment","target":["https:\/\/regiaonews.net.br\/2022\/2021\/10\/20\/governo-de-sp-abre-audiencias-para-renovacao-e-ampliacao-da-concessao-de-rodovias\/#respond"]}]},{"@type":"WebPage","@id":"https:\/\/regiaonews.net.br\/2022\/2021\/10\/20\/governo-de-sp-abre-audiencias-para-renovacao-e-ampliacao-da-concessao-de-rodovias\/","url":"https:\/\/regiaonews.net.br\/2022\/2021\/10\/20\/governo-de-sp-abre-audiencias-para-renovacao-e-ampliacao-da-concessao-de-rodovias\/","name":"Governo de SP abre audi\u00eancias para renova\u00e7\u00e3o e amplia\u00e7\u00e3o da concess\u00e3o\u00a0 de rodovias\u00a0 - Regi\u00e3o News","isPartOf":{"@id":"https:\/\/regiaonews.net.br\/2022\/#website"},"primaryImageOfPage":{"@id":"https:\/\/regiaonews.net.br\/2022\/2021\/10\/20\/governo-de-sp-abre-audiencias-para-renovacao-e-ampliacao-da-concessao-de-rodovias\/#primaryimage"},"image":{"@id":"https:\/\/regiaonews.net.br\/2022\/2021\/10\/20\/governo-de-sp-abre-audiencias-para-renovacao-e-ampliacao-da-concessao-de-rodovias\/#primaryimage"},"thumbnailUrl":"https:\/\/regiaonews.net.br\/2022\/wp-content\/uploads\/2019\/04\/rodovia-faria-lima.jpg","datePublished":"2021-10-20T16:35:09+00:00","breadcrumb":{"@id":"https:\/\/regiaonews.net.br\/2022\/2021\/10\/20\/governo-de-sp-abre-audiencias-para-renovacao-e-ampliacao-da-concessao-de-rodovias\/#breadcrumb"},"inLanguage":"pt-BR","potentialAction":[{"@type":"ReadAction","target":["https:\/\/regiaonews.net.br\/2022\/2021\/10\/20\/governo-de-sp-abre-audiencias-para-renovacao-e-ampliacao-da-concessao-de-rodovias\/"]}]},{"@type":"ImageObject","inLanguage":"pt-BR","@id":"https:\/\/regiaonews.net.br\/2022\/2021\/10\/20\/governo-de-sp-abre-audiencias-para-renovacao-e-ampliacao-da-concessao-de-rodovias\/#primaryimage","url":"https:\/\/regiaonews.net.br\/2022\/wp-content\/uploads\/2019\/04\/rodovia-faria-lima.jpg","contentUrl":"https:\/\/regiaonews.net.br\/2022\/wp-content\/uploads\/2019\/04\/rodovia-faria-lima.jpg","width":1032,"height":581},{"@type":"BreadcrumbList","@id":"https:\/\/regiaonews.net.br\/2022\/2021\/10\/20\/governo-de-sp-abre-audiencias-para-renovacao-e-ampliacao-da-concessao-de-rodovias\/#breadcrumb","itemListElement":[{"@type":"ListItem","position":1,"name":"In\u00edcio","item":"https:\/\/regiaonews.net.br\/2022\/"},{"@type":"ListItem","position":2,"name":"Governo de SP abre audi\u00eancias para renova\u00e7\u00e3o e amplia\u00e7\u00e3o da concess\u00e3o\u00a0 de rodovias\u00a0"}]},{"@type":"WebSite","@id":"https:\/\/regiaonews.net.br\/2022\/#website","url":"https:\/\/regiaonews.net.br\/2022\/","name":"Regi\u00e3o News","description":"Site de Not\u00edcias de Barretos e regi\u00e3o","publisher":{"@id":"https:\/\/regiaonews.net.br\/2022\/#organization"},"potentialAction":[{"@type":"SearchAction","target":{"@type":"EntryPoint","urlTemplate":"https:\/\/regiaonews.net.br\/2022\/?s={search_term_string}"},"query-input":{"@type":"PropertyValueSpecification","valueRequired":true,"valueName":"search_term_string"}}],"inLanguage":"pt-BR"},{"@type":"Organization","@id":"https:\/\/regiaonews.net.br\/2022\/#organization","name":"Regi\u00e3o News","url":"https:\/\/regiaonews.net.br\/2022\/","logo":{"@type":"ImageObject","inLanguage":"pt-BR","@id":"https:\/\/regiaonews.net.br\/2022\/#\/schema\/logo\/image\/","url":"https:\/\/regiaonews.net.br\/2022\/wp-content\/uploads\/2026\/03\/regiao-13-anos-scaled.jpg","contentUrl":"https:\/\/regiaonews.net.br\/2022\/wp-content\/uploads\/2026\/03\/regiao-13-anos-scaled.jpg","width":2560,"height":635,"caption":"Regi\u00e3o News"},"image":{"@id":"https:\/\/regiaonews.net.br\/2022\/#\/schema\/logo\/image\/"}},{"@type":"Person","@id":"https:\/\/regiaonews.net.br\/2022\/#\/schema\/person\/2d205a608a5aa97ac279d7a5e6d89ad8","name":"Roberto","image":{"@type":"ImageObject","inLanguage":"pt-BR","@id":"https:\/\/secure.gravatar.com\/avatar\/42749d8b712ff9d59ca93dc150494e5b55a44134482993f5baeb97e61b7ecc89?s=96&d=mm&r=g","url":"https:\/\/secure.gravatar.com\/avatar\/42749d8b712ff9d59ca93dc150494e5b55a44134482993f5baeb97e61b7ecc89?s=96&d=mm&r=g","contentUrl":"https:\/\/secure.gravatar.com\/avatar\/42749d8b712ff9d59ca93dc150494e5b55a44134482993f5baeb97e61b7ecc89?s=96&d=mm&r=g","caption":"Roberto"},"url":"https:\/\/regiaonews.net.br\/2022\/author\/roberto\/"}]}},"publishpress_future_action":{"enabled":false,"date":"2026-05-05 08:02:26","action":"change-status","newStatus":"draft","terms":[],"taxonomy":"category","extraData":[]},"publishpress_future_workflow_manual_trigger":{"enabledWorkflows":[]},"_links":{"self":[{"href":"https:\/\/regiaonews.net.br\/2022\/wp-json\/wp\/v2\/posts\/55000","targetHints":{"allow":["GET"]}}],"collection":[{"href":"https:\/\/regiaonews.net.br\/2022\/wp-json\/wp\/v2\/posts"}],"about":[{"href":"https:\/\/regiaonews.net.br\/2022\/wp-json\/wp\/v2\/types\/post"}],"author":[{"embeddable":true,"href":"https:\/\/regiaonews.net.br\/2022\/wp-json\/wp\/v2\/users\/2"}],"replies":[{"embeddable":true,"href":"https:\/\/regiaonews.net.br\/2022\/wp-json\/wp\/v2\/comments?post=55000"}],"version-history":[{"count":0,"href":"https:\/\/regiaonews.net.br\/2022\/wp-json\/wp\/v2\/posts\/55000\/revisions"}],"wp:featuredmedia":[{"embeddable":true,"href":"https:\/\/regiaonews.net.br\/2022\/wp-json\/wp\/v2\/media\/19520"}],"wp:attachment":[{"href":"https:\/\/regiaonews.net.br\/2022\/wp-json\/wp\/v2\/media?parent=55000"}],"wp:term":[{"taxonomy":"category","embeddable":true,"href":"https:\/\/regiaonews.net.br\/2022\/wp-json\/wp\/v2\/categories?post=55000"},{"taxonomy":"post_tag","embeddable":true,"href":"https:\/\/regiaonews.net.br\/2022\/wp-json\/wp\/v2\/tags?post=55000"}],"curies":[{"name":"wp","href":"https:\/\/api.w.org\/{rel}","templated":true}]}}