{"id":54964,"date":"2021-10-19T14:46:03","date_gmt":"2021-10-19T17:46:03","guid":{"rendered":"https:\/\/regiaonews.net.br\/2022\/?p=54964"},"modified":"2021-10-19T14:46:03","modified_gmt":"2021-10-19T17:46:03","slug":"cinema-por-r-10-nas-quartas-feiras-20-e-27-de-outubro-no-centerplex","status":"publish","type":"post","link":"https:\/\/regiaonews.net.br\/2022\/2021\/10\/19\/cinema-por-r-10-nas-quartas-feiras-20-e-27-de-outubro-no-centerplex\/","title":{"rendered":"Cinema por R$ 10  nas quartas-feiras, 20 e 27 de outubro,  no Centerplex"},"content":{"rendered":"<p>Aos poucos as reuni\u00f5es, os eventos, os shows entre outras atra\u00e7\u00f5es est\u00e3o voltando ao normal.\u00a0Inclusive as sess\u00f5es de cinema que j\u00e1 retornaram e podem ser frequentadas\u00a0por todos, com total seguran\u00e7a e conforto. Pensando nos f\u00e3s de filmes nas telonas, nas quartas-feiras, dias 20 e 27 de outubro, o Centerplex Cinemas do North Shopping Barretos realiza a campanha o \u201cCinema \u00e9 10\u201d, ou seja, o valor da entrada ser\u00e1 \u00fanico de\u00a0R$ 10.<\/p>\n<p>O pre\u00e7o \u00e9 individual e v\u00e1lido para todos os hor\u00e1rios e salas das duas datas mencionadas. A a\u00e7\u00e3o \u00e9 de realiza\u00e7\u00e3o da AEXIB \u2013 Associa\u00e7\u00e3o dos Exibidores Brasileiros de Cinema de Pequeno e M\u00e9dio Porte, com apoio da ABRASCE \u2013 Associa\u00e7\u00e3o Brasileira de Shopping Centers.<\/p>\n<p>Para conferir os filmes em cartaz e comprar ingressos, basta acessar o site\u00a0<a href=\"https:\/\/emktenv.com.br\/index.php\/campaigns\/fv649dnm2rd8b\/track-url\/bk872gg0jteb6\/e1f350a3e64a16d69b79b5be8c5d8b06002bca21\" target=\"_blank\" rel=\"noopener noreferrer\" data-auth=\"NotApplicable\" data-linkindex=\"0\">northshoppingbarretos.com.br\/cinema<\/a>\u00a0.<\/p>\n<p><a href=\"https:\/\/regiaonews.net.br\/2022\/wp-content\/uploads\/2021\/10\/centerplex.jpg\"><img loading=\"lazy\" decoding=\"async\" class=\"alignnone size-medium wp-image-54965\" src=\"https:\/\/regiaonews.net.br\/2022\/wp-content\/uploads\/2021\/10\/centerplex-298x300.jpg\" alt=\"\" width=\"298\" height=\"300\" \/><\/a><\/p>\n","protected":false},"excerpt":{"rendered":"<p>Aos poucos as reuni\u00f5es, os eventos, os shows entre outras<\/p>\n","protected":false},"author":2,"featured_media":54965,"comment_status":"open","ping_status":"open","sticky":false,"template":"","format":"standard","meta":{"footnotes":""},"categories":[14],"tags":[],"class_list":["post-54964","post","type-post","status-publish","format-standard","has-post-thumbnail","hentry","category-barretos"],"yoast_head":"<!-- This site is optimized with the Yoast SEO plugin v27.4 - https:\/\/yoast.com\/product\/yoast-seo-wordpress\/ -->\n<title>Cinema por R$ 10 nas quartas-feiras, 20 e 27 de outubro, no Centerplex - Regi\u00e3o News<\/title>\n<meta name=\"robots\" content=\"index, follow, max-snippet:-1, max-image-preview:large, max-video-preview:-1\" \/>\n<link rel=\"canonical\" href=\"https:\/\/regiaonews.net.br\/2022\/2021\/10\/19\/cinema-por-r-10-nas-quartas-feiras-20-e-27-de-outubro-no-centerplex\/\" \/>\n<meta property=\"og:locale\" content=\"pt_BR\" \/>\n<meta property=\"og:type\" content=\"article\" \/>\n<meta property=\"og:title\" content=\"Cinema por R$ 10 nas quartas-feiras, 20 e 27 de outubro, no Centerplex - Regi\u00e3o News\" \/>\n<meta property=\"og:description\" content=\"Aos poucos as reuni\u00f5es, os eventos, os shows entre outras\" \/>\n<meta property=\"og:url\" content=\"https:\/\/regiaonews.net.br\/2022\/2021\/10\/19\/cinema-por-r-10-nas-quartas-feiras-20-e-27-de-outubro-no-centerplex\/\" \/>\n<meta property=\"og:site_name\" content=\"Regi\u00e3o News\" \/>\n<meta property=\"article:published_time\" content=\"2021-10-19T17:46:03+00:00\" \/>\n<meta property=\"og:image\" content=\"https:\/\/regiaonews.net.br\/2022\/wp-content\/uploads\/2021\/10\/centerplex.jpg\" \/>\n\t<meta property=\"og:image:width\" content=\"756\" \/>\n\t<meta property=\"og:image:height\" content=\"762\" \/>\n\t<meta property=\"og:image:type\" content=\"image\/jpeg\" \/>\n<meta name=\"author\" content=\"Roberto\" \/>\n<meta name=\"twitter:card\" content=\"summary_large_image\" \/>\n<meta name=\"twitter:label1\" content=\"Escrito por\" \/>\n\t<meta name=\"twitter:data1\" content=\"Roberto\" \/>\n\t<meta name=\"twitter:label2\" content=\"Est. tempo de leitura\" \/>\n\t<meta name=\"twitter:data2\" content=\"1 minuto\" \/>\n<script type=\"application\/ld+json\" class=\"yoast-schema-graph\">{\"@context\":\"https:\\\/\\\/schema.org\",\"@graph\":[{\"@type\":\"Article\",\"@id\":\"https:\\\/\\\/regiaonews.net.br\\\/2022\\\/2021\\\/10\\\/19\\\/cinema-por-r-10-nas-quartas-feiras-20-e-27-de-outubro-no-centerplex\\\/#article\",\"isPartOf\":{\"@id\":\"https:\\\/\\\/regiaonews.net.br\\\/2022\\\/2021\\\/10\\\/19\\\/cinema-por-r-10-nas-quartas-feiras-20-e-27-de-outubro-no-centerplex\\\/\"},\"author\":{\"name\":\"Roberto\",\"@id\":\"https:\\\/\\\/regiaonews.net.br\\\/2022\\\/#\\\/schema\\\/person\\\/2d205a608a5aa97ac279d7a5e6d89ad8\"},\"headline\":\"Cinema por R$ 10 nas quartas-feiras, 20 e 27 de outubro, no Centerplex\",\"datePublished\":\"2021-10-19T17:46:03+00:00\",\"mainEntityOfPage\":{\"@id\":\"https:\\\/\\\/regiaonews.net.br\\\/2022\\\/2021\\\/10\\\/19\\\/cinema-por-r-10-nas-quartas-feiras-20-e-27-de-outubro-no-centerplex\\\/\"},\"wordCount\":151,\"commentCount\":0,\"publisher\":{\"@id\":\"https:\\\/\\\/regiaonews.net.br\\\/2022\\\/#organization\"},\"image\":{\"@id\":\"https:\\\/\\\/regiaonews.net.br\\\/2022\\\/2021\\\/10\\\/19\\\/cinema-por-r-10-nas-quartas-feiras-20-e-27-de-outubro-no-centerplex\\\/#primaryimage\"},\"thumbnailUrl\":\"https:\\\/\\\/regiaonews.net.br\\\/2022\\\/wp-content\\\/uploads\\\/2021\\\/10\\\/centerplex.jpg\",\"articleSection\":[\"Barretos\"],\"inLanguage\":\"pt-BR\",\"potentialAction\":[{\"@type\":\"CommentAction\",\"name\":\"Comment\",\"target\":[\"https:\\\/\\\/regiaonews.net.br\\\/2022\\\/2021\\\/10\\\/19\\\/cinema-por-r-10-nas-quartas-feiras-20-e-27-de-outubro-no-centerplex\\\/#respond\"]}]},{\"@type\":\"WebPage\",\"@id\":\"https:\\\/\\\/regiaonews.net.br\\\/2022\\\/2021\\\/10\\\/19\\\/cinema-por-r-10-nas-quartas-feiras-20-e-27-de-outubro-no-centerplex\\\/\",\"url\":\"https:\\\/\\\/regiaonews.net.br\\\/2022\\\/2021\\\/10\\\/19\\\/cinema-por-r-10-nas-quartas-feiras-20-e-27-de-outubro-no-centerplex\\\/\",\"name\":\"Cinema por R$ 10 nas quartas-feiras, 20 e 27 de outubro, no Centerplex - Regi\u00e3o News\",\"isPartOf\":{\"@id\":\"https:\\\/\\\/regiaonews.net.br\\\/2022\\\/#website\"},\"primaryImageOfPage\":{\"@id\":\"https:\\\/\\\/regiaonews.net.br\\\/2022\\\/2021\\\/10\\\/19\\\/cinema-por-r-10-nas-quartas-feiras-20-e-27-de-outubro-no-centerplex\\\/#primaryimage\"},\"image\":{\"@id\":\"https:\\\/\\\/regiaonews.net.br\\\/2022\\\/2021\\\/10\\\/19\\\/cinema-por-r-10-nas-quartas-feiras-20-e-27-de-outubro-no-centerplex\\\/#primaryimage\"},\"thumbnailUrl\":\"https:\\\/\\\/regiaonews.net.br\\\/2022\\\/wp-content\\\/uploads\\\/2021\\\/10\\\/centerplex.jpg\",\"datePublished\":\"2021-10-19T17:46:03+00:00\",\"breadcrumb\":{\"@id\":\"https:\\\/\\\/regiaonews.net.br\\\/2022\\\/2021\\\/10\\\/19\\\/cinema-por-r-10-nas-quartas-feiras-20-e-27-de-outubro-no-centerplex\\\/#breadcrumb\"},\"inLanguage\":\"pt-BR\",\"potentialAction\":[{\"@type\":\"ReadAction\",\"target\":[\"https:\\\/\\\/regiaonews.net.br\\\/2022\\\/2021\\\/10\\\/19\\\/cinema-por-r-10-nas-quartas-feiras-20-e-27-de-outubro-no-centerplex\\\/\"]}]},{\"@type\":\"ImageObject\",\"inLanguage\":\"pt-BR\",\"@id\":\"https:\\\/\\\/regiaonews.net.br\\\/2022\\\/2021\\\/10\\\/19\\\/cinema-por-r-10-nas-quartas-feiras-20-e-27-de-outubro-no-centerplex\\\/#primaryimage\",\"url\":\"https:\\\/\\\/regiaonews.net.br\\\/2022\\\/wp-content\\\/uploads\\\/2021\\\/10\\\/centerplex.jpg\",\"contentUrl\":\"https:\\\/\\\/regiaonews.net.br\\\/2022\\\/wp-content\\\/uploads\\\/2021\\\/10\\\/centerplex.jpg\",\"width\":756,\"height\":762},{\"@type\":\"BreadcrumbList\",\"@id\":\"https:\\\/\\\/regiaonews.net.br\\\/2022\\\/2021\\\/10\\\/19\\\/cinema-por-r-10-nas-quartas-feiras-20-e-27-de-outubro-no-centerplex\\\/#breadcrumb\",\"itemListElement\":[{\"@type\":\"ListItem\",\"position\":1,\"name\":\"In\u00edcio\",\"item\":\"https:\\\/\\\/regiaonews.net.br\\\/2022\\\/\"},{\"@type\":\"ListItem\",\"position\":2,\"name\":\"Cinema por R$ 10 nas quartas-feiras, 20 e 27 de outubro, no Centerplex\"}]},{\"@type\":\"WebSite\",\"@id\":\"https:\\\/\\\/regiaonews.net.br\\\/2022\\\/#website\",\"url\":\"https:\\\/\\\/regiaonews.net.br\\\/2022\\\/\",\"name\":\"Regi\u00e3o News\",\"description\":\"Site de Not\u00edcias de Barretos e regi\u00e3o\",\"publisher\":{\"@id\":\"https:\\\/\\\/regiaonews.net.br\\\/2022\\\/#organization\"},\"potentialAction\":[{\"@type\":\"SearchAction\",\"target\":{\"@type\":\"EntryPoint\",\"urlTemplate\":\"https:\\\/\\\/regiaonews.net.br\\\/2022\\\/?s={search_term_string}\"},\"query-input\":{\"@type\":\"PropertyValueSpecification\",\"valueRequired\":true,\"valueName\":\"search_term_string\"}}],\"inLanguage\":\"pt-BR\"},{\"@type\":\"Organization\",\"@id\":\"https:\\\/\\\/regiaonews.net.br\\\/2022\\\/#organization\",\"name\":\"Regi\u00e3o News\",\"url\":\"https:\\\/\\\/regiaonews.net.br\\\/2022\\\/\",\"logo\":{\"@type\":\"ImageObject\",\"inLanguage\":\"pt-BR\",\"@id\":\"https:\\\/\\\/regiaonews.net.br\\\/2022\\\/#\\\/schema\\\/logo\\\/image\\\/\",\"url\":\"https:\\\/\\\/regiaonews.net.br\\\/2022\\\/wp-content\\\/uploads\\\/2026\\\/03\\\/regiao-13-anos-scaled.jpg\",\"contentUrl\":\"https:\\\/\\\/regiaonews.net.br\\\/2022\\\/wp-content\\\/uploads\\\/2026\\\/03\\\/regiao-13-anos-scaled.jpg\",\"width\":2560,\"height\":635,\"caption\":\"Regi\u00e3o News\"},\"image\":{\"@id\":\"https:\\\/\\\/regiaonews.net.br\\\/2022\\\/#\\\/schema\\\/logo\\\/image\\\/\"}},{\"@type\":\"Person\",\"@id\":\"https:\\\/\\\/regiaonews.net.br\\\/2022\\\/#\\\/schema\\\/person\\\/2d205a608a5aa97ac279d7a5e6d89ad8\",\"name\":\"Roberto\",\"image\":{\"@type\":\"ImageObject\",\"inLanguage\":\"pt-BR\",\"@id\":\"https:\\\/\\\/secure.gravatar.com\\\/avatar\\\/42749d8b712ff9d59ca93dc150494e5b55a44134482993f5baeb97e61b7ecc89?s=96&d=mm&r=g\",\"url\":\"https:\\\/\\\/secure.gravatar.com\\\/avatar\\\/42749d8b712ff9d59ca93dc150494e5b55a44134482993f5baeb97e61b7ecc89?s=96&d=mm&r=g\",\"contentUrl\":\"https:\\\/\\\/secure.gravatar.com\\\/avatar\\\/42749d8b712ff9d59ca93dc150494e5b55a44134482993f5baeb97e61b7ecc89?s=96&d=mm&r=g\",\"caption\":\"Roberto\"},\"url\":\"https:\\\/\\\/regiaonews.net.br\\\/2022\\\/author\\\/roberto\\\/\"}]}<\/script>\n<!-- \/ Yoast SEO plugin. -->","yoast_head_json":{"title":"Cinema por R$ 10 nas quartas-feiras, 20 e 27 de outubro, no Centerplex - Regi\u00e3o News","robots":{"index":"index","follow":"follow","max-snippet":"max-snippet:-1","max-image-preview":"max-image-preview:large","max-video-preview":"max-video-preview:-1"},"canonical":"https:\/\/regiaonews.net.br\/2022\/2021\/10\/19\/cinema-por-r-10-nas-quartas-feiras-20-e-27-de-outubro-no-centerplex\/","og_locale":"pt_BR","og_type":"article","og_title":"Cinema por R$ 10 nas quartas-feiras, 20 e 27 de outubro, no Centerplex - Regi\u00e3o News","og_description":"Aos poucos as reuni\u00f5es, os eventos, os shows entre outras","og_url":"https:\/\/regiaonews.net.br\/2022\/2021\/10\/19\/cinema-por-r-10-nas-quartas-feiras-20-e-27-de-outubro-no-centerplex\/","og_site_name":"Regi\u00e3o News","article_published_time":"2021-10-19T17:46:03+00:00","og_image":[{"width":756,"height":762,"url":"https:\/\/regiaonews.net.br\/2022\/wp-content\/uploads\/2021\/10\/centerplex.jpg","type":"image\/jpeg"}],"author":"Roberto","twitter_card":"summary_large_image","twitter_misc":{"Escrito por":"Roberto","Est. tempo de leitura":"1 minuto"},"schema":{"@context":"https:\/\/schema.org","@graph":[{"@type":"Article","@id":"https:\/\/regiaonews.net.br\/2022\/2021\/10\/19\/cinema-por-r-10-nas-quartas-feiras-20-e-27-de-outubro-no-centerplex\/#article","isPartOf":{"@id":"https:\/\/regiaonews.net.br\/2022\/2021\/10\/19\/cinema-por-r-10-nas-quartas-feiras-20-e-27-de-outubro-no-centerplex\/"},"author":{"name":"Roberto","@id":"https:\/\/regiaonews.net.br\/2022\/#\/schema\/person\/2d205a608a5aa97ac279d7a5e6d89ad8"},"headline":"Cinema por R$ 10 nas quartas-feiras, 20 e 27 de outubro, no Centerplex","datePublished":"2021-10-19T17:46:03+00:00","mainEntityOfPage":{"@id":"https:\/\/regiaonews.net.br\/2022\/2021\/10\/19\/cinema-por-r-10-nas-quartas-feiras-20-e-27-de-outubro-no-centerplex\/"},"wordCount":151,"commentCount":0,"publisher":{"@id":"https:\/\/regiaonews.net.br\/2022\/#organization"},"image":{"@id":"https:\/\/regiaonews.net.br\/2022\/2021\/10\/19\/cinema-por-r-10-nas-quartas-feiras-20-e-27-de-outubro-no-centerplex\/#primaryimage"},"thumbnailUrl":"https:\/\/regiaonews.net.br\/2022\/wp-content\/uploads\/2021\/10\/centerplex.jpg","articleSection":["Barretos"],"inLanguage":"pt-BR","potentialAction":[{"@type":"CommentAction","name":"Comment","target":["https:\/\/regiaonews.net.br\/2022\/2021\/10\/19\/cinema-por-r-10-nas-quartas-feiras-20-e-27-de-outubro-no-centerplex\/#respond"]}]},{"@type":"WebPage","@id":"https:\/\/regiaonews.net.br\/2022\/2021\/10\/19\/cinema-por-r-10-nas-quartas-feiras-20-e-27-de-outubro-no-centerplex\/","url":"https:\/\/regiaonews.net.br\/2022\/2021\/10\/19\/cinema-por-r-10-nas-quartas-feiras-20-e-27-de-outubro-no-centerplex\/","name":"Cinema por R$ 10 nas quartas-feiras, 20 e 27 de outubro, no Centerplex - Regi\u00e3o News","isPartOf":{"@id":"https:\/\/regiaonews.net.br\/2022\/#website"},"primaryImageOfPage":{"@id":"https:\/\/regiaonews.net.br\/2022\/2021\/10\/19\/cinema-por-r-10-nas-quartas-feiras-20-e-27-de-outubro-no-centerplex\/#primaryimage"},"image":{"@id":"https:\/\/regiaonews.net.br\/2022\/2021\/10\/19\/cinema-por-r-10-nas-quartas-feiras-20-e-27-de-outubro-no-centerplex\/#primaryimage"},"thumbnailUrl":"https:\/\/regiaonews.net.br\/2022\/wp-content\/uploads\/2021\/10\/centerplex.jpg","datePublished":"2021-10-19T17:46:03+00:00","breadcrumb":{"@id":"https:\/\/regiaonews.net.br\/2022\/2021\/10\/19\/cinema-por-r-10-nas-quartas-feiras-20-e-27-de-outubro-no-centerplex\/#breadcrumb"},"inLanguage":"pt-BR","potentialAction":[{"@type":"ReadAction","target":["https:\/\/regiaonews.net.br\/2022\/2021\/10\/19\/cinema-por-r-10-nas-quartas-feiras-20-e-27-de-outubro-no-centerplex\/"]}]},{"@type":"ImageObject","inLanguage":"pt-BR","@id":"https:\/\/regiaonews.net.br\/2022\/2021\/10\/19\/cinema-por-r-10-nas-quartas-feiras-20-e-27-de-outubro-no-centerplex\/#primaryimage","url":"https:\/\/regiaonews.net.br\/2022\/wp-content\/uploads\/2021\/10\/centerplex.jpg","contentUrl":"https:\/\/regiaonews.net.br\/2022\/wp-content\/uploads\/2021\/10\/centerplex.jpg","width":756,"height":762},{"@type":"BreadcrumbList","@id":"https:\/\/regiaonews.net.br\/2022\/2021\/10\/19\/cinema-por-r-10-nas-quartas-feiras-20-e-27-de-outubro-no-centerplex\/#breadcrumb","itemListElement":[{"@type":"ListItem","position":1,"name":"In\u00edcio","item":"https:\/\/regiaonews.net.br\/2022\/"},{"@type":"ListItem","position":2,"name":"Cinema por R$ 10 nas quartas-feiras, 20 e 27 de outubro, no Centerplex"}]},{"@type":"WebSite","@id":"https:\/\/regiaonews.net.br\/2022\/#website","url":"https:\/\/regiaonews.net.br\/2022\/","name":"Regi\u00e3o News","description":"Site de Not\u00edcias de Barretos e regi\u00e3o","publisher":{"@id":"https:\/\/regiaonews.net.br\/2022\/#organization"},"potentialAction":[{"@type":"SearchAction","target":{"@type":"EntryPoint","urlTemplate":"https:\/\/regiaonews.net.br\/2022\/?s={search_term_string}"},"query-input":{"@type":"PropertyValueSpecification","valueRequired":true,"valueName":"search_term_string"}}],"inLanguage":"pt-BR"},{"@type":"Organization","@id":"https:\/\/regiaonews.net.br\/2022\/#organization","name":"Regi\u00e3o News","url":"https:\/\/regiaonews.net.br\/2022\/","logo":{"@type":"ImageObject","inLanguage":"pt-BR","@id":"https:\/\/regiaonews.net.br\/2022\/#\/schema\/logo\/image\/","url":"https:\/\/regiaonews.net.br\/2022\/wp-content\/uploads\/2026\/03\/regiao-13-anos-scaled.jpg","contentUrl":"https:\/\/regiaonews.net.br\/2022\/wp-content\/uploads\/2026\/03\/regiao-13-anos-scaled.jpg","width":2560,"height":635,"caption":"Regi\u00e3o News"},"image":{"@id":"https:\/\/regiaonews.net.br\/2022\/#\/schema\/logo\/image\/"}},{"@type":"Person","@id":"https:\/\/regiaonews.net.br\/2022\/#\/schema\/person\/2d205a608a5aa97ac279d7a5e6d89ad8","name":"Roberto","image":{"@type":"ImageObject","inLanguage":"pt-BR","@id":"https:\/\/secure.gravatar.com\/avatar\/42749d8b712ff9d59ca93dc150494e5b55a44134482993f5baeb97e61b7ecc89?s=96&d=mm&r=g","url":"https:\/\/secure.gravatar.com\/avatar\/42749d8b712ff9d59ca93dc150494e5b55a44134482993f5baeb97e61b7ecc89?s=96&d=mm&r=g","contentUrl":"https:\/\/secure.gravatar.com\/avatar\/42749d8b712ff9d59ca93dc150494e5b55a44134482993f5baeb97e61b7ecc89?s=96&d=mm&r=g","caption":"Roberto"},"url":"https:\/\/regiaonews.net.br\/2022\/author\/roberto\/"}]}},"publishpress_future_action":{"enabled":false,"date":"2026-05-05 11:14:57","action":"change-status","newStatus":"draft","terms":[],"taxonomy":"category","extraData":[]},"publishpress_future_workflow_manual_trigger":{"enabledWorkflows":[]},"_links":{"self":[{"href":"https:\/\/regiaonews.net.br\/2022\/wp-json\/wp\/v2\/posts\/54964","targetHints":{"allow":["GET"]}}],"collection":[{"href":"https:\/\/regiaonews.net.br\/2022\/wp-json\/wp\/v2\/posts"}],"about":[{"href":"https:\/\/regiaonews.net.br\/2022\/wp-json\/wp\/v2\/types\/post"}],"author":[{"embeddable":true,"href":"https:\/\/regiaonews.net.br\/2022\/wp-json\/wp\/v2\/users\/2"}],"replies":[{"embeddable":true,"href":"https:\/\/regiaonews.net.br\/2022\/wp-json\/wp\/v2\/comments?post=54964"}],"version-history":[{"count":0,"href":"https:\/\/regiaonews.net.br\/2022\/wp-json\/wp\/v2\/posts\/54964\/revisions"}],"wp:featuredmedia":[{"embeddable":true,"href":"https:\/\/regiaonews.net.br\/2022\/wp-json\/wp\/v2\/media\/54965"}],"wp:attachment":[{"href":"https:\/\/regiaonews.net.br\/2022\/wp-json\/wp\/v2\/media?parent=54964"}],"wp:term":[{"taxonomy":"category","embeddable":true,"href":"https:\/\/regiaonews.net.br\/2022\/wp-json\/wp\/v2\/categories?post=54964"},{"taxonomy":"post_tag","embeddable":true,"href":"https:\/\/regiaonews.net.br\/2022\/wp-json\/wp\/v2\/tags?post=54964"}],"curies":[{"name":"wp","href":"https:\/\/api.w.org\/{rel}","templated":true}]}}