{"id":54961,"date":"2021-10-19T14:39:27","date_gmt":"2021-10-19T17:39:27","guid":{"rendered":"https:\/\/regiaonews.net.br\/2022\/?p=54961"},"modified":"2021-10-24T21:52:21","modified_gmt":"2021-10-25T00:52:21","slug":"barretos-recebe-evento-pedal-para-todos-da-confederacao-brasileira-de-mountain-bike","status":"publish","type":"post","link":"https:\/\/regiaonews.net.br\/2022\/2021\/10\/19\/barretos-recebe-evento-pedal-para-todos-da-confederacao-brasileira-de-mountain-bike\/","title":{"rendered":"Barretos recebe evento \u2018Pedal para Todos\u2019 da Confedera\u00e7\u00e3o Brasileira de Mountain Bike"},"content":{"rendered":"<p><em>Inscri\u00e7\u00f5es s\u00e3o gratuitas e j\u00e1 est\u00e3o abertas<\/em><br \/>\nA Confedera\u00e7\u00e3o Brasileira de Montain Bike, em parceria com a Prefeitura Municipal de Barretos, por meio da Secretaria de Turismo do munic\u00edpio, realiza o \u201cPedal para Todos\u201d, que ocorrer\u00e1 no pr\u00f3ximo domingo (24). O evento esportivo seguir\u00e1 todos os protocolos e medidas de seguran\u00e7a orientados pela Organiza\u00e7\u00e3o Mundial da Sa\u00fade (OMS).<\/p>\n<p>De acordo com Marcelo Coelho, presidente da confedera\u00e7\u00e3o, as inscri\u00e7\u00f5es s\u00e3o gratuitas e os participantes podem colaborar doando um quilo de alimento n\u00e3o perec\u00edvel, que ser\u00e3o destinados para as comunidades carentes da cidade. Al\u00e9m disso, cada competidor\u00a0ter\u00e1 direito a um kit personalizado do evento com uma camiseta, squeeze, sacochila e uma medalha de participa\u00e7\u00e3o.<\/p>\n<p>\u201cAs expectativas s\u00e3o as melhores poss\u00edveis. A pr\u00e1tica do ciclismo tem se popularizado cada vez mais e pedalar traz in\u00fameros benef\u00edcios para a sa\u00fade, al\u00e9m de sair da rotina, melhorar o psicol\u00f3gico e promover a integra\u00e7\u00e3o entre as pessoas\u201d, disse Marcelo.<\/p>\n<p>O secret\u00e1rio de turismo do munic\u00edpio, Cuiabano Lima, ressalta que o evento \u00e9 para toda a fam\u00edlia. \u201cO ciclismo cresceu muito em Barretos nos \u00faltimos anos principalmente com o fechamento de academias durante a pandemia da Covid-19. As pessoas optaram por atividades ao ar livre e o ciclismo conquistou novos adeptos, o que nos motivou a realizar esta parceria e trazer o Pedal para Todos. Ser\u00e1 uma manh\u00e3 de divers\u00e3o e lazer tamb\u00e9m para as fam\u00edlias barretenses que ter\u00e3o um percurso mais curto para seguir. Esperamos reunir pais e filhos em um passeio que celebra a atividade f\u00edsica como um grande encontro de gera\u00e7\u00f5es\u201d, afirmou.<\/p>\n<p>O evento ser\u00e1 divido em dois percursos. O primeiro \u00e9 um desafio em que os inscritos dever\u00e3o cumprir um trajeto de 10km, voltado para as fam\u00edlias,\u00a0 e o outro de 35 km para os ciclistas que querem pedalar uma distancia maior, que\u00a0percorrer\u00e1 por pontos tur\u00edsticos da cidade.<\/p>\n<p>A\u00a0concentra\u00e7\u00e3o ser\u00e1 em frente a sede da Secretaria de Turismo do munic\u00edpio,\u00a0 \u00e0s 08h50. Ap\u00f3s o percurso, haver\u00e1 a entrega de medalhas e sorteios de brindes \u00e0s 11h00.<\/p>\n<p>Vale ressaltar que os interessados em participar do passeio levem em considera\u00e7\u00e3o tanto a sua condi\u00e7\u00e3o f\u00edsica (o percurso tem uma dura\u00e7\u00e3o estimada de 02 horas, sob o sol, chuva e sem muita sombra), quanto \u00e0 manuten\u00e7\u00e3o de sua bicicleta (revis\u00e3o, freios em ordem, capacete e eventual material para conserto).<\/p>\n<p>O \u201cPedal para Todos\u201d \u00e9 um projeto da Lei e Incentivo ao Esporte do Minist\u00e9rio da Cidadania, Governo Federal, com o patroc\u00ednio da Shimano e Lorenzetti.<\/p>\n<p>Para participar, basta acessar o link\u00a0<a href=\"https:\/\/emktenv.com.br\/index.php\/campaigns\/vg781ataxf1ec\/track-url\/jb127o9y749b2\/c3cb12075cbe7ea9e3faa0e6ace4fc369afca8f2\" target=\"_blank\" rel=\"noopener noreferrer\" data-auth=\"NotApplicable\" data-linkindex=\"0\">www.pedalparatodos.com.br<\/a>\u00a0e fazer a inscri\u00e7\u00e3o no seguinte site\u00a0<a href=\"https:\/\/emktenv.com.br\/index.php\/campaigns\/vg781ataxf1ec\/track-url\/jb127o9y749b2\/46cb024ae0b87342b4e15ac690cd8834ddaf41c5\" target=\"_blank\" rel=\"noopener noreferrer\" data-auth=\"NotApplicable\" data-linkindex=\"1\">http:\/\/www.treinoonline.com.br\/inscricao-info.php?codigo=13838&amp;nmEvento=Pedal%20para%20Todos<\/a><\/p>\n<p>&nbsp;<\/p>\n<p><strong>PROGRAMA\u00c7\u00c3O DO EVENTO<\/strong><br \/>\n<strong>INSCRI\u00c7\u00c3O E RETIRADA DOS KITS<\/strong><\/p>\n<p><strong>\u00b7<\/strong><strong>\u00a0 S\u00e1bado (23)<\/strong><\/p>\n<p><strong>Das 14 \u00e0s 18h, e domingo, das 7h \u00e0s 8h50<\/strong><br \/>\nRetirada do Kit &#8211; Secretaria Municipal de Turismo (1 Camiseta, 1 Medalha de participa\u00e7\u00e3o e 1 Squeeze)<br \/>\n* N\u00e3o esquecer de levar 1 kg de alimento n\u00e3o perec\u00edvel e documento do inscrito.<\/p>\n<p>* Qualquer pessoa pode retirar o kit do participante com o documento original do inscrito em m\u00e3os.<\/p>\n<p>* Menores somente com a presen\u00e7a do respons\u00e1vel.<\/p>\n<p>* N\u00e3o esque\u00e7a de conferir a lista de inscritos divulgada pela organiza\u00e7\u00e3o na p\u00e1gina oficial do evento, na sexta-feira que antecede o evento.<\/p>\n<p><strong>&#8211; Domingo (24)<\/strong><\/p>\n<p>08h50 \u2013 Largada do Passeio (sem atraso)<br \/>\n11h00 \u2013 Sorteio de brindes<br \/>\n13h00 \u2013 Previs\u00e3o de t\u00e9rmino do evento<\/p>\n<p><strong>PERCURSOS<\/strong><\/p>\n<p><strong>10KM<\/strong><\/p>\n<p>Secretaria Municipal de Turismo<\/p>\n<p>Museu Ruy Menezes<\/p>\n<p>Catedral do Esp\u00edrito Santo<\/p>\n<p>Parque do Pe\u00e3o<\/p>\n<p>Minibas\u00edlica de N.S. Aparecida<\/p>\n<p>Recinto Paulo de Lima Correa<\/p>\n<p>&nbsp;<\/p>\n<p><strong>35 KM<\/strong><\/p>\n<p>Secretaria Municipal de Turismo<\/p>\n<p>Museu Ruy Menezes<\/p>\n<p>Catedral do Esp\u00edrito Santo<\/p>\n<p>Parque do Pe\u00e3o<\/p>\n<p>Minibas\u00edlica de N.S. Aparecida<\/p>\n<p>Recinto Paulo de Lima Correa<\/p>\n<p>Regi\u00e3o dos Lagos<\/p>\n<p>Hospital de Amor<\/p>\n<p>Monumento Hist\u00f3rico da Estrada Boiadeira<\/p>\n<p>Avenida das Na\u00e7\u00f5es<\/p>\n<p><a href=\"https:\/\/regiaonews.net.br\/2022\/wp-content\/uploads\/2021\/10\/Pedal-2.jpeg\"><img loading=\"lazy\" decoding=\"async\" class=\"alignnone size-medium wp-image-54962\" src=\"https:\/\/regiaonews.net.br\/2022\/wp-content\/uploads\/2021\/10\/Pedal-2-300x279.jpeg\" alt=\"\" width=\"300\" height=\"279\" \/><\/a><\/p>\n","protected":false},"excerpt":{"rendered":"<p>Inscri\u00e7\u00f5es s\u00e3o gratuitas e j\u00e1 est\u00e3o abertas A Confedera\u00e7\u00e3o Brasileira<\/p>\n","protected":false},"author":2,"featured_media":54962,"comment_status":"open","ping_status":"open","sticky":false,"template":"","format":"standard","meta":{"footnotes":""},"categories":[14],"tags":[],"class_list":["post-54961","post","type-post","status-publish","format-standard","has-post-thumbnail","hentry","category-barretos"],"yoast_head":"<!-- This site is optimized with the Yoast SEO plugin v27.4 - https:\/\/yoast.com\/product\/yoast-seo-wordpress\/ -->\n<title>Barretos recebe evento \u2018Pedal para Todos\u2019 da Confedera\u00e7\u00e3o Brasileira de Mountain Bike - Regi\u00e3o News<\/title>\n<meta name=\"robots\" content=\"index, follow, max-snippet:-1, max-image-preview:large, max-video-preview:-1\" \/>\n<link rel=\"canonical\" href=\"https:\/\/regiaonews.net.br\/2022\/2021\/10\/19\/barretos-recebe-evento-pedal-para-todos-da-confederacao-brasileira-de-mountain-bike\/\" \/>\n<meta property=\"og:locale\" content=\"pt_BR\" \/>\n<meta property=\"og:type\" content=\"article\" \/>\n<meta property=\"og:title\" content=\"Barretos recebe evento \u2018Pedal para Todos\u2019 da Confedera\u00e7\u00e3o Brasileira de Mountain Bike - Regi\u00e3o News\" \/>\n<meta property=\"og:description\" content=\"Inscri\u00e7\u00f5es s\u00e3o gratuitas e j\u00e1 est\u00e3o abertas A Confedera\u00e7\u00e3o Brasileira\" \/>\n<meta property=\"og:url\" content=\"https:\/\/regiaonews.net.br\/2022\/2021\/10\/19\/barretos-recebe-evento-pedal-para-todos-da-confederacao-brasileira-de-mountain-bike\/\" \/>\n<meta property=\"og:site_name\" content=\"Regi\u00e3o News\" \/>\n<meta property=\"article:published_time\" content=\"2021-10-19T17:39:27+00:00\" \/>\n<meta property=\"article:modified_time\" content=\"2021-10-25T00:52:21+00:00\" \/>\n<meta property=\"og:image\" content=\"https:\/\/regiaonews.net.br\/2022\/wp-content\/uploads\/2021\/10\/Pedal-2.jpeg\" \/>\n\t<meta property=\"og:image:width\" content=\"1182\" \/>\n\t<meta property=\"og:image:height\" content=\"1100\" \/>\n\t<meta property=\"og:image:type\" content=\"image\/jpeg\" \/>\n<meta name=\"author\" content=\"Roberto\" \/>\n<meta name=\"twitter:card\" content=\"summary_large_image\" \/>\n<meta name=\"twitter:label1\" content=\"Escrito por\" \/>\n\t<meta name=\"twitter:data1\" content=\"Roberto\" \/>\n\t<meta name=\"twitter:label2\" content=\"Est. tempo de leitura\" \/>\n\t<meta name=\"twitter:data2\" content=\"3 minutos\" \/>\n<script type=\"application\/ld+json\" class=\"yoast-schema-graph\">{\"@context\":\"https:\\\/\\\/schema.org\",\"@graph\":[{\"@type\":\"Article\",\"@id\":\"https:\\\/\\\/regiaonews.net.br\\\/2022\\\/2021\\\/10\\\/19\\\/barretos-recebe-evento-pedal-para-todos-da-confederacao-brasileira-de-mountain-bike\\\/#article\",\"isPartOf\":{\"@id\":\"https:\\\/\\\/regiaonews.net.br\\\/2022\\\/2021\\\/10\\\/19\\\/barretos-recebe-evento-pedal-para-todos-da-confederacao-brasileira-de-mountain-bike\\\/\"},\"author\":{\"name\":\"Roberto\",\"@id\":\"https:\\\/\\\/regiaonews.net.br\\\/2022\\\/#\\\/schema\\\/person\\\/2d205a608a5aa97ac279d7a5e6d89ad8\"},\"headline\":\"Barretos recebe evento \u2018Pedal para Todos\u2019 da Confedera\u00e7\u00e3o Brasileira de Mountain Bike\",\"datePublished\":\"2021-10-19T17:39:27+00:00\",\"dateModified\":\"2021-10-25T00:52:21+00:00\",\"mainEntityOfPage\":{\"@id\":\"https:\\\/\\\/regiaonews.net.br\\\/2022\\\/2021\\\/10\\\/19\\\/barretos-recebe-evento-pedal-para-todos-da-confederacao-brasileira-de-mountain-bike\\\/\"},\"wordCount\":698,\"commentCount\":0,\"publisher\":{\"@id\":\"https:\\\/\\\/regiaonews.net.br\\\/2022\\\/#organization\"},\"image\":{\"@id\":\"https:\\\/\\\/regiaonews.net.br\\\/2022\\\/2021\\\/10\\\/19\\\/barretos-recebe-evento-pedal-para-todos-da-confederacao-brasileira-de-mountain-bike\\\/#primaryimage\"},\"thumbnailUrl\":\"https:\\\/\\\/regiaonews.net.br\\\/2022\\\/wp-content\\\/uploads\\\/2021\\\/10\\\/Pedal-2.jpeg\",\"articleSection\":[\"Barretos\"],\"inLanguage\":\"pt-BR\",\"potentialAction\":[{\"@type\":\"CommentAction\",\"name\":\"Comment\",\"target\":[\"https:\\\/\\\/regiaonews.net.br\\\/2022\\\/2021\\\/10\\\/19\\\/barretos-recebe-evento-pedal-para-todos-da-confederacao-brasileira-de-mountain-bike\\\/#respond\"]}]},{\"@type\":\"WebPage\",\"@id\":\"https:\\\/\\\/regiaonews.net.br\\\/2022\\\/2021\\\/10\\\/19\\\/barretos-recebe-evento-pedal-para-todos-da-confederacao-brasileira-de-mountain-bike\\\/\",\"url\":\"https:\\\/\\\/regiaonews.net.br\\\/2022\\\/2021\\\/10\\\/19\\\/barretos-recebe-evento-pedal-para-todos-da-confederacao-brasileira-de-mountain-bike\\\/\",\"name\":\"Barretos recebe evento \u2018Pedal para Todos\u2019 da Confedera\u00e7\u00e3o Brasileira de Mountain Bike - Regi\u00e3o News\",\"isPartOf\":{\"@id\":\"https:\\\/\\\/regiaonews.net.br\\\/2022\\\/#website\"},\"primaryImageOfPage\":{\"@id\":\"https:\\\/\\\/regiaonews.net.br\\\/2022\\\/2021\\\/10\\\/19\\\/barretos-recebe-evento-pedal-para-todos-da-confederacao-brasileira-de-mountain-bike\\\/#primaryimage\"},\"image\":{\"@id\":\"https:\\\/\\\/regiaonews.net.br\\\/2022\\\/2021\\\/10\\\/19\\\/barretos-recebe-evento-pedal-para-todos-da-confederacao-brasileira-de-mountain-bike\\\/#primaryimage\"},\"thumbnailUrl\":\"https:\\\/\\\/regiaonews.net.br\\\/2022\\\/wp-content\\\/uploads\\\/2021\\\/10\\\/Pedal-2.jpeg\",\"datePublished\":\"2021-10-19T17:39:27+00:00\",\"dateModified\":\"2021-10-25T00:52:21+00:00\",\"breadcrumb\":{\"@id\":\"https:\\\/\\\/regiaonews.net.br\\\/2022\\\/2021\\\/10\\\/19\\\/barretos-recebe-evento-pedal-para-todos-da-confederacao-brasileira-de-mountain-bike\\\/#breadcrumb\"},\"inLanguage\":\"pt-BR\",\"potentialAction\":[{\"@type\":\"ReadAction\",\"target\":[\"https:\\\/\\\/regiaonews.net.br\\\/2022\\\/2021\\\/10\\\/19\\\/barretos-recebe-evento-pedal-para-todos-da-confederacao-brasileira-de-mountain-bike\\\/\"]}]},{\"@type\":\"ImageObject\",\"inLanguage\":\"pt-BR\",\"@id\":\"https:\\\/\\\/regiaonews.net.br\\\/2022\\\/2021\\\/10\\\/19\\\/barretos-recebe-evento-pedal-para-todos-da-confederacao-brasileira-de-mountain-bike\\\/#primaryimage\",\"url\":\"https:\\\/\\\/regiaonews.net.br\\\/2022\\\/wp-content\\\/uploads\\\/2021\\\/10\\\/Pedal-2.jpeg\",\"contentUrl\":\"https:\\\/\\\/regiaonews.net.br\\\/2022\\\/wp-content\\\/uploads\\\/2021\\\/10\\\/Pedal-2.jpeg\",\"width\":1182,\"height\":1100},{\"@type\":\"BreadcrumbList\",\"@id\":\"https:\\\/\\\/regiaonews.net.br\\\/2022\\\/2021\\\/10\\\/19\\\/barretos-recebe-evento-pedal-para-todos-da-confederacao-brasileira-de-mountain-bike\\\/#breadcrumb\",\"itemListElement\":[{\"@type\":\"ListItem\",\"position\":1,\"name\":\"In\u00edcio\",\"item\":\"https:\\\/\\\/regiaonews.net.br\\\/2022\\\/\"},{\"@type\":\"ListItem\",\"position\":2,\"name\":\"Barretos recebe evento \u2018Pedal para Todos\u2019 da Confedera\u00e7\u00e3o Brasileira de Mountain Bike\"}]},{\"@type\":\"WebSite\",\"@id\":\"https:\\\/\\\/regiaonews.net.br\\\/2022\\\/#website\",\"url\":\"https:\\\/\\\/regiaonews.net.br\\\/2022\\\/\",\"name\":\"Regi\u00e3o News\",\"description\":\"Site de Not\u00edcias de Barretos e regi\u00e3o\",\"publisher\":{\"@id\":\"https:\\\/\\\/regiaonews.net.br\\\/2022\\\/#organization\"},\"potentialAction\":[{\"@type\":\"SearchAction\",\"target\":{\"@type\":\"EntryPoint\",\"urlTemplate\":\"https:\\\/\\\/regiaonews.net.br\\\/2022\\\/?s={search_term_string}\"},\"query-input\":{\"@type\":\"PropertyValueSpecification\",\"valueRequired\":true,\"valueName\":\"search_term_string\"}}],\"inLanguage\":\"pt-BR\"},{\"@type\":\"Organization\",\"@id\":\"https:\\\/\\\/regiaonews.net.br\\\/2022\\\/#organization\",\"name\":\"Regi\u00e3o News\",\"url\":\"https:\\\/\\\/regiaonews.net.br\\\/2022\\\/\",\"logo\":{\"@type\":\"ImageObject\",\"inLanguage\":\"pt-BR\",\"@id\":\"https:\\\/\\\/regiaonews.net.br\\\/2022\\\/#\\\/schema\\\/logo\\\/image\\\/\",\"url\":\"https:\\\/\\\/regiaonews.net.br\\\/2022\\\/wp-content\\\/uploads\\\/2026\\\/03\\\/regiao-13-anos-scaled.jpg\",\"contentUrl\":\"https:\\\/\\\/regiaonews.net.br\\\/2022\\\/wp-content\\\/uploads\\\/2026\\\/03\\\/regiao-13-anos-scaled.jpg\",\"width\":2560,\"height\":635,\"caption\":\"Regi\u00e3o News\"},\"image\":{\"@id\":\"https:\\\/\\\/regiaonews.net.br\\\/2022\\\/#\\\/schema\\\/logo\\\/image\\\/\"}},{\"@type\":\"Person\",\"@id\":\"https:\\\/\\\/regiaonews.net.br\\\/2022\\\/#\\\/schema\\\/person\\\/2d205a608a5aa97ac279d7a5e6d89ad8\",\"name\":\"Roberto\",\"image\":{\"@type\":\"ImageObject\",\"inLanguage\":\"pt-BR\",\"@id\":\"https:\\\/\\\/secure.gravatar.com\\\/avatar\\\/42749d8b712ff9d59ca93dc150494e5b55a44134482993f5baeb97e61b7ecc89?s=96&d=mm&r=g\",\"url\":\"https:\\\/\\\/secure.gravatar.com\\\/avatar\\\/42749d8b712ff9d59ca93dc150494e5b55a44134482993f5baeb97e61b7ecc89?s=96&d=mm&r=g\",\"contentUrl\":\"https:\\\/\\\/secure.gravatar.com\\\/avatar\\\/42749d8b712ff9d59ca93dc150494e5b55a44134482993f5baeb97e61b7ecc89?s=96&d=mm&r=g\",\"caption\":\"Roberto\"},\"url\":\"https:\\\/\\\/regiaonews.net.br\\\/2022\\\/author\\\/roberto\\\/\"}]}<\/script>\n<!-- \/ Yoast SEO plugin. -->","yoast_head_json":{"title":"Barretos recebe evento \u2018Pedal para Todos\u2019 da Confedera\u00e7\u00e3o Brasileira de Mountain Bike - Regi\u00e3o News","robots":{"index":"index","follow":"follow","max-snippet":"max-snippet:-1","max-image-preview":"max-image-preview:large","max-video-preview":"max-video-preview:-1"},"canonical":"https:\/\/regiaonews.net.br\/2022\/2021\/10\/19\/barretos-recebe-evento-pedal-para-todos-da-confederacao-brasileira-de-mountain-bike\/","og_locale":"pt_BR","og_type":"article","og_title":"Barretos recebe evento \u2018Pedal para Todos\u2019 da Confedera\u00e7\u00e3o Brasileira de Mountain Bike - Regi\u00e3o News","og_description":"Inscri\u00e7\u00f5es s\u00e3o gratuitas e j\u00e1 est\u00e3o abertas A Confedera\u00e7\u00e3o Brasileira","og_url":"https:\/\/regiaonews.net.br\/2022\/2021\/10\/19\/barretos-recebe-evento-pedal-para-todos-da-confederacao-brasileira-de-mountain-bike\/","og_site_name":"Regi\u00e3o News","article_published_time":"2021-10-19T17:39:27+00:00","article_modified_time":"2021-10-25T00:52:21+00:00","og_image":[{"width":1182,"height":1100,"url":"https:\/\/regiaonews.net.br\/2022\/wp-content\/uploads\/2021\/10\/Pedal-2.jpeg","type":"image\/jpeg"}],"author":"Roberto","twitter_card":"summary_large_image","twitter_misc":{"Escrito por":"Roberto","Est. tempo de leitura":"3 minutos"},"schema":{"@context":"https:\/\/schema.org","@graph":[{"@type":"Article","@id":"https:\/\/regiaonews.net.br\/2022\/2021\/10\/19\/barretos-recebe-evento-pedal-para-todos-da-confederacao-brasileira-de-mountain-bike\/#article","isPartOf":{"@id":"https:\/\/regiaonews.net.br\/2022\/2021\/10\/19\/barretos-recebe-evento-pedal-para-todos-da-confederacao-brasileira-de-mountain-bike\/"},"author":{"name":"Roberto","@id":"https:\/\/regiaonews.net.br\/2022\/#\/schema\/person\/2d205a608a5aa97ac279d7a5e6d89ad8"},"headline":"Barretos recebe evento \u2018Pedal para Todos\u2019 da Confedera\u00e7\u00e3o Brasileira de Mountain Bike","datePublished":"2021-10-19T17:39:27+00:00","dateModified":"2021-10-25T00:52:21+00:00","mainEntityOfPage":{"@id":"https:\/\/regiaonews.net.br\/2022\/2021\/10\/19\/barretos-recebe-evento-pedal-para-todos-da-confederacao-brasileira-de-mountain-bike\/"},"wordCount":698,"commentCount":0,"publisher":{"@id":"https:\/\/regiaonews.net.br\/2022\/#organization"},"image":{"@id":"https:\/\/regiaonews.net.br\/2022\/2021\/10\/19\/barretos-recebe-evento-pedal-para-todos-da-confederacao-brasileira-de-mountain-bike\/#primaryimage"},"thumbnailUrl":"https:\/\/regiaonews.net.br\/2022\/wp-content\/uploads\/2021\/10\/Pedal-2.jpeg","articleSection":["Barretos"],"inLanguage":"pt-BR","potentialAction":[{"@type":"CommentAction","name":"Comment","target":["https:\/\/regiaonews.net.br\/2022\/2021\/10\/19\/barretos-recebe-evento-pedal-para-todos-da-confederacao-brasileira-de-mountain-bike\/#respond"]}]},{"@type":"WebPage","@id":"https:\/\/regiaonews.net.br\/2022\/2021\/10\/19\/barretos-recebe-evento-pedal-para-todos-da-confederacao-brasileira-de-mountain-bike\/","url":"https:\/\/regiaonews.net.br\/2022\/2021\/10\/19\/barretos-recebe-evento-pedal-para-todos-da-confederacao-brasileira-de-mountain-bike\/","name":"Barretos recebe evento \u2018Pedal para Todos\u2019 da Confedera\u00e7\u00e3o Brasileira de Mountain Bike - Regi\u00e3o News","isPartOf":{"@id":"https:\/\/regiaonews.net.br\/2022\/#website"},"primaryImageOfPage":{"@id":"https:\/\/regiaonews.net.br\/2022\/2021\/10\/19\/barretos-recebe-evento-pedal-para-todos-da-confederacao-brasileira-de-mountain-bike\/#primaryimage"},"image":{"@id":"https:\/\/regiaonews.net.br\/2022\/2021\/10\/19\/barretos-recebe-evento-pedal-para-todos-da-confederacao-brasileira-de-mountain-bike\/#primaryimage"},"thumbnailUrl":"https:\/\/regiaonews.net.br\/2022\/wp-content\/uploads\/2021\/10\/Pedal-2.jpeg","datePublished":"2021-10-19T17:39:27+00:00","dateModified":"2021-10-25T00:52:21+00:00","breadcrumb":{"@id":"https:\/\/regiaonews.net.br\/2022\/2021\/10\/19\/barretos-recebe-evento-pedal-para-todos-da-confederacao-brasileira-de-mountain-bike\/#breadcrumb"},"inLanguage":"pt-BR","potentialAction":[{"@type":"ReadAction","target":["https:\/\/regiaonews.net.br\/2022\/2021\/10\/19\/barretos-recebe-evento-pedal-para-todos-da-confederacao-brasileira-de-mountain-bike\/"]}]},{"@type":"ImageObject","inLanguage":"pt-BR","@id":"https:\/\/regiaonews.net.br\/2022\/2021\/10\/19\/barretos-recebe-evento-pedal-para-todos-da-confederacao-brasileira-de-mountain-bike\/#primaryimage","url":"https:\/\/regiaonews.net.br\/2022\/wp-content\/uploads\/2021\/10\/Pedal-2.jpeg","contentUrl":"https:\/\/regiaonews.net.br\/2022\/wp-content\/uploads\/2021\/10\/Pedal-2.jpeg","width":1182,"height":1100},{"@type":"BreadcrumbList","@id":"https:\/\/regiaonews.net.br\/2022\/2021\/10\/19\/barretos-recebe-evento-pedal-para-todos-da-confederacao-brasileira-de-mountain-bike\/#breadcrumb","itemListElement":[{"@type":"ListItem","position":1,"name":"In\u00edcio","item":"https:\/\/regiaonews.net.br\/2022\/"},{"@type":"ListItem","position":2,"name":"Barretos recebe evento \u2018Pedal para Todos\u2019 da Confedera\u00e7\u00e3o Brasileira de Mountain Bike"}]},{"@type":"WebSite","@id":"https:\/\/regiaonews.net.br\/2022\/#website","url":"https:\/\/regiaonews.net.br\/2022\/","name":"Regi\u00e3o News","description":"Site de Not\u00edcias de Barretos e regi\u00e3o","publisher":{"@id":"https:\/\/regiaonews.net.br\/2022\/#organization"},"potentialAction":[{"@type":"SearchAction","target":{"@type":"EntryPoint","urlTemplate":"https:\/\/regiaonews.net.br\/2022\/?s={search_term_string}"},"query-input":{"@type":"PropertyValueSpecification","valueRequired":true,"valueName":"search_term_string"}}],"inLanguage":"pt-BR"},{"@type":"Organization","@id":"https:\/\/regiaonews.net.br\/2022\/#organization","name":"Regi\u00e3o News","url":"https:\/\/regiaonews.net.br\/2022\/","logo":{"@type":"ImageObject","inLanguage":"pt-BR","@id":"https:\/\/regiaonews.net.br\/2022\/#\/schema\/logo\/image\/","url":"https:\/\/regiaonews.net.br\/2022\/wp-content\/uploads\/2026\/03\/regiao-13-anos-scaled.jpg","contentUrl":"https:\/\/regiaonews.net.br\/2022\/wp-content\/uploads\/2026\/03\/regiao-13-anos-scaled.jpg","width":2560,"height":635,"caption":"Regi\u00e3o News"},"image":{"@id":"https:\/\/regiaonews.net.br\/2022\/#\/schema\/logo\/image\/"}},{"@type":"Person","@id":"https:\/\/regiaonews.net.br\/2022\/#\/schema\/person\/2d205a608a5aa97ac279d7a5e6d89ad8","name":"Roberto","image":{"@type":"ImageObject","inLanguage":"pt-BR","@id":"https:\/\/secure.gravatar.com\/avatar\/42749d8b712ff9d59ca93dc150494e5b55a44134482993f5baeb97e61b7ecc89?s=96&d=mm&r=g","url":"https:\/\/secure.gravatar.com\/avatar\/42749d8b712ff9d59ca93dc150494e5b55a44134482993f5baeb97e61b7ecc89?s=96&d=mm&r=g","contentUrl":"https:\/\/secure.gravatar.com\/avatar\/42749d8b712ff9d59ca93dc150494e5b55a44134482993f5baeb97e61b7ecc89?s=96&d=mm&r=g","caption":"Roberto"},"url":"https:\/\/regiaonews.net.br\/2022\/author\/roberto\/"}]}},"publishpress_future_action":{"enabled":false,"date":"2026-05-05 12:39:14","action":"change-status","newStatus":"draft","terms":[],"taxonomy":"category","extraData":[]},"publishpress_future_workflow_manual_trigger":{"enabledWorkflows":[]},"_links":{"self":[{"href":"https:\/\/regiaonews.net.br\/2022\/wp-json\/wp\/v2\/posts\/54961","targetHints":{"allow":["GET"]}}],"collection":[{"href":"https:\/\/regiaonews.net.br\/2022\/wp-json\/wp\/v2\/posts"}],"about":[{"href":"https:\/\/regiaonews.net.br\/2022\/wp-json\/wp\/v2\/types\/post"}],"author":[{"embeddable":true,"href":"https:\/\/regiaonews.net.br\/2022\/wp-json\/wp\/v2\/users\/2"}],"replies":[{"embeddable":true,"href":"https:\/\/regiaonews.net.br\/2022\/wp-json\/wp\/v2\/comments?post=54961"}],"version-history":[{"count":0,"href":"https:\/\/regiaonews.net.br\/2022\/wp-json\/wp\/v2\/posts\/54961\/revisions"}],"wp:featuredmedia":[{"embeddable":true,"href":"https:\/\/regiaonews.net.br\/2022\/wp-json\/wp\/v2\/media\/54962"}],"wp:attachment":[{"href":"https:\/\/regiaonews.net.br\/2022\/wp-json\/wp\/v2\/media?parent=54961"}],"wp:term":[{"taxonomy":"category","embeddable":true,"href":"https:\/\/regiaonews.net.br\/2022\/wp-json\/wp\/v2\/categories?post=54961"},{"taxonomy":"post_tag","embeddable":true,"href":"https:\/\/regiaonews.net.br\/2022\/wp-json\/wp\/v2\/tags?post=54961"}],"curies":[{"name":"wp","href":"https:\/\/api.w.org\/{rel}","templated":true}]}}