{"id":54948,"date":"2021-10-19T09:20:23","date_gmt":"2021-10-19T12:20:23","guid":{"rendered":"https:\/\/regiaonews.net.br\/2022\/?p=54948"},"modified":"2021-10-19T09:20:23","modified_gmt":"2021-10-19T12:20:23","slug":"colina-sediou-encontro-de-articulacao-regional-de-politicas-publicas-do-sebrae-sp-e-fgv","status":"publish","type":"post","link":"https:\/\/regiaonews.net.br\/2022\/2021\/10\/19\/colina-sediou-encontro-de-articulacao-regional-de-politicas-publicas-do-sebrae-sp-e-fgv\/","title":{"rendered":"Colina sediou Encontro de Articula\u00e7\u00e3o Regional de Pol\u00edticas P\u00fablicas do Sebrae-SP e FGV"},"content":{"rendered":"<p><a href=\"https:\/\/regiaonews.net.br\/2022\/wp-content\/uploads\/2021\/10\/m_62_4_1_07102021153312.jpg\"><img loading=\"lazy\" decoding=\"async\" class=\"alignnone size-medium wp-image-54949\" src=\"https:\/\/regiaonews.net.br\/2022\/wp-content\/uploads\/2021\/10\/m_62_4_1_07102021153312-300x199.jpg\" alt=\"\" width=\"300\" height=\"199\" \/><\/a><\/p>\n<p>Na manh\u00e3 da \u00faltima sexta-feira, dia 1\u00aa de outubro, Colina sediou o Encontro do Programa de Articula\u00e7\u00e3o Regional de Pol\u00edticas P\u00fablicas do Sebrae-SP e FGV \u2013 regi\u00e3o de Barretos, realizado na sede de campo do Gr\u00eamio Cultural de Colina.<\/p>\n<p>O evento contou com a participa\u00e7\u00e3o de Prefeitos, Secret\u00e1rios Municipais, Gestores P\u00fablicos, Associa\u00e7\u00f5es e demais representantes dos munic\u00edpios da regi\u00e3o, entre estes, o anfitri\u00e3o: Prefeito Municipal de Colina, Dieb Taha.<\/p>\n<p>Esteve presente tamb\u00e9m, o Diretor de Administra\u00e7\u00e3o e Finan\u00e7as do Sebrae-SP, Guilherme Campos, acompanhado de sua equipe; Fernando Galv\u00e3o representando o Vice-Governador e Secret\u00e1rio de Governo, Rodrigo Garcia; e o Presidente do CODEVAR \u2013 Cons\u00f3rcio de Desenvolvimento do Vale do Rio Grande, Luiz Fiorani, , que tamb\u00e9m \u00e9 Prefeito de Vista Alegre do Alto.<\/p>\n<p>O Programa realizou um levantamento dos desafios regionais, fez um mapeamento dos potenciais econ\u00f4micos dos munic\u00edpios e tra\u00e7ou um plano de a\u00e7\u00e3o, que foi apresentado no evento.<\/p>\n<p>As reuni\u00f5es do Programa de Articula\u00e7\u00e3o Regional passam a ser itinerantes e ocorrer\u00e3o em diferentes cidades do Estado at\u00e9 2022, refor\u00e7ando a estrat\u00e9gia de valoriza\u00e7\u00e3o de pequenos munic\u00edpios, descentraliza\u00e7\u00e3o administrativa e integra\u00e7\u00e3o regional do Sebrae-SP.<\/p>\n","protected":false},"excerpt":{"rendered":"<p>Na manh\u00e3 da \u00faltima sexta-feira, dia 1\u00aa de outubro, Colina<\/p>\n","protected":false},"author":2,"featured_media":54949,"comment_status":"open","ping_status":"open","sticky":false,"template":"","format":"standard","meta":{"footnotes":""},"categories":[25,5],"tags":[],"class_list":["post-54948","post","type-post","status-publish","format-standard","has-post-thumbnail","hentry","category-cidades","category-colina"],"yoast_head":"<!-- This site is optimized with the Yoast SEO plugin v27.5 - https:\/\/yoast.com\/product\/yoast-seo-wordpress\/ -->\n<title>Colina sediou Encontro de Articula\u00e7\u00e3o Regional de Pol\u00edticas P\u00fablicas do Sebrae-SP e FGV - Regi\u00e3o News<\/title>\n<meta name=\"robots\" content=\"index, follow, max-snippet:-1, max-image-preview:large, max-video-preview:-1\" \/>\n<link rel=\"canonical\" href=\"https:\/\/regiaonews.net.br\/2022\/2021\/10\/19\/colina-sediou-encontro-de-articulacao-regional-de-politicas-publicas-do-sebrae-sp-e-fgv\/\" \/>\n<meta property=\"og:locale\" content=\"pt_BR\" \/>\n<meta property=\"og:type\" content=\"article\" \/>\n<meta property=\"og:title\" content=\"Colina sediou Encontro de Articula\u00e7\u00e3o Regional de Pol\u00edticas P\u00fablicas do Sebrae-SP e FGV - Regi\u00e3o News\" \/>\n<meta property=\"og:description\" content=\"Na manh\u00e3 da \u00faltima sexta-feira, dia 1\u00aa de outubro, Colina\" \/>\n<meta property=\"og:url\" content=\"https:\/\/regiaonews.net.br\/2022\/2021\/10\/19\/colina-sediou-encontro-de-articulacao-regional-de-politicas-publicas-do-sebrae-sp-e-fgv\/\" \/>\n<meta property=\"og:site_name\" content=\"Regi\u00e3o News\" \/>\n<meta property=\"article:published_time\" content=\"2021-10-19T12:20:23+00:00\" \/>\n<meta property=\"og:image\" content=\"https:\/\/regiaonews.net.br\/2022\/wp-content\/uploads\/2021\/10\/m_62_4_1_07102021153312.jpg\" \/>\n\t<meta property=\"og:image:width\" content=\"1280\" \/>\n\t<meta property=\"og:image:height\" content=\"851\" \/>\n\t<meta property=\"og:image:type\" content=\"image\/jpeg\" \/>\n<meta name=\"author\" content=\"Roberto\" \/>\n<meta name=\"twitter:card\" content=\"summary_large_image\" \/>\n<meta name=\"twitter:label1\" content=\"Escrito por\" \/>\n\t<meta name=\"twitter:data1\" content=\"Roberto\" \/>\n\t<meta name=\"twitter:label2\" content=\"Est. tempo de leitura\" \/>\n\t<meta name=\"twitter:data2\" content=\"1 minuto\" \/>\n<script type=\"application\/ld+json\" class=\"yoast-schema-graph\">{\"@context\":\"https:\\\/\\\/schema.org\",\"@graph\":[{\"@type\":\"Article\",\"@id\":\"https:\\\/\\\/regiaonews.net.br\\\/2022\\\/2021\\\/10\\\/19\\\/colina-sediou-encontro-de-articulacao-regional-de-politicas-publicas-do-sebrae-sp-e-fgv\\\/#article\",\"isPartOf\":{\"@id\":\"https:\\\/\\\/regiaonews.net.br\\\/2022\\\/2021\\\/10\\\/19\\\/colina-sediou-encontro-de-articulacao-regional-de-politicas-publicas-do-sebrae-sp-e-fgv\\\/\"},\"author\":{\"name\":\"Roberto\",\"@id\":\"https:\\\/\\\/regiaonews.net.br\\\/2022\\\/#\\\/schema\\\/person\\\/2d205a608a5aa97ac279d7a5e6d89ad8\"},\"headline\":\"Colina sediou Encontro de Articula\u00e7\u00e3o Regional de Pol\u00edticas P\u00fablicas do Sebrae-SP e FGV\",\"datePublished\":\"2021-10-19T12:20:23+00:00\",\"mainEntityOfPage\":{\"@id\":\"https:\\\/\\\/regiaonews.net.br\\\/2022\\\/2021\\\/10\\\/19\\\/colina-sediou-encontro-de-articulacao-regional-de-politicas-publicas-do-sebrae-sp-e-fgv\\\/\"},\"wordCount\":227,\"commentCount\":0,\"publisher\":{\"@id\":\"https:\\\/\\\/regiaonews.net.br\\\/2022\\\/#organization\"},\"image\":{\"@id\":\"https:\\\/\\\/regiaonews.net.br\\\/2022\\\/2021\\\/10\\\/19\\\/colina-sediou-encontro-de-articulacao-regional-de-politicas-publicas-do-sebrae-sp-e-fgv\\\/#primaryimage\"},\"thumbnailUrl\":\"https:\\\/\\\/regiaonews.net.br\\\/2022\\\/wp-content\\\/uploads\\\/2021\\\/10\\\/m_62_4_1_07102021153312.jpg\",\"articleSection\":[\"Cidades\",\"Colina\"],\"inLanguage\":\"pt-BR\",\"potentialAction\":[{\"@type\":\"CommentAction\",\"name\":\"Comment\",\"target\":[\"https:\\\/\\\/regiaonews.net.br\\\/2022\\\/2021\\\/10\\\/19\\\/colina-sediou-encontro-de-articulacao-regional-de-politicas-publicas-do-sebrae-sp-e-fgv\\\/#respond\"]}]},{\"@type\":\"WebPage\",\"@id\":\"https:\\\/\\\/regiaonews.net.br\\\/2022\\\/2021\\\/10\\\/19\\\/colina-sediou-encontro-de-articulacao-regional-de-politicas-publicas-do-sebrae-sp-e-fgv\\\/\",\"url\":\"https:\\\/\\\/regiaonews.net.br\\\/2022\\\/2021\\\/10\\\/19\\\/colina-sediou-encontro-de-articulacao-regional-de-politicas-publicas-do-sebrae-sp-e-fgv\\\/\",\"name\":\"Colina sediou Encontro de Articula\u00e7\u00e3o Regional de Pol\u00edticas P\u00fablicas do Sebrae-SP e FGV - Regi\u00e3o News\",\"isPartOf\":{\"@id\":\"https:\\\/\\\/regiaonews.net.br\\\/2022\\\/#website\"},\"primaryImageOfPage\":{\"@id\":\"https:\\\/\\\/regiaonews.net.br\\\/2022\\\/2021\\\/10\\\/19\\\/colina-sediou-encontro-de-articulacao-regional-de-politicas-publicas-do-sebrae-sp-e-fgv\\\/#primaryimage\"},\"image\":{\"@id\":\"https:\\\/\\\/regiaonews.net.br\\\/2022\\\/2021\\\/10\\\/19\\\/colina-sediou-encontro-de-articulacao-regional-de-politicas-publicas-do-sebrae-sp-e-fgv\\\/#primaryimage\"},\"thumbnailUrl\":\"https:\\\/\\\/regiaonews.net.br\\\/2022\\\/wp-content\\\/uploads\\\/2021\\\/10\\\/m_62_4_1_07102021153312.jpg\",\"datePublished\":\"2021-10-19T12:20:23+00:00\",\"breadcrumb\":{\"@id\":\"https:\\\/\\\/regiaonews.net.br\\\/2022\\\/2021\\\/10\\\/19\\\/colina-sediou-encontro-de-articulacao-regional-de-politicas-publicas-do-sebrae-sp-e-fgv\\\/#breadcrumb\"},\"inLanguage\":\"pt-BR\",\"potentialAction\":[{\"@type\":\"ReadAction\",\"target\":[\"https:\\\/\\\/regiaonews.net.br\\\/2022\\\/2021\\\/10\\\/19\\\/colina-sediou-encontro-de-articulacao-regional-de-politicas-publicas-do-sebrae-sp-e-fgv\\\/\"]}]},{\"@type\":\"ImageObject\",\"inLanguage\":\"pt-BR\",\"@id\":\"https:\\\/\\\/regiaonews.net.br\\\/2022\\\/2021\\\/10\\\/19\\\/colina-sediou-encontro-de-articulacao-regional-de-politicas-publicas-do-sebrae-sp-e-fgv\\\/#primaryimage\",\"url\":\"https:\\\/\\\/regiaonews.net.br\\\/2022\\\/wp-content\\\/uploads\\\/2021\\\/10\\\/m_62_4_1_07102021153312.jpg\",\"contentUrl\":\"https:\\\/\\\/regiaonews.net.br\\\/2022\\\/wp-content\\\/uploads\\\/2021\\\/10\\\/m_62_4_1_07102021153312.jpg\",\"width\":1280,\"height\":851},{\"@type\":\"BreadcrumbList\",\"@id\":\"https:\\\/\\\/regiaonews.net.br\\\/2022\\\/2021\\\/10\\\/19\\\/colina-sediou-encontro-de-articulacao-regional-de-politicas-publicas-do-sebrae-sp-e-fgv\\\/#breadcrumb\",\"itemListElement\":[{\"@type\":\"ListItem\",\"position\":1,\"name\":\"In\u00edcio\",\"item\":\"https:\\\/\\\/regiaonews.net.br\\\/2022\\\/\"},{\"@type\":\"ListItem\",\"position\":2,\"name\":\"Colina sediou Encontro de Articula\u00e7\u00e3o Regional de Pol\u00edticas P\u00fablicas do Sebrae-SP e FGV\"}]},{\"@type\":\"WebSite\",\"@id\":\"https:\\\/\\\/regiaonews.net.br\\\/2022\\\/#website\",\"url\":\"https:\\\/\\\/regiaonews.net.br\\\/2022\\\/\",\"name\":\"Regi\u00e3o News\",\"description\":\"Site de Not\u00edcias de Barretos e regi\u00e3o\",\"publisher\":{\"@id\":\"https:\\\/\\\/regiaonews.net.br\\\/2022\\\/#organization\"},\"potentialAction\":[{\"@type\":\"SearchAction\",\"target\":{\"@type\":\"EntryPoint\",\"urlTemplate\":\"https:\\\/\\\/regiaonews.net.br\\\/2022\\\/?s={search_term_string}\"},\"query-input\":{\"@type\":\"PropertyValueSpecification\",\"valueRequired\":true,\"valueName\":\"search_term_string\"}}],\"inLanguage\":\"pt-BR\"},{\"@type\":\"Organization\",\"@id\":\"https:\\\/\\\/regiaonews.net.br\\\/2022\\\/#organization\",\"name\":\"Regi\u00e3o News\",\"url\":\"https:\\\/\\\/regiaonews.net.br\\\/2022\\\/\",\"logo\":{\"@type\":\"ImageObject\",\"inLanguage\":\"pt-BR\",\"@id\":\"https:\\\/\\\/regiaonews.net.br\\\/2022\\\/#\\\/schema\\\/logo\\\/image\\\/\",\"url\":\"https:\\\/\\\/regiaonews.net.br\\\/2022\\\/wp-content\\\/uploads\\\/2026\\\/03\\\/regiao-13-anos-scaled.jpg\",\"contentUrl\":\"https:\\\/\\\/regiaonews.net.br\\\/2022\\\/wp-content\\\/uploads\\\/2026\\\/03\\\/regiao-13-anos-scaled.jpg\",\"width\":2560,\"height\":635,\"caption\":\"Regi\u00e3o News\"},\"image\":{\"@id\":\"https:\\\/\\\/regiaonews.net.br\\\/2022\\\/#\\\/schema\\\/logo\\\/image\\\/\"}},{\"@type\":\"Person\",\"@id\":\"https:\\\/\\\/regiaonews.net.br\\\/2022\\\/#\\\/schema\\\/person\\\/2d205a608a5aa97ac279d7a5e6d89ad8\",\"name\":\"Roberto\",\"image\":{\"@type\":\"ImageObject\",\"inLanguage\":\"pt-BR\",\"@id\":\"https:\\\/\\\/secure.gravatar.com\\\/avatar\\\/42749d8b712ff9d59ca93dc150494e5b55a44134482993f5baeb97e61b7ecc89?s=96&d=mm&r=g\",\"url\":\"https:\\\/\\\/secure.gravatar.com\\\/avatar\\\/42749d8b712ff9d59ca93dc150494e5b55a44134482993f5baeb97e61b7ecc89?s=96&d=mm&r=g\",\"contentUrl\":\"https:\\\/\\\/secure.gravatar.com\\\/avatar\\\/42749d8b712ff9d59ca93dc150494e5b55a44134482993f5baeb97e61b7ecc89?s=96&d=mm&r=g\",\"caption\":\"Roberto\"},\"url\":\"https:\\\/\\\/regiaonews.net.br\\\/2022\\\/author\\\/roberto\\\/\"}]}<\/script>\n<!-- \/ Yoast SEO plugin. -->","yoast_head_json":{"title":"Colina sediou Encontro de Articula\u00e7\u00e3o Regional de Pol\u00edticas P\u00fablicas do Sebrae-SP e FGV - Regi\u00e3o News","robots":{"index":"index","follow":"follow","max-snippet":"max-snippet:-1","max-image-preview":"max-image-preview:large","max-video-preview":"max-video-preview:-1"},"canonical":"https:\/\/regiaonews.net.br\/2022\/2021\/10\/19\/colina-sediou-encontro-de-articulacao-regional-de-politicas-publicas-do-sebrae-sp-e-fgv\/","og_locale":"pt_BR","og_type":"article","og_title":"Colina sediou Encontro de Articula\u00e7\u00e3o Regional de Pol\u00edticas P\u00fablicas do Sebrae-SP e FGV - Regi\u00e3o News","og_description":"Na manh\u00e3 da \u00faltima sexta-feira, dia 1\u00aa de outubro, Colina","og_url":"https:\/\/regiaonews.net.br\/2022\/2021\/10\/19\/colina-sediou-encontro-de-articulacao-regional-de-politicas-publicas-do-sebrae-sp-e-fgv\/","og_site_name":"Regi\u00e3o News","article_published_time":"2021-10-19T12:20:23+00:00","og_image":[{"width":1280,"height":851,"url":"https:\/\/regiaonews.net.br\/2022\/wp-content\/uploads\/2021\/10\/m_62_4_1_07102021153312.jpg","type":"image\/jpeg"}],"author":"Roberto","twitter_card":"summary_large_image","twitter_misc":{"Escrito por":"Roberto","Est. tempo de leitura":"1 minuto"},"schema":{"@context":"https:\/\/schema.org","@graph":[{"@type":"Article","@id":"https:\/\/regiaonews.net.br\/2022\/2021\/10\/19\/colina-sediou-encontro-de-articulacao-regional-de-politicas-publicas-do-sebrae-sp-e-fgv\/#article","isPartOf":{"@id":"https:\/\/regiaonews.net.br\/2022\/2021\/10\/19\/colina-sediou-encontro-de-articulacao-regional-de-politicas-publicas-do-sebrae-sp-e-fgv\/"},"author":{"name":"Roberto","@id":"https:\/\/regiaonews.net.br\/2022\/#\/schema\/person\/2d205a608a5aa97ac279d7a5e6d89ad8"},"headline":"Colina sediou Encontro de Articula\u00e7\u00e3o Regional de Pol\u00edticas P\u00fablicas do Sebrae-SP e FGV","datePublished":"2021-10-19T12:20:23+00:00","mainEntityOfPage":{"@id":"https:\/\/regiaonews.net.br\/2022\/2021\/10\/19\/colina-sediou-encontro-de-articulacao-regional-de-politicas-publicas-do-sebrae-sp-e-fgv\/"},"wordCount":227,"commentCount":0,"publisher":{"@id":"https:\/\/regiaonews.net.br\/2022\/#organization"},"image":{"@id":"https:\/\/regiaonews.net.br\/2022\/2021\/10\/19\/colina-sediou-encontro-de-articulacao-regional-de-politicas-publicas-do-sebrae-sp-e-fgv\/#primaryimage"},"thumbnailUrl":"https:\/\/regiaonews.net.br\/2022\/wp-content\/uploads\/2021\/10\/m_62_4_1_07102021153312.jpg","articleSection":["Cidades","Colina"],"inLanguage":"pt-BR","potentialAction":[{"@type":"CommentAction","name":"Comment","target":["https:\/\/regiaonews.net.br\/2022\/2021\/10\/19\/colina-sediou-encontro-de-articulacao-regional-de-politicas-publicas-do-sebrae-sp-e-fgv\/#respond"]}]},{"@type":"WebPage","@id":"https:\/\/regiaonews.net.br\/2022\/2021\/10\/19\/colina-sediou-encontro-de-articulacao-regional-de-politicas-publicas-do-sebrae-sp-e-fgv\/","url":"https:\/\/regiaonews.net.br\/2022\/2021\/10\/19\/colina-sediou-encontro-de-articulacao-regional-de-politicas-publicas-do-sebrae-sp-e-fgv\/","name":"Colina sediou Encontro de Articula\u00e7\u00e3o Regional de Pol\u00edticas P\u00fablicas do Sebrae-SP e FGV - Regi\u00e3o News","isPartOf":{"@id":"https:\/\/regiaonews.net.br\/2022\/#website"},"primaryImageOfPage":{"@id":"https:\/\/regiaonews.net.br\/2022\/2021\/10\/19\/colina-sediou-encontro-de-articulacao-regional-de-politicas-publicas-do-sebrae-sp-e-fgv\/#primaryimage"},"image":{"@id":"https:\/\/regiaonews.net.br\/2022\/2021\/10\/19\/colina-sediou-encontro-de-articulacao-regional-de-politicas-publicas-do-sebrae-sp-e-fgv\/#primaryimage"},"thumbnailUrl":"https:\/\/regiaonews.net.br\/2022\/wp-content\/uploads\/2021\/10\/m_62_4_1_07102021153312.jpg","datePublished":"2021-10-19T12:20:23+00:00","breadcrumb":{"@id":"https:\/\/regiaonews.net.br\/2022\/2021\/10\/19\/colina-sediou-encontro-de-articulacao-regional-de-politicas-publicas-do-sebrae-sp-e-fgv\/#breadcrumb"},"inLanguage":"pt-BR","potentialAction":[{"@type":"ReadAction","target":["https:\/\/regiaonews.net.br\/2022\/2021\/10\/19\/colina-sediou-encontro-de-articulacao-regional-de-politicas-publicas-do-sebrae-sp-e-fgv\/"]}]},{"@type":"ImageObject","inLanguage":"pt-BR","@id":"https:\/\/regiaonews.net.br\/2022\/2021\/10\/19\/colina-sediou-encontro-de-articulacao-regional-de-politicas-publicas-do-sebrae-sp-e-fgv\/#primaryimage","url":"https:\/\/regiaonews.net.br\/2022\/wp-content\/uploads\/2021\/10\/m_62_4_1_07102021153312.jpg","contentUrl":"https:\/\/regiaonews.net.br\/2022\/wp-content\/uploads\/2021\/10\/m_62_4_1_07102021153312.jpg","width":1280,"height":851},{"@type":"BreadcrumbList","@id":"https:\/\/regiaonews.net.br\/2022\/2021\/10\/19\/colina-sediou-encontro-de-articulacao-regional-de-politicas-publicas-do-sebrae-sp-e-fgv\/#breadcrumb","itemListElement":[{"@type":"ListItem","position":1,"name":"In\u00edcio","item":"https:\/\/regiaonews.net.br\/2022\/"},{"@type":"ListItem","position":2,"name":"Colina sediou Encontro de Articula\u00e7\u00e3o Regional de Pol\u00edticas P\u00fablicas do Sebrae-SP e FGV"}]},{"@type":"WebSite","@id":"https:\/\/regiaonews.net.br\/2022\/#website","url":"https:\/\/regiaonews.net.br\/2022\/","name":"Regi\u00e3o News","description":"Site de Not\u00edcias de Barretos e regi\u00e3o","publisher":{"@id":"https:\/\/regiaonews.net.br\/2022\/#organization"},"potentialAction":[{"@type":"SearchAction","target":{"@type":"EntryPoint","urlTemplate":"https:\/\/regiaonews.net.br\/2022\/?s={search_term_string}"},"query-input":{"@type":"PropertyValueSpecification","valueRequired":true,"valueName":"search_term_string"}}],"inLanguage":"pt-BR"},{"@type":"Organization","@id":"https:\/\/regiaonews.net.br\/2022\/#organization","name":"Regi\u00e3o News","url":"https:\/\/regiaonews.net.br\/2022\/","logo":{"@type":"ImageObject","inLanguage":"pt-BR","@id":"https:\/\/regiaonews.net.br\/2022\/#\/schema\/logo\/image\/","url":"https:\/\/regiaonews.net.br\/2022\/wp-content\/uploads\/2026\/03\/regiao-13-anos-scaled.jpg","contentUrl":"https:\/\/regiaonews.net.br\/2022\/wp-content\/uploads\/2026\/03\/regiao-13-anos-scaled.jpg","width":2560,"height":635,"caption":"Regi\u00e3o News"},"image":{"@id":"https:\/\/regiaonews.net.br\/2022\/#\/schema\/logo\/image\/"}},{"@type":"Person","@id":"https:\/\/regiaonews.net.br\/2022\/#\/schema\/person\/2d205a608a5aa97ac279d7a5e6d89ad8","name":"Roberto","image":{"@type":"ImageObject","inLanguage":"pt-BR","@id":"https:\/\/secure.gravatar.com\/avatar\/42749d8b712ff9d59ca93dc150494e5b55a44134482993f5baeb97e61b7ecc89?s=96&d=mm&r=g","url":"https:\/\/secure.gravatar.com\/avatar\/42749d8b712ff9d59ca93dc150494e5b55a44134482993f5baeb97e61b7ecc89?s=96&d=mm&r=g","contentUrl":"https:\/\/secure.gravatar.com\/avatar\/42749d8b712ff9d59ca93dc150494e5b55a44134482993f5baeb97e61b7ecc89?s=96&d=mm&r=g","caption":"Roberto"},"url":"https:\/\/regiaonews.net.br\/2022\/author\/roberto\/"}]}},"publishpress_future_action":{"enabled":false,"date":"2026-05-05 17:15:53","action":"change-status","newStatus":"draft","terms":[],"taxonomy":"category","extraData":[]},"publishpress_future_workflow_manual_trigger":{"enabledWorkflows":[]},"_links":{"self":[{"href":"https:\/\/regiaonews.net.br\/2022\/wp-json\/wp\/v2\/posts\/54948","targetHints":{"allow":["GET"]}}],"collection":[{"href":"https:\/\/regiaonews.net.br\/2022\/wp-json\/wp\/v2\/posts"}],"about":[{"href":"https:\/\/regiaonews.net.br\/2022\/wp-json\/wp\/v2\/types\/post"}],"author":[{"embeddable":true,"href":"https:\/\/regiaonews.net.br\/2022\/wp-json\/wp\/v2\/users\/2"}],"replies":[{"embeddable":true,"href":"https:\/\/regiaonews.net.br\/2022\/wp-json\/wp\/v2\/comments?post=54948"}],"version-history":[{"count":0,"href":"https:\/\/regiaonews.net.br\/2022\/wp-json\/wp\/v2\/posts\/54948\/revisions"}],"wp:featuredmedia":[{"embeddable":true,"href":"https:\/\/regiaonews.net.br\/2022\/wp-json\/wp\/v2\/media\/54949"}],"wp:attachment":[{"href":"https:\/\/regiaonews.net.br\/2022\/wp-json\/wp\/v2\/media?parent=54948"}],"wp:term":[{"taxonomy":"category","embeddable":true,"href":"https:\/\/regiaonews.net.br\/2022\/wp-json\/wp\/v2\/categories?post=54948"},{"taxonomy":"post_tag","embeddable":true,"href":"https:\/\/regiaonews.net.br\/2022\/wp-json\/wp\/v2\/tags?post=54948"}],"curies":[{"name":"wp","href":"https:\/\/api.w.org\/{rel}","templated":true}]}}