{"id":54943,"date":"2021-10-19T09:11:02","date_gmt":"2021-10-19T12:11:02","guid":{"rendered":"https:\/\/regiaonews.net.br\/2022\/?p=54943"},"modified":"2021-10-19T09:11:02","modified_gmt":"2021-10-19T12:11:02","slug":"tem-inicio-processo-de-transicao-de-governo-no-paco-municipal","status":"publish","type":"post","link":"https:\/\/regiaonews.net.br\/2022\/2021\/10\/19\/tem-inicio-processo-de-transicao-de-governo-no-paco-municipal\/","title":{"rendered":"Tem in\u00edcio processo de transi\u00e7\u00e3o de governo no Pa\u00e7o Municipal"},"content":{"rendered":"<p><a href=\"https:\/\/regiaonews.net.br\/2022\/wp-content\/uploads\/2021\/10\/transicao-3.jpg\"><img loading=\"lazy\" decoding=\"async\" class=\"alignnone size-medium wp-image-54944\" src=\"https:\/\/regiaonews.net.br\/2022\/wp-content\/uploads\/2021\/10\/transicao-3-300x143.jpg\" alt=\"\" width=\"300\" height=\"143\" \/><\/a><\/p>\n<p class=\"x_MsoNormal\">O prefeito Edvaldo Morais recebeu, em seu gabinete, na tarde desta segunda-feira, dia 18, os integrantes das comiss\u00f5es que far\u00e3o o processo de transi\u00e7\u00e3o entre o atual e o futuro governo municipal.<\/p>\n<p class=\"x_MsoNormal\">Pela gest\u00e3o atual integram a comiss\u00e3o o Diretor de Compras, Dr. Eder Batista Conti da Silva, o Secret\u00e1rio de Infraestrura e Obras, Fernando Henrique Ferreira Rocha, e o Chefe de Gabinete, Clarino Lopes Teixeira. A comiss\u00e3o do futuro governo do prefeito Antonio Manoel da Silva J\u00fanior \u00e9 composto pela\u00a0Dra Emiliana Alves Ferreira Ribeiro Sterchile, Dr. Cleber Sander Ferreira, o vereador e tamb\u00e9m advogado, Jos\u00e9 Pugliesi de Oliveira Neto, e a servidora municipal, Marizete Cristina Manfrin Barbosa.<\/p>\n<p class=\"x_MsoNormal\">Durante o encontro, o Chefe do Executivo, fez quest\u00e3o de frisar a import\u00e2ncia da transpar\u00eancia no processo de transi\u00e7\u00e3o de governo. \u201cEm primeiro lugar est\u00e1 Gua\u00edra. Teremos uma transi\u00e7\u00e3o tranq\u00fcila com todas as informa\u00e7\u00f5es sobre a situa\u00e7\u00e3o atual da Prefeitura Municipal, para que o prefeito eleito Jun\u00e3o possa nortear sua administra\u00e7\u00e3o a partir do dia 9 de novembro\u201d, disse Morais, que disponibilizou, inclusive, seu gabinete para as reuni\u00f5es das comiss\u00f5es.<\/p>\n<p class=\"x_MsoNormal\">\u201cO prefeito eleito, Jun\u00e3o, pode ter certeza que minha equipe e eu continuaremos trabalhando com o mesmo empenho at\u00e9 o \u00faltimo dia para que ele possa assumir a prefeitura em condi\u00e7\u00f5es de fazer um bom governo\u201d, finalizou o prefeito, Edvaldo Morais.<\/p>\n<div><\/div>\n","protected":false},"excerpt":{"rendered":"<p>O prefeito Edvaldo Morais recebeu, em seu gabinete, na tarde<\/p>\n","protected":false},"author":2,"featured_media":54944,"comment_status":"open","ping_status":"open","sticky":false,"template":"","format":"standard","meta":{"footnotes":""},"categories":[25,8,22],"tags":[],"class_list":["post-54943","post","type-post","status-publish","format-standard","has-post-thumbnail","hentry","category-cidades","category-guaira","category-politica"],"yoast_head":"<!-- This site is optimized with the Yoast SEO plugin v27.5 - https:\/\/yoast.com\/product\/yoast-seo-wordpress\/ -->\n<title>Tem in\u00edcio processo de transi\u00e7\u00e3o de governo no Pa\u00e7o Municipal - Regi\u00e3o News<\/title>\n<meta name=\"robots\" content=\"index, follow, max-snippet:-1, max-image-preview:large, max-video-preview:-1\" \/>\n<link rel=\"canonical\" href=\"https:\/\/regiaonews.net.br\/2022\/2021\/10\/19\/tem-inicio-processo-de-transicao-de-governo-no-paco-municipal\/\" \/>\n<meta property=\"og:locale\" content=\"pt_BR\" \/>\n<meta property=\"og:type\" content=\"article\" \/>\n<meta property=\"og:title\" content=\"Tem in\u00edcio processo de transi\u00e7\u00e3o de governo no Pa\u00e7o Municipal - Regi\u00e3o News\" \/>\n<meta property=\"og:description\" content=\"O prefeito Edvaldo Morais recebeu, em seu gabinete, na tarde\" \/>\n<meta property=\"og:url\" content=\"https:\/\/regiaonews.net.br\/2022\/2021\/10\/19\/tem-inicio-processo-de-transicao-de-governo-no-paco-municipal\/\" \/>\n<meta property=\"og:site_name\" content=\"Regi\u00e3o News\" \/>\n<meta property=\"article:published_time\" content=\"2021-10-19T12:11:02+00:00\" \/>\n<meta property=\"og:image\" content=\"https:\/\/regiaonews.net.br\/2022\/wp-content\/uploads\/2021\/10\/transicao-3.jpg\" \/>\n\t<meta property=\"og:image:width\" content=\"1259\" \/>\n\t<meta property=\"og:image:height\" content=\"599\" \/>\n\t<meta property=\"og:image:type\" content=\"image\/jpeg\" \/>\n<meta name=\"author\" content=\"Roberto\" \/>\n<meta name=\"twitter:card\" content=\"summary_large_image\" \/>\n<meta name=\"twitter:label1\" content=\"Escrito por\" \/>\n\t<meta name=\"twitter:data1\" content=\"Roberto\" \/>\n\t<meta name=\"twitter:label2\" content=\"Est. tempo de leitura\" \/>\n\t<meta name=\"twitter:data2\" content=\"1 minuto\" \/>\n<script type=\"application\/ld+json\" class=\"yoast-schema-graph\">{\"@context\":\"https:\\\/\\\/schema.org\",\"@graph\":[{\"@type\":\"Article\",\"@id\":\"https:\\\/\\\/regiaonews.net.br\\\/2022\\\/2021\\\/10\\\/19\\\/tem-inicio-processo-de-transicao-de-governo-no-paco-municipal\\\/#article\",\"isPartOf\":{\"@id\":\"https:\\\/\\\/regiaonews.net.br\\\/2022\\\/2021\\\/10\\\/19\\\/tem-inicio-processo-de-transicao-de-governo-no-paco-municipal\\\/\"},\"author\":{\"name\":\"Roberto\",\"@id\":\"https:\\\/\\\/regiaonews.net.br\\\/2022\\\/#\\\/schema\\\/person\\\/2d205a608a5aa97ac279d7a5e6d89ad8\"},\"headline\":\"Tem in\u00edcio processo de transi\u00e7\u00e3o de governo no Pa\u00e7o Municipal\",\"datePublished\":\"2021-10-19T12:11:02+00:00\",\"mainEntityOfPage\":{\"@id\":\"https:\\\/\\\/regiaonews.net.br\\\/2022\\\/2021\\\/10\\\/19\\\/tem-inicio-processo-de-transicao-de-governo-no-paco-municipal\\\/\"},\"wordCount\":254,\"commentCount\":0,\"publisher\":{\"@id\":\"https:\\\/\\\/regiaonews.net.br\\\/2022\\\/#organization\"},\"image\":{\"@id\":\"https:\\\/\\\/regiaonews.net.br\\\/2022\\\/2021\\\/10\\\/19\\\/tem-inicio-processo-de-transicao-de-governo-no-paco-municipal\\\/#primaryimage\"},\"thumbnailUrl\":\"https:\\\/\\\/regiaonews.net.br\\\/2022\\\/wp-content\\\/uploads\\\/2021\\\/10\\\/transicao-3.jpg\",\"articleSection\":[\"Cidades\",\"Gua\u00edra\",\"Pol\u00edtica\"],\"inLanguage\":\"pt-BR\",\"potentialAction\":[{\"@type\":\"CommentAction\",\"name\":\"Comment\",\"target\":[\"https:\\\/\\\/regiaonews.net.br\\\/2022\\\/2021\\\/10\\\/19\\\/tem-inicio-processo-de-transicao-de-governo-no-paco-municipal\\\/#respond\"]}]},{\"@type\":\"WebPage\",\"@id\":\"https:\\\/\\\/regiaonews.net.br\\\/2022\\\/2021\\\/10\\\/19\\\/tem-inicio-processo-de-transicao-de-governo-no-paco-municipal\\\/\",\"url\":\"https:\\\/\\\/regiaonews.net.br\\\/2022\\\/2021\\\/10\\\/19\\\/tem-inicio-processo-de-transicao-de-governo-no-paco-municipal\\\/\",\"name\":\"Tem in\u00edcio processo de transi\u00e7\u00e3o de governo no Pa\u00e7o Municipal - Regi\u00e3o News\",\"isPartOf\":{\"@id\":\"https:\\\/\\\/regiaonews.net.br\\\/2022\\\/#website\"},\"primaryImageOfPage\":{\"@id\":\"https:\\\/\\\/regiaonews.net.br\\\/2022\\\/2021\\\/10\\\/19\\\/tem-inicio-processo-de-transicao-de-governo-no-paco-municipal\\\/#primaryimage\"},\"image\":{\"@id\":\"https:\\\/\\\/regiaonews.net.br\\\/2022\\\/2021\\\/10\\\/19\\\/tem-inicio-processo-de-transicao-de-governo-no-paco-municipal\\\/#primaryimage\"},\"thumbnailUrl\":\"https:\\\/\\\/regiaonews.net.br\\\/2022\\\/wp-content\\\/uploads\\\/2021\\\/10\\\/transicao-3.jpg\",\"datePublished\":\"2021-10-19T12:11:02+00:00\",\"breadcrumb\":{\"@id\":\"https:\\\/\\\/regiaonews.net.br\\\/2022\\\/2021\\\/10\\\/19\\\/tem-inicio-processo-de-transicao-de-governo-no-paco-municipal\\\/#breadcrumb\"},\"inLanguage\":\"pt-BR\",\"potentialAction\":[{\"@type\":\"ReadAction\",\"target\":[\"https:\\\/\\\/regiaonews.net.br\\\/2022\\\/2021\\\/10\\\/19\\\/tem-inicio-processo-de-transicao-de-governo-no-paco-municipal\\\/\"]}]},{\"@type\":\"ImageObject\",\"inLanguage\":\"pt-BR\",\"@id\":\"https:\\\/\\\/regiaonews.net.br\\\/2022\\\/2021\\\/10\\\/19\\\/tem-inicio-processo-de-transicao-de-governo-no-paco-municipal\\\/#primaryimage\",\"url\":\"https:\\\/\\\/regiaonews.net.br\\\/2022\\\/wp-content\\\/uploads\\\/2021\\\/10\\\/transicao-3.jpg\",\"contentUrl\":\"https:\\\/\\\/regiaonews.net.br\\\/2022\\\/wp-content\\\/uploads\\\/2021\\\/10\\\/transicao-3.jpg\",\"width\":1259,\"height\":599},{\"@type\":\"BreadcrumbList\",\"@id\":\"https:\\\/\\\/regiaonews.net.br\\\/2022\\\/2021\\\/10\\\/19\\\/tem-inicio-processo-de-transicao-de-governo-no-paco-municipal\\\/#breadcrumb\",\"itemListElement\":[{\"@type\":\"ListItem\",\"position\":1,\"name\":\"In\u00edcio\",\"item\":\"https:\\\/\\\/regiaonews.net.br\\\/2022\\\/\"},{\"@type\":\"ListItem\",\"position\":2,\"name\":\"Tem in\u00edcio processo de transi\u00e7\u00e3o de governo no Pa\u00e7o Municipal\"}]},{\"@type\":\"WebSite\",\"@id\":\"https:\\\/\\\/regiaonews.net.br\\\/2022\\\/#website\",\"url\":\"https:\\\/\\\/regiaonews.net.br\\\/2022\\\/\",\"name\":\"Regi\u00e3o News\",\"description\":\"Site de Not\u00edcias de Barretos e regi\u00e3o\",\"publisher\":{\"@id\":\"https:\\\/\\\/regiaonews.net.br\\\/2022\\\/#organization\"},\"potentialAction\":[{\"@type\":\"SearchAction\",\"target\":{\"@type\":\"EntryPoint\",\"urlTemplate\":\"https:\\\/\\\/regiaonews.net.br\\\/2022\\\/?s={search_term_string}\"},\"query-input\":{\"@type\":\"PropertyValueSpecification\",\"valueRequired\":true,\"valueName\":\"search_term_string\"}}],\"inLanguage\":\"pt-BR\"},{\"@type\":\"Organization\",\"@id\":\"https:\\\/\\\/regiaonews.net.br\\\/2022\\\/#organization\",\"name\":\"Regi\u00e3o News\",\"url\":\"https:\\\/\\\/regiaonews.net.br\\\/2022\\\/\",\"logo\":{\"@type\":\"ImageObject\",\"inLanguage\":\"pt-BR\",\"@id\":\"https:\\\/\\\/regiaonews.net.br\\\/2022\\\/#\\\/schema\\\/logo\\\/image\\\/\",\"url\":\"https:\\\/\\\/regiaonews.net.br\\\/2022\\\/wp-content\\\/uploads\\\/2026\\\/03\\\/regiao-13-anos-scaled.jpg\",\"contentUrl\":\"https:\\\/\\\/regiaonews.net.br\\\/2022\\\/wp-content\\\/uploads\\\/2026\\\/03\\\/regiao-13-anos-scaled.jpg\",\"width\":2560,\"height\":635,\"caption\":\"Regi\u00e3o News\"},\"image\":{\"@id\":\"https:\\\/\\\/regiaonews.net.br\\\/2022\\\/#\\\/schema\\\/logo\\\/image\\\/\"}},{\"@type\":\"Person\",\"@id\":\"https:\\\/\\\/regiaonews.net.br\\\/2022\\\/#\\\/schema\\\/person\\\/2d205a608a5aa97ac279d7a5e6d89ad8\",\"name\":\"Roberto\",\"image\":{\"@type\":\"ImageObject\",\"inLanguage\":\"pt-BR\",\"@id\":\"https:\\\/\\\/secure.gravatar.com\\\/avatar\\\/42749d8b712ff9d59ca93dc150494e5b55a44134482993f5baeb97e61b7ecc89?s=96&d=mm&r=g\",\"url\":\"https:\\\/\\\/secure.gravatar.com\\\/avatar\\\/42749d8b712ff9d59ca93dc150494e5b55a44134482993f5baeb97e61b7ecc89?s=96&d=mm&r=g\",\"contentUrl\":\"https:\\\/\\\/secure.gravatar.com\\\/avatar\\\/42749d8b712ff9d59ca93dc150494e5b55a44134482993f5baeb97e61b7ecc89?s=96&d=mm&r=g\",\"caption\":\"Roberto\"},\"url\":\"https:\\\/\\\/regiaonews.net.br\\\/2022\\\/author\\\/roberto\\\/\"}]}<\/script>\n<!-- \/ Yoast SEO plugin. -->","yoast_head_json":{"title":"Tem in\u00edcio processo de transi\u00e7\u00e3o de governo no Pa\u00e7o Municipal - Regi\u00e3o News","robots":{"index":"index","follow":"follow","max-snippet":"max-snippet:-1","max-image-preview":"max-image-preview:large","max-video-preview":"max-video-preview:-1"},"canonical":"https:\/\/regiaonews.net.br\/2022\/2021\/10\/19\/tem-inicio-processo-de-transicao-de-governo-no-paco-municipal\/","og_locale":"pt_BR","og_type":"article","og_title":"Tem in\u00edcio processo de transi\u00e7\u00e3o de governo no Pa\u00e7o Municipal - Regi\u00e3o News","og_description":"O prefeito Edvaldo Morais recebeu, em seu gabinete, na tarde","og_url":"https:\/\/regiaonews.net.br\/2022\/2021\/10\/19\/tem-inicio-processo-de-transicao-de-governo-no-paco-municipal\/","og_site_name":"Regi\u00e3o News","article_published_time":"2021-10-19T12:11:02+00:00","og_image":[{"width":1259,"height":599,"url":"https:\/\/regiaonews.net.br\/2022\/wp-content\/uploads\/2021\/10\/transicao-3.jpg","type":"image\/jpeg"}],"author":"Roberto","twitter_card":"summary_large_image","twitter_misc":{"Escrito por":"Roberto","Est. tempo de leitura":"1 minuto"},"schema":{"@context":"https:\/\/schema.org","@graph":[{"@type":"Article","@id":"https:\/\/regiaonews.net.br\/2022\/2021\/10\/19\/tem-inicio-processo-de-transicao-de-governo-no-paco-municipal\/#article","isPartOf":{"@id":"https:\/\/regiaonews.net.br\/2022\/2021\/10\/19\/tem-inicio-processo-de-transicao-de-governo-no-paco-municipal\/"},"author":{"name":"Roberto","@id":"https:\/\/regiaonews.net.br\/2022\/#\/schema\/person\/2d205a608a5aa97ac279d7a5e6d89ad8"},"headline":"Tem in\u00edcio processo de transi\u00e7\u00e3o de governo no Pa\u00e7o Municipal","datePublished":"2021-10-19T12:11:02+00:00","mainEntityOfPage":{"@id":"https:\/\/regiaonews.net.br\/2022\/2021\/10\/19\/tem-inicio-processo-de-transicao-de-governo-no-paco-municipal\/"},"wordCount":254,"commentCount":0,"publisher":{"@id":"https:\/\/regiaonews.net.br\/2022\/#organization"},"image":{"@id":"https:\/\/regiaonews.net.br\/2022\/2021\/10\/19\/tem-inicio-processo-de-transicao-de-governo-no-paco-municipal\/#primaryimage"},"thumbnailUrl":"https:\/\/regiaonews.net.br\/2022\/wp-content\/uploads\/2021\/10\/transicao-3.jpg","articleSection":["Cidades","Gua\u00edra","Pol\u00edtica"],"inLanguage":"pt-BR","potentialAction":[{"@type":"CommentAction","name":"Comment","target":["https:\/\/regiaonews.net.br\/2022\/2021\/10\/19\/tem-inicio-processo-de-transicao-de-governo-no-paco-municipal\/#respond"]}]},{"@type":"WebPage","@id":"https:\/\/regiaonews.net.br\/2022\/2021\/10\/19\/tem-inicio-processo-de-transicao-de-governo-no-paco-municipal\/","url":"https:\/\/regiaonews.net.br\/2022\/2021\/10\/19\/tem-inicio-processo-de-transicao-de-governo-no-paco-municipal\/","name":"Tem in\u00edcio processo de transi\u00e7\u00e3o de governo no Pa\u00e7o Municipal - Regi\u00e3o News","isPartOf":{"@id":"https:\/\/regiaonews.net.br\/2022\/#website"},"primaryImageOfPage":{"@id":"https:\/\/regiaonews.net.br\/2022\/2021\/10\/19\/tem-inicio-processo-de-transicao-de-governo-no-paco-municipal\/#primaryimage"},"image":{"@id":"https:\/\/regiaonews.net.br\/2022\/2021\/10\/19\/tem-inicio-processo-de-transicao-de-governo-no-paco-municipal\/#primaryimage"},"thumbnailUrl":"https:\/\/regiaonews.net.br\/2022\/wp-content\/uploads\/2021\/10\/transicao-3.jpg","datePublished":"2021-10-19T12:11:02+00:00","breadcrumb":{"@id":"https:\/\/regiaonews.net.br\/2022\/2021\/10\/19\/tem-inicio-processo-de-transicao-de-governo-no-paco-municipal\/#breadcrumb"},"inLanguage":"pt-BR","potentialAction":[{"@type":"ReadAction","target":["https:\/\/regiaonews.net.br\/2022\/2021\/10\/19\/tem-inicio-processo-de-transicao-de-governo-no-paco-municipal\/"]}]},{"@type":"ImageObject","inLanguage":"pt-BR","@id":"https:\/\/regiaonews.net.br\/2022\/2021\/10\/19\/tem-inicio-processo-de-transicao-de-governo-no-paco-municipal\/#primaryimage","url":"https:\/\/regiaonews.net.br\/2022\/wp-content\/uploads\/2021\/10\/transicao-3.jpg","contentUrl":"https:\/\/regiaonews.net.br\/2022\/wp-content\/uploads\/2021\/10\/transicao-3.jpg","width":1259,"height":599},{"@type":"BreadcrumbList","@id":"https:\/\/regiaonews.net.br\/2022\/2021\/10\/19\/tem-inicio-processo-de-transicao-de-governo-no-paco-municipal\/#breadcrumb","itemListElement":[{"@type":"ListItem","position":1,"name":"In\u00edcio","item":"https:\/\/regiaonews.net.br\/2022\/"},{"@type":"ListItem","position":2,"name":"Tem in\u00edcio processo de transi\u00e7\u00e3o de governo no Pa\u00e7o Municipal"}]},{"@type":"WebSite","@id":"https:\/\/regiaonews.net.br\/2022\/#website","url":"https:\/\/regiaonews.net.br\/2022\/","name":"Regi\u00e3o News","description":"Site de Not\u00edcias de Barretos e regi\u00e3o","publisher":{"@id":"https:\/\/regiaonews.net.br\/2022\/#organization"},"potentialAction":[{"@type":"SearchAction","target":{"@type":"EntryPoint","urlTemplate":"https:\/\/regiaonews.net.br\/2022\/?s={search_term_string}"},"query-input":{"@type":"PropertyValueSpecification","valueRequired":true,"valueName":"search_term_string"}}],"inLanguage":"pt-BR"},{"@type":"Organization","@id":"https:\/\/regiaonews.net.br\/2022\/#organization","name":"Regi\u00e3o News","url":"https:\/\/regiaonews.net.br\/2022\/","logo":{"@type":"ImageObject","inLanguage":"pt-BR","@id":"https:\/\/regiaonews.net.br\/2022\/#\/schema\/logo\/image\/","url":"https:\/\/regiaonews.net.br\/2022\/wp-content\/uploads\/2026\/03\/regiao-13-anos-scaled.jpg","contentUrl":"https:\/\/regiaonews.net.br\/2022\/wp-content\/uploads\/2026\/03\/regiao-13-anos-scaled.jpg","width":2560,"height":635,"caption":"Regi\u00e3o News"},"image":{"@id":"https:\/\/regiaonews.net.br\/2022\/#\/schema\/logo\/image\/"}},{"@type":"Person","@id":"https:\/\/regiaonews.net.br\/2022\/#\/schema\/person\/2d205a608a5aa97ac279d7a5e6d89ad8","name":"Roberto","image":{"@type":"ImageObject","inLanguage":"pt-BR","@id":"https:\/\/secure.gravatar.com\/avatar\/42749d8b712ff9d59ca93dc150494e5b55a44134482993f5baeb97e61b7ecc89?s=96&d=mm&r=g","url":"https:\/\/secure.gravatar.com\/avatar\/42749d8b712ff9d59ca93dc150494e5b55a44134482993f5baeb97e61b7ecc89?s=96&d=mm&r=g","contentUrl":"https:\/\/secure.gravatar.com\/avatar\/42749d8b712ff9d59ca93dc150494e5b55a44134482993f5baeb97e61b7ecc89?s=96&d=mm&r=g","caption":"Roberto"},"url":"https:\/\/regiaonews.net.br\/2022\/author\/roberto\/"}]}},"publishpress_future_action":{"enabled":false,"date":"2026-05-05 20:47:11","action":"change-status","newStatus":"draft","terms":[],"taxonomy":"category","extraData":[]},"publishpress_future_workflow_manual_trigger":{"enabledWorkflows":[]},"_links":{"self":[{"href":"https:\/\/regiaonews.net.br\/2022\/wp-json\/wp\/v2\/posts\/54943","targetHints":{"allow":["GET"]}}],"collection":[{"href":"https:\/\/regiaonews.net.br\/2022\/wp-json\/wp\/v2\/posts"}],"about":[{"href":"https:\/\/regiaonews.net.br\/2022\/wp-json\/wp\/v2\/types\/post"}],"author":[{"embeddable":true,"href":"https:\/\/regiaonews.net.br\/2022\/wp-json\/wp\/v2\/users\/2"}],"replies":[{"embeddable":true,"href":"https:\/\/regiaonews.net.br\/2022\/wp-json\/wp\/v2\/comments?post=54943"}],"version-history":[{"count":0,"href":"https:\/\/regiaonews.net.br\/2022\/wp-json\/wp\/v2\/posts\/54943\/revisions"}],"wp:featuredmedia":[{"embeddable":true,"href":"https:\/\/regiaonews.net.br\/2022\/wp-json\/wp\/v2\/media\/54944"}],"wp:attachment":[{"href":"https:\/\/regiaonews.net.br\/2022\/wp-json\/wp\/v2\/media?parent=54943"}],"wp:term":[{"taxonomy":"category","embeddable":true,"href":"https:\/\/regiaonews.net.br\/2022\/wp-json\/wp\/v2\/categories?post=54943"},{"taxonomy":"post_tag","embeddable":true,"href":"https:\/\/regiaonews.net.br\/2022\/wp-json\/wp\/v2\/tags?post=54943"}],"curies":[{"name":"wp","href":"https:\/\/api.w.org\/{rel}","templated":true}]}}