{"id":54853,"date":"2021-10-16T07:37:59","date_gmt":"2021-10-16T10:37:59","guid":{"rendered":"https:\/\/regiaonews.net.br\/2022\/?p=54853"},"modified":"2021-10-16T07:37:59","modified_gmt":"2021-10-16T10:37:59","slug":"policia-militar-rodoviaria-efetua-prisao-de-motorista-por-embriaguez-ao-volante","status":"publish","type":"post","link":"https:\/\/regiaonews.net.br\/2022\/2021\/10\/16\/policia-militar-rodoviaria-efetua-prisao-de-motorista-por-embriaguez-ao-volante\/","title":{"rendered":"Pol\u00edcia Militar Rodovi\u00e1ria efetua pris\u00e3o de motorista por embriaguez ao volante"},"content":{"rendered":"<p>&nbsp;<\/p>\n<p>A Pol\u00edcia Rodovi\u00e1ria durante a &#8220;A\u00e7\u00e3o Alcoolemia&#8221; desenvolvida dentro do trabalho de patrulhamento,\u00a0 abordou uma motocicleta\u00a0 na SP-351, no km 156, em Bebedouro, \u00e0s 20h08 da noite desta sexta,\u00a0 cujo o condutor apresentava sinais not\u00f3rios de embriaguez e submetido ao teste de etil\u00f4metro,pelos cabos Campos e G\u00f3es,\u00a0 foi constatado o teor alc\u00f3olico de 0,75 mg\/l de ar alveolar.<br \/>\nDiante dos fatos, foi proferida a voz de pris\u00e3o, com o motociclista\u00a0 conduzido ao plant\u00e3o policial de Bebedouro, onde o delegado respons\u00e1vel elaborou o Auto de Pris\u00e3o em Flagrante Delito e arbitrou fian\u00e7a no valor de R$1100,00, que at\u00e9 o momento n\u00e3o foi paga pelo infrator.<\/p>\n","protected":false},"excerpt":{"rendered":"<p>&nbsp; A Pol\u00edcia Rodovi\u00e1ria durante a &#8220;A\u00e7\u00e3o Alcoolemia&#8221; desenvolvida dentro<\/p>\n","protected":false},"author":2,"featured_media":12264,"comment_status":"open","ping_status":"open","sticky":false,"template":"","format":"standard","meta":{"footnotes":""},"categories":[4,23],"tags":[],"class_list":["post-54853","post","type-post","status-publish","format-standard","has-post-thumbnail","hentry","category-bebedouro","category-policia"],"yoast_head":"<!-- This site is optimized with the Yoast SEO plugin v27.4 - https:\/\/yoast.com\/product\/yoast-seo-wordpress\/ -->\n<title>Pol\u00edcia Militar Rodovi\u00e1ria efetua pris\u00e3o de motorista por embriaguez ao volante - Regi\u00e3o News<\/title>\n<meta name=\"robots\" content=\"index, follow, max-snippet:-1, max-image-preview:large, max-video-preview:-1\" \/>\n<link rel=\"canonical\" href=\"https:\/\/regiaonews.net.br\/2022\/2021\/10\/16\/policia-militar-rodoviaria-efetua-prisao-de-motorista-por-embriaguez-ao-volante\/\" \/>\n<meta property=\"og:locale\" content=\"pt_BR\" \/>\n<meta property=\"og:type\" content=\"article\" \/>\n<meta property=\"og:title\" content=\"Pol\u00edcia Militar Rodovi\u00e1ria efetua pris\u00e3o de motorista por embriaguez ao volante - Regi\u00e3o News\" \/>\n<meta property=\"og:description\" content=\"&nbsp; A Pol\u00edcia Rodovi\u00e1ria durante a &#8220;A\u00e7\u00e3o Alcoolemia&#8221; desenvolvida dentro\" \/>\n<meta property=\"og:url\" content=\"https:\/\/regiaonews.net.br\/2022\/2021\/10\/16\/policia-militar-rodoviaria-efetua-prisao-de-motorista-por-embriaguez-ao-volante\/\" \/>\n<meta property=\"og:site_name\" content=\"Regi\u00e3o News\" \/>\n<meta property=\"article:published_time\" content=\"2021-10-16T10:37:59+00:00\" \/>\n<meta property=\"og:image\" content=\"https:\/\/regiaonews.net.br\/2022\/wp-content\/uploads\/2018\/05\/opera\u00e7\u00e3o-pol\u00edcia-rodovi\u00e1ria.jpg\" \/>\n\t<meta property=\"og:image:width\" content=\"2560\" \/>\n\t<meta property=\"og:image:height\" content=\"1440\" \/>\n\t<meta property=\"og:image:type\" content=\"image\/jpeg\" \/>\n<meta name=\"author\" content=\"Roberto\" \/>\n<meta name=\"twitter:card\" content=\"summary_large_image\" \/>\n<meta name=\"twitter:label1\" content=\"Escrito por\" \/>\n\t<meta name=\"twitter:data1\" content=\"Roberto\" \/>\n\t<meta name=\"twitter:label2\" content=\"Est. tempo de leitura\" \/>\n\t<meta name=\"twitter:data2\" content=\"1 minuto\" \/>\n<script type=\"application\/ld+json\" class=\"yoast-schema-graph\">{\"@context\":\"https:\\\/\\\/schema.org\",\"@graph\":[{\"@type\":\"Article\",\"@id\":\"https:\\\/\\\/regiaonews.net.br\\\/2022\\\/2021\\\/10\\\/16\\\/policia-militar-rodoviaria-efetua-prisao-de-motorista-por-embriaguez-ao-volante\\\/#article\",\"isPartOf\":{\"@id\":\"https:\\\/\\\/regiaonews.net.br\\\/2022\\\/2021\\\/10\\\/16\\\/policia-militar-rodoviaria-efetua-prisao-de-motorista-por-embriaguez-ao-volante\\\/\"},\"author\":{\"name\":\"Roberto\",\"@id\":\"https:\\\/\\\/regiaonews.net.br\\\/2022\\\/#\\\/schema\\\/person\\\/2d205a608a5aa97ac279d7a5e6d89ad8\"},\"headline\":\"Pol\u00edcia Militar Rodovi\u00e1ria efetua pris\u00e3o de motorista por embriaguez ao volante\",\"datePublished\":\"2021-10-16T10:37:59+00:00\",\"mainEntityOfPage\":{\"@id\":\"https:\\\/\\\/regiaonews.net.br\\\/2022\\\/2021\\\/10\\\/16\\\/policia-militar-rodoviaria-efetua-prisao-de-motorista-por-embriaguez-ao-volante\\\/\"},\"wordCount\":132,\"commentCount\":0,\"publisher\":{\"@id\":\"https:\\\/\\\/regiaonews.net.br\\\/2022\\\/#organization\"},\"image\":{\"@id\":\"https:\\\/\\\/regiaonews.net.br\\\/2022\\\/2021\\\/10\\\/16\\\/policia-militar-rodoviaria-efetua-prisao-de-motorista-por-embriaguez-ao-volante\\\/#primaryimage\"},\"thumbnailUrl\":\"https:\\\/\\\/regiaonews.net.br\\\/2022\\\/wp-content\\\/uploads\\\/2018\\\/05\\\/opera\u00e7\u00e3o-pol\u00edcia-rodovi\u00e1ria.jpg\",\"articleSection\":[\"Bebedouro\",\"Policia\"],\"inLanguage\":\"pt-BR\",\"potentialAction\":[{\"@type\":\"CommentAction\",\"name\":\"Comment\",\"target\":[\"https:\\\/\\\/regiaonews.net.br\\\/2022\\\/2021\\\/10\\\/16\\\/policia-militar-rodoviaria-efetua-prisao-de-motorista-por-embriaguez-ao-volante\\\/#respond\"]}]},{\"@type\":\"WebPage\",\"@id\":\"https:\\\/\\\/regiaonews.net.br\\\/2022\\\/2021\\\/10\\\/16\\\/policia-militar-rodoviaria-efetua-prisao-de-motorista-por-embriaguez-ao-volante\\\/\",\"url\":\"https:\\\/\\\/regiaonews.net.br\\\/2022\\\/2021\\\/10\\\/16\\\/policia-militar-rodoviaria-efetua-prisao-de-motorista-por-embriaguez-ao-volante\\\/\",\"name\":\"Pol\u00edcia Militar Rodovi\u00e1ria efetua pris\u00e3o de motorista por embriaguez ao volante - Regi\u00e3o News\",\"isPartOf\":{\"@id\":\"https:\\\/\\\/regiaonews.net.br\\\/2022\\\/#website\"},\"primaryImageOfPage\":{\"@id\":\"https:\\\/\\\/regiaonews.net.br\\\/2022\\\/2021\\\/10\\\/16\\\/policia-militar-rodoviaria-efetua-prisao-de-motorista-por-embriaguez-ao-volante\\\/#primaryimage\"},\"image\":{\"@id\":\"https:\\\/\\\/regiaonews.net.br\\\/2022\\\/2021\\\/10\\\/16\\\/policia-militar-rodoviaria-efetua-prisao-de-motorista-por-embriaguez-ao-volante\\\/#primaryimage\"},\"thumbnailUrl\":\"https:\\\/\\\/regiaonews.net.br\\\/2022\\\/wp-content\\\/uploads\\\/2018\\\/05\\\/opera\u00e7\u00e3o-pol\u00edcia-rodovi\u00e1ria.jpg\",\"datePublished\":\"2021-10-16T10:37:59+00:00\",\"breadcrumb\":{\"@id\":\"https:\\\/\\\/regiaonews.net.br\\\/2022\\\/2021\\\/10\\\/16\\\/policia-militar-rodoviaria-efetua-prisao-de-motorista-por-embriaguez-ao-volante\\\/#breadcrumb\"},\"inLanguage\":\"pt-BR\",\"potentialAction\":[{\"@type\":\"ReadAction\",\"target\":[\"https:\\\/\\\/regiaonews.net.br\\\/2022\\\/2021\\\/10\\\/16\\\/policia-militar-rodoviaria-efetua-prisao-de-motorista-por-embriaguez-ao-volante\\\/\"]}]},{\"@type\":\"ImageObject\",\"inLanguage\":\"pt-BR\",\"@id\":\"https:\\\/\\\/regiaonews.net.br\\\/2022\\\/2021\\\/10\\\/16\\\/policia-militar-rodoviaria-efetua-prisao-de-motorista-por-embriaguez-ao-volante\\\/#primaryimage\",\"url\":\"https:\\\/\\\/regiaonews.net.br\\\/2022\\\/wp-content\\\/uploads\\\/2018\\\/05\\\/opera\u00e7\u00e3o-pol\u00edcia-rodovi\u00e1ria.jpg\",\"contentUrl\":\"https:\\\/\\\/regiaonews.net.br\\\/2022\\\/wp-content\\\/uploads\\\/2018\\\/05\\\/opera\u00e7\u00e3o-pol\u00edcia-rodovi\u00e1ria.jpg\",\"width\":2560,\"height\":1440},{\"@type\":\"BreadcrumbList\",\"@id\":\"https:\\\/\\\/regiaonews.net.br\\\/2022\\\/2021\\\/10\\\/16\\\/policia-militar-rodoviaria-efetua-prisao-de-motorista-por-embriaguez-ao-volante\\\/#breadcrumb\",\"itemListElement\":[{\"@type\":\"ListItem\",\"position\":1,\"name\":\"In\u00edcio\",\"item\":\"https:\\\/\\\/regiaonews.net.br\\\/2022\\\/\"},{\"@type\":\"ListItem\",\"position\":2,\"name\":\"Pol\u00edcia Militar Rodovi\u00e1ria efetua pris\u00e3o de motorista por embriaguez ao volante\"}]},{\"@type\":\"WebSite\",\"@id\":\"https:\\\/\\\/regiaonews.net.br\\\/2022\\\/#website\",\"url\":\"https:\\\/\\\/regiaonews.net.br\\\/2022\\\/\",\"name\":\"Regi\u00e3o News\",\"description\":\"Site de Not\u00edcias de Barretos e regi\u00e3o\",\"publisher\":{\"@id\":\"https:\\\/\\\/regiaonews.net.br\\\/2022\\\/#organization\"},\"potentialAction\":[{\"@type\":\"SearchAction\",\"target\":{\"@type\":\"EntryPoint\",\"urlTemplate\":\"https:\\\/\\\/regiaonews.net.br\\\/2022\\\/?s={search_term_string}\"},\"query-input\":{\"@type\":\"PropertyValueSpecification\",\"valueRequired\":true,\"valueName\":\"search_term_string\"}}],\"inLanguage\":\"pt-BR\"},{\"@type\":\"Organization\",\"@id\":\"https:\\\/\\\/regiaonews.net.br\\\/2022\\\/#organization\",\"name\":\"Regi\u00e3o News\",\"url\":\"https:\\\/\\\/regiaonews.net.br\\\/2022\\\/\",\"logo\":{\"@type\":\"ImageObject\",\"inLanguage\":\"pt-BR\",\"@id\":\"https:\\\/\\\/regiaonews.net.br\\\/2022\\\/#\\\/schema\\\/logo\\\/image\\\/\",\"url\":\"https:\\\/\\\/regiaonews.net.br\\\/2022\\\/wp-content\\\/uploads\\\/2026\\\/03\\\/regiao-13-anos-scaled.jpg\",\"contentUrl\":\"https:\\\/\\\/regiaonews.net.br\\\/2022\\\/wp-content\\\/uploads\\\/2026\\\/03\\\/regiao-13-anos-scaled.jpg\",\"width\":2560,\"height\":635,\"caption\":\"Regi\u00e3o News\"},\"image\":{\"@id\":\"https:\\\/\\\/regiaonews.net.br\\\/2022\\\/#\\\/schema\\\/logo\\\/image\\\/\"}},{\"@type\":\"Person\",\"@id\":\"https:\\\/\\\/regiaonews.net.br\\\/2022\\\/#\\\/schema\\\/person\\\/2d205a608a5aa97ac279d7a5e6d89ad8\",\"name\":\"Roberto\",\"image\":{\"@type\":\"ImageObject\",\"inLanguage\":\"pt-BR\",\"@id\":\"https:\\\/\\\/secure.gravatar.com\\\/avatar\\\/42749d8b712ff9d59ca93dc150494e5b55a44134482993f5baeb97e61b7ecc89?s=96&d=mm&r=g\",\"url\":\"https:\\\/\\\/secure.gravatar.com\\\/avatar\\\/42749d8b712ff9d59ca93dc150494e5b55a44134482993f5baeb97e61b7ecc89?s=96&d=mm&r=g\",\"contentUrl\":\"https:\\\/\\\/secure.gravatar.com\\\/avatar\\\/42749d8b712ff9d59ca93dc150494e5b55a44134482993f5baeb97e61b7ecc89?s=96&d=mm&r=g\",\"caption\":\"Roberto\"},\"url\":\"https:\\\/\\\/regiaonews.net.br\\\/2022\\\/author\\\/roberto\\\/\"}]}<\/script>\n<!-- \/ Yoast SEO plugin. -->","yoast_head_json":{"title":"Pol\u00edcia Militar Rodovi\u00e1ria efetua pris\u00e3o de motorista por embriaguez ao volante - Regi\u00e3o News","robots":{"index":"index","follow":"follow","max-snippet":"max-snippet:-1","max-image-preview":"max-image-preview:large","max-video-preview":"max-video-preview:-1"},"canonical":"https:\/\/regiaonews.net.br\/2022\/2021\/10\/16\/policia-militar-rodoviaria-efetua-prisao-de-motorista-por-embriaguez-ao-volante\/","og_locale":"pt_BR","og_type":"article","og_title":"Pol\u00edcia Militar Rodovi\u00e1ria efetua pris\u00e3o de motorista por embriaguez ao volante - Regi\u00e3o News","og_description":"&nbsp; A Pol\u00edcia Rodovi\u00e1ria durante a &#8220;A\u00e7\u00e3o Alcoolemia&#8221; desenvolvida dentro","og_url":"https:\/\/regiaonews.net.br\/2022\/2021\/10\/16\/policia-militar-rodoviaria-efetua-prisao-de-motorista-por-embriaguez-ao-volante\/","og_site_name":"Regi\u00e3o News","article_published_time":"2021-10-16T10:37:59+00:00","og_image":[{"width":2560,"height":1440,"url":"https:\/\/regiaonews.net.br\/2022\/wp-content\/uploads\/2018\/05\/opera\u00e7\u00e3o-pol\u00edcia-rodovi\u00e1ria.jpg","type":"image\/jpeg"}],"author":"Roberto","twitter_card":"summary_large_image","twitter_misc":{"Escrito por":"Roberto","Est. tempo de leitura":"1 minuto"},"schema":{"@context":"https:\/\/schema.org","@graph":[{"@type":"Article","@id":"https:\/\/regiaonews.net.br\/2022\/2021\/10\/16\/policia-militar-rodoviaria-efetua-prisao-de-motorista-por-embriaguez-ao-volante\/#article","isPartOf":{"@id":"https:\/\/regiaonews.net.br\/2022\/2021\/10\/16\/policia-militar-rodoviaria-efetua-prisao-de-motorista-por-embriaguez-ao-volante\/"},"author":{"name":"Roberto","@id":"https:\/\/regiaonews.net.br\/2022\/#\/schema\/person\/2d205a608a5aa97ac279d7a5e6d89ad8"},"headline":"Pol\u00edcia Militar Rodovi\u00e1ria efetua pris\u00e3o de motorista por embriaguez ao volante","datePublished":"2021-10-16T10:37:59+00:00","mainEntityOfPage":{"@id":"https:\/\/regiaonews.net.br\/2022\/2021\/10\/16\/policia-militar-rodoviaria-efetua-prisao-de-motorista-por-embriaguez-ao-volante\/"},"wordCount":132,"commentCount":0,"publisher":{"@id":"https:\/\/regiaonews.net.br\/2022\/#organization"},"image":{"@id":"https:\/\/regiaonews.net.br\/2022\/2021\/10\/16\/policia-militar-rodoviaria-efetua-prisao-de-motorista-por-embriaguez-ao-volante\/#primaryimage"},"thumbnailUrl":"https:\/\/regiaonews.net.br\/2022\/wp-content\/uploads\/2018\/05\/opera\u00e7\u00e3o-pol\u00edcia-rodovi\u00e1ria.jpg","articleSection":["Bebedouro","Policia"],"inLanguage":"pt-BR","potentialAction":[{"@type":"CommentAction","name":"Comment","target":["https:\/\/regiaonews.net.br\/2022\/2021\/10\/16\/policia-militar-rodoviaria-efetua-prisao-de-motorista-por-embriaguez-ao-volante\/#respond"]}]},{"@type":"WebPage","@id":"https:\/\/regiaonews.net.br\/2022\/2021\/10\/16\/policia-militar-rodoviaria-efetua-prisao-de-motorista-por-embriaguez-ao-volante\/","url":"https:\/\/regiaonews.net.br\/2022\/2021\/10\/16\/policia-militar-rodoviaria-efetua-prisao-de-motorista-por-embriaguez-ao-volante\/","name":"Pol\u00edcia Militar Rodovi\u00e1ria efetua pris\u00e3o de motorista por embriaguez ao volante - Regi\u00e3o News","isPartOf":{"@id":"https:\/\/regiaonews.net.br\/2022\/#website"},"primaryImageOfPage":{"@id":"https:\/\/regiaonews.net.br\/2022\/2021\/10\/16\/policia-militar-rodoviaria-efetua-prisao-de-motorista-por-embriaguez-ao-volante\/#primaryimage"},"image":{"@id":"https:\/\/regiaonews.net.br\/2022\/2021\/10\/16\/policia-militar-rodoviaria-efetua-prisao-de-motorista-por-embriaguez-ao-volante\/#primaryimage"},"thumbnailUrl":"https:\/\/regiaonews.net.br\/2022\/wp-content\/uploads\/2018\/05\/opera\u00e7\u00e3o-pol\u00edcia-rodovi\u00e1ria.jpg","datePublished":"2021-10-16T10:37:59+00:00","breadcrumb":{"@id":"https:\/\/regiaonews.net.br\/2022\/2021\/10\/16\/policia-militar-rodoviaria-efetua-prisao-de-motorista-por-embriaguez-ao-volante\/#breadcrumb"},"inLanguage":"pt-BR","potentialAction":[{"@type":"ReadAction","target":["https:\/\/regiaonews.net.br\/2022\/2021\/10\/16\/policia-militar-rodoviaria-efetua-prisao-de-motorista-por-embriaguez-ao-volante\/"]}]},{"@type":"ImageObject","inLanguage":"pt-BR","@id":"https:\/\/regiaonews.net.br\/2022\/2021\/10\/16\/policia-militar-rodoviaria-efetua-prisao-de-motorista-por-embriaguez-ao-volante\/#primaryimage","url":"https:\/\/regiaonews.net.br\/2022\/wp-content\/uploads\/2018\/05\/opera\u00e7\u00e3o-pol\u00edcia-rodovi\u00e1ria.jpg","contentUrl":"https:\/\/regiaonews.net.br\/2022\/wp-content\/uploads\/2018\/05\/opera\u00e7\u00e3o-pol\u00edcia-rodovi\u00e1ria.jpg","width":2560,"height":1440},{"@type":"BreadcrumbList","@id":"https:\/\/regiaonews.net.br\/2022\/2021\/10\/16\/policia-militar-rodoviaria-efetua-prisao-de-motorista-por-embriaguez-ao-volante\/#breadcrumb","itemListElement":[{"@type":"ListItem","position":1,"name":"In\u00edcio","item":"https:\/\/regiaonews.net.br\/2022\/"},{"@type":"ListItem","position":2,"name":"Pol\u00edcia Militar Rodovi\u00e1ria efetua pris\u00e3o de motorista por embriaguez ao volante"}]},{"@type":"WebSite","@id":"https:\/\/regiaonews.net.br\/2022\/#website","url":"https:\/\/regiaonews.net.br\/2022\/","name":"Regi\u00e3o News","description":"Site de Not\u00edcias de Barretos e regi\u00e3o","publisher":{"@id":"https:\/\/regiaonews.net.br\/2022\/#organization"},"potentialAction":[{"@type":"SearchAction","target":{"@type":"EntryPoint","urlTemplate":"https:\/\/regiaonews.net.br\/2022\/?s={search_term_string}"},"query-input":{"@type":"PropertyValueSpecification","valueRequired":true,"valueName":"search_term_string"}}],"inLanguage":"pt-BR"},{"@type":"Organization","@id":"https:\/\/regiaonews.net.br\/2022\/#organization","name":"Regi\u00e3o News","url":"https:\/\/regiaonews.net.br\/2022\/","logo":{"@type":"ImageObject","inLanguage":"pt-BR","@id":"https:\/\/regiaonews.net.br\/2022\/#\/schema\/logo\/image\/","url":"https:\/\/regiaonews.net.br\/2022\/wp-content\/uploads\/2026\/03\/regiao-13-anos-scaled.jpg","contentUrl":"https:\/\/regiaonews.net.br\/2022\/wp-content\/uploads\/2026\/03\/regiao-13-anos-scaled.jpg","width":2560,"height":635,"caption":"Regi\u00e3o News"},"image":{"@id":"https:\/\/regiaonews.net.br\/2022\/#\/schema\/logo\/image\/"}},{"@type":"Person","@id":"https:\/\/regiaonews.net.br\/2022\/#\/schema\/person\/2d205a608a5aa97ac279d7a5e6d89ad8","name":"Roberto","image":{"@type":"ImageObject","inLanguage":"pt-BR","@id":"https:\/\/secure.gravatar.com\/avatar\/42749d8b712ff9d59ca93dc150494e5b55a44134482993f5baeb97e61b7ecc89?s=96&d=mm&r=g","url":"https:\/\/secure.gravatar.com\/avatar\/42749d8b712ff9d59ca93dc150494e5b55a44134482993f5baeb97e61b7ecc89?s=96&d=mm&r=g","contentUrl":"https:\/\/secure.gravatar.com\/avatar\/42749d8b712ff9d59ca93dc150494e5b55a44134482993f5baeb97e61b7ecc89?s=96&d=mm&r=g","caption":"Roberto"},"url":"https:\/\/regiaonews.net.br\/2022\/author\/roberto\/"}]}},"publishpress_future_action":{"enabled":false,"date":"2026-05-05 06:09:41","action":"change-status","newStatus":"draft","terms":[],"taxonomy":"category","extraData":[]},"publishpress_future_workflow_manual_trigger":{"enabledWorkflows":[]},"_links":{"self":[{"href":"https:\/\/regiaonews.net.br\/2022\/wp-json\/wp\/v2\/posts\/54853","targetHints":{"allow":["GET"]}}],"collection":[{"href":"https:\/\/regiaonews.net.br\/2022\/wp-json\/wp\/v2\/posts"}],"about":[{"href":"https:\/\/regiaonews.net.br\/2022\/wp-json\/wp\/v2\/types\/post"}],"author":[{"embeddable":true,"href":"https:\/\/regiaonews.net.br\/2022\/wp-json\/wp\/v2\/users\/2"}],"replies":[{"embeddable":true,"href":"https:\/\/regiaonews.net.br\/2022\/wp-json\/wp\/v2\/comments?post=54853"}],"version-history":[{"count":0,"href":"https:\/\/regiaonews.net.br\/2022\/wp-json\/wp\/v2\/posts\/54853\/revisions"}],"wp:featuredmedia":[{"embeddable":true,"href":"https:\/\/regiaonews.net.br\/2022\/wp-json\/wp\/v2\/media\/12264"}],"wp:attachment":[{"href":"https:\/\/regiaonews.net.br\/2022\/wp-json\/wp\/v2\/media?parent=54853"}],"wp:term":[{"taxonomy":"category","embeddable":true,"href":"https:\/\/regiaonews.net.br\/2022\/wp-json\/wp\/v2\/categories?post=54853"},{"taxonomy":"post_tag","embeddable":true,"href":"https:\/\/regiaonews.net.br\/2022\/wp-json\/wp\/v2\/tags?post=54853"}],"curies":[{"name":"wp","href":"https:\/\/api.w.org\/{rel}","templated":true}]}}