{"id":54849,"date":"2021-10-16T07:15:03","date_gmt":"2021-10-16T10:15:03","guid":{"rendered":"https:\/\/regiaonews.net.br\/2022\/?p=54849"},"modified":"2021-10-16T07:15:03","modified_gmt":"2021-10-16T10:15:03","slug":"prefeito-dieb-participa-do-programa-agua-e-vida-e-conquista-mais-um-poco-artesiano","status":"publish","type":"post","link":"https:\/\/regiaonews.net.br\/2022\/2021\/10\/16\/prefeito-dieb-participa-do-programa-agua-e-vida-e-conquista-mais-um-poco-artesiano\/","title":{"rendered":"Prefeito Dieb participa do Programa \u201c\u00c1gua \u00e9 Vida\u201d e conquista mais um po\u00e7o artesiano"},"content":{"rendered":"<p><a href=\"https:\/\/regiaonews.net.br\/2022\/wp-content\/uploads\/2021\/10\/Agua-Viva.jpg\"><img loading=\"lazy\" decoding=\"async\" class=\"alignnone size-medium wp-image-54850\" src=\"https:\/\/regiaonews.net.br\/2022\/wp-content\/uploads\/2021\/10\/Agua-Viva-300x199.jpg\" alt=\"\" width=\"300\" height=\"199\" \/><\/a><\/p>\n<p>&nbsp;<\/p>\n<p>No dia 7 de outubro, o Prefeito Municipal de Colina, Dieb Taha, acompanhado do Diretor do SAAEC \u2013 Servi\u00e7o Aut\u00f4nomo de \u00c1gua e Esgoto de Colina, Ricardo Casagrande, da Engenheira Civil do SAAEC, Elisangela Raquel Pereira de Souza e do respons\u00e1vel pelo Departamento de Compras do SAAEC, Luiz Alberto Piai, esteve no Pal\u00e1cio dos Bandeirantes em S\u00e3o Paulo, no lan\u00e7amento do Programa de Revitaliza\u00e7\u00e3o e Sustentabilidade H\u00eddrica \u2013 \u201c\u00c1gua \u00e9 Vida\u201d. Na ocasi\u00e3o, foi contemplado com a perfura\u00e7\u00e3o de mais um po\u00e7o artesiano e um reservat\u00f3rio.<\/p>\n<p>O evento contou com a presen\u00e7a do Governador Jo\u00e3o Doria; do Vice-Governador e Secret\u00e1rio de Governo, Rodrigo Garcia; do Secret\u00e1rio de Infraestrutura e Meio Ambiente, Marco Penido e do Secret\u00e1rio de Desenvolvimento Regional, Marco Vinholi.<\/p>\n<p>Durante o lan\u00e7amento, o Prefeito Dieb encontrou-se o Deputado Federal, Geninho Zuliani e agradeceu pelo seu empenho para a conquista do po\u00e7o artesiano e do reservat\u00f3rio para Colina.<\/p>\n<p>O Programa \u201c\u00c1gua \u00e9 Vida\u201d prev\u00ea a\u00e7\u00f5es como perfura\u00e7\u00f5es de po\u00e7os profundos em 120 munic\u00edpios e revitaliza\u00e7\u00e3o de 3 mil km de rios e cursos d\u2019\u00e1gua ao longo de 260 cidades.<\/p>\n<p>\u201cEssa \u00e9 uma conquista relevante para Colina, pois contribui com uma parcela important\u00edssima no abastecimento, capta\u00e7\u00e3o e distribui\u00e7\u00e3o de \u00e1gua. Quero agradecer e parabenizar o Governador Jo\u00e3o Doria, o Vice-Governador Rodrigo Garcia e o Secret\u00e1rio de de Desenvolvimento Regional, Marco Vinholi, por mais um programa voltado \u00e0s pessoas, considerando, como o nome j\u00e1 diz: \u2018\u00c1gua \u00e9 Vida\u2019 e, assim, investindo em saneamento b\u00e1sico; que vem de encontro com nosso trabalho e planejamento em Colina. Estamos investindo em saneamento, que \u00e9 uma de nossas prioridades, sempre pensando em oferecer mais qualidade de vida para as pessoas\u201d, explica o Prefeito Dieb.<\/p>\n<p>&nbsp;<\/p>\n","protected":false},"excerpt":{"rendered":"<p>&nbsp; No dia 7 de outubro, o Prefeito Municipal de<\/p>\n","protected":false},"author":2,"featured_media":54850,"comment_status":"open","ping_status":"open","sticky":false,"template":"","format":"standard","meta":{"footnotes":""},"categories":[25,5,22],"tags":[],"class_list":["post-54849","post","type-post","status-publish","format-standard","has-post-thumbnail","hentry","category-cidades","category-colina","category-politica"],"yoast_head":"<!-- This site is optimized with the Yoast SEO plugin v27.4 - https:\/\/yoast.com\/product\/yoast-seo-wordpress\/ -->\n<title>Prefeito Dieb participa do Programa \u201c\u00c1gua \u00e9 Vida\u201d e conquista mais um po\u00e7o artesiano - Regi\u00e3o News<\/title>\n<meta name=\"robots\" content=\"index, follow, max-snippet:-1, max-image-preview:large, max-video-preview:-1\" \/>\n<link rel=\"canonical\" href=\"https:\/\/regiaonews.net.br\/2022\/2021\/10\/16\/prefeito-dieb-participa-do-programa-agua-e-vida-e-conquista-mais-um-poco-artesiano\/\" \/>\n<meta property=\"og:locale\" content=\"pt_BR\" \/>\n<meta property=\"og:type\" content=\"article\" \/>\n<meta property=\"og:title\" content=\"Prefeito Dieb participa do Programa \u201c\u00c1gua \u00e9 Vida\u201d e conquista mais um po\u00e7o artesiano - Regi\u00e3o News\" \/>\n<meta property=\"og:description\" content=\"&nbsp; No dia 7 de outubro, o Prefeito Municipal de\" \/>\n<meta property=\"og:url\" content=\"https:\/\/regiaonews.net.br\/2022\/2021\/10\/16\/prefeito-dieb-participa-do-programa-agua-e-vida-e-conquista-mais-um-poco-artesiano\/\" \/>\n<meta property=\"og:site_name\" content=\"Regi\u00e3o News\" \/>\n<meta property=\"article:published_time\" content=\"2021-10-16T10:15:03+00:00\" \/>\n<meta property=\"og:image\" content=\"https:\/\/regiaonews.net.br\/2022\/wp-content\/uploads\/2021\/10\/Agua-Viva.jpg\" \/>\n\t<meta property=\"og:image:width\" content=\"1280\" \/>\n\t<meta property=\"og:image:height\" content=\"851\" \/>\n\t<meta property=\"og:image:type\" content=\"image\/jpeg\" \/>\n<meta name=\"author\" content=\"Roberto\" \/>\n<meta name=\"twitter:card\" content=\"summary_large_image\" \/>\n<meta name=\"twitter:label1\" content=\"Escrito por\" \/>\n\t<meta name=\"twitter:data1\" content=\"Roberto\" \/>\n\t<meta name=\"twitter:label2\" content=\"Est. tempo de leitura\" \/>\n\t<meta name=\"twitter:data2\" content=\"2 minutos\" \/>\n<script type=\"application\/ld+json\" class=\"yoast-schema-graph\">{\"@context\":\"https:\\\/\\\/schema.org\",\"@graph\":[{\"@type\":\"Article\",\"@id\":\"https:\\\/\\\/regiaonews.net.br\\\/2022\\\/2021\\\/10\\\/16\\\/prefeito-dieb-participa-do-programa-agua-e-vida-e-conquista-mais-um-poco-artesiano\\\/#article\",\"isPartOf\":{\"@id\":\"https:\\\/\\\/regiaonews.net.br\\\/2022\\\/2021\\\/10\\\/16\\\/prefeito-dieb-participa-do-programa-agua-e-vida-e-conquista-mais-um-poco-artesiano\\\/\"},\"author\":{\"name\":\"Roberto\",\"@id\":\"https:\\\/\\\/regiaonews.net.br\\\/2022\\\/#\\\/schema\\\/person\\\/2d205a608a5aa97ac279d7a5e6d89ad8\"},\"headline\":\"Prefeito Dieb participa do Programa \u201c\u00c1gua \u00e9 Vida\u201d e conquista mais um po\u00e7o artesiano\",\"datePublished\":\"2021-10-16T10:15:03+00:00\",\"mainEntityOfPage\":{\"@id\":\"https:\\\/\\\/regiaonews.net.br\\\/2022\\\/2021\\\/10\\\/16\\\/prefeito-dieb-participa-do-programa-agua-e-vida-e-conquista-mais-um-poco-artesiano\\\/\"},\"wordCount\":316,\"commentCount\":0,\"publisher\":{\"@id\":\"https:\\\/\\\/regiaonews.net.br\\\/2022\\\/#organization\"},\"image\":{\"@id\":\"https:\\\/\\\/regiaonews.net.br\\\/2022\\\/2021\\\/10\\\/16\\\/prefeito-dieb-participa-do-programa-agua-e-vida-e-conquista-mais-um-poco-artesiano\\\/#primaryimage\"},\"thumbnailUrl\":\"https:\\\/\\\/regiaonews.net.br\\\/2022\\\/wp-content\\\/uploads\\\/2021\\\/10\\\/Agua-Viva.jpg\",\"articleSection\":[\"Cidades\",\"Colina\",\"Pol\u00edtica\"],\"inLanguage\":\"pt-BR\",\"potentialAction\":[{\"@type\":\"CommentAction\",\"name\":\"Comment\",\"target\":[\"https:\\\/\\\/regiaonews.net.br\\\/2022\\\/2021\\\/10\\\/16\\\/prefeito-dieb-participa-do-programa-agua-e-vida-e-conquista-mais-um-poco-artesiano\\\/#respond\"]}]},{\"@type\":\"WebPage\",\"@id\":\"https:\\\/\\\/regiaonews.net.br\\\/2022\\\/2021\\\/10\\\/16\\\/prefeito-dieb-participa-do-programa-agua-e-vida-e-conquista-mais-um-poco-artesiano\\\/\",\"url\":\"https:\\\/\\\/regiaonews.net.br\\\/2022\\\/2021\\\/10\\\/16\\\/prefeito-dieb-participa-do-programa-agua-e-vida-e-conquista-mais-um-poco-artesiano\\\/\",\"name\":\"Prefeito Dieb participa do Programa \u201c\u00c1gua \u00e9 Vida\u201d e conquista mais um po\u00e7o artesiano - Regi\u00e3o News\",\"isPartOf\":{\"@id\":\"https:\\\/\\\/regiaonews.net.br\\\/2022\\\/#website\"},\"primaryImageOfPage\":{\"@id\":\"https:\\\/\\\/regiaonews.net.br\\\/2022\\\/2021\\\/10\\\/16\\\/prefeito-dieb-participa-do-programa-agua-e-vida-e-conquista-mais-um-poco-artesiano\\\/#primaryimage\"},\"image\":{\"@id\":\"https:\\\/\\\/regiaonews.net.br\\\/2022\\\/2021\\\/10\\\/16\\\/prefeito-dieb-participa-do-programa-agua-e-vida-e-conquista-mais-um-poco-artesiano\\\/#primaryimage\"},\"thumbnailUrl\":\"https:\\\/\\\/regiaonews.net.br\\\/2022\\\/wp-content\\\/uploads\\\/2021\\\/10\\\/Agua-Viva.jpg\",\"datePublished\":\"2021-10-16T10:15:03+00:00\",\"breadcrumb\":{\"@id\":\"https:\\\/\\\/regiaonews.net.br\\\/2022\\\/2021\\\/10\\\/16\\\/prefeito-dieb-participa-do-programa-agua-e-vida-e-conquista-mais-um-poco-artesiano\\\/#breadcrumb\"},\"inLanguage\":\"pt-BR\",\"potentialAction\":[{\"@type\":\"ReadAction\",\"target\":[\"https:\\\/\\\/regiaonews.net.br\\\/2022\\\/2021\\\/10\\\/16\\\/prefeito-dieb-participa-do-programa-agua-e-vida-e-conquista-mais-um-poco-artesiano\\\/\"]}]},{\"@type\":\"ImageObject\",\"inLanguage\":\"pt-BR\",\"@id\":\"https:\\\/\\\/regiaonews.net.br\\\/2022\\\/2021\\\/10\\\/16\\\/prefeito-dieb-participa-do-programa-agua-e-vida-e-conquista-mais-um-poco-artesiano\\\/#primaryimage\",\"url\":\"https:\\\/\\\/regiaonews.net.br\\\/2022\\\/wp-content\\\/uploads\\\/2021\\\/10\\\/Agua-Viva.jpg\",\"contentUrl\":\"https:\\\/\\\/regiaonews.net.br\\\/2022\\\/wp-content\\\/uploads\\\/2021\\\/10\\\/Agua-Viva.jpg\",\"width\":1280,\"height\":851},{\"@type\":\"BreadcrumbList\",\"@id\":\"https:\\\/\\\/regiaonews.net.br\\\/2022\\\/2021\\\/10\\\/16\\\/prefeito-dieb-participa-do-programa-agua-e-vida-e-conquista-mais-um-poco-artesiano\\\/#breadcrumb\",\"itemListElement\":[{\"@type\":\"ListItem\",\"position\":1,\"name\":\"In\u00edcio\",\"item\":\"https:\\\/\\\/regiaonews.net.br\\\/2022\\\/\"},{\"@type\":\"ListItem\",\"position\":2,\"name\":\"Prefeito Dieb participa do Programa \u201c\u00c1gua \u00e9 Vida\u201d e conquista mais um po\u00e7o artesiano\"}]},{\"@type\":\"WebSite\",\"@id\":\"https:\\\/\\\/regiaonews.net.br\\\/2022\\\/#website\",\"url\":\"https:\\\/\\\/regiaonews.net.br\\\/2022\\\/\",\"name\":\"Regi\u00e3o News\",\"description\":\"Site de Not\u00edcias de Barretos e regi\u00e3o\",\"publisher\":{\"@id\":\"https:\\\/\\\/regiaonews.net.br\\\/2022\\\/#organization\"},\"potentialAction\":[{\"@type\":\"SearchAction\",\"target\":{\"@type\":\"EntryPoint\",\"urlTemplate\":\"https:\\\/\\\/regiaonews.net.br\\\/2022\\\/?s={search_term_string}\"},\"query-input\":{\"@type\":\"PropertyValueSpecification\",\"valueRequired\":true,\"valueName\":\"search_term_string\"}}],\"inLanguage\":\"pt-BR\"},{\"@type\":\"Organization\",\"@id\":\"https:\\\/\\\/regiaonews.net.br\\\/2022\\\/#organization\",\"name\":\"Regi\u00e3o News\",\"url\":\"https:\\\/\\\/regiaonews.net.br\\\/2022\\\/\",\"logo\":{\"@type\":\"ImageObject\",\"inLanguage\":\"pt-BR\",\"@id\":\"https:\\\/\\\/regiaonews.net.br\\\/2022\\\/#\\\/schema\\\/logo\\\/image\\\/\",\"url\":\"https:\\\/\\\/regiaonews.net.br\\\/2022\\\/wp-content\\\/uploads\\\/2026\\\/03\\\/regiao-13-anos-scaled.jpg\",\"contentUrl\":\"https:\\\/\\\/regiaonews.net.br\\\/2022\\\/wp-content\\\/uploads\\\/2026\\\/03\\\/regiao-13-anos-scaled.jpg\",\"width\":2560,\"height\":635,\"caption\":\"Regi\u00e3o News\"},\"image\":{\"@id\":\"https:\\\/\\\/regiaonews.net.br\\\/2022\\\/#\\\/schema\\\/logo\\\/image\\\/\"}},{\"@type\":\"Person\",\"@id\":\"https:\\\/\\\/regiaonews.net.br\\\/2022\\\/#\\\/schema\\\/person\\\/2d205a608a5aa97ac279d7a5e6d89ad8\",\"name\":\"Roberto\",\"image\":{\"@type\":\"ImageObject\",\"inLanguage\":\"pt-BR\",\"@id\":\"https:\\\/\\\/secure.gravatar.com\\\/avatar\\\/42749d8b712ff9d59ca93dc150494e5b55a44134482993f5baeb97e61b7ecc89?s=96&d=mm&r=g\",\"url\":\"https:\\\/\\\/secure.gravatar.com\\\/avatar\\\/42749d8b712ff9d59ca93dc150494e5b55a44134482993f5baeb97e61b7ecc89?s=96&d=mm&r=g\",\"contentUrl\":\"https:\\\/\\\/secure.gravatar.com\\\/avatar\\\/42749d8b712ff9d59ca93dc150494e5b55a44134482993f5baeb97e61b7ecc89?s=96&d=mm&r=g\",\"caption\":\"Roberto\"},\"url\":\"https:\\\/\\\/regiaonews.net.br\\\/2022\\\/author\\\/roberto\\\/\"}]}<\/script>\n<!-- \/ Yoast SEO plugin. -->","yoast_head_json":{"title":"Prefeito Dieb participa do Programa \u201c\u00c1gua \u00e9 Vida\u201d e conquista mais um po\u00e7o artesiano - Regi\u00e3o News","robots":{"index":"index","follow":"follow","max-snippet":"max-snippet:-1","max-image-preview":"max-image-preview:large","max-video-preview":"max-video-preview:-1"},"canonical":"https:\/\/regiaonews.net.br\/2022\/2021\/10\/16\/prefeito-dieb-participa-do-programa-agua-e-vida-e-conquista-mais-um-poco-artesiano\/","og_locale":"pt_BR","og_type":"article","og_title":"Prefeito Dieb participa do Programa \u201c\u00c1gua \u00e9 Vida\u201d e conquista mais um po\u00e7o artesiano - Regi\u00e3o News","og_description":"&nbsp; No dia 7 de outubro, o Prefeito Municipal de","og_url":"https:\/\/regiaonews.net.br\/2022\/2021\/10\/16\/prefeito-dieb-participa-do-programa-agua-e-vida-e-conquista-mais-um-poco-artesiano\/","og_site_name":"Regi\u00e3o News","article_published_time":"2021-10-16T10:15:03+00:00","og_image":[{"width":1280,"height":851,"url":"https:\/\/regiaonews.net.br\/2022\/wp-content\/uploads\/2021\/10\/Agua-Viva.jpg","type":"image\/jpeg"}],"author":"Roberto","twitter_card":"summary_large_image","twitter_misc":{"Escrito por":"Roberto","Est. tempo de leitura":"2 minutos"},"schema":{"@context":"https:\/\/schema.org","@graph":[{"@type":"Article","@id":"https:\/\/regiaonews.net.br\/2022\/2021\/10\/16\/prefeito-dieb-participa-do-programa-agua-e-vida-e-conquista-mais-um-poco-artesiano\/#article","isPartOf":{"@id":"https:\/\/regiaonews.net.br\/2022\/2021\/10\/16\/prefeito-dieb-participa-do-programa-agua-e-vida-e-conquista-mais-um-poco-artesiano\/"},"author":{"name":"Roberto","@id":"https:\/\/regiaonews.net.br\/2022\/#\/schema\/person\/2d205a608a5aa97ac279d7a5e6d89ad8"},"headline":"Prefeito Dieb participa do Programa \u201c\u00c1gua \u00e9 Vida\u201d e conquista mais um po\u00e7o artesiano","datePublished":"2021-10-16T10:15:03+00:00","mainEntityOfPage":{"@id":"https:\/\/regiaonews.net.br\/2022\/2021\/10\/16\/prefeito-dieb-participa-do-programa-agua-e-vida-e-conquista-mais-um-poco-artesiano\/"},"wordCount":316,"commentCount":0,"publisher":{"@id":"https:\/\/regiaonews.net.br\/2022\/#organization"},"image":{"@id":"https:\/\/regiaonews.net.br\/2022\/2021\/10\/16\/prefeito-dieb-participa-do-programa-agua-e-vida-e-conquista-mais-um-poco-artesiano\/#primaryimage"},"thumbnailUrl":"https:\/\/regiaonews.net.br\/2022\/wp-content\/uploads\/2021\/10\/Agua-Viva.jpg","articleSection":["Cidades","Colina","Pol\u00edtica"],"inLanguage":"pt-BR","potentialAction":[{"@type":"CommentAction","name":"Comment","target":["https:\/\/regiaonews.net.br\/2022\/2021\/10\/16\/prefeito-dieb-participa-do-programa-agua-e-vida-e-conquista-mais-um-poco-artesiano\/#respond"]}]},{"@type":"WebPage","@id":"https:\/\/regiaonews.net.br\/2022\/2021\/10\/16\/prefeito-dieb-participa-do-programa-agua-e-vida-e-conquista-mais-um-poco-artesiano\/","url":"https:\/\/regiaonews.net.br\/2022\/2021\/10\/16\/prefeito-dieb-participa-do-programa-agua-e-vida-e-conquista-mais-um-poco-artesiano\/","name":"Prefeito Dieb participa do Programa \u201c\u00c1gua \u00e9 Vida\u201d e conquista mais um po\u00e7o artesiano - Regi\u00e3o News","isPartOf":{"@id":"https:\/\/regiaonews.net.br\/2022\/#website"},"primaryImageOfPage":{"@id":"https:\/\/regiaonews.net.br\/2022\/2021\/10\/16\/prefeito-dieb-participa-do-programa-agua-e-vida-e-conquista-mais-um-poco-artesiano\/#primaryimage"},"image":{"@id":"https:\/\/regiaonews.net.br\/2022\/2021\/10\/16\/prefeito-dieb-participa-do-programa-agua-e-vida-e-conquista-mais-um-poco-artesiano\/#primaryimage"},"thumbnailUrl":"https:\/\/regiaonews.net.br\/2022\/wp-content\/uploads\/2021\/10\/Agua-Viva.jpg","datePublished":"2021-10-16T10:15:03+00:00","breadcrumb":{"@id":"https:\/\/regiaonews.net.br\/2022\/2021\/10\/16\/prefeito-dieb-participa-do-programa-agua-e-vida-e-conquista-mais-um-poco-artesiano\/#breadcrumb"},"inLanguage":"pt-BR","potentialAction":[{"@type":"ReadAction","target":["https:\/\/regiaonews.net.br\/2022\/2021\/10\/16\/prefeito-dieb-participa-do-programa-agua-e-vida-e-conquista-mais-um-poco-artesiano\/"]}]},{"@type":"ImageObject","inLanguage":"pt-BR","@id":"https:\/\/regiaonews.net.br\/2022\/2021\/10\/16\/prefeito-dieb-participa-do-programa-agua-e-vida-e-conquista-mais-um-poco-artesiano\/#primaryimage","url":"https:\/\/regiaonews.net.br\/2022\/wp-content\/uploads\/2021\/10\/Agua-Viva.jpg","contentUrl":"https:\/\/regiaonews.net.br\/2022\/wp-content\/uploads\/2021\/10\/Agua-Viva.jpg","width":1280,"height":851},{"@type":"BreadcrumbList","@id":"https:\/\/regiaonews.net.br\/2022\/2021\/10\/16\/prefeito-dieb-participa-do-programa-agua-e-vida-e-conquista-mais-um-poco-artesiano\/#breadcrumb","itemListElement":[{"@type":"ListItem","position":1,"name":"In\u00edcio","item":"https:\/\/regiaonews.net.br\/2022\/"},{"@type":"ListItem","position":2,"name":"Prefeito Dieb participa do Programa \u201c\u00c1gua \u00e9 Vida\u201d e conquista mais um po\u00e7o artesiano"}]},{"@type":"WebSite","@id":"https:\/\/regiaonews.net.br\/2022\/#website","url":"https:\/\/regiaonews.net.br\/2022\/","name":"Regi\u00e3o News","description":"Site de Not\u00edcias de Barretos e regi\u00e3o","publisher":{"@id":"https:\/\/regiaonews.net.br\/2022\/#organization"},"potentialAction":[{"@type":"SearchAction","target":{"@type":"EntryPoint","urlTemplate":"https:\/\/regiaonews.net.br\/2022\/?s={search_term_string}"},"query-input":{"@type":"PropertyValueSpecification","valueRequired":true,"valueName":"search_term_string"}}],"inLanguage":"pt-BR"},{"@type":"Organization","@id":"https:\/\/regiaonews.net.br\/2022\/#organization","name":"Regi\u00e3o News","url":"https:\/\/regiaonews.net.br\/2022\/","logo":{"@type":"ImageObject","inLanguage":"pt-BR","@id":"https:\/\/regiaonews.net.br\/2022\/#\/schema\/logo\/image\/","url":"https:\/\/regiaonews.net.br\/2022\/wp-content\/uploads\/2026\/03\/regiao-13-anos-scaled.jpg","contentUrl":"https:\/\/regiaonews.net.br\/2022\/wp-content\/uploads\/2026\/03\/regiao-13-anos-scaled.jpg","width":2560,"height":635,"caption":"Regi\u00e3o News"},"image":{"@id":"https:\/\/regiaonews.net.br\/2022\/#\/schema\/logo\/image\/"}},{"@type":"Person","@id":"https:\/\/regiaonews.net.br\/2022\/#\/schema\/person\/2d205a608a5aa97ac279d7a5e6d89ad8","name":"Roberto","image":{"@type":"ImageObject","inLanguage":"pt-BR","@id":"https:\/\/secure.gravatar.com\/avatar\/42749d8b712ff9d59ca93dc150494e5b55a44134482993f5baeb97e61b7ecc89?s=96&d=mm&r=g","url":"https:\/\/secure.gravatar.com\/avatar\/42749d8b712ff9d59ca93dc150494e5b55a44134482993f5baeb97e61b7ecc89?s=96&d=mm&r=g","contentUrl":"https:\/\/secure.gravatar.com\/avatar\/42749d8b712ff9d59ca93dc150494e5b55a44134482993f5baeb97e61b7ecc89?s=96&d=mm&r=g","caption":"Roberto"},"url":"https:\/\/regiaonews.net.br\/2022\/author\/roberto\/"}]}},"publishpress_future_action":{"enabled":false,"date":"2026-05-05 07:41:23","action":"change-status","newStatus":"draft","terms":[],"taxonomy":"category","extraData":[]},"publishpress_future_workflow_manual_trigger":{"enabledWorkflows":[]},"_links":{"self":[{"href":"https:\/\/regiaonews.net.br\/2022\/wp-json\/wp\/v2\/posts\/54849","targetHints":{"allow":["GET"]}}],"collection":[{"href":"https:\/\/regiaonews.net.br\/2022\/wp-json\/wp\/v2\/posts"}],"about":[{"href":"https:\/\/regiaonews.net.br\/2022\/wp-json\/wp\/v2\/types\/post"}],"author":[{"embeddable":true,"href":"https:\/\/regiaonews.net.br\/2022\/wp-json\/wp\/v2\/users\/2"}],"replies":[{"embeddable":true,"href":"https:\/\/regiaonews.net.br\/2022\/wp-json\/wp\/v2\/comments?post=54849"}],"version-history":[{"count":0,"href":"https:\/\/regiaonews.net.br\/2022\/wp-json\/wp\/v2\/posts\/54849\/revisions"}],"wp:featuredmedia":[{"embeddable":true,"href":"https:\/\/regiaonews.net.br\/2022\/wp-json\/wp\/v2\/media\/54850"}],"wp:attachment":[{"href":"https:\/\/regiaonews.net.br\/2022\/wp-json\/wp\/v2\/media?parent=54849"}],"wp:term":[{"taxonomy":"category","embeddable":true,"href":"https:\/\/regiaonews.net.br\/2022\/wp-json\/wp\/v2\/categories?post=54849"},{"taxonomy":"post_tag","embeddable":true,"href":"https:\/\/regiaonews.net.br\/2022\/wp-json\/wp\/v2\/tags?post=54849"}],"curies":[{"name":"wp","href":"https:\/\/api.w.org\/{rel}","templated":true}]}}