{"id":54818,"date":"2021-10-15T16:04:55","date_gmt":"2021-10-15T19:04:55","guid":{"rendered":"https:\/\/regiaonews.net.br\/2022\/?p=54818"},"modified":"2021-10-17T07:19:05","modified_gmt":"2021-10-17T10:19:05","slug":"acib-e-sincomercio-lancam-pesquisas-destaques-do-comercio-2021-e-empresario-e-empresaria-do-ano-2021","status":"publish","type":"post","link":"https:\/\/regiaonews.net.br\/2022\/2021\/10\/15\/acib-e-sincomercio-lancam-pesquisas-destaques-do-comercio-2021-e-empresario-e-empresaria-do-ano-2021\/","title":{"rendered":"ACIB e Sincomercio lan\u00e7am Pesquisas Destaques do Comercio 2021 e Empres\u00e1rio e Empres\u00e1ria do Ano 2021"},"content":{"rendered":"<p><a href=\"https:\/\/regiaonews.net.br\/2022\/wp-content\/uploads\/2021\/10\/DNB_0740-scaled.jpg\"><img loading=\"lazy\" decoding=\"async\" class=\"alignnone size-medium wp-image-54819\" src=\"https:\/\/regiaonews.net.br\/2022\/wp-content\/uploads\/2021\/10\/DNB_0740-300x200.jpg\" alt=\"\" width=\"300\" height=\"200\" \/><\/a><\/p>\n<p>A Associa\u00e7\u00e3o Comercial e Industrial de Barretos- ACIB e\u00a0\u00a0o Sindicato do Com\u00e9rcio Varejista \u2013 Sincomercio lan\u00e7aram nesta quinta- feira, 14 de outubro, as pesquisas Destaques do Com\u00e9rcio 2021 e Empres\u00e1rio e Empres\u00e1ria do ano em vers\u00e3o totalmente on-line, com vota\u00e7\u00e3o at\u00e9 o dia 19 de novembro. A proposta in\u00e9dita vai permitir que\u00a0\u00a0as pessoas respondam onde, quando e em quem quiserem.<\/p>\n<p>A pesquisa Destaques do Com\u00e9rcio est\u00e1 estruturada em 21 segmentos comerciais e, dentro deles,\u00a0\u00a0215 categorias que cobrem a variedade das especialidades das lojas dentro de cada segmento. Para responder \u00e9 preciso acessar o link dispon\u00edvel nas redes sociais e no site da ACIB:\u00a0<a href=\"https:\/\/dadopesquisas.com.br\/\" target=\"_blank\" rel=\"noopener noreferrer\" data-auth=\"NotApplicable\" data-linkindex=\"0\">https:\/\/dadopesquisas.com.br\/<\/a>\u00a0. A pesquisa nesse novo formato vai permitir ainda o levantamento do perfil dos eleitores, que poder\u00e1 contribuir com os lojistas associados.<\/p>\n<p>A pesquisa Empres\u00e1rio e Empres\u00e1rio do ano est\u00e1 dispon\u00edvel\u00a0\u00a0pelo mesmo link e vai permitir escolher duas personalidades que se destacaram no setor no ano de 2020.<\/p>\n<p>Todo controle de acesso\u00a0\u00a0er\u00e1 feito de modo autom\u00e1tico.\u00a0\u00a0A pesquisa tamb\u00e9m apresenta outro diferencial: A lista com nomes sugeridos \u00e9 randomizada, mudando a ordem das categorias\u00a0\u00a0cada vez que ela for aberta.<\/p>\n<p>Para a presidente da ACIB, Jackelyne Rossini, o novo formato deve contribuir com o desenvolvimento do com\u00e9rcio \u201c A pesquisa deste ano vai homenagear setores e pessoas que s\u00e3o refer\u00eancia para o com\u00e9rcio, como tamb\u00e9m vai permitir aos empres\u00e1rios ferramentas para planejar e executar o trabalho\u201d, fala.<\/p>\n<p>Segundo Maria Paula Barcellos, coordenadora da empresa Dado Consultoria., respons\u00e1vel pela pesquisa, o estudo ser\u00e1 din\u00e2mico e deve gerar bons resultados \u201cVai ser uma edi\u00e7\u00e3o bem democr\u00e1tica, qualquer pessoa poder\u00e1 votar. Apesar de ser muito extensa, a pessoa poder\u00e1 retornar quantas vezes quiser para completar\u201d, diz.<\/p>\n<p>&nbsp;<\/p>\n<p>&nbsp;<\/p>\n<p><b>Funcionamento:<\/b><\/p>\n<p><b>Destaques do Com\u00e9rcio<\/b><\/p>\n<p>Ser\u00e1 solicitado o cadastro somente no primeiro acesso e, ap\u00f3s concedida a permiss\u00e3o, o votante poder\u00e1 votar em quais categorias optar, no entanto ser\u00e1 permitido SOMENTE um \u00fanico voto e cada categoria.<\/p>\n<p>Para facilitar o preenchimento o votante poder\u00e1 interromper e reiniciar\u00a0\u00a0a vota\u00e7\u00e3o em outro momento, quanto tempo quantas vezes quiser.<\/p>\n<p>&nbsp;<\/p>\n<p><b>\u00a0Empres\u00e1ria e Empres\u00e1rio do ano<\/b><\/p>\n<p>Nessa pesquisa, como ocorria em anos anteriores s\u00e3o sugeridos alguns nomes para serem homenageados. Este ano, na vers\u00e3o on-line, \u00e9 poss\u00edvel a sugest\u00e3o de um outro nome que n\u00e3o esteja presente na lista. Nesse caso ser\u00e1 apresentada uma lista<\/p>\n<p>de exclus\u00e3o,\u00a0\u00a0com os nomes de homenageados em anos anteriores, para que n\u00e3o sejam indicados novamente.<\/p>\n","protected":false},"excerpt":{"rendered":"<p>A Associa\u00e7\u00e3o Comercial e Industrial de Barretos- ACIB e\u00a0\u00a0o Sindicato<\/p>\n","protected":false},"author":2,"featured_media":54819,"comment_status":"open","ping_status":"open","sticky":false,"template":"","format":"standard","meta":{"footnotes":""},"categories":[14,48],"tags":[],"class_list":["post-54818","post","type-post","status-publish","format-standard","has-post-thumbnail","hentry","category-barretos","category-comercio"],"yoast_head":"<!-- This site is optimized with the Yoast SEO plugin v27.4 - https:\/\/yoast.com\/product\/yoast-seo-wordpress\/ -->\n<title>ACIB e Sincomercio lan\u00e7am Pesquisas Destaques do Comercio 2021 e Empres\u00e1rio e Empres\u00e1ria do Ano 2021 - Regi\u00e3o News<\/title>\n<meta name=\"robots\" content=\"index, follow, max-snippet:-1, max-image-preview:large, max-video-preview:-1\" \/>\n<link rel=\"canonical\" href=\"https:\/\/regiaonews.net.br\/2022\/2021\/10\/15\/acib-e-sincomercio-lancam-pesquisas-destaques-do-comercio-2021-e-empresario-e-empresaria-do-ano-2021\/\" \/>\n<meta property=\"og:locale\" content=\"pt_BR\" \/>\n<meta property=\"og:type\" content=\"article\" \/>\n<meta property=\"og:title\" content=\"ACIB e Sincomercio lan\u00e7am Pesquisas Destaques do Comercio 2021 e Empres\u00e1rio e Empres\u00e1ria do Ano 2021 - Regi\u00e3o News\" \/>\n<meta property=\"og:description\" content=\"A Associa\u00e7\u00e3o Comercial e Industrial de Barretos- ACIB e\u00a0\u00a0o Sindicato\" \/>\n<meta property=\"og:url\" content=\"https:\/\/regiaonews.net.br\/2022\/2021\/10\/15\/acib-e-sincomercio-lancam-pesquisas-destaques-do-comercio-2021-e-empresario-e-empresaria-do-ano-2021\/\" \/>\n<meta property=\"og:site_name\" content=\"Regi\u00e3o News\" \/>\n<meta property=\"article:published_time\" content=\"2021-10-15T19:04:55+00:00\" \/>\n<meta property=\"article:modified_time\" content=\"2021-10-17T10:19:05+00:00\" \/>\n<meta property=\"og:image\" content=\"https:\/\/regiaonews.net.br\/2022\/wp-content\/uploads\/2021\/10\/DNB_0740-scaled.jpg\" \/>\n\t<meta property=\"og:image:width\" content=\"6000\" \/>\n\t<meta property=\"og:image:height\" content=\"4000\" \/>\n\t<meta property=\"og:image:type\" content=\"image\/jpeg\" \/>\n<meta name=\"author\" content=\"Roberto\" \/>\n<meta name=\"twitter:card\" content=\"summary_large_image\" \/>\n<meta name=\"twitter:label1\" content=\"Escrito por\" \/>\n\t<meta name=\"twitter:data1\" content=\"Roberto\" \/>\n\t<meta name=\"twitter:label2\" content=\"Est. tempo de leitura\" \/>\n\t<meta name=\"twitter:data2\" content=\"2 minutos\" \/>\n<script type=\"application\/ld+json\" class=\"yoast-schema-graph\">{\"@context\":\"https:\\\/\\\/schema.org\",\"@graph\":[{\"@type\":\"Article\",\"@id\":\"https:\\\/\\\/regiaonews.net.br\\\/2022\\\/2021\\\/10\\\/15\\\/acib-e-sincomercio-lancam-pesquisas-destaques-do-comercio-2021-e-empresario-e-empresaria-do-ano-2021\\\/#article\",\"isPartOf\":{\"@id\":\"https:\\\/\\\/regiaonews.net.br\\\/2022\\\/2021\\\/10\\\/15\\\/acib-e-sincomercio-lancam-pesquisas-destaques-do-comercio-2021-e-empresario-e-empresaria-do-ano-2021\\\/\"},\"author\":{\"name\":\"Roberto\",\"@id\":\"https:\\\/\\\/regiaonews.net.br\\\/2022\\\/#\\\/schema\\\/person\\\/2d205a608a5aa97ac279d7a5e6d89ad8\"},\"headline\":\"ACIB e Sincomercio lan\u00e7am Pesquisas Destaques do Comercio 2021 e Empres\u00e1rio e Empres\u00e1ria do Ano 2021\",\"datePublished\":\"2021-10-15T19:04:55+00:00\",\"dateModified\":\"2021-10-17T10:19:05+00:00\",\"mainEntityOfPage\":{\"@id\":\"https:\\\/\\\/regiaonews.net.br\\\/2022\\\/2021\\\/10\\\/15\\\/acib-e-sincomercio-lancam-pesquisas-destaques-do-comercio-2021-e-empresario-e-empresaria-do-ano-2021\\\/\"},\"wordCount\":448,\"commentCount\":0,\"publisher\":{\"@id\":\"https:\\\/\\\/regiaonews.net.br\\\/2022\\\/#organization\"},\"image\":{\"@id\":\"https:\\\/\\\/regiaonews.net.br\\\/2022\\\/2021\\\/10\\\/15\\\/acib-e-sincomercio-lancam-pesquisas-destaques-do-comercio-2021-e-empresario-e-empresaria-do-ano-2021\\\/#primaryimage\"},\"thumbnailUrl\":\"https:\\\/\\\/regiaonews.net.br\\\/2022\\\/wp-content\\\/uploads\\\/2021\\\/10\\\/DNB_0740-scaled.jpg\",\"articleSection\":[\"Barretos\",\"Com\u00e9rcio\"],\"inLanguage\":\"pt-BR\",\"potentialAction\":[{\"@type\":\"CommentAction\",\"name\":\"Comment\",\"target\":[\"https:\\\/\\\/regiaonews.net.br\\\/2022\\\/2021\\\/10\\\/15\\\/acib-e-sincomercio-lancam-pesquisas-destaques-do-comercio-2021-e-empresario-e-empresaria-do-ano-2021\\\/#respond\"]}]},{\"@type\":\"WebPage\",\"@id\":\"https:\\\/\\\/regiaonews.net.br\\\/2022\\\/2021\\\/10\\\/15\\\/acib-e-sincomercio-lancam-pesquisas-destaques-do-comercio-2021-e-empresario-e-empresaria-do-ano-2021\\\/\",\"url\":\"https:\\\/\\\/regiaonews.net.br\\\/2022\\\/2021\\\/10\\\/15\\\/acib-e-sincomercio-lancam-pesquisas-destaques-do-comercio-2021-e-empresario-e-empresaria-do-ano-2021\\\/\",\"name\":\"ACIB e Sincomercio lan\u00e7am Pesquisas Destaques do Comercio 2021 e Empres\u00e1rio e Empres\u00e1ria do Ano 2021 - Regi\u00e3o News\",\"isPartOf\":{\"@id\":\"https:\\\/\\\/regiaonews.net.br\\\/2022\\\/#website\"},\"primaryImageOfPage\":{\"@id\":\"https:\\\/\\\/regiaonews.net.br\\\/2022\\\/2021\\\/10\\\/15\\\/acib-e-sincomercio-lancam-pesquisas-destaques-do-comercio-2021-e-empresario-e-empresaria-do-ano-2021\\\/#primaryimage\"},\"image\":{\"@id\":\"https:\\\/\\\/regiaonews.net.br\\\/2022\\\/2021\\\/10\\\/15\\\/acib-e-sincomercio-lancam-pesquisas-destaques-do-comercio-2021-e-empresario-e-empresaria-do-ano-2021\\\/#primaryimage\"},\"thumbnailUrl\":\"https:\\\/\\\/regiaonews.net.br\\\/2022\\\/wp-content\\\/uploads\\\/2021\\\/10\\\/DNB_0740-scaled.jpg\",\"datePublished\":\"2021-10-15T19:04:55+00:00\",\"dateModified\":\"2021-10-17T10:19:05+00:00\",\"breadcrumb\":{\"@id\":\"https:\\\/\\\/regiaonews.net.br\\\/2022\\\/2021\\\/10\\\/15\\\/acib-e-sincomercio-lancam-pesquisas-destaques-do-comercio-2021-e-empresario-e-empresaria-do-ano-2021\\\/#breadcrumb\"},\"inLanguage\":\"pt-BR\",\"potentialAction\":[{\"@type\":\"ReadAction\",\"target\":[\"https:\\\/\\\/regiaonews.net.br\\\/2022\\\/2021\\\/10\\\/15\\\/acib-e-sincomercio-lancam-pesquisas-destaques-do-comercio-2021-e-empresario-e-empresaria-do-ano-2021\\\/\"]}]},{\"@type\":\"ImageObject\",\"inLanguage\":\"pt-BR\",\"@id\":\"https:\\\/\\\/regiaonews.net.br\\\/2022\\\/2021\\\/10\\\/15\\\/acib-e-sincomercio-lancam-pesquisas-destaques-do-comercio-2021-e-empresario-e-empresaria-do-ano-2021\\\/#primaryimage\",\"url\":\"https:\\\/\\\/regiaonews.net.br\\\/2022\\\/wp-content\\\/uploads\\\/2021\\\/10\\\/DNB_0740-scaled.jpg\",\"contentUrl\":\"https:\\\/\\\/regiaonews.net.br\\\/2022\\\/wp-content\\\/uploads\\\/2021\\\/10\\\/DNB_0740-scaled.jpg\",\"width\":6000,\"height\":4000},{\"@type\":\"BreadcrumbList\",\"@id\":\"https:\\\/\\\/regiaonews.net.br\\\/2022\\\/2021\\\/10\\\/15\\\/acib-e-sincomercio-lancam-pesquisas-destaques-do-comercio-2021-e-empresario-e-empresaria-do-ano-2021\\\/#breadcrumb\",\"itemListElement\":[{\"@type\":\"ListItem\",\"position\":1,\"name\":\"In\u00edcio\",\"item\":\"https:\\\/\\\/regiaonews.net.br\\\/2022\\\/\"},{\"@type\":\"ListItem\",\"position\":2,\"name\":\"ACIB e Sincomercio lan\u00e7am Pesquisas Destaques do Comercio 2021 e Empres\u00e1rio e Empres\u00e1ria do Ano 2021\"}]},{\"@type\":\"WebSite\",\"@id\":\"https:\\\/\\\/regiaonews.net.br\\\/2022\\\/#website\",\"url\":\"https:\\\/\\\/regiaonews.net.br\\\/2022\\\/\",\"name\":\"Regi\u00e3o News\",\"description\":\"Site de Not\u00edcias de Barretos e regi\u00e3o\",\"publisher\":{\"@id\":\"https:\\\/\\\/regiaonews.net.br\\\/2022\\\/#organization\"},\"potentialAction\":[{\"@type\":\"SearchAction\",\"target\":{\"@type\":\"EntryPoint\",\"urlTemplate\":\"https:\\\/\\\/regiaonews.net.br\\\/2022\\\/?s={search_term_string}\"},\"query-input\":{\"@type\":\"PropertyValueSpecification\",\"valueRequired\":true,\"valueName\":\"search_term_string\"}}],\"inLanguage\":\"pt-BR\"},{\"@type\":\"Organization\",\"@id\":\"https:\\\/\\\/regiaonews.net.br\\\/2022\\\/#organization\",\"name\":\"Regi\u00e3o News\",\"url\":\"https:\\\/\\\/regiaonews.net.br\\\/2022\\\/\",\"logo\":{\"@type\":\"ImageObject\",\"inLanguage\":\"pt-BR\",\"@id\":\"https:\\\/\\\/regiaonews.net.br\\\/2022\\\/#\\\/schema\\\/logo\\\/image\\\/\",\"url\":\"https:\\\/\\\/regiaonews.net.br\\\/2022\\\/wp-content\\\/uploads\\\/2026\\\/03\\\/regiao-13-anos-scaled.jpg\",\"contentUrl\":\"https:\\\/\\\/regiaonews.net.br\\\/2022\\\/wp-content\\\/uploads\\\/2026\\\/03\\\/regiao-13-anos-scaled.jpg\",\"width\":2560,\"height\":635,\"caption\":\"Regi\u00e3o News\"},\"image\":{\"@id\":\"https:\\\/\\\/regiaonews.net.br\\\/2022\\\/#\\\/schema\\\/logo\\\/image\\\/\"}},{\"@type\":\"Person\",\"@id\":\"https:\\\/\\\/regiaonews.net.br\\\/2022\\\/#\\\/schema\\\/person\\\/2d205a608a5aa97ac279d7a5e6d89ad8\",\"name\":\"Roberto\",\"image\":{\"@type\":\"ImageObject\",\"inLanguage\":\"pt-BR\",\"@id\":\"https:\\\/\\\/secure.gravatar.com\\\/avatar\\\/42749d8b712ff9d59ca93dc150494e5b55a44134482993f5baeb97e61b7ecc89?s=96&d=mm&r=g\",\"url\":\"https:\\\/\\\/secure.gravatar.com\\\/avatar\\\/42749d8b712ff9d59ca93dc150494e5b55a44134482993f5baeb97e61b7ecc89?s=96&d=mm&r=g\",\"contentUrl\":\"https:\\\/\\\/secure.gravatar.com\\\/avatar\\\/42749d8b712ff9d59ca93dc150494e5b55a44134482993f5baeb97e61b7ecc89?s=96&d=mm&r=g\",\"caption\":\"Roberto\"},\"url\":\"https:\\\/\\\/regiaonews.net.br\\\/2022\\\/author\\\/roberto\\\/\"}]}<\/script>\n<!-- \/ Yoast SEO plugin. -->","yoast_head_json":{"title":"ACIB e Sincomercio lan\u00e7am Pesquisas Destaques do Comercio 2021 e Empres\u00e1rio e Empres\u00e1ria do Ano 2021 - Regi\u00e3o News","robots":{"index":"index","follow":"follow","max-snippet":"max-snippet:-1","max-image-preview":"max-image-preview:large","max-video-preview":"max-video-preview:-1"},"canonical":"https:\/\/regiaonews.net.br\/2022\/2021\/10\/15\/acib-e-sincomercio-lancam-pesquisas-destaques-do-comercio-2021-e-empresario-e-empresaria-do-ano-2021\/","og_locale":"pt_BR","og_type":"article","og_title":"ACIB e Sincomercio lan\u00e7am Pesquisas Destaques do Comercio 2021 e Empres\u00e1rio e Empres\u00e1ria do Ano 2021 - Regi\u00e3o News","og_description":"A Associa\u00e7\u00e3o Comercial e Industrial de Barretos- ACIB e\u00a0\u00a0o Sindicato","og_url":"https:\/\/regiaonews.net.br\/2022\/2021\/10\/15\/acib-e-sincomercio-lancam-pesquisas-destaques-do-comercio-2021-e-empresario-e-empresaria-do-ano-2021\/","og_site_name":"Regi\u00e3o News","article_published_time":"2021-10-15T19:04:55+00:00","article_modified_time":"2021-10-17T10:19:05+00:00","og_image":[{"width":6000,"height":4000,"url":"https:\/\/regiaonews.net.br\/2022\/wp-content\/uploads\/2021\/10\/DNB_0740-scaled.jpg","type":"image\/jpeg"}],"author":"Roberto","twitter_card":"summary_large_image","twitter_misc":{"Escrito por":"Roberto","Est. tempo de leitura":"2 minutos"},"schema":{"@context":"https:\/\/schema.org","@graph":[{"@type":"Article","@id":"https:\/\/regiaonews.net.br\/2022\/2021\/10\/15\/acib-e-sincomercio-lancam-pesquisas-destaques-do-comercio-2021-e-empresario-e-empresaria-do-ano-2021\/#article","isPartOf":{"@id":"https:\/\/regiaonews.net.br\/2022\/2021\/10\/15\/acib-e-sincomercio-lancam-pesquisas-destaques-do-comercio-2021-e-empresario-e-empresaria-do-ano-2021\/"},"author":{"name":"Roberto","@id":"https:\/\/regiaonews.net.br\/2022\/#\/schema\/person\/2d205a608a5aa97ac279d7a5e6d89ad8"},"headline":"ACIB e Sincomercio lan\u00e7am Pesquisas Destaques do Comercio 2021 e Empres\u00e1rio e Empres\u00e1ria do Ano 2021","datePublished":"2021-10-15T19:04:55+00:00","dateModified":"2021-10-17T10:19:05+00:00","mainEntityOfPage":{"@id":"https:\/\/regiaonews.net.br\/2022\/2021\/10\/15\/acib-e-sincomercio-lancam-pesquisas-destaques-do-comercio-2021-e-empresario-e-empresaria-do-ano-2021\/"},"wordCount":448,"commentCount":0,"publisher":{"@id":"https:\/\/regiaonews.net.br\/2022\/#organization"},"image":{"@id":"https:\/\/regiaonews.net.br\/2022\/2021\/10\/15\/acib-e-sincomercio-lancam-pesquisas-destaques-do-comercio-2021-e-empresario-e-empresaria-do-ano-2021\/#primaryimage"},"thumbnailUrl":"https:\/\/regiaonews.net.br\/2022\/wp-content\/uploads\/2021\/10\/DNB_0740-scaled.jpg","articleSection":["Barretos","Com\u00e9rcio"],"inLanguage":"pt-BR","potentialAction":[{"@type":"CommentAction","name":"Comment","target":["https:\/\/regiaonews.net.br\/2022\/2021\/10\/15\/acib-e-sincomercio-lancam-pesquisas-destaques-do-comercio-2021-e-empresario-e-empresaria-do-ano-2021\/#respond"]}]},{"@type":"WebPage","@id":"https:\/\/regiaonews.net.br\/2022\/2021\/10\/15\/acib-e-sincomercio-lancam-pesquisas-destaques-do-comercio-2021-e-empresario-e-empresaria-do-ano-2021\/","url":"https:\/\/regiaonews.net.br\/2022\/2021\/10\/15\/acib-e-sincomercio-lancam-pesquisas-destaques-do-comercio-2021-e-empresario-e-empresaria-do-ano-2021\/","name":"ACIB e Sincomercio lan\u00e7am Pesquisas Destaques do Comercio 2021 e Empres\u00e1rio e Empres\u00e1ria do Ano 2021 - Regi\u00e3o News","isPartOf":{"@id":"https:\/\/regiaonews.net.br\/2022\/#website"},"primaryImageOfPage":{"@id":"https:\/\/regiaonews.net.br\/2022\/2021\/10\/15\/acib-e-sincomercio-lancam-pesquisas-destaques-do-comercio-2021-e-empresario-e-empresaria-do-ano-2021\/#primaryimage"},"image":{"@id":"https:\/\/regiaonews.net.br\/2022\/2021\/10\/15\/acib-e-sincomercio-lancam-pesquisas-destaques-do-comercio-2021-e-empresario-e-empresaria-do-ano-2021\/#primaryimage"},"thumbnailUrl":"https:\/\/regiaonews.net.br\/2022\/wp-content\/uploads\/2021\/10\/DNB_0740-scaled.jpg","datePublished":"2021-10-15T19:04:55+00:00","dateModified":"2021-10-17T10:19:05+00:00","breadcrumb":{"@id":"https:\/\/regiaonews.net.br\/2022\/2021\/10\/15\/acib-e-sincomercio-lancam-pesquisas-destaques-do-comercio-2021-e-empresario-e-empresaria-do-ano-2021\/#breadcrumb"},"inLanguage":"pt-BR","potentialAction":[{"@type":"ReadAction","target":["https:\/\/regiaonews.net.br\/2022\/2021\/10\/15\/acib-e-sincomercio-lancam-pesquisas-destaques-do-comercio-2021-e-empresario-e-empresaria-do-ano-2021\/"]}]},{"@type":"ImageObject","inLanguage":"pt-BR","@id":"https:\/\/regiaonews.net.br\/2022\/2021\/10\/15\/acib-e-sincomercio-lancam-pesquisas-destaques-do-comercio-2021-e-empresario-e-empresaria-do-ano-2021\/#primaryimage","url":"https:\/\/regiaonews.net.br\/2022\/wp-content\/uploads\/2021\/10\/DNB_0740-scaled.jpg","contentUrl":"https:\/\/regiaonews.net.br\/2022\/wp-content\/uploads\/2021\/10\/DNB_0740-scaled.jpg","width":6000,"height":4000},{"@type":"BreadcrumbList","@id":"https:\/\/regiaonews.net.br\/2022\/2021\/10\/15\/acib-e-sincomercio-lancam-pesquisas-destaques-do-comercio-2021-e-empresario-e-empresaria-do-ano-2021\/#breadcrumb","itemListElement":[{"@type":"ListItem","position":1,"name":"In\u00edcio","item":"https:\/\/regiaonews.net.br\/2022\/"},{"@type":"ListItem","position":2,"name":"ACIB e Sincomercio lan\u00e7am Pesquisas Destaques do Comercio 2021 e Empres\u00e1rio e Empres\u00e1ria do Ano 2021"}]},{"@type":"WebSite","@id":"https:\/\/regiaonews.net.br\/2022\/#website","url":"https:\/\/regiaonews.net.br\/2022\/","name":"Regi\u00e3o News","description":"Site de Not\u00edcias de Barretos e regi\u00e3o","publisher":{"@id":"https:\/\/regiaonews.net.br\/2022\/#organization"},"potentialAction":[{"@type":"SearchAction","target":{"@type":"EntryPoint","urlTemplate":"https:\/\/regiaonews.net.br\/2022\/?s={search_term_string}"},"query-input":{"@type":"PropertyValueSpecification","valueRequired":true,"valueName":"search_term_string"}}],"inLanguage":"pt-BR"},{"@type":"Organization","@id":"https:\/\/regiaonews.net.br\/2022\/#organization","name":"Regi\u00e3o News","url":"https:\/\/regiaonews.net.br\/2022\/","logo":{"@type":"ImageObject","inLanguage":"pt-BR","@id":"https:\/\/regiaonews.net.br\/2022\/#\/schema\/logo\/image\/","url":"https:\/\/regiaonews.net.br\/2022\/wp-content\/uploads\/2026\/03\/regiao-13-anos-scaled.jpg","contentUrl":"https:\/\/regiaonews.net.br\/2022\/wp-content\/uploads\/2026\/03\/regiao-13-anos-scaled.jpg","width":2560,"height":635,"caption":"Regi\u00e3o News"},"image":{"@id":"https:\/\/regiaonews.net.br\/2022\/#\/schema\/logo\/image\/"}},{"@type":"Person","@id":"https:\/\/regiaonews.net.br\/2022\/#\/schema\/person\/2d205a608a5aa97ac279d7a5e6d89ad8","name":"Roberto","image":{"@type":"ImageObject","inLanguage":"pt-BR","@id":"https:\/\/secure.gravatar.com\/avatar\/42749d8b712ff9d59ca93dc150494e5b55a44134482993f5baeb97e61b7ecc89?s=96&d=mm&r=g","url":"https:\/\/secure.gravatar.com\/avatar\/42749d8b712ff9d59ca93dc150494e5b55a44134482993f5baeb97e61b7ecc89?s=96&d=mm&r=g","contentUrl":"https:\/\/secure.gravatar.com\/avatar\/42749d8b712ff9d59ca93dc150494e5b55a44134482993f5baeb97e61b7ecc89?s=96&d=mm&r=g","caption":"Roberto"},"url":"https:\/\/regiaonews.net.br\/2022\/author\/roberto\/"}]}},"publishpress_future_action":{"enabled":false,"date":"2026-05-05 10:10:32","action":"change-status","newStatus":"draft","terms":[],"taxonomy":"category","extraData":[]},"publishpress_future_workflow_manual_trigger":{"enabledWorkflows":[]},"_links":{"self":[{"href":"https:\/\/regiaonews.net.br\/2022\/wp-json\/wp\/v2\/posts\/54818","targetHints":{"allow":["GET"]}}],"collection":[{"href":"https:\/\/regiaonews.net.br\/2022\/wp-json\/wp\/v2\/posts"}],"about":[{"href":"https:\/\/regiaonews.net.br\/2022\/wp-json\/wp\/v2\/types\/post"}],"author":[{"embeddable":true,"href":"https:\/\/regiaonews.net.br\/2022\/wp-json\/wp\/v2\/users\/2"}],"replies":[{"embeddable":true,"href":"https:\/\/regiaonews.net.br\/2022\/wp-json\/wp\/v2\/comments?post=54818"}],"version-history":[{"count":0,"href":"https:\/\/regiaonews.net.br\/2022\/wp-json\/wp\/v2\/posts\/54818\/revisions"}],"wp:featuredmedia":[{"embeddable":true,"href":"https:\/\/regiaonews.net.br\/2022\/wp-json\/wp\/v2\/media\/54819"}],"wp:attachment":[{"href":"https:\/\/regiaonews.net.br\/2022\/wp-json\/wp\/v2\/media?parent=54818"}],"wp:term":[{"taxonomy":"category","embeddable":true,"href":"https:\/\/regiaonews.net.br\/2022\/wp-json\/wp\/v2\/categories?post=54818"},{"taxonomy":"post_tag","embeddable":true,"href":"https:\/\/regiaonews.net.br\/2022\/wp-json\/wp\/v2\/tags?post=54818"}],"curies":[{"name":"wp","href":"https:\/\/api.w.org\/{rel}","templated":true}]}}