{"id":54809,"date":"2021-10-15T13:05:51","date_gmt":"2021-10-15T16:05:51","guid":{"rendered":"https:\/\/regiaonews.net.br\/2022\/?p=54809"},"modified":"2021-10-15T13:05:51","modified_gmt":"2021-10-15T16:05:51","slug":"rota-comemora-51-anos-de-combate-ao-crime-no-estado-de-sao-paulo","status":"publish","type":"post","link":"https:\/\/regiaonews.net.br\/2022\/2021\/10\/15\/rota-comemora-51-anos-de-combate-ao-crime-no-estado-de-sao-paulo\/","title":{"rendered":"Rota comemora 51 anos de combate ao crime no Estado de S\u00e3o Paulo"},"content":{"rendered":"<p><a href=\"https:\/\/regiaonews.net.br\/2022\/wp-content\/uploads\/2021\/10\/00046834.jpg\"><img loading=\"lazy\" decoding=\"async\" class=\"alignnone size-medium wp-image-54810\" src=\"https:\/\/regiaonews.net.br\/2022\/wp-content\/uploads\/2021\/10\/00046834-300x200.jpg\" alt=\"\" width=\"300\" height=\"200\" \/><\/a><\/p>\n<div>\n<h2 class=\"titulopreto ng-binding\">A unidade da PM atua com foco no policiamento t\u00e1tico, na escolta especial de presos, autoridades e valores e no controle de dist\u00farbios civis<\/h2>\n<p><center><\/p>\n<h2 class=\"titulopreto ng-binding\"><\/h2>\n<p><\/center><\/div>\n<div id=\"notCorpo\" class=\"ng-binding\">\n<p>H\u00e1 exatos 51 anos a popula\u00e7\u00e3o paulista era beneficiada com a cria\u00e7\u00e3o da Ronda Ostensiva Tobias de Aguiar (Rota), que hoje \u00e9 refer\u00eancia nacional e internacional no patrulhamento t\u00e1tico, atuando ainda na escolta especial de presos, de autoridades e de valores e no controle de dist\u00farbios civis.<\/p>\n<p>A unidade especializada da Pol\u00edcia Militar atua na Capital, na regi\u00e3o metropolitana de S\u00e3o Paulo e em algumas cidades do interior do Estado de S\u00e3o Paulo em ocasi\u00f5es espec\u00edficas, como nos munic\u00edpios litor\u00e2neos, durante a Opera\u00e7\u00e3o Ver\u00e3o, e em Campos do Jord\u00e3o, no inverno.<\/p>\n<p>A unidade possui quatro companhias que comp\u00f5em o 1\u00ba Batalh\u00e3o de Policiamento de Choque (BPChq) e os pelot\u00f5es s\u00e3o treinados diariamente, com aulas te\u00f3ricas e pr\u00e1ticas, onde os policiais praticam os Procedimentos Operacionais Padr\u00e3o (POP), como t\u00e9cnicas de busca e abordagens, uso de algema e outras atividades.<\/p>\n<p>O efetivo \u00e9 selecionado a partir de um processo de escolha apurado, que conta com uma entrevista com a participa\u00e7\u00e3o de todos segmentos operacionais da unidade e um est\u00e1gio extenuante, que exige o m\u00e1ximo da parte f\u00edsica, intelectual, profissional e emocional do candidato.<\/p>\n<p><img decoding=\"async\" src=\"http:\/\/www.ssp.sp.gov.br\/midia\/Imagem\/D00046835.jpg\" \/><\/p>\n<p>O trabalho desenvolvido pelos 560 homens e mulheres e mais de 100 viaturas que integram a Rota, entre janeiro e meados de outubro, resultou na deten\u00e7\u00e3o de mais de 600 pessoas \u2013 363 adultos presos, 43 adolescentes apreendidos e 211 procurados pela Justi\u00e7a capturados.<\/p>\n<p>Al\u00e9m disso, ainda foram apreendidos 102 ve\u00edculos, mais de 1,3 tonelada de drogas, entre crack, coca\u00edna, maconha e outros entorpecentes, al\u00e9m de R$ 799.470,84 em esp\u00e9cie recolhidos em ocorr\u00eancias policiais. No mesmo per\u00edodo, ainda foram retiradas de circula\u00e7\u00e3o 98 armas de fogo ilegais.<\/p>\n<p>Os n\u00fameros s\u00e3o fruto da dedica\u00e7\u00e3o, empenho e expertise dos profissionais e tamb\u00e9m de todo aparato investido no combate \u00e0 criminalidade, como equipamentos de \u00faltima gera\u00e7\u00e3o e viaturas blindadas que foram as mais novas aquisi\u00e7\u00f5es do arsenal de implementos.<\/p>\n<\/div>\n","protected":false},"excerpt":{"rendered":"<p>A unidade da PM atua com foco no policiamento t\u00e1tico,<\/p>\n","protected":false},"author":2,"featured_media":54810,"comment_status":"open","ping_status":"open","sticky":false,"template":"","format":"standard","meta":{"footnotes":""},"categories":[1],"tags":[],"class_list":["post-54809","post","type-post","status-publish","format-standard","has-post-thumbnail","hentry","category-indefinido"],"yoast_head":"<!-- This site is optimized with the Yoast SEO plugin v27.4 - https:\/\/yoast.com\/product\/yoast-seo-wordpress\/ -->\n<title>Rota comemora 51 anos de combate ao crime no Estado de S\u00e3o Paulo - Regi\u00e3o News<\/title>\n<meta name=\"robots\" content=\"index, follow, max-snippet:-1, max-image-preview:large, max-video-preview:-1\" \/>\n<link rel=\"canonical\" href=\"https:\/\/regiaonews.net.br\/2022\/2021\/10\/15\/rota-comemora-51-anos-de-combate-ao-crime-no-estado-de-sao-paulo\/\" \/>\n<meta property=\"og:locale\" content=\"pt_BR\" \/>\n<meta property=\"og:type\" content=\"article\" \/>\n<meta property=\"og:title\" content=\"Rota comemora 51 anos de combate ao crime no Estado de S\u00e3o Paulo - Regi\u00e3o News\" \/>\n<meta property=\"og:description\" content=\"A unidade da PM atua com foco no policiamento t\u00e1tico,\" \/>\n<meta property=\"og:url\" content=\"https:\/\/regiaonews.net.br\/2022\/2021\/10\/15\/rota-comemora-51-anos-de-combate-ao-crime-no-estado-de-sao-paulo\/\" \/>\n<meta property=\"og:site_name\" content=\"Regi\u00e3o News\" \/>\n<meta property=\"article:published_time\" content=\"2021-10-15T16:05:51+00:00\" \/>\n<meta property=\"og:image\" content=\"https:\/\/regiaonews.net.br\/2022\/wp-content\/uploads\/2021\/10\/00046834.jpg\" \/>\n\t<meta property=\"og:image:width\" content=\"1500\" \/>\n\t<meta property=\"og:image:height\" content=\"1000\" \/>\n\t<meta property=\"og:image:type\" content=\"image\/jpeg\" \/>\n<meta name=\"author\" content=\"Roberto\" \/>\n<meta name=\"twitter:card\" content=\"summary_large_image\" \/>\n<meta name=\"twitter:label1\" content=\"Escrito por\" \/>\n\t<meta name=\"twitter:data1\" content=\"Roberto\" \/>\n\t<meta name=\"twitter:label2\" content=\"Est. tempo de leitura\" \/>\n\t<meta name=\"twitter:data2\" content=\"2 minutos\" \/>\n<script type=\"application\/ld+json\" class=\"yoast-schema-graph\">{\"@context\":\"https:\\\/\\\/schema.org\",\"@graph\":[{\"@type\":\"Article\",\"@id\":\"https:\\\/\\\/regiaonews.net.br\\\/2022\\\/2021\\\/10\\\/15\\\/rota-comemora-51-anos-de-combate-ao-crime-no-estado-de-sao-paulo\\\/#article\",\"isPartOf\":{\"@id\":\"https:\\\/\\\/regiaonews.net.br\\\/2022\\\/2021\\\/10\\\/15\\\/rota-comemora-51-anos-de-combate-ao-crime-no-estado-de-sao-paulo\\\/\"},\"author\":{\"name\":\"Roberto\",\"@id\":\"https:\\\/\\\/regiaonews.net.br\\\/2022\\\/#\\\/schema\\\/person\\\/2d205a608a5aa97ac279d7a5e6d89ad8\"},\"headline\":\"Rota comemora 51 anos de combate ao crime no Estado de S\u00e3o Paulo\",\"datePublished\":\"2021-10-15T16:05:51+00:00\",\"mainEntityOfPage\":{\"@id\":\"https:\\\/\\\/regiaonews.net.br\\\/2022\\\/2021\\\/10\\\/15\\\/rota-comemora-51-anos-de-combate-ao-crime-no-estado-de-sao-paulo\\\/\"},\"wordCount\":374,\"commentCount\":0,\"publisher\":{\"@id\":\"https:\\\/\\\/regiaonews.net.br\\\/2022\\\/#organization\"},\"image\":{\"@id\":\"https:\\\/\\\/regiaonews.net.br\\\/2022\\\/2021\\\/10\\\/15\\\/rota-comemora-51-anos-de-combate-ao-crime-no-estado-de-sao-paulo\\\/#primaryimage\"},\"thumbnailUrl\":\"https:\\\/\\\/regiaonews.net.br\\\/2022\\\/wp-content\\\/uploads\\\/2021\\\/10\\\/00046834.jpg\",\"articleSection\":[\"Indefinido\"],\"inLanguage\":\"pt-BR\",\"potentialAction\":[{\"@type\":\"CommentAction\",\"name\":\"Comment\",\"target\":[\"https:\\\/\\\/regiaonews.net.br\\\/2022\\\/2021\\\/10\\\/15\\\/rota-comemora-51-anos-de-combate-ao-crime-no-estado-de-sao-paulo\\\/#respond\"]}]},{\"@type\":\"WebPage\",\"@id\":\"https:\\\/\\\/regiaonews.net.br\\\/2022\\\/2021\\\/10\\\/15\\\/rota-comemora-51-anos-de-combate-ao-crime-no-estado-de-sao-paulo\\\/\",\"url\":\"https:\\\/\\\/regiaonews.net.br\\\/2022\\\/2021\\\/10\\\/15\\\/rota-comemora-51-anos-de-combate-ao-crime-no-estado-de-sao-paulo\\\/\",\"name\":\"Rota comemora 51 anos de combate ao crime no Estado de S\u00e3o Paulo - Regi\u00e3o News\",\"isPartOf\":{\"@id\":\"https:\\\/\\\/regiaonews.net.br\\\/2022\\\/#website\"},\"primaryImageOfPage\":{\"@id\":\"https:\\\/\\\/regiaonews.net.br\\\/2022\\\/2021\\\/10\\\/15\\\/rota-comemora-51-anos-de-combate-ao-crime-no-estado-de-sao-paulo\\\/#primaryimage\"},\"image\":{\"@id\":\"https:\\\/\\\/regiaonews.net.br\\\/2022\\\/2021\\\/10\\\/15\\\/rota-comemora-51-anos-de-combate-ao-crime-no-estado-de-sao-paulo\\\/#primaryimage\"},\"thumbnailUrl\":\"https:\\\/\\\/regiaonews.net.br\\\/2022\\\/wp-content\\\/uploads\\\/2021\\\/10\\\/00046834.jpg\",\"datePublished\":\"2021-10-15T16:05:51+00:00\",\"breadcrumb\":{\"@id\":\"https:\\\/\\\/regiaonews.net.br\\\/2022\\\/2021\\\/10\\\/15\\\/rota-comemora-51-anos-de-combate-ao-crime-no-estado-de-sao-paulo\\\/#breadcrumb\"},\"inLanguage\":\"pt-BR\",\"potentialAction\":[{\"@type\":\"ReadAction\",\"target\":[\"https:\\\/\\\/regiaonews.net.br\\\/2022\\\/2021\\\/10\\\/15\\\/rota-comemora-51-anos-de-combate-ao-crime-no-estado-de-sao-paulo\\\/\"]}]},{\"@type\":\"ImageObject\",\"inLanguage\":\"pt-BR\",\"@id\":\"https:\\\/\\\/regiaonews.net.br\\\/2022\\\/2021\\\/10\\\/15\\\/rota-comemora-51-anos-de-combate-ao-crime-no-estado-de-sao-paulo\\\/#primaryimage\",\"url\":\"https:\\\/\\\/regiaonews.net.br\\\/2022\\\/wp-content\\\/uploads\\\/2021\\\/10\\\/00046834.jpg\",\"contentUrl\":\"https:\\\/\\\/regiaonews.net.br\\\/2022\\\/wp-content\\\/uploads\\\/2021\\\/10\\\/00046834.jpg\",\"width\":1500,\"height\":1000},{\"@type\":\"BreadcrumbList\",\"@id\":\"https:\\\/\\\/regiaonews.net.br\\\/2022\\\/2021\\\/10\\\/15\\\/rota-comemora-51-anos-de-combate-ao-crime-no-estado-de-sao-paulo\\\/#breadcrumb\",\"itemListElement\":[{\"@type\":\"ListItem\",\"position\":1,\"name\":\"In\u00edcio\",\"item\":\"https:\\\/\\\/regiaonews.net.br\\\/2022\\\/\"},{\"@type\":\"ListItem\",\"position\":2,\"name\":\"Rota comemora 51 anos de combate ao crime no Estado de S\u00e3o Paulo\"}]},{\"@type\":\"WebSite\",\"@id\":\"https:\\\/\\\/regiaonews.net.br\\\/2022\\\/#website\",\"url\":\"https:\\\/\\\/regiaonews.net.br\\\/2022\\\/\",\"name\":\"Regi\u00e3o News\",\"description\":\"Site de Not\u00edcias de Barretos e regi\u00e3o\",\"publisher\":{\"@id\":\"https:\\\/\\\/regiaonews.net.br\\\/2022\\\/#organization\"},\"potentialAction\":[{\"@type\":\"SearchAction\",\"target\":{\"@type\":\"EntryPoint\",\"urlTemplate\":\"https:\\\/\\\/regiaonews.net.br\\\/2022\\\/?s={search_term_string}\"},\"query-input\":{\"@type\":\"PropertyValueSpecification\",\"valueRequired\":true,\"valueName\":\"search_term_string\"}}],\"inLanguage\":\"pt-BR\"},{\"@type\":\"Organization\",\"@id\":\"https:\\\/\\\/regiaonews.net.br\\\/2022\\\/#organization\",\"name\":\"Regi\u00e3o News\",\"url\":\"https:\\\/\\\/regiaonews.net.br\\\/2022\\\/\",\"logo\":{\"@type\":\"ImageObject\",\"inLanguage\":\"pt-BR\",\"@id\":\"https:\\\/\\\/regiaonews.net.br\\\/2022\\\/#\\\/schema\\\/logo\\\/image\\\/\",\"url\":\"https:\\\/\\\/regiaonews.net.br\\\/2022\\\/wp-content\\\/uploads\\\/2026\\\/03\\\/regiao-13-anos-scaled.jpg\",\"contentUrl\":\"https:\\\/\\\/regiaonews.net.br\\\/2022\\\/wp-content\\\/uploads\\\/2026\\\/03\\\/regiao-13-anos-scaled.jpg\",\"width\":2560,\"height\":635,\"caption\":\"Regi\u00e3o News\"},\"image\":{\"@id\":\"https:\\\/\\\/regiaonews.net.br\\\/2022\\\/#\\\/schema\\\/logo\\\/image\\\/\"}},{\"@type\":\"Person\",\"@id\":\"https:\\\/\\\/regiaonews.net.br\\\/2022\\\/#\\\/schema\\\/person\\\/2d205a608a5aa97ac279d7a5e6d89ad8\",\"name\":\"Roberto\",\"image\":{\"@type\":\"ImageObject\",\"inLanguage\":\"pt-BR\",\"@id\":\"https:\\\/\\\/secure.gravatar.com\\\/avatar\\\/42749d8b712ff9d59ca93dc150494e5b55a44134482993f5baeb97e61b7ecc89?s=96&d=mm&r=g\",\"url\":\"https:\\\/\\\/secure.gravatar.com\\\/avatar\\\/42749d8b712ff9d59ca93dc150494e5b55a44134482993f5baeb97e61b7ecc89?s=96&d=mm&r=g\",\"contentUrl\":\"https:\\\/\\\/secure.gravatar.com\\\/avatar\\\/42749d8b712ff9d59ca93dc150494e5b55a44134482993f5baeb97e61b7ecc89?s=96&d=mm&r=g\",\"caption\":\"Roberto\"},\"url\":\"https:\\\/\\\/regiaonews.net.br\\\/2022\\\/author\\\/roberto\\\/\"}]}<\/script>\n<!-- \/ Yoast SEO plugin. -->","yoast_head_json":{"title":"Rota comemora 51 anos de combate ao crime no Estado de S\u00e3o Paulo - Regi\u00e3o News","robots":{"index":"index","follow":"follow","max-snippet":"max-snippet:-1","max-image-preview":"max-image-preview:large","max-video-preview":"max-video-preview:-1"},"canonical":"https:\/\/regiaonews.net.br\/2022\/2021\/10\/15\/rota-comemora-51-anos-de-combate-ao-crime-no-estado-de-sao-paulo\/","og_locale":"pt_BR","og_type":"article","og_title":"Rota comemora 51 anos de combate ao crime no Estado de S\u00e3o Paulo - Regi\u00e3o News","og_description":"A unidade da PM atua com foco no policiamento t\u00e1tico,","og_url":"https:\/\/regiaonews.net.br\/2022\/2021\/10\/15\/rota-comemora-51-anos-de-combate-ao-crime-no-estado-de-sao-paulo\/","og_site_name":"Regi\u00e3o News","article_published_time":"2021-10-15T16:05:51+00:00","og_image":[{"width":1500,"height":1000,"url":"https:\/\/regiaonews.net.br\/2022\/wp-content\/uploads\/2021\/10\/00046834.jpg","type":"image\/jpeg"}],"author":"Roberto","twitter_card":"summary_large_image","twitter_misc":{"Escrito por":"Roberto","Est. tempo de leitura":"2 minutos"},"schema":{"@context":"https:\/\/schema.org","@graph":[{"@type":"Article","@id":"https:\/\/regiaonews.net.br\/2022\/2021\/10\/15\/rota-comemora-51-anos-de-combate-ao-crime-no-estado-de-sao-paulo\/#article","isPartOf":{"@id":"https:\/\/regiaonews.net.br\/2022\/2021\/10\/15\/rota-comemora-51-anos-de-combate-ao-crime-no-estado-de-sao-paulo\/"},"author":{"name":"Roberto","@id":"https:\/\/regiaonews.net.br\/2022\/#\/schema\/person\/2d205a608a5aa97ac279d7a5e6d89ad8"},"headline":"Rota comemora 51 anos de combate ao crime no Estado de S\u00e3o Paulo","datePublished":"2021-10-15T16:05:51+00:00","mainEntityOfPage":{"@id":"https:\/\/regiaonews.net.br\/2022\/2021\/10\/15\/rota-comemora-51-anos-de-combate-ao-crime-no-estado-de-sao-paulo\/"},"wordCount":374,"commentCount":0,"publisher":{"@id":"https:\/\/regiaonews.net.br\/2022\/#organization"},"image":{"@id":"https:\/\/regiaonews.net.br\/2022\/2021\/10\/15\/rota-comemora-51-anos-de-combate-ao-crime-no-estado-de-sao-paulo\/#primaryimage"},"thumbnailUrl":"https:\/\/regiaonews.net.br\/2022\/wp-content\/uploads\/2021\/10\/00046834.jpg","articleSection":["Indefinido"],"inLanguage":"pt-BR","potentialAction":[{"@type":"CommentAction","name":"Comment","target":["https:\/\/regiaonews.net.br\/2022\/2021\/10\/15\/rota-comemora-51-anos-de-combate-ao-crime-no-estado-de-sao-paulo\/#respond"]}]},{"@type":"WebPage","@id":"https:\/\/regiaonews.net.br\/2022\/2021\/10\/15\/rota-comemora-51-anos-de-combate-ao-crime-no-estado-de-sao-paulo\/","url":"https:\/\/regiaonews.net.br\/2022\/2021\/10\/15\/rota-comemora-51-anos-de-combate-ao-crime-no-estado-de-sao-paulo\/","name":"Rota comemora 51 anos de combate ao crime no Estado de S\u00e3o Paulo - Regi\u00e3o News","isPartOf":{"@id":"https:\/\/regiaonews.net.br\/2022\/#website"},"primaryImageOfPage":{"@id":"https:\/\/regiaonews.net.br\/2022\/2021\/10\/15\/rota-comemora-51-anos-de-combate-ao-crime-no-estado-de-sao-paulo\/#primaryimage"},"image":{"@id":"https:\/\/regiaonews.net.br\/2022\/2021\/10\/15\/rota-comemora-51-anos-de-combate-ao-crime-no-estado-de-sao-paulo\/#primaryimage"},"thumbnailUrl":"https:\/\/regiaonews.net.br\/2022\/wp-content\/uploads\/2021\/10\/00046834.jpg","datePublished":"2021-10-15T16:05:51+00:00","breadcrumb":{"@id":"https:\/\/regiaonews.net.br\/2022\/2021\/10\/15\/rota-comemora-51-anos-de-combate-ao-crime-no-estado-de-sao-paulo\/#breadcrumb"},"inLanguage":"pt-BR","potentialAction":[{"@type":"ReadAction","target":["https:\/\/regiaonews.net.br\/2022\/2021\/10\/15\/rota-comemora-51-anos-de-combate-ao-crime-no-estado-de-sao-paulo\/"]}]},{"@type":"ImageObject","inLanguage":"pt-BR","@id":"https:\/\/regiaonews.net.br\/2022\/2021\/10\/15\/rota-comemora-51-anos-de-combate-ao-crime-no-estado-de-sao-paulo\/#primaryimage","url":"https:\/\/regiaonews.net.br\/2022\/wp-content\/uploads\/2021\/10\/00046834.jpg","contentUrl":"https:\/\/regiaonews.net.br\/2022\/wp-content\/uploads\/2021\/10\/00046834.jpg","width":1500,"height":1000},{"@type":"BreadcrumbList","@id":"https:\/\/regiaonews.net.br\/2022\/2021\/10\/15\/rota-comemora-51-anos-de-combate-ao-crime-no-estado-de-sao-paulo\/#breadcrumb","itemListElement":[{"@type":"ListItem","position":1,"name":"In\u00edcio","item":"https:\/\/regiaonews.net.br\/2022\/"},{"@type":"ListItem","position":2,"name":"Rota comemora 51 anos de combate ao crime no Estado de S\u00e3o Paulo"}]},{"@type":"WebSite","@id":"https:\/\/regiaonews.net.br\/2022\/#website","url":"https:\/\/regiaonews.net.br\/2022\/","name":"Regi\u00e3o News","description":"Site de Not\u00edcias de Barretos e regi\u00e3o","publisher":{"@id":"https:\/\/regiaonews.net.br\/2022\/#organization"},"potentialAction":[{"@type":"SearchAction","target":{"@type":"EntryPoint","urlTemplate":"https:\/\/regiaonews.net.br\/2022\/?s={search_term_string}"},"query-input":{"@type":"PropertyValueSpecification","valueRequired":true,"valueName":"search_term_string"}}],"inLanguage":"pt-BR"},{"@type":"Organization","@id":"https:\/\/regiaonews.net.br\/2022\/#organization","name":"Regi\u00e3o News","url":"https:\/\/regiaonews.net.br\/2022\/","logo":{"@type":"ImageObject","inLanguage":"pt-BR","@id":"https:\/\/regiaonews.net.br\/2022\/#\/schema\/logo\/image\/","url":"https:\/\/regiaonews.net.br\/2022\/wp-content\/uploads\/2026\/03\/regiao-13-anos-scaled.jpg","contentUrl":"https:\/\/regiaonews.net.br\/2022\/wp-content\/uploads\/2026\/03\/regiao-13-anos-scaled.jpg","width":2560,"height":635,"caption":"Regi\u00e3o News"},"image":{"@id":"https:\/\/regiaonews.net.br\/2022\/#\/schema\/logo\/image\/"}},{"@type":"Person","@id":"https:\/\/regiaonews.net.br\/2022\/#\/schema\/person\/2d205a608a5aa97ac279d7a5e6d89ad8","name":"Roberto","image":{"@type":"ImageObject","inLanguage":"pt-BR","@id":"https:\/\/secure.gravatar.com\/avatar\/42749d8b712ff9d59ca93dc150494e5b55a44134482993f5baeb97e61b7ecc89?s=96&d=mm&r=g","url":"https:\/\/secure.gravatar.com\/avatar\/42749d8b712ff9d59ca93dc150494e5b55a44134482993f5baeb97e61b7ecc89?s=96&d=mm&r=g","contentUrl":"https:\/\/secure.gravatar.com\/avatar\/42749d8b712ff9d59ca93dc150494e5b55a44134482993f5baeb97e61b7ecc89?s=96&d=mm&r=g","caption":"Roberto"},"url":"https:\/\/regiaonews.net.br\/2022\/author\/roberto\/"}]}},"publishpress_future_action":{"enabled":false,"date":"2026-05-05 07:07:07","action":"change-status","newStatus":"draft","terms":[],"taxonomy":"category","extraData":[]},"publishpress_future_workflow_manual_trigger":{"enabledWorkflows":[]},"_links":{"self":[{"href":"https:\/\/regiaonews.net.br\/2022\/wp-json\/wp\/v2\/posts\/54809","targetHints":{"allow":["GET"]}}],"collection":[{"href":"https:\/\/regiaonews.net.br\/2022\/wp-json\/wp\/v2\/posts"}],"about":[{"href":"https:\/\/regiaonews.net.br\/2022\/wp-json\/wp\/v2\/types\/post"}],"author":[{"embeddable":true,"href":"https:\/\/regiaonews.net.br\/2022\/wp-json\/wp\/v2\/users\/2"}],"replies":[{"embeddable":true,"href":"https:\/\/regiaonews.net.br\/2022\/wp-json\/wp\/v2\/comments?post=54809"}],"version-history":[{"count":0,"href":"https:\/\/regiaonews.net.br\/2022\/wp-json\/wp\/v2\/posts\/54809\/revisions"}],"wp:featuredmedia":[{"embeddable":true,"href":"https:\/\/regiaonews.net.br\/2022\/wp-json\/wp\/v2\/media\/54810"}],"wp:attachment":[{"href":"https:\/\/regiaonews.net.br\/2022\/wp-json\/wp\/v2\/media?parent=54809"}],"wp:term":[{"taxonomy":"category","embeddable":true,"href":"https:\/\/regiaonews.net.br\/2022\/wp-json\/wp\/v2\/categories?post=54809"},{"taxonomy":"post_tag","embeddable":true,"href":"https:\/\/regiaonews.net.br\/2022\/wp-json\/wp\/v2\/tags?post=54809"}],"curies":[{"name":"wp","href":"https:\/\/api.w.org\/{rel}","templated":true}]}}